{"id":14611,"date":"2022-12-13T11:25:56","date_gmt":"2022-12-13T10:25:56","guid":{"rendered":"https:\/\/progettotouring.it\/radiotouring104\/?p=14611"},"modified":"2022-12-13T11:25:56","modified_gmt":"2022-12-13T10:25:56","slug":"camera-membro-della-commissione-politiche-giovanili","status":"publish","type":"post","link":"https:\/\/progettotouring.it\/radiotouring104\/2022\/12\/13\/camera-membro-della-commissione-politiche-giovanili\/","title":{"rendered":"Camera membro della Commissione Politiche giovanili"},"content":{"rendered":"<p>Nel Decreto n.56 a firma del Sindaco Metropolitano f.f. risulta anche il nome di Giuseppe Camera tra i 15 componenti della Commissione Speciale Politiche giovanili della Citt\u00e0 Metropolitana di Reggio Calabria, quale organo consultivo che fornisce pareri e proposte su tematiche che interessano il mondo giovanile, che permane in carica sino alla scadenza del mandato del Consiglio metropolitano.<\/p>\n<p>&nbsp;<\/p>\n<p>Una lunga trafila nel Partito giovanile per Camera, tutt\u2019ora Vice Coordinatore di Forza Italia Giovani per l\u2019Area Metropolitana, praticante avvocato, gi\u00e0 Rappresentante degli Studenti di Giurisprudenza presso l&#8217;Universit\u00e0 Mediterranea, da sempre impegnato nel sociale e nella politica giovanile.<\/p>\n<p><em>\u201cL<\/em><em>a Citt\u00e0 Metropolitana di Reggio Calabria intende promuovere e valorizzare il ruolo di sviluppo e integrazione svolto dalle comunit\u00e0 giovanili attraverso il coinvolgimento in progetti di cittadinanza attiva e la loro partecipazione ai processi decisionali della vita democratica. Quale migliore figura se non Giuseppe Camera \u2013 <\/em>dichiara il Capogruppo di Forza Italia in Consiglio comunale Federico Milia<em> &#8211; giovane reggino di cui andare fieri, che dar\u00e0 un quid in pi\u00f9 a tutta l\u2019attivit\u00e0 della commissione, da sempre arrivo nelle attivit\u00e0 sociali e politiche sia nel suo quartiere di Condera che in tutta la citt\u00e0, non si poteva fare scelta migliore\u201d.<\/em><\/p>\n<p>Il giovane Camera rester\u00e0 in carica sino alla scadenza del mandato del Consiglio Metropolitano (pro tempore).<\/p>\n","protected":false},"excerpt":{"rendered":"<p>Nel Decreto n.56 a firma del Sindaco Metropolitano f.f. risulta anche il nome di Giuseppe Camera tra i 15 componenti della Commissione Speciale Politiche giovanili della Citt\u00e0 Metropolitana di Reggio&hellip;<\/p>\n","protected":false},"author":12,"featured_media":14612,"comment_status":"open","ping_status":"open","sticky":false,"template":"","format":"standard","meta":{"_jetpack_memberships_contains_paid_content":false,"footnotes":"","jetpack_publicize_message":"","jetpack_publicize_feature_enabled":true,"jetpack_social_post_already_shared":false,"jetpack_social_options":{"image_generator_settings":{"template":"highway","default_image_id":0,"font":"","enabled":false},"version":2}},"categories":[921,196,140],"tags":[239,7180,7179],"class_list":["post-14611","post","type-post","status-publish","format-standard","has-post-thumbnail","hentry","category-home","category-news","category-reggio-calabria","tag-carmelo-versace","tag-commissione-speciale-politiche-giovanili-della-citta-metropolitana-di-reggio-calabria","tag-giuseppe-camera"],"yoast_head":"<!-- This site is optimized with the Yoast SEO plugin v27.2 - https:\/\/yoast.com\/product\/yoast-seo-wordpress\/ -->\n<title>Camera membro della Commissione Politiche giovanili<\/title>\n<meta name=\"description\" content=\"Risulta anche il nome di Giuseppe Camera tra i 15 componenti della Commissione Speciale Politiche giovanili della Citt\u00e0 Metropolitana.\" \/>\n<meta name=\"robots\" content=\"index, follow, max-snippet:-1, max-image-preview:large, max-video-preview:-1\" \/>\n<link rel=\"canonical\" href=\"https:\/\/progettotouring.it\/radiotouring104\/2022\/12\/13\/camera-membro-della-commissione-politiche-giovanili\/\" \/>\n<meta property=\"og:locale\" content=\"it_IT\" \/>\n<meta property=\"og:type\" content=\"article\" \/>\n<meta property=\"og:title\" content=\"Camera membro della Commissione Politiche giovanili\" \/>\n<meta property=\"og:description\" content=\"Risulta anche il nome di Giuseppe Camera tra i 15 componenti della Commissione Speciale Politiche giovanili della Citt\u00e0 Metropolitana.\" \/>\n<meta property=\"og:url\" content=\"https:\/\/progettotouring.it\/radiotouring104\/2022\/12\/13\/camera-membro-della-commissione-politiche-giovanili\/\" \/>\n<meta property=\"og:site_name\" content=\"Radio Touring 104\" \/>\n<meta property=\"article:published_time\" content=\"2022-12-13T10:25:56+00:00\" \/>\n<meta property=\"og:image\" content=\"https:\/\/progettotouring.it\/radiotouring104\/wp-content\/uploads\/sites\/6\/2022\/12\/Giuseppe-Camera.jpg\" \/>\n\t<meta property=\"og:image:width\" content=\"443\" \/>\n\t<meta property=\"og:image:height\" content=\"960\" \/>\n\t<meta property=\"og:image:type\" content=\"image\/jpeg\" \/>\n<meta name=\"author\" content=\"Sebastiano Plutino\" \/>\n<meta name=\"twitter:card\" content=\"summary_large_image\" \/>\n<meta name=\"twitter:label1\" content=\"Scritto da\" \/>\n\t<meta name=\"twitter:data1\" content=\"Sebastiano Plutino\" \/>\n\t<meta name=\"twitter:label2\" content=\"Tempo di lettura stimato\" \/>\n\t<meta name=\"twitter:data2\" content=\"1 minuto\" \/>\n<script type=\"application\/ld+json\" class=\"yoast-schema-graph\">{\"@context\":\"https:\/\/schema.org\",\"@graph\":[{\"@type\":\"Article\",\"@id\":\"https:\/\/progettotouring.it\/radiotouring104\/2022\/12\/13\/camera-membro-della-commissione-politiche-giovanili\/#article\",\"isPartOf\":{\"@id\":\"https:\/\/progettotouring.it\/radiotouring104\/2022\/12\/13\/camera-membro-della-commissione-politiche-giovanili\/\"},\"author\":{\"name\":\"Sebastiano Plutino\",\"@id\":\"https:\/\/progettotouring.it\/radiotouring104\/#\/schema\/person\/78613917f1851f041f7483f5af1d422e\"},\"headline\":\"Camera membro della Commissione Politiche giovanili\",\"datePublished\":\"2022-12-13T10:25:56+00:00\",\"mainEntityOfPage\":{\"@id\":\"https:\/\/progettotouring.it\/radiotouring104\/2022\/12\/13\/camera-membro-della-commissione-politiche-giovanili\/\"},\"wordCount\":222,\"commentCount\":0,\"publisher\":{\"@id\":\"https:\/\/progettotouring.it\/radiotouring104\/#organization\"},\"image\":{\"@id\":\"https:\/\/progettotouring.it\/radiotouring104\/2022\/12\/13\/camera-membro-della-commissione-politiche-giovanili\/#primaryimage\"},\"thumbnailUrl\":\"https:\/\/progettotouring.it\/radiotouring104\/wp-content\/uploads\/sites\/6\/2022\/12\/Giuseppe-Camera.jpg\",\"keywords\":[\"carmelo versace\",\"Commissione Speciale Politiche giovanili della Citt\u00e0 Metropolitana di Reggio Calabria\",\"Giuseppe Camera\"],\"articleSection\":[\"Home\",\"News\",\"Reggio Calabria\"],\"inLanguage\":\"it-IT\",\"potentialAction\":[{\"@type\":\"CommentAction\",\"name\":\"Comment\",\"target\":[\"https:\/\/progettotouring.it\/radiotouring104\/2022\/12\/13\/camera-membro-della-commissione-politiche-giovanili\/#respond\"]}]},{\"@type\":\"WebPage\",\"@id\":\"https:\/\/progettotouring.it\/radiotouring104\/2022\/12\/13\/camera-membro-della-commissione-politiche-giovanili\/\",\"url\":\"https:\/\/progettotouring.it\/radiotouring104\/2022\/12\/13\/camera-membro-della-commissione-politiche-giovanili\/\",\"name\":\"Camera membro della Commissione Politiche giovanili\",\"isPartOf\":{\"@id\":\"https:\/\/progettotouring.it\/radiotouring104\/#website\"},\"primaryImageOfPage\":{\"@id\":\"https:\/\/progettotouring.it\/radiotouring104\/2022\/12\/13\/camera-membro-della-commissione-politiche-giovanili\/#primaryimage\"},\"image\":{\"@id\":\"https:\/\/progettotouring.it\/radiotouring104\/2022\/12\/13\/camera-membro-della-commissione-politiche-giovanili\/#primaryimage\"},\"thumbnailUrl\":\"https:\/\/progettotouring.it\/radiotouring104\/wp-content\/uploads\/sites\/6\/2022\/12\/Giuseppe-Camera.jpg\",\"datePublished\":\"2022-12-13T10:25:56+00:00\",\"description\":\"Risulta anche il nome di Giuseppe Camera tra i 15 componenti della Commissione Speciale Politiche giovanili della Citt\u00e0 Metropolitana.\",\"breadcrumb\":{\"@id\":\"https:\/\/progettotouring.it\/radiotouring104\/2022\/12\/13\/camera-membro-della-commissione-politiche-giovanili\/#breadcrumb\"},\"inLanguage\":\"it-IT\",\"potentialAction\":[{\"@type\":\"ReadAction\",\"target\":[\"https:\/\/progettotouring.it\/radiotouring104\/2022\/12\/13\/camera-membro-della-commissione-politiche-giovanili\/\"]}]},{\"@type\":\"ImageObject\",\"inLanguage\":\"it-IT\",\"@id\":\"https:\/\/progettotouring.it\/radiotouring104\/2022\/12\/13\/camera-membro-della-commissione-politiche-giovanili\/#primaryimage\",\"url\":\"https:\/\/progettotouring.it\/radiotouring104\/wp-content\/uploads\/sites\/6\/2022\/12\/Giuseppe-Camera.jpg\",\"contentUrl\":\"https:\/\/progettotouring.it\/radiotouring104\/wp-content\/uploads\/sites\/6\/2022\/12\/Giuseppe-Camera.jpg\",\"width\":443,\"height\":960},{\"@type\":\"BreadcrumbList\",\"@id\":\"https:\/\/progettotouring.it\/radiotouring104\/2022\/12\/13\/camera-membro-della-commissione-politiche-giovanili\/#breadcrumb\",\"itemListElement\":[{\"@type\":\"ListItem\",\"position\":1,\"name\":\"Home\",\"item\":\"https:\/\/progettotouring.it\/radiotouring104\/\"},{\"@type\":\"ListItem\",\"position\":2,\"name\":\"Camera membro della Commissione Politiche giovanili\"}]},{\"@type\":\"WebSite\",\"@id\":\"https:\/\/progettotouring.it\/radiotouring104\/#website\",\"url\":\"https:\/\/progettotouring.it\/radiotouring104\/\",\"name\":\"Radio Touring 104\",\"description\":\"La prima radio Reggina\",\"publisher\":{\"@id\":\"https:\/\/progettotouring.it\/radiotouring104\/#organization\"},\"potentialAction\":[{\"@type\":\"SearchAction\",\"target\":{\"@type\":\"EntryPoint\",\"urlTemplate\":\"https:\/\/progettotouring.it\/radiotouring104\/?s={search_term_string}\"},\"query-input\":{\"@type\":\"PropertyValueSpecification\",\"valueRequired\":true,\"valueName\":\"search_term_string\"}}],\"inLanguage\":\"it-IT\"},{\"@type\":\"Organization\",\"@id\":\"https:\/\/progettotouring.it\/radiotouring104\/#organization\",\"name\":\"Radio Touring 104\",\"url\":\"https:\/\/progettotouring.it\/radiotouring104\/\",\"logo\":{\"@type\":\"ImageObject\",\"inLanguage\":\"it-IT\",\"@id\":\"https:\/\/progettotouring.it\/radiotouring104\/#\/schema\/logo\/image\/\",\"url\":\"https:\/\/progettotouring.it\/radiotouring104\/wp-content\/uploads\/sites\/6\/2022\/02\/cropped-logo-radio-touring-104.png\",\"contentUrl\":\"https:\/\/progettotouring.it\/radiotouring104\/wp-content\/uploads\/sites\/6\/2022\/02\/cropped-logo-radio-touring-104.png\",\"width\":377,\"height\":182,\"caption\":\"Radio Touring 104\"},\"image\":{\"@id\":\"https:\/\/progettotouring.it\/radiotouring104\/#\/schema\/logo\/image\/\"}},{\"@type\":\"Person\",\"@id\":\"https:\/\/progettotouring.it\/radiotouring104\/#\/schema\/person\/78613917f1851f041f7483f5af1d422e\",\"name\":\"Sebastiano Plutino\",\"image\":{\"@type\":\"ImageObject\",\"inLanguage\":\"it-IT\",\"@id\":\"https:\/\/secure.gravatar.com\/avatar\/0546ffaa9b79224faf9f2a156b67a529ae861d3287c66c1d8ccfdf909bcba78d?s=96&d=mm&r=g\",\"url\":\"https:\/\/secure.gravatar.com\/avatar\/0546ffaa9b79224faf9f2a156b67a529ae861d3287c66c1d8ccfdf909bcba78d?s=96&d=mm&r=g\",\"contentUrl\":\"https:\/\/secure.gravatar.com\/avatar\/0546ffaa9b79224faf9f2a156b67a529ae861d3287c66c1d8ccfdf909bcba78d?s=96&d=mm&r=g\",\"caption\":\"Sebastiano Plutino\"},\"url\":\"https:\/\/progettotouring.it\/radiotouring104\/author\/sebastiano\/\"}]}<\/script>\n<!-- \/ Yoast SEO plugin. -->","yoast_head_json":{"title":"Camera membro della Commissione Politiche giovanili","description":"Risulta anche il nome di Giuseppe Camera tra i 15 componenti della Commissione Speciale Politiche giovanili della Citt\u00e0 Metropolitana.","robots":{"index":"index","follow":"follow","max-snippet":"max-snippet:-1","max-image-preview":"max-image-preview:large","max-video-preview":"max-video-preview:-1"},"canonical":"https:\/\/progettotouring.it\/radiotouring104\/2022\/12\/13\/camera-membro-della-commissione-politiche-giovanili\/","og_locale":"it_IT","og_type":"article","og_title":"Camera membro della Commissione Politiche giovanili","og_description":"Risulta anche il nome di Giuseppe Camera tra i 15 componenti della Commissione Speciale Politiche giovanili della Citt\u00e0 Metropolitana.","og_url":"https:\/\/progettotouring.it\/radiotouring104\/2022\/12\/13\/camera-membro-della-commissione-politiche-giovanili\/","og_site_name":"Radio Touring 104","article_published_time":"2022-12-13T10:25:56+00:00","og_image":[{"width":443,"height":960,"url":"https:\/\/progettotouring.it\/radiotouring104\/wp-content\/uploads\/sites\/6\/2022\/12\/Giuseppe-Camera.jpg","type":"image\/jpeg"}],"author":"Sebastiano Plutino","twitter_card":"summary_large_image","twitter_misc":{"Scritto da":"Sebastiano Plutino","Tempo di lettura stimato":"1 minuto"},"schema":{"@context":"https:\/\/schema.org","@graph":[{"@type":"Article","@id":"https:\/\/progettotouring.it\/radiotouring104\/2022\/12\/13\/camera-membro-della-commissione-politiche-giovanili\/#article","isPartOf":{"@id":"https:\/\/progettotouring.it\/radiotouring104\/2022\/12\/13\/camera-membro-della-commissione-politiche-giovanili\/"},"author":{"name":"Sebastiano Plutino","@id":"https:\/\/progettotouring.it\/radiotouring104\/#\/schema\/person\/78613917f1851f041f7483f5af1d422e"},"headline":"Camera membro della Commissione Politiche giovanili","datePublished":"2022-12-13T10:25:56+00:00","mainEntityOfPage":{"@id":"https:\/\/progettotouring.it\/radiotouring104\/2022\/12\/13\/camera-membro-della-commissione-politiche-giovanili\/"},"wordCount":222,"commentCount":0,"publisher":{"@id":"https:\/\/progettotouring.it\/radiotouring104\/#organization"},"image":{"@id":"https:\/\/progettotouring.it\/radiotouring104\/2022\/12\/13\/camera-membro-della-commissione-politiche-giovanili\/#primaryimage"},"thumbnailUrl":"https:\/\/progettotouring.it\/radiotouring104\/wp-content\/uploads\/sites\/6\/2022\/12\/Giuseppe-Camera.jpg","keywords":["carmelo versace","Commissione Speciale Politiche giovanili della Citt\u00e0 Metropolitana di Reggio Calabria","Giuseppe Camera"],"articleSection":["Home","News","Reggio Calabria"],"inLanguage":"it-IT","potentialAction":[{"@type":"CommentAction","name":"Comment","target":["https:\/\/progettotouring.it\/radiotouring104\/2022\/12\/13\/camera-membro-della-commissione-politiche-giovanili\/#respond"]}]},{"@type":"WebPage","@id":"https:\/\/progettotouring.it\/radiotouring104\/2022\/12\/13\/camera-membro-della-commissione-politiche-giovanili\/","url":"https:\/\/progettotouring.it\/radiotouring104\/2022\/12\/13\/camera-membro-della-commissione-politiche-giovanili\/","name":"Camera membro della Commissione Politiche giovanili","isPartOf":{"@id":"https:\/\/progettotouring.it\/radiotouring104\/#website"},"primaryImageOfPage":{"@id":"https:\/\/progettotouring.it\/radiotouring104\/2022\/12\/13\/camera-membro-della-commissione-politiche-giovanili\/#primaryimage"},"image":{"@id":"https:\/\/progettotouring.it\/radiotouring104\/2022\/12\/13\/camera-membro-della-commissione-politiche-giovanili\/#primaryimage"},"thumbnailUrl":"https:\/\/progettotouring.it\/radiotouring104\/wp-content\/uploads\/sites\/6\/2022\/12\/Giuseppe-Camera.jpg","datePublished":"2022-12-13T10:25:56+00:00","description":"Risulta anche il nome di Giuseppe Camera tra i 15 componenti della Commissione Speciale Politiche giovanili della Citt\u00e0 Metropolitana.","breadcrumb":{"@id":"https:\/\/progettotouring.it\/radiotouring104\/2022\/12\/13\/camera-membro-della-commissione-politiche-giovanili\/#breadcrumb"},"inLanguage":"it-IT","potentialAction":[{"@type":"ReadAction","target":["https:\/\/progettotouring.it\/radiotouring104\/2022\/12\/13\/camera-membro-della-commissione-politiche-giovanili\/"]}]},{"@type":"ImageObject","inLanguage":"it-IT","@id":"https:\/\/progettotouring.it\/radiotouring104\/2022\/12\/13\/camera-membro-della-commissione-politiche-giovanili\/#primaryimage","url":"https:\/\/progettotouring.it\/radiotouring104\/wp-content\/uploads\/sites\/6\/2022\/12\/Giuseppe-Camera.jpg","contentUrl":"https:\/\/progettotouring.it\/radiotouring104\/wp-content\/uploads\/sites\/6\/2022\/12\/Giuseppe-Camera.jpg","width":443,"height":960},{"@type":"BreadcrumbList","@id":"https:\/\/progettotouring.it\/radiotouring104\/2022\/12\/13\/camera-membro-della-commissione-politiche-giovanili\/#breadcrumb","itemListElement":[{"@type":"ListItem","position":1,"name":"Home","item":"https:\/\/progettotouring.it\/radiotouring104\/"},{"@type":"ListItem","position":2,"name":"Camera membro della Commissione Politiche giovanili"}]},{"@type":"WebSite","@id":"https:\/\/progettotouring.it\/radiotouring104\/#website","url":"https:\/\/progettotouring.it\/radiotouring104\/","name":"Radio Touring 104","description":"La prima radio Reggina","publisher":{"@id":"https:\/\/progettotouring.it\/radiotouring104\/#organization"},"potentialAction":[{"@type":"SearchAction","target":{"@type":"EntryPoint","urlTemplate":"https:\/\/progettotouring.it\/radiotouring104\/?s={search_term_string}"},"query-input":{"@type":"PropertyValueSpecification","valueRequired":true,"valueName":"search_term_string"}}],"inLanguage":"it-IT"},{"@type":"Organization","@id":"https:\/\/progettotouring.it\/radiotouring104\/#organization","name":"Radio Touring 104","url":"https:\/\/progettotouring.it\/radiotouring104\/","logo":{"@type":"ImageObject","inLanguage":"it-IT","@id":"https:\/\/progettotouring.it\/radiotouring104\/#\/schema\/logo\/image\/","url":"https:\/\/progettotouring.it\/radiotouring104\/wp-content\/uploads\/sites\/6\/2022\/02\/cropped-logo-radio-touring-104.png","contentUrl":"https:\/\/progettotouring.it\/radiotouring104\/wp-content\/uploads\/sites\/6\/2022\/02\/cropped-logo-radio-touring-104.png","width":377,"height":182,"caption":"Radio Touring 104"},"image":{"@id":"https:\/\/progettotouring.it\/radiotouring104\/#\/schema\/logo\/image\/"}},{"@type":"Person","@id":"https:\/\/progettotouring.it\/radiotouring104\/#\/schema\/person\/78613917f1851f041f7483f5af1d422e","name":"Sebastiano Plutino","image":{"@type":"ImageObject","inLanguage":"it-IT","@id":"https:\/\/secure.gravatar.com\/avatar\/0546ffaa9b79224faf9f2a156b67a529ae861d3287c66c1d8ccfdf909bcba78d?s=96&d=mm&r=g","url":"https:\/\/secure.gravatar.com\/avatar\/0546ffaa9b79224faf9f2a156b67a529ae861d3287c66c1d8ccfdf909bcba78d?s=96&d=mm&r=g","contentUrl":"https:\/\/secure.gravatar.com\/avatar\/0546ffaa9b79224faf9f2a156b67a529ae861d3287c66c1d8ccfdf909bcba78d?s=96&d=mm&r=g","caption":"Sebastiano Plutino"},"url":"https:\/\/progettotouring.it\/radiotouring104\/author\/sebastiano\/"}]}},"jetpack_publicize_connections":[],"jetpack_featured_media_url":"https:\/\/progettotouring.it\/radiotouring104\/wp-content\/uploads\/sites\/6\/2022\/12\/Giuseppe-Camera.jpg","jetpack_sharing_enabled":true,"_links":{"self":[{"href":"https:\/\/progettotouring.it\/radiotouring104\/wp-json\/wp\/v2\/posts\/14611","targetHints":{"allow":["GET"]}}],"collection":[{"href":"https:\/\/progettotouring.it\/radiotouring104\/wp-json\/wp\/v2\/posts"}],"about":[{"href":"https:\/\/progettotouring.it\/radiotouring104\/wp-json\/wp\/v2\/types\/post"}],"author":[{"embeddable":true,"href":"https:\/\/progettotouring.it\/radiotouring104\/wp-json\/wp\/v2\/users\/12"}],"replies":[{"embeddable":true,"href":"https:\/\/progettotouring.it\/radiotouring104\/wp-json\/wp\/v2\/comments?post=14611"}],"version-history":[{"count":1,"href":"https:\/\/progettotouring.it\/radiotouring104\/wp-json\/wp\/v2\/posts\/14611\/revisions"}],"predecessor-version":[{"id":14613,"href":"https:\/\/progettotouring.it\/radiotouring104\/wp-json\/wp\/v2\/posts\/14611\/revisions\/14613"}],"wp:featuredmedia":[{"embeddable":true,"href":"https:\/\/progettotouring.it\/radiotouring104\/wp-json\/wp\/v2\/media\/14612"}],"wp:attachment":[{"href":"https:\/\/progettotouring.it\/radiotouring104\/wp-json\/wp\/v2\/media?parent=14611"}],"wp:term":[{"taxonomy":"category","embeddable":true,"href":"https:\/\/progettotouring.it\/radiotouring104\/wp-json\/wp\/v2\/categories?post=14611"},{"taxonomy":"post_tag","embeddable":true,"href":"https:\/\/progettotouring.it\/radiotouring104\/wp-json\/wp\/v2\/tags?post=14611"}],"curies":[{"name":"wp","href":"https:\/\/api.w.org\/{rel}","templated":true}]}}