{"id":14618,"date":"2022-12-13T11:51:01","date_gmt":"2022-12-13T10:51:01","guid":{"rendered":"https:\/\/progettotouring.it\/radiotouring104\/?p=14618"},"modified":"2022-12-13T11:51:01","modified_gmt":"2022-12-13T10:51:01","slug":"al-palazzo-della-cultura-la-mostra-di-cesare-berlingeri","status":"publish","type":"post","link":"https:\/\/progettotouring.it\/radiotouring104\/2022\/12\/13\/al-palazzo-della-cultura-la-mostra-di-cesare-berlingeri\/","title":{"rendered":"Al Palazzo della Cultura la mostra di Cesare Berlingeri"},"content":{"rendered":"<p>Si terranno il prossimo 17 dicembre, alle ore 17:30, la conferenza stampa di presentazione e l&#8217;inaugurazione della mostra &#8220;Cesare Berlingeri. Tra il visibile e l&#8217;invisibile. Opere 1967 \u2013 2022&#8221;. La personale dell&#8217;artista cittanovese sar\u00e0 ospitata al Palazzo della Cultura &#8220;Pasquino Crupi&#8221; fino al 18 febbraio 2023.<\/p>\n<p>L&#8217;evento, organizzato dalla Citt\u00e0 Metropolitana, segna l&#8217;atteso ed importante ritorno dell&#8217;artista delle pitture piegate nel territorio di Reggio Calabria. La mostra \u00e8 prodotta in collaborazione con l&#8217;Archivio Cesare Berlingeri e la neocostituita Fondazione &#8220;Cesare Berlingeri Ets&#8221; che, oltre a tutelare e valorizzare l&#8217;opera dell&#8217;artista, vuole essere un punto di riferimento per l&#8217;arte contemporanea al Sud.<\/p>\n<p>\u00abDa cinquant&#8217;anni &#8211; ha spiegato l&#8217;artista nel presentare la mostra &#8211; creo dei dipinti costituiti dall&#8217;incontro di materie diverse come ferro, cera, legno, tela, pigmenti e da piegature sovrapposte ed \u00e8 proprio con questa struttura, dalle combinazioni infinite, che i dipinti producono immagini che si avvolgono su se stesse, fino a diventare pensiero, spazio, colore. Vivo profondamente l&#8217;idea di stare dentro il colore che, forse, \u00e8 la cosa che racconta meglio i miei desideri\u00bb. L&#8217;arte, secondo Cesare Berlingeri, \u00ab\u00e8 una riflessione lenta sulla vita e sul mondo. \u00c8, infine, paradossalmente un girare a vuoto dello sguardo intorno a ci\u00f2 che rester\u00e0 sempre invisibile\u00bb. \u00abIn questa mostra &#8211; ha aggiunto &#8211; non ho privilegiato una tendenza cronologica. Ho preferito muovermi liberamente in diversi periodi della mia vita e del mio lavoro, mettendo insieme 50 anni del mio operare nei territori dell&#8217;arte consentendomi continui sconfinamenti\u00bb.<\/p>\n<p>Interverranno alla conferenza stampa, oltre all\u2019artista Cesare Berlingeri, Carmelo Versace, Sindaco facente funzioni della Citt\u00e0 Metropolitana, Filippo Quartuccio, Consigliere delegato alla Cultura, Giuseppina Attanasio, Dirigente Settore Affari Istituzionali, Sviluppo Economico, Risorse Umane , Cesare Biasini, Direttore editoriale Exibart.<\/p>\n<p>Accompagner\u00e0 la mostra un volume pubblicato da Silvana Editore, con testi di Domenico Piraina e Cesare Biasini Selvaggi.<\/p>\n","protected":false},"excerpt":{"rendered":"<p>Si terranno il prossimo 17 dicembre, alle ore 17:30, la conferenza stampa di presentazione e l&#8217;inaugurazione della mostra &#8220;Cesare Berlingeri. Tra il visibile e l&#8217;invisibile. Opere 1967 \u2013 2022&#8221;. La&hellip;<\/p>\n","protected":false},"author":12,"featured_media":14619,"comment_status":"open","ping_status":"open","sticky":false,"template":"","format":"standard","meta":{"_jetpack_memberships_contains_paid_content":false,"footnotes":"","jetpack_publicize_message":"","jetpack_publicize_feature_enabled":true,"jetpack_social_post_already_shared":false,"jetpack_social_options":{"image_generator_settings":{"template":"highway","default_image_id":0,"font":"","enabled":false},"version":2}},"categories":[921,196,140],"tags":[7190,7189,743,467],"class_list":["post-14618","post","type-post","status-publish","format-standard","has-post-thumbnail","hentry","category-home","category-news","category-reggio-calabria","tag-tra-il-visibile-e-linvisibile-opere-1967-2022","tag-cesare-berlingeri","tag-citta-metropolitana","tag-palazzo-della-cultura"],"yoast_head":"<!-- This site is optimized with the Yoast SEO plugin v27.2 - https:\/\/yoast.com\/product\/yoast-seo-wordpress\/ -->\n<title>Al Palazzo della Cultura la mostra di Cesare Berlingeri<\/title>\n<meta name=\"description\" content=\"La mostra intitolata &quot;Tra il visibile e l&#039;invisibile. Opere 1967 - 2022&quot; sar\u00e0 inaugurata il 17 dicembre alle ore 17.30.\" \/>\n<meta name=\"robots\" content=\"index, follow, max-snippet:-1, max-image-preview:large, max-video-preview:-1\" \/>\n<link rel=\"canonical\" href=\"https:\/\/progettotouring.it\/radiotouring104\/2022\/12\/13\/al-palazzo-della-cultura-la-mostra-di-cesare-berlingeri\/\" \/>\n<meta property=\"og:locale\" content=\"it_IT\" \/>\n<meta property=\"og:type\" content=\"article\" \/>\n<meta property=\"og:title\" content=\"Al Palazzo della Cultura la mostra di Cesare Berlingeri\" \/>\n<meta property=\"og:description\" content=\"La mostra intitolata &quot;Tra il visibile e l&#039;invisibile. Opere 1967 - 2022&quot; sar\u00e0 inaugurata il 17 dicembre alle ore 17.30.\" \/>\n<meta property=\"og:url\" content=\"https:\/\/progettotouring.it\/radiotouring104\/2022\/12\/13\/al-palazzo-della-cultura-la-mostra-di-cesare-berlingeri\/\" \/>\n<meta property=\"og:site_name\" content=\"Radio Touring 104\" \/>\n<meta property=\"article:published_time\" content=\"2022-12-13T10:51:01+00:00\" \/>\n<meta property=\"og:image\" content=\"https:\/\/progettotouring.it\/radiotouring104\/wp-content\/uploads\/sites\/6\/2022\/12\/cesare-berlingeri.jpg\" \/>\n\t<meta property=\"og:image:width\" content=\"600\" \/>\n\t<meta property=\"og:image:height\" content=\"400\" \/>\n\t<meta property=\"og:image:type\" content=\"image\/jpeg\" \/>\n<meta name=\"author\" content=\"Sebastiano Plutino\" \/>\n<meta name=\"twitter:card\" content=\"summary_large_image\" \/>\n<meta name=\"twitter:label1\" content=\"Scritto da\" \/>\n\t<meta name=\"twitter:data1\" content=\"Sebastiano Plutino\" \/>\n\t<meta name=\"twitter:label2\" content=\"Tempo di lettura stimato\" \/>\n\t<meta name=\"twitter:data2\" content=\"1 minuto\" \/>\n<script type=\"application\/ld+json\" class=\"yoast-schema-graph\">{\"@context\":\"https:\/\/schema.org\",\"@graph\":[{\"@type\":\"Article\",\"@id\":\"https:\/\/progettotouring.it\/radiotouring104\/2022\/12\/13\/al-palazzo-della-cultura-la-mostra-di-cesare-berlingeri\/#article\",\"isPartOf\":{\"@id\":\"https:\/\/progettotouring.it\/radiotouring104\/2022\/12\/13\/al-palazzo-della-cultura-la-mostra-di-cesare-berlingeri\/\"},\"author\":{\"name\":\"Sebastiano Plutino\",\"@id\":\"https:\/\/progettotouring.it\/radiotouring104\/#\/schema\/person\/78613917f1851f041f7483f5af1d422e\"},\"headline\":\"Al Palazzo della Cultura la mostra di Cesare Berlingeri\",\"datePublished\":\"2022-12-13T10:51:01+00:00\",\"mainEntityOfPage\":{\"@id\":\"https:\/\/progettotouring.it\/radiotouring104\/2022\/12\/13\/al-palazzo-della-cultura-la-mostra-di-cesare-berlingeri\/\"},\"wordCount\":296,\"commentCount\":0,\"publisher\":{\"@id\":\"https:\/\/progettotouring.it\/radiotouring104\/#organization\"},\"image\":{\"@id\":\"https:\/\/progettotouring.it\/radiotouring104\/2022\/12\/13\/al-palazzo-della-cultura-la-mostra-di-cesare-berlingeri\/#primaryimage\"},\"thumbnailUrl\":\"https:\/\/progettotouring.it\/radiotouring104\/wp-content\/uploads\/sites\/6\/2022\/12\/cesare-berlingeri.jpg\",\"keywords\":[\"\\\"Tra il visibile e l'invisibile. Opere 1967 - 2022\\\"\",\"Cesare Berlingeri\",\"Citt\u00e0 metropolitana\",\"palazzo della cultura\"],\"articleSection\":[\"Home\",\"News\",\"Reggio Calabria\"],\"inLanguage\":\"it-IT\",\"potentialAction\":[{\"@type\":\"CommentAction\",\"name\":\"Comment\",\"target\":[\"https:\/\/progettotouring.it\/radiotouring104\/2022\/12\/13\/al-palazzo-della-cultura-la-mostra-di-cesare-berlingeri\/#respond\"]}]},{\"@type\":\"WebPage\",\"@id\":\"https:\/\/progettotouring.it\/radiotouring104\/2022\/12\/13\/al-palazzo-della-cultura-la-mostra-di-cesare-berlingeri\/\",\"url\":\"https:\/\/progettotouring.it\/radiotouring104\/2022\/12\/13\/al-palazzo-della-cultura-la-mostra-di-cesare-berlingeri\/\",\"name\":\"Al Palazzo della Cultura la mostra di Cesare Berlingeri\",\"isPartOf\":{\"@id\":\"https:\/\/progettotouring.it\/radiotouring104\/#website\"},\"primaryImageOfPage\":{\"@id\":\"https:\/\/progettotouring.it\/radiotouring104\/2022\/12\/13\/al-palazzo-della-cultura-la-mostra-di-cesare-berlingeri\/#primaryimage\"},\"image\":{\"@id\":\"https:\/\/progettotouring.it\/radiotouring104\/2022\/12\/13\/al-palazzo-della-cultura-la-mostra-di-cesare-berlingeri\/#primaryimage\"},\"thumbnailUrl\":\"https:\/\/progettotouring.it\/radiotouring104\/wp-content\/uploads\/sites\/6\/2022\/12\/cesare-berlingeri.jpg\",\"datePublished\":\"2022-12-13T10:51:01+00:00\",\"description\":\"La mostra intitolata \\\"Tra il visibile e l'invisibile. Opere 1967 - 2022\\\" sar\u00e0 inaugurata il 17 dicembre alle ore 17.30.\",\"breadcrumb\":{\"@id\":\"https:\/\/progettotouring.it\/radiotouring104\/2022\/12\/13\/al-palazzo-della-cultura-la-mostra-di-cesare-berlingeri\/#breadcrumb\"},\"inLanguage\":\"it-IT\",\"potentialAction\":[{\"@type\":\"ReadAction\",\"target\":[\"https:\/\/progettotouring.it\/radiotouring104\/2022\/12\/13\/al-palazzo-della-cultura-la-mostra-di-cesare-berlingeri\/\"]}]},{\"@type\":\"ImageObject\",\"inLanguage\":\"it-IT\",\"@id\":\"https:\/\/progettotouring.it\/radiotouring104\/2022\/12\/13\/al-palazzo-della-cultura-la-mostra-di-cesare-berlingeri\/#primaryimage\",\"url\":\"https:\/\/progettotouring.it\/radiotouring104\/wp-content\/uploads\/sites\/6\/2022\/12\/cesare-berlingeri.jpg\",\"contentUrl\":\"https:\/\/progettotouring.it\/radiotouring104\/wp-content\/uploads\/sites\/6\/2022\/12\/cesare-berlingeri.jpg\",\"width\":600,\"height\":400},{\"@type\":\"BreadcrumbList\",\"@id\":\"https:\/\/progettotouring.it\/radiotouring104\/2022\/12\/13\/al-palazzo-della-cultura-la-mostra-di-cesare-berlingeri\/#breadcrumb\",\"itemListElement\":[{\"@type\":\"ListItem\",\"position\":1,\"name\":\"Home\",\"item\":\"https:\/\/progettotouring.it\/radiotouring104\/\"},{\"@type\":\"ListItem\",\"position\":2,\"name\":\"Al Palazzo della Cultura la mostra di Cesare Berlingeri\"}]},{\"@type\":\"WebSite\",\"@id\":\"https:\/\/progettotouring.it\/radiotouring104\/#website\",\"url\":\"https:\/\/progettotouring.it\/radiotouring104\/\",\"name\":\"Radio Touring 104\",\"description\":\"La prima radio Reggina\",\"publisher\":{\"@id\":\"https:\/\/progettotouring.it\/radiotouring104\/#organization\"},\"potentialAction\":[{\"@type\":\"SearchAction\",\"target\":{\"@type\":\"EntryPoint\",\"urlTemplate\":\"https:\/\/progettotouring.it\/radiotouring104\/?s={search_term_string}\"},\"query-input\":{\"@type\":\"PropertyValueSpecification\",\"valueRequired\":true,\"valueName\":\"search_term_string\"}}],\"inLanguage\":\"it-IT\"},{\"@type\":\"Organization\",\"@id\":\"https:\/\/progettotouring.it\/radiotouring104\/#organization\",\"name\":\"Radio Touring 104\",\"url\":\"https:\/\/progettotouring.it\/radiotouring104\/\",\"logo\":{\"@type\":\"ImageObject\",\"inLanguage\":\"it-IT\",\"@id\":\"https:\/\/progettotouring.it\/radiotouring104\/#\/schema\/logo\/image\/\",\"url\":\"https:\/\/progettotouring.it\/radiotouring104\/wp-content\/uploads\/sites\/6\/2022\/02\/cropped-logo-radio-touring-104.png\",\"contentUrl\":\"https:\/\/progettotouring.it\/radiotouring104\/wp-content\/uploads\/sites\/6\/2022\/02\/cropped-logo-radio-touring-104.png\",\"width\":377,\"height\":182,\"caption\":\"Radio Touring 104\"},\"image\":{\"@id\":\"https:\/\/progettotouring.it\/radiotouring104\/#\/schema\/logo\/image\/\"}},{\"@type\":\"Person\",\"@id\":\"https:\/\/progettotouring.it\/radiotouring104\/#\/schema\/person\/78613917f1851f041f7483f5af1d422e\",\"name\":\"Sebastiano Plutino\",\"image\":{\"@type\":\"ImageObject\",\"inLanguage\":\"it-IT\",\"@id\":\"https:\/\/secure.gravatar.com\/avatar\/0546ffaa9b79224faf9f2a156b67a529ae861d3287c66c1d8ccfdf909bcba78d?s=96&d=mm&r=g\",\"url\":\"https:\/\/secure.gravatar.com\/avatar\/0546ffaa9b79224faf9f2a156b67a529ae861d3287c66c1d8ccfdf909bcba78d?s=96&d=mm&r=g\",\"contentUrl\":\"https:\/\/secure.gravatar.com\/avatar\/0546ffaa9b79224faf9f2a156b67a529ae861d3287c66c1d8ccfdf909bcba78d?s=96&d=mm&r=g\",\"caption\":\"Sebastiano Plutino\"},\"url\":\"https:\/\/progettotouring.it\/radiotouring104\/author\/sebastiano\/\"}]}<\/script>\n<!-- \/ Yoast SEO plugin. -->","yoast_head_json":{"title":"Al Palazzo della Cultura la mostra di Cesare Berlingeri","description":"La mostra intitolata \"Tra il visibile e l'invisibile. Opere 1967 - 2022\" sar\u00e0 inaugurata il 17 dicembre alle ore 17.30.","robots":{"index":"index","follow":"follow","max-snippet":"max-snippet:-1","max-image-preview":"max-image-preview:large","max-video-preview":"max-video-preview:-1"},"canonical":"https:\/\/progettotouring.it\/radiotouring104\/2022\/12\/13\/al-palazzo-della-cultura-la-mostra-di-cesare-berlingeri\/","og_locale":"it_IT","og_type":"article","og_title":"Al Palazzo della Cultura la mostra di Cesare Berlingeri","og_description":"La mostra intitolata \"Tra il visibile e l'invisibile. Opere 1967 - 2022\" sar\u00e0 inaugurata il 17 dicembre alle ore 17.30.","og_url":"https:\/\/progettotouring.it\/radiotouring104\/2022\/12\/13\/al-palazzo-della-cultura-la-mostra-di-cesare-berlingeri\/","og_site_name":"Radio Touring 104","article_published_time":"2022-12-13T10:51:01+00:00","og_image":[{"width":600,"height":400,"url":"https:\/\/progettotouring.it\/radiotouring104\/wp-content\/uploads\/sites\/6\/2022\/12\/cesare-berlingeri.jpg","type":"image\/jpeg"}],"author":"Sebastiano Plutino","twitter_card":"summary_large_image","twitter_misc":{"Scritto da":"Sebastiano Plutino","Tempo di lettura stimato":"1 minuto"},"schema":{"@context":"https:\/\/schema.org","@graph":[{"@type":"Article","@id":"https:\/\/progettotouring.it\/radiotouring104\/2022\/12\/13\/al-palazzo-della-cultura-la-mostra-di-cesare-berlingeri\/#article","isPartOf":{"@id":"https:\/\/progettotouring.it\/radiotouring104\/2022\/12\/13\/al-palazzo-della-cultura-la-mostra-di-cesare-berlingeri\/"},"author":{"name":"Sebastiano Plutino","@id":"https:\/\/progettotouring.it\/radiotouring104\/#\/schema\/person\/78613917f1851f041f7483f5af1d422e"},"headline":"Al Palazzo della Cultura la mostra di Cesare Berlingeri","datePublished":"2022-12-13T10:51:01+00:00","mainEntityOfPage":{"@id":"https:\/\/progettotouring.it\/radiotouring104\/2022\/12\/13\/al-palazzo-della-cultura-la-mostra-di-cesare-berlingeri\/"},"wordCount":296,"commentCount":0,"publisher":{"@id":"https:\/\/progettotouring.it\/radiotouring104\/#organization"},"image":{"@id":"https:\/\/progettotouring.it\/radiotouring104\/2022\/12\/13\/al-palazzo-della-cultura-la-mostra-di-cesare-berlingeri\/#primaryimage"},"thumbnailUrl":"https:\/\/progettotouring.it\/radiotouring104\/wp-content\/uploads\/sites\/6\/2022\/12\/cesare-berlingeri.jpg","keywords":["\"Tra il visibile e l'invisibile. Opere 1967 - 2022\"","Cesare Berlingeri","Citt\u00e0 metropolitana","palazzo della cultura"],"articleSection":["Home","News","Reggio Calabria"],"inLanguage":"it-IT","potentialAction":[{"@type":"CommentAction","name":"Comment","target":["https:\/\/progettotouring.it\/radiotouring104\/2022\/12\/13\/al-palazzo-della-cultura-la-mostra-di-cesare-berlingeri\/#respond"]}]},{"@type":"WebPage","@id":"https:\/\/progettotouring.it\/radiotouring104\/2022\/12\/13\/al-palazzo-della-cultura-la-mostra-di-cesare-berlingeri\/","url":"https:\/\/progettotouring.it\/radiotouring104\/2022\/12\/13\/al-palazzo-della-cultura-la-mostra-di-cesare-berlingeri\/","name":"Al Palazzo della Cultura la mostra di Cesare Berlingeri","isPartOf":{"@id":"https:\/\/progettotouring.it\/radiotouring104\/#website"},"primaryImageOfPage":{"@id":"https:\/\/progettotouring.it\/radiotouring104\/2022\/12\/13\/al-palazzo-della-cultura-la-mostra-di-cesare-berlingeri\/#primaryimage"},"image":{"@id":"https:\/\/progettotouring.it\/radiotouring104\/2022\/12\/13\/al-palazzo-della-cultura-la-mostra-di-cesare-berlingeri\/#primaryimage"},"thumbnailUrl":"https:\/\/progettotouring.it\/radiotouring104\/wp-content\/uploads\/sites\/6\/2022\/12\/cesare-berlingeri.jpg","datePublished":"2022-12-13T10:51:01+00:00","description":"La mostra intitolata \"Tra il visibile e l'invisibile. Opere 1967 - 2022\" sar\u00e0 inaugurata il 17 dicembre alle ore 17.30.","breadcrumb":{"@id":"https:\/\/progettotouring.it\/radiotouring104\/2022\/12\/13\/al-palazzo-della-cultura-la-mostra-di-cesare-berlingeri\/#breadcrumb"},"inLanguage":"it-IT","potentialAction":[{"@type":"ReadAction","target":["https:\/\/progettotouring.it\/radiotouring104\/2022\/12\/13\/al-palazzo-della-cultura-la-mostra-di-cesare-berlingeri\/"]}]},{"@type":"ImageObject","inLanguage":"it-IT","@id":"https:\/\/progettotouring.it\/radiotouring104\/2022\/12\/13\/al-palazzo-della-cultura-la-mostra-di-cesare-berlingeri\/#primaryimage","url":"https:\/\/progettotouring.it\/radiotouring104\/wp-content\/uploads\/sites\/6\/2022\/12\/cesare-berlingeri.jpg","contentUrl":"https:\/\/progettotouring.it\/radiotouring104\/wp-content\/uploads\/sites\/6\/2022\/12\/cesare-berlingeri.jpg","width":600,"height":400},{"@type":"BreadcrumbList","@id":"https:\/\/progettotouring.it\/radiotouring104\/2022\/12\/13\/al-palazzo-della-cultura-la-mostra-di-cesare-berlingeri\/#breadcrumb","itemListElement":[{"@type":"ListItem","position":1,"name":"Home","item":"https:\/\/progettotouring.it\/radiotouring104\/"},{"@type":"ListItem","position":2,"name":"Al Palazzo della Cultura la mostra di Cesare Berlingeri"}]},{"@type":"WebSite","@id":"https:\/\/progettotouring.it\/radiotouring104\/#website","url":"https:\/\/progettotouring.it\/radiotouring104\/","name":"Radio Touring 104","description":"La prima radio Reggina","publisher":{"@id":"https:\/\/progettotouring.it\/radiotouring104\/#organization"},"potentialAction":[{"@type":"SearchAction","target":{"@type":"EntryPoint","urlTemplate":"https:\/\/progettotouring.it\/radiotouring104\/?s={search_term_string}"},"query-input":{"@type":"PropertyValueSpecification","valueRequired":true,"valueName":"search_term_string"}}],"inLanguage":"it-IT"},{"@type":"Organization","@id":"https:\/\/progettotouring.it\/radiotouring104\/#organization","name":"Radio Touring 104","url":"https:\/\/progettotouring.it\/radiotouring104\/","logo":{"@type":"ImageObject","inLanguage":"it-IT","@id":"https:\/\/progettotouring.it\/radiotouring104\/#\/schema\/logo\/image\/","url":"https:\/\/progettotouring.it\/radiotouring104\/wp-content\/uploads\/sites\/6\/2022\/02\/cropped-logo-radio-touring-104.png","contentUrl":"https:\/\/progettotouring.it\/radiotouring104\/wp-content\/uploads\/sites\/6\/2022\/02\/cropped-logo-radio-touring-104.png","width":377,"height":182,"caption":"Radio Touring 104"},"image":{"@id":"https:\/\/progettotouring.it\/radiotouring104\/#\/schema\/logo\/image\/"}},{"@type":"Person","@id":"https:\/\/progettotouring.it\/radiotouring104\/#\/schema\/person\/78613917f1851f041f7483f5af1d422e","name":"Sebastiano Plutino","image":{"@type":"ImageObject","inLanguage":"it-IT","@id":"https:\/\/secure.gravatar.com\/avatar\/0546ffaa9b79224faf9f2a156b67a529ae861d3287c66c1d8ccfdf909bcba78d?s=96&d=mm&r=g","url":"https:\/\/secure.gravatar.com\/avatar\/0546ffaa9b79224faf9f2a156b67a529ae861d3287c66c1d8ccfdf909bcba78d?s=96&d=mm&r=g","contentUrl":"https:\/\/secure.gravatar.com\/avatar\/0546ffaa9b79224faf9f2a156b67a529ae861d3287c66c1d8ccfdf909bcba78d?s=96&d=mm&r=g","caption":"Sebastiano Plutino"},"url":"https:\/\/progettotouring.it\/radiotouring104\/author\/sebastiano\/"}]}},"jetpack_publicize_connections":[],"jetpack_featured_media_url":"https:\/\/progettotouring.it\/radiotouring104\/wp-content\/uploads\/sites\/6\/2022\/12\/cesare-berlingeri.jpg","jetpack_sharing_enabled":true,"_links":{"self":[{"href":"https:\/\/progettotouring.it\/radiotouring104\/wp-json\/wp\/v2\/posts\/14618","targetHints":{"allow":["GET"]}}],"collection":[{"href":"https:\/\/progettotouring.it\/radiotouring104\/wp-json\/wp\/v2\/posts"}],"about":[{"href":"https:\/\/progettotouring.it\/radiotouring104\/wp-json\/wp\/v2\/types\/post"}],"author":[{"embeddable":true,"href":"https:\/\/progettotouring.it\/radiotouring104\/wp-json\/wp\/v2\/users\/12"}],"replies":[{"embeddable":true,"href":"https:\/\/progettotouring.it\/radiotouring104\/wp-json\/wp\/v2\/comments?post=14618"}],"version-history":[{"count":1,"href":"https:\/\/progettotouring.it\/radiotouring104\/wp-json\/wp\/v2\/posts\/14618\/revisions"}],"predecessor-version":[{"id":14620,"href":"https:\/\/progettotouring.it\/radiotouring104\/wp-json\/wp\/v2\/posts\/14618\/revisions\/14620"}],"wp:featuredmedia":[{"embeddable":true,"href":"https:\/\/progettotouring.it\/radiotouring104\/wp-json\/wp\/v2\/media\/14619"}],"wp:attachment":[{"href":"https:\/\/progettotouring.it\/radiotouring104\/wp-json\/wp\/v2\/media?parent=14618"}],"wp:term":[{"taxonomy":"category","embeddable":true,"href":"https:\/\/progettotouring.it\/radiotouring104\/wp-json\/wp\/v2\/categories?post=14618"},{"taxonomy":"post_tag","embeddable":true,"href":"https:\/\/progettotouring.it\/radiotouring104\/wp-json\/wp\/v2\/tags?post=14618"}],"curies":[{"name":"wp","href":"https:\/\/api.w.org\/{rel}","templated":true}]}}