{"id":14625,"date":"2022-12-13T12:38:39","date_gmt":"2022-12-13T11:38:39","guid":{"rendered":"https:\/\/progettotouring.it\/radiotouring104\/?p=14625"},"modified":"2022-12-13T12:38:39","modified_gmt":"2022-12-13T11:38:39","slug":"lopera-lirica-adriana-lecouvreur-del-reggino-di-palmi-al-cilea","status":"publish","type":"post","link":"https:\/\/progettotouring.it\/radiotouring104\/2022\/12\/13\/lopera-lirica-adriana-lecouvreur-del-reggino-di-palmi-al-cilea\/","title":{"rendered":"L&#8217;Opera Lirica &#8220;Adriana Lecouvreur&#8221; del reggino Di Palmi al Cilea"},"content":{"rendered":"<div class=\"msg-view-text-cnt\">\n<div class=\"xam_msg_class\">\n<div dir=\"ltr\">\n<div class=\"xmprfx_gmail_default\">\n<div dir=\"auto\"><span style=\"font-family: georgia, serif;font-size: large\">Complimenti Vivissimi a Eduardo Lamberti Castronuovo, ispiratore e mente e cuore pulsanti di questa iniziativa. Quando si muove per organizzare un Evento lo fa pensando in grande e affrontando qualsiasi ostacolo affinch\u00e9 anche l&#8217;attuazione sia all&#8217;altezza delle sue intenzioni. Questa &#8220;Adriana Lecouvreur&#8221; del 17 dicembre nello stupendo Teatro Francesco Cilea di Reggio Calabria sar\u00e0 sicuramente un Evento memorabile. Evento che entrer\u00e0 nella storia di una citt\u00e0 che, nonostante tutte le sue criticit\u00e0, vive e palpita di molteplici splendide iniziative. <\/span><\/div>\n<div dir=\"auto\"><span style=\"font-family: georgia, serif;font-size: large\">Al di l\u00e0 delle manovre e azioni subdole di chi aspira da sempre a farla scomparire e nonostante comportamenti deleteri e auto-lesionistici anch&#8217;essi sempre attivi al suo interno, Reggio &#8211; sin dalla sua fondazione come citt\u00e0-Stato nel 730 aC &#8211; ha trovato la forza di reagire nelle situazioni pi\u00f9 tragiche. Ed \u00e8 sempre risorta.<\/span><\/div>\n<\/div>\n<\/div>\n<\/div>\n<\/div>\n<div class=\"msg-view-attach-preview\">\n<div id=\"uiLogic_webmail__view_AttachmentsImageBlock_9\" class=\"attachmentsBlock\" role=\"group\"><\/div>\n<\/div>\n","protected":false},"excerpt":{"rendered":"<p>Complimenti Vivissimi a Eduardo Lamberti Castronuovo, ispiratore e mente e cuore pulsanti di questa iniziativa. Quando si muove per organizzare un Evento lo fa pensando in grande e affrontando qualsiasi&hellip;<\/p>\n","protected":false},"author":12,"featured_media":14628,"comment_status":"open","ping_status":"open","sticky":false,"template":"","format":"standard","meta":{"_jetpack_memberships_contains_paid_content":false,"footnotes":"","jetpack_publicize_message":"","jetpack_publicize_feature_enabled":true,"jetpack_social_post_already_shared":false,"jetpack_social_options":{"image_generator_settings":{"template":"highway","default_image_id":0,"font":"","enabled":false},"version":2}},"categories":[921,196,140],"tags":[7197,1250,273],"class_list":["post-14625","post","type-post","status-publish","format-standard","has-post-thumbnail","hentry","category-home","category-news","category-reggio-calabria","tag-adriana-lecouvreur","tag-eduardo-lamberti-castronuovo","tag-teatro-cilea"],"yoast_head":"<!-- This site is optimized with the Yoast SEO plugin v27.2 - https:\/\/yoast.com\/product\/yoast-seo-wordpress\/ -->\n<title>L&#039;Opera Lirica &quot;Adriana Lecouvreur&quot; del reggino Di Palmi al Cilea<\/title>\n<meta name=\"description\" content=\"L&#039;Opera Lirica che coinvolge artisti e maestranze reggine, andr\u00e0 in scena il 17 dicembre al Teatro Cilea di Reggio Calabria\" \/>\n<meta name=\"robots\" content=\"index, follow, max-snippet:-1, max-image-preview:large, max-video-preview:-1\" \/>\n<link rel=\"canonical\" href=\"https:\/\/progettotouring.it\/radiotouring104\/2022\/12\/13\/lopera-lirica-adriana-lecouvreur-del-reggino-di-palmi-al-cilea\/\" \/>\n<meta property=\"og:locale\" content=\"it_IT\" \/>\n<meta property=\"og:type\" content=\"article\" \/>\n<meta property=\"og:title\" content=\"L&#039;Opera Lirica &quot;Adriana Lecouvreur&quot; del reggino Di Palmi al Cilea\" \/>\n<meta property=\"og:description\" content=\"L&#039;Opera Lirica che coinvolge artisti e maestranze reggine, andr\u00e0 in scena il 17 dicembre al Teatro Cilea di Reggio Calabria\" \/>\n<meta property=\"og:url\" content=\"https:\/\/progettotouring.it\/radiotouring104\/2022\/12\/13\/lopera-lirica-adriana-lecouvreur-del-reggino-di-palmi-al-cilea\/\" \/>\n<meta property=\"og:site_name\" content=\"Radio Touring 104\" \/>\n<meta property=\"article:published_time\" content=\"2022-12-13T11:38:39+00:00\" \/>\n<meta property=\"og:image\" content=\"https:\/\/progettotouring.it\/radiotouring104\/wp-content\/uploads\/sites\/6\/2022\/12\/adriana-lecrouver.jpeg\" \/>\n\t<meta property=\"og:image:width\" content=\"1119\" \/>\n\t<meta property=\"og:image:height\" content=\"1600\" \/>\n\t<meta property=\"og:image:type\" content=\"image\/jpeg\" \/>\n<meta name=\"author\" content=\"Sebastiano Plutino\" \/>\n<meta name=\"twitter:card\" content=\"summary_large_image\" \/>\n<meta name=\"twitter:label1\" content=\"Scritto da\" \/>\n\t<meta name=\"twitter:data1\" content=\"Sebastiano Plutino\" \/>\n\t<meta name=\"twitter:label2\" content=\"Tempo di lettura stimato\" \/>\n\t<meta name=\"twitter:data2\" content=\"1 minuto\" \/>\n<script type=\"application\/ld+json\" class=\"yoast-schema-graph\">{\"@context\":\"https:\/\/schema.org\",\"@graph\":[{\"@type\":\"Article\",\"@id\":\"https:\/\/progettotouring.it\/radiotouring104\/2022\/12\/13\/lopera-lirica-adriana-lecouvreur-del-reggino-di-palmi-al-cilea\/#article\",\"isPartOf\":{\"@id\":\"https:\/\/progettotouring.it\/radiotouring104\/2022\/12\/13\/lopera-lirica-adriana-lecouvreur-del-reggino-di-palmi-al-cilea\/\"},\"author\":{\"name\":\"Sebastiano Plutino\",\"@id\":\"https:\/\/progettotouring.it\/radiotouring104\/#\/schema\/person\/78613917f1851f041f7483f5af1d422e\"},\"headline\":\"L&#8217;Opera Lirica &#8220;Adriana Lecouvreur&#8221; del reggino Di Palmi al Cilea\",\"datePublished\":\"2022-12-13T11:38:39+00:00\",\"mainEntityOfPage\":{\"@id\":\"https:\/\/progettotouring.it\/radiotouring104\/2022\/12\/13\/lopera-lirica-adriana-lecouvreur-del-reggino-di-palmi-al-cilea\/\"},\"wordCount\":141,\"commentCount\":0,\"publisher\":{\"@id\":\"https:\/\/progettotouring.it\/radiotouring104\/#organization\"},\"image\":{\"@id\":\"https:\/\/progettotouring.it\/radiotouring104\/2022\/12\/13\/lopera-lirica-adriana-lecouvreur-del-reggino-di-palmi-al-cilea\/#primaryimage\"},\"thumbnailUrl\":\"https:\/\/progettotouring.it\/radiotouring104\/wp-content\/uploads\/sites\/6\/2022\/12\/adriana-lecrouver.jpeg\",\"keywords\":[\"\\\"Adriana Lecouvreur\\\"\",\"Eduardo Lamberti Castronuovo\",\"Teatro Cilea\"],\"articleSection\":[\"Home\",\"News\",\"Reggio Calabria\"],\"inLanguage\":\"it-IT\",\"potentialAction\":[{\"@type\":\"CommentAction\",\"name\":\"Comment\",\"target\":[\"https:\/\/progettotouring.it\/radiotouring104\/2022\/12\/13\/lopera-lirica-adriana-lecouvreur-del-reggino-di-palmi-al-cilea\/#respond\"]}]},{\"@type\":\"WebPage\",\"@id\":\"https:\/\/progettotouring.it\/radiotouring104\/2022\/12\/13\/lopera-lirica-adriana-lecouvreur-del-reggino-di-palmi-al-cilea\/\",\"url\":\"https:\/\/progettotouring.it\/radiotouring104\/2022\/12\/13\/lopera-lirica-adriana-lecouvreur-del-reggino-di-palmi-al-cilea\/\",\"name\":\"L'Opera Lirica \\\"Adriana Lecouvreur\\\" del reggino Di Palmi al Cilea\",\"isPartOf\":{\"@id\":\"https:\/\/progettotouring.it\/radiotouring104\/#website\"},\"primaryImageOfPage\":{\"@id\":\"https:\/\/progettotouring.it\/radiotouring104\/2022\/12\/13\/lopera-lirica-adriana-lecouvreur-del-reggino-di-palmi-al-cilea\/#primaryimage\"},\"image\":{\"@id\":\"https:\/\/progettotouring.it\/radiotouring104\/2022\/12\/13\/lopera-lirica-adriana-lecouvreur-del-reggino-di-palmi-al-cilea\/#primaryimage\"},\"thumbnailUrl\":\"https:\/\/progettotouring.it\/radiotouring104\/wp-content\/uploads\/sites\/6\/2022\/12\/adriana-lecrouver.jpeg\",\"datePublished\":\"2022-12-13T11:38:39+00:00\",\"description\":\"L'Opera Lirica che coinvolge artisti e maestranze reggine, andr\u00e0 in scena il 17 dicembre al Teatro Cilea di Reggio Calabria\",\"breadcrumb\":{\"@id\":\"https:\/\/progettotouring.it\/radiotouring104\/2022\/12\/13\/lopera-lirica-adriana-lecouvreur-del-reggino-di-palmi-al-cilea\/#breadcrumb\"},\"inLanguage\":\"it-IT\",\"potentialAction\":[{\"@type\":\"ReadAction\",\"target\":[\"https:\/\/progettotouring.it\/radiotouring104\/2022\/12\/13\/lopera-lirica-adriana-lecouvreur-del-reggino-di-palmi-al-cilea\/\"]}]},{\"@type\":\"ImageObject\",\"inLanguage\":\"it-IT\",\"@id\":\"https:\/\/progettotouring.it\/radiotouring104\/2022\/12\/13\/lopera-lirica-adriana-lecouvreur-del-reggino-di-palmi-al-cilea\/#primaryimage\",\"url\":\"https:\/\/progettotouring.it\/radiotouring104\/wp-content\/uploads\/sites\/6\/2022\/12\/adriana-lecrouver.jpeg\",\"contentUrl\":\"https:\/\/progettotouring.it\/radiotouring104\/wp-content\/uploads\/sites\/6\/2022\/12\/adriana-lecrouver.jpeg\",\"width\":1119,\"height\":1600},{\"@type\":\"BreadcrumbList\",\"@id\":\"https:\/\/progettotouring.it\/radiotouring104\/2022\/12\/13\/lopera-lirica-adriana-lecouvreur-del-reggino-di-palmi-al-cilea\/#breadcrumb\",\"itemListElement\":[{\"@type\":\"ListItem\",\"position\":1,\"name\":\"Home\",\"item\":\"https:\/\/progettotouring.it\/radiotouring104\/\"},{\"@type\":\"ListItem\",\"position\":2,\"name\":\"L&#8217;Opera Lirica &#8220;Adriana Lecouvreur&#8221; del reggino Di Palmi al Cilea\"}]},{\"@type\":\"WebSite\",\"@id\":\"https:\/\/progettotouring.it\/radiotouring104\/#website\",\"url\":\"https:\/\/progettotouring.it\/radiotouring104\/\",\"name\":\"Radio Touring 104\",\"description\":\"La prima radio Reggina\",\"publisher\":{\"@id\":\"https:\/\/progettotouring.it\/radiotouring104\/#organization\"},\"potentialAction\":[{\"@type\":\"SearchAction\",\"target\":{\"@type\":\"EntryPoint\",\"urlTemplate\":\"https:\/\/progettotouring.it\/radiotouring104\/?s={search_term_string}\"},\"query-input\":{\"@type\":\"PropertyValueSpecification\",\"valueRequired\":true,\"valueName\":\"search_term_string\"}}],\"inLanguage\":\"it-IT\"},{\"@type\":\"Organization\",\"@id\":\"https:\/\/progettotouring.it\/radiotouring104\/#organization\",\"name\":\"Radio Touring 104\",\"url\":\"https:\/\/progettotouring.it\/radiotouring104\/\",\"logo\":{\"@type\":\"ImageObject\",\"inLanguage\":\"it-IT\",\"@id\":\"https:\/\/progettotouring.it\/radiotouring104\/#\/schema\/logo\/image\/\",\"url\":\"https:\/\/progettotouring.it\/radiotouring104\/wp-content\/uploads\/sites\/6\/2022\/02\/cropped-logo-radio-touring-104.png\",\"contentUrl\":\"https:\/\/progettotouring.it\/radiotouring104\/wp-content\/uploads\/sites\/6\/2022\/02\/cropped-logo-radio-touring-104.png\",\"width\":377,\"height\":182,\"caption\":\"Radio Touring 104\"},\"image\":{\"@id\":\"https:\/\/progettotouring.it\/radiotouring104\/#\/schema\/logo\/image\/\"}},{\"@type\":\"Person\",\"@id\":\"https:\/\/progettotouring.it\/radiotouring104\/#\/schema\/person\/78613917f1851f041f7483f5af1d422e\",\"name\":\"Sebastiano Plutino\",\"image\":{\"@type\":\"ImageObject\",\"inLanguage\":\"it-IT\",\"@id\":\"https:\/\/secure.gravatar.com\/avatar\/0546ffaa9b79224faf9f2a156b67a529ae861d3287c66c1d8ccfdf909bcba78d?s=96&d=mm&r=g\",\"url\":\"https:\/\/secure.gravatar.com\/avatar\/0546ffaa9b79224faf9f2a156b67a529ae861d3287c66c1d8ccfdf909bcba78d?s=96&d=mm&r=g\",\"contentUrl\":\"https:\/\/secure.gravatar.com\/avatar\/0546ffaa9b79224faf9f2a156b67a529ae861d3287c66c1d8ccfdf909bcba78d?s=96&d=mm&r=g\",\"caption\":\"Sebastiano Plutino\"},\"url\":\"https:\/\/progettotouring.it\/radiotouring104\/author\/sebastiano\/\"}]}<\/script>\n<!-- \/ Yoast SEO plugin. -->","yoast_head_json":{"title":"L'Opera Lirica \"Adriana Lecouvreur\" del reggino Di Palmi al Cilea","description":"L'Opera Lirica che coinvolge artisti e maestranze reggine, andr\u00e0 in scena il 17 dicembre al Teatro Cilea di Reggio Calabria","robots":{"index":"index","follow":"follow","max-snippet":"max-snippet:-1","max-image-preview":"max-image-preview:large","max-video-preview":"max-video-preview:-1"},"canonical":"https:\/\/progettotouring.it\/radiotouring104\/2022\/12\/13\/lopera-lirica-adriana-lecouvreur-del-reggino-di-palmi-al-cilea\/","og_locale":"it_IT","og_type":"article","og_title":"L'Opera Lirica \"Adriana Lecouvreur\" del reggino Di Palmi al Cilea","og_description":"L'Opera Lirica che coinvolge artisti e maestranze reggine, andr\u00e0 in scena il 17 dicembre al Teatro Cilea di Reggio Calabria","og_url":"https:\/\/progettotouring.it\/radiotouring104\/2022\/12\/13\/lopera-lirica-adriana-lecouvreur-del-reggino-di-palmi-al-cilea\/","og_site_name":"Radio Touring 104","article_published_time":"2022-12-13T11:38:39+00:00","og_image":[{"width":1119,"height":1600,"url":"https:\/\/progettotouring.it\/radiotouring104\/wp-content\/uploads\/sites\/6\/2022\/12\/adriana-lecrouver.jpeg","type":"image\/jpeg"}],"author":"Sebastiano Plutino","twitter_card":"summary_large_image","twitter_misc":{"Scritto da":"Sebastiano Plutino","Tempo di lettura stimato":"1 minuto"},"schema":{"@context":"https:\/\/schema.org","@graph":[{"@type":"Article","@id":"https:\/\/progettotouring.it\/radiotouring104\/2022\/12\/13\/lopera-lirica-adriana-lecouvreur-del-reggino-di-palmi-al-cilea\/#article","isPartOf":{"@id":"https:\/\/progettotouring.it\/radiotouring104\/2022\/12\/13\/lopera-lirica-adriana-lecouvreur-del-reggino-di-palmi-al-cilea\/"},"author":{"name":"Sebastiano Plutino","@id":"https:\/\/progettotouring.it\/radiotouring104\/#\/schema\/person\/78613917f1851f041f7483f5af1d422e"},"headline":"L&#8217;Opera Lirica &#8220;Adriana Lecouvreur&#8221; del reggino Di Palmi al Cilea","datePublished":"2022-12-13T11:38:39+00:00","mainEntityOfPage":{"@id":"https:\/\/progettotouring.it\/radiotouring104\/2022\/12\/13\/lopera-lirica-adriana-lecouvreur-del-reggino-di-palmi-al-cilea\/"},"wordCount":141,"commentCount":0,"publisher":{"@id":"https:\/\/progettotouring.it\/radiotouring104\/#organization"},"image":{"@id":"https:\/\/progettotouring.it\/radiotouring104\/2022\/12\/13\/lopera-lirica-adriana-lecouvreur-del-reggino-di-palmi-al-cilea\/#primaryimage"},"thumbnailUrl":"https:\/\/progettotouring.it\/radiotouring104\/wp-content\/uploads\/sites\/6\/2022\/12\/adriana-lecrouver.jpeg","keywords":["\"Adriana Lecouvreur\"","Eduardo Lamberti Castronuovo","Teatro Cilea"],"articleSection":["Home","News","Reggio Calabria"],"inLanguage":"it-IT","potentialAction":[{"@type":"CommentAction","name":"Comment","target":["https:\/\/progettotouring.it\/radiotouring104\/2022\/12\/13\/lopera-lirica-adriana-lecouvreur-del-reggino-di-palmi-al-cilea\/#respond"]}]},{"@type":"WebPage","@id":"https:\/\/progettotouring.it\/radiotouring104\/2022\/12\/13\/lopera-lirica-adriana-lecouvreur-del-reggino-di-palmi-al-cilea\/","url":"https:\/\/progettotouring.it\/radiotouring104\/2022\/12\/13\/lopera-lirica-adriana-lecouvreur-del-reggino-di-palmi-al-cilea\/","name":"L'Opera Lirica \"Adriana Lecouvreur\" del reggino Di Palmi al Cilea","isPartOf":{"@id":"https:\/\/progettotouring.it\/radiotouring104\/#website"},"primaryImageOfPage":{"@id":"https:\/\/progettotouring.it\/radiotouring104\/2022\/12\/13\/lopera-lirica-adriana-lecouvreur-del-reggino-di-palmi-al-cilea\/#primaryimage"},"image":{"@id":"https:\/\/progettotouring.it\/radiotouring104\/2022\/12\/13\/lopera-lirica-adriana-lecouvreur-del-reggino-di-palmi-al-cilea\/#primaryimage"},"thumbnailUrl":"https:\/\/progettotouring.it\/radiotouring104\/wp-content\/uploads\/sites\/6\/2022\/12\/adriana-lecrouver.jpeg","datePublished":"2022-12-13T11:38:39+00:00","description":"L'Opera Lirica che coinvolge artisti e maestranze reggine, andr\u00e0 in scena il 17 dicembre al Teatro Cilea di Reggio Calabria","breadcrumb":{"@id":"https:\/\/progettotouring.it\/radiotouring104\/2022\/12\/13\/lopera-lirica-adriana-lecouvreur-del-reggino-di-palmi-al-cilea\/#breadcrumb"},"inLanguage":"it-IT","potentialAction":[{"@type":"ReadAction","target":["https:\/\/progettotouring.it\/radiotouring104\/2022\/12\/13\/lopera-lirica-adriana-lecouvreur-del-reggino-di-palmi-al-cilea\/"]}]},{"@type":"ImageObject","inLanguage":"it-IT","@id":"https:\/\/progettotouring.it\/radiotouring104\/2022\/12\/13\/lopera-lirica-adriana-lecouvreur-del-reggino-di-palmi-al-cilea\/#primaryimage","url":"https:\/\/progettotouring.it\/radiotouring104\/wp-content\/uploads\/sites\/6\/2022\/12\/adriana-lecrouver.jpeg","contentUrl":"https:\/\/progettotouring.it\/radiotouring104\/wp-content\/uploads\/sites\/6\/2022\/12\/adriana-lecrouver.jpeg","width":1119,"height":1600},{"@type":"BreadcrumbList","@id":"https:\/\/progettotouring.it\/radiotouring104\/2022\/12\/13\/lopera-lirica-adriana-lecouvreur-del-reggino-di-palmi-al-cilea\/#breadcrumb","itemListElement":[{"@type":"ListItem","position":1,"name":"Home","item":"https:\/\/progettotouring.it\/radiotouring104\/"},{"@type":"ListItem","position":2,"name":"L&#8217;Opera Lirica &#8220;Adriana Lecouvreur&#8221; del reggino Di Palmi al Cilea"}]},{"@type":"WebSite","@id":"https:\/\/progettotouring.it\/radiotouring104\/#website","url":"https:\/\/progettotouring.it\/radiotouring104\/","name":"Radio Touring 104","description":"La prima radio Reggina","publisher":{"@id":"https:\/\/progettotouring.it\/radiotouring104\/#organization"},"potentialAction":[{"@type":"SearchAction","target":{"@type":"EntryPoint","urlTemplate":"https:\/\/progettotouring.it\/radiotouring104\/?s={search_term_string}"},"query-input":{"@type":"PropertyValueSpecification","valueRequired":true,"valueName":"search_term_string"}}],"inLanguage":"it-IT"},{"@type":"Organization","@id":"https:\/\/progettotouring.it\/radiotouring104\/#organization","name":"Radio Touring 104","url":"https:\/\/progettotouring.it\/radiotouring104\/","logo":{"@type":"ImageObject","inLanguage":"it-IT","@id":"https:\/\/progettotouring.it\/radiotouring104\/#\/schema\/logo\/image\/","url":"https:\/\/progettotouring.it\/radiotouring104\/wp-content\/uploads\/sites\/6\/2022\/02\/cropped-logo-radio-touring-104.png","contentUrl":"https:\/\/progettotouring.it\/radiotouring104\/wp-content\/uploads\/sites\/6\/2022\/02\/cropped-logo-radio-touring-104.png","width":377,"height":182,"caption":"Radio Touring 104"},"image":{"@id":"https:\/\/progettotouring.it\/radiotouring104\/#\/schema\/logo\/image\/"}},{"@type":"Person","@id":"https:\/\/progettotouring.it\/radiotouring104\/#\/schema\/person\/78613917f1851f041f7483f5af1d422e","name":"Sebastiano Plutino","image":{"@type":"ImageObject","inLanguage":"it-IT","@id":"https:\/\/secure.gravatar.com\/avatar\/0546ffaa9b79224faf9f2a156b67a529ae861d3287c66c1d8ccfdf909bcba78d?s=96&d=mm&r=g","url":"https:\/\/secure.gravatar.com\/avatar\/0546ffaa9b79224faf9f2a156b67a529ae861d3287c66c1d8ccfdf909bcba78d?s=96&d=mm&r=g","contentUrl":"https:\/\/secure.gravatar.com\/avatar\/0546ffaa9b79224faf9f2a156b67a529ae861d3287c66c1d8ccfdf909bcba78d?s=96&d=mm&r=g","caption":"Sebastiano Plutino"},"url":"https:\/\/progettotouring.it\/radiotouring104\/author\/sebastiano\/"}]}},"jetpack_publicize_connections":[],"jetpack_featured_media_url":"https:\/\/progettotouring.it\/radiotouring104\/wp-content\/uploads\/sites\/6\/2022\/12\/adriana-lecrouver.jpeg","jetpack_sharing_enabled":true,"_links":{"self":[{"href":"https:\/\/progettotouring.it\/radiotouring104\/wp-json\/wp\/v2\/posts\/14625","targetHints":{"allow":["GET"]}}],"collection":[{"href":"https:\/\/progettotouring.it\/radiotouring104\/wp-json\/wp\/v2\/posts"}],"about":[{"href":"https:\/\/progettotouring.it\/radiotouring104\/wp-json\/wp\/v2\/types\/post"}],"author":[{"embeddable":true,"href":"https:\/\/progettotouring.it\/radiotouring104\/wp-json\/wp\/v2\/users\/12"}],"replies":[{"embeddable":true,"href":"https:\/\/progettotouring.it\/radiotouring104\/wp-json\/wp\/v2\/comments?post=14625"}],"version-history":[{"count":1,"href":"https:\/\/progettotouring.it\/radiotouring104\/wp-json\/wp\/v2\/posts\/14625\/revisions"}],"predecessor-version":[{"id":14629,"href":"https:\/\/progettotouring.it\/radiotouring104\/wp-json\/wp\/v2\/posts\/14625\/revisions\/14629"}],"wp:featuredmedia":[{"embeddable":true,"href":"https:\/\/progettotouring.it\/radiotouring104\/wp-json\/wp\/v2\/media\/14628"}],"wp:attachment":[{"href":"https:\/\/progettotouring.it\/radiotouring104\/wp-json\/wp\/v2\/media?parent=14625"}],"wp:term":[{"taxonomy":"category","embeddable":true,"href":"https:\/\/progettotouring.it\/radiotouring104\/wp-json\/wp\/v2\/categories?post=14625"},{"taxonomy":"post_tag","embeddable":true,"href":"https:\/\/progettotouring.it\/radiotouring104\/wp-json\/wp\/v2\/tags?post=14625"}],"curies":[{"name":"wp","href":"https:\/\/api.w.org\/{rel}","templated":true}]}}