{"id":14631,"date":"2022-12-13T13:01:05","date_gmt":"2022-12-13T12:01:05","guid":{"rendered":"https:\/\/progettotouring.it\/radiotouring104\/?p=14631"},"modified":"2022-12-13T13:01:05","modified_gmt":"2022-12-13T12:01:05","slug":"roccella-chiude-con-baba-sissoko-la-rassegna-invernale-di-rumori-mediterranei","status":"publish","type":"post","link":"https:\/\/progettotouring.it\/radiotouring104\/2022\/12\/13\/roccella-chiude-con-baba-sissoko-la-rassegna-invernale-di-rumori-mediterranei\/","title":{"rendered":"Roccella: chiude con Baba Sissoko la rassegna invernale di Rumori Mediterranei"},"content":{"rendered":"<p>Domenica 11 dicembre, un coinvolgente concerto della Baba Sissoko Afro Jazz Band ha chiuso la sessione invernale di Rumori Mediterranei. La rassegna \u00e8 stata ospitata dall&#8217;ex Convento dei Minimi e da una tensostruttura allestita sul Lungomare Sisinio Zito, il waterfront che porta il nome del fondatore del festival. Jazz@The Christmas Village il titolo dell&#8217;evento.<\/p>\n<p>Si \u00e8 trattato di un happening editoriale, musicale ed enogastronomico di grande spessore spettacolare organizzato con un nuovo format culturale che, in un arco di tempo molto ristretto e nello stesso spazio, ha messo insieme la presentazione di libri e CD, concerti jazz di grande pregio e la degustazione di eccellenze dell\u2019enogastronomia locale.<\/p>\n<p>\u201cIl festival \u00e8 stato realizzato grazie al contributo ottenuto sull\u2019Avviso Pubblico Spettacoli ed Eventi 2022 promosso dalla Regione Calabria e in linea con i suoi obiettivi ed \u00e8 stato pensato come elemento qualificante dell\u2019offerta turistica di Roccella per il lungo ponte dell\u2019Immacolata\u201d, ha dichiarato il Sindaco Vittorio Zito. L\u2019iniziativa \u00e8 stata sostenuta anche da alcuni sponsor e realizzata con la collaborazione di Radio Roccella Stereo.<\/p>\n<p>Molto apprezzati gli eventi in programma dal 7 all&#8217;11 dicembre. In particolare, la presentazione dei libri di Guido Michelone, Luca Cerchiari e Francesco Cataldo Verrina, tre autorevoli critici di jazz, dei CD di Claudio Cojaniz e Baba Sissoko. Questa sezione editoriale \u00e8 stata curata direttamente da Vincenzo Staiano, direttore artistico del Festival, e da Manuela Cricelli e Tony Lombardo di Radio Roccella Stereo che ha trasmesso tutti gli eventi della rassegna in streaming video.<\/p>\n<p>Hanno riscosso un grande successo anche i concerti. Il 7 dicembre quello del MASSIMILIANO ROLFF &amp; DAVID PASTOR QUARTET ha aperto la rassegna all&#8217;ex Convento dei Minimi e ha segnato il ritorno in Italia del trombettista spagnolo dopo quattro anni di assenza dal nostro paese. Giorno 8, di grande rievocazione storico-musicale l&#8217;atmosfera creata dall&#8217;ALBERTO LOMBARDI STRATOCASTER TRIBUT<strong>E<\/strong>, un omaggio alla chitarra pi\u00f9 famosa del mondo, che ha inaugurato la tensostruttura sul Lungomare Sisinio Zito. Il giorno successivo si \u00e8 rivelata una piacevole e intrigante novit\u00e0 sonora la performance elettronica dei 72-HOUR POST FIGHT, una formazione di giovanissimi musicisti milanesi.\u00a0 Il quartetto di ENZO FAVATA THE CROSSING ha portato, invece, una ventata di lirismo elettronico che ha incantato il pubblico presente al concerto di giorno 10. Mentre giorno 11, la chiusura della BABA SISSOKO AFRO JAZZ BAND, \u00e8 stata un&#8217;esplosione di energia sonora che ha confermato la grande popolarit\u00e0 del percussionista africano.<\/p>\n<p>\u201cLa location particolarmente bella e accogliente e la qualit\u00e0 della proposta musicale hanno attratto molti spettatori e dato il via nel migliore dei modi al fitto programma di spettacoli ed intrattenimento che abbiamo messo in piedi per le festivit\u00e0 natalizie in collaborazione con un gruppo di giovani operatori turistici di Roccella\u201d, ha commentato soddisfatto il Primo Cittadino Zito a conclusione della rassegna.<\/p>\n<p>&nbsp;<\/p>\n<p>Roccella Jonica, 13 dicembre 2022.<\/p>\n","protected":false},"excerpt":{"rendered":"<p>Domenica 11 dicembre, un coinvolgente concerto della Baba Sissoko Afro Jazz Band ha chiuso la sessione invernale di Rumori Mediterranei. La rassegna \u00e8 stata ospitata dall&#8217;ex Convento dei Minimi e&hellip;<\/p>\n","protected":false},"author":13,"featured_media":14637,"comment_status":"open","ping_status":"open","sticky":false,"template":"","format":"standard","meta":{"_jetpack_memberships_contains_paid_content":false,"footnotes":"","jetpack_publicize_message":"","jetpack_publicize_feature_enabled":true,"jetpack_social_post_already_shared":false,"jetpack_social_options":{"image_generator_settings":{"template":"highway","default_image_id":0,"font":"","enabled":false},"version":2}},"categories":[142,921,196],"tags":[7205,3434,2012],"class_list":["post-14631","post","type-post","status-publish","format-standard","has-post-thumbnail","hentry","category-calabria","category-home","category-news","tag-festival-rumori-mediterranei","tag-jazz","tag-roccella-jonica"],"yoast_head":"<!-- This site is optimized with the Yoast SEO plugin v27.2 - https:\/\/yoast.com\/product\/yoast-seo-wordpress\/ -->\n<title>Roccella: Baba Sissoko chiude la rassegna Rumori Mediterranei<\/title>\n<meta name=\"description\" content=\"Ritmato da concerti, libri e progetti discografici il Festival lascia al percussionista africano l&#039;ultima sferzata di energia\" \/>\n<meta name=\"robots\" content=\"index, follow, max-snippet:-1, max-image-preview:large, max-video-preview:-1\" \/>\n<link rel=\"canonical\" href=\"https:\/\/progettotouring.it\/radiotouring104\/2022\/12\/13\/roccella-chiude-con-baba-sissoko-la-rassegna-invernale-di-rumori-mediterranei\/\" \/>\n<meta property=\"og:locale\" content=\"it_IT\" \/>\n<meta property=\"og:type\" content=\"article\" \/>\n<meta property=\"og:title\" content=\"Roccella: Baba Sissoko chiude la rassegna Rumori Mediterranei\" \/>\n<meta property=\"og:description\" content=\"Ritmato da concerti, libri e progetti discografici il Festival lascia al percussionista africano l&#039;ultima sferzata di energia\" \/>\n<meta property=\"og:url\" content=\"https:\/\/progettotouring.it\/radiotouring104\/2022\/12\/13\/roccella-chiude-con-baba-sissoko-la-rassegna-invernale-di-rumori-mediterranei\/\" \/>\n<meta property=\"og:site_name\" content=\"Radio Touring 104\" \/>\n<meta property=\"article:published_time\" content=\"2022-12-13T12:01:05+00:00\" \/>\n<meta property=\"og:image\" content=\"https:\/\/progettotouring.it\/radiotouring104\/wp-content\/uploads\/sites\/6\/2022\/12\/Rumori-Mediterranei.jpg\" \/>\n\t<meta property=\"og:image:width\" content=\"720\" \/>\n\t<meta property=\"og:image:height\" content=\"540\" \/>\n\t<meta property=\"og:image:type\" content=\"image\/jpeg\" \/>\n<meta name=\"author\" content=\"Helena Pedone\" \/>\n<meta name=\"twitter:card\" content=\"summary_large_image\" \/>\n<meta name=\"twitter:label1\" content=\"Scritto da\" \/>\n\t<meta name=\"twitter:data1\" content=\"Helena Pedone\" \/>\n\t<meta name=\"twitter:label2\" content=\"Tempo di lettura stimato\" \/>\n\t<meta name=\"twitter:data2\" content=\"2 minuti\" \/>\n<script type=\"application\/ld+json\" class=\"yoast-schema-graph\">{\"@context\":\"https:\/\/schema.org\",\"@graph\":[{\"@type\":\"Article\",\"@id\":\"https:\/\/progettotouring.it\/radiotouring104\/2022\/12\/13\/roccella-chiude-con-baba-sissoko-la-rassegna-invernale-di-rumori-mediterranei\/#article\",\"isPartOf\":{\"@id\":\"https:\/\/progettotouring.it\/radiotouring104\/2022\/12\/13\/roccella-chiude-con-baba-sissoko-la-rassegna-invernale-di-rumori-mediterranei\/\"},\"author\":{\"name\":\"Helena Pedone\",\"@id\":\"https:\/\/progettotouring.it\/radiotouring104\/#\/schema\/person\/8458ed437f4094f881aab8e4cc572684\"},\"headline\":\"Roccella: chiude con Baba Sissoko la rassegna invernale di Rumori Mediterranei\",\"datePublished\":\"2022-12-13T12:01:05+00:00\",\"mainEntityOfPage\":{\"@id\":\"https:\/\/progettotouring.it\/radiotouring104\/2022\/12\/13\/roccella-chiude-con-baba-sissoko-la-rassegna-invernale-di-rumori-mediterranei\/\"},\"wordCount\":465,\"commentCount\":0,\"publisher\":{\"@id\":\"https:\/\/progettotouring.it\/radiotouring104\/#organization\"},\"image\":{\"@id\":\"https:\/\/progettotouring.it\/radiotouring104\/2022\/12\/13\/roccella-chiude-con-baba-sissoko-la-rassegna-invernale-di-rumori-mediterranei\/#primaryimage\"},\"thumbnailUrl\":\"https:\/\/progettotouring.it\/radiotouring104\/wp-content\/uploads\/sites\/6\/2022\/12\/Rumori-Mediterranei.jpg\",\"keywords\":[\"Festival rumori mediterranei\",\"jazz\",\"roccella jonica\"],\"articleSection\":[\"Calabria\",\"Home\",\"News\"],\"inLanguage\":\"it-IT\",\"potentialAction\":[{\"@type\":\"CommentAction\",\"name\":\"Comment\",\"target\":[\"https:\/\/progettotouring.it\/radiotouring104\/2022\/12\/13\/roccella-chiude-con-baba-sissoko-la-rassegna-invernale-di-rumori-mediterranei\/#respond\"]}]},{\"@type\":\"WebPage\",\"@id\":\"https:\/\/progettotouring.it\/radiotouring104\/2022\/12\/13\/roccella-chiude-con-baba-sissoko-la-rassegna-invernale-di-rumori-mediterranei\/\",\"url\":\"https:\/\/progettotouring.it\/radiotouring104\/2022\/12\/13\/roccella-chiude-con-baba-sissoko-la-rassegna-invernale-di-rumori-mediterranei\/\",\"name\":\"Roccella: Baba Sissoko chiude la rassegna Rumori Mediterranei\",\"isPartOf\":{\"@id\":\"https:\/\/progettotouring.it\/radiotouring104\/#website\"},\"primaryImageOfPage\":{\"@id\":\"https:\/\/progettotouring.it\/radiotouring104\/2022\/12\/13\/roccella-chiude-con-baba-sissoko-la-rassegna-invernale-di-rumori-mediterranei\/#primaryimage\"},\"image\":{\"@id\":\"https:\/\/progettotouring.it\/radiotouring104\/2022\/12\/13\/roccella-chiude-con-baba-sissoko-la-rassegna-invernale-di-rumori-mediterranei\/#primaryimage\"},\"thumbnailUrl\":\"https:\/\/progettotouring.it\/radiotouring104\/wp-content\/uploads\/sites\/6\/2022\/12\/Rumori-Mediterranei.jpg\",\"datePublished\":\"2022-12-13T12:01:05+00:00\",\"description\":\"Ritmato da concerti, libri e progetti discografici il Festival lascia al percussionista africano l'ultima sferzata di energia\",\"breadcrumb\":{\"@id\":\"https:\/\/progettotouring.it\/radiotouring104\/2022\/12\/13\/roccella-chiude-con-baba-sissoko-la-rassegna-invernale-di-rumori-mediterranei\/#breadcrumb\"},\"inLanguage\":\"it-IT\",\"potentialAction\":[{\"@type\":\"ReadAction\",\"target\":[\"https:\/\/progettotouring.it\/radiotouring104\/2022\/12\/13\/roccella-chiude-con-baba-sissoko-la-rassegna-invernale-di-rumori-mediterranei\/\"]}]},{\"@type\":\"ImageObject\",\"inLanguage\":\"it-IT\",\"@id\":\"https:\/\/progettotouring.it\/radiotouring104\/2022\/12\/13\/roccella-chiude-con-baba-sissoko-la-rassegna-invernale-di-rumori-mediterranei\/#primaryimage\",\"url\":\"https:\/\/progettotouring.it\/radiotouring104\/wp-content\/uploads\/sites\/6\/2022\/12\/Rumori-Mediterranei.jpg\",\"contentUrl\":\"https:\/\/progettotouring.it\/radiotouring104\/wp-content\/uploads\/sites\/6\/2022\/12\/Rumori-Mediterranei.jpg\",\"width\":720,\"height\":540},{\"@type\":\"BreadcrumbList\",\"@id\":\"https:\/\/progettotouring.it\/radiotouring104\/2022\/12\/13\/roccella-chiude-con-baba-sissoko-la-rassegna-invernale-di-rumori-mediterranei\/#breadcrumb\",\"itemListElement\":[{\"@type\":\"ListItem\",\"position\":1,\"name\":\"Home\",\"item\":\"https:\/\/progettotouring.it\/radiotouring104\/\"},{\"@type\":\"ListItem\",\"position\":2,\"name\":\"Roccella: chiude con Baba Sissoko la rassegna invernale di Rumori Mediterranei\"}]},{\"@type\":\"WebSite\",\"@id\":\"https:\/\/progettotouring.it\/radiotouring104\/#website\",\"url\":\"https:\/\/progettotouring.it\/radiotouring104\/\",\"name\":\"Radio Touring 104\",\"description\":\"La prima radio Reggina\",\"publisher\":{\"@id\":\"https:\/\/progettotouring.it\/radiotouring104\/#organization\"},\"potentialAction\":[{\"@type\":\"SearchAction\",\"target\":{\"@type\":\"EntryPoint\",\"urlTemplate\":\"https:\/\/progettotouring.it\/radiotouring104\/?s={search_term_string}\"},\"query-input\":{\"@type\":\"PropertyValueSpecification\",\"valueRequired\":true,\"valueName\":\"search_term_string\"}}],\"inLanguage\":\"it-IT\"},{\"@type\":\"Organization\",\"@id\":\"https:\/\/progettotouring.it\/radiotouring104\/#organization\",\"name\":\"Radio Touring 104\",\"url\":\"https:\/\/progettotouring.it\/radiotouring104\/\",\"logo\":{\"@type\":\"ImageObject\",\"inLanguage\":\"it-IT\",\"@id\":\"https:\/\/progettotouring.it\/radiotouring104\/#\/schema\/logo\/image\/\",\"url\":\"https:\/\/progettotouring.it\/radiotouring104\/wp-content\/uploads\/sites\/6\/2022\/02\/cropped-logo-radio-touring-104.png\",\"contentUrl\":\"https:\/\/progettotouring.it\/radiotouring104\/wp-content\/uploads\/sites\/6\/2022\/02\/cropped-logo-radio-touring-104.png\",\"width\":377,\"height\":182,\"caption\":\"Radio Touring 104\"},\"image\":{\"@id\":\"https:\/\/progettotouring.it\/radiotouring104\/#\/schema\/logo\/image\/\"}},{\"@type\":\"Person\",\"@id\":\"https:\/\/progettotouring.it\/radiotouring104\/#\/schema\/person\/8458ed437f4094f881aab8e4cc572684\",\"name\":\"Helena Pedone\",\"image\":{\"@type\":\"ImageObject\",\"inLanguage\":\"it-IT\",\"@id\":\"https:\/\/secure.gravatar.com\/avatar\/95a63adf316f90175b68113b4b895a96641be06395ffeef88fea6178b30027d9?s=96&d=mm&r=g\",\"url\":\"https:\/\/secure.gravatar.com\/avatar\/95a63adf316f90175b68113b4b895a96641be06395ffeef88fea6178b30027d9?s=96&d=mm&r=g\",\"contentUrl\":\"https:\/\/secure.gravatar.com\/avatar\/95a63adf316f90175b68113b4b895a96641be06395ffeef88fea6178b30027d9?s=96&d=mm&r=g\",\"caption\":\"Helena Pedone\"},\"url\":\"https:\/\/progettotouring.it\/radiotouring104\/author\/helena\/\"}]}<\/script>\n<!-- \/ Yoast SEO plugin. -->","yoast_head_json":{"title":"Roccella: Baba Sissoko chiude la rassegna Rumori Mediterranei","description":"Ritmato da concerti, libri e progetti discografici il Festival lascia al percussionista africano l'ultima sferzata di energia","robots":{"index":"index","follow":"follow","max-snippet":"max-snippet:-1","max-image-preview":"max-image-preview:large","max-video-preview":"max-video-preview:-1"},"canonical":"https:\/\/progettotouring.it\/radiotouring104\/2022\/12\/13\/roccella-chiude-con-baba-sissoko-la-rassegna-invernale-di-rumori-mediterranei\/","og_locale":"it_IT","og_type":"article","og_title":"Roccella: Baba Sissoko chiude la rassegna Rumori Mediterranei","og_description":"Ritmato da concerti, libri e progetti discografici il Festival lascia al percussionista africano l'ultima sferzata di energia","og_url":"https:\/\/progettotouring.it\/radiotouring104\/2022\/12\/13\/roccella-chiude-con-baba-sissoko-la-rassegna-invernale-di-rumori-mediterranei\/","og_site_name":"Radio Touring 104","article_published_time":"2022-12-13T12:01:05+00:00","og_image":[{"width":720,"height":540,"url":"https:\/\/progettotouring.it\/radiotouring104\/wp-content\/uploads\/sites\/6\/2022\/12\/Rumori-Mediterranei.jpg","type":"image\/jpeg"}],"author":"Helena Pedone","twitter_card":"summary_large_image","twitter_misc":{"Scritto da":"Helena Pedone","Tempo di lettura stimato":"2 minuti"},"schema":{"@context":"https:\/\/schema.org","@graph":[{"@type":"Article","@id":"https:\/\/progettotouring.it\/radiotouring104\/2022\/12\/13\/roccella-chiude-con-baba-sissoko-la-rassegna-invernale-di-rumori-mediterranei\/#article","isPartOf":{"@id":"https:\/\/progettotouring.it\/radiotouring104\/2022\/12\/13\/roccella-chiude-con-baba-sissoko-la-rassegna-invernale-di-rumori-mediterranei\/"},"author":{"name":"Helena Pedone","@id":"https:\/\/progettotouring.it\/radiotouring104\/#\/schema\/person\/8458ed437f4094f881aab8e4cc572684"},"headline":"Roccella: chiude con Baba Sissoko la rassegna invernale di Rumori Mediterranei","datePublished":"2022-12-13T12:01:05+00:00","mainEntityOfPage":{"@id":"https:\/\/progettotouring.it\/radiotouring104\/2022\/12\/13\/roccella-chiude-con-baba-sissoko-la-rassegna-invernale-di-rumori-mediterranei\/"},"wordCount":465,"commentCount":0,"publisher":{"@id":"https:\/\/progettotouring.it\/radiotouring104\/#organization"},"image":{"@id":"https:\/\/progettotouring.it\/radiotouring104\/2022\/12\/13\/roccella-chiude-con-baba-sissoko-la-rassegna-invernale-di-rumori-mediterranei\/#primaryimage"},"thumbnailUrl":"https:\/\/progettotouring.it\/radiotouring104\/wp-content\/uploads\/sites\/6\/2022\/12\/Rumori-Mediterranei.jpg","keywords":["Festival rumori mediterranei","jazz","roccella jonica"],"articleSection":["Calabria","Home","News"],"inLanguage":"it-IT","potentialAction":[{"@type":"CommentAction","name":"Comment","target":["https:\/\/progettotouring.it\/radiotouring104\/2022\/12\/13\/roccella-chiude-con-baba-sissoko-la-rassegna-invernale-di-rumori-mediterranei\/#respond"]}]},{"@type":"WebPage","@id":"https:\/\/progettotouring.it\/radiotouring104\/2022\/12\/13\/roccella-chiude-con-baba-sissoko-la-rassegna-invernale-di-rumori-mediterranei\/","url":"https:\/\/progettotouring.it\/radiotouring104\/2022\/12\/13\/roccella-chiude-con-baba-sissoko-la-rassegna-invernale-di-rumori-mediterranei\/","name":"Roccella: Baba Sissoko chiude la rassegna Rumori Mediterranei","isPartOf":{"@id":"https:\/\/progettotouring.it\/radiotouring104\/#website"},"primaryImageOfPage":{"@id":"https:\/\/progettotouring.it\/radiotouring104\/2022\/12\/13\/roccella-chiude-con-baba-sissoko-la-rassegna-invernale-di-rumori-mediterranei\/#primaryimage"},"image":{"@id":"https:\/\/progettotouring.it\/radiotouring104\/2022\/12\/13\/roccella-chiude-con-baba-sissoko-la-rassegna-invernale-di-rumori-mediterranei\/#primaryimage"},"thumbnailUrl":"https:\/\/progettotouring.it\/radiotouring104\/wp-content\/uploads\/sites\/6\/2022\/12\/Rumori-Mediterranei.jpg","datePublished":"2022-12-13T12:01:05+00:00","description":"Ritmato da concerti, libri e progetti discografici il Festival lascia al percussionista africano l'ultima sferzata di energia","breadcrumb":{"@id":"https:\/\/progettotouring.it\/radiotouring104\/2022\/12\/13\/roccella-chiude-con-baba-sissoko-la-rassegna-invernale-di-rumori-mediterranei\/#breadcrumb"},"inLanguage":"it-IT","potentialAction":[{"@type":"ReadAction","target":["https:\/\/progettotouring.it\/radiotouring104\/2022\/12\/13\/roccella-chiude-con-baba-sissoko-la-rassegna-invernale-di-rumori-mediterranei\/"]}]},{"@type":"ImageObject","inLanguage":"it-IT","@id":"https:\/\/progettotouring.it\/radiotouring104\/2022\/12\/13\/roccella-chiude-con-baba-sissoko-la-rassegna-invernale-di-rumori-mediterranei\/#primaryimage","url":"https:\/\/progettotouring.it\/radiotouring104\/wp-content\/uploads\/sites\/6\/2022\/12\/Rumori-Mediterranei.jpg","contentUrl":"https:\/\/progettotouring.it\/radiotouring104\/wp-content\/uploads\/sites\/6\/2022\/12\/Rumori-Mediterranei.jpg","width":720,"height":540},{"@type":"BreadcrumbList","@id":"https:\/\/progettotouring.it\/radiotouring104\/2022\/12\/13\/roccella-chiude-con-baba-sissoko-la-rassegna-invernale-di-rumori-mediterranei\/#breadcrumb","itemListElement":[{"@type":"ListItem","position":1,"name":"Home","item":"https:\/\/progettotouring.it\/radiotouring104\/"},{"@type":"ListItem","position":2,"name":"Roccella: chiude con Baba Sissoko la rassegna invernale di Rumori Mediterranei"}]},{"@type":"WebSite","@id":"https:\/\/progettotouring.it\/radiotouring104\/#website","url":"https:\/\/progettotouring.it\/radiotouring104\/","name":"Radio Touring 104","description":"La prima radio Reggina","publisher":{"@id":"https:\/\/progettotouring.it\/radiotouring104\/#organization"},"potentialAction":[{"@type":"SearchAction","target":{"@type":"EntryPoint","urlTemplate":"https:\/\/progettotouring.it\/radiotouring104\/?s={search_term_string}"},"query-input":{"@type":"PropertyValueSpecification","valueRequired":true,"valueName":"search_term_string"}}],"inLanguage":"it-IT"},{"@type":"Organization","@id":"https:\/\/progettotouring.it\/radiotouring104\/#organization","name":"Radio Touring 104","url":"https:\/\/progettotouring.it\/radiotouring104\/","logo":{"@type":"ImageObject","inLanguage":"it-IT","@id":"https:\/\/progettotouring.it\/radiotouring104\/#\/schema\/logo\/image\/","url":"https:\/\/progettotouring.it\/radiotouring104\/wp-content\/uploads\/sites\/6\/2022\/02\/cropped-logo-radio-touring-104.png","contentUrl":"https:\/\/progettotouring.it\/radiotouring104\/wp-content\/uploads\/sites\/6\/2022\/02\/cropped-logo-radio-touring-104.png","width":377,"height":182,"caption":"Radio Touring 104"},"image":{"@id":"https:\/\/progettotouring.it\/radiotouring104\/#\/schema\/logo\/image\/"}},{"@type":"Person","@id":"https:\/\/progettotouring.it\/radiotouring104\/#\/schema\/person\/8458ed437f4094f881aab8e4cc572684","name":"Helena Pedone","image":{"@type":"ImageObject","inLanguage":"it-IT","@id":"https:\/\/secure.gravatar.com\/avatar\/95a63adf316f90175b68113b4b895a96641be06395ffeef88fea6178b30027d9?s=96&d=mm&r=g","url":"https:\/\/secure.gravatar.com\/avatar\/95a63adf316f90175b68113b4b895a96641be06395ffeef88fea6178b30027d9?s=96&d=mm&r=g","contentUrl":"https:\/\/secure.gravatar.com\/avatar\/95a63adf316f90175b68113b4b895a96641be06395ffeef88fea6178b30027d9?s=96&d=mm&r=g","caption":"Helena Pedone"},"url":"https:\/\/progettotouring.it\/radiotouring104\/author\/helena\/"}]}},"jetpack_publicize_connections":[],"jetpack_featured_media_url":"https:\/\/progettotouring.it\/radiotouring104\/wp-content\/uploads\/sites\/6\/2022\/12\/Rumori-Mediterranei.jpg","jetpack_sharing_enabled":true,"_links":{"self":[{"href":"https:\/\/progettotouring.it\/radiotouring104\/wp-json\/wp\/v2\/posts\/14631","targetHints":{"allow":["GET"]}}],"collection":[{"href":"https:\/\/progettotouring.it\/radiotouring104\/wp-json\/wp\/v2\/posts"}],"about":[{"href":"https:\/\/progettotouring.it\/radiotouring104\/wp-json\/wp\/v2\/types\/post"}],"author":[{"embeddable":true,"href":"https:\/\/progettotouring.it\/radiotouring104\/wp-json\/wp\/v2\/users\/13"}],"replies":[{"embeddable":true,"href":"https:\/\/progettotouring.it\/radiotouring104\/wp-json\/wp\/v2\/comments?post=14631"}],"version-history":[{"count":1,"href":"https:\/\/progettotouring.it\/radiotouring104\/wp-json\/wp\/v2\/posts\/14631\/revisions"}],"predecessor-version":[{"id":14638,"href":"https:\/\/progettotouring.it\/radiotouring104\/wp-json\/wp\/v2\/posts\/14631\/revisions\/14638"}],"wp:featuredmedia":[{"embeddable":true,"href":"https:\/\/progettotouring.it\/radiotouring104\/wp-json\/wp\/v2\/media\/14637"}],"wp:attachment":[{"href":"https:\/\/progettotouring.it\/radiotouring104\/wp-json\/wp\/v2\/media?parent=14631"}],"wp:term":[{"taxonomy":"category","embeddable":true,"href":"https:\/\/progettotouring.it\/radiotouring104\/wp-json\/wp\/v2\/categories?post=14631"},{"taxonomy":"post_tag","embeddable":true,"href":"https:\/\/progettotouring.it\/radiotouring104\/wp-json\/wp\/v2\/tags?post=14631"}],"curies":[{"name":"wp","href":"https:\/\/api.w.org\/{rel}","templated":true}]}}