{"id":14634,"date":"2022-12-13T12:58:40","date_gmt":"2022-12-13T11:58:40","guid":{"rendered":"https:\/\/progettotouring.it\/radiotouring104\/?p=14634"},"modified":"2022-12-13T12:58:40","modified_gmt":"2022-12-13T11:58:40","slug":"prof-stanganelli-plaude-al-sequestro-della-struttura-abusiva-a-bova","status":"publish","type":"post","link":"https:\/\/progettotouring.it\/radiotouring104\/2022\/12\/13\/prof-stanganelli-plaude-al-sequestro-della-struttura-abusiva-a-bova\/","title":{"rendered":"Prof Stanganelli plaude al sequestro della struttura abusiva a Bova,"},"content":{"rendered":"<p>&nbsp;<\/p>\n<p>Esprimo particolare apprezzamento per l\u2019attivit\u00e0 finalizzata al contrasto dei reati in materia ambientale e salute pubblica dei carabinieri di Melito Porto Salvo che, insieme ai militari del Nucleo Antisofisticazioni e Sanit\u00e0 di Reggio Calabria e dei forestali di Melito Porto Salvo, hanno denunciato in stato di libert\u00e0 tre soggetti, per esercizio abusivo di una professione, abbandono di persone incapaci, abusivismo edilizio ed indebita percezione del reddito di cittadinanza.<\/p>\n<p>Sembrerebbe un film surreale quello che avrebbero vissuto i quattro anziani affetti da disabilit\u00e0 fisiche e psichiche, non autosufficienti e bisognosi di continua assistenza medica e senza una qualificata assistenza ed in condizioni igieniche pessime, accolti in una pseudo-struttura ricettiva per anziani, all\u2019interno di uno stabile abusivo, collocata in un terreno agricolo, nel Comune di Bova Marina, i cui esiti d\u2019indagine sono stati posti al vaglio della Procura di Reggio Calabria.<\/p>\n<p>La dignit\u00e0 dei pazienti \u00e8 la dignit\u00e0 dell\u2019Italia e della Calabria. Avevo commentato in una recente intervista proprio a sottolineare che abbiamo bisogno di servizi e di essere solidali tutti ed al servizio di tutti.<\/p>\n<p>La vigilanza assidua e diffusa sul territorio \u00e8 lo strumento pi\u00f9 efficace per disincentivare comportamenti che minano la salute dei cittadini.<\/p>\n<p>&nbsp;<\/p>\n<p>&nbsp;<\/p>\n","protected":false},"excerpt":{"rendered":"<p>&nbsp; Esprimo particolare apprezzamento per l\u2019attivit\u00e0 finalizzata al contrasto dei reati in materia ambientale e salute pubblica dei carabinieri di Melito Porto Salvo che, insieme ai militari del Nucleo Antisofisticazioni&hellip;<\/p>\n","protected":false},"author":12,"featured_media":13151,"comment_status":"open","ping_status":"open","sticky":false,"template":"","format":"standard","meta":{"_jetpack_memberships_contains_paid_content":false,"footnotes":"","jetpack_publicize_message":"","jetpack_publicize_feature_enabled":true,"jetpack_social_post_already_shared":false,"jetpack_social_options":{"image_generator_settings":{"template":"highway","default_image_id":0,"font":"","enabled":false},"version":2}},"categories":[921,196,140],"tags":[7201,7203,7202,5901,7204],"class_list":["post-14634","post","type-post","status-publish","format-standard","has-post-thumbnail","hentry","category-home","category-news","category-reggio-calabria","tag-carabinieri-di-melito-porto-salvo","tag-dei-forestali-di-melito-porto-salvo","tag-nucleo-antisofisticazioni-e-sanita-di-reggio-calabria","tag-prof-ssa-stanganelli","tag-sequestro-struttura-abusiva-per-anziani"],"yoast_head":"<!-- This site is optimized with the Yoast SEO plugin v27.2 - https:\/\/yoast.com\/product\/yoast-seo-wordpress\/ -->\n<title>Prof Stanganelli plaude al sequestro della struttura abusiva a Bova<\/title>\n<meta name=\"description\" content=\"La Garante della Salute della Regione Calabria, prof.ssa Anna Maria Stanganelli esprime apprezzamento per l&#039;operazione di ieri\" \/>\n<meta name=\"robots\" content=\"index, follow, max-snippet:-1, max-image-preview:large, max-video-preview:-1\" \/>\n<link rel=\"canonical\" href=\"https:\/\/progettotouring.it\/radiotouring104\/2022\/12\/13\/prof-stanganelli-plaude-al-sequestro-della-struttura-abusiva-a-bova\/\" \/>\n<meta property=\"og:locale\" content=\"it_IT\" \/>\n<meta property=\"og:type\" content=\"article\" \/>\n<meta property=\"og:title\" content=\"Prof Stanganelli plaude al sequestro della struttura abusiva a Bova\" \/>\n<meta property=\"og:description\" content=\"La Garante della Salute della Regione Calabria, prof.ssa Anna Maria Stanganelli esprime apprezzamento per l&#039;operazione di ieri\" \/>\n<meta property=\"og:url\" content=\"https:\/\/progettotouring.it\/radiotouring104\/2022\/12\/13\/prof-stanganelli-plaude-al-sequestro-della-struttura-abusiva-a-bova\/\" \/>\n<meta property=\"og:site_name\" content=\"Radio Touring 104\" \/>\n<meta property=\"article:published_time\" content=\"2022-12-13T11:58:40+00:00\" \/>\n<meta property=\"og:image\" content=\"https:\/\/progettotouring.it\/radiotouring104\/wp-content\/uploads\/sites\/6\/2022\/11\/Anna-Maria-Stanganelli.jpeg\" \/>\n\t<meta property=\"og:image:width\" content=\"951\" \/>\n\t<meta property=\"og:image:height\" content=\"723\" \/>\n\t<meta property=\"og:image:type\" content=\"image\/jpeg\" \/>\n<meta name=\"author\" content=\"Sebastiano Plutino\" \/>\n<meta name=\"twitter:card\" content=\"summary_large_image\" \/>\n<meta name=\"twitter:label1\" content=\"Scritto da\" \/>\n\t<meta name=\"twitter:data1\" content=\"Sebastiano Plutino\" \/>\n\t<meta name=\"twitter:label2\" content=\"Tempo di lettura stimato\" \/>\n\t<meta name=\"twitter:data2\" content=\"1 minuto\" \/>\n<script type=\"application\/ld+json\" class=\"yoast-schema-graph\">{\"@context\":\"https:\/\/schema.org\",\"@graph\":[{\"@type\":\"Article\",\"@id\":\"https:\/\/progettotouring.it\/radiotouring104\/2022\/12\/13\/prof-stanganelli-plaude-al-sequestro-della-struttura-abusiva-a-bova\/#article\",\"isPartOf\":{\"@id\":\"https:\/\/progettotouring.it\/radiotouring104\/2022\/12\/13\/prof-stanganelli-plaude-al-sequestro-della-struttura-abusiva-a-bova\/\"},\"author\":{\"name\":\"Sebastiano Plutino\",\"@id\":\"https:\/\/progettotouring.it\/radiotouring104\/#\/schema\/person\/78613917f1851f041f7483f5af1d422e\"},\"headline\":\"Prof Stanganelli plaude al sequestro della struttura abusiva a Bova,\",\"datePublished\":\"2022-12-13T11:58:40+00:00\",\"mainEntityOfPage\":{\"@id\":\"https:\/\/progettotouring.it\/radiotouring104\/2022\/12\/13\/prof-stanganelli-plaude-al-sequestro-della-struttura-abusiva-a-bova\/\"},\"wordCount\":210,\"commentCount\":0,\"publisher\":{\"@id\":\"https:\/\/progettotouring.it\/radiotouring104\/#organization\"},\"image\":{\"@id\":\"https:\/\/progettotouring.it\/radiotouring104\/2022\/12\/13\/prof-stanganelli-plaude-al-sequestro-della-struttura-abusiva-a-bova\/#primaryimage\"},\"thumbnailUrl\":\"https:\/\/progettotouring.it\/radiotouring104\/wp-content\/uploads\/sites\/6\/2022\/11\/Anna-Maria-Stanganelli.jpeg\",\"keywords\":[\"carabinieri di Melito Porto Salvo\",\"dei forestali di Melito Porto Salvo\",\"Nucleo Antisofisticazioni e Sanit\u00e0 di Reggio Calabria\",\"Prof.ssa Stanganelli\",\"sequestro struttura abusiva per anziani\"],\"articleSection\":[\"Home\",\"News\",\"Reggio Calabria\"],\"inLanguage\":\"it-IT\",\"potentialAction\":[{\"@type\":\"CommentAction\",\"name\":\"Comment\",\"target\":[\"https:\/\/progettotouring.it\/radiotouring104\/2022\/12\/13\/prof-stanganelli-plaude-al-sequestro-della-struttura-abusiva-a-bova\/#respond\"]}]},{\"@type\":\"WebPage\",\"@id\":\"https:\/\/progettotouring.it\/radiotouring104\/2022\/12\/13\/prof-stanganelli-plaude-al-sequestro-della-struttura-abusiva-a-bova\/\",\"url\":\"https:\/\/progettotouring.it\/radiotouring104\/2022\/12\/13\/prof-stanganelli-plaude-al-sequestro-della-struttura-abusiva-a-bova\/\",\"name\":\"Prof Stanganelli plaude al sequestro della struttura abusiva a Bova\",\"isPartOf\":{\"@id\":\"https:\/\/progettotouring.it\/radiotouring104\/#website\"},\"primaryImageOfPage\":{\"@id\":\"https:\/\/progettotouring.it\/radiotouring104\/2022\/12\/13\/prof-stanganelli-plaude-al-sequestro-della-struttura-abusiva-a-bova\/#primaryimage\"},\"image\":{\"@id\":\"https:\/\/progettotouring.it\/radiotouring104\/2022\/12\/13\/prof-stanganelli-plaude-al-sequestro-della-struttura-abusiva-a-bova\/#primaryimage\"},\"thumbnailUrl\":\"https:\/\/progettotouring.it\/radiotouring104\/wp-content\/uploads\/sites\/6\/2022\/11\/Anna-Maria-Stanganelli.jpeg\",\"datePublished\":\"2022-12-13T11:58:40+00:00\",\"description\":\"La Garante della Salute della Regione Calabria, prof.ssa Anna Maria Stanganelli esprime apprezzamento per l'operazione di ieri\",\"breadcrumb\":{\"@id\":\"https:\/\/progettotouring.it\/radiotouring104\/2022\/12\/13\/prof-stanganelli-plaude-al-sequestro-della-struttura-abusiva-a-bova\/#breadcrumb\"},\"inLanguage\":\"it-IT\",\"potentialAction\":[{\"@type\":\"ReadAction\",\"target\":[\"https:\/\/progettotouring.it\/radiotouring104\/2022\/12\/13\/prof-stanganelli-plaude-al-sequestro-della-struttura-abusiva-a-bova\/\"]}]},{\"@type\":\"ImageObject\",\"inLanguage\":\"it-IT\",\"@id\":\"https:\/\/progettotouring.it\/radiotouring104\/2022\/12\/13\/prof-stanganelli-plaude-al-sequestro-della-struttura-abusiva-a-bova\/#primaryimage\",\"url\":\"https:\/\/progettotouring.it\/radiotouring104\/wp-content\/uploads\/sites\/6\/2022\/11\/Anna-Maria-Stanganelli.jpeg\",\"contentUrl\":\"https:\/\/progettotouring.it\/radiotouring104\/wp-content\/uploads\/sites\/6\/2022\/11\/Anna-Maria-Stanganelli.jpeg\",\"width\":951,\"height\":723},{\"@type\":\"BreadcrumbList\",\"@id\":\"https:\/\/progettotouring.it\/radiotouring104\/2022\/12\/13\/prof-stanganelli-plaude-al-sequestro-della-struttura-abusiva-a-bova\/#breadcrumb\",\"itemListElement\":[{\"@type\":\"ListItem\",\"position\":1,\"name\":\"Home\",\"item\":\"https:\/\/progettotouring.it\/radiotouring104\/\"},{\"@type\":\"ListItem\",\"position\":2,\"name\":\"Prof Stanganelli plaude al sequestro della struttura abusiva a Bova,\"}]},{\"@type\":\"WebSite\",\"@id\":\"https:\/\/progettotouring.it\/radiotouring104\/#website\",\"url\":\"https:\/\/progettotouring.it\/radiotouring104\/\",\"name\":\"Radio Touring 104\",\"description\":\"La prima radio Reggina\",\"publisher\":{\"@id\":\"https:\/\/progettotouring.it\/radiotouring104\/#organization\"},\"potentialAction\":[{\"@type\":\"SearchAction\",\"target\":{\"@type\":\"EntryPoint\",\"urlTemplate\":\"https:\/\/progettotouring.it\/radiotouring104\/?s={search_term_string}\"},\"query-input\":{\"@type\":\"PropertyValueSpecification\",\"valueRequired\":true,\"valueName\":\"search_term_string\"}}],\"inLanguage\":\"it-IT\"},{\"@type\":\"Organization\",\"@id\":\"https:\/\/progettotouring.it\/radiotouring104\/#organization\",\"name\":\"Radio Touring 104\",\"url\":\"https:\/\/progettotouring.it\/radiotouring104\/\",\"logo\":{\"@type\":\"ImageObject\",\"inLanguage\":\"it-IT\",\"@id\":\"https:\/\/progettotouring.it\/radiotouring104\/#\/schema\/logo\/image\/\",\"url\":\"https:\/\/progettotouring.it\/radiotouring104\/wp-content\/uploads\/sites\/6\/2022\/02\/cropped-logo-radio-touring-104.png\",\"contentUrl\":\"https:\/\/progettotouring.it\/radiotouring104\/wp-content\/uploads\/sites\/6\/2022\/02\/cropped-logo-radio-touring-104.png\",\"width\":377,\"height\":182,\"caption\":\"Radio Touring 104\"},\"image\":{\"@id\":\"https:\/\/progettotouring.it\/radiotouring104\/#\/schema\/logo\/image\/\"}},{\"@type\":\"Person\",\"@id\":\"https:\/\/progettotouring.it\/radiotouring104\/#\/schema\/person\/78613917f1851f041f7483f5af1d422e\",\"name\":\"Sebastiano Plutino\",\"image\":{\"@type\":\"ImageObject\",\"inLanguage\":\"it-IT\",\"@id\":\"https:\/\/secure.gravatar.com\/avatar\/0546ffaa9b79224faf9f2a156b67a529ae861d3287c66c1d8ccfdf909bcba78d?s=96&d=mm&r=g\",\"url\":\"https:\/\/secure.gravatar.com\/avatar\/0546ffaa9b79224faf9f2a156b67a529ae861d3287c66c1d8ccfdf909bcba78d?s=96&d=mm&r=g\",\"contentUrl\":\"https:\/\/secure.gravatar.com\/avatar\/0546ffaa9b79224faf9f2a156b67a529ae861d3287c66c1d8ccfdf909bcba78d?s=96&d=mm&r=g\",\"caption\":\"Sebastiano Plutino\"},\"url\":\"https:\/\/progettotouring.it\/radiotouring104\/author\/sebastiano\/\"}]}<\/script>\n<!-- \/ Yoast SEO plugin. -->","yoast_head_json":{"title":"Prof Stanganelli plaude al sequestro della struttura abusiva a Bova","description":"La Garante della Salute della Regione Calabria, prof.ssa Anna Maria Stanganelli esprime apprezzamento per l'operazione di ieri","robots":{"index":"index","follow":"follow","max-snippet":"max-snippet:-1","max-image-preview":"max-image-preview:large","max-video-preview":"max-video-preview:-1"},"canonical":"https:\/\/progettotouring.it\/radiotouring104\/2022\/12\/13\/prof-stanganelli-plaude-al-sequestro-della-struttura-abusiva-a-bova\/","og_locale":"it_IT","og_type":"article","og_title":"Prof Stanganelli plaude al sequestro della struttura abusiva a Bova","og_description":"La Garante della Salute della Regione Calabria, prof.ssa Anna Maria Stanganelli esprime apprezzamento per l'operazione di ieri","og_url":"https:\/\/progettotouring.it\/radiotouring104\/2022\/12\/13\/prof-stanganelli-plaude-al-sequestro-della-struttura-abusiva-a-bova\/","og_site_name":"Radio Touring 104","article_published_time":"2022-12-13T11:58:40+00:00","og_image":[{"width":951,"height":723,"url":"https:\/\/progettotouring.it\/radiotouring104\/wp-content\/uploads\/sites\/6\/2022\/11\/Anna-Maria-Stanganelli.jpeg","type":"image\/jpeg"}],"author":"Sebastiano Plutino","twitter_card":"summary_large_image","twitter_misc":{"Scritto da":"Sebastiano Plutino","Tempo di lettura stimato":"1 minuto"},"schema":{"@context":"https:\/\/schema.org","@graph":[{"@type":"Article","@id":"https:\/\/progettotouring.it\/radiotouring104\/2022\/12\/13\/prof-stanganelli-plaude-al-sequestro-della-struttura-abusiva-a-bova\/#article","isPartOf":{"@id":"https:\/\/progettotouring.it\/radiotouring104\/2022\/12\/13\/prof-stanganelli-plaude-al-sequestro-della-struttura-abusiva-a-bova\/"},"author":{"name":"Sebastiano Plutino","@id":"https:\/\/progettotouring.it\/radiotouring104\/#\/schema\/person\/78613917f1851f041f7483f5af1d422e"},"headline":"Prof Stanganelli plaude al sequestro della struttura abusiva a Bova,","datePublished":"2022-12-13T11:58:40+00:00","mainEntityOfPage":{"@id":"https:\/\/progettotouring.it\/radiotouring104\/2022\/12\/13\/prof-stanganelli-plaude-al-sequestro-della-struttura-abusiva-a-bova\/"},"wordCount":210,"commentCount":0,"publisher":{"@id":"https:\/\/progettotouring.it\/radiotouring104\/#organization"},"image":{"@id":"https:\/\/progettotouring.it\/radiotouring104\/2022\/12\/13\/prof-stanganelli-plaude-al-sequestro-della-struttura-abusiva-a-bova\/#primaryimage"},"thumbnailUrl":"https:\/\/progettotouring.it\/radiotouring104\/wp-content\/uploads\/sites\/6\/2022\/11\/Anna-Maria-Stanganelli.jpeg","keywords":["carabinieri di Melito Porto Salvo","dei forestali di Melito Porto Salvo","Nucleo Antisofisticazioni e Sanit\u00e0 di Reggio Calabria","Prof.ssa Stanganelli","sequestro struttura abusiva per anziani"],"articleSection":["Home","News","Reggio Calabria"],"inLanguage":"it-IT","potentialAction":[{"@type":"CommentAction","name":"Comment","target":["https:\/\/progettotouring.it\/radiotouring104\/2022\/12\/13\/prof-stanganelli-plaude-al-sequestro-della-struttura-abusiva-a-bova\/#respond"]}]},{"@type":"WebPage","@id":"https:\/\/progettotouring.it\/radiotouring104\/2022\/12\/13\/prof-stanganelli-plaude-al-sequestro-della-struttura-abusiva-a-bova\/","url":"https:\/\/progettotouring.it\/radiotouring104\/2022\/12\/13\/prof-stanganelli-plaude-al-sequestro-della-struttura-abusiva-a-bova\/","name":"Prof Stanganelli plaude al sequestro della struttura abusiva a Bova","isPartOf":{"@id":"https:\/\/progettotouring.it\/radiotouring104\/#website"},"primaryImageOfPage":{"@id":"https:\/\/progettotouring.it\/radiotouring104\/2022\/12\/13\/prof-stanganelli-plaude-al-sequestro-della-struttura-abusiva-a-bova\/#primaryimage"},"image":{"@id":"https:\/\/progettotouring.it\/radiotouring104\/2022\/12\/13\/prof-stanganelli-plaude-al-sequestro-della-struttura-abusiva-a-bova\/#primaryimage"},"thumbnailUrl":"https:\/\/progettotouring.it\/radiotouring104\/wp-content\/uploads\/sites\/6\/2022\/11\/Anna-Maria-Stanganelli.jpeg","datePublished":"2022-12-13T11:58:40+00:00","description":"La Garante della Salute della Regione Calabria, prof.ssa Anna Maria Stanganelli esprime apprezzamento per l'operazione di ieri","breadcrumb":{"@id":"https:\/\/progettotouring.it\/radiotouring104\/2022\/12\/13\/prof-stanganelli-plaude-al-sequestro-della-struttura-abusiva-a-bova\/#breadcrumb"},"inLanguage":"it-IT","potentialAction":[{"@type":"ReadAction","target":["https:\/\/progettotouring.it\/radiotouring104\/2022\/12\/13\/prof-stanganelli-plaude-al-sequestro-della-struttura-abusiva-a-bova\/"]}]},{"@type":"ImageObject","inLanguage":"it-IT","@id":"https:\/\/progettotouring.it\/radiotouring104\/2022\/12\/13\/prof-stanganelli-plaude-al-sequestro-della-struttura-abusiva-a-bova\/#primaryimage","url":"https:\/\/progettotouring.it\/radiotouring104\/wp-content\/uploads\/sites\/6\/2022\/11\/Anna-Maria-Stanganelli.jpeg","contentUrl":"https:\/\/progettotouring.it\/radiotouring104\/wp-content\/uploads\/sites\/6\/2022\/11\/Anna-Maria-Stanganelli.jpeg","width":951,"height":723},{"@type":"BreadcrumbList","@id":"https:\/\/progettotouring.it\/radiotouring104\/2022\/12\/13\/prof-stanganelli-plaude-al-sequestro-della-struttura-abusiva-a-bova\/#breadcrumb","itemListElement":[{"@type":"ListItem","position":1,"name":"Home","item":"https:\/\/progettotouring.it\/radiotouring104\/"},{"@type":"ListItem","position":2,"name":"Prof Stanganelli plaude al sequestro della struttura abusiva a Bova,"}]},{"@type":"WebSite","@id":"https:\/\/progettotouring.it\/radiotouring104\/#website","url":"https:\/\/progettotouring.it\/radiotouring104\/","name":"Radio Touring 104","description":"La prima radio Reggina","publisher":{"@id":"https:\/\/progettotouring.it\/radiotouring104\/#organization"},"potentialAction":[{"@type":"SearchAction","target":{"@type":"EntryPoint","urlTemplate":"https:\/\/progettotouring.it\/radiotouring104\/?s={search_term_string}"},"query-input":{"@type":"PropertyValueSpecification","valueRequired":true,"valueName":"search_term_string"}}],"inLanguage":"it-IT"},{"@type":"Organization","@id":"https:\/\/progettotouring.it\/radiotouring104\/#organization","name":"Radio Touring 104","url":"https:\/\/progettotouring.it\/radiotouring104\/","logo":{"@type":"ImageObject","inLanguage":"it-IT","@id":"https:\/\/progettotouring.it\/radiotouring104\/#\/schema\/logo\/image\/","url":"https:\/\/progettotouring.it\/radiotouring104\/wp-content\/uploads\/sites\/6\/2022\/02\/cropped-logo-radio-touring-104.png","contentUrl":"https:\/\/progettotouring.it\/radiotouring104\/wp-content\/uploads\/sites\/6\/2022\/02\/cropped-logo-radio-touring-104.png","width":377,"height":182,"caption":"Radio Touring 104"},"image":{"@id":"https:\/\/progettotouring.it\/radiotouring104\/#\/schema\/logo\/image\/"}},{"@type":"Person","@id":"https:\/\/progettotouring.it\/radiotouring104\/#\/schema\/person\/78613917f1851f041f7483f5af1d422e","name":"Sebastiano Plutino","image":{"@type":"ImageObject","inLanguage":"it-IT","@id":"https:\/\/secure.gravatar.com\/avatar\/0546ffaa9b79224faf9f2a156b67a529ae861d3287c66c1d8ccfdf909bcba78d?s=96&d=mm&r=g","url":"https:\/\/secure.gravatar.com\/avatar\/0546ffaa9b79224faf9f2a156b67a529ae861d3287c66c1d8ccfdf909bcba78d?s=96&d=mm&r=g","contentUrl":"https:\/\/secure.gravatar.com\/avatar\/0546ffaa9b79224faf9f2a156b67a529ae861d3287c66c1d8ccfdf909bcba78d?s=96&d=mm&r=g","caption":"Sebastiano Plutino"},"url":"https:\/\/progettotouring.it\/radiotouring104\/author\/sebastiano\/"}]}},"jetpack_publicize_connections":[],"jetpack_featured_media_url":"https:\/\/progettotouring.it\/radiotouring104\/wp-content\/uploads\/sites\/6\/2022\/11\/Anna-Maria-Stanganelli.jpeg","jetpack_sharing_enabled":true,"_links":{"self":[{"href":"https:\/\/progettotouring.it\/radiotouring104\/wp-json\/wp\/v2\/posts\/14634","targetHints":{"allow":["GET"]}}],"collection":[{"href":"https:\/\/progettotouring.it\/radiotouring104\/wp-json\/wp\/v2\/posts"}],"about":[{"href":"https:\/\/progettotouring.it\/radiotouring104\/wp-json\/wp\/v2\/types\/post"}],"author":[{"embeddable":true,"href":"https:\/\/progettotouring.it\/radiotouring104\/wp-json\/wp\/v2\/users\/12"}],"replies":[{"embeddable":true,"href":"https:\/\/progettotouring.it\/radiotouring104\/wp-json\/wp\/v2\/comments?post=14634"}],"version-history":[{"count":1,"href":"https:\/\/progettotouring.it\/radiotouring104\/wp-json\/wp\/v2\/posts\/14634\/revisions"}],"predecessor-version":[{"id":14635,"href":"https:\/\/progettotouring.it\/radiotouring104\/wp-json\/wp\/v2\/posts\/14634\/revisions\/14635"}],"wp:featuredmedia":[{"embeddable":true,"href":"https:\/\/progettotouring.it\/radiotouring104\/wp-json\/wp\/v2\/media\/13151"}],"wp:attachment":[{"href":"https:\/\/progettotouring.it\/radiotouring104\/wp-json\/wp\/v2\/media?parent=14634"}],"wp:term":[{"taxonomy":"category","embeddable":true,"href":"https:\/\/progettotouring.it\/radiotouring104\/wp-json\/wp\/v2\/categories?post=14634"},{"taxonomy":"post_tag","embeddable":true,"href":"https:\/\/progettotouring.it\/radiotouring104\/wp-json\/wp\/v2\/tags?post=14634"}],"curies":[{"name":"wp","href":"https:\/\/api.w.org\/{rel}","templated":true}]}}