{"id":14643,"date":"2022-12-13T14:10:16","date_gmt":"2022-12-13T13:10:16","guid":{"rendered":"https:\/\/progettotouring.it\/radiotouring104\/?p=14643"},"modified":"2022-12-13T14:10:16","modified_gmt":"2022-12-13T13:10:16","slug":"lamezia-terme-astor-piazzolla-seduce-il-teatro-grandinetti","status":"publish","type":"post","link":"https:\/\/progettotouring.it\/radiotouring104\/2022\/12\/13\/lamezia-terme-astor-piazzolla-seduce-il-teatro-grandinetti\/","title":{"rendered":"Lamezia Terme: Astor Piazzolla seduce il Teatro Grandinetti"},"content":{"rendered":"<p class=\"xmprfx_MsoNormal\"><span style=\"font-family: verdana, sans-serif\">Diverse culture si fondono nella musica del tango, un ideale abbraccio che diede vita a uno dei generi musicali pi\u00f9 amati. AMA Calabria continua la stagione teatrale fatta di spettacoli che uniscono molteplici forme artistiche. \u00c8 il caso di <i>\u2018Astor, un secolo di tango\u2019<\/i>, evento che si terr\u00e0 gioved\u00ec 15 dicembre al Teatro Comunale di Catanzaro e venerd\u00ec 16 dicembre al Teatro Grandinetti Comunale di Lamezia Terme, alle ore 21. Lo spettacolo \u00e8 stato organizzato da AMA Calabria, diretta da Francescantonio Pollice e sostenuto dal Ministero della Cultura \u2013 Direzione Generale dello Spettacolo e dalla Regione Calabria nell\u2019ambito del progetto Calabria Straordinaria.<\/span><\/p>\n<p class=\"xmprfx_MsoNormal\"><span style=\"font-family: verdana, sans-serif\">\u00a0<\/span><span style=\"font-family: verdana, sans-serif\"><i>\u00abUn appuntamento di ampio respiro internazionale <\/i>\u2013 ha commentato il direttore artistico Pollice &#8211;<i> che riesce a coordinare danza e musica, simbolo di quella trasversalit\u00e0 che AMA Calabria ricerca sempre con attenzione per il cartellone delle stagioni teatrali. Con \u2018Astor, un secolo di tango\u2019 il musicista Mario Stefano Pietrodarchi e i ballerini del Balletto di Roma metteranno in luce la musica e la vita di Astor Piazzolla, da sempre considerato un vero innovatore del tango\u00bb<\/i>. <\/span><\/p>\n<p class=\"xmprfx_MsoNormal\"><span style=\"font-family: verdana, sans-serif\"><i>\u2018Astor, un secolo di tango\u2019<\/i> \u00e8 un \u201cconcerto di danza\u201d che, oltre a celebrare il percorso musicale di un genio musicale, intende raccontare alcuni aspetti cruciali della vita di Piazzolla. Un evento che porta in scena diverse culture, tutte unite dall\u2019azione del viaggio e dal mare, da secoli simbolo di spostamenti e nuovi inizi. Il mare, che collega varie terre, \u00e8 un po&#8217; come Astor Piazzolla, l\u2019anello di congiunzione tra la musicalit\u00e0 del <i>tango viejo <\/i>e del <i>nuevo tango<\/i>. <\/span><\/p>\n<p class=\"xmprfx_MsoNormal\"><span style=\"font-family: verdana, sans-serif\">Le musiche del compositore e musicista argentino sono eseguite da un vero Maestro del genere come il bandoneonista Mario Stefano Pietrodarchi che ha suonato spesso al fianco di Andrea Bocelli e ha fatto concerti in tutto il mondo tra America, Francia, Polonia, Turchia e Cina.<\/span><\/p>\n<p class=\"xmprfx_MsoNormal\"><span style=\"font-family: verdana, sans-serif\">Per tutto lo spettacolo gli otto danzatori del Balletto di Roma compiranno un viaggio in cui verranno messi in luce alcuni dei momenti significativi della vita di Piazzolla, ognuno dei quali sar\u00e0 sottolineato dalle coreografie di Valerio Longo che arricchiranno la performance con la passione che ha sempre caratterizzato questo stile.<\/span><\/p>\n<p class=\"xmprfx_MsoNormal\"><span style=\"font-family: verdana, sans-serif\">\u00a0<\/span><span style=\"font-family: verdana, sans-serif\">A curarne la regia \u00e8 l\u2019italo-argentino Carlos Branca, profondo conoscitore dell\u2019uomo e del musicista Piazzolla, che ha prodotto con il premio Oscar Luis Bacalov lavori di risonanza mondiale tra i quali \u2018Estaba la madre\u2019, \u2018Concerto Baires\u2019, \u2018E Borges racconta che\u2026\u2019. Come attore ha interpretato una variet\u00e0 di ruoli diversi nel teatro classico e contemporaneo argentino e internazionale.<\/span><\/p>\n<p class=\"xmprfx_MsoNormal\"><span style=\"font-family: verdana, sans-serif\"><br \/>\nI biglietti di \u2018AstI biglietti di \u2018Astor, un secolo di tango\u2019 potranno essere acquistati presso la biglietteria del Teatro Comunale di Catanzaro, o ci si potr\u00e0 rivolgere alla segreteria ai numeri telefonici 0961.741241 e 389.0670191, o presso la biglietteria del Teatro Grandinetti di Lamezia Terme, Per ulteriori informazioni ci si potr\u00e0 rivolgere alla segreteria al numero telefonico 0968.24580 e 334.2293957 o scrivendo alla mail info@amacalabria.org. Sar\u00e0 possibile effettuare l&#8217;acquisto consultando il sito www.amaeventi.org <\/span><\/p>\n<p class=\"xmprfx_MsoNormal\"><span style=\"font-family: verdana, sans-serif\">\u00a0<\/span><\/p>\n<p><span style=\"font-family: verdana, sans-serif\">Facebook:\u00a0<a href=\"https:\/\/m.facebook.com\/amacalabria.org\/?locale2=it_IT\" target=\"_blank\" rel=\"noopener noreferrer\">https:\/\/m.facebook.com\/amacalabria.org\/?locale2=it_IT<\/a><\/span><\/p>\n<p><span style=\"font-family: verdana, sans-serif\">Instagram:\u00a0<span lang=\"EN-US\"><a href=\"https:\/\/instagram.com\/amacalabria?utm_medium=copy_link\" target=\"_blank\" rel=\"noopener noreferrer\"><span lang=\"IT\">https:\/\/instagram.com\/amacalabria?utm_medium=copy_link<\/span><\/a><\/span><\/span><\/p>\n<p><span style=\"font-family: verdana, sans-serif\">YouTube:\u00a0<span lang=\"EN-US\"><a href=\"https:\/\/www.youtube.com\/channel\/UCE0t7k3Cxftaa6pEQ6F5pHA\/featured\" target=\"_blank\" rel=\"noopener noreferrer\"><span lang=\"IT\">https:\/\/www.youtube.com\/channel\/UCE0t7k3Cxftaa6pEQ6F5pHA\/featured<\/span><\/a><\/span><\/span><\/p>\n","protected":false},"excerpt":{"rendered":"<p>Diverse culture si fondono nella musica del tango, un ideale abbraccio che diede vita a uno dei generi musicali pi\u00f9 amati. AMA Calabria continua la stagione teatrale fatta di spettacoli&hellip;<\/p>\n","protected":false},"author":13,"featured_media":14645,"comment_status":"open","ping_status":"open","sticky":false,"template":"","format":"standard","meta":{"_jetpack_memberships_contains_paid_content":false,"footnotes":"","jetpack_publicize_message":"","jetpack_publicize_feature_enabled":true,"jetpack_social_post_already_shared":false,"jetpack_social_options":{"image_generator_settings":{"template":"highway","default_image_id":0,"font":"","enabled":false},"version":2}},"categories":[142,921,196],"tags":[7209,7210,1705,5113],"class_list":["post-14643","post","type-post","status-publish","format-standard","has-post-thumbnail","hentry","category-calabria","category-home","category-news","tag-astor-piazzolla","tag-astor-un-secolo-di-tango","tag-lamezia-terme","tag-teatro-grandinetti"],"yoast_head":"<!-- This site is optimized with the Yoast SEO plugin v27.2 - https:\/\/yoast.com\/product\/yoast-seo-wordpress\/ -->\n<title>Lamezia Terme: Astor Piazzolla seduce il Teatro Grandinetti<\/title>\n<meta name=\"description\" content=\"Il 15 e il 16 dicembre sar\u00e0 celebrato il compositore argentino che col tango strugge ed eleva\" \/>\n<meta name=\"robots\" content=\"index, follow, max-snippet:-1, max-image-preview:large, max-video-preview:-1\" \/>\n<link rel=\"canonical\" href=\"https:\/\/progettotouring.it\/radiotouring104\/2022\/12\/13\/lamezia-terme-astor-piazzolla-seduce-il-teatro-grandinetti\/\" \/>\n<meta property=\"og:locale\" content=\"it_IT\" \/>\n<meta property=\"og:type\" content=\"article\" \/>\n<meta property=\"og:title\" content=\"Lamezia Terme: Astor Piazzolla seduce il Teatro Grandinetti\" \/>\n<meta property=\"og:description\" content=\"Il 15 e il 16 dicembre sar\u00e0 celebrato il compositore argentino che col tango strugge ed eleva\" \/>\n<meta property=\"og:url\" content=\"https:\/\/progettotouring.it\/radiotouring104\/2022\/12\/13\/lamezia-terme-astor-piazzolla-seduce-il-teatro-grandinetti\/\" \/>\n<meta property=\"og:site_name\" content=\"Radio Touring 104\" \/>\n<meta property=\"article:published_time\" content=\"2022-12-13T13:10:16+00:00\" \/>\n<meta property=\"og:image\" content=\"https:\/\/progettotouring.it\/radiotouring104\/wp-content\/uploads\/sites\/6\/2022\/12\/Astor-Piazzolla.jpg\" \/>\n\t<meta property=\"og:image:width\" content=\"769\" \/>\n\t<meta property=\"og:image:height\" content=\"470\" \/>\n\t<meta property=\"og:image:type\" content=\"image\/jpeg\" \/>\n<meta name=\"author\" content=\"Helena Pedone\" \/>\n<meta name=\"twitter:card\" content=\"summary_large_image\" \/>\n<meta name=\"twitter:label1\" content=\"Scritto da\" \/>\n\t<meta name=\"twitter:data1\" content=\"Helena Pedone\" \/>\n\t<meta name=\"twitter:label2\" content=\"Tempo di lettura stimato\" \/>\n\t<meta name=\"twitter:data2\" content=\"3 minuti\" \/>\n<script type=\"application\/ld+json\" class=\"yoast-schema-graph\">{\"@context\":\"https:\/\/schema.org\",\"@graph\":[{\"@type\":\"Article\",\"@id\":\"https:\/\/progettotouring.it\/radiotouring104\/2022\/12\/13\/lamezia-terme-astor-piazzolla-seduce-il-teatro-grandinetti\/#article\",\"isPartOf\":{\"@id\":\"https:\/\/progettotouring.it\/radiotouring104\/2022\/12\/13\/lamezia-terme-astor-piazzolla-seduce-il-teatro-grandinetti\/\"},\"author\":{\"name\":\"Helena Pedone\",\"@id\":\"https:\/\/progettotouring.it\/radiotouring104\/#\/schema\/person\/8458ed437f4094f881aab8e4cc572684\"},\"headline\":\"Lamezia Terme: Astor Piazzolla seduce il Teatro Grandinetti\",\"datePublished\":\"2022-12-13T13:10:16+00:00\",\"mainEntityOfPage\":{\"@id\":\"https:\/\/progettotouring.it\/radiotouring104\/2022\/12\/13\/lamezia-terme-astor-piazzolla-seduce-il-teatro-grandinetti\/\"},\"wordCount\":518,\"commentCount\":0,\"publisher\":{\"@id\":\"https:\/\/progettotouring.it\/radiotouring104\/#organization\"},\"image\":{\"@id\":\"https:\/\/progettotouring.it\/radiotouring104\/2022\/12\/13\/lamezia-terme-astor-piazzolla-seduce-il-teatro-grandinetti\/#primaryimage\"},\"thumbnailUrl\":\"https:\/\/progettotouring.it\/radiotouring104\/wp-content\/uploads\/sites\/6\/2022\/12\/Astor-Piazzolla.jpg\",\"keywords\":[\"Astor Piazzolla\",\"Astor un secolo di tango\",\"Lamezia Terme\",\"Teatro Grandinetti\"],\"articleSection\":[\"Calabria\",\"Home\",\"News\"],\"inLanguage\":\"it-IT\",\"potentialAction\":[{\"@type\":\"CommentAction\",\"name\":\"Comment\",\"target\":[\"https:\/\/progettotouring.it\/radiotouring104\/2022\/12\/13\/lamezia-terme-astor-piazzolla-seduce-il-teatro-grandinetti\/#respond\"]}]},{\"@type\":\"WebPage\",\"@id\":\"https:\/\/progettotouring.it\/radiotouring104\/2022\/12\/13\/lamezia-terme-astor-piazzolla-seduce-il-teatro-grandinetti\/\",\"url\":\"https:\/\/progettotouring.it\/radiotouring104\/2022\/12\/13\/lamezia-terme-astor-piazzolla-seduce-il-teatro-grandinetti\/\",\"name\":\"Lamezia Terme: Astor Piazzolla seduce il Teatro Grandinetti\",\"isPartOf\":{\"@id\":\"https:\/\/progettotouring.it\/radiotouring104\/#website\"},\"primaryImageOfPage\":{\"@id\":\"https:\/\/progettotouring.it\/radiotouring104\/2022\/12\/13\/lamezia-terme-astor-piazzolla-seduce-il-teatro-grandinetti\/#primaryimage\"},\"image\":{\"@id\":\"https:\/\/progettotouring.it\/radiotouring104\/2022\/12\/13\/lamezia-terme-astor-piazzolla-seduce-il-teatro-grandinetti\/#primaryimage\"},\"thumbnailUrl\":\"https:\/\/progettotouring.it\/radiotouring104\/wp-content\/uploads\/sites\/6\/2022\/12\/Astor-Piazzolla.jpg\",\"datePublished\":\"2022-12-13T13:10:16+00:00\",\"description\":\"Il 15 e il 16 dicembre sar\u00e0 celebrato il compositore argentino che col tango strugge ed eleva\",\"breadcrumb\":{\"@id\":\"https:\/\/progettotouring.it\/radiotouring104\/2022\/12\/13\/lamezia-terme-astor-piazzolla-seduce-il-teatro-grandinetti\/#breadcrumb\"},\"inLanguage\":\"it-IT\",\"potentialAction\":[{\"@type\":\"ReadAction\",\"target\":[\"https:\/\/progettotouring.it\/radiotouring104\/2022\/12\/13\/lamezia-terme-astor-piazzolla-seduce-il-teatro-grandinetti\/\"]}]},{\"@type\":\"ImageObject\",\"inLanguage\":\"it-IT\",\"@id\":\"https:\/\/progettotouring.it\/radiotouring104\/2022\/12\/13\/lamezia-terme-astor-piazzolla-seduce-il-teatro-grandinetti\/#primaryimage\",\"url\":\"https:\/\/progettotouring.it\/radiotouring104\/wp-content\/uploads\/sites\/6\/2022\/12\/Astor-Piazzolla.jpg\",\"contentUrl\":\"https:\/\/progettotouring.it\/radiotouring104\/wp-content\/uploads\/sites\/6\/2022\/12\/Astor-Piazzolla.jpg\",\"width\":769,\"height\":470},{\"@type\":\"BreadcrumbList\",\"@id\":\"https:\/\/progettotouring.it\/radiotouring104\/2022\/12\/13\/lamezia-terme-astor-piazzolla-seduce-il-teatro-grandinetti\/#breadcrumb\",\"itemListElement\":[{\"@type\":\"ListItem\",\"position\":1,\"name\":\"Home\",\"item\":\"https:\/\/progettotouring.it\/radiotouring104\/\"},{\"@type\":\"ListItem\",\"position\":2,\"name\":\"Lamezia Terme: Astor Piazzolla seduce il Teatro Grandinetti\"}]},{\"@type\":\"WebSite\",\"@id\":\"https:\/\/progettotouring.it\/radiotouring104\/#website\",\"url\":\"https:\/\/progettotouring.it\/radiotouring104\/\",\"name\":\"Radio Touring 104\",\"description\":\"La prima radio Reggina\",\"publisher\":{\"@id\":\"https:\/\/progettotouring.it\/radiotouring104\/#organization\"},\"potentialAction\":[{\"@type\":\"SearchAction\",\"target\":{\"@type\":\"EntryPoint\",\"urlTemplate\":\"https:\/\/progettotouring.it\/radiotouring104\/?s={search_term_string}\"},\"query-input\":{\"@type\":\"PropertyValueSpecification\",\"valueRequired\":true,\"valueName\":\"search_term_string\"}}],\"inLanguage\":\"it-IT\"},{\"@type\":\"Organization\",\"@id\":\"https:\/\/progettotouring.it\/radiotouring104\/#organization\",\"name\":\"Radio Touring 104\",\"url\":\"https:\/\/progettotouring.it\/radiotouring104\/\",\"logo\":{\"@type\":\"ImageObject\",\"inLanguage\":\"it-IT\",\"@id\":\"https:\/\/progettotouring.it\/radiotouring104\/#\/schema\/logo\/image\/\",\"url\":\"https:\/\/progettotouring.it\/radiotouring104\/wp-content\/uploads\/sites\/6\/2022\/02\/cropped-logo-radio-touring-104.png\",\"contentUrl\":\"https:\/\/progettotouring.it\/radiotouring104\/wp-content\/uploads\/sites\/6\/2022\/02\/cropped-logo-radio-touring-104.png\",\"width\":377,\"height\":182,\"caption\":\"Radio Touring 104\"},\"image\":{\"@id\":\"https:\/\/progettotouring.it\/radiotouring104\/#\/schema\/logo\/image\/\"}},{\"@type\":\"Person\",\"@id\":\"https:\/\/progettotouring.it\/radiotouring104\/#\/schema\/person\/8458ed437f4094f881aab8e4cc572684\",\"name\":\"Helena Pedone\",\"image\":{\"@type\":\"ImageObject\",\"inLanguage\":\"it-IT\",\"@id\":\"https:\/\/secure.gravatar.com\/avatar\/95a63adf316f90175b68113b4b895a96641be06395ffeef88fea6178b30027d9?s=96&d=mm&r=g\",\"url\":\"https:\/\/secure.gravatar.com\/avatar\/95a63adf316f90175b68113b4b895a96641be06395ffeef88fea6178b30027d9?s=96&d=mm&r=g\",\"contentUrl\":\"https:\/\/secure.gravatar.com\/avatar\/95a63adf316f90175b68113b4b895a96641be06395ffeef88fea6178b30027d9?s=96&d=mm&r=g\",\"caption\":\"Helena Pedone\"},\"url\":\"https:\/\/progettotouring.it\/radiotouring104\/author\/helena\/\"}]}<\/script>\n<!-- \/ Yoast SEO plugin. -->","yoast_head_json":{"title":"Lamezia Terme: Astor Piazzolla seduce il Teatro Grandinetti","description":"Il 15 e il 16 dicembre sar\u00e0 celebrato il compositore argentino che col tango strugge ed eleva","robots":{"index":"index","follow":"follow","max-snippet":"max-snippet:-1","max-image-preview":"max-image-preview:large","max-video-preview":"max-video-preview:-1"},"canonical":"https:\/\/progettotouring.it\/radiotouring104\/2022\/12\/13\/lamezia-terme-astor-piazzolla-seduce-il-teatro-grandinetti\/","og_locale":"it_IT","og_type":"article","og_title":"Lamezia Terme: Astor Piazzolla seduce il Teatro Grandinetti","og_description":"Il 15 e il 16 dicembre sar\u00e0 celebrato il compositore argentino che col tango strugge ed eleva","og_url":"https:\/\/progettotouring.it\/radiotouring104\/2022\/12\/13\/lamezia-terme-astor-piazzolla-seduce-il-teatro-grandinetti\/","og_site_name":"Radio Touring 104","article_published_time":"2022-12-13T13:10:16+00:00","og_image":[{"width":769,"height":470,"url":"https:\/\/progettotouring.it\/radiotouring104\/wp-content\/uploads\/sites\/6\/2022\/12\/Astor-Piazzolla.jpg","type":"image\/jpeg"}],"author":"Helena Pedone","twitter_card":"summary_large_image","twitter_misc":{"Scritto da":"Helena Pedone","Tempo di lettura stimato":"3 minuti"},"schema":{"@context":"https:\/\/schema.org","@graph":[{"@type":"Article","@id":"https:\/\/progettotouring.it\/radiotouring104\/2022\/12\/13\/lamezia-terme-astor-piazzolla-seduce-il-teatro-grandinetti\/#article","isPartOf":{"@id":"https:\/\/progettotouring.it\/radiotouring104\/2022\/12\/13\/lamezia-terme-astor-piazzolla-seduce-il-teatro-grandinetti\/"},"author":{"name":"Helena Pedone","@id":"https:\/\/progettotouring.it\/radiotouring104\/#\/schema\/person\/8458ed437f4094f881aab8e4cc572684"},"headline":"Lamezia Terme: Astor Piazzolla seduce il Teatro Grandinetti","datePublished":"2022-12-13T13:10:16+00:00","mainEntityOfPage":{"@id":"https:\/\/progettotouring.it\/radiotouring104\/2022\/12\/13\/lamezia-terme-astor-piazzolla-seduce-il-teatro-grandinetti\/"},"wordCount":518,"commentCount":0,"publisher":{"@id":"https:\/\/progettotouring.it\/radiotouring104\/#organization"},"image":{"@id":"https:\/\/progettotouring.it\/radiotouring104\/2022\/12\/13\/lamezia-terme-astor-piazzolla-seduce-il-teatro-grandinetti\/#primaryimage"},"thumbnailUrl":"https:\/\/progettotouring.it\/radiotouring104\/wp-content\/uploads\/sites\/6\/2022\/12\/Astor-Piazzolla.jpg","keywords":["Astor Piazzolla","Astor un secolo di tango","Lamezia Terme","Teatro Grandinetti"],"articleSection":["Calabria","Home","News"],"inLanguage":"it-IT","potentialAction":[{"@type":"CommentAction","name":"Comment","target":["https:\/\/progettotouring.it\/radiotouring104\/2022\/12\/13\/lamezia-terme-astor-piazzolla-seduce-il-teatro-grandinetti\/#respond"]}]},{"@type":"WebPage","@id":"https:\/\/progettotouring.it\/radiotouring104\/2022\/12\/13\/lamezia-terme-astor-piazzolla-seduce-il-teatro-grandinetti\/","url":"https:\/\/progettotouring.it\/radiotouring104\/2022\/12\/13\/lamezia-terme-astor-piazzolla-seduce-il-teatro-grandinetti\/","name":"Lamezia Terme: Astor Piazzolla seduce il Teatro Grandinetti","isPartOf":{"@id":"https:\/\/progettotouring.it\/radiotouring104\/#website"},"primaryImageOfPage":{"@id":"https:\/\/progettotouring.it\/radiotouring104\/2022\/12\/13\/lamezia-terme-astor-piazzolla-seduce-il-teatro-grandinetti\/#primaryimage"},"image":{"@id":"https:\/\/progettotouring.it\/radiotouring104\/2022\/12\/13\/lamezia-terme-astor-piazzolla-seduce-il-teatro-grandinetti\/#primaryimage"},"thumbnailUrl":"https:\/\/progettotouring.it\/radiotouring104\/wp-content\/uploads\/sites\/6\/2022\/12\/Astor-Piazzolla.jpg","datePublished":"2022-12-13T13:10:16+00:00","description":"Il 15 e il 16 dicembre sar\u00e0 celebrato il compositore argentino che col tango strugge ed eleva","breadcrumb":{"@id":"https:\/\/progettotouring.it\/radiotouring104\/2022\/12\/13\/lamezia-terme-astor-piazzolla-seduce-il-teatro-grandinetti\/#breadcrumb"},"inLanguage":"it-IT","potentialAction":[{"@type":"ReadAction","target":["https:\/\/progettotouring.it\/radiotouring104\/2022\/12\/13\/lamezia-terme-astor-piazzolla-seduce-il-teatro-grandinetti\/"]}]},{"@type":"ImageObject","inLanguage":"it-IT","@id":"https:\/\/progettotouring.it\/radiotouring104\/2022\/12\/13\/lamezia-terme-astor-piazzolla-seduce-il-teatro-grandinetti\/#primaryimage","url":"https:\/\/progettotouring.it\/radiotouring104\/wp-content\/uploads\/sites\/6\/2022\/12\/Astor-Piazzolla.jpg","contentUrl":"https:\/\/progettotouring.it\/radiotouring104\/wp-content\/uploads\/sites\/6\/2022\/12\/Astor-Piazzolla.jpg","width":769,"height":470},{"@type":"BreadcrumbList","@id":"https:\/\/progettotouring.it\/radiotouring104\/2022\/12\/13\/lamezia-terme-astor-piazzolla-seduce-il-teatro-grandinetti\/#breadcrumb","itemListElement":[{"@type":"ListItem","position":1,"name":"Home","item":"https:\/\/progettotouring.it\/radiotouring104\/"},{"@type":"ListItem","position":2,"name":"Lamezia Terme: Astor Piazzolla seduce il Teatro Grandinetti"}]},{"@type":"WebSite","@id":"https:\/\/progettotouring.it\/radiotouring104\/#website","url":"https:\/\/progettotouring.it\/radiotouring104\/","name":"Radio Touring 104","description":"La prima radio Reggina","publisher":{"@id":"https:\/\/progettotouring.it\/radiotouring104\/#organization"},"potentialAction":[{"@type":"SearchAction","target":{"@type":"EntryPoint","urlTemplate":"https:\/\/progettotouring.it\/radiotouring104\/?s={search_term_string}"},"query-input":{"@type":"PropertyValueSpecification","valueRequired":true,"valueName":"search_term_string"}}],"inLanguage":"it-IT"},{"@type":"Organization","@id":"https:\/\/progettotouring.it\/radiotouring104\/#organization","name":"Radio Touring 104","url":"https:\/\/progettotouring.it\/radiotouring104\/","logo":{"@type":"ImageObject","inLanguage":"it-IT","@id":"https:\/\/progettotouring.it\/radiotouring104\/#\/schema\/logo\/image\/","url":"https:\/\/progettotouring.it\/radiotouring104\/wp-content\/uploads\/sites\/6\/2022\/02\/cropped-logo-radio-touring-104.png","contentUrl":"https:\/\/progettotouring.it\/radiotouring104\/wp-content\/uploads\/sites\/6\/2022\/02\/cropped-logo-radio-touring-104.png","width":377,"height":182,"caption":"Radio Touring 104"},"image":{"@id":"https:\/\/progettotouring.it\/radiotouring104\/#\/schema\/logo\/image\/"}},{"@type":"Person","@id":"https:\/\/progettotouring.it\/radiotouring104\/#\/schema\/person\/8458ed437f4094f881aab8e4cc572684","name":"Helena Pedone","image":{"@type":"ImageObject","inLanguage":"it-IT","@id":"https:\/\/secure.gravatar.com\/avatar\/95a63adf316f90175b68113b4b895a96641be06395ffeef88fea6178b30027d9?s=96&d=mm&r=g","url":"https:\/\/secure.gravatar.com\/avatar\/95a63adf316f90175b68113b4b895a96641be06395ffeef88fea6178b30027d9?s=96&d=mm&r=g","contentUrl":"https:\/\/secure.gravatar.com\/avatar\/95a63adf316f90175b68113b4b895a96641be06395ffeef88fea6178b30027d9?s=96&d=mm&r=g","caption":"Helena Pedone"},"url":"https:\/\/progettotouring.it\/radiotouring104\/author\/helena\/"}]}},"jetpack_publicize_connections":[],"jetpack_featured_media_url":"https:\/\/progettotouring.it\/radiotouring104\/wp-content\/uploads\/sites\/6\/2022\/12\/Astor-Piazzolla.jpg","jetpack_sharing_enabled":true,"_links":{"self":[{"href":"https:\/\/progettotouring.it\/radiotouring104\/wp-json\/wp\/v2\/posts\/14643","targetHints":{"allow":["GET"]}}],"collection":[{"href":"https:\/\/progettotouring.it\/radiotouring104\/wp-json\/wp\/v2\/posts"}],"about":[{"href":"https:\/\/progettotouring.it\/radiotouring104\/wp-json\/wp\/v2\/types\/post"}],"author":[{"embeddable":true,"href":"https:\/\/progettotouring.it\/radiotouring104\/wp-json\/wp\/v2\/users\/13"}],"replies":[{"embeddable":true,"href":"https:\/\/progettotouring.it\/radiotouring104\/wp-json\/wp\/v2\/comments?post=14643"}],"version-history":[{"count":1,"href":"https:\/\/progettotouring.it\/radiotouring104\/wp-json\/wp\/v2\/posts\/14643\/revisions"}],"predecessor-version":[{"id":14646,"href":"https:\/\/progettotouring.it\/radiotouring104\/wp-json\/wp\/v2\/posts\/14643\/revisions\/14646"}],"wp:featuredmedia":[{"embeddable":true,"href":"https:\/\/progettotouring.it\/radiotouring104\/wp-json\/wp\/v2\/media\/14645"}],"wp:attachment":[{"href":"https:\/\/progettotouring.it\/radiotouring104\/wp-json\/wp\/v2\/media?parent=14643"}],"wp:term":[{"taxonomy":"category","embeddable":true,"href":"https:\/\/progettotouring.it\/radiotouring104\/wp-json\/wp\/v2\/categories?post=14643"},{"taxonomy":"post_tag","embeddable":true,"href":"https:\/\/progettotouring.it\/radiotouring104\/wp-json\/wp\/v2\/tags?post=14643"}],"curies":[{"name":"wp","href":"https:\/\/api.w.org\/{rel}","templated":true}]}}