{"id":14647,"date":"2022-12-13T14:32:26","date_gmt":"2022-12-13T13:32:26","guid":{"rendered":"https:\/\/progettotouring.it\/radiotouring104\/?p=14647"},"modified":"2022-12-13T14:32:26","modified_gmt":"2022-12-13T13:32:26","slug":"confapi-turismo-calabria-giordano-contesta-le-tasse-imposte-alle-agenzie-di-viaggio","status":"publish","type":"post","link":"https:\/\/progettotouring.it\/radiotouring104\/2022\/12\/13\/confapi-turismo-calabria-giordano-contesta-le-tasse-imposte-alle-agenzie-di-viaggio\/","title":{"rendered":"Confapi Turismo Calabria: Giordano contesta le tasse imposte alle agenzie di viaggio"},"content":{"rendered":"<p>Riceviamo e pubblichiamo:<\/p>\n<p>Questa tassa, di cui la regione Calabria unica in Italia si fregia ancora di lasciare in capo alle agenzie di viaggio, \u00e8 il simbolo delle mancate risposte e delle promesse non mantenute dalla politica. Come non bastasse, dopo la pandemia e il caro bollette, le imprese del turismo organizzato devono far fronte ad una ulteriore tassa che denota come le istituzioni si ricordino delle agenzie di viaggio quando c\u2019\u00e8 da incassare. Alla tassa regionale per il 2023 &#8211; che dovr\u00e0 essere pagata entro il 31 gennaio prossimo &#8211; si aggiungono per le agenzie di viaggio altri adempimenti come il direttore tecnico, il fondo di garanzia, la responsabilit\u00e0 civile e potremmo continuare ancora. Le imprese del turismo, rispettose delle leggi e delle istituzioni che le rappresentano e le amministrano, non ci stanno pi\u00f9!<\/p>\n<p>Non \u00e8 possibile infierire cos\u00ec sulle imprese perch\u00e9 visibili e al contrario non fare altrettanto con una moltitudine di soggetti privati che operano nel nostro settore abusivamente e indisturbati nell\u2019ombra.<\/p>\n<p>Stanchi di essere spremuti finanziariamente e oltraggiati dalla condotta di chi non rispetta n\u00e9 le regole n\u00e9 il comportamento etico del nostro lavoro, chiediamo al Presidente Occhiuto (con delega al Turismo) un tempestivo incontro, al fine di affrontare le urgenze che attanagliano questo settore prima che diventino \u201cemergenza viva\u201d.<\/p>\n","protected":false},"excerpt":{"rendered":"<p>Riceviamo e pubblichiamo: Questa tassa, di cui la regione Calabria unica in Italia si fregia ancora di lasciare in capo alle agenzie di viaggio, \u00e8 il simbolo delle mancate risposte&hellip;<\/p>\n","protected":false},"author":13,"featured_media":14648,"comment_status":"open","ping_status":"open","sticky":false,"template":"","format":"standard","meta":{"_jetpack_memberships_contains_paid_content":false,"footnotes":"","jetpack_publicize_message":"","jetpack_publicize_feature_enabled":true,"jetpack_social_post_already_shared":false,"jetpack_social_options":{"image_generator_settings":{"template":"highway","default_image_id":0,"font":"","enabled":false},"version":2}},"categories":[142,921,196],"tags":[586,2442,7211,7212],"class_list":["post-14647","post","type-post","status-publish","format-standard","has-post-thumbnail","hentry","category-calabria","category-home","category-news","tag-calabria","tag-confapi-turismo-calabria","tag-giovanni-giordano","tag-tasse-agenzie-di-viaggio"],"yoast_head":"<!-- This site is optimized with the Yoast SEO plugin v27.2 - https:\/\/yoast.com\/product\/yoast-seo-wordpress\/ -->\n<title>Confapi: Giordano contesta le tasse imposte alle agenzie di viaggio<\/title>\n<meta name=\"description\" content=\"Il Presidente del comparto chiede udienza a Occhiuto perch\u00e9 si ridefiniscano i programmi politici sulle imprese del turismo\" \/>\n<meta name=\"robots\" content=\"index, follow, max-snippet:-1, max-image-preview:large, max-video-preview:-1\" \/>\n<link rel=\"canonical\" href=\"https:\/\/progettotouring.it\/radiotouring104\/2022\/12\/13\/confapi-turismo-calabria-giordano-contesta-le-tasse-imposte-alle-agenzie-di-viaggio\/\" \/>\n<meta property=\"og:locale\" content=\"it_IT\" \/>\n<meta property=\"og:type\" content=\"article\" \/>\n<meta property=\"og:title\" content=\"Confapi: Giordano contesta le tasse imposte alle agenzie di viaggio\" \/>\n<meta property=\"og:description\" content=\"Il Presidente del comparto chiede udienza a Occhiuto perch\u00e9 si ridefiniscano i programmi politici sulle imprese del turismo\" \/>\n<meta property=\"og:url\" content=\"https:\/\/progettotouring.it\/radiotouring104\/2022\/12\/13\/confapi-turismo-calabria-giordano-contesta-le-tasse-imposte-alle-agenzie-di-viaggio\/\" \/>\n<meta property=\"og:site_name\" content=\"Radio Touring 104\" \/>\n<meta property=\"article:published_time\" content=\"2022-12-13T13:32:26+00:00\" \/>\n<meta property=\"og:image\" content=\"https:\/\/progettotouring.it\/radiotouring104\/wp-content\/uploads\/sites\/6\/2022\/12\/Giovanni-Giordano.jpg\" \/>\n\t<meta property=\"og:image:width\" content=\"605\" \/>\n\t<meta property=\"og:image:height\" content=\"345\" \/>\n\t<meta property=\"og:image:type\" content=\"image\/jpeg\" \/>\n<meta name=\"author\" content=\"Helena Pedone\" \/>\n<meta name=\"twitter:card\" content=\"summary_large_image\" \/>\n<meta name=\"twitter:label1\" content=\"Scritto da\" \/>\n\t<meta name=\"twitter:data1\" content=\"Helena Pedone\" \/>\n\t<meta name=\"twitter:label2\" content=\"Tempo di lettura stimato\" \/>\n\t<meta name=\"twitter:data2\" content=\"1 minuto\" \/>\n<script type=\"application\/ld+json\" class=\"yoast-schema-graph\">{\"@context\":\"https:\/\/schema.org\",\"@graph\":[{\"@type\":\"Article\",\"@id\":\"https:\/\/progettotouring.it\/radiotouring104\/2022\/12\/13\/confapi-turismo-calabria-giordano-contesta-le-tasse-imposte-alle-agenzie-di-viaggio\/#article\",\"isPartOf\":{\"@id\":\"https:\/\/progettotouring.it\/radiotouring104\/2022\/12\/13\/confapi-turismo-calabria-giordano-contesta-le-tasse-imposte-alle-agenzie-di-viaggio\/\"},\"author\":{\"name\":\"Helena Pedone\",\"@id\":\"https:\/\/progettotouring.it\/radiotouring104\/#\/schema\/person\/8458ed437f4094f881aab8e4cc572684\"},\"headline\":\"Confapi Turismo Calabria: Giordano contesta le tasse imposte alle agenzie di viaggio\",\"datePublished\":\"2022-12-13T13:32:26+00:00\",\"mainEntityOfPage\":{\"@id\":\"https:\/\/progettotouring.it\/radiotouring104\/2022\/12\/13\/confapi-turismo-calabria-giordano-contesta-le-tasse-imposte-alle-agenzie-di-viaggio\/\"},\"wordCount\":223,\"commentCount\":0,\"publisher\":{\"@id\":\"https:\/\/progettotouring.it\/radiotouring104\/#organization\"},\"image\":{\"@id\":\"https:\/\/progettotouring.it\/radiotouring104\/2022\/12\/13\/confapi-turismo-calabria-giordano-contesta-le-tasse-imposte-alle-agenzie-di-viaggio\/#primaryimage\"},\"thumbnailUrl\":\"https:\/\/progettotouring.it\/radiotouring104\/wp-content\/uploads\/sites\/6\/2022\/12\/Giovanni-Giordano.jpg\",\"keywords\":[\"calabria\",\"Confapi Turismo Calabria\",\"Giovanni Giordano\",\"Tasse agenzie di viaggio\"],\"articleSection\":[\"Calabria\",\"Home\",\"News\"],\"inLanguage\":\"it-IT\",\"potentialAction\":[{\"@type\":\"CommentAction\",\"name\":\"Comment\",\"target\":[\"https:\/\/progettotouring.it\/radiotouring104\/2022\/12\/13\/confapi-turismo-calabria-giordano-contesta-le-tasse-imposte-alle-agenzie-di-viaggio\/#respond\"]}]},{\"@type\":\"WebPage\",\"@id\":\"https:\/\/progettotouring.it\/radiotouring104\/2022\/12\/13\/confapi-turismo-calabria-giordano-contesta-le-tasse-imposte-alle-agenzie-di-viaggio\/\",\"url\":\"https:\/\/progettotouring.it\/radiotouring104\/2022\/12\/13\/confapi-turismo-calabria-giordano-contesta-le-tasse-imposte-alle-agenzie-di-viaggio\/\",\"name\":\"Confapi: Giordano contesta le tasse imposte alle agenzie di viaggio\",\"isPartOf\":{\"@id\":\"https:\/\/progettotouring.it\/radiotouring104\/#website\"},\"primaryImageOfPage\":{\"@id\":\"https:\/\/progettotouring.it\/radiotouring104\/2022\/12\/13\/confapi-turismo-calabria-giordano-contesta-le-tasse-imposte-alle-agenzie-di-viaggio\/#primaryimage\"},\"image\":{\"@id\":\"https:\/\/progettotouring.it\/radiotouring104\/2022\/12\/13\/confapi-turismo-calabria-giordano-contesta-le-tasse-imposte-alle-agenzie-di-viaggio\/#primaryimage\"},\"thumbnailUrl\":\"https:\/\/progettotouring.it\/radiotouring104\/wp-content\/uploads\/sites\/6\/2022\/12\/Giovanni-Giordano.jpg\",\"datePublished\":\"2022-12-13T13:32:26+00:00\",\"description\":\"Il Presidente del comparto chiede udienza a Occhiuto perch\u00e9 si ridefiniscano i programmi politici sulle imprese del turismo\",\"breadcrumb\":{\"@id\":\"https:\/\/progettotouring.it\/radiotouring104\/2022\/12\/13\/confapi-turismo-calabria-giordano-contesta-le-tasse-imposte-alle-agenzie-di-viaggio\/#breadcrumb\"},\"inLanguage\":\"it-IT\",\"potentialAction\":[{\"@type\":\"ReadAction\",\"target\":[\"https:\/\/progettotouring.it\/radiotouring104\/2022\/12\/13\/confapi-turismo-calabria-giordano-contesta-le-tasse-imposte-alle-agenzie-di-viaggio\/\"]}]},{\"@type\":\"ImageObject\",\"inLanguage\":\"it-IT\",\"@id\":\"https:\/\/progettotouring.it\/radiotouring104\/2022\/12\/13\/confapi-turismo-calabria-giordano-contesta-le-tasse-imposte-alle-agenzie-di-viaggio\/#primaryimage\",\"url\":\"https:\/\/progettotouring.it\/radiotouring104\/wp-content\/uploads\/sites\/6\/2022\/12\/Giovanni-Giordano.jpg\",\"contentUrl\":\"https:\/\/progettotouring.it\/radiotouring104\/wp-content\/uploads\/sites\/6\/2022\/12\/Giovanni-Giordano.jpg\",\"width\":605,\"height\":345},{\"@type\":\"BreadcrumbList\",\"@id\":\"https:\/\/progettotouring.it\/radiotouring104\/2022\/12\/13\/confapi-turismo-calabria-giordano-contesta-le-tasse-imposte-alle-agenzie-di-viaggio\/#breadcrumb\",\"itemListElement\":[{\"@type\":\"ListItem\",\"position\":1,\"name\":\"Home\",\"item\":\"https:\/\/progettotouring.it\/radiotouring104\/\"},{\"@type\":\"ListItem\",\"position\":2,\"name\":\"Confapi Turismo Calabria: Giordano contesta le tasse imposte alle agenzie di viaggio\"}]},{\"@type\":\"WebSite\",\"@id\":\"https:\/\/progettotouring.it\/radiotouring104\/#website\",\"url\":\"https:\/\/progettotouring.it\/radiotouring104\/\",\"name\":\"Radio Touring 104\",\"description\":\"La prima radio Reggina\",\"publisher\":{\"@id\":\"https:\/\/progettotouring.it\/radiotouring104\/#organization\"},\"potentialAction\":[{\"@type\":\"SearchAction\",\"target\":{\"@type\":\"EntryPoint\",\"urlTemplate\":\"https:\/\/progettotouring.it\/radiotouring104\/?s={search_term_string}\"},\"query-input\":{\"@type\":\"PropertyValueSpecification\",\"valueRequired\":true,\"valueName\":\"search_term_string\"}}],\"inLanguage\":\"it-IT\"},{\"@type\":\"Organization\",\"@id\":\"https:\/\/progettotouring.it\/radiotouring104\/#organization\",\"name\":\"Radio Touring 104\",\"url\":\"https:\/\/progettotouring.it\/radiotouring104\/\",\"logo\":{\"@type\":\"ImageObject\",\"inLanguage\":\"it-IT\",\"@id\":\"https:\/\/progettotouring.it\/radiotouring104\/#\/schema\/logo\/image\/\",\"url\":\"https:\/\/progettotouring.it\/radiotouring104\/wp-content\/uploads\/sites\/6\/2022\/02\/cropped-logo-radio-touring-104.png\",\"contentUrl\":\"https:\/\/progettotouring.it\/radiotouring104\/wp-content\/uploads\/sites\/6\/2022\/02\/cropped-logo-radio-touring-104.png\",\"width\":377,\"height\":182,\"caption\":\"Radio Touring 104\"},\"image\":{\"@id\":\"https:\/\/progettotouring.it\/radiotouring104\/#\/schema\/logo\/image\/\"}},{\"@type\":\"Person\",\"@id\":\"https:\/\/progettotouring.it\/radiotouring104\/#\/schema\/person\/8458ed437f4094f881aab8e4cc572684\",\"name\":\"Helena Pedone\",\"image\":{\"@type\":\"ImageObject\",\"inLanguage\":\"it-IT\",\"@id\":\"https:\/\/secure.gravatar.com\/avatar\/95a63adf316f90175b68113b4b895a96641be06395ffeef88fea6178b30027d9?s=96&d=mm&r=g\",\"url\":\"https:\/\/secure.gravatar.com\/avatar\/95a63adf316f90175b68113b4b895a96641be06395ffeef88fea6178b30027d9?s=96&d=mm&r=g\",\"contentUrl\":\"https:\/\/secure.gravatar.com\/avatar\/95a63adf316f90175b68113b4b895a96641be06395ffeef88fea6178b30027d9?s=96&d=mm&r=g\",\"caption\":\"Helena Pedone\"},\"url\":\"https:\/\/progettotouring.it\/radiotouring104\/author\/helena\/\"}]}<\/script>\n<!-- \/ Yoast SEO plugin. -->","yoast_head_json":{"title":"Confapi: Giordano contesta le tasse imposte alle agenzie di viaggio","description":"Il Presidente del comparto chiede udienza a Occhiuto perch\u00e9 si ridefiniscano i programmi politici sulle imprese del turismo","robots":{"index":"index","follow":"follow","max-snippet":"max-snippet:-1","max-image-preview":"max-image-preview:large","max-video-preview":"max-video-preview:-1"},"canonical":"https:\/\/progettotouring.it\/radiotouring104\/2022\/12\/13\/confapi-turismo-calabria-giordano-contesta-le-tasse-imposte-alle-agenzie-di-viaggio\/","og_locale":"it_IT","og_type":"article","og_title":"Confapi: Giordano contesta le tasse imposte alle agenzie di viaggio","og_description":"Il Presidente del comparto chiede udienza a Occhiuto perch\u00e9 si ridefiniscano i programmi politici sulle imprese del turismo","og_url":"https:\/\/progettotouring.it\/radiotouring104\/2022\/12\/13\/confapi-turismo-calabria-giordano-contesta-le-tasse-imposte-alle-agenzie-di-viaggio\/","og_site_name":"Radio Touring 104","article_published_time":"2022-12-13T13:32:26+00:00","og_image":[{"width":605,"height":345,"url":"https:\/\/progettotouring.it\/radiotouring104\/wp-content\/uploads\/sites\/6\/2022\/12\/Giovanni-Giordano.jpg","type":"image\/jpeg"}],"author":"Helena Pedone","twitter_card":"summary_large_image","twitter_misc":{"Scritto da":"Helena Pedone","Tempo di lettura stimato":"1 minuto"},"schema":{"@context":"https:\/\/schema.org","@graph":[{"@type":"Article","@id":"https:\/\/progettotouring.it\/radiotouring104\/2022\/12\/13\/confapi-turismo-calabria-giordano-contesta-le-tasse-imposte-alle-agenzie-di-viaggio\/#article","isPartOf":{"@id":"https:\/\/progettotouring.it\/radiotouring104\/2022\/12\/13\/confapi-turismo-calabria-giordano-contesta-le-tasse-imposte-alle-agenzie-di-viaggio\/"},"author":{"name":"Helena Pedone","@id":"https:\/\/progettotouring.it\/radiotouring104\/#\/schema\/person\/8458ed437f4094f881aab8e4cc572684"},"headline":"Confapi Turismo Calabria: Giordano contesta le tasse imposte alle agenzie di viaggio","datePublished":"2022-12-13T13:32:26+00:00","mainEntityOfPage":{"@id":"https:\/\/progettotouring.it\/radiotouring104\/2022\/12\/13\/confapi-turismo-calabria-giordano-contesta-le-tasse-imposte-alle-agenzie-di-viaggio\/"},"wordCount":223,"commentCount":0,"publisher":{"@id":"https:\/\/progettotouring.it\/radiotouring104\/#organization"},"image":{"@id":"https:\/\/progettotouring.it\/radiotouring104\/2022\/12\/13\/confapi-turismo-calabria-giordano-contesta-le-tasse-imposte-alle-agenzie-di-viaggio\/#primaryimage"},"thumbnailUrl":"https:\/\/progettotouring.it\/radiotouring104\/wp-content\/uploads\/sites\/6\/2022\/12\/Giovanni-Giordano.jpg","keywords":["calabria","Confapi Turismo Calabria","Giovanni Giordano","Tasse agenzie di viaggio"],"articleSection":["Calabria","Home","News"],"inLanguage":"it-IT","potentialAction":[{"@type":"CommentAction","name":"Comment","target":["https:\/\/progettotouring.it\/radiotouring104\/2022\/12\/13\/confapi-turismo-calabria-giordano-contesta-le-tasse-imposte-alle-agenzie-di-viaggio\/#respond"]}]},{"@type":"WebPage","@id":"https:\/\/progettotouring.it\/radiotouring104\/2022\/12\/13\/confapi-turismo-calabria-giordano-contesta-le-tasse-imposte-alle-agenzie-di-viaggio\/","url":"https:\/\/progettotouring.it\/radiotouring104\/2022\/12\/13\/confapi-turismo-calabria-giordano-contesta-le-tasse-imposte-alle-agenzie-di-viaggio\/","name":"Confapi: Giordano contesta le tasse imposte alle agenzie di viaggio","isPartOf":{"@id":"https:\/\/progettotouring.it\/radiotouring104\/#website"},"primaryImageOfPage":{"@id":"https:\/\/progettotouring.it\/radiotouring104\/2022\/12\/13\/confapi-turismo-calabria-giordano-contesta-le-tasse-imposte-alle-agenzie-di-viaggio\/#primaryimage"},"image":{"@id":"https:\/\/progettotouring.it\/radiotouring104\/2022\/12\/13\/confapi-turismo-calabria-giordano-contesta-le-tasse-imposte-alle-agenzie-di-viaggio\/#primaryimage"},"thumbnailUrl":"https:\/\/progettotouring.it\/radiotouring104\/wp-content\/uploads\/sites\/6\/2022\/12\/Giovanni-Giordano.jpg","datePublished":"2022-12-13T13:32:26+00:00","description":"Il Presidente del comparto chiede udienza a Occhiuto perch\u00e9 si ridefiniscano i programmi politici sulle imprese del turismo","breadcrumb":{"@id":"https:\/\/progettotouring.it\/radiotouring104\/2022\/12\/13\/confapi-turismo-calabria-giordano-contesta-le-tasse-imposte-alle-agenzie-di-viaggio\/#breadcrumb"},"inLanguage":"it-IT","potentialAction":[{"@type":"ReadAction","target":["https:\/\/progettotouring.it\/radiotouring104\/2022\/12\/13\/confapi-turismo-calabria-giordano-contesta-le-tasse-imposte-alle-agenzie-di-viaggio\/"]}]},{"@type":"ImageObject","inLanguage":"it-IT","@id":"https:\/\/progettotouring.it\/radiotouring104\/2022\/12\/13\/confapi-turismo-calabria-giordano-contesta-le-tasse-imposte-alle-agenzie-di-viaggio\/#primaryimage","url":"https:\/\/progettotouring.it\/radiotouring104\/wp-content\/uploads\/sites\/6\/2022\/12\/Giovanni-Giordano.jpg","contentUrl":"https:\/\/progettotouring.it\/radiotouring104\/wp-content\/uploads\/sites\/6\/2022\/12\/Giovanni-Giordano.jpg","width":605,"height":345},{"@type":"BreadcrumbList","@id":"https:\/\/progettotouring.it\/radiotouring104\/2022\/12\/13\/confapi-turismo-calabria-giordano-contesta-le-tasse-imposte-alle-agenzie-di-viaggio\/#breadcrumb","itemListElement":[{"@type":"ListItem","position":1,"name":"Home","item":"https:\/\/progettotouring.it\/radiotouring104\/"},{"@type":"ListItem","position":2,"name":"Confapi Turismo Calabria: Giordano contesta le tasse imposte alle agenzie di viaggio"}]},{"@type":"WebSite","@id":"https:\/\/progettotouring.it\/radiotouring104\/#website","url":"https:\/\/progettotouring.it\/radiotouring104\/","name":"Radio Touring 104","description":"La prima radio Reggina","publisher":{"@id":"https:\/\/progettotouring.it\/radiotouring104\/#organization"},"potentialAction":[{"@type":"SearchAction","target":{"@type":"EntryPoint","urlTemplate":"https:\/\/progettotouring.it\/radiotouring104\/?s={search_term_string}"},"query-input":{"@type":"PropertyValueSpecification","valueRequired":true,"valueName":"search_term_string"}}],"inLanguage":"it-IT"},{"@type":"Organization","@id":"https:\/\/progettotouring.it\/radiotouring104\/#organization","name":"Radio Touring 104","url":"https:\/\/progettotouring.it\/radiotouring104\/","logo":{"@type":"ImageObject","inLanguage":"it-IT","@id":"https:\/\/progettotouring.it\/radiotouring104\/#\/schema\/logo\/image\/","url":"https:\/\/progettotouring.it\/radiotouring104\/wp-content\/uploads\/sites\/6\/2022\/02\/cropped-logo-radio-touring-104.png","contentUrl":"https:\/\/progettotouring.it\/radiotouring104\/wp-content\/uploads\/sites\/6\/2022\/02\/cropped-logo-radio-touring-104.png","width":377,"height":182,"caption":"Radio Touring 104"},"image":{"@id":"https:\/\/progettotouring.it\/radiotouring104\/#\/schema\/logo\/image\/"}},{"@type":"Person","@id":"https:\/\/progettotouring.it\/radiotouring104\/#\/schema\/person\/8458ed437f4094f881aab8e4cc572684","name":"Helena Pedone","image":{"@type":"ImageObject","inLanguage":"it-IT","@id":"https:\/\/secure.gravatar.com\/avatar\/95a63adf316f90175b68113b4b895a96641be06395ffeef88fea6178b30027d9?s=96&d=mm&r=g","url":"https:\/\/secure.gravatar.com\/avatar\/95a63adf316f90175b68113b4b895a96641be06395ffeef88fea6178b30027d9?s=96&d=mm&r=g","contentUrl":"https:\/\/secure.gravatar.com\/avatar\/95a63adf316f90175b68113b4b895a96641be06395ffeef88fea6178b30027d9?s=96&d=mm&r=g","caption":"Helena Pedone"},"url":"https:\/\/progettotouring.it\/radiotouring104\/author\/helena\/"}]}},"jetpack_publicize_connections":[],"jetpack_featured_media_url":"https:\/\/progettotouring.it\/radiotouring104\/wp-content\/uploads\/sites\/6\/2022\/12\/Giovanni-Giordano.jpg","jetpack_sharing_enabled":true,"_links":{"self":[{"href":"https:\/\/progettotouring.it\/radiotouring104\/wp-json\/wp\/v2\/posts\/14647","targetHints":{"allow":["GET"]}}],"collection":[{"href":"https:\/\/progettotouring.it\/radiotouring104\/wp-json\/wp\/v2\/posts"}],"about":[{"href":"https:\/\/progettotouring.it\/radiotouring104\/wp-json\/wp\/v2\/types\/post"}],"author":[{"embeddable":true,"href":"https:\/\/progettotouring.it\/radiotouring104\/wp-json\/wp\/v2\/users\/13"}],"replies":[{"embeddable":true,"href":"https:\/\/progettotouring.it\/radiotouring104\/wp-json\/wp\/v2\/comments?post=14647"}],"version-history":[{"count":1,"href":"https:\/\/progettotouring.it\/radiotouring104\/wp-json\/wp\/v2\/posts\/14647\/revisions"}],"predecessor-version":[{"id":14649,"href":"https:\/\/progettotouring.it\/radiotouring104\/wp-json\/wp\/v2\/posts\/14647\/revisions\/14649"}],"wp:featuredmedia":[{"embeddable":true,"href":"https:\/\/progettotouring.it\/radiotouring104\/wp-json\/wp\/v2\/media\/14648"}],"wp:attachment":[{"href":"https:\/\/progettotouring.it\/radiotouring104\/wp-json\/wp\/v2\/media?parent=14647"}],"wp:term":[{"taxonomy":"category","embeddable":true,"href":"https:\/\/progettotouring.it\/radiotouring104\/wp-json\/wp\/v2\/categories?post=14647"},{"taxonomy":"post_tag","embeddable":true,"href":"https:\/\/progettotouring.it\/radiotouring104\/wp-json\/wp\/v2\/tags?post=14647"}],"curies":[{"name":"wp","href":"https:\/\/api.w.org\/{rel}","templated":true}]}}