{"id":14652,"date":"2022-12-13T15:01:52","date_gmt":"2022-12-13T14:01:52","guid":{"rendered":"https:\/\/progettotouring.it\/radiotouring104\/?p=14652"},"modified":"2022-12-13T15:01:52","modified_gmt":"2022-12-13T14:01:52","slug":"saverio-pazzano-impellente-consegnare-una-dimora-a-chi-vive-per-strada","status":"publish","type":"post","link":"https:\/\/progettotouring.it\/radiotouring104\/2022\/12\/13\/saverio-pazzano-impellente-consegnare-una-dimora-a-chi-vive-per-strada\/","title":{"rendered":"Saverio Pazzano: &#8220;Impellente consegnare una dimora a chi vive per strada&#8221;"},"content":{"rendered":"<p>Riceviamo e pubblichiamo:<\/p>\n<p>&nbsp;<\/p>\n<p>&nbsp;<\/p>\n<p>Dobbiamo, purtroppo, tornare su un\u2019emergenza che ancora attende soluzione, malgrado le tantissime iniziative di sollecito all\u2019Amministrazione.<\/p>\n<p>Parliamo della necessit\u00e0 che Reggio attivi il servizio di accoglienza per i senza fissa dimora. Come ormai tutta la citt\u00e0 sa, l\u2019Amministrazione ha individuato per lo svolgimento del servizio un bene in localit\u00e0 Pietrastorta. Il bene, per cui sono in corso i lavori di ripristino, non \u00e8 tuttavia ancora pronto. Come ampiamente prevedibile, del resto, tanto che in una interpellanza discussa in Consiglio comunale a maggio scorso, la Strada con il consigliere Saverio Pazzano chiedeva quali misure il Comune avrebbe predisposto nel caso \u2013 adesso verificatosi \u2013 di indisponibilit\u00e0 del bene per questo inverno.<\/p>\n<p>L&#8217;assessore alle Politiche Sociali, nel corso del Consiglio comunale del 4 maggio, aveva dichiarato: \u201cSe la struttura non sar\u00e0 utilizzabile per l\u2019inizio della stagione invernale (fine dicembre), l\u2019Amministrazione ha gi\u00e0 pensato, laddove fosse necessario, ad una eventuale convenzione con i B&amp;B del territorio comunale\u201d. Da quello che ci risulta, in realt\u00e0, da questo punto di vista non ci sarebbe nulla.<\/p>\n<p>Pi\u00f9 tardi, in novembre, da una dichiarazione stampa avevamo appreso di un bene temporaneamente destinato al servizio in zona Chiesa di San Paolo. Ma anche su questo non abbiamo notizie in pi\u00f9.<\/p>\n<p>Pertanto, il 5 dicembre il consigliere Pazzano ha posto una nuova interrogazione, per chiedere risposte chiare, definitive e urgenti sull&#8217;attivazione di questo servizio essenziale. Attendiamo una risposta scritta ai quesiti entro l\u2019inizio di questo inverno \u2013 e cio\u00e8 entro il 21 dicembre.<\/p>\n<p>Il freddo \u00e8 arrivato, le piogge pure, aumentano le povert\u00e0 e siamo ancora in mezzo al guado. Non serve che a Natale ci sentiamo pi\u00f9 buoni, serve che siamo pi\u00f9 efficaci ed efficienti.<\/p>\n<p>Ribadiamo anche che l&#8217;attivazione di un servizio cos\u00ec importante non riguarda solo un problema di \u201cfreddo\u201d, ma diventa un presidio fondamentale per fornire aiuto a persone che versano in situazioni di estrema difficolt\u00e0 e per l\u2019osservazione dei loro disagi in chiave complessiva.<\/p>\n<p>La Strada con Saverio Pazzano<\/p>\n","protected":false},"excerpt":{"rendered":"<p>Riceviamo e pubblichiamo: &nbsp; &nbsp; Dobbiamo, purtroppo, tornare su un\u2019emergenza che ancora attende soluzione, malgrado le tantissime iniziative di sollecito all\u2019Amministrazione. Parliamo della necessit\u00e0 che Reggio attivi il servizio di&hellip;<\/p>\n","protected":false},"author":13,"featured_media":14655,"comment_status":"open","ping_status":"open","sticky":false,"template":"","format":"standard","meta":{"_jetpack_memberships_contains_paid_content":false,"footnotes":"","jetpack_publicize_message":"","jetpack_publicize_feature_enabled":true,"jetpack_social_post_already_shared":false,"jetpack_social_options":{"image_generator_settings":{"template":"highway","default_image_id":0,"font":"","enabled":false},"version":2}},"categories":[921,196,140],"tags":[1035,236,1037],"class_list":["post-14652","post","type-post","status-publish","format-standard","has-post-thumbnail","hentry","category-home","category-news","category-reggio-calabria","tag-la-strada","tag-reggio-calabria","tag-saverio-pazzano"],"yoast_head":"<!-- This site is optimized with the Yoast SEO plugin v27.2 - https:\/\/yoast.com\/product\/yoast-seo-wordpress\/ -->\n<title>Saverio Pazzano: &quot;Consegnare una dimora a chi non la possiede&quot;<\/title>\n<meta name=\"description\" content=\"Il movimento guidato dall&#039;attivista sollecita l&#039;Amministrazione di Reggio affinch\u00e9 si occupi delle persone senzatetto\" \/>\n<meta name=\"robots\" content=\"index, follow, max-snippet:-1, max-image-preview:large, max-video-preview:-1\" \/>\n<link rel=\"canonical\" href=\"https:\/\/progettotouring.it\/radiotouring104\/2022\/12\/13\/saverio-pazzano-impellente-consegnare-una-dimora-a-chi-vive-per-strada\/\" \/>\n<meta property=\"og:locale\" content=\"it_IT\" \/>\n<meta property=\"og:type\" content=\"article\" \/>\n<meta property=\"og:title\" content=\"Saverio Pazzano: &quot;Consegnare una dimora a chi non la possiede&quot;\" \/>\n<meta property=\"og:description\" content=\"Il movimento guidato dall&#039;attivista sollecita l&#039;Amministrazione di Reggio affinch\u00e9 si occupi delle persone senzatetto\" \/>\n<meta property=\"og:url\" content=\"https:\/\/progettotouring.it\/radiotouring104\/2022\/12\/13\/saverio-pazzano-impellente-consegnare-una-dimora-a-chi-vive-per-strada\/\" \/>\n<meta property=\"og:site_name\" content=\"Radio Touring 104\" \/>\n<meta property=\"article:published_time\" content=\"2022-12-13T14:01:52+00:00\" \/>\n<meta property=\"og:image\" content=\"https:\/\/progettotouring.it\/radiotouring104\/wp-content\/uploads\/sites\/6\/2022\/12\/Saverio-Pazzano.jpg\" \/>\n\t<meta property=\"og:image:width\" content=\"1280\" \/>\n\t<meta property=\"og:image:height\" content=\"854\" \/>\n\t<meta property=\"og:image:type\" content=\"image\/jpeg\" \/>\n<meta name=\"author\" content=\"Helena Pedone\" \/>\n<meta name=\"twitter:card\" content=\"summary_large_image\" \/>\n<meta name=\"twitter:label1\" content=\"Scritto da\" \/>\n\t<meta name=\"twitter:data1\" content=\"Helena Pedone\" \/>\n\t<meta name=\"twitter:label2\" content=\"Tempo di lettura stimato\" \/>\n\t<meta name=\"twitter:data2\" content=\"2 minuti\" \/>\n<script type=\"application\/ld+json\" class=\"yoast-schema-graph\">{\"@context\":\"https:\/\/schema.org\",\"@graph\":[{\"@type\":\"Article\",\"@id\":\"https:\/\/progettotouring.it\/radiotouring104\/2022\/12\/13\/saverio-pazzano-impellente-consegnare-una-dimora-a-chi-vive-per-strada\/#article\",\"isPartOf\":{\"@id\":\"https:\/\/progettotouring.it\/radiotouring104\/2022\/12\/13\/saverio-pazzano-impellente-consegnare-una-dimora-a-chi-vive-per-strada\/\"},\"author\":{\"name\":\"Helena Pedone\",\"@id\":\"https:\/\/progettotouring.it\/radiotouring104\/#\/schema\/person\/8458ed437f4094f881aab8e4cc572684\"},\"headline\":\"Saverio Pazzano: &#8220;Impellente consegnare una dimora a chi vive per strada&#8221;\",\"datePublished\":\"2022-12-13T14:01:52+00:00\",\"mainEntityOfPage\":{\"@id\":\"https:\/\/progettotouring.it\/radiotouring104\/2022\/12\/13\/saverio-pazzano-impellente-consegnare-una-dimora-a-chi-vive-per-strada\/\"},\"wordCount\":341,\"commentCount\":0,\"publisher\":{\"@id\":\"https:\/\/progettotouring.it\/radiotouring104\/#organization\"},\"image\":{\"@id\":\"https:\/\/progettotouring.it\/radiotouring104\/2022\/12\/13\/saverio-pazzano-impellente-consegnare-una-dimora-a-chi-vive-per-strada\/#primaryimage\"},\"thumbnailUrl\":\"https:\/\/progettotouring.it\/radiotouring104\/wp-content\/uploads\/sites\/6\/2022\/12\/Saverio-Pazzano.jpg\",\"keywords\":[\"la strada\",\"reggio calabria\",\"saverio pazzano\"],\"articleSection\":[\"Home\",\"News\",\"Reggio Calabria\"],\"inLanguage\":\"it-IT\",\"potentialAction\":[{\"@type\":\"CommentAction\",\"name\":\"Comment\",\"target\":[\"https:\/\/progettotouring.it\/radiotouring104\/2022\/12\/13\/saverio-pazzano-impellente-consegnare-una-dimora-a-chi-vive-per-strada\/#respond\"]}]},{\"@type\":\"WebPage\",\"@id\":\"https:\/\/progettotouring.it\/radiotouring104\/2022\/12\/13\/saverio-pazzano-impellente-consegnare-una-dimora-a-chi-vive-per-strada\/\",\"url\":\"https:\/\/progettotouring.it\/radiotouring104\/2022\/12\/13\/saverio-pazzano-impellente-consegnare-una-dimora-a-chi-vive-per-strada\/\",\"name\":\"Saverio Pazzano: \\\"Consegnare una dimora a chi non la possiede\\\"\",\"isPartOf\":{\"@id\":\"https:\/\/progettotouring.it\/radiotouring104\/#website\"},\"primaryImageOfPage\":{\"@id\":\"https:\/\/progettotouring.it\/radiotouring104\/2022\/12\/13\/saverio-pazzano-impellente-consegnare-una-dimora-a-chi-vive-per-strada\/#primaryimage\"},\"image\":{\"@id\":\"https:\/\/progettotouring.it\/radiotouring104\/2022\/12\/13\/saverio-pazzano-impellente-consegnare-una-dimora-a-chi-vive-per-strada\/#primaryimage\"},\"thumbnailUrl\":\"https:\/\/progettotouring.it\/radiotouring104\/wp-content\/uploads\/sites\/6\/2022\/12\/Saverio-Pazzano.jpg\",\"datePublished\":\"2022-12-13T14:01:52+00:00\",\"description\":\"Il movimento guidato dall'attivista sollecita l'Amministrazione di Reggio affinch\u00e9 si occupi delle persone senzatetto\",\"breadcrumb\":{\"@id\":\"https:\/\/progettotouring.it\/radiotouring104\/2022\/12\/13\/saverio-pazzano-impellente-consegnare-una-dimora-a-chi-vive-per-strada\/#breadcrumb\"},\"inLanguage\":\"it-IT\",\"potentialAction\":[{\"@type\":\"ReadAction\",\"target\":[\"https:\/\/progettotouring.it\/radiotouring104\/2022\/12\/13\/saverio-pazzano-impellente-consegnare-una-dimora-a-chi-vive-per-strada\/\"]}]},{\"@type\":\"ImageObject\",\"inLanguage\":\"it-IT\",\"@id\":\"https:\/\/progettotouring.it\/radiotouring104\/2022\/12\/13\/saverio-pazzano-impellente-consegnare-una-dimora-a-chi-vive-per-strada\/#primaryimage\",\"url\":\"https:\/\/progettotouring.it\/radiotouring104\/wp-content\/uploads\/sites\/6\/2022\/12\/Saverio-Pazzano.jpg\",\"contentUrl\":\"https:\/\/progettotouring.it\/radiotouring104\/wp-content\/uploads\/sites\/6\/2022\/12\/Saverio-Pazzano.jpg\",\"width\":1280,\"height\":854},{\"@type\":\"BreadcrumbList\",\"@id\":\"https:\/\/progettotouring.it\/radiotouring104\/2022\/12\/13\/saverio-pazzano-impellente-consegnare-una-dimora-a-chi-vive-per-strada\/#breadcrumb\",\"itemListElement\":[{\"@type\":\"ListItem\",\"position\":1,\"name\":\"Home\",\"item\":\"https:\/\/progettotouring.it\/radiotouring104\/\"},{\"@type\":\"ListItem\",\"position\":2,\"name\":\"Saverio Pazzano: &#8220;Impellente consegnare una dimora a chi vive per strada&#8221;\"}]},{\"@type\":\"WebSite\",\"@id\":\"https:\/\/progettotouring.it\/radiotouring104\/#website\",\"url\":\"https:\/\/progettotouring.it\/radiotouring104\/\",\"name\":\"Radio Touring 104\",\"description\":\"La prima radio Reggina\",\"publisher\":{\"@id\":\"https:\/\/progettotouring.it\/radiotouring104\/#organization\"},\"potentialAction\":[{\"@type\":\"SearchAction\",\"target\":{\"@type\":\"EntryPoint\",\"urlTemplate\":\"https:\/\/progettotouring.it\/radiotouring104\/?s={search_term_string}\"},\"query-input\":{\"@type\":\"PropertyValueSpecification\",\"valueRequired\":true,\"valueName\":\"search_term_string\"}}],\"inLanguage\":\"it-IT\"},{\"@type\":\"Organization\",\"@id\":\"https:\/\/progettotouring.it\/radiotouring104\/#organization\",\"name\":\"Radio Touring 104\",\"url\":\"https:\/\/progettotouring.it\/radiotouring104\/\",\"logo\":{\"@type\":\"ImageObject\",\"inLanguage\":\"it-IT\",\"@id\":\"https:\/\/progettotouring.it\/radiotouring104\/#\/schema\/logo\/image\/\",\"url\":\"https:\/\/progettotouring.it\/radiotouring104\/wp-content\/uploads\/sites\/6\/2022\/02\/cropped-logo-radio-touring-104.png\",\"contentUrl\":\"https:\/\/progettotouring.it\/radiotouring104\/wp-content\/uploads\/sites\/6\/2022\/02\/cropped-logo-radio-touring-104.png\",\"width\":377,\"height\":182,\"caption\":\"Radio Touring 104\"},\"image\":{\"@id\":\"https:\/\/progettotouring.it\/radiotouring104\/#\/schema\/logo\/image\/\"}},{\"@type\":\"Person\",\"@id\":\"https:\/\/progettotouring.it\/radiotouring104\/#\/schema\/person\/8458ed437f4094f881aab8e4cc572684\",\"name\":\"Helena Pedone\",\"image\":{\"@type\":\"ImageObject\",\"inLanguage\":\"it-IT\",\"@id\":\"https:\/\/secure.gravatar.com\/avatar\/95a63adf316f90175b68113b4b895a96641be06395ffeef88fea6178b30027d9?s=96&d=mm&r=g\",\"url\":\"https:\/\/secure.gravatar.com\/avatar\/95a63adf316f90175b68113b4b895a96641be06395ffeef88fea6178b30027d9?s=96&d=mm&r=g\",\"contentUrl\":\"https:\/\/secure.gravatar.com\/avatar\/95a63adf316f90175b68113b4b895a96641be06395ffeef88fea6178b30027d9?s=96&d=mm&r=g\",\"caption\":\"Helena Pedone\"},\"url\":\"https:\/\/progettotouring.it\/radiotouring104\/author\/helena\/\"}]}<\/script>\n<!-- \/ Yoast SEO plugin. -->","yoast_head_json":{"title":"Saverio Pazzano: \"Consegnare una dimora a chi non la possiede\"","description":"Il movimento guidato dall'attivista sollecita l'Amministrazione di Reggio affinch\u00e9 si occupi delle persone senzatetto","robots":{"index":"index","follow":"follow","max-snippet":"max-snippet:-1","max-image-preview":"max-image-preview:large","max-video-preview":"max-video-preview:-1"},"canonical":"https:\/\/progettotouring.it\/radiotouring104\/2022\/12\/13\/saverio-pazzano-impellente-consegnare-una-dimora-a-chi-vive-per-strada\/","og_locale":"it_IT","og_type":"article","og_title":"Saverio Pazzano: \"Consegnare una dimora a chi non la possiede\"","og_description":"Il movimento guidato dall'attivista sollecita l'Amministrazione di Reggio affinch\u00e9 si occupi delle persone senzatetto","og_url":"https:\/\/progettotouring.it\/radiotouring104\/2022\/12\/13\/saverio-pazzano-impellente-consegnare-una-dimora-a-chi-vive-per-strada\/","og_site_name":"Radio Touring 104","article_published_time":"2022-12-13T14:01:52+00:00","og_image":[{"width":1280,"height":854,"url":"https:\/\/progettotouring.it\/radiotouring104\/wp-content\/uploads\/sites\/6\/2022\/12\/Saverio-Pazzano.jpg","type":"image\/jpeg"}],"author":"Helena Pedone","twitter_card":"summary_large_image","twitter_misc":{"Scritto da":"Helena Pedone","Tempo di lettura stimato":"2 minuti"},"schema":{"@context":"https:\/\/schema.org","@graph":[{"@type":"Article","@id":"https:\/\/progettotouring.it\/radiotouring104\/2022\/12\/13\/saverio-pazzano-impellente-consegnare-una-dimora-a-chi-vive-per-strada\/#article","isPartOf":{"@id":"https:\/\/progettotouring.it\/radiotouring104\/2022\/12\/13\/saverio-pazzano-impellente-consegnare-una-dimora-a-chi-vive-per-strada\/"},"author":{"name":"Helena Pedone","@id":"https:\/\/progettotouring.it\/radiotouring104\/#\/schema\/person\/8458ed437f4094f881aab8e4cc572684"},"headline":"Saverio Pazzano: &#8220;Impellente consegnare una dimora a chi vive per strada&#8221;","datePublished":"2022-12-13T14:01:52+00:00","mainEntityOfPage":{"@id":"https:\/\/progettotouring.it\/radiotouring104\/2022\/12\/13\/saverio-pazzano-impellente-consegnare-una-dimora-a-chi-vive-per-strada\/"},"wordCount":341,"commentCount":0,"publisher":{"@id":"https:\/\/progettotouring.it\/radiotouring104\/#organization"},"image":{"@id":"https:\/\/progettotouring.it\/radiotouring104\/2022\/12\/13\/saverio-pazzano-impellente-consegnare-una-dimora-a-chi-vive-per-strada\/#primaryimage"},"thumbnailUrl":"https:\/\/progettotouring.it\/radiotouring104\/wp-content\/uploads\/sites\/6\/2022\/12\/Saverio-Pazzano.jpg","keywords":["la strada","reggio calabria","saverio pazzano"],"articleSection":["Home","News","Reggio Calabria"],"inLanguage":"it-IT","potentialAction":[{"@type":"CommentAction","name":"Comment","target":["https:\/\/progettotouring.it\/radiotouring104\/2022\/12\/13\/saverio-pazzano-impellente-consegnare-una-dimora-a-chi-vive-per-strada\/#respond"]}]},{"@type":"WebPage","@id":"https:\/\/progettotouring.it\/radiotouring104\/2022\/12\/13\/saverio-pazzano-impellente-consegnare-una-dimora-a-chi-vive-per-strada\/","url":"https:\/\/progettotouring.it\/radiotouring104\/2022\/12\/13\/saverio-pazzano-impellente-consegnare-una-dimora-a-chi-vive-per-strada\/","name":"Saverio Pazzano: \"Consegnare una dimora a chi non la possiede\"","isPartOf":{"@id":"https:\/\/progettotouring.it\/radiotouring104\/#website"},"primaryImageOfPage":{"@id":"https:\/\/progettotouring.it\/radiotouring104\/2022\/12\/13\/saverio-pazzano-impellente-consegnare-una-dimora-a-chi-vive-per-strada\/#primaryimage"},"image":{"@id":"https:\/\/progettotouring.it\/radiotouring104\/2022\/12\/13\/saverio-pazzano-impellente-consegnare-una-dimora-a-chi-vive-per-strada\/#primaryimage"},"thumbnailUrl":"https:\/\/progettotouring.it\/radiotouring104\/wp-content\/uploads\/sites\/6\/2022\/12\/Saverio-Pazzano.jpg","datePublished":"2022-12-13T14:01:52+00:00","description":"Il movimento guidato dall'attivista sollecita l'Amministrazione di Reggio affinch\u00e9 si occupi delle persone senzatetto","breadcrumb":{"@id":"https:\/\/progettotouring.it\/radiotouring104\/2022\/12\/13\/saverio-pazzano-impellente-consegnare-una-dimora-a-chi-vive-per-strada\/#breadcrumb"},"inLanguage":"it-IT","potentialAction":[{"@type":"ReadAction","target":["https:\/\/progettotouring.it\/radiotouring104\/2022\/12\/13\/saverio-pazzano-impellente-consegnare-una-dimora-a-chi-vive-per-strada\/"]}]},{"@type":"ImageObject","inLanguage":"it-IT","@id":"https:\/\/progettotouring.it\/radiotouring104\/2022\/12\/13\/saverio-pazzano-impellente-consegnare-una-dimora-a-chi-vive-per-strada\/#primaryimage","url":"https:\/\/progettotouring.it\/radiotouring104\/wp-content\/uploads\/sites\/6\/2022\/12\/Saverio-Pazzano.jpg","contentUrl":"https:\/\/progettotouring.it\/radiotouring104\/wp-content\/uploads\/sites\/6\/2022\/12\/Saverio-Pazzano.jpg","width":1280,"height":854},{"@type":"BreadcrumbList","@id":"https:\/\/progettotouring.it\/radiotouring104\/2022\/12\/13\/saverio-pazzano-impellente-consegnare-una-dimora-a-chi-vive-per-strada\/#breadcrumb","itemListElement":[{"@type":"ListItem","position":1,"name":"Home","item":"https:\/\/progettotouring.it\/radiotouring104\/"},{"@type":"ListItem","position":2,"name":"Saverio Pazzano: &#8220;Impellente consegnare una dimora a chi vive per strada&#8221;"}]},{"@type":"WebSite","@id":"https:\/\/progettotouring.it\/radiotouring104\/#website","url":"https:\/\/progettotouring.it\/radiotouring104\/","name":"Radio Touring 104","description":"La prima radio Reggina","publisher":{"@id":"https:\/\/progettotouring.it\/radiotouring104\/#organization"},"potentialAction":[{"@type":"SearchAction","target":{"@type":"EntryPoint","urlTemplate":"https:\/\/progettotouring.it\/radiotouring104\/?s={search_term_string}"},"query-input":{"@type":"PropertyValueSpecification","valueRequired":true,"valueName":"search_term_string"}}],"inLanguage":"it-IT"},{"@type":"Organization","@id":"https:\/\/progettotouring.it\/radiotouring104\/#organization","name":"Radio Touring 104","url":"https:\/\/progettotouring.it\/radiotouring104\/","logo":{"@type":"ImageObject","inLanguage":"it-IT","@id":"https:\/\/progettotouring.it\/radiotouring104\/#\/schema\/logo\/image\/","url":"https:\/\/progettotouring.it\/radiotouring104\/wp-content\/uploads\/sites\/6\/2022\/02\/cropped-logo-radio-touring-104.png","contentUrl":"https:\/\/progettotouring.it\/radiotouring104\/wp-content\/uploads\/sites\/6\/2022\/02\/cropped-logo-radio-touring-104.png","width":377,"height":182,"caption":"Radio Touring 104"},"image":{"@id":"https:\/\/progettotouring.it\/radiotouring104\/#\/schema\/logo\/image\/"}},{"@type":"Person","@id":"https:\/\/progettotouring.it\/radiotouring104\/#\/schema\/person\/8458ed437f4094f881aab8e4cc572684","name":"Helena Pedone","image":{"@type":"ImageObject","inLanguage":"it-IT","@id":"https:\/\/secure.gravatar.com\/avatar\/95a63adf316f90175b68113b4b895a96641be06395ffeef88fea6178b30027d9?s=96&d=mm&r=g","url":"https:\/\/secure.gravatar.com\/avatar\/95a63adf316f90175b68113b4b895a96641be06395ffeef88fea6178b30027d9?s=96&d=mm&r=g","contentUrl":"https:\/\/secure.gravatar.com\/avatar\/95a63adf316f90175b68113b4b895a96641be06395ffeef88fea6178b30027d9?s=96&d=mm&r=g","caption":"Helena Pedone"},"url":"https:\/\/progettotouring.it\/radiotouring104\/author\/helena\/"}]}},"jetpack_publicize_connections":[],"jetpack_featured_media_url":"https:\/\/progettotouring.it\/radiotouring104\/wp-content\/uploads\/sites\/6\/2022\/12\/Saverio-Pazzano.jpg","jetpack_sharing_enabled":true,"_links":{"self":[{"href":"https:\/\/progettotouring.it\/radiotouring104\/wp-json\/wp\/v2\/posts\/14652","targetHints":{"allow":["GET"]}}],"collection":[{"href":"https:\/\/progettotouring.it\/radiotouring104\/wp-json\/wp\/v2\/posts"}],"about":[{"href":"https:\/\/progettotouring.it\/radiotouring104\/wp-json\/wp\/v2\/types\/post"}],"author":[{"embeddable":true,"href":"https:\/\/progettotouring.it\/radiotouring104\/wp-json\/wp\/v2\/users\/13"}],"replies":[{"embeddable":true,"href":"https:\/\/progettotouring.it\/radiotouring104\/wp-json\/wp\/v2\/comments?post=14652"}],"version-history":[{"count":1,"href":"https:\/\/progettotouring.it\/radiotouring104\/wp-json\/wp\/v2\/posts\/14652\/revisions"}],"predecessor-version":[{"id":14656,"href":"https:\/\/progettotouring.it\/radiotouring104\/wp-json\/wp\/v2\/posts\/14652\/revisions\/14656"}],"wp:featuredmedia":[{"embeddable":true,"href":"https:\/\/progettotouring.it\/radiotouring104\/wp-json\/wp\/v2\/media\/14655"}],"wp:attachment":[{"href":"https:\/\/progettotouring.it\/radiotouring104\/wp-json\/wp\/v2\/media?parent=14652"}],"wp:term":[{"taxonomy":"category","embeddable":true,"href":"https:\/\/progettotouring.it\/radiotouring104\/wp-json\/wp\/v2\/categories?post=14652"},{"taxonomy":"post_tag","embeddable":true,"href":"https:\/\/progettotouring.it\/radiotouring104\/wp-json\/wp\/v2\/tags?post=14652"}],"curies":[{"name":"wp","href":"https:\/\/api.w.org\/{rel}","templated":true}]}}