{"id":14657,"date":"2022-12-13T15:07:14","date_gmt":"2022-12-13T14:07:14","guid":{"rendered":"https:\/\/progettotouring.it\/radiotouring104\/?p=14657"},"modified":"2022-12-13T15:07:14","modified_gmt":"2022-12-13T14:07:14","slug":"legambiente-reggio-calabria-ricorda-il-capitano-natale-de-grazia","status":"publish","type":"post","link":"https:\/\/progettotouring.it\/radiotouring104\/2022\/12\/13\/legambiente-reggio-calabria-ricorda-il-capitano-natale-de-grazia\/","title":{"rendered":"Legambiente Reggio Calabria: ricorda il capitano Natale De Grazia"},"content":{"rendered":"<p style=\"text-align: justify\"><strong>Legambiente<\/strong> non demorde e rilancia ancora una volta l\u2019iniziativa, di memoria e d\u2019impegno, in omaggio a <strong>Natale De Grazia,<\/strong> \u201ceroe\u201d reggino, nella lotta alle cos\u00ec dette \u201cecomafie\u201d, riconosciuto, anche se con notevole ritardo, dallo Stato come \u201cvittima del dovere\u201d (titolo che si accorda ai pubblici ufficiali caduti per mano della criminalit\u00e0 organizzata e del terrorismo) e insignito nel 2001, a sei anni dalla morte, della medaglia d\u2019oro al merito di Marina dal Presidente della Repubblica Carlo Azeglio Ciampi per aver condotto complesse investigazioni \u00abnonostante pressioni e atteggiamenti ostili\u00bb. Figura, dunque, tra le pi\u00f9 luminose e prestigiose della storia recente della nostra citt\u00e0 a livello nazionale.<\/p>\n<p style=\"text-align: justify\">L\u2019associazione del \u201c<strong>cigno verde<\/strong>\u201d riannoda il filo del ricordo, come ormai da tanti anni e con particolare coinvolgimento emotivo, nel ventisettesimo anniversario della morte dell\u2019Ufficiale della Capitaneria di Porto di <strong>Reggio Calabria<\/strong>. Questa \u00e8 avvenuta in circostanze oscure, nella notte tra il 12 e 13 dicembre del 1995, nel salernitano mentre egli si dirigeva in macchina a<strong> La Spezia<\/strong> nell\u2019ambito di delicate e rischiose indagini sulle cos\u00ec dette <em>navi dei veleni<\/em> e sulle collegate ramificazioni nazionali e internazionali del paludoso \u201cintrigo radioattivo\u201d che coinvolgeva, in una potente holding, mafiosi, affaristi e trafficanti senza scrupoli, servizi segreti di ogni tipo, con il coinvolgimento di numerosi Stati. Nella circostanza, De Grazia era insieme ad altri due componenti del pool messo in piedi allo scopo dalla Magistratura, un gruppo ristretto e selezionato d\u2019investigatori di cui egli era <em>motore <\/em>e punta di diamante. Nel 2011, La Commissione Parlamentare d\u2019inchiesta sul ciclo dei rifiuti ha accertato, attraverso una apposita superperizia di un luminare della Sapienza di Roma, che la sua tragica morte non fu dovuta a causa naturale ma a \u201ccausa tossica\u201d, che equivale con ogni probabilit\u00e0 ad avvelenamento. Altri filoni d\u2019indagini pi\u00f9 recenti hanno ipotizzato scenari ancora pi\u00f9 inquietanti che, nonostante differiscono sulle modalit\u00e0, rafforzerebbero la tesi dell\u2019uccisione.<\/p>\n<p style=\"text-align: justify\"><em>&#8220;Non bisogna fermarsi nella ricerca della verit\u00e0 &#8211;<\/em> afferma il Circolo Legambiente Reggio Calabria \u201cCitt\u00e0 dello Stretto\u201d <em>perch\u00e9 nessuno potr\u00e0 stare tranquillo finch\u00e9 la morte del Capitano De Grazia rester\u00e0, come scritto nella relazione parlamentare dedicata al suo caso, \u201ctra i misteri irrisolti del nostro Paese\u201d. Per questo \u00e8 importante spingere ad ogni livello affinch\u00e9 venga ripresa e sviluppata con maggior vigore con il nuovo Parlamento il lavoro di approfondimento riavviato nel gennaio del 2020 dalla Commissione parlamentare bicamerale \u201cEcomafie\u201d, su questo scottante caso (alla luce di nuovi elementi emersi), lavoro per\u00f2 poi andatosi ad impantanare anche a causa dell\u2019acuirsi dei problemi imprevisti derivanti dall\u2019emergenza Covid, che per diversi mesi ne ha rallentato l\u2019attivit\u00e0, e per i successivi cambi di Governo che di fatto l\u2019hanno bloccata&#8221;.<\/em><\/p>\n<p style=\"text-align: justify\">Il <strong>Circolo Legambiente Reggio Calabria \u201cCitt\u00e0 dello Stretto\u201d<\/strong> ritiene che a partire dal ricordo del Capitano nel giorno dell\u2019anniversario della sua scomparsa vada rilanciato, l\u2019impegno innanzitutto della Citt\u00e0 e provincia di <strong>Reggio<\/strong> a partire dalle sue Istituzioni, per onorarlo attraverso misure concrete. Da qui la richiesta alla<strong> Giunta e al Consiglio Comunale<\/strong> che intanto venga dato corso pienamente a quanto contenuto nella delibera n. 67 del 22\/12\/2009 approvata all\u2019unanimit\u00e0 dal Consiglio Comunale che recep\u00ec interamente la proposta di Legambiente sottoscritta da centinaia di cittadini e sostenuta dal Consiglio di Circoscrizione di Gallico.<\/p>\n<p style=\"text-align: justify\">La richiesta d\u2019intitolazione all\u2019Ufficiale di Marina del <strong>Lungomare<\/strong> di <strong>Gallico<\/strong>, quartiere in cui egli risiedeva e che amava particolarmente a cominciare dal suo mare, \u00e8 stata in realt\u00e0 resa operativa, meritoriamente, con la delibera della Giunta Comunale n. 186 del 28\/08\/2017, dopo il parere favorevole della Commissione toponomastica. Ancora per\u00f2 &#8211; a distanza di tredici anni dalla delibera del Consiglio Comunale e di cinque di quella della Giunta guidata da Giuseppe Falcomat\u00e0 &#8211; non si \u00e8 proceduto alla cerimonia d\u2019intitolazione ufficiale con l\u2019apposizione della targa e iniziative collegate, anche perch\u00e9 il progetto di riqualificazione del lungomare di Gallico ancora stenta a prendere concretamente avvio e non ha ancora sgombrato i dubbi sulla sua adeguatezza in termini di sostenibilit\u00e0 ambientale per farne un luogo degno di onorare la memoria di<strong> De Grazia.<\/strong><\/p>\n<p style=\"text-align: justify\">Per questi motivi <strong>Legambiente<\/strong> proporr\u00e0 un incontro di approfondimento al sindaco f.f. Paolo Brunetti e alcuni suoi delegati. Sar\u00e0 l\u2019occasione per rilanciare anche le altre proposte contenute nella delibera del 2017, prima tra tutte l\u2019istituzione, per iniziativa del Comune esteso magari anche alla Citt\u00e0 Metropolitana, di un Concorso \u201cNatale De Grazia\u201d sul tema \u201ccultura del mare, ambiente, legalit\u00e0\u201d rivolto agli studenti delle scuole e ispirato allo sviluppo dell\u2019etica della responsabilit\u00e0 e della cittadinanza, che per Natale De Grazia fu una bussola nel suo difficile lavoro e nella vita quotidiana.<\/p>\n<p style=\"text-align: justify\">Intanto il ricordo di Natale De Grazia avr\u00e0 un rilievo significativo all\u2019interno dell\u2019iniziativa organizzata a Bagaladi dalla bella realt\u00e0 \u201cUn Villaggio per Crescere\u201d. Pensata inizialmente all\u2019interno della Festa dell\u2019Albero con il titolo \u201cUn seme di oggi per un fiore di domani\u201d e rinviata a causa delle avverse condizioni metereologiche si svolger\u00e0 in una nuova data con la presenza delle autorit\u00e0, i cittadini e, soprattutto, di tanti bambini.<\/p>\n<p style=\"text-align: justify\">Nell\u2019orto del Villaggio sar\u00e0 piantato un albero di melograno, simbolo di unione e di comunit\u00e0, del rinnovarsi del Cosmo e in generale di rigenerazione, di energia vitale e che, con i suoi tanti grani racchiusi a sfera nel frutto, indica che siamo tutti idealmente dentro un unico contenitore che \u00e8 il Pianeta e siamo chiamati al dialogo, alla solidariet\u00e0, alla pacifica convivenza e all\u2019armonia. Sar\u00e0 un modo ideale per invitare a piantare bellezza indicando l\u2019esempio di Natale De Grazia, il suo senso del dovere e del rispetto delle regole, il suo amore per l\u2019ambiente come bene comune da rispettare, difendere e valorizzare, come punto di riferimento per le generazioni future.<\/p>\n","protected":false},"excerpt":{"rendered":"<p>Legambiente non demorde e rilancia ancora una volta l\u2019iniziativa, di memoria e d\u2019impegno, in omaggio a Natale De Grazia, \u201ceroe\u201d reggino, nella lotta alle cos\u00ec dette \u201cecomafie\u201d, riconosciuto, anche se&hellip;<\/p>\n","protected":false},"author":8,"featured_media":13617,"comment_status":"open","ping_status":"open","sticky":false,"template":"","format":"standard","meta":{"_jetpack_memberships_contains_paid_content":false,"footnotes":"","jetpack_publicize_message":"","jetpack_publicize_feature_enabled":true,"jetpack_social_post_already_shared":false,"jetpack_social_options":{"image_generator_settings":{"template":"highway","default_image_id":0,"font":"","enabled":false},"version":2}},"categories":[921,196,140],"tags":[6129,7214,236],"class_list":["post-14657","post","type-post","status-publish","format-standard","has-post-thumbnail","hentry","category-home","category-news","category-reggio-calabria","tag-legambiente","tag-natale-de-grazia","tag-reggio-calabria"],"yoast_head":"<!-- This site is optimized with the Yoast SEO plugin v27.2 - https:\/\/yoast.com\/product\/yoast-seo-wordpress\/ -->\n<title>Legambiente: ricorda il capitano Natale De Grazia<\/title>\n<meta name=\"description\" content=\"Legambiente ha voluto ricordare la memoria del capitano Natale De Grazia, eroe reggino che lottava contro le ecomafie\" \/>\n<meta name=\"robots\" content=\"index, follow, max-snippet:-1, max-image-preview:large, max-video-preview:-1\" \/>\n<link rel=\"canonical\" href=\"https:\/\/progettotouring.it\/radiotouring104\/2022\/12\/13\/legambiente-reggio-calabria-ricorda-il-capitano-natale-de-grazia\/\" \/>\n<meta property=\"og:locale\" content=\"it_IT\" \/>\n<meta property=\"og:type\" content=\"article\" \/>\n<meta property=\"og:title\" content=\"Legambiente: ricorda il capitano Natale De Grazia\" \/>\n<meta property=\"og:description\" content=\"Legambiente ha voluto ricordare la memoria del capitano Natale De Grazia, eroe reggino che lottava contro le ecomafie\" \/>\n<meta property=\"og:url\" content=\"https:\/\/progettotouring.it\/radiotouring104\/2022\/12\/13\/legambiente-reggio-calabria-ricorda-il-capitano-natale-de-grazia\/\" \/>\n<meta property=\"og:site_name\" content=\"Radio Touring 104\" \/>\n<meta property=\"article:published_time\" content=\"2022-12-13T14:07:14+00:00\" \/>\n<meta property=\"og:image\" content=\"https:\/\/progettotouring.it\/radiotouring104\/wp-content\/uploads\/sites\/6\/2022\/11\/Legambiente-scaled.jpg\" \/>\n\t<meta property=\"og:image:width\" content=\"2560\" \/>\n\t<meta property=\"og:image:height\" content=\"1152\" \/>\n\t<meta property=\"og:image:type\" content=\"image\/jpeg\" \/>\n<meta name=\"author\" content=\"Filippo Francesco Idone\" \/>\n<meta name=\"twitter:card\" content=\"summary_large_image\" \/>\n<meta name=\"twitter:label1\" content=\"Scritto da\" \/>\n\t<meta name=\"twitter:data1\" content=\"Filippo Francesco Idone\" \/>\n\t<meta name=\"twitter:label2\" content=\"Tempo di lettura stimato\" \/>\n\t<meta name=\"twitter:data2\" content=\"5 minuti\" \/>\n<script type=\"application\/ld+json\" class=\"yoast-schema-graph\">{\"@context\":\"https:\/\/schema.org\",\"@graph\":[{\"@type\":\"Article\",\"@id\":\"https:\/\/progettotouring.it\/radiotouring104\/2022\/12\/13\/legambiente-reggio-calabria-ricorda-il-capitano-natale-de-grazia\/#article\",\"isPartOf\":{\"@id\":\"https:\/\/progettotouring.it\/radiotouring104\/2022\/12\/13\/legambiente-reggio-calabria-ricorda-il-capitano-natale-de-grazia\/\"},\"author\":{\"name\":\"Filippo Francesco Idone\",\"@id\":\"https:\/\/progettotouring.it\/radiotouring104\/#\/schema\/person\/4a82259ca52ac8702ad1a8f9e5a3120b\"},\"headline\":\"Legambiente Reggio Calabria: ricorda il capitano Natale De Grazia\",\"datePublished\":\"2022-12-13T14:07:14+00:00\",\"mainEntityOfPage\":{\"@id\":\"https:\/\/progettotouring.it\/radiotouring104\/2022\/12\/13\/legambiente-reggio-calabria-ricorda-il-capitano-natale-de-grazia\/\"},\"wordCount\":950,\"commentCount\":0,\"publisher\":{\"@id\":\"https:\/\/progettotouring.it\/radiotouring104\/#organization\"},\"image\":{\"@id\":\"https:\/\/progettotouring.it\/radiotouring104\/2022\/12\/13\/legambiente-reggio-calabria-ricorda-il-capitano-natale-de-grazia\/#primaryimage\"},\"thumbnailUrl\":\"https:\/\/progettotouring.it\/radiotouring104\/wp-content\/uploads\/sites\/6\/2022\/11\/Legambiente-scaled.jpg\",\"keywords\":[\"Legambiente\",\"natale de grazia\",\"reggio calabria\"],\"articleSection\":[\"Home\",\"News\",\"Reggio Calabria\"],\"inLanguage\":\"it-IT\",\"potentialAction\":[{\"@type\":\"CommentAction\",\"name\":\"Comment\",\"target\":[\"https:\/\/progettotouring.it\/radiotouring104\/2022\/12\/13\/legambiente-reggio-calabria-ricorda-il-capitano-natale-de-grazia\/#respond\"]}]},{\"@type\":\"WebPage\",\"@id\":\"https:\/\/progettotouring.it\/radiotouring104\/2022\/12\/13\/legambiente-reggio-calabria-ricorda-il-capitano-natale-de-grazia\/\",\"url\":\"https:\/\/progettotouring.it\/radiotouring104\/2022\/12\/13\/legambiente-reggio-calabria-ricorda-il-capitano-natale-de-grazia\/\",\"name\":\"Legambiente: ricorda il capitano Natale De Grazia\",\"isPartOf\":{\"@id\":\"https:\/\/progettotouring.it\/radiotouring104\/#website\"},\"primaryImageOfPage\":{\"@id\":\"https:\/\/progettotouring.it\/radiotouring104\/2022\/12\/13\/legambiente-reggio-calabria-ricorda-il-capitano-natale-de-grazia\/#primaryimage\"},\"image\":{\"@id\":\"https:\/\/progettotouring.it\/radiotouring104\/2022\/12\/13\/legambiente-reggio-calabria-ricorda-il-capitano-natale-de-grazia\/#primaryimage\"},\"thumbnailUrl\":\"https:\/\/progettotouring.it\/radiotouring104\/wp-content\/uploads\/sites\/6\/2022\/11\/Legambiente-scaled.jpg\",\"datePublished\":\"2022-12-13T14:07:14+00:00\",\"description\":\"Legambiente ha voluto ricordare la memoria del capitano Natale De Grazia, eroe reggino che lottava contro le ecomafie\",\"breadcrumb\":{\"@id\":\"https:\/\/progettotouring.it\/radiotouring104\/2022\/12\/13\/legambiente-reggio-calabria-ricorda-il-capitano-natale-de-grazia\/#breadcrumb\"},\"inLanguage\":\"it-IT\",\"potentialAction\":[{\"@type\":\"ReadAction\",\"target\":[\"https:\/\/progettotouring.it\/radiotouring104\/2022\/12\/13\/legambiente-reggio-calabria-ricorda-il-capitano-natale-de-grazia\/\"]}]},{\"@type\":\"ImageObject\",\"inLanguage\":\"it-IT\",\"@id\":\"https:\/\/progettotouring.it\/radiotouring104\/2022\/12\/13\/legambiente-reggio-calabria-ricorda-il-capitano-natale-de-grazia\/#primaryimage\",\"url\":\"https:\/\/progettotouring.it\/radiotouring104\/wp-content\/uploads\/sites\/6\/2022\/11\/Legambiente-scaled.jpg\",\"contentUrl\":\"https:\/\/progettotouring.it\/radiotouring104\/wp-content\/uploads\/sites\/6\/2022\/11\/Legambiente-scaled.jpg\",\"width\":2560,\"height\":1152},{\"@type\":\"BreadcrumbList\",\"@id\":\"https:\/\/progettotouring.it\/radiotouring104\/2022\/12\/13\/legambiente-reggio-calabria-ricorda-il-capitano-natale-de-grazia\/#breadcrumb\",\"itemListElement\":[{\"@type\":\"ListItem\",\"position\":1,\"name\":\"Home\",\"item\":\"https:\/\/progettotouring.it\/radiotouring104\/\"},{\"@type\":\"ListItem\",\"position\":2,\"name\":\"Legambiente Reggio Calabria: ricorda il capitano Natale De Grazia\"}]},{\"@type\":\"WebSite\",\"@id\":\"https:\/\/progettotouring.it\/radiotouring104\/#website\",\"url\":\"https:\/\/progettotouring.it\/radiotouring104\/\",\"name\":\"Radio Touring 104\",\"description\":\"La prima radio Reggina\",\"publisher\":{\"@id\":\"https:\/\/progettotouring.it\/radiotouring104\/#organization\"},\"potentialAction\":[{\"@type\":\"SearchAction\",\"target\":{\"@type\":\"EntryPoint\",\"urlTemplate\":\"https:\/\/progettotouring.it\/radiotouring104\/?s={search_term_string}\"},\"query-input\":{\"@type\":\"PropertyValueSpecification\",\"valueRequired\":true,\"valueName\":\"search_term_string\"}}],\"inLanguage\":\"it-IT\"},{\"@type\":\"Organization\",\"@id\":\"https:\/\/progettotouring.it\/radiotouring104\/#organization\",\"name\":\"Radio Touring 104\",\"url\":\"https:\/\/progettotouring.it\/radiotouring104\/\",\"logo\":{\"@type\":\"ImageObject\",\"inLanguage\":\"it-IT\",\"@id\":\"https:\/\/progettotouring.it\/radiotouring104\/#\/schema\/logo\/image\/\",\"url\":\"https:\/\/progettotouring.it\/radiotouring104\/wp-content\/uploads\/sites\/6\/2022\/02\/cropped-logo-radio-touring-104.png\",\"contentUrl\":\"https:\/\/progettotouring.it\/radiotouring104\/wp-content\/uploads\/sites\/6\/2022\/02\/cropped-logo-radio-touring-104.png\",\"width\":377,\"height\":182,\"caption\":\"Radio Touring 104\"},\"image\":{\"@id\":\"https:\/\/progettotouring.it\/radiotouring104\/#\/schema\/logo\/image\/\"}},{\"@type\":\"Person\",\"@id\":\"https:\/\/progettotouring.it\/radiotouring104\/#\/schema\/person\/4a82259ca52ac8702ad1a8f9e5a3120b\",\"name\":\"Filippo Francesco Idone\",\"image\":{\"@type\":\"ImageObject\",\"inLanguage\":\"it-IT\",\"@id\":\"https:\/\/secure.gravatar.com\/avatar\/7268715d2366395c3dd314385670e6484117d44f5c442e61e230f7008b7b62d3?s=96&d=mm&r=g\",\"url\":\"https:\/\/secure.gravatar.com\/avatar\/7268715d2366395c3dd314385670e6484117d44f5c442e61e230f7008b7b62d3?s=96&d=mm&r=g\",\"contentUrl\":\"https:\/\/secure.gravatar.com\/avatar\/7268715d2366395c3dd314385670e6484117d44f5c442e61e230f7008b7b62d3?s=96&d=mm&r=g\",\"caption\":\"Filippo Francesco Idone\"},\"url\":\"https:\/\/progettotouring.it\/radiotouring104\/author\/filippoidone\/\"}]}<\/script>\n<!-- \/ Yoast SEO plugin. -->","yoast_head_json":{"title":"Legambiente: ricorda il capitano Natale De Grazia","description":"Legambiente ha voluto ricordare la memoria del capitano Natale De Grazia, eroe reggino che lottava contro le ecomafie","robots":{"index":"index","follow":"follow","max-snippet":"max-snippet:-1","max-image-preview":"max-image-preview:large","max-video-preview":"max-video-preview:-1"},"canonical":"https:\/\/progettotouring.it\/radiotouring104\/2022\/12\/13\/legambiente-reggio-calabria-ricorda-il-capitano-natale-de-grazia\/","og_locale":"it_IT","og_type":"article","og_title":"Legambiente: ricorda il capitano Natale De Grazia","og_description":"Legambiente ha voluto ricordare la memoria del capitano Natale De Grazia, eroe reggino che lottava contro le ecomafie","og_url":"https:\/\/progettotouring.it\/radiotouring104\/2022\/12\/13\/legambiente-reggio-calabria-ricorda-il-capitano-natale-de-grazia\/","og_site_name":"Radio Touring 104","article_published_time":"2022-12-13T14:07:14+00:00","og_image":[{"width":2560,"height":1152,"url":"https:\/\/progettotouring.it\/radiotouring104\/wp-content\/uploads\/sites\/6\/2022\/11\/Legambiente-scaled.jpg","type":"image\/jpeg"}],"author":"Filippo Francesco Idone","twitter_card":"summary_large_image","twitter_misc":{"Scritto da":"Filippo Francesco Idone","Tempo di lettura stimato":"5 minuti"},"schema":{"@context":"https:\/\/schema.org","@graph":[{"@type":"Article","@id":"https:\/\/progettotouring.it\/radiotouring104\/2022\/12\/13\/legambiente-reggio-calabria-ricorda-il-capitano-natale-de-grazia\/#article","isPartOf":{"@id":"https:\/\/progettotouring.it\/radiotouring104\/2022\/12\/13\/legambiente-reggio-calabria-ricorda-il-capitano-natale-de-grazia\/"},"author":{"name":"Filippo Francesco Idone","@id":"https:\/\/progettotouring.it\/radiotouring104\/#\/schema\/person\/4a82259ca52ac8702ad1a8f9e5a3120b"},"headline":"Legambiente Reggio Calabria: ricorda il capitano Natale De Grazia","datePublished":"2022-12-13T14:07:14+00:00","mainEntityOfPage":{"@id":"https:\/\/progettotouring.it\/radiotouring104\/2022\/12\/13\/legambiente-reggio-calabria-ricorda-il-capitano-natale-de-grazia\/"},"wordCount":950,"commentCount":0,"publisher":{"@id":"https:\/\/progettotouring.it\/radiotouring104\/#organization"},"image":{"@id":"https:\/\/progettotouring.it\/radiotouring104\/2022\/12\/13\/legambiente-reggio-calabria-ricorda-il-capitano-natale-de-grazia\/#primaryimage"},"thumbnailUrl":"https:\/\/progettotouring.it\/radiotouring104\/wp-content\/uploads\/sites\/6\/2022\/11\/Legambiente-scaled.jpg","keywords":["Legambiente","natale de grazia","reggio calabria"],"articleSection":["Home","News","Reggio Calabria"],"inLanguage":"it-IT","potentialAction":[{"@type":"CommentAction","name":"Comment","target":["https:\/\/progettotouring.it\/radiotouring104\/2022\/12\/13\/legambiente-reggio-calabria-ricorda-il-capitano-natale-de-grazia\/#respond"]}]},{"@type":"WebPage","@id":"https:\/\/progettotouring.it\/radiotouring104\/2022\/12\/13\/legambiente-reggio-calabria-ricorda-il-capitano-natale-de-grazia\/","url":"https:\/\/progettotouring.it\/radiotouring104\/2022\/12\/13\/legambiente-reggio-calabria-ricorda-il-capitano-natale-de-grazia\/","name":"Legambiente: ricorda il capitano Natale De Grazia","isPartOf":{"@id":"https:\/\/progettotouring.it\/radiotouring104\/#website"},"primaryImageOfPage":{"@id":"https:\/\/progettotouring.it\/radiotouring104\/2022\/12\/13\/legambiente-reggio-calabria-ricorda-il-capitano-natale-de-grazia\/#primaryimage"},"image":{"@id":"https:\/\/progettotouring.it\/radiotouring104\/2022\/12\/13\/legambiente-reggio-calabria-ricorda-il-capitano-natale-de-grazia\/#primaryimage"},"thumbnailUrl":"https:\/\/progettotouring.it\/radiotouring104\/wp-content\/uploads\/sites\/6\/2022\/11\/Legambiente-scaled.jpg","datePublished":"2022-12-13T14:07:14+00:00","description":"Legambiente ha voluto ricordare la memoria del capitano Natale De Grazia, eroe reggino che lottava contro le ecomafie","breadcrumb":{"@id":"https:\/\/progettotouring.it\/radiotouring104\/2022\/12\/13\/legambiente-reggio-calabria-ricorda-il-capitano-natale-de-grazia\/#breadcrumb"},"inLanguage":"it-IT","potentialAction":[{"@type":"ReadAction","target":["https:\/\/progettotouring.it\/radiotouring104\/2022\/12\/13\/legambiente-reggio-calabria-ricorda-il-capitano-natale-de-grazia\/"]}]},{"@type":"ImageObject","inLanguage":"it-IT","@id":"https:\/\/progettotouring.it\/radiotouring104\/2022\/12\/13\/legambiente-reggio-calabria-ricorda-il-capitano-natale-de-grazia\/#primaryimage","url":"https:\/\/progettotouring.it\/radiotouring104\/wp-content\/uploads\/sites\/6\/2022\/11\/Legambiente-scaled.jpg","contentUrl":"https:\/\/progettotouring.it\/radiotouring104\/wp-content\/uploads\/sites\/6\/2022\/11\/Legambiente-scaled.jpg","width":2560,"height":1152},{"@type":"BreadcrumbList","@id":"https:\/\/progettotouring.it\/radiotouring104\/2022\/12\/13\/legambiente-reggio-calabria-ricorda-il-capitano-natale-de-grazia\/#breadcrumb","itemListElement":[{"@type":"ListItem","position":1,"name":"Home","item":"https:\/\/progettotouring.it\/radiotouring104\/"},{"@type":"ListItem","position":2,"name":"Legambiente Reggio Calabria: ricorda il capitano Natale De Grazia"}]},{"@type":"WebSite","@id":"https:\/\/progettotouring.it\/radiotouring104\/#website","url":"https:\/\/progettotouring.it\/radiotouring104\/","name":"Radio Touring 104","description":"La prima radio Reggina","publisher":{"@id":"https:\/\/progettotouring.it\/radiotouring104\/#organization"},"potentialAction":[{"@type":"SearchAction","target":{"@type":"EntryPoint","urlTemplate":"https:\/\/progettotouring.it\/radiotouring104\/?s={search_term_string}"},"query-input":{"@type":"PropertyValueSpecification","valueRequired":true,"valueName":"search_term_string"}}],"inLanguage":"it-IT"},{"@type":"Organization","@id":"https:\/\/progettotouring.it\/radiotouring104\/#organization","name":"Radio Touring 104","url":"https:\/\/progettotouring.it\/radiotouring104\/","logo":{"@type":"ImageObject","inLanguage":"it-IT","@id":"https:\/\/progettotouring.it\/radiotouring104\/#\/schema\/logo\/image\/","url":"https:\/\/progettotouring.it\/radiotouring104\/wp-content\/uploads\/sites\/6\/2022\/02\/cropped-logo-radio-touring-104.png","contentUrl":"https:\/\/progettotouring.it\/radiotouring104\/wp-content\/uploads\/sites\/6\/2022\/02\/cropped-logo-radio-touring-104.png","width":377,"height":182,"caption":"Radio Touring 104"},"image":{"@id":"https:\/\/progettotouring.it\/radiotouring104\/#\/schema\/logo\/image\/"}},{"@type":"Person","@id":"https:\/\/progettotouring.it\/radiotouring104\/#\/schema\/person\/4a82259ca52ac8702ad1a8f9e5a3120b","name":"Filippo Francesco Idone","image":{"@type":"ImageObject","inLanguage":"it-IT","@id":"https:\/\/secure.gravatar.com\/avatar\/7268715d2366395c3dd314385670e6484117d44f5c442e61e230f7008b7b62d3?s=96&d=mm&r=g","url":"https:\/\/secure.gravatar.com\/avatar\/7268715d2366395c3dd314385670e6484117d44f5c442e61e230f7008b7b62d3?s=96&d=mm&r=g","contentUrl":"https:\/\/secure.gravatar.com\/avatar\/7268715d2366395c3dd314385670e6484117d44f5c442e61e230f7008b7b62d3?s=96&d=mm&r=g","caption":"Filippo Francesco Idone"},"url":"https:\/\/progettotouring.it\/radiotouring104\/author\/filippoidone\/"}]}},"jetpack_publicize_connections":[],"jetpack_featured_media_url":"https:\/\/progettotouring.it\/radiotouring104\/wp-content\/uploads\/sites\/6\/2022\/11\/Legambiente-scaled.jpg","jetpack_sharing_enabled":true,"_links":{"self":[{"href":"https:\/\/progettotouring.it\/radiotouring104\/wp-json\/wp\/v2\/posts\/14657","targetHints":{"allow":["GET"]}}],"collection":[{"href":"https:\/\/progettotouring.it\/radiotouring104\/wp-json\/wp\/v2\/posts"}],"about":[{"href":"https:\/\/progettotouring.it\/radiotouring104\/wp-json\/wp\/v2\/types\/post"}],"author":[{"embeddable":true,"href":"https:\/\/progettotouring.it\/radiotouring104\/wp-json\/wp\/v2\/users\/8"}],"replies":[{"embeddable":true,"href":"https:\/\/progettotouring.it\/radiotouring104\/wp-json\/wp\/v2\/comments?post=14657"}],"version-history":[{"count":1,"href":"https:\/\/progettotouring.it\/radiotouring104\/wp-json\/wp\/v2\/posts\/14657\/revisions"}],"predecessor-version":[{"id":14658,"href":"https:\/\/progettotouring.it\/radiotouring104\/wp-json\/wp\/v2\/posts\/14657\/revisions\/14658"}],"wp:featuredmedia":[{"embeddable":true,"href":"https:\/\/progettotouring.it\/radiotouring104\/wp-json\/wp\/v2\/media\/13617"}],"wp:attachment":[{"href":"https:\/\/progettotouring.it\/radiotouring104\/wp-json\/wp\/v2\/media?parent=14657"}],"wp:term":[{"taxonomy":"category","embeddable":true,"href":"https:\/\/progettotouring.it\/radiotouring104\/wp-json\/wp\/v2\/categories?post=14657"},{"taxonomy":"post_tag","embeddable":true,"href":"https:\/\/progettotouring.it\/radiotouring104\/wp-json\/wp\/v2\/tags?post=14657"}],"curies":[{"name":"wp","href":"https:\/\/api.w.org\/{rel}","templated":true}]}}