{"id":14659,"date":"2022-12-13T13:37:22","date_gmt":"2022-12-13T12:37:22","guid":{"rendered":"https:\/\/progettotouring.it\/radiotouring104\/?p=14659"},"modified":"2022-12-13T15:13:12","modified_gmt":"2022-12-13T14:13:12","slug":"motta-san-giovanni-833-mila-euro-dallagenzia-per-la-coesione-sociale","status":"publish","type":"post","link":"https:\/\/progettotouring.it\/radiotouring104\/2022\/12\/13\/motta-san-giovanni-833-mila-euro-dallagenzia-per-la-coesione-sociale\/","title":{"rendered":"Motta San Giovanni: 833 mila euro dall&#8217;Agenzia per la Coesione Sociale"},"content":{"rendered":"<p class=\"xmprfx_gmail-MsoNoSpacing\" style=\"text-align: justify\"><em>\u201cEssere pi\u00f9 vicini alle esigenze della nostra comunit\u00e0 e di quanti, per interessi vari, si trovano a soggiornare per brevi o lunghi periodi sul nostro territorio \u00e8 il motivo che ci ha spinti, lo scorso giugno, a presentare alcune schede progettuali a valere sui Fondi <strong>PNRR<\/strong> che l\u2019Agenzia per la<strong> Coesione Sociale<\/strong> ha ritenuto adesso molto valide tanto da concederci un importante contributo economico\u201d. <\/em>\u00c8 quanto dichiara il sindaco\u00a0<b>Giovanni Verduci,\u00a0<\/b>che segue personalmente le procedure legate ai Fondi PNRR, commentando il decreto del 12 dicembre con il quale l\u2019Agenzia ha approvato la graduatoria dei progetti ammessi a finanziamento per l\u2019investimento \u201cStrategia nazionale per le aree interne \u2013 Linea di intervento 1.1.1 Potenziamento dei servizi e delle infrastrutture sociali di comunit\u00e0\u201d, riconoscendo al Comune di Motta San Giovanni\u00a0<b>833mila<\/b>\u00a0euro di contributo.<\/p>\n<p class=\"xmprfx_gmail-MsoNoSpacing\" style=\"text-align: justify\"><em>\u201cAttraverso l\u2019installazione di tecnologie digitali puntiamo a migliorare la qualit\u00e0 della vita di tutti i cittadini<\/em> \u2013 aggiunge il sindaco \u2013<em> a fornire sostegno ai turisti e alle famiglie, a promuovere l\u2019autonomia dei soggetti fragili, a migliorare la sicurezza urbana e l\u2019erogazione dei servizi alla persona, prevenendo e contrastando i processi di esclusione sociale, di isolamento e di spopolamento. Videosorveglianza, illuminazione adattiva, segnaletica orizzontale e verticale smart, decoro urbano, arredi, defibrillatori diffusi, totem informativi, diffusori sonori e segnalatori acustici, rilevatori ambientali, colonnine per chiamate di emergenza e per punti di ricarica per veicoli e apparecchiature elettriche, applicazioni per gestire in maniera pi\u00f9 efficiente ed efficace i servizi comunali, strumenti di comunicazione attiva e partecipativa, sono tutti interventi che saranno realizzati sul nostro territorio e che faciliteranno il processo di trasformazione<strong> Smart City\u201d. \u00a0<\/strong><\/em><\/p>\n<p class=\"xmprfx_gmail-MsoNoSpacing\" style=\"text-align: justify\"><em><strong>\u201cSulle 792 idee progettuali ammesse a finanziamento sull\u2019intero territorio nazionale<\/strong><\/em> \u2013 evidenzia Verduci \u2013<em> poco pi\u00f9 di una decina provengono dal comprensorio metropolitano di Reggio Calabria e, tra queste, due sono state elaborate e presentate dai nostri uffici che, nonostante le oggettive difficolt\u00e0 che interessano tutti gli enti locali, lavorano senza sosta in sinergia e collaborazione con tutti i componenti dell\u2019Amministrazione comunale\u201d. <\/em>\u201cI<em> fondi del Piano Nazionale di Ripresa e Resilienza<\/em> \u2013 conclude il primo cittadino mottese \u2013<em> rappresentano un\u2019opportunit\u00e0 che non possiamo sprecare se vogliamo affrontare e superare le sfide, sempre pi\u00f9 insidiose, che mettono in dubbio la stessa sopravvivenza dei Comuni delle regioni meridionali\u201d. \u00a0<\/em><\/p>\n","protected":false},"excerpt":{"rendered":"<p>\u201cEssere pi\u00f9 vicini alle esigenze della nostra comunit\u00e0 e di quanti, per interessi vari, si trovano a soggiornare per brevi o lunghi periodi sul nostro territorio \u00e8 il motivo che&hellip;<\/p>\n","protected":false},"author":8,"featured_media":14660,"comment_status":"open","ping_status":"open","sticky":false,"template":"","format":"standard","meta":{"_jetpack_memberships_contains_paid_content":false,"footnotes":"","jetpack_publicize_message":"","jetpack_publicize_feature_enabled":true,"jetpack_social_post_already_shared":false,"jetpack_social_options":{"image_generator_settings":{"template":"highway","default_image_id":0,"font":"","enabled":false},"version":2}},"categories":[142,921,196],"tags":[7215,672,676],"class_list":["post-14659","post","type-post","status-publish","format-standard","has-post-thumbnail","hentry","category-calabria","category-home","category-news","tag-coesione-sociale","tag-giovanni-verduci","tag-motta-san-giovanni"],"yoast_head":"<!-- This site is optimized with the Yoast SEO plugin v27.2 - https:\/\/yoast.com\/product\/yoast-seo-wordpress\/ -->\n<title>Motta San Giovanni: 833 mila euro per la Coesione Sociale<\/title>\n<meta name=\"description\" content=\"Il sindaco di Motta San Giovanni, Giovanni Verduci, ha parlato degli 833 mila euro giunti dall&#039;Agenzia per la Coesione Sociale\" \/>\n<meta name=\"robots\" content=\"index, follow, max-snippet:-1, max-image-preview:large, max-video-preview:-1\" \/>\n<link rel=\"canonical\" href=\"https:\/\/progettotouring.it\/radiotouring104\/2022\/12\/13\/motta-san-giovanni-833-mila-euro-dallagenzia-per-la-coesione-sociale\/\" \/>\n<meta property=\"og:locale\" content=\"it_IT\" \/>\n<meta property=\"og:type\" content=\"article\" \/>\n<meta property=\"og:title\" content=\"Motta San Giovanni: 833 mila euro per la Coesione Sociale\" \/>\n<meta property=\"og:description\" content=\"Il sindaco di Motta San Giovanni, Giovanni Verduci, ha parlato degli 833 mila euro giunti dall&#039;Agenzia per la Coesione Sociale\" \/>\n<meta property=\"og:url\" content=\"https:\/\/progettotouring.it\/radiotouring104\/2022\/12\/13\/motta-san-giovanni-833-mila-euro-dallagenzia-per-la-coesione-sociale\/\" \/>\n<meta property=\"og:site_name\" content=\"Radio Touring 104\" \/>\n<meta property=\"article:published_time\" content=\"2022-12-13T12:37:22+00:00\" \/>\n<meta property=\"article:modified_time\" content=\"2022-12-13T14:13:12+00:00\" \/>\n<meta property=\"og:image\" content=\"https:\/\/progettotouring.it\/radiotouring104\/wp-content\/uploads\/sites\/6\/2022\/12\/Giovanni-Verduci.jpg\" \/>\n\t<meta property=\"og:image:width\" content=\"957\" \/>\n\t<meta property=\"og:image:height\" content=\"1251\" \/>\n\t<meta property=\"og:image:type\" content=\"image\/jpeg\" \/>\n<meta name=\"author\" content=\"Filippo Francesco Idone\" \/>\n<meta name=\"twitter:card\" content=\"summary_large_image\" \/>\n<meta name=\"twitter:label1\" content=\"Scritto da\" \/>\n\t<meta name=\"twitter:data1\" content=\"Filippo Francesco Idone\" \/>\n\t<meta name=\"twitter:label2\" content=\"Tempo di lettura stimato\" \/>\n\t<meta name=\"twitter:data2\" content=\"2 minuti\" \/>\n<script type=\"application\/ld+json\" class=\"yoast-schema-graph\">{\"@context\":\"https:\/\/schema.org\",\"@graph\":[{\"@type\":\"Article\",\"@id\":\"https:\/\/progettotouring.it\/radiotouring104\/2022\/12\/13\/motta-san-giovanni-833-mila-euro-dallagenzia-per-la-coesione-sociale\/#article\",\"isPartOf\":{\"@id\":\"https:\/\/progettotouring.it\/radiotouring104\/2022\/12\/13\/motta-san-giovanni-833-mila-euro-dallagenzia-per-la-coesione-sociale\/\"},\"author\":{\"name\":\"Filippo Francesco Idone\",\"@id\":\"https:\/\/progettotouring.it\/radiotouring104\/#\/schema\/person\/4a82259ca52ac8702ad1a8f9e5a3120b\"},\"headline\":\"Motta San Giovanni: 833 mila euro dall&#8217;Agenzia per la Coesione Sociale\",\"datePublished\":\"2022-12-13T12:37:22+00:00\",\"dateModified\":\"2022-12-13T14:13:12+00:00\",\"mainEntityOfPage\":{\"@id\":\"https:\/\/progettotouring.it\/radiotouring104\/2022\/12\/13\/motta-san-giovanni-833-mila-euro-dallagenzia-per-la-coesione-sociale\/\"},\"wordCount\":377,\"commentCount\":0,\"publisher\":{\"@id\":\"https:\/\/progettotouring.it\/radiotouring104\/#organization\"},\"image\":{\"@id\":\"https:\/\/progettotouring.it\/radiotouring104\/2022\/12\/13\/motta-san-giovanni-833-mila-euro-dallagenzia-per-la-coesione-sociale\/#primaryimage\"},\"thumbnailUrl\":\"https:\/\/progettotouring.it\/radiotouring104\/wp-content\/uploads\/sites\/6\/2022\/12\/Giovanni-Verduci.jpg\",\"keywords\":[\"Coesione Sociale\",\"Giovanni Verduci\",\"Motta San Giovanni\"],\"articleSection\":[\"Calabria\",\"Home\",\"News\"],\"inLanguage\":\"it-IT\",\"potentialAction\":[{\"@type\":\"CommentAction\",\"name\":\"Comment\",\"target\":[\"https:\/\/progettotouring.it\/radiotouring104\/2022\/12\/13\/motta-san-giovanni-833-mila-euro-dallagenzia-per-la-coesione-sociale\/#respond\"]}]},{\"@type\":\"WebPage\",\"@id\":\"https:\/\/progettotouring.it\/radiotouring104\/2022\/12\/13\/motta-san-giovanni-833-mila-euro-dallagenzia-per-la-coesione-sociale\/\",\"url\":\"https:\/\/progettotouring.it\/radiotouring104\/2022\/12\/13\/motta-san-giovanni-833-mila-euro-dallagenzia-per-la-coesione-sociale\/\",\"name\":\"Motta San Giovanni: 833 mila euro per la Coesione Sociale\",\"isPartOf\":{\"@id\":\"https:\/\/progettotouring.it\/radiotouring104\/#website\"},\"primaryImageOfPage\":{\"@id\":\"https:\/\/progettotouring.it\/radiotouring104\/2022\/12\/13\/motta-san-giovanni-833-mila-euro-dallagenzia-per-la-coesione-sociale\/#primaryimage\"},\"image\":{\"@id\":\"https:\/\/progettotouring.it\/radiotouring104\/2022\/12\/13\/motta-san-giovanni-833-mila-euro-dallagenzia-per-la-coesione-sociale\/#primaryimage\"},\"thumbnailUrl\":\"https:\/\/progettotouring.it\/radiotouring104\/wp-content\/uploads\/sites\/6\/2022\/12\/Giovanni-Verduci.jpg\",\"datePublished\":\"2022-12-13T12:37:22+00:00\",\"dateModified\":\"2022-12-13T14:13:12+00:00\",\"description\":\"Il sindaco di Motta San Giovanni, Giovanni Verduci, ha parlato degli 833 mila euro giunti dall'Agenzia per la Coesione Sociale\",\"breadcrumb\":{\"@id\":\"https:\/\/progettotouring.it\/radiotouring104\/2022\/12\/13\/motta-san-giovanni-833-mila-euro-dallagenzia-per-la-coesione-sociale\/#breadcrumb\"},\"inLanguage\":\"it-IT\",\"potentialAction\":[{\"@type\":\"ReadAction\",\"target\":[\"https:\/\/progettotouring.it\/radiotouring104\/2022\/12\/13\/motta-san-giovanni-833-mila-euro-dallagenzia-per-la-coesione-sociale\/\"]}]},{\"@type\":\"ImageObject\",\"inLanguage\":\"it-IT\",\"@id\":\"https:\/\/progettotouring.it\/radiotouring104\/2022\/12\/13\/motta-san-giovanni-833-mila-euro-dallagenzia-per-la-coesione-sociale\/#primaryimage\",\"url\":\"https:\/\/progettotouring.it\/radiotouring104\/wp-content\/uploads\/sites\/6\/2022\/12\/Giovanni-Verduci.jpg\",\"contentUrl\":\"https:\/\/progettotouring.it\/radiotouring104\/wp-content\/uploads\/sites\/6\/2022\/12\/Giovanni-Verduci.jpg\",\"width\":957,\"height\":1251},{\"@type\":\"BreadcrumbList\",\"@id\":\"https:\/\/progettotouring.it\/radiotouring104\/2022\/12\/13\/motta-san-giovanni-833-mila-euro-dallagenzia-per-la-coesione-sociale\/#breadcrumb\",\"itemListElement\":[{\"@type\":\"ListItem\",\"position\":1,\"name\":\"Home\",\"item\":\"https:\/\/progettotouring.it\/radiotouring104\/\"},{\"@type\":\"ListItem\",\"position\":2,\"name\":\"Motta San Giovanni: 833 mila euro dall&#8217;Agenzia per la Coesione Sociale\"}]},{\"@type\":\"WebSite\",\"@id\":\"https:\/\/progettotouring.it\/radiotouring104\/#website\",\"url\":\"https:\/\/progettotouring.it\/radiotouring104\/\",\"name\":\"Radio Touring 104\",\"description\":\"La prima radio Reggina\",\"publisher\":{\"@id\":\"https:\/\/progettotouring.it\/radiotouring104\/#organization\"},\"potentialAction\":[{\"@type\":\"SearchAction\",\"target\":{\"@type\":\"EntryPoint\",\"urlTemplate\":\"https:\/\/progettotouring.it\/radiotouring104\/?s={search_term_string}\"},\"query-input\":{\"@type\":\"PropertyValueSpecification\",\"valueRequired\":true,\"valueName\":\"search_term_string\"}}],\"inLanguage\":\"it-IT\"},{\"@type\":\"Organization\",\"@id\":\"https:\/\/progettotouring.it\/radiotouring104\/#organization\",\"name\":\"Radio Touring 104\",\"url\":\"https:\/\/progettotouring.it\/radiotouring104\/\",\"logo\":{\"@type\":\"ImageObject\",\"inLanguage\":\"it-IT\",\"@id\":\"https:\/\/progettotouring.it\/radiotouring104\/#\/schema\/logo\/image\/\",\"url\":\"https:\/\/progettotouring.it\/radiotouring104\/wp-content\/uploads\/sites\/6\/2022\/02\/cropped-logo-radio-touring-104.png\",\"contentUrl\":\"https:\/\/progettotouring.it\/radiotouring104\/wp-content\/uploads\/sites\/6\/2022\/02\/cropped-logo-radio-touring-104.png\",\"width\":377,\"height\":182,\"caption\":\"Radio Touring 104\"},\"image\":{\"@id\":\"https:\/\/progettotouring.it\/radiotouring104\/#\/schema\/logo\/image\/\"}},{\"@type\":\"Person\",\"@id\":\"https:\/\/progettotouring.it\/radiotouring104\/#\/schema\/person\/4a82259ca52ac8702ad1a8f9e5a3120b\",\"name\":\"Filippo Francesco Idone\",\"image\":{\"@type\":\"ImageObject\",\"inLanguage\":\"it-IT\",\"@id\":\"https:\/\/secure.gravatar.com\/avatar\/7268715d2366395c3dd314385670e6484117d44f5c442e61e230f7008b7b62d3?s=96&d=mm&r=g\",\"url\":\"https:\/\/secure.gravatar.com\/avatar\/7268715d2366395c3dd314385670e6484117d44f5c442e61e230f7008b7b62d3?s=96&d=mm&r=g\",\"contentUrl\":\"https:\/\/secure.gravatar.com\/avatar\/7268715d2366395c3dd314385670e6484117d44f5c442e61e230f7008b7b62d3?s=96&d=mm&r=g\",\"caption\":\"Filippo Francesco Idone\"},\"url\":\"https:\/\/progettotouring.it\/radiotouring104\/author\/filippoidone\/\"}]}<\/script>\n<!-- \/ Yoast SEO plugin. -->","yoast_head_json":{"title":"Motta San Giovanni: 833 mila euro per la Coesione Sociale","description":"Il sindaco di Motta San Giovanni, Giovanni Verduci, ha parlato degli 833 mila euro giunti dall'Agenzia per la Coesione Sociale","robots":{"index":"index","follow":"follow","max-snippet":"max-snippet:-1","max-image-preview":"max-image-preview:large","max-video-preview":"max-video-preview:-1"},"canonical":"https:\/\/progettotouring.it\/radiotouring104\/2022\/12\/13\/motta-san-giovanni-833-mila-euro-dallagenzia-per-la-coesione-sociale\/","og_locale":"it_IT","og_type":"article","og_title":"Motta San Giovanni: 833 mila euro per la Coesione Sociale","og_description":"Il sindaco di Motta San Giovanni, Giovanni Verduci, ha parlato degli 833 mila euro giunti dall'Agenzia per la Coesione Sociale","og_url":"https:\/\/progettotouring.it\/radiotouring104\/2022\/12\/13\/motta-san-giovanni-833-mila-euro-dallagenzia-per-la-coesione-sociale\/","og_site_name":"Radio Touring 104","article_published_time":"2022-12-13T12:37:22+00:00","article_modified_time":"2022-12-13T14:13:12+00:00","og_image":[{"width":957,"height":1251,"url":"https:\/\/progettotouring.it\/radiotouring104\/wp-content\/uploads\/sites\/6\/2022\/12\/Giovanni-Verduci.jpg","type":"image\/jpeg"}],"author":"Filippo Francesco Idone","twitter_card":"summary_large_image","twitter_misc":{"Scritto da":"Filippo Francesco Idone","Tempo di lettura stimato":"2 minuti"},"schema":{"@context":"https:\/\/schema.org","@graph":[{"@type":"Article","@id":"https:\/\/progettotouring.it\/radiotouring104\/2022\/12\/13\/motta-san-giovanni-833-mila-euro-dallagenzia-per-la-coesione-sociale\/#article","isPartOf":{"@id":"https:\/\/progettotouring.it\/radiotouring104\/2022\/12\/13\/motta-san-giovanni-833-mila-euro-dallagenzia-per-la-coesione-sociale\/"},"author":{"name":"Filippo Francesco Idone","@id":"https:\/\/progettotouring.it\/radiotouring104\/#\/schema\/person\/4a82259ca52ac8702ad1a8f9e5a3120b"},"headline":"Motta San Giovanni: 833 mila euro dall&#8217;Agenzia per la Coesione Sociale","datePublished":"2022-12-13T12:37:22+00:00","dateModified":"2022-12-13T14:13:12+00:00","mainEntityOfPage":{"@id":"https:\/\/progettotouring.it\/radiotouring104\/2022\/12\/13\/motta-san-giovanni-833-mila-euro-dallagenzia-per-la-coesione-sociale\/"},"wordCount":377,"commentCount":0,"publisher":{"@id":"https:\/\/progettotouring.it\/radiotouring104\/#organization"},"image":{"@id":"https:\/\/progettotouring.it\/radiotouring104\/2022\/12\/13\/motta-san-giovanni-833-mila-euro-dallagenzia-per-la-coesione-sociale\/#primaryimage"},"thumbnailUrl":"https:\/\/progettotouring.it\/radiotouring104\/wp-content\/uploads\/sites\/6\/2022\/12\/Giovanni-Verduci.jpg","keywords":["Coesione Sociale","Giovanni Verduci","Motta San Giovanni"],"articleSection":["Calabria","Home","News"],"inLanguage":"it-IT","potentialAction":[{"@type":"CommentAction","name":"Comment","target":["https:\/\/progettotouring.it\/radiotouring104\/2022\/12\/13\/motta-san-giovanni-833-mila-euro-dallagenzia-per-la-coesione-sociale\/#respond"]}]},{"@type":"WebPage","@id":"https:\/\/progettotouring.it\/radiotouring104\/2022\/12\/13\/motta-san-giovanni-833-mila-euro-dallagenzia-per-la-coesione-sociale\/","url":"https:\/\/progettotouring.it\/radiotouring104\/2022\/12\/13\/motta-san-giovanni-833-mila-euro-dallagenzia-per-la-coesione-sociale\/","name":"Motta San Giovanni: 833 mila euro per la Coesione Sociale","isPartOf":{"@id":"https:\/\/progettotouring.it\/radiotouring104\/#website"},"primaryImageOfPage":{"@id":"https:\/\/progettotouring.it\/radiotouring104\/2022\/12\/13\/motta-san-giovanni-833-mila-euro-dallagenzia-per-la-coesione-sociale\/#primaryimage"},"image":{"@id":"https:\/\/progettotouring.it\/radiotouring104\/2022\/12\/13\/motta-san-giovanni-833-mila-euro-dallagenzia-per-la-coesione-sociale\/#primaryimage"},"thumbnailUrl":"https:\/\/progettotouring.it\/radiotouring104\/wp-content\/uploads\/sites\/6\/2022\/12\/Giovanni-Verduci.jpg","datePublished":"2022-12-13T12:37:22+00:00","dateModified":"2022-12-13T14:13:12+00:00","description":"Il sindaco di Motta San Giovanni, Giovanni Verduci, ha parlato degli 833 mila euro giunti dall'Agenzia per la Coesione Sociale","breadcrumb":{"@id":"https:\/\/progettotouring.it\/radiotouring104\/2022\/12\/13\/motta-san-giovanni-833-mila-euro-dallagenzia-per-la-coesione-sociale\/#breadcrumb"},"inLanguage":"it-IT","potentialAction":[{"@type":"ReadAction","target":["https:\/\/progettotouring.it\/radiotouring104\/2022\/12\/13\/motta-san-giovanni-833-mila-euro-dallagenzia-per-la-coesione-sociale\/"]}]},{"@type":"ImageObject","inLanguage":"it-IT","@id":"https:\/\/progettotouring.it\/radiotouring104\/2022\/12\/13\/motta-san-giovanni-833-mila-euro-dallagenzia-per-la-coesione-sociale\/#primaryimage","url":"https:\/\/progettotouring.it\/radiotouring104\/wp-content\/uploads\/sites\/6\/2022\/12\/Giovanni-Verduci.jpg","contentUrl":"https:\/\/progettotouring.it\/radiotouring104\/wp-content\/uploads\/sites\/6\/2022\/12\/Giovanni-Verduci.jpg","width":957,"height":1251},{"@type":"BreadcrumbList","@id":"https:\/\/progettotouring.it\/radiotouring104\/2022\/12\/13\/motta-san-giovanni-833-mila-euro-dallagenzia-per-la-coesione-sociale\/#breadcrumb","itemListElement":[{"@type":"ListItem","position":1,"name":"Home","item":"https:\/\/progettotouring.it\/radiotouring104\/"},{"@type":"ListItem","position":2,"name":"Motta San Giovanni: 833 mila euro dall&#8217;Agenzia per la Coesione Sociale"}]},{"@type":"WebSite","@id":"https:\/\/progettotouring.it\/radiotouring104\/#website","url":"https:\/\/progettotouring.it\/radiotouring104\/","name":"Radio Touring 104","description":"La prima radio Reggina","publisher":{"@id":"https:\/\/progettotouring.it\/radiotouring104\/#organization"},"potentialAction":[{"@type":"SearchAction","target":{"@type":"EntryPoint","urlTemplate":"https:\/\/progettotouring.it\/radiotouring104\/?s={search_term_string}"},"query-input":{"@type":"PropertyValueSpecification","valueRequired":true,"valueName":"search_term_string"}}],"inLanguage":"it-IT"},{"@type":"Organization","@id":"https:\/\/progettotouring.it\/radiotouring104\/#organization","name":"Radio Touring 104","url":"https:\/\/progettotouring.it\/radiotouring104\/","logo":{"@type":"ImageObject","inLanguage":"it-IT","@id":"https:\/\/progettotouring.it\/radiotouring104\/#\/schema\/logo\/image\/","url":"https:\/\/progettotouring.it\/radiotouring104\/wp-content\/uploads\/sites\/6\/2022\/02\/cropped-logo-radio-touring-104.png","contentUrl":"https:\/\/progettotouring.it\/radiotouring104\/wp-content\/uploads\/sites\/6\/2022\/02\/cropped-logo-radio-touring-104.png","width":377,"height":182,"caption":"Radio Touring 104"},"image":{"@id":"https:\/\/progettotouring.it\/radiotouring104\/#\/schema\/logo\/image\/"}},{"@type":"Person","@id":"https:\/\/progettotouring.it\/radiotouring104\/#\/schema\/person\/4a82259ca52ac8702ad1a8f9e5a3120b","name":"Filippo Francesco Idone","image":{"@type":"ImageObject","inLanguage":"it-IT","@id":"https:\/\/secure.gravatar.com\/avatar\/7268715d2366395c3dd314385670e6484117d44f5c442e61e230f7008b7b62d3?s=96&d=mm&r=g","url":"https:\/\/secure.gravatar.com\/avatar\/7268715d2366395c3dd314385670e6484117d44f5c442e61e230f7008b7b62d3?s=96&d=mm&r=g","contentUrl":"https:\/\/secure.gravatar.com\/avatar\/7268715d2366395c3dd314385670e6484117d44f5c442e61e230f7008b7b62d3?s=96&d=mm&r=g","caption":"Filippo Francesco Idone"},"url":"https:\/\/progettotouring.it\/radiotouring104\/author\/filippoidone\/"}]}},"jetpack_publicize_connections":[],"jetpack_featured_media_url":"https:\/\/progettotouring.it\/radiotouring104\/wp-content\/uploads\/sites\/6\/2022\/12\/Giovanni-Verduci.jpg","jetpack_sharing_enabled":true,"_links":{"self":[{"href":"https:\/\/progettotouring.it\/radiotouring104\/wp-json\/wp\/v2\/posts\/14659","targetHints":{"allow":["GET"]}}],"collection":[{"href":"https:\/\/progettotouring.it\/radiotouring104\/wp-json\/wp\/v2\/posts"}],"about":[{"href":"https:\/\/progettotouring.it\/radiotouring104\/wp-json\/wp\/v2\/types\/post"}],"author":[{"embeddable":true,"href":"https:\/\/progettotouring.it\/radiotouring104\/wp-json\/wp\/v2\/users\/8"}],"replies":[{"embeddable":true,"href":"https:\/\/progettotouring.it\/radiotouring104\/wp-json\/wp\/v2\/comments?post=14659"}],"version-history":[{"count":1,"href":"https:\/\/progettotouring.it\/radiotouring104\/wp-json\/wp\/v2\/posts\/14659\/revisions"}],"predecessor-version":[{"id":14661,"href":"https:\/\/progettotouring.it\/radiotouring104\/wp-json\/wp\/v2\/posts\/14659\/revisions\/14661"}],"wp:featuredmedia":[{"embeddable":true,"href":"https:\/\/progettotouring.it\/radiotouring104\/wp-json\/wp\/v2\/media\/14660"}],"wp:attachment":[{"href":"https:\/\/progettotouring.it\/radiotouring104\/wp-json\/wp\/v2\/media?parent=14659"}],"wp:term":[{"taxonomy":"category","embeddable":true,"href":"https:\/\/progettotouring.it\/radiotouring104\/wp-json\/wp\/v2\/categories?post=14659"},{"taxonomy":"post_tag","embeddable":true,"href":"https:\/\/progettotouring.it\/radiotouring104\/wp-json\/wp\/v2\/tags?post=14659"}],"curies":[{"name":"wp","href":"https:\/\/api.w.org\/{rel}","templated":true}]}}