{"id":14665,"date":"2022-12-13T13:58:20","date_gmt":"2022-12-13T12:58:20","guid":{"rendered":"https:\/\/progettotouring.it\/radiotouring104\/?p=14665"},"modified":"2022-12-13T15:22:41","modified_gmt":"2022-12-13T14:22:41","slug":"differenziamo-con-gioia-day-giornata-di-sensibilizzazione-e-confronto","status":"publish","type":"post","link":"https:\/\/progettotouring.it\/radiotouring104\/2022\/12\/13\/differenziamo-con-gioia-day-giornata-di-sensibilizzazione-e-confronto\/","title":{"rendered":"Differenziamo con Gioia Day: giornata di sensibilizzazione e confronto"},"content":{"rendered":"<p style=\"text-align: justify\"><strong>Differenziamo con Gioia Day<\/strong>: una giornata dedicata alla sensibilizzazione sui temi della raccolta differenziata dei rifiuti, sul riciclo e sul rispetto dell\u2019ambiente \u00e8 in programma <strong>venerd\u00ec 16 dicembre <\/strong>a <strong>Gioia Tauro<\/strong>. L\u2019iniziativa, promossa dall\u2019Amministrazione comunale di Gioia Tauro, si inserisce nell\u2019ambito del progetto <strong>Differenziamo con Gioia<\/strong>, avviato nel 2022 e finalizzato a istituire un sistema di raccolta differenziata e riduzione dei rifiuti nella cittadina dell\u2019area metropolitana di <strong>Reggio<\/strong> <strong>Calabria<\/strong>. La Giornata \u00e8 volta alla promozione delle buone pratiche di riciclo e della riduzione dei rifiuti nel comune di Gioia Tauro, rivolgendosi in maniera diretta a tutte le fasce della cittadinanza, al fine di illustrare le modalit\u00e0 della corretta raccolta differenziata e fornire tutte le informazioni utili sul tema. <strong>Stand informativi<\/strong> saranno allestiti in piazza dell\u2019Incontro, <strong>dalle 9.00 alle 13.00 e dalle 16.00 alle 20.00<\/strong>: in questo spazio, per l\u2019intera giornata la cittadinanza potr\u00e0 conoscere di pi\u00f9 sul tema della raccolta e del riciclo e sar\u00e0 possibile ritirare la tessera per l\u2019utilizzo delle mini isole ecologiche, grazie alla collaborazione dei volontari del Servizio civile e dell\u2019Associazione Pensionati. Previste anche le visite degli studenti degli istituti comprensivi cittadini.<\/p>\n<p><img fetchpriority=\"high\" decoding=\"async\" class=\"alignnone size-medium wp-image-14666\" src=\"https:\/\/progettotouring.it\/radiotouring104\/wp-content\/uploads\/sites\/6\/2022\/12\/differenziamo-con-gioia-212x300.jpg\" alt=\"\" width=\"212\" height=\"300\" srcset=\"https:\/\/progettotouring.it\/radiotouring104\/wp-content\/uploads\/sites\/6\/2022\/12\/differenziamo-con-gioia-212x300.jpg 212w, https:\/\/progettotouring.it\/radiotouring104\/wp-content\/uploads\/sites\/6\/2022\/12\/differenziamo-con-gioia.jpg 562w\" sizes=\"(max-width: 212px) 100vw, 212px\" \/><\/p>\n<p style=\"text-align: justify\">Parallelamente si svolger\u00e0 in citt\u00e0 il programma degli eventi. Alle <strong>ore 10.00<\/strong> presso l\u2019<strong>Istituto d\u2019Istruzione Superiore \u201cF. Severi\u201d <\/strong>di Gioia Tauro, si terr\u00e0 una <strong>Conferenza dal titolo \u201cRivalutiamo il domani\u201d<\/strong>. Alle <strong>ore 15.00<\/strong> presso la <strong>Biblioteca comunale<\/strong> \u00e8, invece, in programma un <strong>Laboratorio di riciclo creativo<\/strong> per bambini a cura dell\u2019<strong>Associazione socioculturale Zo\u00ec<\/strong>. Mentre alle <strong>17.00<\/strong>, presso <strong>Le Cisterne<\/strong>, si terr\u00e0 una <strong>Tavola rotonda su \u201cGestione dei rifiuti ed economia circolare. Riduzione, riciclo e riutilizzo: un impegno condiviso per il benessere dei territori e delle comunit\u00e0\u201d<\/strong>. All\u2019incontro, interverranno, moderati dal giornalista <strong>Domenico Latino<\/strong>, il Sindaco di Gioia Tauro <strong>Aldo Alessio<\/strong> e l\u2019Assessore all\u2019Ambiente <strong>Sabina Ventini<\/strong>; il Consigliere delegato all\u2019Ambiente della Citt\u00e0 Metropolitana di Reggio Calabria, <strong>Salvatore Fuda<\/strong>, il Dirigente del Settore V &#8211; Programmazione e Gestione del Territorio del Comune di Gioia Tauro, <strong>Salvatore Orlando; Fortunato Pratic\u00f2<\/strong>, Dirigente IIS \u201cF. Severi\u201d di Gioia Tauro; <strong>Maria Concetta Dragonetto<\/strong>, referente Area progetti territoriali speciali Conai; <strong>Alessandro Vescio<\/strong>, coordinatore Calabria Comieco; <strong>Valentina Meschiari<\/strong>, Responsabile Raccolta Corepla; <strong>Roberto Ripepi<\/strong>, referente Poly2oil.<\/p>\n<p style=\"text-align: justify\">I rifiuti rappresentano un costo ambientale e sociale. Diminuire la produzione di rifiuti \u00e8 un obiettivo di fondamentale importanza per gli Enti e le comunit\u00e0. La raccolta differenziata \u00e8 lo strumento principale per contribuire, attraverso una responsabilit\u00e0 condivisa tra Istituzioni e cittadini, al raggiungimento di questo scopo. Un sistema di gestione integrato dei rifiuti prevede quindi l\u2019attuazione e il monitoraggio di un insieme di azioni, nell\u2019ottica del principio comunitario delle 4 R (Riduzione, Riutilizzo, Riciclo, Recupero) che sta alla base di una corretta ed efficace gestione sostenibile dei rifiuti. Da queste considerazioni prender\u00e0 le mosse il confronto tra amministratori e addetti ai lavori, per mettere sul tavolo idee e criticit\u00e0, in un momento importante per la nostra regione. Il concetto di economia circolare, oggi, rappresenta la chiave di volta per una gestione sostenibile e innovativa dei rifiuti; una visione strategica da adottare nel pieno rispetto delle direttive europee e per il benessere dei territori e delle comunit\u00e0. Da <strong>Gioia Tauro,<\/strong> dunque, un messaggio chiaro per vincere la partita della crescita, dello sviluppo e della salvaguardia dell\u2019ambiente.<\/p>\n","protected":false},"excerpt":{"rendered":"<p>Differenziamo con Gioia Day: una giornata dedicata alla sensibilizzazione sui temi della raccolta differenziata dei rifiuti, sul riciclo e sul rispetto dell\u2019ambiente \u00e8 in programma venerd\u00ec 16 dicembre a Gioia&hellip;<\/p>\n","protected":false},"author":8,"featured_media":14667,"comment_status":"open","ping_status":"open","sticky":false,"template":"","format":"standard","meta":{"_jetpack_memberships_contains_paid_content":false,"footnotes":"","jetpack_publicize_message":"","jetpack_publicize_feature_enabled":true,"jetpack_social_post_already_shared":false,"jetpack_social_options":{"image_generator_settings":{"template":"highway","default_image_id":0,"font":"","enabled":false},"version":2}},"categories":[196],"tags":[7218,517],"class_list":["post-14665","post","type-post","status-publish","format-standard","has-post-thumbnail","hentry","category-news","tag-differenziamo-con-gioia-day","tag-gioia-tauro"],"yoast_head":"<!-- This site is optimized with the Yoast SEO plugin v27.2 - https:\/\/yoast.com\/product\/yoast-seo-wordpress\/ -->\n<title>Differenziamo con Gioia Day: giornata di sensibilizzazione<\/title>\n<meta name=\"description\" content=\"Tutto pronto per &quot;Differenziamo con Gioia Day&quot; che si svolger\u00e0 il 16 dicembre a Gioia Tauro per sensibilizzare l&#039;opinione pubblica\" \/>\n<meta name=\"robots\" content=\"index, follow, max-snippet:-1, max-image-preview:large, max-video-preview:-1\" \/>\n<link rel=\"canonical\" href=\"https:\/\/progettotouring.it\/radiotouring104\/2022\/12\/13\/differenziamo-con-gioia-day-giornata-di-sensibilizzazione-e-confronto\/\" \/>\n<meta property=\"og:locale\" content=\"it_IT\" \/>\n<meta property=\"og:type\" content=\"article\" \/>\n<meta property=\"og:title\" content=\"Differenziamo con Gioia Day: giornata di sensibilizzazione\" \/>\n<meta property=\"og:description\" content=\"Tutto pronto per &quot;Differenziamo con Gioia Day&quot; che si svolger\u00e0 il 16 dicembre a Gioia Tauro per sensibilizzare l&#039;opinione pubblica\" \/>\n<meta property=\"og:url\" content=\"https:\/\/progettotouring.it\/radiotouring104\/2022\/12\/13\/differenziamo-con-gioia-day-giornata-di-sensibilizzazione-e-confronto\/\" \/>\n<meta property=\"og:site_name\" content=\"Radio Touring 104\" \/>\n<meta property=\"article:published_time\" content=\"2022-12-13T12:58:20+00:00\" \/>\n<meta property=\"article:modified_time\" content=\"2022-12-13T14:22:41+00:00\" \/>\n<meta property=\"og:image\" content=\"https:\/\/progettotouring.it\/radiotouring104\/wp-content\/uploads\/sites\/6\/2022\/12\/differenziamo-con-gioia-2.jpg\" \/>\n\t<meta property=\"og:image:width\" content=\"702\" \/>\n\t<meta property=\"og:image:height\" content=\"424\" \/>\n\t<meta property=\"og:image:type\" content=\"image\/jpeg\" \/>\n<meta name=\"author\" content=\"Filippo Francesco Idone\" \/>\n<meta name=\"twitter:card\" content=\"summary_large_image\" \/>\n<meta name=\"twitter:label1\" content=\"Scritto da\" \/>\n\t<meta name=\"twitter:data1\" content=\"Filippo Francesco Idone\" \/>\n\t<meta name=\"twitter:label2\" content=\"Tempo di lettura stimato\" \/>\n\t<meta name=\"twitter:data2\" content=\"3 minuti\" \/>\n<script type=\"application\/ld+json\" class=\"yoast-schema-graph\">{\"@context\":\"https:\/\/schema.org\",\"@graph\":[{\"@type\":\"Article\",\"@id\":\"https:\/\/progettotouring.it\/radiotouring104\/2022\/12\/13\/differenziamo-con-gioia-day-giornata-di-sensibilizzazione-e-confronto\/#article\",\"isPartOf\":{\"@id\":\"https:\/\/progettotouring.it\/radiotouring104\/2022\/12\/13\/differenziamo-con-gioia-day-giornata-di-sensibilizzazione-e-confronto\/\"},\"author\":{\"name\":\"Filippo Francesco Idone\",\"@id\":\"https:\/\/progettotouring.it\/radiotouring104\/#\/schema\/person\/4a82259ca52ac8702ad1a8f9e5a3120b\"},\"headline\":\"Differenziamo con Gioia Day: giornata di sensibilizzazione e confronto\",\"datePublished\":\"2022-12-13T12:58:20+00:00\",\"dateModified\":\"2022-12-13T14:22:41+00:00\",\"mainEntityOfPage\":{\"@id\":\"https:\/\/progettotouring.it\/radiotouring104\/2022\/12\/13\/differenziamo-con-gioia-day-giornata-di-sensibilizzazione-e-confronto\/\"},\"wordCount\":543,\"commentCount\":0,\"publisher\":{\"@id\":\"https:\/\/progettotouring.it\/radiotouring104\/#organization\"},\"image\":{\"@id\":\"https:\/\/progettotouring.it\/radiotouring104\/2022\/12\/13\/differenziamo-con-gioia-day-giornata-di-sensibilizzazione-e-confronto\/#primaryimage\"},\"thumbnailUrl\":\"https:\/\/progettotouring.it\/radiotouring104\/wp-content\/uploads\/sites\/6\/2022\/12\/differenziamo-con-gioia-2.jpg\",\"keywords\":[\"Differenziamo con Gioia Day\",\"Gioia Tauro\"],\"articleSection\":[\"News\"],\"inLanguage\":\"it-IT\",\"potentialAction\":[{\"@type\":\"CommentAction\",\"name\":\"Comment\",\"target\":[\"https:\/\/progettotouring.it\/radiotouring104\/2022\/12\/13\/differenziamo-con-gioia-day-giornata-di-sensibilizzazione-e-confronto\/#respond\"]}]},{\"@type\":\"WebPage\",\"@id\":\"https:\/\/progettotouring.it\/radiotouring104\/2022\/12\/13\/differenziamo-con-gioia-day-giornata-di-sensibilizzazione-e-confronto\/\",\"url\":\"https:\/\/progettotouring.it\/radiotouring104\/2022\/12\/13\/differenziamo-con-gioia-day-giornata-di-sensibilizzazione-e-confronto\/\",\"name\":\"Differenziamo con Gioia Day: giornata di sensibilizzazione\",\"isPartOf\":{\"@id\":\"https:\/\/progettotouring.it\/radiotouring104\/#website\"},\"primaryImageOfPage\":{\"@id\":\"https:\/\/progettotouring.it\/radiotouring104\/2022\/12\/13\/differenziamo-con-gioia-day-giornata-di-sensibilizzazione-e-confronto\/#primaryimage\"},\"image\":{\"@id\":\"https:\/\/progettotouring.it\/radiotouring104\/2022\/12\/13\/differenziamo-con-gioia-day-giornata-di-sensibilizzazione-e-confronto\/#primaryimage\"},\"thumbnailUrl\":\"https:\/\/progettotouring.it\/radiotouring104\/wp-content\/uploads\/sites\/6\/2022\/12\/differenziamo-con-gioia-2.jpg\",\"datePublished\":\"2022-12-13T12:58:20+00:00\",\"dateModified\":\"2022-12-13T14:22:41+00:00\",\"description\":\"Tutto pronto per \\\"Differenziamo con Gioia Day\\\" che si svolger\u00e0 il 16 dicembre a Gioia Tauro per sensibilizzare l'opinione pubblica\",\"breadcrumb\":{\"@id\":\"https:\/\/progettotouring.it\/radiotouring104\/2022\/12\/13\/differenziamo-con-gioia-day-giornata-di-sensibilizzazione-e-confronto\/#breadcrumb\"},\"inLanguage\":\"it-IT\",\"potentialAction\":[{\"@type\":\"ReadAction\",\"target\":[\"https:\/\/progettotouring.it\/radiotouring104\/2022\/12\/13\/differenziamo-con-gioia-day-giornata-di-sensibilizzazione-e-confronto\/\"]}]},{\"@type\":\"ImageObject\",\"inLanguage\":\"it-IT\",\"@id\":\"https:\/\/progettotouring.it\/radiotouring104\/2022\/12\/13\/differenziamo-con-gioia-day-giornata-di-sensibilizzazione-e-confronto\/#primaryimage\",\"url\":\"https:\/\/progettotouring.it\/radiotouring104\/wp-content\/uploads\/sites\/6\/2022\/12\/differenziamo-con-gioia-2.jpg\",\"contentUrl\":\"https:\/\/progettotouring.it\/radiotouring104\/wp-content\/uploads\/sites\/6\/2022\/12\/differenziamo-con-gioia-2.jpg\",\"width\":702,\"height\":424},{\"@type\":\"BreadcrumbList\",\"@id\":\"https:\/\/progettotouring.it\/radiotouring104\/2022\/12\/13\/differenziamo-con-gioia-day-giornata-di-sensibilizzazione-e-confronto\/#breadcrumb\",\"itemListElement\":[{\"@type\":\"ListItem\",\"position\":1,\"name\":\"Home\",\"item\":\"https:\/\/progettotouring.it\/radiotouring104\/\"},{\"@type\":\"ListItem\",\"position\":2,\"name\":\"Differenziamo con Gioia Day: giornata di sensibilizzazione e confronto\"}]},{\"@type\":\"WebSite\",\"@id\":\"https:\/\/progettotouring.it\/radiotouring104\/#website\",\"url\":\"https:\/\/progettotouring.it\/radiotouring104\/\",\"name\":\"Radio Touring 104\",\"description\":\"La prima radio Reggina\",\"publisher\":{\"@id\":\"https:\/\/progettotouring.it\/radiotouring104\/#organization\"},\"potentialAction\":[{\"@type\":\"SearchAction\",\"target\":{\"@type\":\"EntryPoint\",\"urlTemplate\":\"https:\/\/progettotouring.it\/radiotouring104\/?s={search_term_string}\"},\"query-input\":{\"@type\":\"PropertyValueSpecification\",\"valueRequired\":true,\"valueName\":\"search_term_string\"}}],\"inLanguage\":\"it-IT\"},{\"@type\":\"Organization\",\"@id\":\"https:\/\/progettotouring.it\/radiotouring104\/#organization\",\"name\":\"Radio Touring 104\",\"url\":\"https:\/\/progettotouring.it\/radiotouring104\/\",\"logo\":{\"@type\":\"ImageObject\",\"inLanguage\":\"it-IT\",\"@id\":\"https:\/\/progettotouring.it\/radiotouring104\/#\/schema\/logo\/image\/\",\"url\":\"https:\/\/progettotouring.it\/radiotouring104\/wp-content\/uploads\/sites\/6\/2022\/02\/cropped-logo-radio-touring-104.png\",\"contentUrl\":\"https:\/\/progettotouring.it\/radiotouring104\/wp-content\/uploads\/sites\/6\/2022\/02\/cropped-logo-radio-touring-104.png\",\"width\":377,\"height\":182,\"caption\":\"Radio Touring 104\"},\"image\":{\"@id\":\"https:\/\/progettotouring.it\/radiotouring104\/#\/schema\/logo\/image\/\"}},{\"@type\":\"Person\",\"@id\":\"https:\/\/progettotouring.it\/radiotouring104\/#\/schema\/person\/4a82259ca52ac8702ad1a8f9e5a3120b\",\"name\":\"Filippo Francesco Idone\",\"image\":{\"@type\":\"ImageObject\",\"inLanguage\":\"it-IT\",\"@id\":\"https:\/\/secure.gravatar.com\/avatar\/7268715d2366395c3dd314385670e6484117d44f5c442e61e230f7008b7b62d3?s=96&d=mm&r=g\",\"url\":\"https:\/\/secure.gravatar.com\/avatar\/7268715d2366395c3dd314385670e6484117d44f5c442e61e230f7008b7b62d3?s=96&d=mm&r=g\",\"contentUrl\":\"https:\/\/secure.gravatar.com\/avatar\/7268715d2366395c3dd314385670e6484117d44f5c442e61e230f7008b7b62d3?s=96&d=mm&r=g\",\"caption\":\"Filippo Francesco Idone\"},\"url\":\"https:\/\/progettotouring.it\/radiotouring104\/author\/filippoidone\/\"}]}<\/script>\n<!-- \/ Yoast SEO plugin. -->","yoast_head_json":{"title":"Differenziamo con Gioia Day: giornata di sensibilizzazione","description":"Tutto pronto per \"Differenziamo con Gioia Day\" che si svolger\u00e0 il 16 dicembre a Gioia Tauro per sensibilizzare l'opinione pubblica","robots":{"index":"index","follow":"follow","max-snippet":"max-snippet:-1","max-image-preview":"max-image-preview:large","max-video-preview":"max-video-preview:-1"},"canonical":"https:\/\/progettotouring.it\/radiotouring104\/2022\/12\/13\/differenziamo-con-gioia-day-giornata-di-sensibilizzazione-e-confronto\/","og_locale":"it_IT","og_type":"article","og_title":"Differenziamo con Gioia Day: giornata di sensibilizzazione","og_description":"Tutto pronto per \"Differenziamo con Gioia Day\" che si svolger\u00e0 il 16 dicembre a Gioia Tauro per sensibilizzare l'opinione pubblica","og_url":"https:\/\/progettotouring.it\/radiotouring104\/2022\/12\/13\/differenziamo-con-gioia-day-giornata-di-sensibilizzazione-e-confronto\/","og_site_name":"Radio Touring 104","article_published_time":"2022-12-13T12:58:20+00:00","article_modified_time":"2022-12-13T14:22:41+00:00","og_image":[{"width":702,"height":424,"url":"https:\/\/progettotouring.it\/radiotouring104\/wp-content\/uploads\/sites\/6\/2022\/12\/differenziamo-con-gioia-2.jpg","type":"image\/jpeg"}],"author":"Filippo Francesco Idone","twitter_card":"summary_large_image","twitter_misc":{"Scritto da":"Filippo Francesco Idone","Tempo di lettura stimato":"3 minuti"},"schema":{"@context":"https:\/\/schema.org","@graph":[{"@type":"Article","@id":"https:\/\/progettotouring.it\/radiotouring104\/2022\/12\/13\/differenziamo-con-gioia-day-giornata-di-sensibilizzazione-e-confronto\/#article","isPartOf":{"@id":"https:\/\/progettotouring.it\/radiotouring104\/2022\/12\/13\/differenziamo-con-gioia-day-giornata-di-sensibilizzazione-e-confronto\/"},"author":{"name":"Filippo Francesco Idone","@id":"https:\/\/progettotouring.it\/radiotouring104\/#\/schema\/person\/4a82259ca52ac8702ad1a8f9e5a3120b"},"headline":"Differenziamo con Gioia Day: giornata di sensibilizzazione e confronto","datePublished":"2022-12-13T12:58:20+00:00","dateModified":"2022-12-13T14:22:41+00:00","mainEntityOfPage":{"@id":"https:\/\/progettotouring.it\/radiotouring104\/2022\/12\/13\/differenziamo-con-gioia-day-giornata-di-sensibilizzazione-e-confronto\/"},"wordCount":543,"commentCount":0,"publisher":{"@id":"https:\/\/progettotouring.it\/radiotouring104\/#organization"},"image":{"@id":"https:\/\/progettotouring.it\/radiotouring104\/2022\/12\/13\/differenziamo-con-gioia-day-giornata-di-sensibilizzazione-e-confronto\/#primaryimage"},"thumbnailUrl":"https:\/\/progettotouring.it\/radiotouring104\/wp-content\/uploads\/sites\/6\/2022\/12\/differenziamo-con-gioia-2.jpg","keywords":["Differenziamo con Gioia Day","Gioia Tauro"],"articleSection":["News"],"inLanguage":"it-IT","potentialAction":[{"@type":"CommentAction","name":"Comment","target":["https:\/\/progettotouring.it\/radiotouring104\/2022\/12\/13\/differenziamo-con-gioia-day-giornata-di-sensibilizzazione-e-confronto\/#respond"]}]},{"@type":"WebPage","@id":"https:\/\/progettotouring.it\/radiotouring104\/2022\/12\/13\/differenziamo-con-gioia-day-giornata-di-sensibilizzazione-e-confronto\/","url":"https:\/\/progettotouring.it\/radiotouring104\/2022\/12\/13\/differenziamo-con-gioia-day-giornata-di-sensibilizzazione-e-confronto\/","name":"Differenziamo con Gioia Day: giornata di sensibilizzazione","isPartOf":{"@id":"https:\/\/progettotouring.it\/radiotouring104\/#website"},"primaryImageOfPage":{"@id":"https:\/\/progettotouring.it\/radiotouring104\/2022\/12\/13\/differenziamo-con-gioia-day-giornata-di-sensibilizzazione-e-confronto\/#primaryimage"},"image":{"@id":"https:\/\/progettotouring.it\/radiotouring104\/2022\/12\/13\/differenziamo-con-gioia-day-giornata-di-sensibilizzazione-e-confronto\/#primaryimage"},"thumbnailUrl":"https:\/\/progettotouring.it\/radiotouring104\/wp-content\/uploads\/sites\/6\/2022\/12\/differenziamo-con-gioia-2.jpg","datePublished":"2022-12-13T12:58:20+00:00","dateModified":"2022-12-13T14:22:41+00:00","description":"Tutto pronto per \"Differenziamo con Gioia Day\" che si svolger\u00e0 il 16 dicembre a Gioia Tauro per sensibilizzare l'opinione pubblica","breadcrumb":{"@id":"https:\/\/progettotouring.it\/radiotouring104\/2022\/12\/13\/differenziamo-con-gioia-day-giornata-di-sensibilizzazione-e-confronto\/#breadcrumb"},"inLanguage":"it-IT","potentialAction":[{"@type":"ReadAction","target":["https:\/\/progettotouring.it\/radiotouring104\/2022\/12\/13\/differenziamo-con-gioia-day-giornata-di-sensibilizzazione-e-confronto\/"]}]},{"@type":"ImageObject","inLanguage":"it-IT","@id":"https:\/\/progettotouring.it\/radiotouring104\/2022\/12\/13\/differenziamo-con-gioia-day-giornata-di-sensibilizzazione-e-confronto\/#primaryimage","url":"https:\/\/progettotouring.it\/radiotouring104\/wp-content\/uploads\/sites\/6\/2022\/12\/differenziamo-con-gioia-2.jpg","contentUrl":"https:\/\/progettotouring.it\/radiotouring104\/wp-content\/uploads\/sites\/6\/2022\/12\/differenziamo-con-gioia-2.jpg","width":702,"height":424},{"@type":"BreadcrumbList","@id":"https:\/\/progettotouring.it\/radiotouring104\/2022\/12\/13\/differenziamo-con-gioia-day-giornata-di-sensibilizzazione-e-confronto\/#breadcrumb","itemListElement":[{"@type":"ListItem","position":1,"name":"Home","item":"https:\/\/progettotouring.it\/radiotouring104\/"},{"@type":"ListItem","position":2,"name":"Differenziamo con Gioia Day: giornata di sensibilizzazione e confronto"}]},{"@type":"WebSite","@id":"https:\/\/progettotouring.it\/radiotouring104\/#website","url":"https:\/\/progettotouring.it\/radiotouring104\/","name":"Radio Touring 104","description":"La prima radio Reggina","publisher":{"@id":"https:\/\/progettotouring.it\/radiotouring104\/#organization"},"potentialAction":[{"@type":"SearchAction","target":{"@type":"EntryPoint","urlTemplate":"https:\/\/progettotouring.it\/radiotouring104\/?s={search_term_string}"},"query-input":{"@type":"PropertyValueSpecification","valueRequired":true,"valueName":"search_term_string"}}],"inLanguage":"it-IT"},{"@type":"Organization","@id":"https:\/\/progettotouring.it\/radiotouring104\/#organization","name":"Radio Touring 104","url":"https:\/\/progettotouring.it\/radiotouring104\/","logo":{"@type":"ImageObject","inLanguage":"it-IT","@id":"https:\/\/progettotouring.it\/radiotouring104\/#\/schema\/logo\/image\/","url":"https:\/\/progettotouring.it\/radiotouring104\/wp-content\/uploads\/sites\/6\/2022\/02\/cropped-logo-radio-touring-104.png","contentUrl":"https:\/\/progettotouring.it\/radiotouring104\/wp-content\/uploads\/sites\/6\/2022\/02\/cropped-logo-radio-touring-104.png","width":377,"height":182,"caption":"Radio Touring 104"},"image":{"@id":"https:\/\/progettotouring.it\/radiotouring104\/#\/schema\/logo\/image\/"}},{"@type":"Person","@id":"https:\/\/progettotouring.it\/radiotouring104\/#\/schema\/person\/4a82259ca52ac8702ad1a8f9e5a3120b","name":"Filippo Francesco Idone","image":{"@type":"ImageObject","inLanguage":"it-IT","@id":"https:\/\/secure.gravatar.com\/avatar\/7268715d2366395c3dd314385670e6484117d44f5c442e61e230f7008b7b62d3?s=96&d=mm&r=g","url":"https:\/\/secure.gravatar.com\/avatar\/7268715d2366395c3dd314385670e6484117d44f5c442e61e230f7008b7b62d3?s=96&d=mm&r=g","contentUrl":"https:\/\/secure.gravatar.com\/avatar\/7268715d2366395c3dd314385670e6484117d44f5c442e61e230f7008b7b62d3?s=96&d=mm&r=g","caption":"Filippo Francesco Idone"},"url":"https:\/\/progettotouring.it\/radiotouring104\/author\/filippoidone\/"}]}},"jetpack_publicize_connections":[],"jetpack_featured_media_url":"https:\/\/progettotouring.it\/radiotouring104\/wp-content\/uploads\/sites\/6\/2022\/12\/differenziamo-con-gioia-2.jpg","jetpack_sharing_enabled":true,"_links":{"self":[{"href":"https:\/\/progettotouring.it\/radiotouring104\/wp-json\/wp\/v2\/posts\/14665","targetHints":{"allow":["GET"]}}],"collection":[{"href":"https:\/\/progettotouring.it\/radiotouring104\/wp-json\/wp\/v2\/posts"}],"about":[{"href":"https:\/\/progettotouring.it\/radiotouring104\/wp-json\/wp\/v2\/types\/post"}],"author":[{"embeddable":true,"href":"https:\/\/progettotouring.it\/radiotouring104\/wp-json\/wp\/v2\/users\/8"}],"replies":[{"embeddable":true,"href":"https:\/\/progettotouring.it\/radiotouring104\/wp-json\/wp\/v2\/comments?post=14665"}],"version-history":[{"count":1,"href":"https:\/\/progettotouring.it\/radiotouring104\/wp-json\/wp\/v2\/posts\/14665\/revisions"}],"predecessor-version":[{"id":14668,"href":"https:\/\/progettotouring.it\/radiotouring104\/wp-json\/wp\/v2\/posts\/14665\/revisions\/14668"}],"wp:featuredmedia":[{"embeddable":true,"href":"https:\/\/progettotouring.it\/radiotouring104\/wp-json\/wp\/v2\/media\/14667"}],"wp:attachment":[{"href":"https:\/\/progettotouring.it\/radiotouring104\/wp-json\/wp\/v2\/media?parent=14665"}],"wp:term":[{"taxonomy":"category","embeddable":true,"href":"https:\/\/progettotouring.it\/radiotouring104\/wp-json\/wp\/v2\/categories?post=14665"},{"taxonomy":"post_tag","embeddable":true,"href":"https:\/\/progettotouring.it\/radiotouring104\/wp-json\/wp\/v2\/tags?post=14665"}],"curies":[{"name":"wp","href":"https:\/\/api.w.org\/{rel}","templated":true}]}}