{"id":14669,"date":"2022-12-13T14:12:45","date_gmt":"2022-12-13T13:12:45","guid":{"rendered":"https:\/\/progettotouring.it\/radiotouring104\/?p=14669"},"modified":"2022-12-13T15:24:33","modified_gmt":"2022-12-13T14:24:33","slug":"coldiretti-calabria-crolla-il-settore-alimentare","status":"publish","type":"post","link":"https:\/\/progettotouring.it\/radiotouring104\/2022\/12\/13\/coldiretti-calabria-crolla-il-settore-alimentare\/","title":{"rendered":"Coldiretti Calabria: crolla il settore alimentare"},"content":{"rendered":"<p class=\"xmprfx_MsoNormal\" style=\"text-align: justify\">E\u2019 una frenata preoccupante nella preparazione delle scorte per le tavole del Natale in cui tradizionalmente \u2013 rileva\u00a0 Coldiretti \u2013 si verificano i valori pi\u00f9 elevati di consumi alimentari di tutto l\u2019anno. Infatti, crolla in Italia la produzione alimentare che fa segnare una riduzione del 4% a ottobre rispetto allo stesso periodo dell\u2019anno precedente, pari a quasi il triplo del totale della produzione industriale. Questo emerge da una analisi della Coldiretti sulla base dei dati Istat sulla produzione industriale a ottobre con l\u2019alimentare che cala dello 0,5% anche su base trimestrale in controtendenza rispetto all\u2019aumento generale. \u00a0E\u2019 il risultato \u2013 continua la Coldiretti \u2013 delle difficolt\u00e0 in cui si trovano le famiglie italiane che, spinte dai rincari mettono meno prodotti nel carrello ma \u00e8 anche il segnale dei problemi della filiera produttiva alle prese con l\u2019esplosione dei costi di energia e\u00a0 materie prime.<\/p>\n<p class=\"xmprfx_MsoNormal\" style=\"text-align: justify\">\u00a0L\u2019inflazione che purtroppo non mostra rallentamenti, il timore della recessione e della situazione che durer\u00e0 anche nel 2023 (sei persone su 10), svuota infatti le tavole di oltre la met\u00e0\u00a0 delle famiglie calabresi, costrette a tagliare le quantit\u00e0 di cibo a causa dei rincari nel carrello della spesa. Se si considera la fascia di popolazione a basso reddito \u2013 sottolinea Coldiretti &#8211; la percentuale di chi riduce la quantit\u00e0 del cibo sale addirittura oltre il 60%. Accanto a chi \u00e8 stato costretto a mettere meno prodotti nel carrello per far quadrare i bilanci familiari, c\u2019\u00e8 pi\u00f9 del 40% che preferisce addirittura risparmiare sulla qualit\u00e0 (il 46% nel caso dei bassi redditi).\u00a0\u00a0Nella classifica dei prodotti pi\u00f9 colpiti dalla scure dei consumatori ci sono al primo posto gli alcolici ai quali \u2013 rileva Coldiretti \u2013 sono stati costretti a dire addio, del tutto o anche solo parzialmente, il 44%. Al secondo posto i dolci che vengono tagliati in quantit\u00e0 dal 44%, mentre al terzo ci sono i salumi ai quali ha rinunciato il 38,7% dei cittadini, subito davanti al pesce (38%) e alla carne (37%). E il carovita porta addirittura a ridurre gli acquisti di alimenti per bambini, con il 31% di persone che ne acquista di meno. In situazione di difficolt\u00e0 i meno colpiti sono alcuni prodotti base della dieta mediterranea come frutta (tagliata del 16% dei consumatori), verdura (dal 12%) e pasta (dall\u201911%).<\/p>\n<p class=\"xmprfx_MsoNormal\" style=\"text-align: justify\">L\u2019intera filiera agroalimentare \u00e8 sotto pressione a partire dall\u2019agricoltura dove si registrano infatti aumenti dei costi che vanno dal +170% dei concimi al +90% dei mangimi al +129% per il gasolio fino al +500% delle bollette per pompare l\u2019acqua per l\u2019irrigazione dei raccolti. Ma aumenti \u2013 continua la <strong>Coldiretti<\/strong> \u2013 riguardano anche l\u2019alimentare con il vetro che costa oltre il 50% in pi\u00f9 rispetto allo scorso anno, il 15% il tetrapack, il 35% le etichette, il 45% il cartone, il 60% i barattoli di banda stagnata, fino ad arrivare al +70% per la plastica, secondo l\u2019analisi <strong>Coldiretti<\/strong>.<\/p>\n<p class=\"xmprfx_MsoNormal\" style=\"text-align: justify\"><em>\u201cBisogna intervenire sui rincari dell\u2019energia,logistica e materie prime che mettono a rischio imprese e famiglie in settori vitali per il Paese\u201d<\/em> afferma\u00a0<b>il presidente della Coldiretti Calabria Franco Aceto<\/b>\u00a0nel sottolineare che \u201c<em>la\u00a0 filiera agroalimentare nella nostra regione vale oltre 2 miliardi di \u20acuro\u00a0e costituisce un comparto chiave per lo sviluppo dell\u2019economia, dove rappresenta il settore economico pi\u00f9 importante e l\u2019elemento distintivo delle produzioni regionali con un dispiegamento di attivit\u00e0 che vanno dalle aziende agricole, ai lavoratori impegnati, industrie alimentari, ristorazione e punti vendita al dettaglio. Ci auguriamo che le festivit\u00e0 natalizie e capodanno<\/em> \u2013 conclude <em>possano contribuire ad invertire la situazione e segnino un nuovo inizio per il sistema economico, i cittadini e famiglie&#8221;.\u00a0\u00a0<\/em><\/p>\n","protected":false},"excerpt":{"rendered":"<p>E\u2019 una frenata preoccupante nella preparazione delle scorte per le tavole del Natale in cui tradizionalmente \u2013 rileva\u00a0 Coldiretti \u2013 si verificano i valori pi\u00f9 elevati di consumi alimentari di&hellip;<\/p>\n","protected":false},"author":8,"featured_media":5596,"comment_status":"open","ping_status":"open","sticky":false,"template":"","format":"standard","meta":{"_jetpack_memberships_contains_paid_content":false,"footnotes":"","jetpack_publicize_message":"","jetpack_publicize_feature_enabled":true,"jetpack_social_post_already_shared":false,"jetpack_social_options":{"image_generator_settings":{"template":"highway","default_image_id":0,"font":"","enabled":false},"version":2}},"categories":[142,921,196],"tags":[],"class_list":["post-14669","post","type-post","status-publish","format-standard","has-post-thumbnail","hentry","category-calabria","category-home","category-news"],"yoast_head":"<!-- This site is optimized with the Yoast SEO plugin v27.2 - https:\/\/yoast.com\/product\/yoast-seo-wordpress\/ -->\n<title>Coldiretti Calabria: crolla il settore alimentare<\/title>\n<meta name=\"description\" content=\"Coldiretti Calabria: alimentare crolla del 4%. Le difficolt\u00e0 delle famiglie. Per le filiere, pesa costo energia e materie prime\" \/>\n<meta name=\"robots\" content=\"index, follow, max-snippet:-1, max-image-preview:large, max-video-preview:-1\" \/>\n<link rel=\"canonical\" href=\"https:\/\/progettotouring.it\/radiotouring104\/2022\/12\/13\/coldiretti-calabria-crolla-il-settore-alimentare\/\" \/>\n<meta property=\"og:locale\" content=\"it_IT\" \/>\n<meta property=\"og:type\" content=\"article\" \/>\n<meta property=\"og:title\" content=\"Coldiretti Calabria: crolla il settore alimentare\" \/>\n<meta property=\"og:description\" content=\"Coldiretti Calabria: alimentare crolla del 4%. Le difficolt\u00e0 delle famiglie. Per le filiere, pesa costo energia e materie prime\" \/>\n<meta property=\"og:url\" content=\"https:\/\/progettotouring.it\/radiotouring104\/2022\/12\/13\/coldiretti-calabria-crolla-il-settore-alimentare\/\" \/>\n<meta property=\"og:site_name\" content=\"Radio Touring 104\" \/>\n<meta property=\"article:published_time\" content=\"2022-12-13T13:12:45+00:00\" \/>\n<meta property=\"article:modified_time\" content=\"2022-12-13T14:24:33+00:00\" \/>\n<meta property=\"og:image\" content=\"https:\/\/progettotouring.it\/radiotouring104\/wp-content\/uploads\/sites\/6\/2022\/05\/Coldiretti.jpeg\" \/>\n\t<meta property=\"og:image:width\" content=\"800\" \/>\n\t<meta property=\"og:image:height\" content=\"600\" \/>\n\t<meta property=\"og:image:type\" content=\"image\/jpeg\" \/>\n<meta name=\"author\" content=\"Filippo Francesco Idone\" \/>\n<meta name=\"twitter:card\" content=\"summary_large_image\" \/>\n<meta name=\"twitter:label1\" content=\"Scritto da\" \/>\n\t<meta name=\"twitter:data1\" content=\"Filippo Francesco Idone\" \/>\n\t<meta name=\"twitter:label2\" content=\"Tempo di lettura stimato\" \/>\n\t<meta name=\"twitter:data2\" content=\"3 minuti\" \/>\n<script type=\"application\/ld+json\" class=\"yoast-schema-graph\">{\"@context\":\"https:\/\/schema.org\",\"@graph\":[{\"@type\":\"Article\",\"@id\":\"https:\/\/progettotouring.it\/radiotouring104\/2022\/12\/13\/coldiretti-calabria-crolla-il-settore-alimentare\/#article\",\"isPartOf\":{\"@id\":\"https:\/\/progettotouring.it\/radiotouring104\/2022\/12\/13\/coldiretti-calabria-crolla-il-settore-alimentare\/\"},\"author\":{\"name\":\"Filippo Francesco Idone\",\"@id\":\"https:\/\/progettotouring.it\/radiotouring104\/#\/schema\/person\/4a82259ca52ac8702ad1a8f9e5a3120b\"},\"headline\":\"Coldiretti Calabria: crolla il settore alimentare\",\"datePublished\":\"2022-12-13T13:12:45+00:00\",\"dateModified\":\"2022-12-13T14:24:33+00:00\",\"mainEntityOfPage\":{\"@id\":\"https:\/\/progettotouring.it\/radiotouring104\/2022\/12\/13\/coldiretti-calabria-crolla-il-settore-alimentare\/\"},\"wordCount\":573,\"commentCount\":0,\"publisher\":{\"@id\":\"https:\/\/progettotouring.it\/radiotouring104\/#organization\"},\"image\":{\"@id\":\"https:\/\/progettotouring.it\/radiotouring104\/2022\/12\/13\/coldiretti-calabria-crolla-il-settore-alimentare\/#primaryimage\"},\"thumbnailUrl\":\"https:\/\/progettotouring.it\/radiotouring104\/wp-content\/uploads\/sites\/6\/2022\/05\/Coldiretti.jpeg\",\"articleSection\":[\"Calabria\",\"Home\",\"News\"],\"inLanguage\":\"it-IT\",\"potentialAction\":[{\"@type\":\"CommentAction\",\"name\":\"Comment\",\"target\":[\"https:\/\/progettotouring.it\/radiotouring104\/2022\/12\/13\/coldiretti-calabria-crolla-il-settore-alimentare\/#respond\"]}]},{\"@type\":\"WebPage\",\"@id\":\"https:\/\/progettotouring.it\/radiotouring104\/2022\/12\/13\/coldiretti-calabria-crolla-il-settore-alimentare\/\",\"url\":\"https:\/\/progettotouring.it\/radiotouring104\/2022\/12\/13\/coldiretti-calabria-crolla-il-settore-alimentare\/\",\"name\":\"Coldiretti Calabria: crolla il settore alimentare\",\"isPartOf\":{\"@id\":\"https:\/\/progettotouring.it\/radiotouring104\/#website\"},\"primaryImageOfPage\":{\"@id\":\"https:\/\/progettotouring.it\/radiotouring104\/2022\/12\/13\/coldiretti-calabria-crolla-il-settore-alimentare\/#primaryimage\"},\"image\":{\"@id\":\"https:\/\/progettotouring.it\/radiotouring104\/2022\/12\/13\/coldiretti-calabria-crolla-il-settore-alimentare\/#primaryimage\"},\"thumbnailUrl\":\"https:\/\/progettotouring.it\/radiotouring104\/wp-content\/uploads\/sites\/6\/2022\/05\/Coldiretti.jpeg\",\"datePublished\":\"2022-12-13T13:12:45+00:00\",\"dateModified\":\"2022-12-13T14:24:33+00:00\",\"description\":\"Coldiretti Calabria: alimentare crolla del 4%. Le difficolt\u00e0 delle famiglie. Per le filiere, pesa costo energia e materie prime\",\"breadcrumb\":{\"@id\":\"https:\/\/progettotouring.it\/radiotouring104\/2022\/12\/13\/coldiretti-calabria-crolla-il-settore-alimentare\/#breadcrumb\"},\"inLanguage\":\"it-IT\",\"potentialAction\":[{\"@type\":\"ReadAction\",\"target\":[\"https:\/\/progettotouring.it\/radiotouring104\/2022\/12\/13\/coldiretti-calabria-crolla-il-settore-alimentare\/\"]}]},{\"@type\":\"ImageObject\",\"inLanguage\":\"it-IT\",\"@id\":\"https:\/\/progettotouring.it\/radiotouring104\/2022\/12\/13\/coldiretti-calabria-crolla-il-settore-alimentare\/#primaryimage\",\"url\":\"https:\/\/progettotouring.it\/radiotouring104\/wp-content\/uploads\/sites\/6\/2022\/05\/Coldiretti.jpeg\",\"contentUrl\":\"https:\/\/progettotouring.it\/radiotouring104\/wp-content\/uploads\/sites\/6\/2022\/05\/Coldiretti.jpeg\",\"width\":800,\"height\":600},{\"@type\":\"BreadcrumbList\",\"@id\":\"https:\/\/progettotouring.it\/radiotouring104\/2022\/12\/13\/coldiretti-calabria-crolla-il-settore-alimentare\/#breadcrumb\",\"itemListElement\":[{\"@type\":\"ListItem\",\"position\":1,\"name\":\"Home\",\"item\":\"https:\/\/progettotouring.it\/radiotouring104\/\"},{\"@type\":\"ListItem\",\"position\":2,\"name\":\"Coldiretti Calabria: crolla il settore alimentare\"}]},{\"@type\":\"WebSite\",\"@id\":\"https:\/\/progettotouring.it\/radiotouring104\/#website\",\"url\":\"https:\/\/progettotouring.it\/radiotouring104\/\",\"name\":\"Radio Touring 104\",\"description\":\"La prima radio Reggina\",\"publisher\":{\"@id\":\"https:\/\/progettotouring.it\/radiotouring104\/#organization\"},\"potentialAction\":[{\"@type\":\"SearchAction\",\"target\":{\"@type\":\"EntryPoint\",\"urlTemplate\":\"https:\/\/progettotouring.it\/radiotouring104\/?s={search_term_string}\"},\"query-input\":{\"@type\":\"PropertyValueSpecification\",\"valueRequired\":true,\"valueName\":\"search_term_string\"}}],\"inLanguage\":\"it-IT\"},{\"@type\":\"Organization\",\"@id\":\"https:\/\/progettotouring.it\/radiotouring104\/#organization\",\"name\":\"Radio Touring 104\",\"url\":\"https:\/\/progettotouring.it\/radiotouring104\/\",\"logo\":{\"@type\":\"ImageObject\",\"inLanguage\":\"it-IT\",\"@id\":\"https:\/\/progettotouring.it\/radiotouring104\/#\/schema\/logo\/image\/\",\"url\":\"https:\/\/progettotouring.it\/radiotouring104\/wp-content\/uploads\/sites\/6\/2022\/02\/cropped-logo-radio-touring-104.png\",\"contentUrl\":\"https:\/\/progettotouring.it\/radiotouring104\/wp-content\/uploads\/sites\/6\/2022\/02\/cropped-logo-radio-touring-104.png\",\"width\":377,\"height\":182,\"caption\":\"Radio Touring 104\"},\"image\":{\"@id\":\"https:\/\/progettotouring.it\/radiotouring104\/#\/schema\/logo\/image\/\"}},{\"@type\":\"Person\",\"@id\":\"https:\/\/progettotouring.it\/radiotouring104\/#\/schema\/person\/4a82259ca52ac8702ad1a8f9e5a3120b\",\"name\":\"Filippo Francesco Idone\",\"image\":{\"@type\":\"ImageObject\",\"inLanguage\":\"it-IT\",\"@id\":\"https:\/\/secure.gravatar.com\/avatar\/7268715d2366395c3dd314385670e6484117d44f5c442e61e230f7008b7b62d3?s=96&d=mm&r=g\",\"url\":\"https:\/\/secure.gravatar.com\/avatar\/7268715d2366395c3dd314385670e6484117d44f5c442e61e230f7008b7b62d3?s=96&d=mm&r=g\",\"contentUrl\":\"https:\/\/secure.gravatar.com\/avatar\/7268715d2366395c3dd314385670e6484117d44f5c442e61e230f7008b7b62d3?s=96&d=mm&r=g\",\"caption\":\"Filippo Francesco Idone\"},\"url\":\"https:\/\/progettotouring.it\/radiotouring104\/author\/filippoidone\/\"}]}<\/script>\n<!-- \/ Yoast SEO plugin. -->","yoast_head_json":{"title":"Coldiretti Calabria: crolla il settore alimentare","description":"Coldiretti Calabria: alimentare crolla del 4%. Le difficolt\u00e0 delle famiglie. Per le filiere, pesa costo energia e materie prime","robots":{"index":"index","follow":"follow","max-snippet":"max-snippet:-1","max-image-preview":"max-image-preview:large","max-video-preview":"max-video-preview:-1"},"canonical":"https:\/\/progettotouring.it\/radiotouring104\/2022\/12\/13\/coldiretti-calabria-crolla-il-settore-alimentare\/","og_locale":"it_IT","og_type":"article","og_title":"Coldiretti Calabria: crolla il settore alimentare","og_description":"Coldiretti Calabria: alimentare crolla del 4%. Le difficolt\u00e0 delle famiglie. Per le filiere, pesa costo energia e materie prime","og_url":"https:\/\/progettotouring.it\/radiotouring104\/2022\/12\/13\/coldiretti-calabria-crolla-il-settore-alimentare\/","og_site_name":"Radio Touring 104","article_published_time":"2022-12-13T13:12:45+00:00","article_modified_time":"2022-12-13T14:24:33+00:00","og_image":[{"width":800,"height":600,"url":"https:\/\/progettotouring.it\/radiotouring104\/wp-content\/uploads\/sites\/6\/2022\/05\/Coldiretti.jpeg","type":"image\/jpeg"}],"author":"Filippo Francesco Idone","twitter_card":"summary_large_image","twitter_misc":{"Scritto da":"Filippo Francesco Idone","Tempo di lettura stimato":"3 minuti"},"schema":{"@context":"https:\/\/schema.org","@graph":[{"@type":"Article","@id":"https:\/\/progettotouring.it\/radiotouring104\/2022\/12\/13\/coldiretti-calabria-crolla-il-settore-alimentare\/#article","isPartOf":{"@id":"https:\/\/progettotouring.it\/radiotouring104\/2022\/12\/13\/coldiretti-calabria-crolla-il-settore-alimentare\/"},"author":{"name":"Filippo Francesco Idone","@id":"https:\/\/progettotouring.it\/radiotouring104\/#\/schema\/person\/4a82259ca52ac8702ad1a8f9e5a3120b"},"headline":"Coldiretti Calabria: crolla il settore alimentare","datePublished":"2022-12-13T13:12:45+00:00","dateModified":"2022-12-13T14:24:33+00:00","mainEntityOfPage":{"@id":"https:\/\/progettotouring.it\/radiotouring104\/2022\/12\/13\/coldiretti-calabria-crolla-il-settore-alimentare\/"},"wordCount":573,"commentCount":0,"publisher":{"@id":"https:\/\/progettotouring.it\/radiotouring104\/#organization"},"image":{"@id":"https:\/\/progettotouring.it\/radiotouring104\/2022\/12\/13\/coldiretti-calabria-crolla-il-settore-alimentare\/#primaryimage"},"thumbnailUrl":"https:\/\/progettotouring.it\/radiotouring104\/wp-content\/uploads\/sites\/6\/2022\/05\/Coldiretti.jpeg","articleSection":["Calabria","Home","News"],"inLanguage":"it-IT","potentialAction":[{"@type":"CommentAction","name":"Comment","target":["https:\/\/progettotouring.it\/radiotouring104\/2022\/12\/13\/coldiretti-calabria-crolla-il-settore-alimentare\/#respond"]}]},{"@type":"WebPage","@id":"https:\/\/progettotouring.it\/radiotouring104\/2022\/12\/13\/coldiretti-calabria-crolla-il-settore-alimentare\/","url":"https:\/\/progettotouring.it\/radiotouring104\/2022\/12\/13\/coldiretti-calabria-crolla-il-settore-alimentare\/","name":"Coldiretti Calabria: crolla il settore alimentare","isPartOf":{"@id":"https:\/\/progettotouring.it\/radiotouring104\/#website"},"primaryImageOfPage":{"@id":"https:\/\/progettotouring.it\/radiotouring104\/2022\/12\/13\/coldiretti-calabria-crolla-il-settore-alimentare\/#primaryimage"},"image":{"@id":"https:\/\/progettotouring.it\/radiotouring104\/2022\/12\/13\/coldiretti-calabria-crolla-il-settore-alimentare\/#primaryimage"},"thumbnailUrl":"https:\/\/progettotouring.it\/radiotouring104\/wp-content\/uploads\/sites\/6\/2022\/05\/Coldiretti.jpeg","datePublished":"2022-12-13T13:12:45+00:00","dateModified":"2022-12-13T14:24:33+00:00","description":"Coldiretti Calabria: alimentare crolla del 4%. Le difficolt\u00e0 delle famiglie. Per le filiere, pesa costo energia e materie prime","breadcrumb":{"@id":"https:\/\/progettotouring.it\/radiotouring104\/2022\/12\/13\/coldiretti-calabria-crolla-il-settore-alimentare\/#breadcrumb"},"inLanguage":"it-IT","potentialAction":[{"@type":"ReadAction","target":["https:\/\/progettotouring.it\/radiotouring104\/2022\/12\/13\/coldiretti-calabria-crolla-il-settore-alimentare\/"]}]},{"@type":"ImageObject","inLanguage":"it-IT","@id":"https:\/\/progettotouring.it\/radiotouring104\/2022\/12\/13\/coldiretti-calabria-crolla-il-settore-alimentare\/#primaryimage","url":"https:\/\/progettotouring.it\/radiotouring104\/wp-content\/uploads\/sites\/6\/2022\/05\/Coldiretti.jpeg","contentUrl":"https:\/\/progettotouring.it\/radiotouring104\/wp-content\/uploads\/sites\/6\/2022\/05\/Coldiretti.jpeg","width":800,"height":600},{"@type":"BreadcrumbList","@id":"https:\/\/progettotouring.it\/radiotouring104\/2022\/12\/13\/coldiretti-calabria-crolla-il-settore-alimentare\/#breadcrumb","itemListElement":[{"@type":"ListItem","position":1,"name":"Home","item":"https:\/\/progettotouring.it\/radiotouring104\/"},{"@type":"ListItem","position":2,"name":"Coldiretti Calabria: crolla il settore alimentare"}]},{"@type":"WebSite","@id":"https:\/\/progettotouring.it\/radiotouring104\/#website","url":"https:\/\/progettotouring.it\/radiotouring104\/","name":"Radio Touring 104","description":"La prima radio Reggina","publisher":{"@id":"https:\/\/progettotouring.it\/radiotouring104\/#organization"},"potentialAction":[{"@type":"SearchAction","target":{"@type":"EntryPoint","urlTemplate":"https:\/\/progettotouring.it\/radiotouring104\/?s={search_term_string}"},"query-input":{"@type":"PropertyValueSpecification","valueRequired":true,"valueName":"search_term_string"}}],"inLanguage":"it-IT"},{"@type":"Organization","@id":"https:\/\/progettotouring.it\/radiotouring104\/#organization","name":"Radio Touring 104","url":"https:\/\/progettotouring.it\/radiotouring104\/","logo":{"@type":"ImageObject","inLanguage":"it-IT","@id":"https:\/\/progettotouring.it\/radiotouring104\/#\/schema\/logo\/image\/","url":"https:\/\/progettotouring.it\/radiotouring104\/wp-content\/uploads\/sites\/6\/2022\/02\/cropped-logo-radio-touring-104.png","contentUrl":"https:\/\/progettotouring.it\/radiotouring104\/wp-content\/uploads\/sites\/6\/2022\/02\/cropped-logo-radio-touring-104.png","width":377,"height":182,"caption":"Radio Touring 104"},"image":{"@id":"https:\/\/progettotouring.it\/radiotouring104\/#\/schema\/logo\/image\/"}},{"@type":"Person","@id":"https:\/\/progettotouring.it\/radiotouring104\/#\/schema\/person\/4a82259ca52ac8702ad1a8f9e5a3120b","name":"Filippo Francesco Idone","image":{"@type":"ImageObject","inLanguage":"it-IT","@id":"https:\/\/secure.gravatar.com\/avatar\/7268715d2366395c3dd314385670e6484117d44f5c442e61e230f7008b7b62d3?s=96&d=mm&r=g","url":"https:\/\/secure.gravatar.com\/avatar\/7268715d2366395c3dd314385670e6484117d44f5c442e61e230f7008b7b62d3?s=96&d=mm&r=g","contentUrl":"https:\/\/secure.gravatar.com\/avatar\/7268715d2366395c3dd314385670e6484117d44f5c442e61e230f7008b7b62d3?s=96&d=mm&r=g","caption":"Filippo Francesco Idone"},"url":"https:\/\/progettotouring.it\/radiotouring104\/author\/filippoidone\/"}]}},"jetpack_publicize_connections":[],"jetpack_featured_media_url":"https:\/\/progettotouring.it\/radiotouring104\/wp-content\/uploads\/sites\/6\/2022\/05\/Coldiretti.jpeg","jetpack_sharing_enabled":true,"_links":{"self":[{"href":"https:\/\/progettotouring.it\/radiotouring104\/wp-json\/wp\/v2\/posts\/14669","targetHints":{"allow":["GET"]}}],"collection":[{"href":"https:\/\/progettotouring.it\/radiotouring104\/wp-json\/wp\/v2\/posts"}],"about":[{"href":"https:\/\/progettotouring.it\/radiotouring104\/wp-json\/wp\/v2\/types\/post"}],"author":[{"embeddable":true,"href":"https:\/\/progettotouring.it\/radiotouring104\/wp-json\/wp\/v2\/users\/8"}],"replies":[{"embeddable":true,"href":"https:\/\/progettotouring.it\/radiotouring104\/wp-json\/wp\/v2\/comments?post=14669"}],"version-history":[{"count":1,"href":"https:\/\/progettotouring.it\/radiotouring104\/wp-json\/wp\/v2\/posts\/14669\/revisions"}],"predecessor-version":[{"id":14670,"href":"https:\/\/progettotouring.it\/radiotouring104\/wp-json\/wp\/v2\/posts\/14669\/revisions\/14670"}],"wp:featuredmedia":[{"embeddable":true,"href":"https:\/\/progettotouring.it\/radiotouring104\/wp-json\/wp\/v2\/media\/5596"}],"wp:attachment":[{"href":"https:\/\/progettotouring.it\/radiotouring104\/wp-json\/wp\/v2\/media?parent=14669"}],"wp:term":[{"taxonomy":"category","embeddable":true,"href":"https:\/\/progettotouring.it\/radiotouring104\/wp-json\/wp\/v2\/categories?post=14669"},{"taxonomy":"post_tag","embeddable":true,"href":"https:\/\/progettotouring.it\/radiotouring104\/wp-json\/wp\/v2\/tags?post=14669"}],"curies":[{"name":"wp","href":"https:\/\/api.w.org\/{rel}","templated":true}]}}