{"id":14684,"date":"2022-12-14T09:42:36","date_gmt":"2022-12-14T08:42:36","guid":{"rendered":"https:\/\/progettotouring.it\/radiotouring104\/?p=14684"},"modified":"2022-12-14T09:42:36","modified_gmt":"2022-12-14T08:42:36","slug":"incontro-per-riqualificazione-di-darsena-e-barriera-soffotta","status":"publish","type":"post","link":"https:\/\/progettotouring.it\/radiotouring104\/2022\/12\/14\/incontro-per-riqualificazione-di-darsena-e-barriera-soffotta\/","title":{"rendered":"Incontro per riqualificazione di Darsena e Barriera Soffotta"},"content":{"rendered":"<p>Prosegue il percorso di interlocuzione tra la Citt\u00e0 Metropolitana di Reggio Calabria, il Comune di Villa San Giovanni, l&#8217;Associazione Diportisti Villesi e l&#8217;Universit\u00e0 Mediterranea che punta alla riqualificazione della \u201cDarsena di Punta Pezzo\u201d e della \u201cBarriera Soffolta\u201d.<\/p>\n<p>Dopo la firma della convenzione tra Palazzo Alvaro e l&#8217;Associazione, costruita sulla base dell&#8217;idea progettuale lanciata con il supporto tecnico della Mediterranea, e dopo l&#8217;accordo suggellato con la nuova Amministrazione comunale villese, sancito nei giorni scorsi, quest&#8217;oggi un nuovo incontro a Reggio Calabria per rimettere insieme i tasselli del percorso che punta alla realizzazione di un progetto definitivo.<\/p>\n<p>Uno strumento essenziale, per il quale \u00e8 stato individuato l&#8217;impegno della Citt\u00e0 Metropolitana, con il favore di tutte le parti interessate, che servir\u00e0 ad individuare un finanziamento per la realizzazione delle opere, molto attese dalla comunit\u00e0 villese.<\/p>\n<p>&#8220;Un ulteriore passo in avanti &#8211; ha commentato a margine dell&#8217;incontro il sindaco facente funzioni della Citt\u00e0 Metropolitana Carmelo Versace &#8211; che si inserisce in un percorso virtuoso avviato nella programmazione della Metrocity, secondo le linee di indirizzo del sindaco Falcomat\u00e0, che ha sempre visto un valido ed autorevole interlocutore nell&#8217;Associazione dei Diportisti Villesi, che ringrazio per l&#8217;attivit\u00e0 di stimolo e per l&#8217;impegno che stanno tutti dedicando al loro territorio. Adesso si tratta di mettere concretamente a frutto il percorso che \u00e8 stato avviato, dando seguito alla sinergia virtuosa che ha segnato anche la disponibilit\u00e0 attiva da parte dell&#8217;Amministrazione comunale di Villa San Giovanni. Noi come sempre &#8211; ha concluso Versace &#8211; siamo pronti a fare la nostra parte&#8221;.<\/p>\n<p>Soddisfazione \u00e8 stata espressa anche dal Presidente dell&#8217;Associazione Diportisti Villesi Alberto Bellantoni: &#8220;Con l&#8217;impegno economico manifestato dalla Citt\u00e0 Metropolitana &#8211; ha affermato &#8211; si avvia concretamente una fase importante, cio\u00e8, quella della progettazione definitiva, valorizzando inoltre il lavoro fatto da questa associazione. In conclusione rivolgo un sincero ringraziamento al sindaco facente funzioni Carmelo Versace per essersi concretamente impegnato in favore della Citt\u00e0 di Villa San Giovanni per la riqualificazione di due importanti aree presenti sul nostro lungomare&#8221; .<\/p>\n<div><\/div>\n","protected":false},"excerpt":{"rendered":"<p>Prosegue il percorso di interlocuzione tra la Citt\u00e0 Metropolitana di Reggio Calabria, il Comune di Villa San Giovanni, l&#8217;Associazione Diportisti Villesi e l&#8217;Universit\u00e0 Mediterranea che punta alla riqualificazione della \u201cDarsena&hellip;<\/p>\n","protected":false},"author":12,"featured_media":14685,"comment_status":"open","ping_status":"open","sticky":false,"template":"","format":"standard","meta":{"_jetpack_memberships_contains_paid_content":false,"footnotes":"","jetpack_publicize_message":"","jetpack_publicize_feature_enabled":true,"jetpack_social_post_already_shared":false,"jetpack_social_options":{"image_generator_settings":{"template":"highway","default_image_id":0,"font":"","enabled":false},"version":2}},"categories":[921,196,140],"tags":[6846,7227,1410,531,369],"class_list":["post-14684","post","type-post","status-publish","format-standard","has-post-thumbnail","hentry","category-home","category-news","category-reggio-calabria","tag-amministrazione-comunale-villa-s-g","tag-associazione-diportisti","tag-darsena-punta-pezzo","tag-metrocity","tag-universita-mediterranea"],"yoast_head":"<!-- This site is optimized with the Yoast SEO plugin v27.2 - https:\/\/yoast.com\/product\/yoast-seo-wordpress\/ -->\n<title>Incontro per riqualificazione di Darsena e Barriera Soffotta<\/title>\n<meta name=\"description\" content=\"Dopo le firme delle convenzioni tra le parti, si punta alla progettazione definitiva per accedere ai finanziamenti ministeriali o comunitari\" \/>\n<meta name=\"robots\" content=\"index, follow, max-snippet:-1, max-image-preview:large, max-video-preview:-1\" \/>\n<link rel=\"canonical\" href=\"https:\/\/progettotouring.it\/radiotouring104\/2022\/12\/14\/incontro-per-riqualificazione-di-darsena-e-barriera-soffotta\/\" \/>\n<meta property=\"og:locale\" content=\"it_IT\" \/>\n<meta property=\"og:type\" content=\"article\" \/>\n<meta property=\"og:title\" content=\"Incontro per riqualificazione di Darsena e Barriera Soffotta\" \/>\n<meta property=\"og:description\" content=\"Dopo le firme delle convenzioni tra le parti, si punta alla progettazione definitiva per accedere ai finanziamenti ministeriali o comunitari\" \/>\n<meta property=\"og:url\" content=\"https:\/\/progettotouring.it\/radiotouring104\/2022\/12\/14\/incontro-per-riqualificazione-di-darsena-e-barriera-soffotta\/\" \/>\n<meta property=\"og:site_name\" content=\"Radio Touring 104\" \/>\n<meta property=\"article:published_time\" content=\"2022-12-14T08:42:36+00:00\" \/>\n<meta property=\"og:image\" content=\"https:\/\/progettotouring.it\/radiotouring104\/wp-content\/uploads\/sites\/6\/2022\/12\/incontro-diportisti-villesi.jpeg\" \/>\n\t<meta property=\"og:image:width\" content=\"1600\" \/>\n\t<meta property=\"og:image:height\" content=\"900\" \/>\n\t<meta property=\"og:image:type\" content=\"image\/jpeg\" \/>\n<meta name=\"author\" content=\"Sebastiano Plutino\" \/>\n<meta name=\"twitter:card\" content=\"summary_large_image\" \/>\n<meta name=\"twitter:label1\" content=\"Scritto da\" \/>\n\t<meta name=\"twitter:data1\" content=\"Sebastiano Plutino\" \/>\n\t<meta name=\"twitter:label2\" content=\"Tempo di lettura stimato\" \/>\n\t<meta name=\"twitter:data2\" content=\"2 minuti\" \/>\n<script type=\"application\/ld+json\" class=\"yoast-schema-graph\">{\"@context\":\"https:\/\/schema.org\",\"@graph\":[{\"@type\":\"Article\",\"@id\":\"https:\/\/progettotouring.it\/radiotouring104\/2022\/12\/14\/incontro-per-riqualificazione-di-darsena-e-barriera-soffotta\/#article\",\"isPartOf\":{\"@id\":\"https:\/\/progettotouring.it\/radiotouring104\/2022\/12\/14\/incontro-per-riqualificazione-di-darsena-e-barriera-soffotta\/\"},\"author\":{\"name\":\"Sebastiano Plutino\",\"@id\":\"https:\/\/progettotouring.it\/radiotouring104\/#\/schema\/person\/78613917f1851f041f7483f5af1d422e\"},\"headline\":\"Incontro per riqualificazione di Darsena e Barriera Soffotta\",\"datePublished\":\"2022-12-14T08:42:36+00:00\",\"mainEntityOfPage\":{\"@id\":\"https:\/\/progettotouring.it\/radiotouring104\/2022\/12\/14\/incontro-per-riqualificazione-di-darsena-e-barriera-soffotta\/\"},\"wordCount\":333,\"commentCount\":0,\"publisher\":{\"@id\":\"https:\/\/progettotouring.it\/radiotouring104\/#organization\"},\"image\":{\"@id\":\"https:\/\/progettotouring.it\/radiotouring104\/2022\/12\/14\/incontro-per-riqualificazione-di-darsena-e-barriera-soffotta\/#primaryimage\"},\"thumbnailUrl\":\"https:\/\/progettotouring.it\/radiotouring104\/wp-content\/uploads\/sites\/6\/2022\/12\/incontro-diportisti-villesi.jpeg\",\"keywords\":[\"Amministrazione Comunale Villa S.G.\",\"Associazione Diportisti\",\"darsena punta pezzo\",\"Metrocity\",\"universit\u00e0 mediterranea\"],\"articleSection\":[\"Home\",\"News\",\"Reggio Calabria\"],\"inLanguage\":\"it-IT\",\"potentialAction\":[{\"@type\":\"CommentAction\",\"name\":\"Comment\",\"target\":[\"https:\/\/progettotouring.it\/radiotouring104\/2022\/12\/14\/incontro-per-riqualificazione-di-darsena-e-barriera-soffotta\/#respond\"]}]},{\"@type\":\"WebPage\",\"@id\":\"https:\/\/progettotouring.it\/radiotouring104\/2022\/12\/14\/incontro-per-riqualificazione-di-darsena-e-barriera-soffotta\/\",\"url\":\"https:\/\/progettotouring.it\/radiotouring104\/2022\/12\/14\/incontro-per-riqualificazione-di-darsena-e-barriera-soffotta\/\",\"name\":\"Incontro per riqualificazione di Darsena e Barriera Soffotta\",\"isPartOf\":{\"@id\":\"https:\/\/progettotouring.it\/radiotouring104\/#website\"},\"primaryImageOfPage\":{\"@id\":\"https:\/\/progettotouring.it\/radiotouring104\/2022\/12\/14\/incontro-per-riqualificazione-di-darsena-e-barriera-soffotta\/#primaryimage\"},\"image\":{\"@id\":\"https:\/\/progettotouring.it\/radiotouring104\/2022\/12\/14\/incontro-per-riqualificazione-di-darsena-e-barriera-soffotta\/#primaryimage\"},\"thumbnailUrl\":\"https:\/\/progettotouring.it\/radiotouring104\/wp-content\/uploads\/sites\/6\/2022\/12\/incontro-diportisti-villesi.jpeg\",\"datePublished\":\"2022-12-14T08:42:36+00:00\",\"description\":\"Dopo le firme delle convenzioni tra le parti, si punta alla progettazione definitiva per accedere ai finanziamenti ministeriali o comunitari\",\"breadcrumb\":{\"@id\":\"https:\/\/progettotouring.it\/radiotouring104\/2022\/12\/14\/incontro-per-riqualificazione-di-darsena-e-barriera-soffotta\/#breadcrumb\"},\"inLanguage\":\"it-IT\",\"potentialAction\":[{\"@type\":\"ReadAction\",\"target\":[\"https:\/\/progettotouring.it\/radiotouring104\/2022\/12\/14\/incontro-per-riqualificazione-di-darsena-e-barriera-soffotta\/\"]}]},{\"@type\":\"ImageObject\",\"inLanguage\":\"it-IT\",\"@id\":\"https:\/\/progettotouring.it\/radiotouring104\/2022\/12\/14\/incontro-per-riqualificazione-di-darsena-e-barriera-soffotta\/#primaryimage\",\"url\":\"https:\/\/progettotouring.it\/radiotouring104\/wp-content\/uploads\/sites\/6\/2022\/12\/incontro-diportisti-villesi.jpeg\",\"contentUrl\":\"https:\/\/progettotouring.it\/radiotouring104\/wp-content\/uploads\/sites\/6\/2022\/12\/incontro-diportisti-villesi.jpeg\",\"width\":1600,\"height\":900},{\"@type\":\"BreadcrumbList\",\"@id\":\"https:\/\/progettotouring.it\/radiotouring104\/2022\/12\/14\/incontro-per-riqualificazione-di-darsena-e-barriera-soffotta\/#breadcrumb\",\"itemListElement\":[{\"@type\":\"ListItem\",\"position\":1,\"name\":\"Home\",\"item\":\"https:\/\/progettotouring.it\/radiotouring104\/\"},{\"@type\":\"ListItem\",\"position\":2,\"name\":\"Incontro per riqualificazione di Darsena e Barriera Soffotta\"}]},{\"@type\":\"WebSite\",\"@id\":\"https:\/\/progettotouring.it\/radiotouring104\/#website\",\"url\":\"https:\/\/progettotouring.it\/radiotouring104\/\",\"name\":\"Radio Touring 104\",\"description\":\"La prima radio Reggina\",\"publisher\":{\"@id\":\"https:\/\/progettotouring.it\/radiotouring104\/#organization\"},\"potentialAction\":[{\"@type\":\"SearchAction\",\"target\":{\"@type\":\"EntryPoint\",\"urlTemplate\":\"https:\/\/progettotouring.it\/radiotouring104\/?s={search_term_string}\"},\"query-input\":{\"@type\":\"PropertyValueSpecification\",\"valueRequired\":true,\"valueName\":\"search_term_string\"}}],\"inLanguage\":\"it-IT\"},{\"@type\":\"Organization\",\"@id\":\"https:\/\/progettotouring.it\/radiotouring104\/#organization\",\"name\":\"Radio Touring 104\",\"url\":\"https:\/\/progettotouring.it\/radiotouring104\/\",\"logo\":{\"@type\":\"ImageObject\",\"inLanguage\":\"it-IT\",\"@id\":\"https:\/\/progettotouring.it\/radiotouring104\/#\/schema\/logo\/image\/\",\"url\":\"https:\/\/progettotouring.it\/radiotouring104\/wp-content\/uploads\/sites\/6\/2022\/02\/cropped-logo-radio-touring-104.png\",\"contentUrl\":\"https:\/\/progettotouring.it\/radiotouring104\/wp-content\/uploads\/sites\/6\/2022\/02\/cropped-logo-radio-touring-104.png\",\"width\":377,\"height\":182,\"caption\":\"Radio Touring 104\"},\"image\":{\"@id\":\"https:\/\/progettotouring.it\/radiotouring104\/#\/schema\/logo\/image\/\"}},{\"@type\":\"Person\",\"@id\":\"https:\/\/progettotouring.it\/radiotouring104\/#\/schema\/person\/78613917f1851f041f7483f5af1d422e\",\"name\":\"Sebastiano Plutino\",\"image\":{\"@type\":\"ImageObject\",\"inLanguage\":\"it-IT\",\"@id\":\"https:\/\/secure.gravatar.com\/avatar\/0546ffaa9b79224faf9f2a156b67a529ae861d3287c66c1d8ccfdf909bcba78d?s=96&d=mm&r=g\",\"url\":\"https:\/\/secure.gravatar.com\/avatar\/0546ffaa9b79224faf9f2a156b67a529ae861d3287c66c1d8ccfdf909bcba78d?s=96&d=mm&r=g\",\"contentUrl\":\"https:\/\/secure.gravatar.com\/avatar\/0546ffaa9b79224faf9f2a156b67a529ae861d3287c66c1d8ccfdf909bcba78d?s=96&d=mm&r=g\",\"caption\":\"Sebastiano Plutino\"},\"url\":\"https:\/\/progettotouring.it\/radiotouring104\/author\/sebastiano\/\"}]}<\/script>\n<!-- \/ Yoast SEO plugin. -->","yoast_head_json":{"title":"Incontro per riqualificazione di Darsena e Barriera Soffotta","description":"Dopo le firme delle convenzioni tra le parti, si punta alla progettazione definitiva per accedere ai finanziamenti ministeriali o comunitari","robots":{"index":"index","follow":"follow","max-snippet":"max-snippet:-1","max-image-preview":"max-image-preview:large","max-video-preview":"max-video-preview:-1"},"canonical":"https:\/\/progettotouring.it\/radiotouring104\/2022\/12\/14\/incontro-per-riqualificazione-di-darsena-e-barriera-soffotta\/","og_locale":"it_IT","og_type":"article","og_title":"Incontro per riqualificazione di Darsena e Barriera Soffotta","og_description":"Dopo le firme delle convenzioni tra le parti, si punta alla progettazione definitiva per accedere ai finanziamenti ministeriali o comunitari","og_url":"https:\/\/progettotouring.it\/radiotouring104\/2022\/12\/14\/incontro-per-riqualificazione-di-darsena-e-barriera-soffotta\/","og_site_name":"Radio Touring 104","article_published_time":"2022-12-14T08:42:36+00:00","og_image":[{"width":1600,"height":900,"url":"https:\/\/progettotouring.it\/radiotouring104\/wp-content\/uploads\/sites\/6\/2022\/12\/incontro-diportisti-villesi.jpeg","type":"image\/jpeg"}],"author":"Sebastiano Plutino","twitter_card":"summary_large_image","twitter_misc":{"Scritto da":"Sebastiano Plutino","Tempo di lettura stimato":"2 minuti"},"schema":{"@context":"https:\/\/schema.org","@graph":[{"@type":"Article","@id":"https:\/\/progettotouring.it\/radiotouring104\/2022\/12\/14\/incontro-per-riqualificazione-di-darsena-e-barriera-soffotta\/#article","isPartOf":{"@id":"https:\/\/progettotouring.it\/radiotouring104\/2022\/12\/14\/incontro-per-riqualificazione-di-darsena-e-barriera-soffotta\/"},"author":{"name":"Sebastiano Plutino","@id":"https:\/\/progettotouring.it\/radiotouring104\/#\/schema\/person\/78613917f1851f041f7483f5af1d422e"},"headline":"Incontro per riqualificazione di Darsena e Barriera Soffotta","datePublished":"2022-12-14T08:42:36+00:00","mainEntityOfPage":{"@id":"https:\/\/progettotouring.it\/radiotouring104\/2022\/12\/14\/incontro-per-riqualificazione-di-darsena-e-barriera-soffotta\/"},"wordCount":333,"commentCount":0,"publisher":{"@id":"https:\/\/progettotouring.it\/radiotouring104\/#organization"},"image":{"@id":"https:\/\/progettotouring.it\/radiotouring104\/2022\/12\/14\/incontro-per-riqualificazione-di-darsena-e-barriera-soffotta\/#primaryimage"},"thumbnailUrl":"https:\/\/progettotouring.it\/radiotouring104\/wp-content\/uploads\/sites\/6\/2022\/12\/incontro-diportisti-villesi.jpeg","keywords":["Amministrazione Comunale Villa S.G.","Associazione Diportisti","darsena punta pezzo","Metrocity","universit\u00e0 mediterranea"],"articleSection":["Home","News","Reggio Calabria"],"inLanguage":"it-IT","potentialAction":[{"@type":"CommentAction","name":"Comment","target":["https:\/\/progettotouring.it\/radiotouring104\/2022\/12\/14\/incontro-per-riqualificazione-di-darsena-e-barriera-soffotta\/#respond"]}]},{"@type":"WebPage","@id":"https:\/\/progettotouring.it\/radiotouring104\/2022\/12\/14\/incontro-per-riqualificazione-di-darsena-e-barriera-soffotta\/","url":"https:\/\/progettotouring.it\/radiotouring104\/2022\/12\/14\/incontro-per-riqualificazione-di-darsena-e-barriera-soffotta\/","name":"Incontro per riqualificazione di Darsena e Barriera Soffotta","isPartOf":{"@id":"https:\/\/progettotouring.it\/radiotouring104\/#website"},"primaryImageOfPage":{"@id":"https:\/\/progettotouring.it\/radiotouring104\/2022\/12\/14\/incontro-per-riqualificazione-di-darsena-e-barriera-soffotta\/#primaryimage"},"image":{"@id":"https:\/\/progettotouring.it\/radiotouring104\/2022\/12\/14\/incontro-per-riqualificazione-di-darsena-e-barriera-soffotta\/#primaryimage"},"thumbnailUrl":"https:\/\/progettotouring.it\/radiotouring104\/wp-content\/uploads\/sites\/6\/2022\/12\/incontro-diportisti-villesi.jpeg","datePublished":"2022-12-14T08:42:36+00:00","description":"Dopo le firme delle convenzioni tra le parti, si punta alla progettazione definitiva per accedere ai finanziamenti ministeriali o comunitari","breadcrumb":{"@id":"https:\/\/progettotouring.it\/radiotouring104\/2022\/12\/14\/incontro-per-riqualificazione-di-darsena-e-barriera-soffotta\/#breadcrumb"},"inLanguage":"it-IT","potentialAction":[{"@type":"ReadAction","target":["https:\/\/progettotouring.it\/radiotouring104\/2022\/12\/14\/incontro-per-riqualificazione-di-darsena-e-barriera-soffotta\/"]}]},{"@type":"ImageObject","inLanguage":"it-IT","@id":"https:\/\/progettotouring.it\/radiotouring104\/2022\/12\/14\/incontro-per-riqualificazione-di-darsena-e-barriera-soffotta\/#primaryimage","url":"https:\/\/progettotouring.it\/radiotouring104\/wp-content\/uploads\/sites\/6\/2022\/12\/incontro-diportisti-villesi.jpeg","contentUrl":"https:\/\/progettotouring.it\/radiotouring104\/wp-content\/uploads\/sites\/6\/2022\/12\/incontro-diportisti-villesi.jpeg","width":1600,"height":900},{"@type":"BreadcrumbList","@id":"https:\/\/progettotouring.it\/radiotouring104\/2022\/12\/14\/incontro-per-riqualificazione-di-darsena-e-barriera-soffotta\/#breadcrumb","itemListElement":[{"@type":"ListItem","position":1,"name":"Home","item":"https:\/\/progettotouring.it\/radiotouring104\/"},{"@type":"ListItem","position":2,"name":"Incontro per riqualificazione di Darsena e Barriera Soffotta"}]},{"@type":"WebSite","@id":"https:\/\/progettotouring.it\/radiotouring104\/#website","url":"https:\/\/progettotouring.it\/radiotouring104\/","name":"Radio Touring 104","description":"La prima radio Reggina","publisher":{"@id":"https:\/\/progettotouring.it\/radiotouring104\/#organization"},"potentialAction":[{"@type":"SearchAction","target":{"@type":"EntryPoint","urlTemplate":"https:\/\/progettotouring.it\/radiotouring104\/?s={search_term_string}"},"query-input":{"@type":"PropertyValueSpecification","valueRequired":true,"valueName":"search_term_string"}}],"inLanguage":"it-IT"},{"@type":"Organization","@id":"https:\/\/progettotouring.it\/radiotouring104\/#organization","name":"Radio Touring 104","url":"https:\/\/progettotouring.it\/radiotouring104\/","logo":{"@type":"ImageObject","inLanguage":"it-IT","@id":"https:\/\/progettotouring.it\/radiotouring104\/#\/schema\/logo\/image\/","url":"https:\/\/progettotouring.it\/radiotouring104\/wp-content\/uploads\/sites\/6\/2022\/02\/cropped-logo-radio-touring-104.png","contentUrl":"https:\/\/progettotouring.it\/radiotouring104\/wp-content\/uploads\/sites\/6\/2022\/02\/cropped-logo-radio-touring-104.png","width":377,"height":182,"caption":"Radio Touring 104"},"image":{"@id":"https:\/\/progettotouring.it\/radiotouring104\/#\/schema\/logo\/image\/"}},{"@type":"Person","@id":"https:\/\/progettotouring.it\/radiotouring104\/#\/schema\/person\/78613917f1851f041f7483f5af1d422e","name":"Sebastiano Plutino","image":{"@type":"ImageObject","inLanguage":"it-IT","@id":"https:\/\/secure.gravatar.com\/avatar\/0546ffaa9b79224faf9f2a156b67a529ae861d3287c66c1d8ccfdf909bcba78d?s=96&d=mm&r=g","url":"https:\/\/secure.gravatar.com\/avatar\/0546ffaa9b79224faf9f2a156b67a529ae861d3287c66c1d8ccfdf909bcba78d?s=96&d=mm&r=g","contentUrl":"https:\/\/secure.gravatar.com\/avatar\/0546ffaa9b79224faf9f2a156b67a529ae861d3287c66c1d8ccfdf909bcba78d?s=96&d=mm&r=g","caption":"Sebastiano Plutino"},"url":"https:\/\/progettotouring.it\/radiotouring104\/author\/sebastiano\/"}]}},"jetpack_publicize_connections":[],"jetpack_featured_media_url":"https:\/\/progettotouring.it\/radiotouring104\/wp-content\/uploads\/sites\/6\/2022\/12\/incontro-diportisti-villesi.jpeg","jetpack_sharing_enabled":true,"_links":{"self":[{"href":"https:\/\/progettotouring.it\/radiotouring104\/wp-json\/wp\/v2\/posts\/14684","targetHints":{"allow":["GET"]}}],"collection":[{"href":"https:\/\/progettotouring.it\/radiotouring104\/wp-json\/wp\/v2\/posts"}],"about":[{"href":"https:\/\/progettotouring.it\/radiotouring104\/wp-json\/wp\/v2\/types\/post"}],"author":[{"embeddable":true,"href":"https:\/\/progettotouring.it\/radiotouring104\/wp-json\/wp\/v2\/users\/12"}],"replies":[{"embeddable":true,"href":"https:\/\/progettotouring.it\/radiotouring104\/wp-json\/wp\/v2\/comments?post=14684"}],"version-history":[{"count":1,"href":"https:\/\/progettotouring.it\/radiotouring104\/wp-json\/wp\/v2\/posts\/14684\/revisions"}],"predecessor-version":[{"id":14686,"href":"https:\/\/progettotouring.it\/radiotouring104\/wp-json\/wp\/v2\/posts\/14684\/revisions\/14686"}],"wp:featuredmedia":[{"embeddable":true,"href":"https:\/\/progettotouring.it\/radiotouring104\/wp-json\/wp\/v2\/media\/14685"}],"wp:attachment":[{"href":"https:\/\/progettotouring.it\/radiotouring104\/wp-json\/wp\/v2\/media?parent=14684"}],"wp:term":[{"taxonomy":"category","embeddable":true,"href":"https:\/\/progettotouring.it\/radiotouring104\/wp-json\/wp\/v2\/categories?post=14684"},{"taxonomy":"post_tag","embeddable":true,"href":"https:\/\/progettotouring.it\/radiotouring104\/wp-json\/wp\/v2\/tags?post=14684"}],"curies":[{"name":"wp","href":"https:\/\/api.w.org\/{rel}","templated":true}]}}