{"id":14692,"date":"2022-12-14T10:33:10","date_gmt":"2022-12-14T09:33:10","guid":{"rendered":"https:\/\/progettotouring.it\/radiotouring104\/?p=14692"},"modified":"2022-12-14T10:33:21","modified_gmt":"2022-12-14T09:33:21","slug":"orsomarso-manca-promessa-su-concerto-capodanno-a-rossano","status":"publish","type":"post","link":"https:\/\/progettotouring.it\/radiotouring104\/2022\/12\/14\/orsomarso-manca-promessa-su-concerto-capodanno-a-rossano\/","title":{"rendered":"&#8220;Orsomarso manca promessa su concerto Capodanno a Rossano&#8221;"},"content":{"rendered":"<p>Era il 5 luglio quando, l&#8217;allora Assessore Orsomarso, giungeva a Corigliano-Rossano a raccontarci<strong> quale sarebbe stato l&#8217;impegno, suo e della Regione, rispetto a questo territorio in materia di trasporti ferroviari e rispetto al concerto di Capodanno. <\/strong>Sui trasporti e sulle innovazioni in materia di ferrovie eravamo ben consci come fosse l&#8217;ennesima favoletta, sulla falsariga di quelle raccontate da Mario Oliverio, e che poco o nulla c&#8217;era da aspettarsi.<\/p>\n<p><strong><br \/>\n<\/strong>Quello che sembrava interessante<strong> era la scelta della nostra citt\u00e0 e dell&#8217;intera Sibaritide come sede per il grande concerto di Capodanno 2023 della Regione Calabria. <\/strong>Annunciava, l&#8217;assessore Orsomarso non ancora migrato a Roma a fare il senatore (per la fortuna degli operatori turistici che, forse, finalmente avranno un assessore che ci capisca qualcosa), che \u201cporteremo a Corigliano-Rossano una manifestazione che far\u00e0 diventare questa citt\u00e0, durante la settimana compresa tra il primo dell&#8217;anno e la Befana, il centro focale della Calabria\u201d, ed ancora, \u201cinvitiamo il sindaco Stasi, ma anche tutti i cittadini a prepararsi per tempo ad ospitare l&#8217;iniziativa che potrebbe aprire le porte per una nuova narrazione del territorio\u201d. Aggiungeva il novello Bernacca che \u201cAbbiamo scelto Corigliano-Rossano perch\u00e8 abbiamo fatto una ricerca e negli ultimi sette anni abbiamo visto che qui la temperatura media \u00e8 di 20gradi, un clima ideale per organizzare concerti ed eventi all&#8217;aperto\u201d.<\/p>\n<p>In verit\u00e0, che<strong> le parole di Orsomarso fossero dette a casaccio <\/strong>avrebbe gi\u00e0 dovuto farcelo pensare la storia degli studi approfonditi: 20 secondi su internet e si scopre che al massimo la media \u00e8 di 13 gradi (ottima comunque per la stagione).<\/p>\n<p>Purtroppo oggi sappiamo che le parole, le promesse, di Orsomarso erano semplicemente chiacchiere.<strong> Nessun evento si realizzer\u00e0 nel nostro territorio, nella nostra citt\u00e0 e nella Regione. <\/strong>L&#8217;assessorato al turismo ha deciso di proseguire nella scellerata campagna di promozione turistica inaugurato dal pessimo, inutile e costoso spot di Muccino che non ha avuto nessuna ricaduta sul turismo calabrese ed ha persino avuto una distribuzione ridicola. Si regalano, o meglio dire buttano 2,6 milioni di euro \u2013 l&#8217;intero budget per il turismo, nel progetto \u201cSenstation on Ice\u201d a Milano. In pratica una sorta di promozione territoriale attraverso il brand \u201cCalabria Straordinaria\u201d in una sorta di villaggio di natale illuminato. Perch\u00e8, com&#8217;\u00e8 noto, in Calabria si viene in treno e soprattutto per sciare&#8230; In compenso, nessuna delle iniziative dei comuni calabresi vedr\u00e0 il pi\u00f9 piccolo finanziamento da parte della Regione.<\/p>\n<p><strong><br \/>\nEd allora chiediamo, ancora una volta, alle forze politiche, ai consiglieri regionali ed ai parlamentari della citt\u00e0 organici alla maggioranza regionale: erano promesse elettorali, boutade di un uomo in libera uscita, ovvero c&#8217;\u00e8 la volont\u00e0 politica di rispettare un impegno preso con la citt\u00e0?<\/strong><\/p>\n<p>Lo chiediamo a quelle forze politiche che in questi giorni hanno sollevato polemiche pretestuose sulle luminarie, senza considerare le direttive nazionali ed europee che consigliavano vivamente di ridurne il numero ed i giorni di accensione in ragione della crisi energetica, o a chi strepita per una lancetta piegata e gi\u00e0 sistemata. Oppure gli allarmi, gli strali, il cattivo lavoro vale solo se \u00e8 l&#8217;amministrazione comunale al centro della questione?<\/p>\n<p>&nbsp;<\/p>\n<p><strong>Ma soprattutto ci chiediamo quale siano le linee programmatiche in materia di turismo rispetto alla Regione ed al nostro territorio che, al contrario , va avanti solo grazie agli sforzi dell&#8217; amministrazione\u00a0 comunale e agli investimenti degli operatori turistici locali.<\/strong><\/p>\n<p>&nbsp;<\/p>\n<p>&nbsp;<\/p>\n","protected":false},"excerpt":{"rendered":"<p>Era il 5 luglio quando, l&#8217;allora Assessore Orsomarso, giungeva a Corigliano-Rossano a raccontarci quale sarebbe stato l&#8217;impegno, suo e della Regione, rispetto a questo territorio in materia di trasporti ferroviari&hellip;<\/p>\n","protected":false},"author":12,"featured_media":14693,"comment_status":"open","ping_status":"open","sticky":false,"template":"","format":"standard","meta":{"_jetpack_memberships_contains_paid_content":false,"footnotes":"","jetpack_publicize_message":"","jetpack_publicize_feature_enabled":true,"jetpack_social_post_already_shared":false,"jetpack_social_options":{"image_generator_settings":{"template":"highway","default_image_id":0,"font":"","enabled":false},"version":2}},"categories":[921,196,140],"tags":[7232,7173,7233],"class_list":["post-14692","post","type-post","status-publish","format-standard","has-post-thumbnail","hentry","category-home","category-news","category-reggio-calabria","tag-assessore-orsomarso","tag-corigliano-rossano-pulita","tag-mancata-promessa-politica"],"yoast_head":"<!-- This site is optimized with the Yoast SEO plugin v27.2 - https:\/\/yoast.com\/product\/yoast-seo-wordpress\/ -->\n<title>&quot;Orsomarso manca promessa su concerto Capodanno a Rossano&quot;<\/title>\n<meta name=\"description\" content=\"&quot;Il Movimento Corigliano Rossano Pulita&quot; lamenta la mancata promessa elettorale dell&#039;Assessore Orsomarso sul concerto di Capodanno a Rossano\" \/>\n<meta name=\"robots\" content=\"index, follow, max-snippet:-1, max-image-preview:large, max-video-preview:-1\" \/>\n<link rel=\"canonical\" href=\"https:\/\/progettotouring.it\/radiotouring104\/2022\/12\/14\/orsomarso-manca-promessa-su-concerto-capodanno-a-rossano\/\" \/>\n<meta property=\"og:locale\" content=\"it_IT\" \/>\n<meta property=\"og:type\" content=\"article\" \/>\n<meta property=\"og:title\" content=\"&quot;Orsomarso manca promessa su concerto Capodanno a Rossano&quot;\" \/>\n<meta property=\"og:description\" content=\"&quot;Il Movimento Corigliano Rossano Pulita&quot; lamenta la mancata promessa elettorale dell&#039;Assessore Orsomarso sul concerto di Capodanno a Rossano\" \/>\n<meta property=\"og:url\" content=\"https:\/\/progettotouring.it\/radiotouring104\/2022\/12\/14\/orsomarso-manca-promessa-su-concerto-capodanno-a-rossano\/\" \/>\n<meta property=\"og:site_name\" content=\"Radio Touring 104\" \/>\n<meta property=\"article:published_time\" content=\"2022-12-14T09:33:10+00:00\" \/>\n<meta property=\"article:modified_time\" content=\"2022-12-14T09:33:21+00:00\" \/>\n<meta property=\"og:image\" content=\"https:\/\/progettotouring.it\/radiotouring104\/wp-content\/uploads\/sites\/6\/2022\/12\/Capodanno-corigliano.png\" \/>\n\t<meta property=\"og:image:width\" content=\"1080\" \/>\n\t<meta property=\"og:image:height\" content=\"786\" \/>\n\t<meta property=\"og:image:type\" content=\"image\/png\" \/>\n<meta name=\"author\" content=\"Sebastiano Plutino\" \/>\n<meta name=\"twitter:card\" content=\"summary_large_image\" \/>\n<meta name=\"twitter:label1\" content=\"Scritto da\" \/>\n\t<meta name=\"twitter:data1\" content=\"Sebastiano Plutino\" \/>\n\t<meta name=\"twitter:label2\" content=\"Tempo di lettura stimato\" \/>\n\t<meta name=\"twitter:data2\" content=\"3 minuti\" \/>\n<script type=\"application\/ld+json\" class=\"yoast-schema-graph\">{\"@context\":\"https:\/\/schema.org\",\"@graph\":[{\"@type\":\"Article\",\"@id\":\"https:\/\/progettotouring.it\/radiotouring104\/2022\/12\/14\/orsomarso-manca-promessa-su-concerto-capodanno-a-rossano\/#article\",\"isPartOf\":{\"@id\":\"https:\/\/progettotouring.it\/radiotouring104\/2022\/12\/14\/orsomarso-manca-promessa-su-concerto-capodanno-a-rossano\/\"},\"author\":{\"name\":\"Sebastiano Plutino\",\"@id\":\"https:\/\/progettotouring.it\/radiotouring104\/#\/schema\/person\/78613917f1851f041f7483f5af1d422e\"},\"headline\":\"&#8220;Orsomarso manca promessa su concerto Capodanno a Rossano&#8221;\",\"datePublished\":\"2022-12-14T09:33:10+00:00\",\"dateModified\":\"2022-12-14T09:33:21+00:00\",\"mainEntityOfPage\":{\"@id\":\"https:\/\/progettotouring.it\/radiotouring104\/2022\/12\/14\/orsomarso-manca-promessa-su-concerto-capodanno-a-rossano\/\"},\"wordCount\":547,\"commentCount\":0,\"publisher\":{\"@id\":\"https:\/\/progettotouring.it\/radiotouring104\/#organization\"},\"image\":{\"@id\":\"https:\/\/progettotouring.it\/radiotouring104\/2022\/12\/14\/orsomarso-manca-promessa-su-concerto-capodanno-a-rossano\/#primaryimage\"},\"thumbnailUrl\":\"https:\/\/progettotouring.it\/radiotouring104\/wp-content\/uploads\/sites\/6\/2022\/12\/Capodanno-corigliano.png\",\"keywords\":[\"Assessore Orsomarso\",\"Corigliano-Rossano Pulita\",\"mancata promessa politica\"],\"articleSection\":[\"Home\",\"News\",\"Reggio Calabria\"],\"inLanguage\":\"it-IT\",\"potentialAction\":[{\"@type\":\"CommentAction\",\"name\":\"Comment\",\"target\":[\"https:\/\/progettotouring.it\/radiotouring104\/2022\/12\/14\/orsomarso-manca-promessa-su-concerto-capodanno-a-rossano\/#respond\"]}]},{\"@type\":\"WebPage\",\"@id\":\"https:\/\/progettotouring.it\/radiotouring104\/2022\/12\/14\/orsomarso-manca-promessa-su-concerto-capodanno-a-rossano\/\",\"url\":\"https:\/\/progettotouring.it\/radiotouring104\/2022\/12\/14\/orsomarso-manca-promessa-su-concerto-capodanno-a-rossano\/\",\"name\":\"\\\"Orsomarso manca promessa su concerto Capodanno a Rossano\\\"\",\"isPartOf\":{\"@id\":\"https:\/\/progettotouring.it\/radiotouring104\/#website\"},\"primaryImageOfPage\":{\"@id\":\"https:\/\/progettotouring.it\/radiotouring104\/2022\/12\/14\/orsomarso-manca-promessa-su-concerto-capodanno-a-rossano\/#primaryimage\"},\"image\":{\"@id\":\"https:\/\/progettotouring.it\/radiotouring104\/2022\/12\/14\/orsomarso-manca-promessa-su-concerto-capodanno-a-rossano\/#primaryimage\"},\"thumbnailUrl\":\"https:\/\/progettotouring.it\/radiotouring104\/wp-content\/uploads\/sites\/6\/2022\/12\/Capodanno-corigliano.png\",\"datePublished\":\"2022-12-14T09:33:10+00:00\",\"dateModified\":\"2022-12-14T09:33:21+00:00\",\"description\":\"\\\"Il Movimento Corigliano Rossano Pulita\\\" lamenta la mancata promessa elettorale dell'Assessore Orsomarso sul concerto di Capodanno a Rossano\",\"breadcrumb\":{\"@id\":\"https:\/\/progettotouring.it\/radiotouring104\/2022\/12\/14\/orsomarso-manca-promessa-su-concerto-capodanno-a-rossano\/#breadcrumb\"},\"inLanguage\":\"it-IT\",\"potentialAction\":[{\"@type\":\"ReadAction\",\"target\":[\"https:\/\/progettotouring.it\/radiotouring104\/2022\/12\/14\/orsomarso-manca-promessa-su-concerto-capodanno-a-rossano\/\"]}]},{\"@type\":\"ImageObject\",\"inLanguage\":\"it-IT\",\"@id\":\"https:\/\/progettotouring.it\/radiotouring104\/2022\/12\/14\/orsomarso-manca-promessa-su-concerto-capodanno-a-rossano\/#primaryimage\",\"url\":\"https:\/\/progettotouring.it\/radiotouring104\/wp-content\/uploads\/sites\/6\/2022\/12\/Capodanno-corigliano.png\",\"contentUrl\":\"https:\/\/progettotouring.it\/radiotouring104\/wp-content\/uploads\/sites\/6\/2022\/12\/Capodanno-corigliano.png\",\"width\":1080,\"height\":786},{\"@type\":\"BreadcrumbList\",\"@id\":\"https:\/\/progettotouring.it\/radiotouring104\/2022\/12\/14\/orsomarso-manca-promessa-su-concerto-capodanno-a-rossano\/#breadcrumb\",\"itemListElement\":[{\"@type\":\"ListItem\",\"position\":1,\"name\":\"Home\",\"item\":\"https:\/\/progettotouring.it\/radiotouring104\/\"},{\"@type\":\"ListItem\",\"position\":2,\"name\":\"&#8220;Orsomarso manca promessa su concerto Capodanno a Rossano&#8221;\"}]},{\"@type\":\"WebSite\",\"@id\":\"https:\/\/progettotouring.it\/radiotouring104\/#website\",\"url\":\"https:\/\/progettotouring.it\/radiotouring104\/\",\"name\":\"Radio Touring 104\",\"description\":\"La prima radio Reggina\",\"publisher\":{\"@id\":\"https:\/\/progettotouring.it\/radiotouring104\/#organization\"},\"potentialAction\":[{\"@type\":\"SearchAction\",\"target\":{\"@type\":\"EntryPoint\",\"urlTemplate\":\"https:\/\/progettotouring.it\/radiotouring104\/?s={search_term_string}\"},\"query-input\":{\"@type\":\"PropertyValueSpecification\",\"valueRequired\":true,\"valueName\":\"search_term_string\"}}],\"inLanguage\":\"it-IT\"},{\"@type\":\"Organization\",\"@id\":\"https:\/\/progettotouring.it\/radiotouring104\/#organization\",\"name\":\"Radio Touring 104\",\"url\":\"https:\/\/progettotouring.it\/radiotouring104\/\",\"logo\":{\"@type\":\"ImageObject\",\"inLanguage\":\"it-IT\",\"@id\":\"https:\/\/progettotouring.it\/radiotouring104\/#\/schema\/logo\/image\/\",\"url\":\"https:\/\/progettotouring.it\/radiotouring104\/wp-content\/uploads\/sites\/6\/2022\/02\/cropped-logo-radio-touring-104.png\",\"contentUrl\":\"https:\/\/progettotouring.it\/radiotouring104\/wp-content\/uploads\/sites\/6\/2022\/02\/cropped-logo-radio-touring-104.png\",\"width\":377,\"height\":182,\"caption\":\"Radio Touring 104\"},\"image\":{\"@id\":\"https:\/\/progettotouring.it\/radiotouring104\/#\/schema\/logo\/image\/\"}},{\"@type\":\"Person\",\"@id\":\"https:\/\/progettotouring.it\/radiotouring104\/#\/schema\/person\/78613917f1851f041f7483f5af1d422e\",\"name\":\"Sebastiano Plutino\",\"image\":{\"@type\":\"ImageObject\",\"inLanguage\":\"it-IT\",\"@id\":\"https:\/\/secure.gravatar.com\/avatar\/0546ffaa9b79224faf9f2a156b67a529ae861d3287c66c1d8ccfdf909bcba78d?s=96&d=mm&r=g\",\"url\":\"https:\/\/secure.gravatar.com\/avatar\/0546ffaa9b79224faf9f2a156b67a529ae861d3287c66c1d8ccfdf909bcba78d?s=96&d=mm&r=g\",\"contentUrl\":\"https:\/\/secure.gravatar.com\/avatar\/0546ffaa9b79224faf9f2a156b67a529ae861d3287c66c1d8ccfdf909bcba78d?s=96&d=mm&r=g\",\"caption\":\"Sebastiano Plutino\"},\"url\":\"https:\/\/progettotouring.it\/radiotouring104\/author\/sebastiano\/\"}]}<\/script>\n<!-- \/ Yoast SEO plugin. -->","yoast_head_json":{"title":"\"Orsomarso manca promessa su concerto Capodanno a Rossano\"","description":"\"Il Movimento Corigliano Rossano Pulita\" lamenta la mancata promessa elettorale dell'Assessore Orsomarso sul concerto di Capodanno a Rossano","robots":{"index":"index","follow":"follow","max-snippet":"max-snippet:-1","max-image-preview":"max-image-preview:large","max-video-preview":"max-video-preview:-1"},"canonical":"https:\/\/progettotouring.it\/radiotouring104\/2022\/12\/14\/orsomarso-manca-promessa-su-concerto-capodanno-a-rossano\/","og_locale":"it_IT","og_type":"article","og_title":"\"Orsomarso manca promessa su concerto Capodanno a Rossano\"","og_description":"\"Il Movimento Corigliano Rossano Pulita\" lamenta la mancata promessa elettorale dell'Assessore Orsomarso sul concerto di Capodanno a Rossano","og_url":"https:\/\/progettotouring.it\/radiotouring104\/2022\/12\/14\/orsomarso-manca-promessa-su-concerto-capodanno-a-rossano\/","og_site_name":"Radio Touring 104","article_published_time":"2022-12-14T09:33:10+00:00","article_modified_time":"2022-12-14T09:33:21+00:00","og_image":[{"width":1080,"height":786,"url":"https:\/\/progettotouring.it\/radiotouring104\/wp-content\/uploads\/sites\/6\/2022\/12\/Capodanno-corigliano.png","type":"image\/png"}],"author":"Sebastiano Plutino","twitter_card":"summary_large_image","twitter_misc":{"Scritto da":"Sebastiano Plutino","Tempo di lettura stimato":"3 minuti"},"schema":{"@context":"https:\/\/schema.org","@graph":[{"@type":"Article","@id":"https:\/\/progettotouring.it\/radiotouring104\/2022\/12\/14\/orsomarso-manca-promessa-su-concerto-capodanno-a-rossano\/#article","isPartOf":{"@id":"https:\/\/progettotouring.it\/radiotouring104\/2022\/12\/14\/orsomarso-manca-promessa-su-concerto-capodanno-a-rossano\/"},"author":{"name":"Sebastiano Plutino","@id":"https:\/\/progettotouring.it\/radiotouring104\/#\/schema\/person\/78613917f1851f041f7483f5af1d422e"},"headline":"&#8220;Orsomarso manca promessa su concerto Capodanno a Rossano&#8221;","datePublished":"2022-12-14T09:33:10+00:00","dateModified":"2022-12-14T09:33:21+00:00","mainEntityOfPage":{"@id":"https:\/\/progettotouring.it\/radiotouring104\/2022\/12\/14\/orsomarso-manca-promessa-su-concerto-capodanno-a-rossano\/"},"wordCount":547,"commentCount":0,"publisher":{"@id":"https:\/\/progettotouring.it\/radiotouring104\/#organization"},"image":{"@id":"https:\/\/progettotouring.it\/radiotouring104\/2022\/12\/14\/orsomarso-manca-promessa-su-concerto-capodanno-a-rossano\/#primaryimage"},"thumbnailUrl":"https:\/\/progettotouring.it\/radiotouring104\/wp-content\/uploads\/sites\/6\/2022\/12\/Capodanno-corigliano.png","keywords":["Assessore Orsomarso","Corigliano-Rossano Pulita","mancata promessa politica"],"articleSection":["Home","News","Reggio Calabria"],"inLanguage":"it-IT","potentialAction":[{"@type":"CommentAction","name":"Comment","target":["https:\/\/progettotouring.it\/radiotouring104\/2022\/12\/14\/orsomarso-manca-promessa-su-concerto-capodanno-a-rossano\/#respond"]}]},{"@type":"WebPage","@id":"https:\/\/progettotouring.it\/radiotouring104\/2022\/12\/14\/orsomarso-manca-promessa-su-concerto-capodanno-a-rossano\/","url":"https:\/\/progettotouring.it\/radiotouring104\/2022\/12\/14\/orsomarso-manca-promessa-su-concerto-capodanno-a-rossano\/","name":"\"Orsomarso manca promessa su concerto Capodanno a Rossano\"","isPartOf":{"@id":"https:\/\/progettotouring.it\/radiotouring104\/#website"},"primaryImageOfPage":{"@id":"https:\/\/progettotouring.it\/radiotouring104\/2022\/12\/14\/orsomarso-manca-promessa-su-concerto-capodanno-a-rossano\/#primaryimage"},"image":{"@id":"https:\/\/progettotouring.it\/radiotouring104\/2022\/12\/14\/orsomarso-manca-promessa-su-concerto-capodanno-a-rossano\/#primaryimage"},"thumbnailUrl":"https:\/\/progettotouring.it\/radiotouring104\/wp-content\/uploads\/sites\/6\/2022\/12\/Capodanno-corigliano.png","datePublished":"2022-12-14T09:33:10+00:00","dateModified":"2022-12-14T09:33:21+00:00","description":"\"Il Movimento Corigliano Rossano Pulita\" lamenta la mancata promessa elettorale dell'Assessore Orsomarso sul concerto di Capodanno a Rossano","breadcrumb":{"@id":"https:\/\/progettotouring.it\/radiotouring104\/2022\/12\/14\/orsomarso-manca-promessa-su-concerto-capodanno-a-rossano\/#breadcrumb"},"inLanguage":"it-IT","potentialAction":[{"@type":"ReadAction","target":["https:\/\/progettotouring.it\/radiotouring104\/2022\/12\/14\/orsomarso-manca-promessa-su-concerto-capodanno-a-rossano\/"]}]},{"@type":"ImageObject","inLanguage":"it-IT","@id":"https:\/\/progettotouring.it\/radiotouring104\/2022\/12\/14\/orsomarso-manca-promessa-su-concerto-capodanno-a-rossano\/#primaryimage","url":"https:\/\/progettotouring.it\/radiotouring104\/wp-content\/uploads\/sites\/6\/2022\/12\/Capodanno-corigliano.png","contentUrl":"https:\/\/progettotouring.it\/radiotouring104\/wp-content\/uploads\/sites\/6\/2022\/12\/Capodanno-corigliano.png","width":1080,"height":786},{"@type":"BreadcrumbList","@id":"https:\/\/progettotouring.it\/radiotouring104\/2022\/12\/14\/orsomarso-manca-promessa-su-concerto-capodanno-a-rossano\/#breadcrumb","itemListElement":[{"@type":"ListItem","position":1,"name":"Home","item":"https:\/\/progettotouring.it\/radiotouring104\/"},{"@type":"ListItem","position":2,"name":"&#8220;Orsomarso manca promessa su concerto Capodanno a Rossano&#8221;"}]},{"@type":"WebSite","@id":"https:\/\/progettotouring.it\/radiotouring104\/#website","url":"https:\/\/progettotouring.it\/radiotouring104\/","name":"Radio Touring 104","description":"La prima radio Reggina","publisher":{"@id":"https:\/\/progettotouring.it\/radiotouring104\/#organization"},"potentialAction":[{"@type":"SearchAction","target":{"@type":"EntryPoint","urlTemplate":"https:\/\/progettotouring.it\/radiotouring104\/?s={search_term_string}"},"query-input":{"@type":"PropertyValueSpecification","valueRequired":true,"valueName":"search_term_string"}}],"inLanguage":"it-IT"},{"@type":"Organization","@id":"https:\/\/progettotouring.it\/radiotouring104\/#organization","name":"Radio Touring 104","url":"https:\/\/progettotouring.it\/radiotouring104\/","logo":{"@type":"ImageObject","inLanguage":"it-IT","@id":"https:\/\/progettotouring.it\/radiotouring104\/#\/schema\/logo\/image\/","url":"https:\/\/progettotouring.it\/radiotouring104\/wp-content\/uploads\/sites\/6\/2022\/02\/cropped-logo-radio-touring-104.png","contentUrl":"https:\/\/progettotouring.it\/radiotouring104\/wp-content\/uploads\/sites\/6\/2022\/02\/cropped-logo-radio-touring-104.png","width":377,"height":182,"caption":"Radio Touring 104"},"image":{"@id":"https:\/\/progettotouring.it\/radiotouring104\/#\/schema\/logo\/image\/"}},{"@type":"Person","@id":"https:\/\/progettotouring.it\/radiotouring104\/#\/schema\/person\/78613917f1851f041f7483f5af1d422e","name":"Sebastiano Plutino","image":{"@type":"ImageObject","inLanguage":"it-IT","@id":"https:\/\/secure.gravatar.com\/avatar\/0546ffaa9b79224faf9f2a156b67a529ae861d3287c66c1d8ccfdf909bcba78d?s=96&d=mm&r=g","url":"https:\/\/secure.gravatar.com\/avatar\/0546ffaa9b79224faf9f2a156b67a529ae861d3287c66c1d8ccfdf909bcba78d?s=96&d=mm&r=g","contentUrl":"https:\/\/secure.gravatar.com\/avatar\/0546ffaa9b79224faf9f2a156b67a529ae861d3287c66c1d8ccfdf909bcba78d?s=96&d=mm&r=g","caption":"Sebastiano Plutino"},"url":"https:\/\/progettotouring.it\/radiotouring104\/author\/sebastiano\/"}]}},"jetpack_publicize_connections":[],"jetpack_featured_media_url":"https:\/\/progettotouring.it\/radiotouring104\/wp-content\/uploads\/sites\/6\/2022\/12\/Capodanno-corigliano.png","jetpack_sharing_enabled":true,"_links":{"self":[{"href":"https:\/\/progettotouring.it\/radiotouring104\/wp-json\/wp\/v2\/posts\/14692","targetHints":{"allow":["GET"]}}],"collection":[{"href":"https:\/\/progettotouring.it\/radiotouring104\/wp-json\/wp\/v2\/posts"}],"about":[{"href":"https:\/\/progettotouring.it\/radiotouring104\/wp-json\/wp\/v2\/types\/post"}],"author":[{"embeddable":true,"href":"https:\/\/progettotouring.it\/radiotouring104\/wp-json\/wp\/v2\/users\/12"}],"replies":[{"embeddable":true,"href":"https:\/\/progettotouring.it\/radiotouring104\/wp-json\/wp\/v2\/comments?post=14692"}],"version-history":[{"count":2,"href":"https:\/\/progettotouring.it\/radiotouring104\/wp-json\/wp\/v2\/posts\/14692\/revisions"}],"predecessor-version":[{"id":14695,"href":"https:\/\/progettotouring.it\/radiotouring104\/wp-json\/wp\/v2\/posts\/14692\/revisions\/14695"}],"wp:featuredmedia":[{"embeddable":true,"href":"https:\/\/progettotouring.it\/radiotouring104\/wp-json\/wp\/v2\/media\/14693"}],"wp:attachment":[{"href":"https:\/\/progettotouring.it\/radiotouring104\/wp-json\/wp\/v2\/media?parent=14692"}],"wp:term":[{"taxonomy":"category","embeddable":true,"href":"https:\/\/progettotouring.it\/radiotouring104\/wp-json\/wp\/v2\/categories?post=14692"},{"taxonomy":"post_tag","embeddable":true,"href":"https:\/\/progettotouring.it\/radiotouring104\/wp-json\/wp\/v2\/tags?post=14692"}],"curies":[{"name":"wp","href":"https:\/\/api.w.org\/{rel}","templated":true}]}}