{"id":14696,"date":"2022-12-14T10:40:50","date_gmt":"2022-12-14T09:40:50","guid":{"rendered":"https:\/\/progettotouring.it\/radiotouring104\/?p=14696"},"modified":"2022-12-14T10:40:50","modified_gmt":"2022-12-14T09:40:50","slug":"dai-carabinieri-forestali-un-albero-di-natale-per-il-comune","status":"publish","type":"post","link":"https:\/\/progettotouring.it\/radiotouring104\/2022\/12\/14\/dai-carabinieri-forestali-un-albero-di-natale-per-il-comune\/","title":{"rendered":"Dai Carabinieri Forestali un albero di Natale per il Comune"},"content":{"rendered":"<div class=\"msg-view-text-cnt\">\n<div class=\"xam_msg_class\">\n<div dir=\"ltr\">Un albero di Natale in legno riciclato per addobbare l&#8217;atrio di ingresso di Palazzo San Giorgio. Il dono arriva dai Carabinieri Forestali di Reggio Calabria che hanno realizzato tre esemplari dell&#8217;innovativo albero ecologico, donandone uno al Comune di Reggio Calabria. Ad accoglierli oggi pomeriggio all&#8217;ingresso del palazzo municipale una nutrita delegazione di Amministratori, con in testa il sindaco facente funzioni Paolo Brunetti e l&#8217;Assessora all&#8217;Istruzione Lucia Nucera, che proprio con alcune scuole cittadine sta portando dei progetti legati ai temi ambientali e della legalit\u00e0, in collaborazione con i Carabinieri forestali. &#8220;Un graditissimo pensiero da parte dei Carabinieri &#8211; ha affermato l&#8217;Assessora &#8211; che \u00e8 il simbolo di legalit\u00e0 e di amicizia che si inserisce in un percorso avviato da tempo e che coinvolge le scuole della nostra citt\u00e0. Siamo felici di questo dono che simbolicamente \u00e8 rivolto all&#8217;intera cittadinanza, in particolare ai giovani e agli studenti delle nostre scuole. Inviteremo i nostri ragazzi a venire a Palazzo San Giorgio per attaccare a questo albero delle lettere con i loro pensieri ed i loro desideri. E poi subito dopo le festivit\u00e0 li leggeremo proprio insieme a loro, perch\u00e8 siamo convinti sia essenziale per le istituzioni ascoltare suggerimenti e indicazioni proprio dai pi\u00f9 piccoli&#8221;.<\/div>\n<\/div>\n<\/div>\n<div class=\"msg-view-attach-preview\">\n<div id=\"uiLogic_webmail__view_AttachmentsImageBlock_6\" class=\"attachmentsBlock\" role=\"group\"><\/div>\n<\/div>\n","protected":false},"excerpt":{"rendered":"<p>Un albero di Natale in legno riciclato per addobbare l&#8217;atrio di ingresso di Palazzo San Giorgio. Il dono arriva dai Carabinieri Forestali di Reggio Calabria che hanno realizzato tre esemplari&hellip;<\/p>\n","protected":false},"author":12,"featured_media":14697,"comment_status":"open","ping_status":"open","sticky":false,"template":"","format":"standard","meta":{"_jetpack_memberships_contains_paid_content":false,"footnotes":"","jetpack_publicize_message":"","jetpack_publicize_feature_enabled":true,"jetpack_social_post_already_shared":false,"jetpack_social_options":{"image_generator_settings":{"template":"highway","default_image_id":0,"font":"","enabled":false},"version":2}},"categories":[921,196,140],"tags":[5362,342,1456,495],"class_list":["post-14696","post","type-post","status-publish","format-standard","has-post-thumbnail","hentry","category-home","category-news","category-reggio-calabria","tag-carabinieri-forestali","tag-comune-di-reggio-calabria","tag-lucia-nucera","tag-paolo-brunetti"],"yoast_head":"<!-- This site is optimized with the Yoast SEO plugin v27.2 - https:\/\/yoast.com\/product\/yoast-seo-wordpress\/ -->\n<title>Dai Carabinieri Forestali un albero di Natale per il Comune<\/title>\n<meta name=\"description\" content=\"L&#039;Assessora Nucera, col sindaco ff Brunetti, hanno accolto i rappresentanti dell&#039;Arma per ricevere l&#039;omaggio\" \/>\n<meta name=\"robots\" content=\"index, follow, max-snippet:-1, max-image-preview:large, max-video-preview:-1\" \/>\n<link rel=\"canonical\" href=\"https:\/\/progettotouring.it\/radiotouring104\/2022\/12\/14\/dai-carabinieri-forestali-un-albero-di-natale-per-il-comune\/\" \/>\n<meta property=\"og:locale\" content=\"it_IT\" \/>\n<meta property=\"og:type\" content=\"article\" \/>\n<meta property=\"og:title\" content=\"Dai Carabinieri Forestali un albero di Natale per il Comune\" \/>\n<meta property=\"og:description\" content=\"L&#039;Assessora Nucera, col sindaco ff Brunetti, hanno accolto i rappresentanti dell&#039;Arma per ricevere l&#039;omaggio\" \/>\n<meta property=\"og:url\" content=\"https:\/\/progettotouring.it\/radiotouring104\/2022\/12\/14\/dai-carabinieri-forestali-un-albero-di-natale-per-il-comune\/\" \/>\n<meta property=\"og:site_name\" content=\"Radio Touring 104\" \/>\n<meta property=\"article:published_time\" content=\"2022-12-14T09:40:50+00:00\" \/>\n<meta property=\"og:image\" content=\"https:\/\/progettotouring.it\/radiotouring104\/wp-content\/uploads\/sites\/6\/2022\/12\/carabinieri-forestali.jpeg\" \/>\n\t<meta property=\"og:image:width\" content=\"1600\" \/>\n\t<meta property=\"og:image:height\" content=\"1042\" \/>\n\t<meta property=\"og:image:type\" content=\"image\/jpeg\" \/>\n<meta name=\"author\" content=\"Sebastiano Plutino\" \/>\n<meta name=\"twitter:card\" content=\"summary_large_image\" \/>\n<meta name=\"twitter:label1\" content=\"Scritto da\" \/>\n\t<meta name=\"twitter:data1\" content=\"Sebastiano Plutino\" \/>\n\t<meta name=\"twitter:label2\" content=\"Tempo di lettura stimato\" \/>\n\t<meta name=\"twitter:data2\" content=\"1 minuto\" \/>\n<script type=\"application\/ld+json\" class=\"yoast-schema-graph\">{\"@context\":\"https:\/\/schema.org\",\"@graph\":[{\"@type\":\"Article\",\"@id\":\"https:\/\/progettotouring.it\/radiotouring104\/2022\/12\/14\/dai-carabinieri-forestali-un-albero-di-natale-per-il-comune\/#article\",\"isPartOf\":{\"@id\":\"https:\/\/progettotouring.it\/radiotouring104\/2022\/12\/14\/dai-carabinieri-forestali-un-albero-di-natale-per-il-comune\/\"},\"author\":{\"name\":\"Sebastiano Plutino\",\"@id\":\"https:\/\/progettotouring.it\/radiotouring104\/#\/schema\/person\/78613917f1851f041f7483f5af1d422e\"},\"headline\":\"Dai Carabinieri Forestali un albero di Natale per il Comune\",\"datePublished\":\"2022-12-14T09:40:50+00:00\",\"mainEntityOfPage\":{\"@id\":\"https:\/\/progettotouring.it\/radiotouring104\/2022\/12\/14\/dai-carabinieri-forestali-un-albero-di-natale-per-il-comune\/\"},\"wordCount\":210,\"commentCount\":0,\"publisher\":{\"@id\":\"https:\/\/progettotouring.it\/radiotouring104\/#organization\"},\"image\":{\"@id\":\"https:\/\/progettotouring.it\/radiotouring104\/2022\/12\/14\/dai-carabinieri-forestali-un-albero-di-natale-per-il-comune\/#primaryimage\"},\"thumbnailUrl\":\"https:\/\/progettotouring.it\/radiotouring104\/wp-content\/uploads\/sites\/6\/2022\/12\/carabinieri-forestali.jpeg\",\"keywords\":[\"Carabinieri Forestali\",\"Comune di Reggio Calabria\",\"lucia nucera\",\"Paolo Brunetti\"],\"articleSection\":[\"Home\",\"News\",\"Reggio Calabria\"],\"inLanguage\":\"it-IT\",\"potentialAction\":[{\"@type\":\"CommentAction\",\"name\":\"Comment\",\"target\":[\"https:\/\/progettotouring.it\/radiotouring104\/2022\/12\/14\/dai-carabinieri-forestali-un-albero-di-natale-per-il-comune\/#respond\"]}]},{\"@type\":\"WebPage\",\"@id\":\"https:\/\/progettotouring.it\/radiotouring104\/2022\/12\/14\/dai-carabinieri-forestali-un-albero-di-natale-per-il-comune\/\",\"url\":\"https:\/\/progettotouring.it\/radiotouring104\/2022\/12\/14\/dai-carabinieri-forestali-un-albero-di-natale-per-il-comune\/\",\"name\":\"Dai Carabinieri Forestali un albero di Natale per il Comune\",\"isPartOf\":{\"@id\":\"https:\/\/progettotouring.it\/radiotouring104\/#website\"},\"primaryImageOfPage\":{\"@id\":\"https:\/\/progettotouring.it\/radiotouring104\/2022\/12\/14\/dai-carabinieri-forestali-un-albero-di-natale-per-il-comune\/#primaryimage\"},\"image\":{\"@id\":\"https:\/\/progettotouring.it\/radiotouring104\/2022\/12\/14\/dai-carabinieri-forestali-un-albero-di-natale-per-il-comune\/#primaryimage\"},\"thumbnailUrl\":\"https:\/\/progettotouring.it\/radiotouring104\/wp-content\/uploads\/sites\/6\/2022\/12\/carabinieri-forestali.jpeg\",\"datePublished\":\"2022-12-14T09:40:50+00:00\",\"description\":\"L'Assessora Nucera, col sindaco ff Brunetti, hanno accolto i rappresentanti dell'Arma per ricevere l'omaggio\",\"breadcrumb\":{\"@id\":\"https:\/\/progettotouring.it\/radiotouring104\/2022\/12\/14\/dai-carabinieri-forestali-un-albero-di-natale-per-il-comune\/#breadcrumb\"},\"inLanguage\":\"it-IT\",\"potentialAction\":[{\"@type\":\"ReadAction\",\"target\":[\"https:\/\/progettotouring.it\/radiotouring104\/2022\/12\/14\/dai-carabinieri-forestali-un-albero-di-natale-per-il-comune\/\"]}]},{\"@type\":\"ImageObject\",\"inLanguage\":\"it-IT\",\"@id\":\"https:\/\/progettotouring.it\/radiotouring104\/2022\/12\/14\/dai-carabinieri-forestali-un-albero-di-natale-per-il-comune\/#primaryimage\",\"url\":\"https:\/\/progettotouring.it\/radiotouring104\/wp-content\/uploads\/sites\/6\/2022\/12\/carabinieri-forestali.jpeg\",\"contentUrl\":\"https:\/\/progettotouring.it\/radiotouring104\/wp-content\/uploads\/sites\/6\/2022\/12\/carabinieri-forestali.jpeg\",\"width\":1600,\"height\":1042},{\"@type\":\"BreadcrumbList\",\"@id\":\"https:\/\/progettotouring.it\/radiotouring104\/2022\/12\/14\/dai-carabinieri-forestali-un-albero-di-natale-per-il-comune\/#breadcrumb\",\"itemListElement\":[{\"@type\":\"ListItem\",\"position\":1,\"name\":\"Home\",\"item\":\"https:\/\/progettotouring.it\/radiotouring104\/\"},{\"@type\":\"ListItem\",\"position\":2,\"name\":\"Dai Carabinieri Forestali un albero di Natale per il Comune\"}]},{\"@type\":\"WebSite\",\"@id\":\"https:\/\/progettotouring.it\/radiotouring104\/#website\",\"url\":\"https:\/\/progettotouring.it\/radiotouring104\/\",\"name\":\"Radio Touring 104\",\"description\":\"La prima radio Reggina\",\"publisher\":{\"@id\":\"https:\/\/progettotouring.it\/radiotouring104\/#organization\"},\"potentialAction\":[{\"@type\":\"SearchAction\",\"target\":{\"@type\":\"EntryPoint\",\"urlTemplate\":\"https:\/\/progettotouring.it\/radiotouring104\/?s={search_term_string}\"},\"query-input\":{\"@type\":\"PropertyValueSpecification\",\"valueRequired\":true,\"valueName\":\"search_term_string\"}}],\"inLanguage\":\"it-IT\"},{\"@type\":\"Organization\",\"@id\":\"https:\/\/progettotouring.it\/radiotouring104\/#organization\",\"name\":\"Radio Touring 104\",\"url\":\"https:\/\/progettotouring.it\/radiotouring104\/\",\"logo\":{\"@type\":\"ImageObject\",\"inLanguage\":\"it-IT\",\"@id\":\"https:\/\/progettotouring.it\/radiotouring104\/#\/schema\/logo\/image\/\",\"url\":\"https:\/\/progettotouring.it\/radiotouring104\/wp-content\/uploads\/sites\/6\/2022\/02\/cropped-logo-radio-touring-104.png\",\"contentUrl\":\"https:\/\/progettotouring.it\/radiotouring104\/wp-content\/uploads\/sites\/6\/2022\/02\/cropped-logo-radio-touring-104.png\",\"width\":377,\"height\":182,\"caption\":\"Radio Touring 104\"},\"image\":{\"@id\":\"https:\/\/progettotouring.it\/radiotouring104\/#\/schema\/logo\/image\/\"}},{\"@type\":\"Person\",\"@id\":\"https:\/\/progettotouring.it\/radiotouring104\/#\/schema\/person\/78613917f1851f041f7483f5af1d422e\",\"name\":\"Sebastiano Plutino\",\"image\":{\"@type\":\"ImageObject\",\"inLanguage\":\"it-IT\",\"@id\":\"https:\/\/secure.gravatar.com\/avatar\/0546ffaa9b79224faf9f2a156b67a529ae861d3287c66c1d8ccfdf909bcba78d?s=96&d=mm&r=g\",\"url\":\"https:\/\/secure.gravatar.com\/avatar\/0546ffaa9b79224faf9f2a156b67a529ae861d3287c66c1d8ccfdf909bcba78d?s=96&d=mm&r=g\",\"contentUrl\":\"https:\/\/secure.gravatar.com\/avatar\/0546ffaa9b79224faf9f2a156b67a529ae861d3287c66c1d8ccfdf909bcba78d?s=96&d=mm&r=g\",\"caption\":\"Sebastiano Plutino\"},\"url\":\"https:\/\/progettotouring.it\/radiotouring104\/author\/sebastiano\/\"}]}<\/script>\n<!-- \/ Yoast SEO plugin. -->","yoast_head_json":{"title":"Dai Carabinieri Forestali un albero di Natale per il Comune","description":"L'Assessora Nucera, col sindaco ff Brunetti, hanno accolto i rappresentanti dell'Arma per ricevere l'omaggio","robots":{"index":"index","follow":"follow","max-snippet":"max-snippet:-1","max-image-preview":"max-image-preview:large","max-video-preview":"max-video-preview:-1"},"canonical":"https:\/\/progettotouring.it\/radiotouring104\/2022\/12\/14\/dai-carabinieri-forestali-un-albero-di-natale-per-il-comune\/","og_locale":"it_IT","og_type":"article","og_title":"Dai Carabinieri Forestali un albero di Natale per il Comune","og_description":"L'Assessora Nucera, col sindaco ff Brunetti, hanno accolto i rappresentanti dell'Arma per ricevere l'omaggio","og_url":"https:\/\/progettotouring.it\/radiotouring104\/2022\/12\/14\/dai-carabinieri-forestali-un-albero-di-natale-per-il-comune\/","og_site_name":"Radio Touring 104","article_published_time":"2022-12-14T09:40:50+00:00","og_image":[{"width":1600,"height":1042,"url":"https:\/\/progettotouring.it\/radiotouring104\/wp-content\/uploads\/sites\/6\/2022\/12\/carabinieri-forestali.jpeg","type":"image\/jpeg"}],"author":"Sebastiano Plutino","twitter_card":"summary_large_image","twitter_misc":{"Scritto da":"Sebastiano Plutino","Tempo di lettura stimato":"1 minuto"},"schema":{"@context":"https:\/\/schema.org","@graph":[{"@type":"Article","@id":"https:\/\/progettotouring.it\/radiotouring104\/2022\/12\/14\/dai-carabinieri-forestali-un-albero-di-natale-per-il-comune\/#article","isPartOf":{"@id":"https:\/\/progettotouring.it\/radiotouring104\/2022\/12\/14\/dai-carabinieri-forestali-un-albero-di-natale-per-il-comune\/"},"author":{"name":"Sebastiano Plutino","@id":"https:\/\/progettotouring.it\/radiotouring104\/#\/schema\/person\/78613917f1851f041f7483f5af1d422e"},"headline":"Dai Carabinieri Forestali un albero di Natale per il Comune","datePublished":"2022-12-14T09:40:50+00:00","mainEntityOfPage":{"@id":"https:\/\/progettotouring.it\/radiotouring104\/2022\/12\/14\/dai-carabinieri-forestali-un-albero-di-natale-per-il-comune\/"},"wordCount":210,"commentCount":0,"publisher":{"@id":"https:\/\/progettotouring.it\/radiotouring104\/#organization"},"image":{"@id":"https:\/\/progettotouring.it\/radiotouring104\/2022\/12\/14\/dai-carabinieri-forestali-un-albero-di-natale-per-il-comune\/#primaryimage"},"thumbnailUrl":"https:\/\/progettotouring.it\/radiotouring104\/wp-content\/uploads\/sites\/6\/2022\/12\/carabinieri-forestali.jpeg","keywords":["Carabinieri Forestali","Comune di Reggio Calabria","lucia nucera","Paolo Brunetti"],"articleSection":["Home","News","Reggio Calabria"],"inLanguage":"it-IT","potentialAction":[{"@type":"CommentAction","name":"Comment","target":["https:\/\/progettotouring.it\/radiotouring104\/2022\/12\/14\/dai-carabinieri-forestali-un-albero-di-natale-per-il-comune\/#respond"]}]},{"@type":"WebPage","@id":"https:\/\/progettotouring.it\/radiotouring104\/2022\/12\/14\/dai-carabinieri-forestali-un-albero-di-natale-per-il-comune\/","url":"https:\/\/progettotouring.it\/radiotouring104\/2022\/12\/14\/dai-carabinieri-forestali-un-albero-di-natale-per-il-comune\/","name":"Dai Carabinieri Forestali un albero di Natale per il Comune","isPartOf":{"@id":"https:\/\/progettotouring.it\/radiotouring104\/#website"},"primaryImageOfPage":{"@id":"https:\/\/progettotouring.it\/radiotouring104\/2022\/12\/14\/dai-carabinieri-forestali-un-albero-di-natale-per-il-comune\/#primaryimage"},"image":{"@id":"https:\/\/progettotouring.it\/radiotouring104\/2022\/12\/14\/dai-carabinieri-forestali-un-albero-di-natale-per-il-comune\/#primaryimage"},"thumbnailUrl":"https:\/\/progettotouring.it\/radiotouring104\/wp-content\/uploads\/sites\/6\/2022\/12\/carabinieri-forestali.jpeg","datePublished":"2022-12-14T09:40:50+00:00","description":"L'Assessora Nucera, col sindaco ff Brunetti, hanno accolto i rappresentanti dell'Arma per ricevere l'omaggio","breadcrumb":{"@id":"https:\/\/progettotouring.it\/radiotouring104\/2022\/12\/14\/dai-carabinieri-forestali-un-albero-di-natale-per-il-comune\/#breadcrumb"},"inLanguage":"it-IT","potentialAction":[{"@type":"ReadAction","target":["https:\/\/progettotouring.it\/radiotouring104\/2022\/12\/14\/dai-carabinieri-forestali-un-albero-di-natale-per-il-comune\/"]}]},{"@type":"ImageObject","inLanguage":"it-IT","@id":"https:\/\/progettotouring.it\/radiotouring104\/2022\/12\/14\/dai-carabinieri-forestali-un-albero-di-natale-per-il-comune\/#primaryimage","url":"https:\/\/progettotouring.it\/radiotouring104\/wp-content\/uploads\/sites\/6\/2022\/12\/carabinieri-forestali.jpeg","contentUrl":"https:\/\/progettotouring.it\/radiotouring104\/wp-content\/uploads\/sites\/6\/2022\/12\/carabinieri-forestali.jpeg","width":1600,"height":1042},{"@type":"BreadcrumbList","@id":"https:\/\/progettotouring.it\/radiotouring104\/2022\/12\/14\/dai-carabinieri-forestali-un-albero-di-natale-per-il-comune\/#breadcrumb","itemListElement":[{"@type":"ListItem","position":1,"name":"Home","item":"https:\/\/progettotouring.it\/radiotouring104\/"},{"@type":"ListItem","position":2,"name":"Dai Carabinieri Forestali un albero di Natale per il Comune"}]},{"@type":"WebSite","@id":"https:\/\/progettotouring.it\/radiotouring104\/#website","url":"https:\/\/progettotouring.it\/radiotouring104\/","name":"Radio Touring 104","description":"La prima radio Reggina","publisher":{"@id":"https:\/\/progettotouring.it\/radiotouring104\/#organization"},"potentialAction":[{"@type":"SearchAction","target":{"@type":"EntryPoint","urlTemplate":"https:\/\/progettotouring.it\/radiotouring104\/?s={search_term_string}"},"query-input":{"@type":"PropertyValueSpecification","valueRequired":true,"valueName":"search_term_string"}}],"inLanguage":"it-IT"},{"@type":"Organization","@id":"https:\/\/progettotouring.it\/radiotouring104\/#organization","name":"Radio Touring 104","url":"https:\/\/progettotouring.it\/radiotouring104\/","logo":{"@type":"ImageObject","inLanguage":"it-IT","@id":"https:\/\/progettotouring.it\/radiotouring104\/#\/schema\/logo\/image\/","url":"https:\/\/progettotouring.it\/radiotouring104\/wp-content\/uploads\/sites\/6\/2022\/02\/cropped-logo-radio-touring-104.png","contentUrl":"https:\/\/progettotouring.it\/radiotouring104\/wp-content\/uploads\/sites\/6\/2022\/02\/cropped-logo-radio-touring-104.png","width":377,"height":182,"caption":"Radio Touring 104"},"image":{"@id":"https:\/\/progettotouring.it\/radiotouring104\/#\/schema\/logo\/image\/"}},{"@type":"Person","@id":"https:\/\/progettotouring.it\/radiotouring104\/#\/schema\/person\/78613917f1851f041f7483f5af1d422e","name":"Sebastiano Plutino","image":{"@type":"ImageObject","inLanguage":"it-IT","@id":"https:\/\/secure.gravatar.com\/avatar\/0546ffaa9b79224faf9f2a156b67a529ae861d3287c66c1d8ccfdf909bcba78d?s=96&d=mm&r=g","url":"https:\/\/secure.gravatar.com\/avatar\/0546ffaa9b79224faf9f2a156b67a529ae861d3287c66c1d8ccfdf909bcba78d?s=96&d=mm&r=g","contentUrl":"https:\/\/secure.gravatar.com\/avatar\/0546ffaa9b79224faf9f2a156b67a529ae861d3287c66c1d8ccfdf909bcba78d?s=96&d=mm&r=g","caption":"Sebastiano Plutino"},"url":"https:\/\/progettotouring.it\/radiotouring104\/author\/sebastiano\/"}]}},"jetpack_publicize_connections":[],"jetpack_featured_media_url":"https:\/\/progettotouring.it\/radiotouring104\/wp-content\/uploads\/sites\/6\/2022\/12\/carabinieri-forestali.jpeg","jetpack_sharing_enabled":true,"_links":{"self":[{"href":"https:\/\/progettotouring.it\/radiotouring104\/wp-json\/wp\/v2\/posts\/14696","targetHints":{"allow":["GET"]}}],"collection":[{"href":"https:\/\/progettotouring.it\/radiotouring104\/wp-json\/wp\/v2\/posts"}],"about":[{"href":"https:\/\/progettotouring.it\/radiotouring104\/wp-json\/wp\/v2\/types\/post"}],"author":[{"embeddable":true,"href":"https:\/\/progettotouring.it\/radiotouring104\/wp-json\/wp\/v2\/users\/12"}],"replies":[{"embeddable":true,"href":"https:\/\/progettotouring.it\/radiotouring104\/wp-json\/wp\/v2\/comments?post=14696"}],"version-history":[{"count":1,"href":"https:\/\/progettotouring.it\/radiotouring104\/wp-json\/wp\/v2\/posts\/14696\/revisions"}],"predecessor-version":[{"id":14698,"href":"https:\/\/progettotouring.it\/radiotouring104\/wp-json\/wp\/v2\/posts\/14696\/revisions\/14698"}],"wp:featuredmedia":[{"embeddable":true,"href":"https:\/\/progettotouring.it\/radiotouring104\/wp-json\/wp\/v2\/media\/14697"}],"wp:attachment":[{"href":"https:\/\/progettotouring.it\/radiotouring104\/wp-json\/wp\/v2\/media?parent=14696"}],"wp:term":[{"taxonomy":"category","embeddable":true,"href":"https:\/\/progettotouring.it\/radiotouring104\/wp-json\/wp\/v2\/categories?post=14696"},{"taxonomy":"post_tag","embeddable":true,"href":"https:\/\/progettotouring.it\/radiotouring104\/wp-json\/wp\/v2\/tags?post=14696"}],"curies":[{"name":"wp","href":"https:\/\/api.w.org\/{rel}","templated":true}]}}