{"id":14850,"date":"2022-12-15T15:06:24","date_gmt":"2022-12-15T14:06:24","guid":{"rendered":"https:\/\/progettotouring.it\/radiotouring104\/?p=14850"},"modified":"2022-12-15T15:07:39","modified_gmt":"2022-12-15T14:07:39","slug":"cosenza-la-decadenza-non-poetica","status":"publish","type":"post","link":"https:\/\/progettotouring.it\/radiotouring104\/2022\/12\/15\/cosenza-la-decadenza-non-poetica\/","title":{"rendered":"Cosenza: la decadenza non poetica"},"content":{"rendered":"<p>(ANSA) &#8211; CATANZARO, 15 DIC &#8211; &#8220;Il centro storico di Cosenza \u00e8 uno dei pi\u00f9 belli d&#8217;Italia. Dobbiamo pensare con seriet\u00e0, tutti insieme, a una possibile legge che preveda quegli investimenti necessari. Ed \u00e8 un appello che rivolgo a tutti i colleghi di maggioranza e di opposizione&#8221;. Lo afferma Alfredo Antoniozzi, vice presidente del gruppo parlamentare di Fratelli d&#8217;Italia alla Camera. &#8220;So che grazie all&#8217;impegno di politici e associazioni &#8211; aggiunge Antoniozzi &#8211; sono stati stanziati 90 milioni che presto il Comune potr\u00e0 spendere ma riguardano opere pubbliche. La bellezza di quel centro storico richiede investimenti pi\u00f9 corposi che riguardino le opere inframurarie, la rete idrica e fognaria, l&#8217;abbattimento di ruderi pericolosi e poi un&#8217;opera di ristrutturazione complessa che, ovviamente, il Comune non \u00e8 in grado di affrontare. Nella passata legislatura era stata predisposta analoga iniziativa e, chiaramente, sono disponibile a incontrare tutta la deputazione alla presenza del sindaco Franz Caruso e delle altre istituzioni&#8221;. &#8220;Non dico assolutamente che sia una cosa facile &#8211; sostiene ancora il parlamentare &#8211; ma dobbiamo in ogni caso sforzarci, sapendo che ci vorrebbe un programma pluriennale. La bellezza di quei posti che portano le tracce di tutte le civilt\u00e0 ci impone di fare un tentativo serio, senza promettere altro che un impegno congiunto. Cosenza ha una storia e una tipicit\u00e0 che ne fanno una delle citt\u00e0 d&#8217;arte pi\u00f9 belle del Mezzogiorno&#8221;. (ANSA).<\/p>\n","protected":false},"excerpt":{"rendered":"<p>(ANSA) &#8211; CATANZARO, 15 DIC &#8211; &#8220;Il centro storico di Cosenza \u00e8 uno dei pi\u00f9 belli d&#8217;Italia. Dobbiamo pensare con seriet\u00e0, tutti insieme, a una possibile legge che preveda quegli&hellip;<\/p>\n","protected":false},"author":13,"featured_media":14852,"comment_status":"open","ping_status":"open","sticky":false,"template":"","format":"standard","meta":{"_jetpack_memberships_contains_paid_content":false,"footnotes":"","jetpack_publicize_message":"","jetpack_publicize_feature_enabled":true,"jetpack_social_post_already_shared":false,"jetpack_social_options":{"image_generator_settings":{"template":"highway","default_image_id":0,"font":"","enabled":false},"version":2}},"categories":[142,921,196],"tags":[4603,354],"class_list":["post-14850","post","type-post","status-publish","format-standard","has-post-thumbnail","hentry","category-calabria","category-home","category-news","tag-alfredo-antoniozzi","tag-cosenza"],"yoast_head":"<!-- This site is optimized with the Yoast SEO plugin v27.2 - https:\/\/yoast.com\/product\/yoast-seo-wordpress\/ -->\n<title>Cosenza: la decadenza non poetica<\/title>\n<meta name=\"description\" content=\"Il centro storico della citt\u00e0 necessita di un recupero che sia rispettoso della fisionomia originaria\" \/>\n<meta name=\"robots\" content=\"index, follow, max-snippet:-1, max-image-preview:large, max-video-preview:-1\" \/>\n<link rel=\"canonical\" href=\"https:\/\/progettotouring.it\/radiotouring104\/2022\/12\/15\/cosenza-la-decadenza-non-poetica\/\" \/>\n<meta property=\"og:locale\" content=\"it_IT\" \/>\n<meta property=\"og:type\" content=\"article\" \/>\n<meta property=\"og:title\" content=\"Cosenza: la decadenza non poetica\" \/>\n<meta property=\"og:description\" content=\"Il centro storico della citt\u00e0 necessita di un recupero che sia rispettoso della fisionomia originaria\" \/>\n<meta property=\"og:url\" content=\"https:\/\/progettotouring.it\/radiotouring104\/2022\/12\/15\/cosenza-la-decadenza-non-poetica\/\" \/>\n<meta property=\"og:site_name\" content=\"Radio Touring 104\" \/>\n<meta property=\"article:published_time\" content=\"2022-12-15T14:06:24+00:00\" \/>\n<meta property=\"article:modified_time\" content=\"2022-12-15T14:07:39+00:00\" \/>\n<meta property=\"og:image\" content=\"https:\/\/progettotouring.it\/radiotouring104\/wp-content\/uploads\/sites\/6\/2022\/12\/Cosenza-1.jpg\" \/>\n\t<meta property=\"og:image:width\" content=\"284\" \/>\n\t<meta property=\"og:image:height\" content=\"339\" \/>\n\t<meta property=\"og:image:type\" content=\"image\/jpeg\" \/>\n<meta name=\"author\" content=\"Helena Pedone\" \/>\n<meta name=\"twitter:card\" content=\"summary_large_image\" \/>\n<meta name=\"twitter:label1\" content=\"Scritto da\" \/>\n\t<meta name=\"twitter:data1\" content=\"Helena Pedone\" \/>\n\t<meta name=\"twitter:label2\" content=\"Tempo di lettura stimato\" \/>\n\t<meta name=\"twitter:data2\" content=\"1 minuto\" \/>\n<script type=\"application\/ld+json\" class=\"yoast-schema-graph\">{\"@context\":\"https:\/\/schema.org\",\"@graph\":[{\"@type\":\"Article\",\"@id\":\"https:\/\/progettotouring.it\/radiotouring104\/2022\/12\/15\/cosenza-la-decadenza-non-poetica\/#article\",\"isPartOf\":{\"@id\":\"https:\/\/progettotouring.it\/radiotouring104\/2022\/12\/15\/cosenza-la-decadenza-non-poetica\/\"},\"author\":{\"name\":\"Helena Pedone\",\"@id\":\"https:\/\/progettotouring.it\/radiotouring104\/#\/schema\/person\/8458ed437f4094f881aab8e4cc572684\"},\"headline\":\"Cosenza: la decadenza non poetica\",\"datePublished\":\"2022-12-15T14:06:24+00:00\",\"dateModified\":\"2022-12-15T14:07:39+00:00\",\"mainEntityOfPage\":{\"@id\":\"https:\/\/progettotouring.it\/radiotouring104\/2022\/12\/15\/cosenza-la-decadenza-non-poetica\/\"},\"wordCount\":228,\"commentCount\":0,\"publisher\":{\"@id\":\"https:\/\/progettotouring.it\/radiotouring104\/#organization\"},\"image\":{\"@id\":\"https:\/\/progettotouring.it\/radiotouring104\/2022\/12\/15\/cosenza-la-decadenza-non-poetica\/#primaryimage\"},\"thumbnailUrl\":\"https:\/\/progettotouring.it\/radiotouring104\/wp-content\/uploads\/sites\/6\/2022\/12\/Cosenza-1.jpg\",\"keywords\":[\"Alfredo Antoniozzi\",\"Cosenza\"],\"articleSection\":[\"Calabria\",\"Home\",\"News\"],\"inLanguage\":\"it-IT\",\"potentialAction\":[{\"@type\":\"CommentAction\",\"name\":\"Comment\",\"target\":[\"https:\/\/progettotouring.it\/radiotouring104\/2022\/12\/15\/cosenza-la-decadenza-non-poetica\/#respond\"]}]},{\"@type\":\"WebPage\",\"@id\":\"https:\/\/progettotouring.it\/radiotouring104\/2022\/12\/15\/cosenza-la-decadenza-non-poetica\/\",\"url\":\"https:\/\/progettotouring.it\/radiotouring104\/2022\/12\/15\/cosenza-la-decadenza-non-poetica\/\",\"name\":\"Cosenza: la decadenza non poetica\",\"isPartOf\":{\"@id\":\"https:\/\/progettotouring.it\/radiotouring104\/#website\"},\"primaryImageOfPage\":{\"@id\":\"https:\/\/progettotouring.it\/radiotouring104\/2022\/12\/15\/cosenza-la-decadenza-non-poetica\/#primaryimage\"},\"image\":{\"@id\":\"https:\/\/progettotouring.it\/radiotouring104\/2022\/12\/15\/cosenza-la-decadenza-non-poetica\/#primaryimage\"},\"thumbnailUrl\":\"https:\/\/progettotouring.it\/radiotouring104\/wp-content\/uploads\/sites\/6\/2022\/12\/Cosenza-1.jpg\",\"datePublished\":\"2022-12-15T14:06:24+00:00\",\"dateModified\":\"2022-12-15T14:07:39+00:00\",\"description\":\"Il centro storico della citt\u00e0 necessita di un recupero che sia rispettoso della fisionomia originaria\",\"breadcrumb\":{\"@id\":\"https:\/\/progettotouring.it\/radiotouring104\/2022\/12\/15\/cosenza-la-decadenza-non-poetica\/#breadcrumb\"},\"inLanguage\":\"it-IT\",\"potentialAction\":[{\"@type\":\"ReadAction\",\"target\":[\"https:\/\/progettotouring.it\/radiotouring104\/2022\/12\/15\/cosenza-la-decadenza-non-poetica\/\"]}]},{\"@type\":\"ImageObject\",\"inLanguage\":\"it-IT\",\"@id\":\"https:\/\/progettotouring.it\/radiotouring104\/2022\/12\/15\/cosenza-la-decadenza-non-poetica\/#primaryimage\",\"url\":\"https:\/\/progettotouring.it\/radiotouring104\/wp-content\/uploads\/sites\/6\/2022\/12\/Cosenza-1.jpg\",\"contentUrl\":\"https:\/\/progettotouring.it\/radiotouring104\/wp-content\/uploads\/sites\/6\/2022\/12\/Cosenza-1.jpg\",\"width\":284,\"height\":339},{\"@type\":\"BreadcrumbList\",\"@id\":\"https:\/\/progettotouring.it\/radiotouring104\/2022\/12\/15\/cosenza-la-decadenza-non-poetica\/#breadcrumb\",\"itemListElement\":[{\"@type\":\"ListItem\",\"position\":1,\"name\":\"Home\",\"item\":\"https:\/\/progettotouring.it\/radiotouring104\/\"},{\"@type\":\"ListItem\",\"position\":2,\"name\":\"Cosenza: la decadenza non poetica\"}]},{\"@type\":\"WebSite\",\"@id\":\"https:\/\/progettotouring.it\/radiotouring104\/#website\",\"url\":\"https:\/\/progettotouring.it\/radiotouring104\/\",\"name\":\"Radio Touring 104\",\"description\":\"La prima radio Reggina\",\"publisher\":{\"@id\":\"https:\/\/progettotouring.it\/radiotouring104\/#organization\"},\"potentialAction\":[{\"@type\":\"SearchAction\",\"target\":{\"@type\":\"EntryPoint\",\"urlTemplate\":\"https:\/\/progettotouring.it\/radiotouring104\/?s={search_term_string}\"},\"query-input\":{\"@type\":\"PropertyValueSpecification\",\"valueRequired\":true,\"valueName\":\"search_term_string\"}}],\"inLanguage\":\"it-IT\"},{\"@type\":\"Organization\",\"@id\":\"https:\/\/progettotouring.it\/radiotouring104\/#organization\",\"name\":\"Radio Touring 104\",\"url\":\"https:\/\/progettotouring.it\/radiotouring104\/\",\"logo\":{\"@type\":\"ImageObject\",\"inLanguage\":\"it-IT\",\"@id\":\"https:\/\/progettotouring.it\/radiotouring104\/#\/schema\/logo\/image\/\",\"url\":\"https:\/\/progettotouring.it\/radiotouring104\/wp-content\/uploads\/sites\/6\/2022\/02\/cropped-logo-radio-touring-104.png\",\"contentUrl\":\"https:\/\/progettotouring.it\/radiotouring104\/wp-content\/uploads\/sites\/6\/2022\/02\/cropped-logo-radio-touring-104.png\",\"width\":377,\"height\":182,\"caption\":\"Radio Touring 104\"},\"image\":{\"@id\":\"https:\/\/progettotouring.it\/radiotouring104\/#\/schema\/logo\/image\/\"}},{\"@type\":\"Person\",\"@id\":\"https:\/\/progettotouring.it\/radiotouring104\/#\/schema\/person\/8458ed437f4094f881aab8e4cc572684\",\"name\":\"Helena Pedone\",\"image\":{\"@type\":\"ImageObject\",\"inLanguage\":\"it-IT\",\"@id\":\"https:\/\/secure.gravatar.com\/avatar\/95a63adf316f90175b68113b4b895a96641be06395ffeef88fea6178b30027d9?s=96&d=mm&r=g\",\"url\":\"https:\/\/secure.gravatar.com\/avatar\/95a63adf316f90175b68113b4b895a96641be06395ffeef88fea6178b30027d9?s=96&d=mm&r=g\",\"contentUrl\":\"https:\/\/secure.gravatar.com\/avatar\/95a63adf316f90175b68113b4b895a96641be06395ffeef88fea6178b30027d9?s=96&d=mm&r=g\",\"caption\":\"Helena Pedone\"},\"url\":\"https:\/\/progettotouring.it\/radiotouring104\/author\/helena\/\"}]}<\/script>\n<!-- \/ Yoast SEO plugin. -->","yoast_head_json":{"title":"Cosenza: la decadenza non poetica","description":"Il centro storico della citt\u00e0 necessita di un recupero che sia rispettoso della fisionomia originaria","robots":{"index":"index","follow":"follow","max-snippet":"max-snippet:-1","max-image-preview":"max-image-preview:large","max-video-preview":"max-video-preview:-1"},"canonical":"https:\/\/progettotouring.it\/radiotouring104\/2022\/12\/15\/cosenza-la-decadenza-non-poetica\/","og_locale":"it_IT","og_type":"article","og_title":"Cosenza: la decadenza non poetica","og_description":"Il centro storico della citt\u00e0 necessita di un recupero che sia rispettoso della fisionomia originaria","og_url":"https:\/\/progettotouring.it\/radiotouring104\/2022\/12\/15\/cosenza-la-decadenza-non-poetica\/","og_site_name":"Radio Touring 104","article_published_time":"2022-12-15T14:06:24+00:00","article_modified_time":"2022-12-15T14:07:39+00:00","og_image":[{"width":284,"height":339,"url":"https:\/\/progettotouring.it\/radiotouring104\/wp-content\/uploads\/sites\/6\/2022\/12\/Cosenza-1.jpg","type":"image\/jpeg"}],"author":"Helena Pedone","twitter_card":"summary_large_image","twitter_misc":{"Scritto da":"Helena Pedone","Tempo di lettura stimato":"1 minuto"},"schema":{"@context":"https:\/\/schema.org","@graph":[{"@type":"Article","@id":"https:\/\/progettotouring.it\/radiotouring104\/2022\/12\/15\/cosenza-la-decadenza-non-poetica\/#article","isPartOf":{"@id":"https:\/\/progettotouring.it\/radiotouring104\/2022\/12\/15\/cosenza-la-decadenza-non-poetica\/"},"author":{"name":"Helena Pedone","@id":"https:\/\/progettotouring.it\/radiotouring104\/#\/schema\/person\/8458ed437f4094f881aab8e4cc572684"},"headline":"Cosenza: la decadenza non poetica","datePublished":"2022-12-15T14:06:24+00:00","dateModified":"2022-12-15T14:07:39+00:00","mainEntityOfPage":{"@id":"https:\/\/progettotouring.it\/radiotouring104\/2022\/12\/15\/cosenza-la-decadenza-non-poetica\/"},"wordCount":228,"commentCount":0,"publisher":{"@id":"https:\/\/progettotouring.it\/radiotouring104\/#organization"},"image":{"@id":"https:\/\/progettotouring.it\/radiotouring104\/2022\/12\/15\/cosenza-la-decadenza-non-poetica\/#primaryimage"},"thumbnailUrl":"https:\/\/progettotouring.it\/radiotouring104\/wp-content\/uploads\/sites\/6\/2022\/12\/Cosenza-1.jpg","keywords":["Alfredo Antoniozzi","Cosenza"],"articleSection":["Calabria","Home","News"],"inLanguage":"it-IT","potentialAction":[{"@type":"CommentAction","name":"Comment","target":["https:\/\/progettotouring.it\/radiotouring104\/2022\/12\/15\/cosenza-la-decadenza-non-poetica\/#respond"]}]},{"@type":"WebPage","@id":"https:\/\/progettotouring.it\/radiotouring104\/2022\/12\/15\/cosenza-la-decadenza-non-poetica\/","url":"https:\/\/progettotouring.it\/radiotouring104\/2022\/12\/15\/cosenza-la-decadenza-non-poetica\/","name":"Cosenza: la decadenza non poetica","isPartOf":{"@id":"https:\/\/progettotouring.it\/radiotouring104\/#website"},"primaryImageOfPage":{"@id":"https:\/\/progettotouring.it\/radiotouring104\/2022\/12\/15\/cosenza-la-decadenza-non-poetica\/#primaryimage"},"image":{"@id":"https:\/\/progettotouring.it\/radiotouring104\/2022\/12\/15\/cosenza-la-decadenza-non-poetica\/#primaryimage"},"thumbnailUrl":"https:\/\/progettotouring.it\/radiotouring104\/wp-content\/uploads\/sites\/6\/2022\/12\/Cosenza-1.jpg","datePublished":"2022-12-15T14:06:24+00:00","dateModified":"2022-12-15T14:07:39+00:00","description":"Il centro storico della citt\u00e0 necessita di un recupero che sia rispettoso della fisionomia originaria","breadcrumb":{"@id":"https:\/\/progettotouring.it\/radiotouring104\/2022\/12\/15\/cosenza-la-decadenza-non-poetica\/#breadcrumb"},"inLanguage":"it-IT","potentialAction":[{"@type":"ReadAction","target":["https:\/\/progettotouring.it\/radiotouring104\/2022\/12\/15\/cosenza-la-decadenza-non-poetica\/"]}]},{"@type":"ImageObject","inLanguage":"it-IT","@id":"https:\/\/progettotouring.it\/radiotouring104\/2022\/12\/15\/cosenza-la-decadenza-non-poetica\/#primaryimage","url":"https:\/\/progettotouring.it\/radiotouring104\/wp-content\/uploads\/sites\/6\/2022\/12\/Cosenza-1.jpg","contentUrl":"https:\/\/progettotouring.it\/radiotouring104\/wp-content\/uploads\/sites\/6\/2022\/12\/Cosenza-1.jpg","width":284,"height":339},{"@type":"BreadcrumbList","@id":"https:\/\/progettotouring.it\/radiotouring104\/2022\/12\/15\/cosenza-la-decadenza-non-poetica\/#breadcrumb","itemListElement":[{"@type":"ListItem","position":1,"name":"Home","item":"https:\/\/progettotouring.it\/radiotouring104\/"},{"@type":"ListItem","position":2,"name":"Cosenza: la decadenza non poetica"}]},{"@type":"WebSite","@id":"https:\/\/progettotouring.it\/radiotouring104\/#website","url":"https:\/\/progettotouring.it\/radiotouring104\/","name":"Radio Touring 104","description":"La prima radio Reggina","publisher":{"@id":"https:\/\/progettotouring.it\/radiotouring104\/#organization"},"potentialAction":[{"@type":"SearchAction","target":{"@type":"EntryPoint","urlTemplate":"https:\/\/progettotouring.it\/radiotouring104\/?s={search_term_string}"},"query-input":{"@type":"PropertyValueSpecification","valueRequired":true,"valueName":"search_term_string"}}],"inLanguage":"it-IT"},{"@type":"Organization","@id":"https:\/\/progettotouring.it\/radiotouring104\/#organization","name":"Radio Touring 104","url":"https:\/\/progettotouring.it\/radiotouring104\/","logo":{"@type":"ImageObject","inLanguage":"it-IT","@id":"https:\/\/progettotouring.it\/radiotouring104\/#\/schema\/logo\/image\/","url":"https:\/\/progettotouring.it\/radiotouring104\/wp-content\/uploads\/sites\/6\/2022\/02\/cropped-logo-radio-touring-104.png","contentUrl":"https:\/\/progettotouring.it\/radiotouring104\/wp-content\/uploads\/sites\/6\/2022\/02\/cropped-logo-radio-touring-104.png","width":377,"height":182,"caption":"Radio Touring 104"},"image":{"@id":"https:\/\/progettotouring.it\/radiotouring104\/#\/schema\/logo\/image\/"}},{"@type":"Person","@id":"https:\/\/progettotouring.it\/radiotouring104\/#\/schema\/person\/8458ed437f4094f881aab8e4cc572684","name":"Helena Pedone","image":{"@type":"ImageObject","inLanguage":"it-IT","@id":"https:\/\/secure.gravatar.com\/avatar\/95a63adf316f90175b68113b4b895a96641be06395ffeef88fea6178b30027d9?s=96&d=mm&r=g","url":"https:\/\/secure.gravatar.com\/avatar\/95a63adf316f90175b68113b4b895a96641be06395ffeef88fea6178b30027d9?s=96&d=mm&r=g","contentUrl":"https:\/\/secure.gravatar.com\/avatar\/95a63adf316f90175b68113b4b895a96641be06395ffeef88fea6178b30027d9?s=96&d=mm&r=g","caption":"Helena Pedone"},"url":"https:\/\/progettotouring.it\/radiotouring104\/author\/helena\/"}]}},"jetpack_publicize_connections":[],"jetpack_featured_media_url":"https:\/\/progettotouring.it\/radiotouring104\/wp-content\/uploads\/sites\/6\/2022\/12\/Cosenza-1.jpg","jetpack_sharing_enabled":true,"_links":{"self":[{"href":"https:\/\/progettotouring.it\/radiotouring104\/wp-json\/wp\/v2\/posts\/14850","targetHints":{"allow":["GET"]}}],"collection":[{"href":"https:\/\/progettotouring.it\/radiotouring104\/wp-json\/wp\/v2\/posts"}],"about":[{"href":"https:\/\/progettotouring.it\/radiotouring104\/wp-json\/wp\/v2\/types\/post"}],"author":[{"embeddable":true,"href":"https:\/\/progettotouring.it\/radiotouring104\/wp-json\/wp\/v2\/users\/13"}],"replies":[{"embeddable":true,"href":"https:\/\/progettotouring.it\/radiotouring104\/wp-json\/wp\/v2\/comments?post=14850"}],"version-history":[{"count":2,"href":"https:\/\/progettotouring.it\/radiotouring104\/wp-json\/wp\/v2\/posts\/14850\/revisions"}],"predecessor-version":[{"id":14854,"href":"https:\/\/progettotouring.it\/radiotouring104\/wp-json\/wp\/v2\/posts\/14850\/revisions\/14854"}],"wp:featuredmedia":[{"embeddable":true,"href":"https:\/\/progettotouring.it\/radiotouring104\/wp-json\/wp\/v2\/media\/14852"}],"wp:attachment":[{"href":"https:\/\/progettotouring.it\/radiotouring104\/wp-json\/wp\/v2\/media?parent=14850"}],"wp:term":[{"taxonomy":"category","embeddable":true,"href":"https:\/\/progettotouring.it\/radiotouring104\/wp-json\/wp\/v2\/categories?post=14850"},{"taxonomy":"post_tag","embeddable":true,"href":"https:\/\/progettotouring.it\/radiotouring104\/wp-json\/wp\/v2\/tags?post=14850"}],"curies":[{"name":"wp","href":"https:\/\/api.w.org\/{rel}","templated":true}]}}