{"id":14861,"date":"2022-12-15T15:17:35","date_gmt":"2022-12-15T14:17:35","guid":{"rendered":"https:\/\/progettotouring.it\/radiotouring104\/?p=14861"},"modified":"2022-12-15T16:22:52","modified_gmt":"2022-12-15T15:22:52","slug":"telethon-giunge-anche-in-calabria-domani-diretta-rai-da-ciro-marina","status":"publish","type":"post","link":"https:\/\/progettotouring.it\/radiotouring104\/2022\/12\/15\/telethon-giunge-anche-in-calabria-domani-diretta-rai-da-ciro-marina\/","title":{"rendered":"Telethon giunge anche in Calabria: domani diretta Rai da Cir\u00f2 Marina"},"content":{"rendered":"<div class=\"xam_msg_class\" style=\"text-align: justify\">Con l\u2019arrivo del mese di dicembre il pensiero di tutti va al <strong>Natale<\/strong>, alle feste, alle vacanze ma per molti dicembre \u00e8 anche solidariet\u00e0. Infatti, come da 33 anni, ritorna la <strong>Maratona<\/strong> <strong>Telethon<\/strong> sulle reti Rai ma soprattutto in tutte le piazze d\u2019Italia con i volontari Telethon. Tantissime le persone che condividono la mission della <strong>Fondazione Telethon<\/strong> e dedicano parte del loro tempo alla raccolta fondi da destinare alla ricerca. In Calabria, anche quest\u2019anno, sono tantissimi, oltre 250, i punti di raccolta gestititi da oltre 1000 volontari presenti nelle piazze a distribuire i gadget a fronte di una piccola donazione in collaborazione anche con tante associazioni del territorio come <strong>Unpli Calabria, Avis e Associazioni locali<\/strong>. La solidariet\u00e0 si fa dolce con i famosi cuori di cioccolato di Telethon distribuiti in una elegante confezione regalo, l\u2019ideale per un pensiero solidale. Attivato anche il numero solidale per le donazioni tramite telefono fisso o con sms , il 45510 , nel contempo \u00e8 partita la maratona televisiva su<strong> Rai 1.<\/strong><\/div>\n<div><\/div>\n<div class=\"xam_msg_class\" style=\"text-align: justify\">Quest\u2019anno il Coordinamento Calabrese, rappresentato dal Coordinatore Raffaele Marasco, sar\u00e0 protagonista durante un collegamento in diretta su Rai 1 alle ore 14.30 circa da Piazza Diaz a Cir\u00f2 Marina. Un regalo della Rai e della Fondazione Telethon che ha voluto premiare l\u2019impegno di tutti i volontari calabresi coinvolgendo anche Roberta Morise come madrina del collegamento. La scelta su Cir\u00f2 Marina \u00e8 stata fatta in quanto come Comune del cuore che si \u00e8 distinto per le importanti raccolte fondi grazie al lavoro fatto dalla Consigliera delegata Francesca La Rocca, all\u2019impegno di tutta l\u2019Amministrazione e il Sindaco, nonch\u00e9 Presidente della Provincia di Crotone, Sergio Ferrari. In piazza oltre al punto di raccolta Telethon saranno presenti rappresentanze dell\u2019artigianato, dell\u2019enogastronomia e della musica made in Calabria con un \u201ccollettivo\u201d curato da Calabria Sona. L\u2019invito del Coordinatore Marasco \u00e8 quello di partecipare numerosi a questo evento in modo da fare sentire la vicinanza della Calabria e di Ciro\u2019 Marina alla Fondazione Telethon, alla ricerca e a tutte quelle famiglia che aspettano una cura per i propri figli affetti da malattie genetiche rare<\/div>\n","protected":false},"excerpt":{"rendered":"<p>Con l\u2019arrivo del mese di dicembre il pensiero di tutti va al Natale, alle feste, alle vacanze ma per molti dicembre \u00e8 anche solidariet\u00e0. Infatti, come da 33 anni, ritorna&hellip;<\/p>\n","protected":false},"author":8,"featured_media":14862,"comment_status":"open","ping_status":"open","sticky":false,"template":"","format":"standard","meta":{"_jetpack_memberships_contains_paid_content":false,"footnotes":"","jetpack_publicize_message":"","jetpack_publicize_feature_enabled":true,"jetpack_social_post_already_shared":false,"jetpack_social_options":{"image_generator_settings":{"template":"highway","default_image_id":0,"font":"","enabled":false},"version":2}},"categories":[142,921,196],"tags":[7331,2619,7332,7330],"class_list":["post-14861","post","type-post","status-publish","format-standard","has-post-thumbnail","hentry","category-calabria","category-home","category-news","tag-associazioni-locali","tag-avis","tag-ra1-calabria-sona","tag-unpli-calabria"],"yoast_head":"<!-- This site is optimized with the Yoast SEO plugin v27.2 - https:\/\/yoast.com\/product\/yoast-seo-wordpress\/ -->\n<title>Telethon giunge anche in Calabria: diretta Rai da Cir\u00f2 Marina<\/title>\n<meta name=\"description\" content=\"A Cir\u00f2 Marina la Rai si collegher\u00e0 alle 14.30 per la Maratona Telethon. Piazza Diaz sar\u00e0 teatro della lodevole iniziativa per la Calabria\" \/>\n<meta name=\"robots\" content=\"index, follow, max-snippet:-1, max-image-preview:large, max-video-preview:-1\" \/>\n<link rel=\"canonical\" href=\"https:\/\/progettotouring.it\/radiotouring104\/2022\/12\/15\/telethon-giunge-anche-in-calabria-domani-diretta-rai-da-ciro-marina\/\" \/>\n<meta property=\"og:locale\" content=\"it_IT\" \/>\n<meta property=\"og:type\" content=\"article\" \/>\n<meta property=\"og:title\" content=\"Telethon giunge anche in Calabria: diretta Rai da Cir\u00f2 Marina\" \/>\n<meta property=\"og:description\" content=\"A Cir\u00f2 Marina la Rai si collegher\u00e0 alle 14.30 per la Maratona Telethon. Piazza Diaz sar\u00e0 teatro della lodevole iniziativa per la Calabria\" \/>\n<meta property=\"og:url\" content=\"https:\/\/progettotouring.it\/radiotouring104\/2022\/12\/15\/telethon-giunge-anche-in-calabria-domani-diretta-rai-da-ciro-marina\/\" \/>\n<meta property=\"og:site_name\" content=\"Radio Touring 104\" \/>\n<meta property=\"article:published_time\" content=\"2022-12-15T14:17:35+00:00\" \/>\n<meta property=\"article:modified_time\" content=\"2022-12-15T15:22:52+00:00\" \/>\n<meta property=\"og:image\" content=\"https:\/\/progettotouring.it\/radiotouring104\/wp-content\/uploads\/sites\/6\/2022\/12\/telethon-21.jpg\" \/>\n\t<meta property=\"og:image:width\" content=\"1287\" \/>\n\t<meta property=\"og:image:height\" content=\"537\" \/>\n\t<meta property=\"og:image:type\" content=\"image\/jpeg\" \/>\n<meta name=\"author\" content=\"Filippo Francesco Idone\" \/>\n<meta name=\"twitter:card\" content=\"summary_large_image\" \/>\n<meta name=\"twitter:label1\" content=\"Scritto da\" \/>\n\t<meta name=\"twitter:data1\" content=\"Filippo Francesco Idone\" \/>\n\t<meta name=\"twitter:label2\" content=\"Tempo di lettura stimato\" \/>\n\t<meta name=\"twitter:data2\" content=\"2 minuti\" \/>\n<script type=\"application\/ld+json\" class=\"yoast-schema-graph\">{\"@context\":\"https:\/\/schema.org\",\"@graph\":[{\"@type\":\"Article\",\"@id\":\"https:\/\/progettotouring.it\/radiotouring104\/2022\/12\/15\/telethon-giunge-anche-in-calabria-domani-diretta-rai-da-ciro-marina\/#article\",\"isPartOf\":{\"@id\":\"https:\/\/progettotouring.it\/radiotouring104\/2022\/12\/15\/telethon-giunge-anche-in-calabria-domani-diretta-rai-da-ciro-marina\/\"},\"author\":{\"name\":\"Filippo Francesco Idone\",\"@id\":\"https:\/\/progettotouring.it\/radiotouring104\/#\/schema\/person\/4a82259ca52ac8702ad1a8f9e5a3120b\"},\"headline\":\"Telethon giunge anche in Calabria: domani diretta Rai da Cir\u00f2 Marina\",\"datePublished\":\"2022-12-15T14:17:35+00:00\",\"dateModified\":\"2022-12-15T15:22:52+00:00\",\"mainEntityOfPage\":{\"@id\":\"https:\/\/progettotouring.it\/radiotouring104\/2022\/12\/15\/telethon-giunge-anche-in-calabria-domani-diretta-rai-da-ciro-marina\/\"},\"wordCount\":352,\"commentCount\":0,\"publisher\":{\"@id\":\"https:\/\/progettotouring.it\/radiotouring104\/#organization\"},\"image\":{\"@id\":\"https:\/\/progettotouring.it\/radiotouring104\/2022\/12\/15\/telethon-giunge-anche-in-calabria-domani-diretta-rai-da-ciro-marina\/#primaryimage\"},\"thumbnailUrl\":\"https:\/\/progettotouring.it\/radiotouring104\/wp-content\/uploads\/sites\/6\/2022\/12\/telethon-21.jpg\",\"keywords\":[\"Associazioni locali\",\"Avis\",\"ra1 calabria sona\",\"Unpli Calabria\"],\"articleSection\":[\"Calabria\",\"Home\",\"News\"],\"inLanguage\":\"it-IT\",\"potentialAction\":[{\"@type\":\"CommentAction\",\"name\":\"Comment\",\"target\":[\"https:\/\/progettotouring.it\/radiotouring104\/2022\/12\/15\/telethon-giunge-anche-in-calabria-domani-diretta-rai-da-ciro-marina\/#respond\"]}]},{\"@type\":\"WebPage\",\"@id\":\"https:\/\/progettotouring.it\/radiotouring104\/2022\/12\/15\/telethon-giunge-anche-in-calabria-domani-diretta-rai-da-ciro-marina\/\",\"url\":\"https:\/\/progettotouring.it\/radiotouring104\/2022\/12\/15\/telethon-giunge-anche-in-calabria-domani-diretta-rai-da-ciro-marina\/\",\"name\":\"Telethon giunge anche in Calabria: diretta Rai da Cir\u00f2 Marina\",\"isPartOf\":{\"@id\":\"https:\/\/progettotouring.it\/radiotouring104\/#website\"},\"primaryImageOfPage\":{\"@id\":\"https:\/\/progettotouring.it\/radiotouring104\/2022\/12\/15\/telethon-giunge-anche-in-calabria-domani-diretta-rai-da-ciro-marina\/#primaryimage\"},\"image\":{\"@id\":\"https:\/\/progettotouring.it\/radiotouring104\/2022\/12\/15\/telethon-giunge-anche-in-calabria-domani-diretta-rai-da-ciro-marina\/#primaryimage\"},\"thumbnailUrl\":\"https:\/\/progettotouring.it\/radiotouring104\/wp-content\/uploads\/sites\/6\/2022\/12\/telethon-21.jpg\",\"datePublished\":\"2022-12-15T14:17:35+00:00\",\"dateModified\":\"2022-12-15T15:22:52+00:00\",\"description\":\"A Cir\u00f2 Marina la Rai si collegher\u00e0 alle 14.30 per la Maratona Telethon. Piazza Diaz sar\u00e0 teatro della lodevole iniziativa per la Calabria\",\"breadcrumb\":{\"@id\":\"https:\/\/progettotouring.it\/radiotouring104\/2022\/12\/15\/telethon-giunge-anche-in-calabria-domani-diretta-rai-da-ciro-marina\/#breadcrumb\"},\"inLanguage\":\"it-IT\",\"potentialAction\":[{\"@type\":\"ReadAction\",\"target\":[\"https:\/\/progettotouring.it\/radiotouring104\/2022\/12\/15\/telethon-giunge-anche-in-calabria-domani-diretta-rai-da-ciro-marina\/\"]}]},{\"@type\":\"ImageObject\",\"inLanguage\":\"it-IT\",\"@id\":\"https:\/\/progettotouring.it\/radiotouring104\/2022\/12\/15\/telethon-giunge-anche-in-calabria-domani-diretta-rai-da-ciro-marina\/#primaryimage\",\"url\":\"https:\/\/progettotouring.it\/radiotouring104\/wp-content\/uploads\/sites\/6\/2022\/12\/telethon-21.jpg\",\"contentUrl\":\"https:\/\/progettotouring.it\/radiotouring104\/wp-content\/uploads\/sites\/6\/2022\/12\/telethon-21.jpg\",\"width\":1287,\"height\":537},{\"@type\":\"BreadcrumbList\",\"@id\":\"https:\/\/progettotouring.it\/radiotouring104\/2022\/12\/15\/telethon-giunge-anche-in-calabria-domani-diretta-rai-da-ciro-marina\/#breadcrumb\",\"itemListElement\":[{\"@type\":\"ListItem\",\"position\":1,\"name\":\"Home\",\"item\":\"https:\/\/progettotouring.it\/radiotouring104\/\"},{\"@type\":\"ListItem\",\"position\":2,\"name\":\"Telethon giunge anche in Calabria: domani diretta Rai da Cir\u00f2 Marina\"}]},{\"@type\":\"WebSite\",\"@id\":\"https:\/\/progettotouring.it\/radiotouring104\/#website\",\"url\":\"https:\/\/progettotouring.it\/radiotouring104\/\",\"name\":\"Radio Touring 104\",\"description\":\"La prima radio Reggina\",\"publisher\":{\"@id\":\"https:\/\/progettotouring.it\/radiotouring104\/#organization\"},\"potentialAction\":[{\"@type\":\"SearchAction\",\"target\":{\"@type\":\"EntryPoint\",\"urlTemplate\":\"https:\/\/progettotouring.it\/radiotouring104\/?s={search_term_string}\"},\"query-input\":{\"@type\":\"PropertyValueSpecification\",\"valueRequired\":true,\"valueName\":\"search_term_string\"}}],\"inLanguage\":\"it-IT\"},{\"@type\":\"Organization\",\"@id\":\"https:\/\/progettotouring.it\/radiotouring104\/#organization\",\"name\":\"Radio Touring 104\",\"url\":\"https:\/\/progettotouring.it\/radiotouring104\/\",\"logo\":{\"@type\":\"ImageObject\",\"inLanguage\":\"it-IT\",\"@id\":\"https:\/\/progettotouring.it\/radiotouring104\/#\/schema\/logo\/image\/\",\"url\":\"https:\/\/progettotouring.it\/radiotouring104\/wp-content\/uploads\/sites\/6\/2022\/02\/cropped-logo-radio-touring-104.png\",\"contentUrl\":\"https:\/\/progettotouring.it\/radiotouring104\/wp-content\/uploads\/sites\/6\/2022\/02\/cropped-logo-radio-touring-104.png\",\"width\":377,\"height\":182,\"caption\":\"Radio Touring 104\"},\"image\":{\"@id\":\"https:\/\/progettotouring.it\/radiotouring104\/#\/schema\/logo\/image\/\"}},{\"@type\":\"Person\",\"@id\":\"https:\/\/progettotouring.it\/radiotouring104\/#\/schema\/person\/4a82259ca52ac8702ad1a8f9e5a3120b\",\"name\":\"Filippo Francesco Idone\",\"image\":{\"@type\":\"ImageObject\",\"inLanguage\":\"it-IT\",\"@id\":\"https:\/\/secure.gravatar.com\/avatar\/7268715d2366395c3dd314385670e6484117d44f5c442e61e230f7008b7b62d3?s=96&d=mm&r=g\",\"url\":\"https:\/\/secure.gravatar.com\/avatar\/7268715d2366395c3dd314385670e6484117d44f5c442e61e230f7008b7b62d3?s=96&d=mm&r=g\",\"contentUrl\":\"https:\/\/secure.gravatar.com\/avatar\/7268715d2366395c3dd314385670e6484117d44f5c442e61e230f7008b7b62d3?s=96&d=mm&r=g\",\"caption\":\"Filippo Francesco Idone\"},\"url\":\"https:\/\/progettotouring.it\/radiotouring104\/author\/filippoidone\/\"}]}<\/script>\n<!-- \/ Yoast SEO plugin. -->","yoast_head_json":{"title":"Telethon giunge anche in Calabria: diretta Rai da Cir\u00f2 Marina","description":"A Cir\u00f2 Marina la Rai si collegher\u00e0 alle 14.30 per la Maratona Telethon. Piazza Diaz sar\u00e0 teatro della lodevole iniziativa per la Calabria","robots":{"index":"index","follow":"follow","max-snippet":"max-snippet:-1","max-image-preview":"max-image-preview:large","max-video-preview":"max-video-preview:-1"},"canonical":"https:\/\/progettotouring.it\/radiotouring104\/2022\/12\/15\/telethon-giunge-anche-in-calabria-domani-diretta-rai-da-ciro-marina\/","og_locale":"it_IT","og_type":"article","og_title":"Telethon giunge anche in Calabria: diretta Rai da Cir\u00f2 Marina","og_description":"A Cir\u00f2 Marina la Rai si collegher\u00e0 alle 14.30 per la Maratona Telethon. Piazza Diaz sar\u00e0 teatro della lodevole iniziativa per la Calabria","og_url":"https:\/\/progettotouring.it\/radiotouring104\/2022\/12\/15\/telethon-giunge-anche-in-calabria-domani-diretta-rai-da-ciro-marina\/","og_site_name":"Radio Touring 104","article_published_time":"2022-12-15T14:17:35+00:00","article_modified_time":"2022-12-15T15:22:52+00:00","og_image":[{"width":1287,"height":537,"url":"https:\/\/progettotouring.it\/radiotouring104\/wp-content\/uploads\/sites\/6\/2022\/12\/telethon-21.jpg","type":"image\/jpeg"}],"author":"Filippo Francesco Idone","twitter_card":"summary_large_image","twitter_misc":{"Scritto da":"Filippo Francesco Idone","Tempo di lettura stimato":"2 minuti"},"schema":{"@context":"https:\/\/schema.org","@graph":[{"@type":"Article","@id":"https:\/\/progettotouring.it\/radiotouring104\/2022\/12\/15\/telethon-giunge-anche-in-calabria-domani-diretta-rai-da-ciro-marina\/#article","isPartOf":{"@id":"https:\/\/progettotouring.it\/radiotouring104\/2022\/12\/15\/telethon-giunge-anche-in-calabria-domani-diretta-rai-da-ciro-marina\/"},"author":{"name":"Filippo Francesco Idone","@id":"https:\/\/progettotouring.it\/radiotouring104\/#\/schema\/person\/4a82259ca52ac8702ad1a8f9e5a3120b"},"headline":"Telethon giunge anche in Calabria: domani diretta Rai da Cir\u00f2 Marina","datePublished":"2022-12-15T14:17:35+00:00","dateModified":"2022-12-15T15:22:52+00:00","mainEntityOfPage":{"@id":"https:\/\/progettotouring.it\/radiotouring104\/2022\/12\/15\/telethon-giunge-anche-in-calabria-domani-diretta-rai-da-ciro-marina\/"},"wordCount":352,"commentCount":0,"publisher":{"@id":"https:\/\/progettotouring.it\/radiotouring104\/#organization"},"image":{"@id":"https:\/\/progettotouring.it\/radiotouring104\/2022\/12\/15\/telethon-giunge-anche-in-calabria-domani-diretta-rai-da-ciro-marina\/#primaryimage"},"thumbnailUrl":"https:\/\/progettotouring.it\/radiotouring104\/wp-content\/uploads\/sites\/6\/2022\/12\/telethon-21.jpg","keywords":["Associazioni locali","Avis","ra1 calabria sona","Unpli Calabria"],"articleSection":["Calabria","Home","News"],"inLanguage":"it-IT","potentialAction":[{"@type":"CommentAction","name":"Comment","target":["https:\/\/progettotouring.it\/radiotouring104\/2022\/12\/15\/telethon-giunge-anche-in-calabria-domani-diretta-rai-da-ciro-marina\/#respond"]}]},{"@type":"WebPage","@id":"https:\/\/progettotouring.it\/radiotouring104\/2022\/12\/15\/telethon-giunge-anche-in-calabria-domani-diretta-rai-da-ciro-marina\/","url":"https:\/\/progettotouring.it\/radiotouring104\/2022\/12\/15\/telethon-giunge-anche-in-calabria-domani-diretta-rai-da-ciro-marina\/","name":"Telethon giunge anche in Calabria: diretta Rai da Cir\u00f2 Marina","isPartOf":{"@id":"https:\/\/progettotouring.it\/radiotouring104\/#website"},"primaryImageOfPage":{"@id":"https:\/\/progettotouring.it\/radiotouring104\/2022\/12\/15\/telethon-giunge-anche-in-calabria-domani-diretta-rai-da-ciro-marina\/#primaryimage"},"image":{"@id":"https:\/\/progettotouring.it\/radiotouring104\/2022\/12\/15\/telethon-giunge-anche-in-calabria-domani-diretta-rai-da-ciro-marina\/#primaryimage"},"thumbnailUrl":"https:\/\/progettotouring.it\/radiotouring104\/wp-content\/uploads\/sites\/6\/2022\/12\/telethon-21.jpg","datePublished":"2022-12-15T14:17:35+00:00","dateModified":"2022-12-15T15:22:52+00:00","description":"A Cir\u00f2 Marina la Rai si collegher\u00e0 alle 14.30 per la Maratona Telethon. Piazza Diaz sar\u00e0 teatro della lodevole iniziativa per la Calabria","breadcrumb":{"@id":"https:\/\/progettotouring.it\/radiotouring104\/2022\/12\/15\/telethon-giunge-anche-in-calabria-domani-diretta-rai-da-ciro-marina\/#breadcrumb"},"inLanguage":"it-IT","potentialAction":[{"@type":"ReadAction","target":["https:\/\/progettotouring.it\/radiotouring104\/2022\/12\/15\/telethon-giunge-anche-in-calabria-domani-diretta-rai-da-ciro-marina\/"]}]},{"@type":"ImageObject","inLanguage":"it-IT","@id":"https:\/\/progettotouring.it\/radiotouring104\/2022\/12\/15\/telethon-giunge-anche-in-calabria-domani-diretta-rai-da-ciro-marina\/#primaryimage","url":"https:\/\/progettotouring.it\/radiotouring104\/wp-content\/uploads\/sites\/6\/2022\/12\/telethon-21.jpg","contentUrl":"https:\/\/progettotouring.it\/radiotouring104\/wp-content\/uploads\/sites\/6\/2022\/12\/telethon-21.jpg","width":1287,"height":537},{"@type":"BreadcrumbList","@id":"https:\/\/progettotouring.it\/radiotouring104\/2022\/12\/15\/telethon-giunge-anche-in-calabria-domani-diretta-rai-da-ciro-marina\/#breadcrumb","itemListElement":[{"@type":"ListItem","position":1,"name":"Home","item":"https:\/\/progettotouring.it\/radiotouring104\/"},{"@type":"ListItem","position":2,"name":"Telethon giunge anche in Calabria: domani diretta Rai da Cir\u00f2 Marina"}]},{"@type":"WebSite","@id":"https:\/\/progettotouring.it\/radiotouring104\/#website","url":"https:\/\/progettotouring.it\/radiotouring104\/","name":"Radio Touring 104","description":"La prima radio Reggina","publisher":{"@id":"https:\/\/progettotouring.it\/radiotouring104\/#organization"},"potentialAction":[{"@type":"SearchAction","target":{"@type":"EntryPoint","urlTemplate":"https:\/\/progettotouring.it\/radiotouring104\/?s={search_term_string}"},"query-input":{"@type":"PropertyValueSpecification","valueRequired":true,"valueName":"search_term_string"}}],"inLanguage":"it-IT"},{"@type":"Organization","@id":"https:\/\/progettotouring.it\/radiotouring104\/#organization","name":"Radio Touring 104","url":"https:\/\/progettotouring.it\/radiotouring104\/","logo":{"@type":"ImageObject","inLanguage":"it-IT","@id":"https:\/\/progettotouring.it\/radiotouring104\/#\/schema\/logo\/image\/","url":"https:\/\/progettotouring.it\/radiotouring104\/wp-content\/uploads\/sites\/6\/2022\/02\/cropped-logo-radio-touring-104.png","contentUrl":"https:\/\/progettotouring.it\/radiotouring104\/wp-content\/uploads\/sites\/6\/2022\/02\/cropped-logo-radio-touring-104.png","width":377,"height":182,"caption":"Radio Touring 104"},"image":{"@id":"https:\/\/progettotouring.it\/radiotouring104\/#\/schema\/logo\/image\/"}},{"@type":"Person","@id":"https:\/\/progettotouring.it\/radiotouring104\/#\/schema\/person\/4a82259ca52ac8702ad1a8f9e5a3120b","name":"Filippo Francesco Idone","image":{"@type":"ImageObject","inLanguage":"it-IT","@id":"https:\/\/secure.gravatar.com\/avatar\/7268715d2366395c3dd314385670e6484117d44f5c442e61e230f7008b7b62d3?s=96&d=mm&r=g","url":"https:\/\/secure.gravatar.com\/avatar\/7268715d2366395c3dd314385670e6484117d44f5c442e61e230f7008b7b62d3?s=96&d=mm&r=g","contentUrl":"https:\/\/secure.gravatar.com\/avatar\/7268715d2366395c3dd314385670e6484117d44f5c442e61e230f7008b7b62d3?s=96&d=mm&r=g","caption":"Filippo Francesco Idone"},"url":"https:\/\/progettotouring.it\/radiotouring104\/author\/filippoidone\/"}]}},"jetpack_publicize_connections":[],"jetpack_featured_media_url":"https:\/\/progettotouring.it\/radiotouring104\/wp-content\/uploads\/sites\/6\/2022\/12\/telethon-21.jpg","jetpack_sharing_enabled":true,"_links":{"self":[{"href":"https:\/\/progettotouring.it\/radiotouring104\/wp-json\/wp\/v2\/posts\/14861","targetHints":{"allow":["GET"]}}],"collection":[{"href":"https:\/\/progettotouring.it\/radiotouring104\/wp-json\/wp\/v2\/posts"}],"about":[{"href":"https:\/\/progettotouring.it\/radiotouring104\/wp-json\/wp\/v2\/types\/post"}],"author":[{"embeddable":true,"href":"https:\/\/progettotouring.it\/radiotouring104\/wp-json\/wp\/v2\/users\/8"}],"replies":[{"embeddable":true,"href":"https:\/\/progettotouring.it\/radiotouring104\/wp-json\/wp\/v2\/comments?post=14861"}],"version-history":[{"count":1,"href":"https:\/\/progettotouring.it\/radiotouring104\/wp-json\/wp\/v2\/posts\/14861\/revisions"}],"predecessor-version":[{"id":14863,"href":"https:\/\/progettotouring.it\/radiotouring104\/wp-json\/wp\/v2\/posts\/14861\/revisions\/14863"}],"wp:featuredmedia":[{"embeddable":true,"href":"https:\/\/progettotouring.it\/radiotouring104\/wp-json\/wp\/v2\/media\/14862"}],"wp:attachment":[{"href":"https:\/\/progettotouring.it\/radiotouring104\/wp-json\/wp\/v2\/media?parent=14861"}],"wp:term":[{"taxonomy":"category","embeddable":true,"href":"https:\/\/progettotouring.it\/radiotouring104\/wp-json\/wp\/v2\/categories?post=14861"},{"taxonomy":"post_tag","embeddable":true,"href":"https:\/\/progettotouring.it\/radiotouring104\/wp-json\/wp\/v2\/tags?post=14861"}],"curies":[{"name":"wp","href":"https:\/\/api.w.org\/{rel}","templated":true}]}}