{"id":15190,"date":"2022-12-20T11:10:37","date_gmt":"2022-12-20T10:10:37","guid":{"rendered":"https:\/\/progettotouring.it\/radiotouring104\/?p=15190"},"modified":"2022-12-20T11:10:54","modified_gmt":"2022-12-20T10:10:54","slug":"a-bagnara-calabra-il-consiglio-generale-della-fai-cisl-calabria","status":"publish","type":"post","link":"https:\/\/progettotouring.it\/radiotouring104\/2022\/12\/20\/a-bagnara-calabra-il-consiglio-generale-della-fai-cisl-calabria\/","title":{"rendered":"A Bagnara Calabra il Consiglio Generale della Fai Cisl Calabria."},"content":{"rendered":"<p>Si \u00e8 svolto questo pomeriggio, presso il \u201cGrand Hotel Victoria\u201d nella localit\u00e0 marinara di Bagnara Calabra (Rc), il Consiglio Generale della Fai Cisl Calabria.<\/p>\n<p>I lavori si sono aperti con la relazione del Segretario Generale della Fai regionale Michele Sapia che ha rivolto gli auguri di buon lavoro alla Segreteria della Fai Cisl di Reggio Calabria per l\u2019elezione di Antonino Zema a Segretario Generale &#8211; prende il posto di Romolo Piscioneri, attualmente Segretario Generale della Cisl di Reggio Calabria \u2013 e Elena Murdica e Francesco Ferraro quali componenti di Segreteria.<\/p>\n<p>\u00abOggi \u00e8 una importante opportunit\u00e0 \u2013 ha dichiarato Sapia &#8211; per socializzare il bilancio consuntivo del lavoro svolto assieme in quest\u2019anno difficile segnato da violenze, crisi e pandemia, proiettandoci nelle prossime sfide e attivit\u00e0. Ribadiamo come anche in occasione dell\u2019attuale Legge di stabilit\u00e0, la nostra Confederazione ha scelto la strada della responsabilit\u00e0 e del dialogo. Una Manovra che \u00e8 necessario migliorare e per cui, insieme alla Federazione nazionale, abbiamo chiesto che vengano riconfermate le risorse statali per il settore forestale calabrese. La Calabria, che potremmo definire \u201cterritorio green\u201d per molteplici aspetti, necessita di pi\u00f9 consapevolezza, programmazione e nuove prospettive considerato l\u2019elevato disagio sociale e perenne allerta rossa per maltempo. Per queste ragioni ribadiamo che definire un Piano straordinario di prevenzione e manutenzione del territorio, rimboschimento delle aree interne e ammodernamento delle infrastrutture irrigue \u00e8 strategico per favorire in Calabria il benessere ambientale, occupazionale e sociale. Ma occorre un immediato ricambio generazionale del lavoro forestale e della bonifica.<\/p>\n<p>Sulla riforma del sistema consortile regionale riteniamo fondamentale tener conto della coerenza idrografica e delle diverse agricolture calabresi.<\/p>\n<p>Il confronto, la contrattazione e la partecipazione sono la strada maestra per fare sindacato, per tutelare i lavoratori e le loro famiglie, con responsabilit\u00e0 facendo rete e sostenendo proposte per il lavoro di qualit\u00e0 e la sicurezza, che in agricoltura, nella zootecnia, industria alimentare e pesca si traduce in produzioni di qualit\u00e0\u00bb.<\/p>\n<p>Il Segretario Generale della Fai Cisl nazionale Onofrio Rota ha dichiarato: \u00abLa nostra Federazione \u00e8 al fianco della Cisl nel leggere luci e ombre della Manovra del Governo, senza pregiudizi. Abbiamo riconosciuto tanti aspetti in linea con le richieste del sindacato, come il potenziamento dell\u2019assegno unico, l\u2019estensione degli sconti in bolletta, la detassazione degli accordi di produttivit\u00e0, la riduzione del cuneo sul lato lavoro, la decontribuzione per le stabilizzazioni e le assunzioni di giovani, o il miglioramento dei congedi parentali, per\u00f2 vogliamo stare nei tavoli di confronto e batterci per migliorare le cose che non vanno, a cominciare dall\u2019estensione dei voucher anche in agricoltura: questo strumento va lasciato per il lavoro accessorio di studenti e pensionati, mentre al resto dei lavoratori stagionali deve essere applicato il contratto, che gi\u00e0 garantisce ampia flessibilit\u00e0 alle imprese ma prevede tutele imprescindibili su formazione, maternit\u00e0, welfare, previdenza, malattia. Altro aspetto fondamentale, \u00e8 il finanziamento della forestazione calabrese: ci stiamo battendo per un emendamento che corra ai ripari, perch\u00e9 il comparto in regione \u00e8 passato dai 130 milioni del 2017 ai 10 milioni previsti dal Pnrr sul 2023, e non \u00e8 possibile cos\u00ec prevenire il dissesto idrogeologico n\u00e9 tutelare foreste e aree interne. Infine, a livello pi\u00f9 generale \u2013 ha concluso il leader della Fai Cisl nazionale \u2013 chiediamo pi\u00f9 impegno sulle politiche per il Mezzogiorno: si rischia di tornare in recessione, invece possiamo e dobbiamo evitarlo con pi\u00f9 investimenti sulle infrastrutture, sui servizi, sull\u2019occupazione dei giovani, sulle fonti energetiche, pi\u00f9 efficienza nella gestione del Pnrr, e una lotta serrata al lavoro nero e alle agromafie che incentivano la concorrenza sleale\u00bb.<\/p>\n<p>Ha concluso i lavori del Consiglio Generale il Segretario Generale dell\u2019Usr Cisl Tonino Russo: \u00abNell\u2019Assemblea dei delegati e dei pensionati, svolta lo scorso 15 dicembre a Roma, la Cisl guidata dal Segretario Generale Luigi Sbarra, ha indicato un pacchetto di proposte migliorative, attraverso un percorso di corresponsabilit\u00e0 che guardi oltre la Legge di Bilancio e dia forma a un \u201cprogetto Paese\u201d qualificato su investimenti e riforme.<\/p>\n<p>Nella nostra regione ci sono 300mila famiglie sulla soglia o oltre la soglia della povert\u00e0. Come calabresi dobbiamo pretendere gli stessi livelli essenziali delle prestazioni in tutto il Paese: sanit\u00e0, infrastrutture, collegamenti, servizi. Proseguiamo, l\u2019interlocuzione avviata con la Giunta regionale, per dare risposte alle attese e alle necessit\u00e0 della Calabria, dei disoccupati, dei precari, dei lavoratori, delle famiglie\u00bb.<\/p>\n","protected":false},"excerpt":{"rendered":"<p>Si \u00e8 svolto questo pomeriggio, presso il \u201cGrand Hotel Victoria\u201d nella localit\u00e0 marinara di Bagnara Calabra (Rc), il Consiglio Generale della Fai Cisl Calabria. I lavori si sono aperti con&hellip;<\/p>\n","protected":false},"author":12,"featured_media":15191,"comment_status":"open","ping_status":"open","sticky":false,"template":"","format":"standard","meta":{"_jetpack_memberships_contains_paid_content":false,"footnotes":"","jetpack_publicize_message":"","jetpack_publicize_feature_enabled":true,"jetpack_social_post_already_shared":false,"jetpack_social_options":{"image_generator_settings":{"template":"highway","default_image_id":0,"font":"","enabled":false},"version":2}},"categories":[921,196,140],"tags":[7540,755,7541,7543,7542],"class_list":["post-15190","post","type-post","status-publish","format-standard","has-post-thumbnail","hentry","category-home","category-news","category-reggio-calabria","tag-grand-hotel-victoria","tag-bagnara-calabra","tag-consiglio-generale-della-fai-cisl-calabria","tag-elezione-di-antonino-zema-a-segretario-generale","tag-segretario-generale-della-fai-regionale-michele-sapia"],"yoast_head":"<!-- This site is optimized with the Yoast SEO plugin v27.2 - https:\/\/yoast.com\/product\/yoast-seo-wordpress\/ -->\n<title>A Bagnara Calabra il Consiglio Generale della Fai Cisl Calabria.<\/title>\n<meta name=\"description\" content=\"Svolto ieri pomeriggio, al \u201cGrand Hotel Victoria\u201d di Bagnara Calabra, il Consiglio Generale della Fai Cisl Calabria.\" \/>\n<meta name=\"robots\" content=\"index, follow, max-snippet:-1, max-image-preview:large, max-video-preview:-1\" \/>\n<link rel=\"canonical\" href=\"https:\/\/progettotouring.it\/radiotouring104\/2022\/12\/20\/a-bagnara-calabra-il-consiglio-generale-della-fai-cisl-calabria\/\" \/>\n<meta property=\"og:locale\" content=\"it_IT\" \/>\n<meta property=\"og:type\" content=\"article\" \/>\n<meta property=\"og:title\" content=\"A Bagnara Calabra il Consiglio Generale della Fai Cisl Calabria.\" \/>\n<meta property=\"og:description\" content=\"Svolto ieri pomeriggio, al \u201cGrand Hotel Victoria\u201d di Bagnara Calabra, il Consiglio Generale della Fai Cisl Calabria.\" \/>\n<meta property=\"og:url\" content=\"https:\/\/progettotouring.it\/radiotouring104\/2022\/12\/20\/a-bagnara-calabra-il-consiglio-generale-della-fai-cisl-calabria\/\" \/>\n<meta property=\"og:site_name\" content=\"Radio Touring 104\" \/>\n<meta property=\"article:published_time\" content=\"2022-12-20T10:10:37+00:00\" \/>\n<meta property=\"article:modified_time\" content=\"2022-12-20T10:10:54+00:00\" \/>\n<meta property=\"og:image\" content=\"https:\/\/progettotouring.it\/radiotouring104\/wp-content\/uploads\/sites\/6\/2022\/12\/Presidenza-CISL-scaled.jpg\" \/>\n\t<meta property=\"og:image:width\" content=\"2560\" \/>\n\t<meta property=\"og:image:height\" content=\"1634\" \/>\n\t<meta property=\"og:image:type\" content=\"image\/jpeg\" \/>\n<meta name=\"author\" content=\"Sebastiano Plutino\" \/>\n<meta name=\"twitter:card\" content=\"summary_large_image\" \/>\n<meta name=\"twitter:label1\" content=\"Scritto da\" \/>\n\t<meta name=\"twitter:data1\" content=\"Sebastiano Plutino\" \/>\n\t<meta name=\"twitter:label2\" content=\"Tempo di lettura stimato\" \/>\n\t<meta name=\"twitter:data2\" content=\"4 minuti\" \/>\n<script type=\"application\/ld+json\" class=\"yoast-schema-graph\">{\"@context\":\"https:\/\/schema.org\",\"@graph\":[{\"@type\":\"Article\",\"@id\":\"https:\/\/progettotouring.it\/radiotouring104\/2022\/12\/20\/a-bagnara-calabra-il-consiglio-generale-della-fai-cisl-calabria\/#article\",\"isPartOf\":{\"@id\":\"https:\/\/progettotouring.it\/radiotouring104\/2022\/12\/20\/a-bagnara-calabra-il-consiglio-generale-della-fai-cisl-calabria\/\"},\"author\":{\"name\":\"Sebastiano Plutino\",\"@id\":\"https:\/\/progettotouring.it\/radiotouring104\/#\/schema\/person\/78613917f1851f041f7483f5af1d422e\"},\"headline\":\"A Bagnara Calabra il Consiglio Generale della Fai Cisl Calabria.\",\"datePublished\":\"2022-12-20T10:10:37+00:00\",\"dateModified\":\"2022-12-20T10:10:54+00:00\",\"mainEntityOfPage\":{\"@id\":\"https:\/\/progettotouring.it\/radiotouring104\/2022\/12\/20\/a-bagnara-calabra-il-consiglio-generale-della-fai-cisl-calabria\/\"},\"wordCount\":711,\"commentCount\":0,\"publisher\":{\"@id\":\"https:\/\/progettotouring.it\/radiotouring104\/#organization\"},\"image\":{\"@id\":\"https:\/\/progettotouring.it\/radiotouring104\/2022\/12\/20\/a-bagnara-calabra-il-consiglio-generale-della-fai-cisl-calabria\/#primaryimage\"},\"thumbnailUrl\":\"https:\/\/progettotouring.it\/radiotouring104\/wp-content\/uploads\/sites\/6\/2022\/12\/Presidenza-CISL-scaled.jpg\",\"keywords\":[\"\\\"Grand Hotel Victoria\u201d\",\"Bagnara Calabra\",\"Consiglio Generale della Fai Cisl Calabria.\",\"elezione di Antonino Zema a Segretario Generale\",\"Segretario Generale della Fai regionale Michele Sapia\"],\"articleSection\":[\"Home\",\"News\",\"Reggio Calabria\"],\"inLanguage\":\"it-IT\",\"potentialAction\":[{\"@type\":\"CommentAction\",\"name\":\"Comment\",\"target\":[\"https:\/\/progettotouring.it\/radiotouring104\/2022\/12\/20\/a-bagnara-calabra-il-consiglio-generale-della-fai-cisl-calabria\/#respond\"]}]},{\"@type\":\"WebPage\",\"@id\":\"https:\/\/progettotouring.it\/radiotouring104\/2022\/12\/20\/a-bagnara-calabra-il-consiglio-generale-della-fai-cisl-calabria\/\",\"url\":\"https:\/\/progettotouring.it\/radiotouring104\/2022\/12\/20\/a-bagnara-calabra-il-consiglio-generale-della-fai-cisl-calabria\/\",\"name\":\"A Bagnara Calabra il Consiglio Generale della Fai Cisl Calabria.\",\"isPartOf\":{\"@id\":\"https:\/\/progettotouring.it\/radiotouring104\/#website\"},\"primaryImageOfPage\":{\"@id\":\"https:\/\/progettotouring.it\/radiotouring104\/2022\/12\/20\/a-bagnara-calabra-il-consiglio-generale-della-fai-cisl-calabria\/#primaryimage\"},\"image\":{\"@id\":\"https:\/\/progettotouring.it\/radiotouring104\/2022\/12\/20\/a-bagnara-calabra-il-consiglio-generale-della-fai-cisl-calabria\/#primaryimage\"},\"thumbnailUrl\":\"https:\/\/progettotouring.it\/radiotouring104\/wp-content\/uploads\/sites\/6\/2022\/12\/Presidenza-CISL-scaled.jpg\",\"datePublished\":\"2022-12-20T10:10:37+00:00\",\"dateModified\":\"2022-12-20T10:10:54+00:00\",\"description\":\"Svolto ieri pomeriggio, al \u201cGrand Hotel Victoria\u201d di Bagnara Calabra, il Consiglio Generale della Fai Cisl Calabria.\",\"breadcrumb\":{\"@id\":\"https:\/\/progettotouring.it\/radiotouring104\/2022\/12\/20\/a-bagnara-calabra-il-consiglio-generale-della-fai-cisl-calabria\/#breadcrumb\"},\"inLanguage\":\"it-IT\",\"potentialAction\":[{\"@type\":\"ReadAction\",\"target\":[\"https:\/\/progettotouring.it\/radiotouring104\/2022\/12\/20\/a-bagnara-calabra-il-consiglio-generale-della-fai-cisl-calabria\/\"]}]},{\"@type\":\"ImageObject\",\"inLanguage\":\"it-IT\",\"@id\":\"https:\/\/progettotouring.it\/radiotouring104\/2022\/12\/20\/a-bagnara-calabra-il-consiglio-generale-della-fai-cisl-calabria\/#primaryimage\",\"url\":\"https:\/\/progettotouring.it\/radiotouring104\/wp-content\/uploads\/sites\/6\/2022\/12\/Presidenza-CISL-scaled.jpg\",\"contentUrl\":\"https:\/\/progettotouring.it\/radiotouring104\/wp-content\/uploads\/sites\/6\/2022\/12\/Presidenza-CISL-scaled.jpg\",\"width\":2560,\"height\":1634},{\"@type\":\"BreadcrumbList\",\"@id\":\"https:\/\/progettotouring.it\/radiotouring104\/2022\/12\/20\/a-bagnara-calabra-il-consiglio-generale-della-fai-cisl-calabria\/#breadcrumb\",\"itemListElement\":[{\"@type\":\"ListItem\",\"position\":1,\"name\":\"Home\",\"item\":\"https:\/\/progettotouring.it\/radiotouring104\/\"},{\"@type\":\"ListItem\",\"position\":2,\"name\":\"A Bagnara Calabra il Consiglio Generale della Fai Cisl Calabria.\"}]},{\"@type\":\"WebSite\",\"@id\":\"https:\/\/progettotouring.it\/radiotouring104\/#website\",\"url\":\"https:\/\/progettotouring.it\/radiotouring104\/\",\"name\":\"Radio Touring 104\",\"description\":\"La prima radio Reggina\",\"publisher\":{\"@id\":\"https:\/\/progettotouring.it\/radiotouring104\/#organization\"},\"potentialAction\":[{\"@type\":\"SearchAction\",\"target\":{\"@type\":\"EntryPoint\",\"urlTemplate\":\"https:\/\/progettotouring.it\/radiotouring104\/?s={search_term_string}\"},\"query-input\":{\"@type\":\"PropertyValueSpecification\",\"valueRequired\":true,\"valueName\":\"search_term_string\"}}],\"inLanguage\":\"it-IT\"},{\"@type\":\"Organization\",\"@id\":\"https:\/\/progettotouring.it\/radiotouring104\/#organization\",\"name\":\"Radio Touring 104\",\"url\":\"https:\/\/progettotouring.it\/radiotouring104\/\",\"logo\":{\"@type\":\"ImageObject\",\"inLanguage\":\"it-IT\",\"@id\":\"https:\/\/progettotouring.it\/radiotouring104\/#\/schema\/logo\/image\/\",\"url\":\"https:\/\/progettotouring.it\/radiotouring104\/wp-content\/uploads\/sites\/6\/2022\/02\/cropped-logo-radio-touring-104.png\",\"contentUrl\":\"https:\/\/progettotouring.it\/radiotouring104\/wp-content\/uploads\/sites\/6\/2022\/02\/cropped-logo-radio-touring-104.png\",\"width\":377,\"height\":182,\"caption\":\"Radio Touring 104\"},\"image\":{\"@id\":\"https:\/\/progettotouring.it\/radiotouring104\/#\/schema\/logo\/image\/\"}},{\"@type\":\"Person\",\"@id\":\"https:\/\/progettotouring.it\/radiotouring104\/#\/schema\/person\/78613917f1851f041f7483f5af1d422e\",\"name\":\"Sebastiano Plutino\",\"image\":{\"@type\":\"ImageObject\",\"inLanguage\":\"it-IT\",\"@id\":\"https:\/\/secure.gravatar.com\/avatar\/0546ffaa9b79224faf9f2a156b67a529ae861d3287c66c1d8ccfdf909bcba78d?s=96&d=mm&r=g\",\"url\":\"https:\/\/secure.gravatar.com\/avatar\/0546ffaa9b79224faf9f2a156b67a529ae861d3287c66c1d8ccfdf909bcba78d?s=96&d=mm&r=g\",\"contentUrl\":\"https:\/\/secure.gravatar.com\/avatar\/0546ffaa9b79224faf9f2a156b67a529ae861d3287c66c1d8ccfdf909bcba78d?s=96&d=mm&r=g\",\"caption\":\"Sebastiano Plutino\"},\"url\":\"https:\/\/progettotouring.it\/radiotouring104\/author\/sebastiano\/\"}]}<\/script>\n<!-- \/ Yoast SEO plugin. -->","yoast_head_json":{"title":"A Bagnara Calabra il Consiglio Generale della Fai Cisl Calabria.","description":"Svolto ieri pomeriggio, al \u201cGrand Hotel Victoria\u201d di Bagnara Calabra, il Consiglio Generale della Fai Cisl Calabria.","robots":{"index":"index","follow":"follow","max-snippet":"max-snippet:-1","max-image-preview":"max-image-preview:large","max-video-preview":"max-video-preview:-1"},"canonical":"https:\/\/progettotouring.it\/radiotouring104\/2022\/12\/20\/a-bagnara-calabra-il-consiglio-generale-della-fai-cisl-calabria\/","og_locale":"it_IT","og_type":"article","og_title":"A Bagnara Calabra il Consiglio Generale della Fai Cisl Calabria.","og_description":"Svolto ieri pomeriggio, al \u201cGrand Hotel Victoria\u201d di Bagnara Calabra, il Consiglio Generale della Fai Cisl Calabria.","og_url":"https:\/\/progettotouring.it\/radiotouring104\/2022\/12\/20\/a-bagnara-calabra-il-consiglio-generale-della-fai-cisl-calabria\/","og_site_name":"Radio Touring 104","article_published_time":"2022-12-20T10:10:37+00:00","article_modified_time":"2022-12-20T10:10:54+00:00","og_image":[{"width":2560,"height":1634,"url":"https:\/\/progettotouring.it\/radiotouring104\/wp-content\/uploads\/sites\/6\/2022\/12\/Presidenza-CISL-scaled.jpg","type":"image\/jpeg"}],"author":"Sebastiano Plutino","twitter_card":"summary_large_image","twitter_misc":{"Scritto da":"Sebastiano Plutino","Tempo di lettura stimato":"4 minuti"},"schema":{"@context":"https:\/\/schema.org","@graph":[{"@type":"Article","@id":"https:\/\/progettotouring.it\/radiotouring104\/2022\/12\/20\/a-bagnara-calabra-il-consiglio-generale-della-fai-cisl-calabria\/#article","isPartOf":{"@id":"https:\/\/progettotouring.it\/radiotouring104\/2022\/12\/20\/a-bagnara-calabra-il-consiglio-generale-della-fai-cisl-calabria\/"},"author":{"name":"Sebastiano Plutino","@id":"https:\/\/progettotouring.it\/radiotouring104\/#\/schema\/person\/78613917f1851f041f7483f5af1d422e"},"headline":"A Bagnara Calabra il Consiglio Generale della Fai Cisl Calabria.","datePublished":"2022-12-20T10:10:37+00:00","dateModified":"2022-12-20T10:10:54+00:00","mainEntityOfPage":{"@id":"https:\/\/progettotouring.it\/radiotouring104\/2022\/12\/20\/a-bagnara-calabra-il-consiglio-generale-della-fai-cisl-calabria\/"},"wordCount":711,"commentCount":0,"publisher":{"@id":"https:\/\/progettotouring.it\/radiotouring104\/#organization"},"image":{"@id":"https:\/\/progettotouring.it\/radiotouring104\/2022\/12\/20\/a-bagnara-calabra-il-consiglio-generale-della-fai-cisl-calabria\/#primaryimage"},"thumbnailUrl":"https:\/\/progettotouring.it\/radiotouring104\/wp-content\/uploads\/sites\/6\/2022\/12\/Presidenza-CISL-scaled.jpg","keywords":["\"Grand Hotel Victoria\u201d","Bagnara Calabra","Consiglio Generale della Fai Cisl Calabria.","elezione di Antonino Zema a Segretario Generale","Segretario Generale della Fai regionale Michele Sapia"],"articleSection":["Home","News","Reggio Calabria"],"inLanguage":"it-IT","potentialAction":[{"@type":"CommentAction","name":"Comment","target":["https:\/\/progettotouring.it\/radiotouring104\/2022\/12\/20\/a-bagnara-calabra-il-consiglio-generale-della-fai-cisl-calabria\/#respond"]}]},{"@type":"WebPage","@id":"https:\/\/progettotouring.it\/radiotouring104\/2022\/12\/20\/a-bagnara-calabra-il-consiglio-generale-della-fai-cisl-calabria\/","url":"https:\/\/progettotouring.it\/radiotouring104\/2022\/12\/20\/a-bagnara-calabra-il-consiglio-generale-della-fai-cisl-calabria\/","name":"A Bagnara Calabra il Consiglio Generale della Fai Cisl Calabria.","isPartOf":{"@id":"https:\/\/progettotouring.it\/radiotouring104\/#website"},"primaryImageOfPage":{"@id":"https:\/\/progettotouring.it\/radiotouring104\/2022\/12\/20\/a-bagnara-calabra-il-consiglio-generale-della-fai-cisl-calabria\/#primaryimage"},"image":{"@id":"https:\/\/progettotouring.it\/radiotouring104\/2022\/12\/20\/a-bagnara-calabra-il-consiglio-generale-della-fai-cisl-calabria\/#primaryimage"},"thumbnailUrl":"https:\/\/progettotouring.it\/radiotouring104\/wp-content\/uploads\/sites\/6\/2022\/12\/Presidenza-CISL-scaled.jpg","datePublished":"2022-12-20T10:10:37+00:00","dateModified":"2022-12-20T10:10:54+00:00","description":"Svolto ieri pomeriggio, al \u201cGrand Hotel Victoria\u201d di Bagnara Calabra, il Consiglio Generale della Fai Cisl Calabria.","breadcrumb":{"@id":"https:\/\/progettotouring.it\/radiotouring104\/2022\/12\/20\/a-bagnara-calabra-il-consiglio-generale-della-fai-cisl-calabria\/#breadcrumb"},"inLanguage":"it-IT","potentialAction":[{"@type":"ReadAction","target":["https:\/\/progettotouring.it\/radiotouring104\/2022\/12\/20\/a-bagnara-calabra-il-consiglio-generale-della-fai-cisl-calabria\/"]}]},{"@type":"ImageObject","inLanguage":"it-IT","@id":"https:\/\/progettotouring.it\/radiotouring104\/2022\/12\/20\/a-bagnara-calabra-il-consiglio-generale-della-fai-cisl-calabria\/#primaryimage","url":"https:\/\/progettotouring.it\/radiotouring104\/wp-content\/uploads\/sites\/6\/2022\/12\/Presidenza-CISL-scaled.jpg","contentUrl":"https:\/\/progettotouring.it\/radiotouring104\/wp-content\/uploads\/sites\/6\/2022\/12\/Presidenza-CISL-scaled.jpg","width":2560,"height":1634},{"@type":"BreadcrumbList","@id":"https:\/\/progettotouring.it\/radiotouring104\/2022\/12\/20\/a-bagnara-calabra-il-consiglio-generale-della-fai-cisl-calabria\/#breadcrumb","itemListElement":[{"@type":"ListItem","position":1,"name":"Home","item":"https:\/\/progettotouring.it\/radiotouring104\/"},{"@type":"ListItem","position":2,"name":"A Bagnara Calabra il Consiglio Generale della Fai Cisl Calabria."}]},{"@type":"WebSite","@id":"https:\/\/progettotouring.it\/radiotouring104\/#website","url":"https:\/\/progettotouring.it\/radiotouring104\/","name":"Radio Touring 104","description":"La prima radio Reggina","publisher":{"@id":"https:\/\/progettotouring.it\/radiotouring104\/#organization"},"potentialAction":[{"@type":"SearchAction","target":{"@type":"EntryPoint","urlTemplate":"https:\/\/progettotouring.it\/radiotouring104\/?s={search_term_string}"},"query-input":{"@type":"PropertyValueSpecification","valueRequired":true,"valueName":"search_term_string"}}],"inLanguage":"it-IT"},{"@type":"Organization","@id":"https:\/\/progettotouring.it\/radiotouring104\/#organization","name":"Radio Touring 104","url":"https:\/\/progettotouring.it\/radiotouring104\/","logo":{"@type":"ImageObject","inLanguage":"it-IT","@id":"https:\/\/progettotouring.it\/radiotouring104\/#\/schema\/logo\/image\/","url":"https:\/\/progettotouring.it\/radiotouring104\/wp-content\/uploads\/sites\/6\/2022\/02\/cropped-logo-radio-touring-104.png","contentUrl":"https:\/\/progettotouring.it\/radiotouring104\/wp-content\/uploads\/sites\/6\/2022\/02\/cropped-logo-radio-touring-104.png","width":377,"height":182,"caption":"Radio Touring 104"},"image":{"@id":"https:\/\/progettotouring.it\/radiotouring104\/#\/schema\/logo\/image\/"}},{"@type":"Person","@id":"https:\/\/progettotouring.it\/radiotouring104\/#\/schema\/person\/78613917f1851f041f7483f5af1d422e","name":"Sebastiano Plutino","image":{"@type":"ImageObject","inLanguage":"it-IT","@id":"https:\/\/secure.gravatar.com\/avatar\/0546ffaa9b79224faf9f2a156b67a529ae861d3287c66c1d8ccfdf909bcba78d?s=96&d=mm&r=g","url":"https:\/\/secure.gravatar.com\/avatar\/0546ffaa9b79224faf9f2a156b67a529ae861d3287c66c1d8ccfdf909bcba78d?s=96&d=mm&r=g","contentUrl":"https:\/\/secure.gravatar.com\/avatar\/0546ffaa9b79224faf9f2a156b67a529ae861d3287c66c1d8ccfdf909bcba78d?s=96&d=mm&r=g","caption":"Sebastiano Plutino"},"url":"https:\/\/progettotouring.it\/radiotouring104\/author\/sebastiano\/"}]}},"jetpack_publicize_connections":[],"jetpack_featured_media_url":"https:\/\/progettotouring.it\/radiotouring104\/wp-content\/uploads\/sites\/6\/2022\/12\/Presidenza-CISL-scaled.jpg","jetpack_sharing_enabled":true,"_links":{"self":[{"href":"https:\/\/progettotouring.it\/radiotouring104\/wp-json\/wp\/v2\/posts\/15190","targetHints":{"allow":["GET"]}}],"collection":[{"href":"https:\/\/progettotouring.it\/radiotouring104\/wp-json\/wp\/v2\/posts"}],"about":[{"href":"https:\/\/progettotouring.it\/radiotouring104\/wp-json\/wp\/v2\/types\/post"}],"author":[{"embeddable":true,"href":"https:\/\/progettotouring.it\/radiotouring104\/wp-json\/wp\/v2\/users\/12"}],"replies":[{"embeddable":true,"href":"https:\/\/progettotouring.it\/radiotouring104\/wp-json\/wp\/v2\/comments?post=15190"}],"version-history":[{"count":1,"href":"https:\/\/progettotouring.it\/radiotouring104\/wp-json\/wp\/v2\/posts\/15190\/revisions"}],"predecessor-version":[{"id":15192,"href":"https:\/\/progettotouring.it\/radiotouring104\/wp-json\/wp\/v2\/posts\/15190\/revisions\/15192"}],"wp:featuredmedia":[{"embeddable":true,"href":"https:\/\/progettotouring.it\/radiotouring104\/wp-json\/wp\/v2\/media\/15191"}],"wp:attachment":[{"href":"https:\/\/progettotouring.it\/radiotouring104\/wp-json\/wp\/v2\/media?parent=15190"}],"wp:term":[{"taxonomy":"category","embeddable":true,"href":"https:\/\/progettotouring.it\/radiotouring104\/wp-json\/wp\/v2\/categories?post=15190"},{"taxonomy":"post_tag","embeddable":true,"href":"https:\/\/progettotouring.it\/radiotouring104\/wp-json\/wp\/v2\/tags?post=15190"}],"curies":[{"name":"wp","href":"https:\/\/api.w.org\/{rel}","templated":true}]}}