{"id":15193,"date":"2022-12-20T11:36:08","date_gmt":"2022-12-20T10:36:08","guid":{"rendered":"https:\/\/progettotouring.it\/radiotouring104\/?p=15193"},"modified":"2022-12-20T11:37:27","modified_gmt":"2022-12-20T10:37:27","slug":"le-muse-conferiti-diplomi-a-livoti-e-roccisano","status":"publish","type":"post","link":"https:\/\/progettotouring.it\/radiotouring104\/2022\/12\/20\/le-muse-conferiti-diplomi-a-livoti-e-roccisano\/","title":{"rendered":"Le Muse: conferiti &#8220;diplomi&#8221; a Livoti e Roccisano"},"content":{"rendered":"<p>Per il primo anno l\u2019Associazione \u201cNastro Verde\u201d Sezione Calabria ha istituito e conferito \u201cDiplomi di Benemerenza\u201d a persone che si sono distinte, eccellendo, nel campo culturale, artistico, sociale, militare, religioso a livello regionale. E cos\u00ec nei giorni scorsi presso la Sala Conferenze di Villa Le Rose di Reggio Calabria si \u00e8 tenuta l\u2019importante e solenne cerimonia presieduta dal presidente Ufficiale Cav. Capitano CC Cosimo Sframeli e dal direttivo per la consegna delle onoreficenze.\u00a0 Tra i premiati le figure di Giuseppe Livoti e Federica Roccisano.<\/p>\n<p>Il presidente Sframeli in apertura dei lavori ha ricordato come l\u2019Associazione Nazionale \u201cNastro Verde\u201d \u2013 Decorati Medaglia d\u2019Oro Mauriziana, \u00e8 stata costituita il 14 luglio 1969, e fa parte del Consiglio nazionale permanente delle associazioni Combattentistiche e d\u2019Arma ed \u00e8 iscritta all&#8217;albo del Ministero della Difesa, ai sensi del decreto ministeriale 5 agosto 1982. Lo scopo mantenere il culto dell&#8217;ideale di Patria e di tenere vive le tradizioni delle Forze Armate, incrementare rapporti tra con il personale in servizio e quello in pensione, fornire ai propri iscritti assistenza morale, culturale, ricreativa ed economica, valorizzare l&#8217;onorificenza Mauriziana e tutelarne il prestigio. Tra le attivit\u00e0 quella di creare iniziative editoriali di natura militare, sociale e culturale; interventi nel campo della protezione civile e di mutuo soccorso; iniziative volte a concorrere efficacemente la lotta contro il cancro, l&#8217;A.I.D.S., sia in ambito militare che civile; protezione della natura, dell&#8217;ambiente, del patrimonio artistico e culturale, in collaborazione con gli Enti locali e gli organismi statali. L&#8217;Associazione \u00e8 presente su tutto il territorio nazionale con le sue sezioni che hanno un proprio Presidente ed un proprio Consiglio direttivo, che organizzano le attivit\u00e0 sociali e culturali della sezione di appartenenza. Dunque nell\u2019ambito di questa progettualit\u00e0 rientrano queste premiazioni ovvero un riconoscimento attivo e fattivo non solo a \u2013 personalit\u00e0 del mondo militare- con un diploma alla memoria ma anche un conferimento a chi opera nella societ\u00e0 odierna con passione, tenacia e sacrificio.<\/p>\n<p>A Giuseppe Livoti presidente dell\u2019associazione culturale \u201cLe Muse &#8211; Laboratorio delle Arti e delle Lettere\u201d di Rc, direttore della Pinacoteca Area Grecanica di Bova Marina, docente di discipline artistiche, segretario regionale Adisco Calabria, critico d\u2019arte e giornalista il riconoscimento \u00e8 stato assegnato con la seguente motivazione ovvero \u201cIn territori difficili e complessi prodiga efficaci sostegni culturali per il bene sociale in special modo nella citt\u00e0 metropolitana di Rc affinch\u00e9 non prevalgano scellerate ed inquinanti forze criminali originati dalla C.D. \u201czona grigia\u201d. Encomiabile l\u2019impegno, la competenza e la seriet\u00e0 con cui svolge la delicata missione di \u201ccittadino attivo\u201d per affermare i principi di legalit\u00e0 e giustizia a difesa dei pi\u00f9 fragili, evidenziando un esempio per la gente di Calabria. Ideali e valori perseguiti da questa associazione combattentistica e d\u2019arma. A Federica Roccisano economista, gi\u00e0 assessore al welfare, lavoro e pubblica istruzione della Regione Calabria, accordando collaborazione con Save the Children per contrastare la povert\u00e0 educativa nelle aree pi\u00f9 a rischio ad esclusione sociale il riconoscimento \u00e8 stato assegnato poich\u00e9 con la seguente intitolazione \u201ceclettica professionista attenta ai bisogni del prossimo , con esempio e risolutezza, riesce a esprimere una vibrante tensione ideale, sottolineando ed evidenziando la speranza che la societ\u00e0 civile, attraverso una sua coinvolgente esigenza di riscatto, schiuda un avvenire migliore alle nuove generazioni, scevre da qualsiasi forma di condizionamento. Apprezzabile l\u2019impegno ed il fattivo contributo culturale e sociale profuso anche in territori, caratterizzati da un alto indice di criminalit\u00e0 organizzata di tipo \u2018ndranghetistico, per affermare i principi di legalit\u00e0 e giustizia, valori ed ideali di questa associazione combattentistica e d\u2019arma. Altri riconoscimenti sono stati assegnati in memoria del Luogotenente c. s. dei Carabinieri Antonio Pricoco, in memoria al Maresciallo Maggiore \u201cA\u201d c.s. dei Carabinieri Francesco Oliveri, in memoria al Capitano di Fregata della Marina Militare Domenico Cicco.<\/p>\n<p>Livoti e Roccisano hanno pubblicamente ringraziato il direttivo per la scelta, consapevoli che rimanere in Calabria \u00e8 fondamentale per riportare attraverso la loro attivit\u00e0 e lo spirito di servizio, diverso per esperienza, attivit\u00e0 e ruolo, una promozione valoriale e umana che probabilmente la societ\u00e0 oggi ha dimenticato, attivit\u00e0 non vincolanti ma necessarie per una trasformazione di\u00a0 rinnovo dei territori.<\/p>\n<p>&nbsp;<\/p>\n<p>&nbsp;<\/p>\n<p>&nbsp;<\/p>\n","protected":false},"excerpt":{"rendered":"<p>Per il primo anno l\u2019Associazione \u201cNastro Verde\u201d Sezione Calabria ha istituito e conferito \u201cDiplomi di Benemerenza\u201d a persone che si sono distinte, eccellendo, nel campo culturale, artistico, sociale, militare, religioso&hellip;<\/p>\n","protected":false},"author":12,"featured_media":15194,"comment_status":"open","ping_status":"open","sticky":false,"template":"","format":"standard","meta":{"_jetpack_memberships_contains_paid_content":false,"footnotes":"","jetpack_publicize_message":"","jetpack_publicize_feature_enabled":true,"jetpack_social_post_already_shared":false,"jetpack_social_options":{"image_generator_settings":{"template":"highway","default_image_id":0,"font":"","enabled":false},"version":2}},"categories":[921,196,140],"tags":[7544,7545,5706,4986,7546],"class_list":["post-15193","post","type-post","status-publish","format-standard","has-post-thumbnail","hentry","category-home","category-news","category-reggio-calabria","tag-diplomi-di-benemerenza","tag-federica-roccisano","tag-giuseppe-livoti","tag-le-muse-laboratorio-delle-arti-e-delle-lettere","tag-sala-conferenze-di-villa-le-rose"],"yoast_head":"<!-- This site is optimized with the Yoast SEO plugin v27.2 - https:\/\/yoast.com\/product\/yoast-seo-wordpress\/ -->\n<title>Le Muse: conferiti &quot;diplomi&quot; a Livoti e Roccisano<\/title>\n<meta name=\"description\" content=\"L&#039;Associazione &quot;Nastro Verde&quot; ha istituito e conferito \u201cDiplomi di Benemerenza\u201d, tra i quali Giuseppe Livoti e Federica Roccisano\" \/>\n<meta name=\"robots\" content=\"index, follow, max-snippet:-1, max-image-preview:large, max-video-preview:-1\" \/>\n<link rel=\"canonical\" href=\"https:\/\/progettotouring.it\/radiotouring104\/2022\/12\/20\/le-muse-conferiti-diplomi-a-livoti-e-roccisano\/\" \/>\n<meta property=\"og:locale\" content=\"it_IT\" \/>\n<meta property=\"og:type\" content=\"article\" \/>\n<meta property=\"og:title\" content=\"Le Muse: conferiti &quot;diplomi&quot; a Livoti e Roccisano\" \/>\n<meta property=\"og:description\" content=\"L&#039;Associazione &quot;Nastro Verde&quot; ha istituito e conferito \u201cDiplomi di Benemerenza\u201d, tra i quali Giuseppe Livoti e Federica Roccisano\" \/>\n<meta property=\"og:url\" content=\"https:\/\/progettotouring.it\/radiotouring104\/2022\/12\/20\/le-muse-conferiti-diplomi-a-livoti-e-roccisano\/\" \/>\n<meta property=\"og:site_name\" content=\"Radio Touring 104\" \/>\n<meta property=\"article:published_time\" content=\"2022-12-20T10:36:08+00:00\" \/>\n<meta property=\"article:modified_time\" content=\"2022-12-20T10:37:27+00:00\" \/>\n<meta property=\"og:image\" content=\"https:\/\/progettotouring.it\/radiotouring104\/wp-content\/uploads\/sites\/6\/2022\/12\/livoti-e-roccisano.jpg\" \/>\n\t<meta property=\"og:image:width\" content=\"1015\" \/>\n\t<meta property=\"og:image:height\" content=\"676\" \/>\n\t<meta property=\"og:image:type\" content=\"image\/jpeg\" \/>\n<meta name=\"author\" content=\"Sebastiano Plutino\" \/>\n<meta name=\"twitter:card\" content=\"summary_large_image\" \/>\n<meta name=\"twitter:label1\" content=\"Scritto da\" \/>\n\t<meta name=\"twitter:data1\" content=\"Sebastiano Plutino\" \/>\n\t<meta name=\"twitter:label2\" content=\"Tempo di lettura stimato\" \/>\n\t<meta name=\"twitter:data2\" content=\"3 minuti\" \/>\n<script type=\"application\/ld+json\" class=\"yoast-schema-graph\">{\"@context\":\"https:\/\/schema.org\",\"@graph\":[{\"@type\":\"Article\",\"@id\":\"https:\/\/progettotouring.it\/radiotouring104\/2022\/12\/20\/le-muse-conferiti-diplomi-a-livoti-e-roccisano\/#article\",\"isPartOf\":{\"@id\":\"https:\/\/progettotouring.it\/radiotouring104\/2022\/12\/20\/le-muse-conferiti-diplomi-a-livoti-e-roccisano\/\"},\"author\":{\"name\":\"Sebastiano Plutino\",\"@id\":\"https:\/\/progettotouring.it\/radiotouring104\/#\/schema\/person\/78613917f1851f041f7483f5af1d422e\"},\"headline\":\"Le Muse: conferiti &#8220;diplomi&#8221; a Livoti e Roccisano\",\"datePublished\":\"2022-12-20T10:36:08+00:00\",\"dateModified\":\"2022-12-20T10:37:27+00:00\",\"mainEntityOfPage\":{\"@id\":\"https:\/\/progettotouring.it\/radiotouring104\/2022\/12\/20\/le-muse-conferiti-diplomi-a-livoti-e-roccisano\/\"},\"wordCount\":690,\"commentCount\":0,\"publisher\":{\"@id\":\"https:\/\/progettotouring.it\/radiotouring104\/#organization\"},\"image\":{\"@id\":\"https:\/\/progettotouring.it\/radiotouring104\/2022\/12\/20\/le-muse-conferiti-diplomi-a-livoti-e-roccisano\/#primaryimage\"},\"thumbnailUrl\":\"https:\/\/progettotouring.it\/radiotouring104\/wp-content\/uploads\/sites\/6\/2022\/12\/livoti-e-roccisano.jpg\",\"keywords\":[\"\u201cDiplomi di Benemerenza\u201d\",\"Federica Roccisano\",\"Giuseppe Livoti\",\"Le Muse \u2013 Laboratorio delle Arti e delle Lettere\",\"Sala Conferenze di Villa Le Rose\"],\"articleSection\":[\"Home\",\"News\",\"Reggio Calabria\"],\"inLanguage\":\"it-IT\",\"potentialAction\":[{\"@type\":\"CommentAction\",\"name\":\"Comment\",\"target\":[\"https:\/\/progettotouring.it\/radiotouring104\/2022\/12\/20\/le-muse-conferiti-diplomi-a-livoti-e-roccisano\/#respond\"]}]},{\"@type\":\"WebPage\",\"@id\":\"https:\/\/progettotouring.it\/radiotouring104\/2022\/12\/20\/le-muse-conferiti-diplomi-a-livoti-e-roccisano\/\",\"url\":\"https:\/\/progettotouring.it\/radiotouring104\/2022\/12\/20\/le-muse-conferiti-diplomi-a-livoti-e-roccisano\/\",\"name\":\"Le Muse: conferiti \\\"diplomi\\\" a Livoti e Roccisano\",\"isPartOf\":{\"@id\":\"https:\/\/progettotouring.it\/radiotouring104\/#website\"},\"primaryImageOfPage\":{\"@id\":\"https:\/\/progettotouring.it\/radiotouring104\/2022\/12\/20\/le-muse-conferiti-diplomi-a-livoti-e-roccisano\/#primaryimage\"},\"image\":{\"@id\":\"https:\/\/progettotouring.it\/radiotouring104\/2022\/12\/20\/le-muse-conferiti-diplomi-a-livoti-e-roccisano\/#primaryimage\"},\"thumbnailUrl\":\"https:\/\/progettotouring.it\/radiotouring104\/wp-content\/uploads\/sites\/6\/2022\/12\/livoti-e-roccisano.jpg\",\"datePublished\":\"2022-12-20T10:36:08+00:00\",\"dateModified\":\"2022-12-20T10:37:27+00:00\",\"description\":\"L'Associazione \\\"Nastro Verde\\\" ha istituito e conferito \u201cDiplomi di Benemerenza\u201d, tra i quali Giuseppe Livoti e Federica Roccisano\",\"breadcrumb\":{\"@id\":\"https:\/\/progettotouring.it\/radiotouring104\/2022\/12\/20\/le-muse-conferiti-diplomi-a-livoti-e-roccisano\/#breadcrumb\"},\"inLanguage\":\"it-IT\",\"potentialAction\":[{\"@type\":\"ReadAction\",\"target\":[\"https:\/\/progettotouring.it\/radiotouring104\/2022\/12\/20\/le-muse-conferiti-diplomi-a-livoti-e-roccisano\/\"]}]},{\"@type\":\"ImageObject\",\"inLanguage\":\"it-IT\",\"@id\":\"https:\/\/progettotouring.it\/radiotouring104\/2022\/12\/20\/le-muse-conferiti-diplomi-a-livoti-e-roccisano\/#primaryimage\",\"url\":\"https:\/\/progettotouring.it\/radiotouring104\/wp-content\/uploads\/sites\/6\/2022\/12\/livoti-e-roccisano.jpg\",\"contentUrl\":\"https:\/\/progettotouring.it\/radiotouring104\/wp-content\/uploads\/sites\/6\/2022\/12\/livoti-e-roccisano.jpg\",\"width\":1015,\"height\":676},{\"@type\":\"BreadcrumbList\",\"@id\":\"https:\/\/progettotouring.it\/radiotouring104\/2022\/12\/20\/le-muse-conferiti-diplomi-a-livoti-e-roccisano\/#breadcrumb\",\"itemListElement\":[{\"@type\":\"ListItem\",\"position\":1,\"name\":\"Home\",\"item\":\"https:\/\/progettotouring.it\/radiotouring104\/\"},{\"@type\":\"ListItem\",\"position\":2,\"name\":\"Le Muse: conferiti &#8220;diplomi&#8221; a Livoti e Roccisano\"}]},{\"@type\":\"WebSite\",\"@id\":\"https:\/\/progettotouring.it\/radiotouring104\/#website\",\"url\":\"https:\/\/progettotouring.it\/radiotouring104\/\",\"name\":\"Radio Touring 104\",\"description\":\"La prima radio Reggina\",\"publisher\":{\"@id\":\"https:\/\/progettotouring.it\/radiotouring104\/#organization\"},\"potentialAction\":[{\"@type\":\"SearchAction\",\"target\":{\"@type\":\"EntryPoint\",\"urlTemplate\":\"https:\/\/progettotouring.it\/radiotouring104\/?s={search_term_string}\"},\"query-input\":{\"@type\":\"PropertyValueSpecification\",\"valueRequired\":true,\"valueName\":\"search_term_string\"}}],\"inLanguage\":\"it-IT\"},{\"@type\":\"Organization\",\"@id\":\"https:\/\/progettotouring.it\/radiotouring104\/#organization\",\"name\":\"Radio Touring 104\",\"url\":\"https:\/\/progettotouring.it\/radiotouring104\/\",\"logo\":{\"@type\":\"ImageObject\",\"inLanguage\":\"it-IT\",\"@id\":\"https:\/\/progettotouring.it\/radiotouring104\/#\/schema\/logo\/image\/\",\"url\":\"https:\/\/progettotouring.it\/radiotouring104\/wp-content\/uploads\/sites\/6\/2022\/02\/cropped-logo-radio-touring-104.png\",\"contentUrl\":\"https:\/\/progettotouring.it\/radiotouring104\/wp-content\/uploads\/sites\/6\/2022\/02\/cropped-logo-radio-touring-104.png\",\"width\":377,\"height\":182,\"caption\":\"Radio Touring 104\"},\"image\":{\"@id\":\"https:\/\/progettotouring.it\/radiotouring104\/#\/schema\/logo\/image\/\"}},{\"@type\":\"Person\",\"@id\":\"https:\/\/progettotouring.it\/radiotouring104\/#\/schema\/person\/78613917f1851f041f7483f5af1d422e\",\"name\":\"Sebastiano Plutino\",\"image\":{\"@type\":\"ImageObject\",\"inLanguage\":\"it-IT\",\"@id\":\"https:\/\/secure.gravatar.com\/avatar\/0546ffaa9b79224faf9f2a156b67a529ae861d3287c66c1d8ccfdf909bcba78d?s=96&d=mm&r=g\",\"url\":\"https:\/\/secure.gravatar.com\/avatar\/0546ffaa9b79224faf9f2a156b67a529ae861d3287c66c1d8ccfdf909bcba78d?s=96&d=mm&r=g\",\"contentUrl\":\"https:\/\/secure.gravatar.com\/avatar\/0546ffaa9b79224faf9f2a156b67a529ae861d3287c66c1d8ccfdf909bcba78d?s=96&d=mm&r=g\",\"caption\":\"Sebastiano Plutino\"},\"url\":\"https:\/\/progettotouring.it\/radiotouring104\/author\/sebastiano\/\"}]}<\/script>\n<!-- \/ Yoast SEO plugin. -->","yoast_head_json":{"title":"Le Muse: conferiti \"diplomi\" a Livoti e Roccisano","description":"L'Associazione \"Nastro Verde\" ha istituito e conferito \u201cDiplomi di Benemerenza\u201d, tra i quali Giuseppe Livoti e Federica Roccisano","robots":{"index":"index","follow":"follow","max-snippet":"max-snippet:-1","max-image-preview":"max-image-preview:large","max-video-preview":"max-video-preview:-1"},"canonical":"https:\/\/progettotouring.it\/radiotouring104\/2022\/12\/20\/le-muse-conferiti-diplomi-a-livoti-e-roccisano\/","og_locale":"it_IT","og_type":"article","og_title":"Le Muse: conferiti \"diplomi\" a Livoti e Roccisano","og_description":"L'Associazione \"Nastro Verde\" ha istituito e conferito \u201cDiplomi di Benemerenza\u201d, tra i quali Giuseppe Livoti e Federica Roccisano","og_url":"https:\/\/progettotouring.it\/radiotouring104\/2022\/12\/20\/le-muse-conferiti-diplomi-a-livoti-e-roccisano\/","og_site_name":"Radio Touring 104","article_published_time":"2022-12-20T10:36:08+00:00","article_modified_time":"2022-12-20T10:37:27+00:00","og_image":[{"width":1015,"height":676,"url":"https:\/\/progettotouring.it\/radiotouring104\/wp-content\/uploads\/sites\/6\/2022\/12\/livoti-e-roccisano.jpg","type":"image\/jpeg"}],"author":"Sebastiano Plutino","twitter_card":"summary_large_image","twitter_misc":{"Scritto da":"Sebastiano Plutino","Tempo di lettura stimato":"3 minuti"},"schema":{"@context":"https:\/\/schema.org","@graph":[{"@type":"Article","@id":"https:\/\/progettotouring.it\/radiotouring104\/2022\/12\/20\/le-muse-conferiti-diplomi-a-livoti-e-roccisano\/#article","isPartOf":{"@id":"https:\/\/progettotouring.it\/radiotouring104\/2022\/12\/20\/le-muse-conferiti-diplomi-a-livoti-e-roccisano\/"},"author":{"name":"Sebastiano Plutino","@id":"https:\/\/progettotouring.it\/radiotouring104\/#\/schema\/person\/78613917f1851f041f7483f5af1d422e"},"headline":"Le Muse: conferiti &#8220;diplomi&#8221; a Livoti e Roccisano","datePublished":"2022-12-20T10:36:08+00:00","dateModified":"2022-12-20T10:37:27+00:00","mainEntityOfPage":{"@id":"https:\/\/progettotouring.it\/radiotouring104\/2022\/12\/20\/le-muse-conferiti-diplomi-a-livoti-e-roccisano\/"},"wordCount":690,"commentCount":0,"publisher":{"@id":"https:\/\/progettotouring.it\/radiotouring104\/#organization"},"image":{"@id":"https:\/\/progettotouring.it\/radiotouring104\/2022\/12\/20\/le-muse-conferiti-diplomi-a-livoti-e-roccisano\/#primaryimage"},"thumbnailUrl":"https:\/\/progettotouring.it\/radiotouring104\/wp-content\/uploads\/sites\/6\/2022\/12\/livoti-e-roccisano.jpg","keywords":["\u201cDiplomi di Benemerenza\u201d","Federica Roccisano","Giuseppe Livoti","Le Muse \u2013 Laboratorio delle Arti e delle Lettere","Sala Conferenze di Villa Le Rose"],"articleSection":["Home","News","Reggio Calabria"],"inLanguage":"it-IT","potentialAction":[{"@type":"CommentAction","name":"Comment","target":["https:\/\/progettotouring.it\/radiotouring104\/2022\/12\/20\/le-muse-conferiti-diplomi-a-livoti-e-roccisano\/#respond"]}]},{"@type":"WebPage","@id":"https:\/\/progettotouring.it\/radiotouring104\/2022\/12\/20\/le-muse-conferiti-diplomi-a-livoti-e-roccisano\/","url":"https:\/\/progettotouring.it\/radiotouring104\/2022\/12\/20\/le-muse-conferiti-diplomi-a-livoti-e-roccisano\/","name":"Le Muse: conferiti \"diplomi\" a Livoti e Roccisano","isPartOf":{"@id":"https:\/\/progettotouring.it\/radiotouring104\/#website"},"primaryImageOfPage":{"@id":"https:\/\/progettotouring.it\/radiotouring104\/2022\/12\/20\/le-muse-conferiti-diplomi-a-livoti-e-roccisano\/#primaryimage"},"image":{"@id":"https:\/\/progettotouring.it\/radiotouring104\/2022\/12\/20\/le-muse-conferiti-diplomi-a-livoti-e-roccisano\/#primaryimage"},"thumbnailUrl":"https:\/\/progettotouring.it\/radiotouring104\/wp-content\/uploads\/sites\/6\/2022\/12\/livoti-e-roccisano.jpg","datePublished":"2022-12-20T10:36:08+00:00","dateModified":"2022-12-20T10:37:27+00:00","description":"L'Associazione \"Nastro Verde\" ha istituito e conferito \u201cDiplomi di Benemerenza\u201d, tra i quali Giuseppe Livoti e Federica Roccisano","breadcrumb":{"@id":"https:\/\/progettotouring.it\/radiotouring104\/2022\/12\/20\/le-muse-conferiti-diplomi-a-livoti-e-roccisano\/#breadcrumb"},"inLanguage":"it-IT","potentialAction":[{"@type":"ReadAction","target":["https:\/\/progettotouring.it\/radiotouring104\/2022\/12\/20\/le-muse-conferiti-diplomi-a-livoti-e-roccisano\/"]}]},{"@type":"ImageObject","inLanguage":"it-IT","@id":"https:\/\/progettotouring.it\/radiotouring104\/2022\/12\/20\/le-muse-conferiti-diplomi-a-livoti-e-roccisano\/#primaryimage","url":"https:\/\/progettotouring.it\/radiotouring104\/wp-content\/uploads\/sites\/6\/2022\/12\/livoti-e-roccisano.jpg","contentUrl":"https:\/\/progettotouring.it\/radiotouring104\/wp-content\/uploads\/sites\/6\/2022\/12\/livoti-e-roccisano.jpg","width":1015,"height":676},{"@type":"BreadcrumbList","@id":"https:\/\/progettotouring.it\/radiotouring104\/2022\/12\/20\/le-muse-conferiti-diplomi-a-livoti-e-roccisano\/#breadcrumb","itemListElement":[{"@type":"ListItem","position":1,"name":"Home","item":"https:\/\/progettotouring.it\/radiotouring104\/"},{"@type":"ListItem","position":2,"name":"Le Muse: conferiti &#8220;diplomi&#8221; a Livoti e Roccisano"}]},{"@type":"WebSite","@id":"https:\/\/progettotouring.it\/radiotouring104\/#website","url":"https:\/\/progettotouring.it\/radiotouring104\/","name":"Radio Touring 104","description":"La prima radio Reggina","publisher":{"@id":"https:\/\/progettotouring.it\/radiotouring104\/#organization"},"potentialAction":[{"@type":"SearchAction","target":{"@type":"EntryPoint","urlTemplate":"https:\/\/progettotouring.it\/radiotouring104\/?s={search_term_string}"},"query-input":{"@type":"PropertyValueSpecification","valueRequired":true,"valueName":"search_term_string"}}],"inLanguage":"it-IT"},{"@type":"Organization","@id":"https:\/\/progettotouring.it\/radiotouring104\/#organization","name":"Radio Touring 104","url":"https:\/\/progettotouring.it\/radiotouring104\/","logo":{"@type":"ImageObject","inLanguage":"it-IT","@id":"https:\/\/progettotouring.it\/radiotouring104\/#\/schema\/logo\/image\/","url":"https:\/\/progettotouring.it\/radiotouring104\/wp-content\/uploads\/sites\/6\/2022\/02\/cropped-logo-radio-touring-104.png","contentUrl":"https:\/\/progettotouring.it\/radiotouring104\/wp-content\/uploads\/sites\/6\/2022\/02\/cropped-logo-radio-touring-104.png","width":377,"height":182,"caption":"Radio Touring 104"},"image":{"@id":"https:\/\/progettotouring.it\/radiotouring104\/#\/schema\/logo\/image\/"}},{"@type":"Person","@id":"https:\/\/progettotouring.it\/radiotouring104\/#\/schema\/person\/78613917f1851f041f7483f5af1d422e","name":"Sebastiano Plutino","image":{"@type":"ImageObject","inLanguage":"it-IT","@id":"https:\/\/secure.gravatar.com\/avatar\/0546ffaa9b79224faf9f2a156b67a529ae861d3287c66c1d8ccfdf909bcba78d?s=96&d=mm&r=g","url":"https:\/\/secure.gravatar.com\/avatar\/0546ffaa9b79224faf9f2a156b67a529ae861d3287c66c1d8ccfdf909bcba78d?s=96&d=mm&r=g","contentUrl":"https:\/\/secure.gravatar.com\/avatar\/0546ffaa9b79224faf9f2a156b67a529ae861d3287c66c1d8ccfdf909bcba78d?s=96&d=mm&r=g","caption":"Sebastiano Plutino"},"url":"https:\/\/progettotouring.it\/radiotouring104\/author\/sebastiano\/"}]}},"jetpack_publicize_connections":[],"jetpack_featured_media_url":"https:\/\/progettotouring.it\/radiotouring104\/wp-content\/uploads\/sites\/6\/2022\/12\/livoti-e-roccisano.jpg","jetpack_sharing_enabled":true,"_links":{"self":[{"href":"https:\/\/progettotouring.it\/radiotouring104\/wp-json\/wp\/v2\/posts\/15193","targetHints":{"allow":["GET"]}}],"collection":[{"href":"https:\/\/progettotouring.it\/radiotouring104\/wp-json\/wp\/v2\/posts"}],"about":[{"href":"https:\/\/progettotouring.it\/radiotouring104\/wp-json\/wp\/v2\/types\/post"}],"author":[{"embeddable":true,"href":"https:\/\/progettotouring.it\/radiotouring104\/wp-json\/wp\/v2\/users\/12"}],"replies":[{"embeddable":true,"href":"https:\/\/progettotouring.it\/radiotouring104\/wp-json\/wp\/v2\/comments?post=15193"}],"version-history":[{"count":1,"href":"https:\/\/progettotouring.it\/radiotouring104\/wp-json\/wp\/v2\/posts\/15193\/revisions"}],"predecessor-version":[{"id":15195,"href":"https:\/\/progettotouring.it\/radiotouring104\/wp-json\/wp\/v2\/posts\/15193\/revisions\/15195"}],"wp:featuredmedia":[{"embeddable":true,"href":"https:\/\/progettotouring.it\/radiotouring104\/wp-json\/wp\/v2\/media\/15194"}],"wp:attachment":[{"href":"https:\/\/progettotouring.it\/radiotouring104\/wp-json\/wp\/v2\/media?parent=15193"}],"wp:term":[{"taxonomy":"category","embeddable":true,"href":"https:\/\/progettotouring.it\/radiotouring104\/wp-json\/wp\/v2\/categories?post=15193"},{"taxonomy":"post_tag","embeddable":true,"href":"https:\/\/progettotouring.it\/radiotouring104\/wp-json\/wp\/v2\/tags?post=15193"}],"curies":[{"name":"wp","href":"https:\/\/api.w.org\/{rel}","templated":true}]}}