{"id":15492,"date":"2022-12-23T14:01:26","date_gmt":"2022-12-23T13:01:26","guid":{"rendered":"https:\/\/progettotouring.it\/radiotouring104\/?p=15492"},"modified":"2022-12-23T14:01:26","modified_gmt":"2022-12-23T13:01:26","slug":"coldiretti-calabria-nuovi-provvedimenti-per-il-settore-agricolo","status":"publish","type":"post","link":"https:\/\/progettotouring.it\/radiotouring104\/2022\/12\/23\/coldiretti-calabria-nuovi-provvedimenti-per-il-settore-agricolo\/","title":{"rendered":"Coldiretti Calabria: nuovi provvedimenti per il settore agricolo"},"content":{"rendered":"<p>&#8220;Ammonta ad oltre due miliardi di euro il valore delle misure in manovra che impattano sull\u2019agroalimentare italiano, a tutela di un comparto strategico per la crescita del Paese\u201d. \u00c9 quanto emerge dall\u2019analisi della Coldiretti diffusa all\u2019Assemblea Nazionale dal presidente Ettore Prandini sui provvedimenti che toccano il settore agricolo inseriti nella manovra approvata in Commissione Bilancio della Camera, dall\u2019esenzione Irpef all\u2019azzeramento dei contributi per i giovani imprenditori agricoli, dal credito di imposta esteso al primo trimestre 2023 contro il caro energia alle risorse per la sovranit\u00e0 alimentare, dai buoni lavoro per semplificare le assunzioni al fondo per l\u2019innovazione e la digitalizzazione fino al contenimento dei cinghiali e ai contributi per il fermo pesca. \u201cUna finanziaria nel complesso positiva poich\u00e9 il Governo \u00e8 riuscito a dedicare la giusta attenzione al settore agroalimentare, attraverso importanti novit\u00e0 e la conferma di misure strategiche per il sostegno delle attivit\u00e0 imprenditoriali agricole\u201d spiega il presidente della Coldiretti Calabria Franco Aceto che ha partecipato all\u2019assemblea insieme ai presidenti delle federazioni nel sottolineare che \u201cavremmo tutti voluto certamente qualcosa di pi\u00f9 ma occorre tenere conto dei limiti e della situazione economica del Paese\u201d. Punto forte della manovra \u201cagricola\u201d \u00e8 il fondo per la sovranit\u00e0 alimentare finalizzato a rafforzare il sistema agricolo e agroalimentare nazionale anche con interventi per valorizzare il cibo italiano di qualit\u00e0, ridurre i costi di produzione per le imprese agricole, sostenere le filiere e garantire la sicurezza delle scorte e degli approvvigionamenti alimentari in caso di crisi di mercato. Per queste finalit\u00e0 sono stati stanziati cento milioni nel triennio. Un budget di 225 milioni \u00e8 messo a disposizione di progetti di innovazione, dalla robotica alle piattaforme e infrastrutture 4.0 mentre viene istituito un fondo di 500 milioni per il 2023 per sostenere gli acquisti di prodotti alimentari di prima necessit\u00e0 destinato ai soggetti con Isee non superiore a 15mila euro. Contro il caro energia viene riconosciuto per il primo trimestre 2023 il credito di imposta in favore delle imprese agricole, della pesca e per i conterzisti, pari al 20% della spesa sostenuta per l\u2019acquisto del carburante per la trazione dei mezzi utilizzati, credito di imposta riconosciuto anche per la spesa sostenuta per l\u2019acquisto del gasolio e della benzina utilizzati per il riscaldamento delle serre e dei fabbricati produttivi adibiti all\u2019allevamento degli animali. Per aiutare i giovani e il ricambio generazionale in agricoltura previsto per il 2023 l\u2019esonero contributivo, per un periodo massimo di ventiquattro mesi, in favore dei coltivatori diretti e degli imprenditori agricoli professionali, con et\u00e0 inferiore a quarant\u2019anni che si insediano per la prima volta in agricoltura tra il primo gennaio 2023 e il 31 dicembre 2023. Prorogata anche per il 2023 l\u2019esenzione dalla determinazione della base imponibile ai fini Irpef dei redditi dominicali ed agrari relativi ai terreni dichiarati da coltivatori diretti e imprenditori agricoli professionali. Sul fronte energetico vengono prorogati e potenziati i crediti d\u2019imposta per le imprese \u201cnon energivore\u201d con contatori di potenza superiore ai 4,5 kW (35% energia utilizzata nel primo trimestre 2023) e per le imprese per l\u2019acquisto di gas (45% del gas consumato nel primo trimestre del 2023) e ridotta l\u2019Iva sul gas metano usi civili e industriali (5%) per il primo trimestre 2023. Vengono poi annullati gli oneri generali per il sistema elettrico e ridotti quelli di sistema gas. Accordata anche la riduzione dei costi relativi alla tassazione sui mezzi di trasporto agricoli. Alle imprese della pesca \u00e8 riconosciuta una indennit\u00e0 giornaliera onnicomprensiva, pari a trenta euro per l\u2019anno 2023, per ciascun dipendente, compresi i soci lavoratori delle cooperative della piccola pesca, in caso di sospensione dal lavoro derivante sia da misure di arresto temporaneo obbligatorio che di arresto temporaneo non obbligatorio, nel limite di trenta milioni di euro per l\u2019anno 2023. Infine \u00e8 importante il rinvio al 1 gennaio 2024 dell\u2019entrata in vigore dell\u2019imposta sui manufatti in plastica monouso, la cosiddetta plastic tax e dell\u2019imposta sul consumo delle bevande analcoliche, la \u201csugar tax\u201d, l\u2019istituzione del Fondo per il contrasto al consumo di suolo, il rifinanziamento dei contratti di sviluppo anche per la trasformazione e commercializzazione di prodotti agricoli, la proroga della rideterminazione dei valori delle partecipazioni in societ\u00e0 non quotate e di acquisto dei terreni posseduti al 1\u00b0 gennaio 2023 mediante il pagamento di un\u2019imposta sostitutiva.<\/p>\n","protected":false},"excerpt":{"rendered":"<p>&#8220;Ammonta ad oltre due miliardi di euro il valore delle misure in manovra che impattano sull\u2019agroalimentare italiano, a tutela di un comparto strategico per la crescita del Paese\u201d. \u00c9 quanto&hellip;<\/p>\n","protected":false},"author":13,"featured_media":15493,"comment_status":"open","ping_status":"open","sticky":false,"template":"","format":"standard","meta":{"_jetpack_memberships_contains_paid_content":false,"footnotes":"","jetpack_publicize_message":"","jetpack_publicize_feature_enabled":true,"jetpack_social_post_already_shared":false,"jetpack_social_options":{"image_generator_settings":{"template":"highway","default_image_id":0,"font":"","enabled":false},"version":2}},"categories":[142,921,196],"tags":[6062,586,557,7690],"class_list":["post-15492","post","type-post","status-publish","format-standard","has-post-thumbnail","hentry","category-calabria","category-home","category-news","tag-agricoltura","tag-calabria","tag-coldiretti-calabria","tag-manovra-governo"],"yoast_head":"<!-- This site is optimized with the Yoast SEO plugin v27.2 - https:\/\/yoast.com\/product\/yoast-seo-wordpress\/ -->\n<title>Coldiretti Calabria: nuovi provvedimenti per il settore agricolo<\/title>\n<meta name=\"description\" content=\"Nella manovra del Governo due miliardi destinati all&#039;agricoltura che, tra le misure, comprendono ricambio generazionale e abbattimento del caro energia\" \/>\n<meta name=\"robots\" content=\"index, follow, max-snippet:-1, max-image-preview:large, max-video-preview:-1\" \/>\n<link rel=\"canonical\" href=\"https:\/\/progettotouring.it\/radiotouring104\/2022\/12\/23\/coldiretti-calabria-nuovi-provvedimenti-per-il-settore-agricolo\/\" \/>\n<meta property=\"og:locale\" content=\"it_IT\" \/>\n<meta property=\"og:type\" content=\"article\" \/>\n<meta property=\"og:title\" content=\"Coldiretti Calabria: nuovi provvedimenti per il settore agricolo\" \/>\n<meta property=\"og:description\" content=\"Nella manovra del Governo due miliardi destinati all&#039;agricoltura che, tra le misure, comprendono ricambio generazionale e abbattimento del caro energia\" \/>\n<meta property=\"og:url\" content=\"https:\/\/progettotouring.it\/radiotouring104\/2022\/12\/23\/coldiretti-calabria-nuovi-provvedimenti-per-il-settore-agricolo\/\" \/>\n<meta property=\"og:site_name\" content=\"Radio Touring 104\" \/>\n<meta property=\"article:published_time\" content=\"2022-12-23T13:01:26+00:00\" \/>\n<meta property=\"og:image\" content=\"https:\/\/progettotouring.it\/radiotouring104\/wp-content\/uploads\/sites\/6\/2022\/12\/Coldiretti-Calabria.jpg\" \/>\n\t<meta property=\"og:image:width\" content=\"805\" \/>\n\t<meta property=\"og:image:height\" content=\"509\" \/>\n\t<meta property=\"og:image:type\" content=\"image\/jpeg\" \/>\n<meta name=\"author\" content=\"Helena Pedone\" \/>\n<meta name=\"twitter:card\" content=\"summary_large_image\" \/>\n<meta name=\"twitter:label1\" content=\"Scritto da\" \/>\n\t<meta name=\"twitter:data1\" content=\"Helena Pedone\" \/>\n\t<meta name=\"twitter:label2\" content=\"Tempo di lettura stimato\" \/>\n\t<meta name=\"twitter:data2\" content=\"3 minuti\" \/>\n<script type=\"application\/ld+json\" class=\"yoast-schema-graph\">{\"@context\":\"https:\/\/schema.org\",\"@graph\":[{\"@type\":\"Article\",\"@id\":\"https:\/\/progettotouring.it\/radiotouring104\/2022\/12\/23\/coldiretti-calabria-nuovi-provvedimenti-per-il-settore-agricolo\/#article\",\"isPartOf\":{\"@id\":\"https:\/\/progettotouring.it\/radiotouring104\/2022\/12\/23\/coldiretti-calabria-nuovi-provvedimenti-per-il-settore-agricolo\/\"},\"author\":{\"name\":\"Helena Pedone\",\"@id\":\"https:\/\/progettotouring.it\/radiotouring104\/#\/schema\/person\/8458ed437f4094f881aab8e4cc572684\"},\"headline\":\"Coldiretti Calabria: nuovi provvedimenti per il settore agricolo\",\"datePublished\":\"2022-12-23T13:01:26+00:00\",\"mainEntityOfPage\":{\"@id\":\"https:\/\/progettotouring.it\/radiotouring104\/2022\/12\/23\/coldiretti-calabria-nuovi-provvedimenti-per-il-settore-agricolo\/\"},\"wordCount\":701,\"commentCount\":0,\"publisher\":{\"@id\":\"https:\/\/progettotouring.it\/radiotouring104\/#organization\"},\"image\":{\"@id\":\"https:\/\/progettotouring.it\/radiotouring104\/2022\/12\/23\/coldiretti-calabria-nuovi-provvedimenti-per-il-settore-agricolo\/#primaryimage\"},\"thumbnailUrl\":\"https:\/\/progettotouring.it\/radiotouring104\/wp-content\/uploads\/sites\/6\/2022\/12\/Coldiretti-Calabria.jpg\",\"keywords\":[\"agricoltura\",\"calabria\",\"Coldiretti Calabria\",\"Manovra governo\"],\"articleSection\":[\"Calabria\",\"Home\",\"News\"],\"inLanguage\":\"it-IT\",\"potentialAction\":[{\"@type\":\"CommentAction\",\"name\":\"Comment\",\"target\":[\"https:\/\/progettotouring.it\/radiotouring104\/2022\/12\/23\/coldiretti-calabria-nuovi-provvedimenti-per-il-settore-agricolo\/#respond\"]}]},{\"@type\":\"WebPage\",\"@id\":\"https:\/\/progettotouring.it\/radiotouring104\/2022\/12\/23\/coldiretti-calabria-nuovi-provvedimenti-per-il-settore-agricolo\/\",\"url\":\"https:\/\/progettotouring.it\/radiotouring104\/2022\/12\/23\/coldiretti-calabria-nuovi-provvedimenti-per-il-settore-agricolo\/\",\"name\":\"Coldiretti Calabria: nuovi provvedimenti per il settore agricolo\",\"isPartOf\":{\"@id\":\"https:\/\/progettotouring.it\/radiotouring104\/#website\"},\"primaryImageOfPage\":{\"@id\":\"https:\/\/progettotouring.it\/radiotouring104\/2022\/12\/23\/coldiretti-calabria-nuovi-provvedimenti-per-il-settore-agricolo\/#primaryimage\"},\"image\":{\"@id\":\"https:\/\/progettotouring.it\/radiotouring104\/2022\/12\/23\/coldiretti-calabria-nuovi-provvedimenti-per-il-settore-agricolo\/#primaryimage\"},\"thumbnailUrl\":\"https:\/\/progettotouring.it\/radiotouring104\/wp-content\/uploads\/sites\/6\/2022\/12\/Coldiretti-Calabria.jpg\",\"datePublished\":\"2022-12-23T13:01:26+00:00\",\"description\":\"Nella manovra del Governo due miliardi destinati all'agricoltura che, tra le misure, comprendono ricambio generazionale e abbattimento del caro energia\",\"breadcrumb\":{\"@id\":\"https:\/\/progettotouring.it\/radiotouring104\/2022\/12\/23\/coldiretti-calabria-nuovi-provvedimenti-per-il-settore-agricolo\/#breadcrumb\"},\"inLanguage\":\"it-IT\",\"potentialAction\":[{\"@type\":\"ReadAction\",\"target\":[\"https:\/\/progettotouring.it\/radiotouring104\/2022\/12\/23\/coldiretti-calabria-nuovi-provvedimenti-per-il-settore-agricolo\/\"]}]},{\"@type\":\"ImageObject\",\"inLanguage\":\"it-IT\",\"@id\":\"https:\/\/progettotouring.it\/radiotouring104\/2022\/12\/23\/coldiretti-calabria-nuovi-provvedimenti-per-il-settore-agricolo\/#primaryimage\",\"url\":\"https:\/\/progettotouring.it\/radiotouring104\/wp-content\/uploads\/sites\/6\/2022\/12\/Coldiretti-Calabria.jpg\",\"contentUrl\":\"https:\/\/progettotouring.it\/radiotouring104\/wp-content\/uploads\/sites\/6\/2022\/12\/Coldiretti-Calabria.jpg\",\"width\":805,\"height\":509},{\"@type\":\"BreadcrumbList\",\"@id\":\"https:\/\/progettotouring.it\/radiotouring104\/2022\/12\/23\/coldiretti-calabria-nuovi-provvedimenti-per-il-settore-agricolo\/#breadcrumb\",\"itemListElement\":[{\"@type\":\"ListItem\",\"position\":1,\"name\":\"Home\",\"item\":\"https:\/\/progettotouring.it\/radiotouring104\/\"},{\"@type\":\"ListItem\",\"position\":2,\"name\":\"Coldiretti Calabria: nuovi provvedimenti per il settore agricolo\"}]},{\"@type\":\"WebSite\",\"@id\":\"https:\/\/progettotouring.it\/radiotouring104\/#website\",\"url\":\"https:\/\/progettotouring.it\/radiotouring104\/\",\"name\":\"Radio Touring 104\",\"description\":\"La prima radio Reggina\",\"publisher\":{\"@id\":\"https:\/\/progettotouring.it\/radiotouring104\/#organization\"},\"potentialAction\":[{\"@type\":\"SearchAction\",\"target\":{\"@type\":\"EntryPoint\",\"urlTemplate\":\"https:\/\/progettotouring.it\/radiotouring104\/?s={search_term_string}\"},\"query-input\":{\"@type\":\"PropertyValueSpecification\",\"valueRequired\":true,\"valueName\":\"search_term_string\"}}],\"inLanguage\":\"it-IT\"},{\"@type\":\"Organization\",\"@id\":\"https:\/\/progettotouring.it\/radiotouring104\/#organization\",\"name\":\"Radio Touring 104\",\"url\":\"https:\/\/progettotouring.it\/radiotouring104\/\",\"logo\":{\"@type\":\"ImageObject\",\"inLanguage\":\"it-IT\",\"@id\":\"https:\/\/progettotouring.it\/radiotouring104\/#\/schema\/logo\/image\/\",\"url\":\"https:\/\/progettotouring.it\/radiotouring104\/wp-content\/uploads\/sites\/6\/2022\/02\/cropped-logo-radio-touring-104.png\",\"contentUrl\":\"https:\/\/progettotouring.it\/radiotouring104\/wp-content\/uploads\/sites\/6\/2022\/02\/cropped-logo-radio-touring-104.png\",\"width\":377,\"height\":182,\"caption\":\"Radio Touring 104\"},\"image\":{\"@id\":\"https:\/\/progettotouring.it\/radiotouring104\/#\/schema\/logo\/image\/\"}},{\"@type\":\"Person\",\"@id\":\"https:\/\/progettotouring.it\/radiotouring104\/#\/schema\/person\/8458ed437f4094f881aab8e4cc572684\",\"name\":\"Helena Pedone\",\"image\":{\"@type\":\"ImageObject\",\"inLanguage\":\"it-IT\",\"@id\":\"https:\/\/secure.gravatar.com\/avatar\/95a63adf316f90175b68113b4b895a96641be06395ffeef88fea6178b30027d9?s=96&d=mm&r=g\",\"url\":\"https:\/\/secure.gravatar.com\/avatar\/95a63adf316f90175b68113b4b895a96641be06395ffeef88fea6178b30027d9?s=96&d=mm&r=g\",\"contentUrl\":\"https:\/\/secure.gravatar.com\/avatar\/95a63adf316f90175b68113b4b895a96641be06395ffeef88fea6178b30027d9?s=96&d=mm&r=g\",\"caption\":\"Helena Pedone\"},\"url\":\"https:\/\/progettotouring.it\/radiotouring104\/author\/helena\/\"}]}<\/script>\n<!-- \/ Yoast SEO plugin. -->","yoast_head_json":{"title":"Coldiretti Calabria: nuovi provvedimenti per il settore agricolo","description":"Nella manovra del Governo due miliardi destinati all'agricoltura che, tra le misure, comprendono ricambio generazionale e abbattimento del caro energia","robots":{"index":"index","follow":"follow","max-snippet":"max-snippet:-1","max-image-preview":"max-image-preview:large","max-video-preview":"max-video-preview:-1"},"canonical":"https:\/\/progettotouring.it\/radiotouring104\/2022\/12\/23\/coldiretti-calabria-nuovi-provvedimenti-per-il-settore-agricolo\/","og_locale":"it_IT","og_type":"article","og_title":"Coldiretti Calabria: nuovi provvedimenti per il settore agricolo","og_description":"Nella manovra del Governo due miliardi destinati all'agricoltura che, tra le misure, comprendono ricambio generazionale e abbattimento del caro energia","og_url":"https:\/\/progettotouring.it\/radiotouring104\/2022\/12\/23\/coldiretti-calabria-nuovi-provvedimenti-per-il-settore-agricolo\/","og_site_name":"Radio Touring 104","article_published_time":"2022-12-23T13:01:26+00:00","og_image":[{"width":805,"height":509,"url":"https:\/\/progettotouring.it\/radiotouring104\/wp-content\/uploads\/sites\/6\/2022\/12\/Coldiretti-Calabria.jpg","type":"image\/jpeg"}],"author":"Helena Pedone","twitter_card":"summary_large_image","twitter_misc":{"Scritto da":"Helena Pedone","Tempo di lettura stimato":"3 minuti"},"schema":{"@context":"https:\/\/schema.org","@graph":[{"@type":"Article","@id":"https:\/\/progettotouring.it\/radiotouring104\/2022\/12\/23\/coldiretti-calabria-nuovi-provvedimenti-per-il-settore-agricolo\/#article","isPartOf":{"@id":"https:\/\/progettotouring.it\/radiotouring104\/2022\/12\/23\/coldiretti-calabria-nuovi-provvedimenti-per-il-settore-agricolo\/"},"author":{"name":"Helena Pedone","@id":"https:\/\/progettotouring.it\/radiotouring104\/#\/schema\/person\/8458ed437f4094f881aab8e4cc572684"},"headline":"Coldiretti Calabria: nuovi provvedimenti per il settore agricolo","datePublished":"2022-12-23T13:01:26+00:00","mainEntityOfPage":{"@id":"https:\/\/progettotouring.it\/radiotouring104\/2022\/12\/23\/coldiretti-calabria-nuovi-provvedimenti-per-il-settore-agricolo\/"},"wordCount":701,"commentCount":0,"publisher":{"@id":"https:\/\/progettotouring.it\/radiotouring104\/#organization"},"image":{"@id":"https:\/\/progettotouring.it\/radiotouring104\/2022\/12\/23\/coldiretti-calabria-nuovi-provvedimenti-per-il-settore-agricolo\/#primaryimage"},"thumbnailUrl":"https:\/\/progettotouring.it\/radiotouring104\/wp-content\/uploads\/sites\/6\/2022\/12\/Coldiretti-Calabria.jpg","keywords":["agricoltura","calabria","Coldiretti Calabria","Manovra governo"],"articleSection":["Calabria","Home","News"],"inLanguage":"it-IT","potentialAction":[{"@type":"CommentAction","name":"Comment","target":["https:\/\/progettotouring.it\/radiotouring104\/2022\/12\/23\/coldiretti-calabria-nuovi-provvedimenti-per-il-settore-agricolo\/#respond"]}]},{"@type":"WebPage","@id":"https:\/\/progettotouring.it\/radiotouring104\/2022\/12\/23\/coldiretti-calabria-nuovi-provvedimenti-per-il-settore-agricolo\/","url":"https:\/\/progettotouring.it\/radiotouring104\/2022\/12\/23\/coldiretti-calabria-nuovi-provvedimenti-per-il-settore-agricolo\/","name":"Coldiretti Calabria: nuovi provvedimenti per il settore agricolo","isPartOf":{"@id":"https:\/\/progettotouring.it\/radiotouring104\/#website"},"primaryImageOfPage":{"@id":"https:\/\/progettotouring.it\/radiotouring104\/2022\/12\/23\/coldiretti-calabria-nuovi-provvedimenti-per-il-settore-agricolo\/#primaryimage"},"image":{"@id":"https:\/\/progettotouring.it\/radiotouring104\/2022\/12\/23\/coldiretti-calabria-nuovi-provvedimenti-per-il-settore-agricolo\/#primaryimage"},"thumbnailUrl":"https:\/\/progettotouring.it\/radiotouring104\/wp-content\/uploads\/sites\/6\/2022\/12\/Coldiretti-Calabria.jpg","datePublished":"2022-12-23T13:01:26+00:00","description":"Nella manovra del Governo due miliardi destinati all'agricoltura che, tra le misure, comprendono ricambio generazionale e abbattimento del caro energia","breadcrumb":{"@id":"https:\/\/progettotouring.it\/radiotouring104\/2022\/12\/23\/coldiretti-calabria-nuovi-provvedimenti-per-il-settore-agricolo\/#breadcrumb"},"inLanguage":"it-IT","potentialAction":[{"@type":"ReadAction","target":["https:\/\/progettotouring.it\/radiotouring104\/2022\/12\/23\/coldiretti-calabria-nuovi-provvedimenti-per-il-settore-agricolo\/"]}]},{"@type":"ImageObject","inLanguage":"it-IT","@id":"https:\/\/progettotouring.it\/radiotouring104\/2022\/12\/23\/coldiretti-calabria-nuovi-provvedimenti-per-il-settore-agricolo\/#primaryimage","url":"https:\/\/progettotouring.it\/radiotouring104\/wp-content\/uploads\/sites\/6\/2022\/12\/Coldiretti-Calabria.jpg","contentUrl":"https:\/\/progettotouring.it\/radiotouring104\/wp-content\/uploads\/sites\/6\/2022\/12\/Coldiretti-Calabria.jpg","width":805,"height":509},{"@type":"BreadcrumbList","@id":"https:\/\/progettotouring.it\/radiotouring104\/2022\/12\/23\/coldiretti-calabria-nuovi-provvedimenti-per-il-settore-agricolo\/#breadcrumb","itemListElement":[{"@type":"ListItem","position":1,"name":"Home","item":"https:\/\/progettotouring.it\/radiotouring104\/"},{"@type":"ListItem","position":2,"name":"Coldiretti Calabria: nuovi provvedimenti per il settore agricolo"}]},{"@type":"WebSite","@id":"https:\/\/progettotouring.it\/radiotouring104\/#website","url":"https:\/\/progettotouring.it\/radiotouring104\/","name":"Radio Touring 104","description":"La prima radio Reggina","publisher":{"@id":"https:\/\/progettotouring.it\/radiotouring104\/#organization"},"potentialAction":[{"@type":"SearchAction","target":{"@type":"EntryPoint","urlTemplate":"https:\/\/progettotouring.it\/radiotouring104\/?s={search_term_string}"},"query-input":{"@type":"PropertyValueSpecification","valueRequired":true,"valueName":"search_term_string"}}],"inLanguage":"it-IT"},{"@type":"Organization","@id":"https:\/\/progettotouring.it\/radiotouring104\/#organization","name":"Radio Touring 104","url":"https:\/\/progettotouring.it\/radiotouring104\/","logo":{"@type":"ImageObject","inLanguage":"it-IT","@id":"https:\/\/progettotouring.it\/radiotouring104\/#\/schema\/logo\/image\/","url":"https:\/\/progettotouring.it\/radiotouring104\/wp-content\/uploads\/sites\/6\/2022\/02\/cropped-logo-radio-touring-104.png","contentUrl":"https:\/\/progettotouring.it\/radiotouring104\/wp-content\/uploads\/sites\/6\/2022\/02\/cropped-logo-radio-touring-104.png","width":377,"height":182,"caption":"Radio Touring 104"},"image":{"@id":"https:\/\/progettotouring.it\/radiotouring104\/#\/schema\/logo\/image\/"}},{"@type":"Person","@id":"https:\/\/progettotouring.it\/radiotouring104\/#\/schema\/person\/8458ed437f4094f881aab8e4cc572684","name":"Helena Pedone","image":{"@type":"ImageObject","inLanguage":"it-IT","@id":"https:\/\/secure.gravatar.com\/avatar\/95a63adf316f90175b68113b4b895a96641be06395ffeef88fea6178b30027d9?s=96&d=mm&r=g","url":"https:\/\/secure.gravatar.com\/avatar\/95a63adf316f90175b68113b4b895a96641be06395ffeef88fea6178b30027d9?s=96&d=mm&r=g","contentUrl":"https:\/\/secure.gravatar.com\/avatar\/95a63adf316f90175b68113b4b895a96641be06395ffeef88fea6178b30027d9?s=96&d=mm&r=g","caption":"Helena Pedone"},"url":"https:\/\/progettotouring.it\/radiotouring104\/author\/helena\/"}]}},"jetpack_publicize_connections":[],"jetpack_featured_media_url":"https:\/\/progettotouring.it\/radiotouring104\/wp-content\/uploads\/sites\/6\/2022\/12\/Coldiretti-Calabria.jpg","jetpack_sharing_enabled":true,"_links":{"self":[{"href":"https:\/\/progettotouring.it\/radiotouring104\/wp-json\/wp\/v2\/posts\/15492","targetHints":{"allow":["GET"]}}],"collection":[{"href":"https:\/\/progettotouring.it\/radiotouring104\/wp-json\/wp\/v2\/posts"}],"about":[{"href":"https:\/\/progettotouring.it\/radiotouring104\/wp-json\/wp\/v2\/types\/post"}],"author":[{"embeddable":true,"href":"https:\/\/progettotouring.it\/radiotouring104\/wp-json\/wp\/v2\/users\/13"}],"replies":[{"embeddable":true,"href":"https:\/\/progettotouring.it\/radiotouring104\/wp-json\/wp\/v2\/comments?post=15492"}],"version-history":[{"count":1,"href":"https:\/\/progettotouring.it\/radiotouring104\/wp-json\/wp\/v2\/posts\/15492\/revisions"}],"predecessor-version":[{"id":15494,"href":"https:\/\/progettotouring.it\/radiotouring104\/wp-json\/wp\/v2\/posts\/15492\/revisions\/15494"}],"wp:featuredmedia":[{"embeddable":true,"href":"https:\/\/progettotouring.it\/radiotouring104\/wp-json\/wp\/v2\/media\/15493"}],"wp:attachment":[{"href":"https:\/\/progettotouring.it\/radiotouring104\/wp-json\/wp\/v2\/media?parent=15492"}],"wp:term":[{"taxonomy":"category","embeddable":true,"href":"https:\/\/progettotouring.it\/radiotouring104\/wp-json\/wp\/v2\/categories?post=15492"},{"taxonomy":"post_tag","embeddable":true,"href":"https:\/\/progettotouring.it\/radiotouring104\/wp-json\/wp\/v2\/tags?post=15492"}],"curies":[{"name":"wp","href":"https:\/\/api.w.org\/{rel}","templated":true}]}}