{"id":15503,"date":"2022-12-23T14:46:30","date_gmt":"2022-12-23T13:46:30","guid":{"rendered":"https:\/\/progettotouring.it\/radiotouring104\/?p=15503"},"modified":"2022-12-23T14:46:30","modified_gmt":"2022-12-23T13:46:30","slug":"lo-schiaccianoci-nel-programma-natalizio-del-centro-teatrale-meridionale","status":"publish","type":"post","link":"https:\/\/progettotouring.it\/radiotouring104\/2022\/12\/23\/lo-schiaccianoci-nel-programma-natalizio-del-centro-teatrale-meridionale\/","title":{"rendered":"&#8220;Lo schiaccianoci&#8221; nel programma natalizio del Centro Teatrale Meridionale"},"content":{"rendered":"<p>Una favola tradizionale e un grande balletto del repertorio classico, in programma per le rassegne a cura del Centro Teatrale Meridionale diretto da Domenico Pantano.<\/p>\n<p>\u201cLo schiaccianoci\u201d, balletto in due atti sul racconto di E.T.A. Hoffmann, della Compagnia Almatanz, regia e coreografia di Luigi Martelletta, musiche di Peter Ili\u010d \u010cajkovskij, andr\u00e0 in scena luned\u00ec 26 dicembre alle ore 20.30, presso il Teatro Francesco De Leo di Simbario (VV) a cura del T.C.A. (Teatri calabresi associati), marted\u00ec 27 dicembre alle ore 20.30 all\u2019Auditorium Zanotti Bianco di Reggio Calabria, nell\u2019ambito del progetto ReggioFest, e mercoled\u00ec 28 dicembre alle ore 21.00 all\u2019Auditorium comunale di Roccella Ionica, per la XXX Stagione Teatrale della Locride 2022-2023.<\/p>\n<p>In questa nuova versione, il coreografo Luigi Martelletta ha eliminato tutti i risvolti pi\u00f9 inquietanti del racconto di Hoffmann, a favore di una formula spettacolare che esaltasse maggiormente lo spirito favolistico del balletto. In questo caso ha riproposto una regia pi\u00f9 attuale, snella, allegra e colorata eliminando quei manierismi superflui e pantomime di personaggi di poco rilievo, che avrebbero rallentato la dinamicit\u00e0 dell\u2019intera produzione.<\/p>\n<p>Questo allestimento dimostra come si possa utilizzare un linguaggio coreografico pi\u00f9 neoclassico per poter offrire una rilettura assolutamente pi\u00f9 adeguata. Pur mantenendo la struttura del balletto, non mancheranno quindi sorprese e incantesimi e soprattutto il pubblico ritrover\u00e0 quell\u2019itinerario danzato che in molti casi conosce e si aspetta, vale a dire: i fiocchi di neve, la danza spagnola, russa, cinese, araba, le fate, colombina, arlecchino, i pierrot, il diavolo, il principe, il valzer dei fiori, etc.<\/p>\n<p>La Compagnia Almatanz nasce nel lontano 1982, precedentemente il suo nome era Teatro D2 e nei primi quindici anni si \u00e8 dedicata a progetti di vario tipo: teatro, danza, lirica, musica. Molte le produzioni di grandissimo successo. Nel 1998, Luigi Martelletta, primo ballerino del Teatro dell\u2019Opera di Roma, ne diventa il presidente. Martelletta, con il suo lungo percorso artistico, iniziato nel teatro della capitale e sviluppatosi e ampliatosi nelle esperienze avute in altri teatri italiani e in molti teatri europei, ha coinvolto l\u2019intera compagnia e i suoi danzatori in progetti di grande interesse e di assoluta originalit\u00e0, continuando in tutti questi anni a sostenere le varie linee di ricerca della compagnia, (classico \u2013 neo classico \u2013 contemporaneo \u2013 danza ricerca).<\/p>\n<p>Un appuntamento, da non perdere, in pieno clima natalizio, a suggellare la ricca stagione firmata dal Centro Teatrale Meridionale che sempre riserva grandi sorprese.<\/p>\n","protected":false},"excerpt":{"rendered":"<p>Una favola tradizionale e un grande balletto del repertorio classico, in programma per le rassegne a cura del Centro Teatrale Meridionale diretto da Domenico Pantano. \u201cLo schiaccianoci\u201d, balletto in due&hellip;<\/p>\n","protected":false},"author":13,"featured_media":15504,"comment_status":"open","ping_status":"open","sticky":false,"template":"","format":"standard","meta":{"_jetpack_memberships_contains_paid_content":false,"footnotes":"","jetpack_publicize_message":"","jetpack_publicize_feature_enabled":true,"jetpack_social_post_already_shared":false,"jetpack_social_options":{"image_generator_settings":{"template":"highway","default_image_id":0,"font":"","enabled":false},"version":2}},"categories":[921,196,140,147],"tags":[5086,5750,7699,7698,236],"class_list":["post-15503","post","type-post","status-publish","format-standard","has-post-thumbnail","hentry","category-home","category-news","category-reggio-calabria","category-spettacoli","tag-auditorium-zanotti-bianco","tag-centro-teatrale-meridionale","tag-compagnia-almatanz","tag-lo-schiaccianoci","tag-reggio-calabria"],"yoast_head":"<!-- This site is optimized with the Yoast SEO plugin v27.2 - https:\/\/yoast.com\/product\/yoast-seo-wordpress\/ -->\n<title>&quot;Lo schiaccianoci&quot; nel programma natalizio del CTM<\/title>\n<meta name=\"description\" content=\"Tra le tappe calabresi, il balletto pensato dalla Compagnia Almatanz sar\u00e0 in scena il 27 dicembre all&#039;Auditorium Zanotti Bianco\" \/>\n<meta name=\"robots\" content=\"index, follow, max-snippet:-1, max-image-preview:large, max-video-preview:-1\" \/>\n<link rel=\"canonical\" href=\"https:\/\/progettotouring.it\/radiotouring104\/2022\/12\/23\/lo-schiaccianoci-nel-programma-natalizio-del-centro-teatrale-meridionale\/\" \/>\n<meta property=\"og:locale\" content=\"it_IT\" \/>\n<meta property=\"og:type\" content=\"article\" \/>\n<meta property=\"og:title\" content=\"&quot;Lo schiaccianoci&quot; nel programma natalizio del CTM\" \/>\n<meta property=\"og:description\" content=\"Tra le tappe calabresi, il balletto pensato dalla Compagnia Almatanz sar\u00e0 in scena il 27 dicembre all&#039;Auditorium Zanotti Bianco\" \/>\n<meta property=\"og:url\" content=\"https:\/\/progettotouring.it\/radiotouring104\/2022\/12\/23\/lo-schiaccianoci-nel-programma-natalizio-del-centro-teatrale-meridionale\/\" \/>\n<meta property=\"og:site_name\" content=\"Radio Touring 104\" \/>\n<meta property=\"article:published_time\" content=\"2022-12-23T13:46:30+00:00\" \/>\n<meta property=\"og:image\" content=\"https:\/\/progettotouring.it\/radiotouring104\/wp-content\/uploads\/sites\/6\/2022\/12\/Schiaccianoci.jpg\" \/>\n\t<meta property=\"og:image:width\" content=\"800\" \/>\n\t<meta property=\"og:image:height\" content=\"500\" \/>\n\t<meta property=\"og:image:type\" content=\"image\/jpeg\" \/>\n<meta name=\"author\" content=\"Helena Pedone\" \/>\n<meta name=\"twitter:card\" content=\"summary_large_image\" \/>\n<meta name=\"twitter:label1\" content=\"Scritto da\" \/>\n\t<meta name=\"twitter:data1\" content=\"Helena Pedone\" \/>\n\t<meta name=\"twitter:label2\" content=\"Tempo di lettura stimato\" \/>\n\t<meta name=\"twitter:data2\" content=\"2 minuti\" \/>\n<script type=\"application\/ld+json\" class=\"yoast-schema-graph\">{\"@context\":\"https:\/\/schema.org\",\"@graph\":[{\"@type\":\"Article\",\"@id\":\"https:\/\/progettotouring.it\/radiotouring104\/2022\/12\/23\/lo-schiaccianoci-nel-programma-natalizio-del-centro-teatrale-meridionale\/#article\",\"isPartOf\":{\"@id\":\"https:\/\/progettotouring.it\/radiotouring104\/2022\/12\/23\/lo-schiaccianoci-nel-programma-natalizio-del-centro-teatrale-meridionale\/\"},\"author\":{\"name\":\"Helena Pedone\",\"@id\":\"https:\/\/progettotouring.it\/radiotouring104\/#\/schema\/person\/8458ed437f4094f881aab8e4cc572684\"},\"headline\":\"&#8220;Lo schiaccianoci&#8221; nel programma natalizio del Centro Teatrale Meridionale\",\"datePublished\":\"2022-12-23T13:46:30+00:00\",\"mainEntityOfPage\":{\"@id\":\"https:\/\/progettotouring.it\/radiotouring104\/2022\/12\/23\/lo-schiaccianoci-nel-programma-natalizio-del-centro-teatrale-meridionale\/\"},\"wordCount\":402,\"commentCount\":0,\"publisher\":{\"@id\":\"https:\/\/progettotouring.it\/radiotouring104\/#organization\"},\"image\":{\"@id\":\"https:\/\/progettotouring.it\/radiotouring104\/2022\/12\/23\/lo-schiaccianoci-nel-programma-natalizio-del-centro-teatrale-meridionale\/#primaryimage\"},\"thumbnailUrl\":\"https:\/\/progettotouring.it\/radiotouring104\/wp-content\/uploads\/sites\/6\/2022\/12\/Schiaccianoci.jpg\",\"keywords\":[\"Auditorium Zanotti Bianco\",\"Centro Teatrale Meridionale\",\"Compagnia Almatanz\",\"Lo Schiaccianoci\",\"reggio calabria\"],\"articleSection\":[\"Home\",\"News\",\"Reggio Calabria\",\"Spettacoli\"],\"inLanguage\":\"it-IT\",\"potentialAction\":[{\"@type\":\"CommentAction\",\"name\":\"Comment\",\"target\":[\"https:\/\/progettotouring.it\/radiotouring104\/2022\/12\/23\/lo-schiaccianoci-nel-programma-natalizio-del-centro-teatrale-meridionale\/#respond\"]}]},{\"@type\":\"WebPage\",\"@id\":\"https:\/\/progettotouring.it\/radiotouring104\/2022\/12\/23\/lo-schiaccianoci-nel-programma-natalizio-del-centro-teatrale-meridionale\/\",\"url\":\"https:\/\/progettotouring.it\/radiotouring104\/2022\/12\/23\/lo-schiaccianoci-nel-programma-natalizio-del-centro-teatrale-meridionale\/\",\"name\":\"\\\"Lo schiaccianoci\\\" nel programma natalizio del CTM\",\"isPartOf\":{\"@id\":\"https:\/\/progettotouring.it\/radiotouring104\/#website\"},\"primaryImageOfPage\":{\"@id\":\"https:\/\/progettotouring.it\/radiotouring104\/2022\/12\/23\/lo-schiaccianoci-nel-programma-natalizio-del-centro-teatrale-meridionale\/#primaryimage\"},\"image\":{\"@id\":\"https:\/\/progettotouring.it\/radiotouring104\/2022\/12\/23\/lo-schiaccianoci-nel-programma-natalizio-del-centro-teatrale-meridionale\/#primaryimage\"},\"thumbnailUrl\":\"https:\/\/progettotouring.it\/radiotouring104\/wp-content\/uploads\/sites\/6\/2022\/12\/Schiaccianoci.jpg\",\"datePublished\":\"2022-12-23T13:46:30+00:00\",\"description\":\"Tra le tappe calabresi, il balletto pensato dalla Compagnia Almatanz sar\u00e0 in scena il 27 dicembre all'Auditorium Zanotti Bianco\",\"breadcrumb\":{\"@id\":\"https:\/\/progettotouring.it\/radiotouring104\/2022\/12\/23\/lo-schiaccianoci-nel-programma-natalizio-del-centro-teatrale-meridionale\/#breadcrumb\"},\"inLanguage\":\"it-IT\",\"potentialAction\":[{\"@type\":\"ReadAction\",\"target\":[\"https:\/\/progettotouring.it\/radiotouring104\/2022\/12\/23\/lo-schiaccianoci-nel-programma-natalizio-del-centro-teatrale-meridionale\/\"]}]},{\"@type\":\"ImageObject\",\"inLanguage\":\"it-IT\",\"@id\":\"https:\/\/progettotouring.it\/radiotouring104\/2022\/12\/23\/lo-schiaccianoci-nel-programma-natalizio-del-centro-teatrale-meridionale\/#primaryimage\",\"url\":\"https:\/\/progettotouring.it\/radiotouring104\/wp-content\/uploads\/sites\/6\/2022\/12\/Schiaccianoci.jpg\",\"contentUrl\":\"https:\/\/progettotouring.it\/radiotouring104\/wp-content\/uploads\/sites\/6\/2022\/12\/Schiaccianoci.jpg\",\"width\":800,\"height\":500},{\"@type\":\"BreadcrumbList\",\"@id\":\"https:\/\/progettotouring.it\/radiotouring104\/2022\/12\/23\/lo-schiaccianoci-nel-programma-natalizio-del-centro-teatrale-meridionale\/#breadcrumb\",\"itemListElement\":[{\"@type\":\"ListItem\",\"position\":1,\"name\":\"Home\",\"item\":\"https:\/\/progettotouring.it\/radiotouring104\/\"},{\"@type\":\"ListItem\",\"position\":2,\"name\":\"&#8220;Lo schiaccianoci&#8221; nel programma natalizio del Centro Teatrale Meridionale\"}]},{\"@type\":\"WebSite\",\"@id\":\"https:\/\/progettotouring.it\/radiotouring104\/#website\",\"url\":\"https:\/\/progettotouring.it\/radiotouring104\/\",\"name\":\"Radio Touring 104\",\"description\":\"La prima radio Reggina\",\"publisher\":{\"@id\":\"https:\/\/progettotouring.it\/radiotouring104\/#organization\"},\"potentialAction\":[{\"@type\":\"SearchAction\",\"target\":{\"@type\":\"EntryPoint\",\"urlTemplate\":\"https:\/\/progettotouring.it\/radiotouring104\/?s={search_term_string}\"},\"query-input\":{\"@type\":\"PropertyValueSpecification\",\"valueRequired\":true,\"valueName\":\"search_term_string\"}}],\"inLanguage\":\"it-IT\"},{\"@type\":\"Organization\",\"@id\":\"https:\/\/progettotouring.it\/radiotouring104\/#organization\",\"name\":\"Radio Touring 104\",\"url\":\"https:\/\/progettotouring.it\/radiotouring104\/\",\"logo\":{\"@type\":\"ImageObject\",\"inLanguage\":\"it-IT\",\"@id\":\"https:\/\/progettotouring.it\/radiotouring104\/#\/schema\/logo\/image\/\",\"url\":\"https:\/\/progettotouring.it\/radiotouring104\/wp-content\/uploads\/sites\/6\/2022\/02\/cropped-logo-radio-touring-104.png\",\"contentUrl\":\"https:\/\/progettotouring.it\/radiotouring104\/wp-content\/uploads\/sites\/6\/2022\/02\/cropped-logo-radio-touring-104.png\",\"width\":377,\"height\":182,\"caption\":\"Radio Touring 104\"},\"image\":{\"@id\":\"https:\/\/progettotouring.it\/radiotouring104\/#\/schema\/logo\/image\/\"}},{\"@type\":\"Person\",\"@id\":\"https:\/\/progettotouring.it\/radiotouring104\/#\/schema\/person\/8458ed437f4094f881aab8e4cc572684\",\"name\":\"Helena Pedone\",\"image\":{\"@type\":\"ImageObject\",\"inLanguage\":\"it-IT\",\"@id\":\"https:\/\/secure.gravatar.com\/avatar\/95a63adf316f90175b68113b4b895a96641be06395ffeef88fea6178b30027d9?s=96&d=mm&r=g\",\"url\":\"https:\/\/secure.gravatar.com\/avatar\/95a63adf316f90175b68113b4b895a96641be06395ffeef88fea6178b30027d9?s=96&d=mm&r=g\",\"contentUrl\":\"https:\/\/secure.gravatar.com\/avatar\/95a63adf316f90175b68113b4b895a96641be06395ffeef88fea6178b30027d9?s=96&d=mm&r=g\",\"caption\":\"Helena Pedone\"},\"url\":\"https:\/\/progettotouring.it\/radiotouring104\/author\/helena\/\"}]}<\/script>\n<!-- \/ Yoast SEO plugin. -->","yoast_head_json":{"title":"\"Lo schiaccianoci\" nel programma natalizio del CTM","description":"Tra le tappe calabresi, il balletto pensato dalla Compagnia Almatanz sar\u00e0 in scena il 27 dicembre all'Auditorium Zanotti Bianco","robots":{"index":"index","follow":"follow","max-snippet":"max-snippet:-1","max-image-preview":"max-image-preview:large","max-video-preview":"max-video-preview:-1"},"canonical":"https:\/\/progettotouring.it\/radiotouring104\/2022\/12\/23\/lo-schiaccianoci-nel-programma-natalizio-del-centro-teatrale-meridionale\/","og_locale":"it_IT","og_type":"article","og_title":"\"Lo schiaccianoci\" nel programma natalizio del CTM","og_description":"Tra le tappe calabresi, il balletto pensato dalla Compagnia Almatanz sar\u00e0 in scena il 27 dicembre all'Auditorium Zanotti Bianco","og_url":"https:\/\/progettotouring.it\/radiotouring104\/2022\/12\/23\/lo-schiaccianoci-nel-programma-natalizio-del-centro-teatrale-meridionale\/","og_site_name":"Radio Touring 104","article_published_time":"2022-12-23T13:46:30+00:00","og_image":[{"width":800,"height":500,"url":"https:\/\/progettotouring.it\/radiotouring104\/wp-content\/uploads\/sites\/6\/2022\/12\/Schiaccianoci.jpg","type":"image\/jpeg"}],"author":"Helena Pedone","twitter_card":"summary_large_image","twitter_misc":{"Scritto da":"Helena Pedone","Tempo di lettura stimato":"2 minuti"},"schema":{"@context":"https:\/\/schema.org","@graph":[{"@type":"Article","@id":"https:\/\/progettotouring.it\/radiotouring104\/2022\/12\/23\/lo-schiaccianoci-nel-programma-natalizio-del-centro-teatrale-meridionale\/#article","isPartOf":{"@id":"https:\/\/progettotouring.it\/radiotouring104\/2022\/12\/23\/lo-schiaccianoci-nel-programma-natalizio-del-centro-teatrale-meridionale\/"},"author":{"name":"Helena Pedone","@id":"https:\/\/progettotouring.it\/radiotouring104\/#\/schema\/person\/8458ed437f4094f881aab8e4cc572684"},"headline":"&#8220;Lo schiaccianoci&#8221; nel programma natalizio del Centro Teatrale Meridionale","datePublished":"2022-12-23T13:46:30+00:00","mainEntityOfPage":{"@id":"https:\/\/progettotouring.it\/radiotouring104\/2022\/12\/23\/lo-schiaccianoci-nel-programma-natalizio-del-centro-teatrale-meridionale\/"},"wordCount":402,"commentCount":0,"publisher":{"@id":"https:\/\/progettotouring.it\/radiotouring104\/#organization"},"image":{"@id":"https:\/\/progettotouring.it\/radiotouring104\/2022\/12\/23\/lo-schiaccianoci-nel-programma-natalizio-del-centro-teatrale-meridionale\/#primaryimage"},"thumbnailUrl":"https:\/\/progettotouring.it\/radiotouring104\/wp-content\/uploads\/sites\/6\/2022\/12\/Schiaccianoci.jpg","keywords":["Auditorium Zanotti Bianco","Centro Teatrale Meridionale","Compagnia Almatanz","Lo Schiaccianoci","reggio calabria"],"articleSection":["Home","News","Reggio Calabria","Spettacoli"],"inLanguage":"it-IT","potentialAction":[{"@type":"CommentAction","name":"Comment","target":["https:\/\/progettotouring.it\/radiotouring104\/2022\/12\/23\/lo-schiaccianoci-nel-programma-natalizio-del-centro-teatrale-meridionale\/#respond"]}]},{"@type":"WebPage","@id":"https:\/\/progettotouring.it\/radiotouring104\/2022\/12\/23\/lo-schiaccianoci-nel-programma-natalizio-del-centro-teatrale-meridionale\/","url":"https:\/\/progettotouring.it\/radiotouring104\/2022\/12\/23\/lo-schiaccianoci-nel-programma-natalizio-del-centro-teatrale-meridionale\/","name":"\"Lo schiaccianoci\" nel programma natalizio del CTM","isPartOf":{"@id":"https:\/\/progettotouring.it\/radiotouring104\/#website"},"primaryImageOfPage":{"@id":"https:\/\/progettotouring.it\/radiotouring104\/2022\/12\/23\/lo-schiaccianoci-nel-programma-natalizio-del-centro-teatrale-meridionale\/#primaryimage"},"image":{"@id":"https:\/\/progettotouring.it\/radiotouring104\/2022\/12\/23\/lo-schiaccianoci-nel-programma-natalizio-del-centro-teatrale-meridionale\/#primaryimage"},"thumbnailUrl":"https:\/\/progettotouring.it\/radiotouring104\/wp-content\/uploads\/sites\/6\/2022\/12\/Schiaccianoci.jpg","datePublished":"2022-12-23T13:46:30+00:00","description":"Tra le tappe calabresi, il balletto pensato dalla Compagnia Almatanz sar\u00e0 in scena il 27 dicembre all'Auditorium Zanotti Bianco","breadcrumb":{"@id":"https:\/\/progettotouring.it\/radiotouring104\/2022\/12\/23\/lo-schiaccianoci-nel-programma-natalizio-del-centro-teatrale-meridionale\/#breadcrumb"},"inLanguage":"it-IT","potentialAction":[{"@type":"ReadAction","target":["https:\/\/progettotouring.it\/radiotouring104\/2022\/12\/23\/lo-schiaccianoci-nel-programma-natalizio-del-centro-teatrale-meridionale\/"]}]},{"@type":"ImageObject","inLanguage":"it-IT","@id":"https:\/\/progettotouring.it\/radiotouring104\/2022\/12\/23\/lo-schiaccianoci-nel-programma-natalizio-del-centro-teatrale-meridionale\/#primaryimage","url":"https:\/\/progettotouring.it\/radiotouring104\/wp-content\/uploads\/sites\/6\/2022\/12\/Schiaccianoci.jpg","contentUrl":"https:\/\/progettotouring.it\/radiotouring104\/wp-content\/uploads\/sites\/6\/2022\/12\/Schiaccianoci.jpg","width":800,"height":500},{"@type":"BreadcrumbList","@id":"https:\/\/progettotouring.it\/radiotouring104\/2022\/12\/23\/lo-schiaccianoci-nel-programma-natalizio-del-centro-teatrale-meridionale\/#breadcrumb","itemListElement":[{"@type":"ListItem","position":1,"name":"Home","item":"https:\/\/progettotouring.it\/radiotouring104\/"},{"@type":"ListItem","position":2,"name":"&#8220;Lo schiaccianoci&#8221; nel programma natalizio del Centro Teatrale Meridionale"}]},{"@type":"WebSite","@id":"https:\/\/progettotouring.it\/radiotouring104\/#website","url":"https:\/\/progettotouring.it\/radiotouring104\/","name":"Radio Touring 104","description":"La prima radio Reggina","publisher":{"@id":"https:\/\/progettotouring.it\/radiotouring104\/#organization"},"potentialAction":[{"@type":"SearchAction","target":{"@type":"EntryPoint","urlTemplate":"https:\/\/progettotouring.it\/radiotouring104\/?s={search_term_string}"},"query-input":{"@type":"PropertyValueSpecification","valueRequired":true,"valueName":"search_term_string"}}],"inLanguage":"it-IT"},{"@type":"Organization","@id":"https:\/\/progettotouring.it\/radiotouring104\/#organization","name":"Radio Touring 104","url":"https:\/\/progettotouring.it\/radiotouring104\/","logo":{"@type":"ImageObject","inLanguage":"it-IT","@id":"https:\/\/progettotouring.it\/radiotouring104\/#\/schema\/logo\/image\/","url":"https:\/\/progettotouring.it\/radiotouring104\/wp-content\/uploads\/sites\/6\/2022\/02\/cropped-logo-radio-touring-104.png","contentUrl":"https:\/\/progettotouring.it\/radiotouring104\/wp-content\/uploads\/sites\/6\/2022\/02\/cropped-logo-radio-touring-104.png","width":377,"height":182,"caption":"Radio Touring 104"},"image":{"@id":"https:\/\/progettotouring.it\/radiotouring104\/#\/schema\/logo\/image\/"}},{"@type":"Person","@id":"https:\/\/progettotouring.it\/radiotouring104\/#\/schema\/person\/8458ed437f4094f881aab8e4cc572684","name":"Helena Pedone","image":{"@type":"ImageObject","inLanguage":"it-IT","@id":"https:\/\/secure.gravatar.com\/avatar\/95a63adf316f90175b68113b4b895a96641be06395ffeef88fea6178b30027d9?s=96&d=mm&r=g","url":"https:\/\/secure.gravatar.com\/avatar\/95a63adf316f90175b68113b4b895a96641be06395ffeef88fea6178b30027d9?s=96&d=mm&r=g","contentUrl":"https:\/\/secure.gravatar.com\/avatar\/95a63adf316f90175b68113b4b895a96641be06395ffeef88fea6178b30027d9?s=96&d=mm&r=g","caption":"Helena Pedone"},"url":"https:\/\/progettotouring.it\/radiotouring104\/author\/helena\/"}]}},"jetpack_publicize_connections":[],"jetpack_featured_media_url":"https:\/\/progettotouring.it\/radiotouring104\/wp-content\/uploads\/sites\/6\/2022\/12\/Schiaccianoci.jpg","jetpack_sharing_enabled":true,"_links":{"self":[{"href":"https:\/\/progettotouring.it\/radiotouring104\/wp-json\/wp\/v2\/posts\/15503","targetHints":{"allow":["GET"]}}],"collection":[{"href":"https:\/\/progettotouring.it\/radiotouring104\/wp-json\/wp\/v2\/posts"}],"about":[{"href":"https:\/\/progettotouring.it\/radiotouring104\/wp-json\/wp\/v2\/types\/post"}],"author":[{"embeddable":true,"href":"https:\/\/progettotouring.it\/radiotouring104\/wp-json\/wp\/v2\/users\/13"}],"replies":[{"embeddable":true,"href":"https:\/\/progettotouring.it\/radiotouring104\/wp-json\/wp\/v2\/comments?post=15503"}],"version-history":[{"count":1,"href":"https:\/\/progettotouring.it\/radiotouring104\/wp-json\/wp\/v2\/posts\/15503\/revisions"}],"predecessor-version":[{"id":15505,"href":"https:\/\/progettotouring.it\/radiotouring104\/wp-json\/wp\/v2\/posts\/15503\/revisions\/15505"}],"wp:featuredmedia":[{"embeddable":true,"href":"https:\/\/progettotouring.it\/radiotouring104\/wp-json\/wp\/v2\/media\/15504"}],"wp:attachment":[{"href":"https:\/\/progettotouring.it\/radiotouring104\/wp-json\/wp\/v2\/media?parent=15503"}],"wp:term":[{"taxonomy":"category","embeddable":true,"href":"https:\/\/progettotouring.it\/radiotouring104\/wp-json\/wp\/v2\/categories?post=15503"},{"taxonomy":"post_tag","embeddable":true,"href":"https:\/\/progettotouring.it\/radiotouring104\/wp-json\/wp\/v2\/tags?post=15503"}],"curies":[{"name":"wp","href":"https:\/\/api.w.org\/{rel}","templated":true}]}}