{"id":15506,"date":"2022-12-23T15:02:38","date_gmt":"2022-12-23T14:02:38","guid":{"rendered":"https:\/\/progettotouring.it\/radiotouring104\/?p=15506"},"modified":"2022-12-23T15:03:49","modified_gmt":"2022-12-23T14:03:49","slug":"reggio-casa-delle-donne-un-avviso-pubblico-per-un-progetto-partecipato","status":"publish","type":"post","link":"https:\/\/progettotouring.it\/radiotouring104\/2022\/12\/23\/reggio-casa-delle-donne-un-avviso-pubblico-per-un-progetto-partecipato\/","title":{"rendered":"Reggio, Casa delle Donne: un avviso pubblico per un progetto partecipato"},"content":{"rendered":"<p>&#8220;Un ulteriore impegno rispettato, una buona notizia per la citt\u00e0, una novit\u00e0 simbolica e sostanziale che segna un nuovo obiettivo di civilt\u00e0 che sta per realizzarsi&#8221;. Commenta cos\u00ec l&#8217;Assessore con delega alle Politiche di genere Angela Martino il recente avvio dei lavori per la realizzazione della Casa delle Donne, il centro di accoglienza per le donne vittime di abusi e violenza, pensato per la zona sud di Reggio Calabria.<br \/>\n&#8220;Lo riteniamo uno degli obiettivi qualificanti della nostra azione politico-amministrativa sul territorio. In accordo alle linee di mandato del sindaco Falcomat\u00e0, il nostro intento \u00e8 quello di utilizzare al meglio le risorse extracomunali per aumentare quantit\u00e0 e qualit\u00e0 di servizi per il sostegno delle fragilit\u00e0. E in questo quadro si inserisce anche l&#8217;indirizzo strategico voluto dalla giunta, oggi guidata dal facente funzioni Paolo Brunetti, che vede nella realizzazione della Casa delle Donne un importante risultato da mettere a disposizione della comunit\u00e0 reggina&#8221;.<br \/>\n&#8220;Naturalmente la realizzazione della struttura non sar\u00e0 un obiettivo fine a s\u00e9 stesso &#8211; ha spiegato ancora Martino &#8211; personalmente intendo precedere l&#8217;ultimazione dei lavori, per i quali ringrazio tutto il team di Agenda Urbana con il delegato Carmelo Romeo ed il Rup Michele Tigani, da un percorso partecipativo con le tante associazioni che sul nostro territorio si occupano del sostegno alle donne vittime di violenza. Credo sia un tema qualificante quello di condividere questi obiettivi con chi, pi\u00f9 di ogni altro, conosce le difficolt\u00e0 cui vanno incontro queste persone, nel momento in cui si trovano ad affrontare il difficile percorso della denuncia e dell&#8217;allontanamento dal partner. Siamo soddisfatti che l&#8217;iter stia procedendo in maniera spedita e vogliamo fare in modo di arrivare pronti all&#8217;apertura della struttura, individuando tramite avviso pubblico un partner del terzo settore che possa farla funzionare secondo le aspettative degli utenti che costituiscono una priorit\u00e0 assoluta per il nostro Ente&#8221;.<\/p>\n","protected":false},"excerpt":{"rendered":"<p>&#8220;Un ulteriore impegno rispettato, una buona notizia per la citt\u00e0, una novit\u00e0 simbolica e sostanziale che segna un nuovo obiettivo di civilt\u00e0 che sta per realizzarsi&#8221;. Commenta cos\u00ec l&#8217;Assessore con&hellip;<\/p>\n","protected":false},"author":13,"featured_media":15508,"comment_status":"open","ping_status":"open","sticky":false,"template":"","format":"standard","meta":{"_jetpack_memberships_contains_paid_content":false,"footnotes":"","jetpack_publicize_message":"","jetpack_publicize_feature_enabled":true,"jetpack_social_post_already_shared":false,"jetpack_social_options":{"image_generator_settings":{"template":"highway","default_image_id":0,"font":"","enabled":false},"version":2}},"categories":[921,196,140],"tags":[1345,7700,2000,236],"class_list":["post-15506","post","type-post","status-publish","format-standard","has-post-thumbnail","hentry","category-home","category-news","category-reggio-calabria","tag-angela-martino","tag-assessorato-politiche-di-genere","tag-casa-delle-donne","tag-reggio-calabria"],"yoast_head":"<!-- This site is optimized with the Yoast SEO plugin v27.2 - https:\/\/yoast.com\/product\/yoast-seo-wordpress\/ -->\n<title>Casa delle Donne: un avviso pubblico per un progetto partecipato<\/title>\n<meta name=\"description\" content=\"L&#039;Assessore alle Politiche di genere di Reggio illustra il percorso che seguir\u00e0 alla creazione della struttura di accoglienza\" \/>\n<meta name=\"robots\" content=\"index, follow, max-snippet:-1, max-image-preview:large, max-video-preview:-1\" \/>\n<link rel=\"canonical\" href=\"https:\/\/progettotouring.it\/radiotouring104\/2022\/12\/23\/reggio-casa-delle-donne-un-avviso-pubblico-per-un-progetto-partecipato\/\" \/>\n<meta property=\"og:locale\" content=\"it_IT\" \/>\n<meta property=\"og:type\" content=\"article\" \/>\n<meta property=\"og:title\" content=\"Casa delle Donne: un avviso pubblico per un progetto partecipato\" \/>\n<meta property=\"og:description\" content=\"L&#039;Assessore alle Politiche di genere di Reggio illustra il percorso che seguir\u00e0 alla creazione della struttura di accoglienza\" \/>\n<meta property=\"og:url\" content=\"https:\/\/progettotouring.it\/radiotouring104\/2022\/12\/23\/reggio-casa-delle-donne-un-avviso-pubblico-per-un-progetto-partecipato\/\" \/>\n<meta property=\"og:site_name\" content=\"Radio Touring 104\" \/>\n<meta property=\"article:published_time\" content=\"2022-12-23T14:02:38+00:00\" \/>\n<meta property=\"article:modified_time\" content=\"2022-12-23T14:03:49+00:00\" \/>\n<meta property=\"og:image\" content=\"https:\/\/progettotouring.it\/radiotouring104\/wp-content\/uploads\/sites\/6\/2022\/12\/Casa-delle-Donne-PROGETTO.jpg\" \/>\n\t<meta property=\"og:image:width\" content=\"831\" \/>\n\t<meta property=\"og:image:height\" content=\"460\" \/>\n\t<meta property=\"og:image:type\" content=\"image\/jpeg\" \/>\n<meta name=\"author\" content=\"Helena Pedone\" \/>\n<meta name=\"twitter:card\" content=\"summary_large_image\" \/>\n<meta name=\"twitter:label1\" content=\"Scritto da\" \/>\n\t<meta name=\"twitter:data1\" content=\"Helena Pedone\" \/>\n\t<meta name=\"twitter:label2\" content=\"Tempo di lettura stimato\" \/>\n\t<meta name=\"twitter:data2\" content=\"2 minuti\" \/>\n<script type=\"application\/ld+json\" class=\"yoast-schema-graph\">{\"@context\":\"https:\/\/schema.org\",\"@graph\":[{\"@type\":\"Article\",\"@id\":\"https:\/\/progettotouring.it\/radiotouring104\/2022\/12\/23\/reggio-casa-delle-donne-un-avviso-pubblico-per-un-progetto-partecipato\/#article\",\"isPartOf\":{\"@id\":\"https:\/\/progettotouring.it\/radiotouring104\/2022\/12\/23\/reggio-casa-delle-donne-un-avviso-pubblico-per-un-progetto-partecipato\/\"},\"author\":{\"name\":\"Helena Pedone\",\"@id\":\"https:\/\/progettotouring.it\/radiotouring104\/#\/schema\/person\/8458ed437f4094f881aab8e4cc572684\"},\"headline\":\"Reggio, Casa delle Donne: un avviso pubblico per un progetto partecipato\",\"datePublished\":\"2022-12-23T14:02:38+00:00\",\"dateModified\":\"2022-12-23T14:03:49+00:00\",\"mainEntityOfPage\":{\"@id\":\"https:\/\/progettotouring.it\/radiotouring104\/2022\/12\/23\/reggio-casa-delle-donne-un-avviso-pubblico-per-un-progetto-partecipato\/\"},\"wordCount\":315,\"commentCount\":0,\"publisher\":{\"@id\":\"https:\/\/progettotouring.it\/radiotouring104\/#organization\"},\"image\":{\"@id\":\"https:\/\/progettotouring.it\/radiotouring104\/2022\/12\/23\/reggio-casa-delle-donne-un-avviso-pubblico-per-un-progetto-partecipato\/#primaryimage\"},\"thumbnailUrl\":\"https:\/\/progettotouring.it\/radiotouring104\/wp-content\/uploads\/sites\/6\/2022\/12\/Casa-delle-Donne-PROGETTO.jpg\",\"keywords\":[\"angela martino\",\"Assessorato Politiche di genere\",\"casa delle donne\",\"reggio calabria\"],\"articleSection\":[\"Home\",\"News\",\"Reggio Calabria\"],\"inLanguage\":\"it-IT\",\"potentialAction\":[{\"@type\":\"CommentAction\",\"name\":\"Comment\",\"target\":[\"https:\/\/progettotouring.it\/radiotouring104\/2022\/12\/23\/reggio-casa-delle-donne-un-avviso-pubblico-per-un-progetto-partecipato\/#respond\"]}]},{\"@type\":\"WebPage\",\"@id\":\"https:\/\/progettotouring.it\/radiotouring104\/2022\/12\/23\/reggio-casa-delle-donne-un-avviso-pubblico-per-un-progetto-partecipato\/\",\"url\":\"https:\/\/progettotouring.it\/radiotouring104\/2022\/12\/23\/reggio-casa-delle-donne-un-avviso-pubblico-per-un-progetto-partecipato\/\",\"name\":\"Casa delle Donne: un avviso pubblico per un progetto partecipato\",\"isPartOf\":{\"@id\":\"https:\/\/progettotouring.it\/radiotouring104\/#website\"},\"primaryImageOfPage\":{\"@id\":\"https:\/\/progettotouring.it\/radiotouring104\/2022\/12\/23\/reggio-casa-delle-donne-un-avviso-pubblico-per-un-progetto-partecipato\/#primaryimage\"},\"image\":{\"@id\":\"https:\/\/progettotouring.it\/radiotouring104\/2022\/12\/23\/reggio-casa-delle-donne-un-avviso-pubblico-per-un-progetto-partecipato\/#primaryimage\"},\"thumbnailUrl\":\"https:\/\/progettotouring.it\/radiotouring104\/wp-content\/uploads\/sites\/6\/2022\/12\/Casa-delle-Donne-PROGETTO.jpg\",\"datePublished\":\"2022-12-23T14:02:38+00:00\",\"dateModified\":\"2022-12-23T14:03:49+00:00\",\"description\":\"L'Assessore alle Politiche di genere di Reggio illustra il percorso che seguir\u00e0 alla creazione della struttura di accoglienza\",\"breadcrumb\":{\"@id\":\"https:\/\/progettotouring.it\/radiotouring104\/2022\/12\/23\/reggio-casa-delle-donne-un-avviso-pubblico-per-un-progetto-partecipato\/#breadcrumb\"},\"inLanguage\":\"it-IT\",\"potentialAction\":[{\"@type\":\"ReadAction\",\"target\":[\"https:\/\/progettotouring.it\/radiotouring104\/2022\/12\/23\/reggio-casa-delle-donne-un-avviso-pubblico-per-un-progetto-partecipato\/\"]}]},{\"@type\":\"ImageObject\",\"inLanguage\":\"it-IT\",\"@id\":\"https:\/\/progettotouring.it\/radiotouring104\/2022\/12\/23\/reggio-casa-delle-donne-un-avviso-pubblico-per-un-progetto-partecipato\/#primaryimage\",\"url\":\"https:\/\/progettotouring.it\/radiotouring104\/wp-content\/uploads\/sites\/6\/2022\/12\/Casa-delle-Donne-PROGETTO.jpg\",\"contentUrl\":\"https:\/\/progettotouring.it\/radiotouring104\/wp-content\/uploads\/sites\/6\/2022\/12\/Casa-delle-Donne-PROGETTO.jpg\",\"width\":831,\"height\":460},{\"@type\":\"BreadcrumbList\",\"@id\":\"https:\/\/progettotouring.it\/radiotouring104\/2022\/12\/23\/reggio-casa-delle-donne-un-avviso-pubblico-per-un-progetto-partecipato\/#breadcrumb\",\"itemListElement\":[{\"@type\":\"ListItem\",\"position\":1,\"name\":\"Home\",\"item\":\"https:\/\/progettotouring.it\/radiotouring104\/\"},{\"@type\":\"ListItem\",\"position\":2,\"name\":\"Reggio, Casa delle Donne: un avviso pubblico per un progetto partecipato\"}]},{\"@type\":\"WebSite\",\"@id\":\"https:\/\/progettotouring.it\/radiotouring104\/#website\",\"url\":\"https:\/\/progettotouring.it\/radiotouring104\/\",\"name\":\"Radio Touring 104\",\"description\":\"La prima radio Reggina\",\"publisher\":{\"@id\":\"https:\/\/progettotouring.it\/radiotouring104\/#organization\"},\"potentialAction\":[{\"@type\":\"SearchAction\",\"target\":{\"@type\":\"EntryPoint\",\"urlTemplate\":\"https:\/\/progettotouring.it\/radiotouring104\/?s={search_term_string}\"},\"query-input\":{\"@type\":\"PropertyValueSpecification\",\"valueRequired\":true,\"valueName\":\"search_term_string\"}}],\"inLanguage\":\"it-IT\"},{\"@type\":\"Organization\",\"@id\":\"https:\/\/progettotouring.it\/radiotouring104\/#organization\",\"name\":\"Radio Touring 104\",\"url\":\"https:\/\/progettotouring.it\/radiotouring104\/\",\"logo\":{\"@type\":\"ImageObject\",\"inLanguage\":\"it-IT\",\"@id\":\"https:\/\/progettotouring.it\/radiotouring104\/#\/schema\/logo\/image\/\",\"url\":\"https:\/\/progettotouring.it\/radiotouring104\/wp-content\/uploads\/sites\/6\/2022\/02\/cropped-logo-radio-touring-104.png\",\"contentUrl\":\"https:\/\/progettotouring.it\/radiotouring104\/wp-content\/uploads\/sites\/6\/2022\/02\/cropped-logo-radio-touring-104.png\",\"width\":377,\"height\":182,\"caption\":\"Radio Touring 104\"},\"image\":{\"@id\":\"https:\/\/progettotouring.it\/radiotouring104\/#\/schema\/logo\/image\/\"}},{\"@type\":\"Person\",\"@id\":\"https:\/\/progettotouring.it\/radiotouring104\/#\/schema\/person\/8458ed437f4094f881aab8e4cc572684\",\"name\":\"Helena Pedone\",\"image\":{\"@type\":\"ImageObject\",\"inLanguage\":\"it-IT\",\"@id\":\"https:\/\/secure.gravatar.com\/avatar\/95a63adf316f90175b68113b4b895a96641be06395ffeef88fea6178b30027d9?s=96&d=mm&r=g\",\"url\":\"https:\/\/secure.gravatar.com\/avatar\/95a63adf316f90175b68113b4b895a96641be06395ffeef88fea6178b30027d9?s=96&d=mm&r=g\",\"contentUrl\":\"https:\/\/secure.gravatar.com\/avatar\/95a63adf316f90175b68113b4b895a96641be06395ffeef88fea6178b30027d9?s=96&d=mm&r=g\",\"caption\":\"Helena Pedone\"},\"url\":\"https:\/\/progettotouring.it\/radiotouring104\/author\/helena\/\"}]}<\/script>\n<!-- \/ Yoast SEO plugin. -->","yoast_head_json":{"title":"Casa delle Donne: un avviso pubblico per un progetto partecipato","description":"L'Assessore alle Politiche di genere di Reggio illustra il percorso che seguir\u00e0 alla creazione della struttura di accoglienza","robots":{"index":"index","follow":"follow","max-snippet":"max-snippet:-1","max-image-preview":"max-image-preview:large","max-video-preview":"max-video-preview:-1"},"canonical":"https:\/\/progettotouring.it\/radiotouring104\/2022\/12\/23\/reggio-casa-delle-donne-un-avviso-pubblico-per-un-progetto-partecipato\/","og_locale":"it_IT","og_type":"article","og_title":"Casa delle Donne: un avviso pubblico per un progetto partecipato","og_description":"L'Assessore alle Politiche di genere di Reggio illustra il percorso che seguir\u00e0 alla creazione della struttura di accoglienza","og_url":"https:\/\/progettotouring.it\/radiotouring104\/2022\/12\/23\/reggio-casa-delle-donne-un-avviso-pubblico-per-un-progetto-partecipato\/","og_site_name":"Radio Touring 104","article_published_time":"2022-12-23T14:02:38+00:00","article_modified_time":"2022-12-23T14:03:49+00:00","og_image":[{"width":831,"height":460,"url":"https:\/\/progettotouring.it\/radiotouring104\/wp-content\/uploads\/sites\/6\/2022\/12\/Casa-delle-Donne-PROGETTO.jpg","type":"image\/jpeg"}],"author":"Helena Pedone","twitter_card":"summary_large_image","twitter_misc":{"Scritto da":"Helena Pedone","Tempo di lettura stimato":"2 minuti"},"schema":{"@context":"https:\/\/schema.org","@graph":[{"@type":"Article","@id":"https:\/\/progettotouring.it\/radiotouring104\/2022\/12\/23\/reggio-casa-delle-donne-un-avviso-pubblico-per-un-progetto-partecipato\/#article","isPartOf":{"@id":"https:\/\/progettotouring.it\/radiotouring104\/2022\/12\/23\/reggio-casa-delle-donne-un-avviso-pubblico-per-un-progetto-partecipato\/"},"author":{"name":"Helena Pedone","@id":"https:\/\/progettotouring.it\/radiotouring104\/#\/schema\/person\/8458ed437f4094f881aab8e4cc572684"},"headline":"Reggio, Casa delle Donne: un avviso pubblico per un progetto partecipato","datePublished":"2022-12-23T14:02:38+00:00","dateModified":"2022-12-23T14:03:49+00:00","mainEntityOfPage":{"@id":"https:\/\/progettotouring.it\/radiotouring104\/2022\/12\/23\/reggio-casa-delle-donne-un-avviso-pubblico-per-un-progetto-partecipato\/"},"wordCount":315,"commentCount":0,"publisher":{"@id":"https:\/\/progettotouring.it\/radiotouring104\/#organization"},"image":{"@id":"https:\/\/progettotouring.it\/radiotouring104\/2022\/12\/23\/reggio-casa-delle-donne-un-avviso-pubblico-per-un-progetto-partecipato\/#primaryimage"},"thumbnailUrl":"https:\/\/progettotouring.it\/radiotouring104\/wp-content\/uploads\/sites\/6\/2022\/12\/Casa-delle-Donne-PROGETTO.jpg","keywords":["angela martino","Assessorato Politiche di genere","casa delle donne","reggio calabria"],"articleSection":["Home","News","Reggio Calabria"],"inLanguage":"it-IT","potentialAction":[{"@type":"CommentAction","name":"Comment","target":["https:\/\/progettotouring.it\/radiotouring104\/2022\/12\/23\/reggio-casa-delle-donne-un-avviso-pubblico-per-un-progetto-partecipato\/#respond"]}]},{"@type":"WebPage","@id":"https:\/\/progettotouring.it\/radiotouring104\/2022\/12\/23\/reggio-casa-delle-donne-un-avviso-pubblico-per-un-progetto-partecipato\/","url":"https:\/\/progettotouring.it\/radiotouring104\/2022\/12\/23\/reggio-casa-delle-donne-un-avviso-pubblico-per-un-progetto-partecipato\/","name":"Casa delle Donne: un avviso pubblico per un progetto partecipato","isPartOf":{"@id":"https:\/\/progettotouring.it\/radiotouring104\/#website"},"primaryImageOfPage":{"@id":"https:\/\/progettotouring.it\/radiotouring104\/2022\/12\/23\/reggio-casa-delle-donne-un-avviso-pubblico-per-un-progetto-partecipato\/#primaryimage"},"image":{"@id":"https:\/\/progettotouring.it\/radiotouring104\/2022\/12\/23\/reggio-casa-delle-donne-un-avviso-pubblico-per-un-progetto-partecipato\/#primaryimage"},"thumbnailUrl":"https:\/\/progettotouring.it\/radiotouring104\/wp-content\/uploads\/sites\/6\/2022\/12\/Casa-delle-Donne-PROGETTO.jpg","datePublished":"2022-12-23T14:02:38+00:00","dateModified":"2022-12-23T14:03:49+00:00","description":"L'Assessore alle Politiche di genere di Reggio illustra il percorso che seguir\u00e0 alla creazione della struttura di accoglienza","breadcrumb":{"@id":"https:\/\/progettotouring.it\/radiotouring104\/2022\/12\/23\/reggio-casa-delle-donne-un-avviso-pubblico-per-un-progetto-partecipato\/#breadcrumb"},"inLanguage":"it-IT","potentialAction":[{"@type":"ReadAction","target":["https:\/\/progettotouring.it\/radiotouring104\/2022\/12\/23\/reggio-casa-delle-donne-un-avviso-pubblico-per-un-progetto-partecipato\/"]}]},{"@type":"ImageObject","inLanguage":"it-IT","@id":"https:\/\/progettotouring.it\/radiotouring104\/2022\/12\/23\/reggio-casa-delle-donne-un-avviso-pubblico-per-un-progetto-partecipato\/#primaryimage","url":"https:\/\/progettotouring.it\/radiotouring104\/wp-content\/uploads\/sites\/6\/2022\/12\/Casa-delle-Donne-PROGETTO.jpg","contentUrl":"https:\/\/progettotouring.it\/radiotouring104\/wp-content\/uploads\/sites\/6\/2022\/12\/Casa-delle-Donne-PROGETTO.jpg","width":831,"height":460},{"@type":"BreadcrumbList","@id":"https:\/\/progettotouring.it\/radiotouring104\/2022\/12\/23\/reggio-casa-delle-donne-un-avviso-pubblico-per-un-progetto-partecipato\/#breadcrumb","itemListElement":[{"@type":"ListItem","position":1,"name":"Home","item":"https:\/\/progettotouring.it\/radiotouring104\/"},{"@type":"ListItem","position":2,"name":"Reggio, Casa delle Donne: un avviso pubblico per un progetto partecipato"}]},{"@type":"WebSite","@id":"https:\/\/progettotouring.it\/radiotouring104\/#website","url":"https:\/\/progettotouring.it\/radiotouring104\/","name":"Radio Touring 104","description":"La prima radio Reggina","publisher":{"@id":"https:\/\/progettotouring.it\/radiotouring104\/#organization"},"potentialAction":[{"@type":"SearchAction","target":{"@type":"EntryPoint","urlTemplate":"https:\/\/progettotouring.it\/radiotouring104\/?s={search_term_string}"},"query-input":{"@type":"PropertyValueSpecification","valueRequired":true,"valueName":"search_term_string"}}],"inLanguage":"it-IT"},{"@type":"Organization","@id":"https:\/\/progettotouring.it\/radiotouring104\/#organization","name":"Radio Touring 104","url":"https:\/\/progettotouring.it\/radiotouring104\/","logo":{"@type":"ImageObject","inLanguage":"it-IT","@id":"https:\/\/progettotouring.it\/radiotouring104\/#\/schema\/logo\/image\/","url":"https:\/\/progettotouring.it\/radiotouring104\/wp-content\/uploads\/sites\/6\/2022\/02\/cropped-logo-radio-touring-104.png","contentUrl":"https:\/\/progettotouring.it\/radiotouring104\/wp-content\/uploads\/sites\/6\/2022\/02\/cropped-logo-radio-touring-104.png","width":377,"height":182,"caption":"Radio Touring 104"},"image":{"@id":"https:\/\/progettotouring.it\/radiotouring104\/#\/schema\/logo\/image\/"}},{"@type":"Person","@id":"https:\/\/progettotouring.it\/radiotouring104\/#\/schema\/person\/8458ed437f4094f881aab8e4cc572684","name":"Helena Pedone","image":{"@type":"ImageObject","inLanguage":"it-IT","@id":"https:\/\/secure.gravatar.com\/avatar\/95a63adf316f90175b68113b4b895a96641be06395ffeef88fea6178b30027d9?s=96&d=mm&r=g","url":"https:\/\/secure.gravatar.com\/avatar\/95a63adf316f90175b68113b4b895a96641be06395ffeef88fea6178b30027d9?s=96&d=mm&r=g","contentUrl":"https:\/\/secure.gravatar.com\/avatar\/95a63adf316f90175b68113b4b895a96641be06395ffeef88fea6178b30027d9?s=96&d=mm&r=g","caption":"Helena Pedone"},"url":"https:\/\/progettotouring.it\/radiotouring104\/author\/helena\/"}]}},"jetpack_publicize_connections":[],"jetpack_featured_media_url":"https:\/\/progettotouring.it\/radiotouring104\/wp-content\/uploads\/sites\/6\/2022\/12\/Casa-delle-Donne-PROGETTO.jpg","jetpack_sharing_enabled":true,"_links":{"self":[{"href":"https:\/\/progettotouring.it\/radiotouring104\/wp-json\/wp\/v2\/posts\/15506","targetHints":{"allow":["GET"]}}],"collection":[{"href":"https:\/\/progettotouring.it\/radiotouring104\/wp-json\/wp\/v2\/posts"}],"about":[{"href":"https:\/\/progettotouring.it\/radiotouring104\/wp-json\/wp\/v2\/types\/post"}],"author":[{"embeddable":true,"href":"https:\/\/progettotouring.it\/radiotouring104\/wp-json\/wp\/v2\/users\/13"}],"replies":[{"embeddable":true,"href":"https:\/\/progettotouring.it\/radiotouring104\/wp-json\/wp\/v2\/comments?post=15506"}],"version-history":[{"count":1,"href":"https:\/\/progettotouring.it\/radiotouring104\/wp-json\/wp\/v2\/posts\/15506\/revisions"}],"predecessor-version":[{"id":15509,"href":"https:\/\/progettotouring.it\/radiotouring104\/wp-json\/wp\/v2\/posts\/15506\/revisions\/15509"}],"wp:featuredmedia":[{"embeddable":true,"href":"https:\/\/progettotouring.it\/radiotouring104\/wp-json\/wp\/v2\/media\/15508"}],"wp:attachment":[{"href":"https:\/\/progettotouring.it\/radiotouring104\/wp-json\/wp\/v2\/media?parent=15506"}],"wp:term":[{"taxonomy":"category","embeddable":true,"href":"https:\/\/progettotouring.it\/radiotouring104\/wp-json\/wp\/v2\/categories?post=15506"},{"taxonomy":"post_tag","embeddable":true,"href":"https:\/\/progettotouring.it\/radiotouring104\/wp-json\/wp\/v2\/tags?post=15506"}],"curies":[{"name":"wp","href":"https:\/\/api.w.org\/{rel}","templated":true}]}}