{"id":15645,"date":"2022-12-27T14:59:12","date_gmt":"2022-12-27T13:59:12","guid":{"rendered":"https:\/\/progettotouring.it\/radiotouring104\/?p=15645"},"modified":"2022-12-27T14:59:12","modified_gmt":"2022-12-27T13:59:12","slug":"una-certificazione-di-qualita-per-gli-organi-di-informazione","status":"publish","type":"post","link":"https:\/\/progettotouring.it\/radiotouring104\/2022\/12\/27\/una-certificazione-di-qualita-per-gli-organi-di-informazione\/","title":{"rendered":"Una &#8220;certificazione di qualit\u00e0&#8221; per gli organi di informazione"},"content":{"rendered":"<p style=\"text-align: justify;margin: 0px\"><span style=\"font-size: 12.0pt;line-height: 107%;font-family: Calisto MT,serif\">Una \u201ccertificazione di qualit\u00e0\u201d per gli organi di informazione che rispettano i contratti nazionali per i giornalisti che lavorano nelle redazioni di competenza, che troppo spesso restano inapplicati determinando instabilit\u00e0 e insicurezza economiche tali da impedire ai giornalisti di svolgere al meglio il delicato compito di informare con tranquilla obiettivit\u00e0. <\/span><\/p>\n<p style=\"text-align: justify;margin: 0px\"><span style=\"font-size: 12.0pt;line-height: 107%;font-family: Calisto MT,serif\">\u00c9 questa la proposta avanzata dal presidente del Corecom Calabria, Fulvio Scarpino \u2013 su delega del Comitato composto da Mario Mazza e Pasquale Petrolo &#8211; al Sottosegretario all\u2019Editoria e Informazione, Alberto Barachini, nel corso dell\u2019incontro con i Comitati di controllo per le comunicazioni di tutte le regioni, che si \u00e8 svolto nei giorni scorsi nella sede del Consiglio dei ministri &#8211; Dipartimento per l\u2019informazione e l\u2019editoria.<\/span><\/p>\n<p style=\"text-align: justify;margin: 0px\"><span style=\"font-size: 12.0pt;line-height: 107%;font-family: Calisto MT,serif\">Al centro del confronto la discussione delle nuove linee guida del Governo in materia di editoria e informazione e, in particolare, delle declinazioni territoriali del programma stesso, con riferimento al pluralismo dell\u2019informazione locale e ai progetti di educazione ai media nelle scuole. Come evidenziato nell\u2019incontro, i Corecom sono molto impegnati sul territorio nelle attivit\u00e0 di educazione mediatica nelle scuole, sia con lezioni volte a smascherare le notizie false sia favorendo la lettura critica dei quotidiani: alla base del sistema informativo non c\u2019\u00e8 solo l\u2019esigenza di garantire una informazione di qualit\u00e0 e attendibile, ma anche l\u2019esigenza di formare cittadini attenti e capaci di dare una lettura personale alle fonti, e dunque diventa fondamentale partire dalla scuola.<\/span><\/p>\n<p style=\"text-align: justify;margin: 0px\"><span style=\"font-size: 12.0pt;line-height: 107%;font-family: Calisto MT,serif\">L\u2019informazione di qualit\u00e0 si fa anche valorizzando e formando le professionalit\u00e0 esistenti e quelle che cresceranno. \u201cIn particolare, &#8211; ha spiegato Alberto Barachini &#8211;<span>\u00a0 <\/span>sono due gli obiettivi da perseguire: da una parte la difesa del pluralismo informativo e del patrimonio culturale, attraverso un sostegno alle realt\u00e0 che collaborino al recupero dell&#8217;affidabilit\u00e0, della credibilit\u00e0, della reputazione del settore editoriale-giornalistico, anche sul fronte digitale, contrastando le fake news; dall&#8217;altra, il contributo allo sviluppo del settore, implementando quelle misure di sostegno economico che contribuiscano effettivamente allo sviluppo dello stesso e siano finalizzate a un reale progresso dei soggetti beneficiati, in modo da aiutarli a prosperare nell&#8217;attuale assetto di mercato\u201d.<\/span><\/p>\n<p style=\"text-align: justify;margin: 0px\"><span style=\"font-size: 12.0pt;line-height: 107%;font-family: Calisto MT,serif\">E proprio alla luce di queste prospettive, il presidente del Corecom Calabria \u2013 con il sostegno del presidente del Consiglio Regionale, Filippo Mancuso &#8211; ha proposto al sottosegretario Barachini l\u2019istituzione di una certificazione di qualit\u00e0, raccogliendo la disponibilit\u00e0 e il compito di avviare il percorso progettuale che porta al conseguimento dell\u2019obiettivo. Il coordinamento nazionale dei Corecom riunito successivamente, ha quindi dato mandato al presidente Scarpino, il compito di predisporre la bozza di progetto che sar\u00e0 unitariamente adottata da tutti i Comitati di controllo regionali. <\/span><\/p>\n","protected":false},"excerpt":{"rendered":"<p>Una \u201ccertificazione di qualit\u00e0\u201d per gli organi di informazione che rispettano i contratti nazionali per i giornalisti che lavorano nelle redazioni di competenza, che troppo spesso restano inapplicati determinando instabilit\u00e0&hellip;<\/p>\n","protected":false},"author":13,"featured_media":15646,"comment_status":"open","ping_status":"open","sticky":false,"template":"","format":"standard","meta":{"_jetpack_memberships_contains_paid_content":false,"footnotes":"","jetpack_publicize_message":"","jetpack_publicize_feature_enabled":true,"jetpack_social_post_already_shared":false,"jetpack_social_options":{"image_generator_settings":{"template":"highway","default_image_id":0,"font":"","enabled":false},"version":2}},"categories":[142,921,196],"tags":[7764,7762,7763,7765],"class_list":["post-15645","post","type-post","status-publish","format-standard","has-post-thumbnail","hentry","category-calabria","category-home","category-news","tag-alberto-barachini","tag-corecam-calabria","tag-fulvio-scarpini","tag-giornalismo"],"yoast_head":"<!-- This site is optimized with the Yoast SEO plugin v27.2 - https:\/\/yoast.com\/product\/yoast-seo-wordpress\/ -->\n<title>Una &quot;certificazione di qualit\u00e0&quot; per gli organi di informazione<\/title>\n<meta name=\"description\" content=\"La proposta arriva direttamente da Fulvio Scarpino, Presidente del Corecom Calabria e trova l&#039;apprezzamento del Sottosegretario Alberto Barachini\" \/>\n<meta name=\"robots\" content=\"index, follow, max-snippet:-1, max-image-preview:large, max-video-preview:-1\" \/>\n<link rel=\"canonical\" href=\"https:\/\/progettotouring.it\/radiotouring104\/2022\/12\/27\/una-certificazione-di-qualita-per-gli-organi-di-informazione\/\" \/>\n<meta property=\"og:locale\" content=\"it_IT\" \/>\n<meta property=\"og:type\" content=\"article\" \/>\n<meta property=\"og:title\" content=\"Una &quot;certificazione di qualit\u00e0&quot; per gli organi di informazione\" \/>\n<meta property=\"og:description\" content=\"La proposta arriva direttamente da Fulvio Scarpino, Presidente del Corecom Calabria e trova l&#039;apprezzamento del Sottosegretario Alberto Barachini\" \/>\n<meta property=\"og:url\" content=\"https:\/\/progettotouring.it\/radiotouring104\/2022\/12\/27\/una-certificazione-di-qualita-per-gli-organi-di-informazione\/\" \/>\n<meta property=\"og:site_name\" content=\"Radio Touring 104\" \/>\n<meta property=\"article:published_time\" content=\"2022-12-27T13:59:12+00:00\" \/>\n<meta property=\"og:image\" content=\"https:\/\/progettotouring.it\/radiotouring104\/wp-content\/uploads\/sites\/6\/2022\/12\/Riunione-Corecom-con-sottosegretario-jpg.jpg\" \/>\n\t<meta property=\"og:image:width\" content=\"1024\" \/>\n\t<meta property=\"og:image:height\" content=\"441\" \/>\n\t<meta property=\"og:image:type\" content=\"image\/jpeg\" \/>\n<meta name=\"author\" content=\"Helena Pedone\" \/>\n<meta name=\"twitter:card\" content=\"summary_large_image\" \/>\n<meta name=\"twitter:label1\" content=\"Scritto da\" \/>\n\t<meta name=\"twitter:data1\" content=\"Helena Pedone\" \/>\n\t<meta name=\"twitter:label2\" content=\"Tempo di lettura stimato\" \/>\n\t<meta name=\"twitter:data2\" content=\"2 minuti\" \/>\n<script type=\"application\/ld+json\" class=\"yoast-schema-graph\">{\"@context\":\"https:\/\/schema.org\",\"@graph\":[{\"@type\":\"Article\",\"@id\":\"https:\/\/progettotouring.it\/radiotouring104\/2022\/12\/27\/una-certificazione-di-qualita-per-gli-organi-di-informazione\/#article\",\"isPartOf\":{\"@id\":\"https:\/\/progettotouring.it\/radiotouring104\/2022\/12\/27\/una-certificazione-di-qualita-per-gli-organi-di-informazione\/\"},\"author\":{\"name\":\"Helena Pedone\",\"@id\":\"https:\/\/progettotouring.it\/radiotouring104\/#\/schema\/person\/8458ed437f4094f881aab8e4cc572684\"},\"headline\":\"Una &#8220;certificazione di qualit\u00e0&#8221; per gli organi di informazione\",\"datePublished\":\"2022-12-27T13:59:12+00:00\",\"mainEntityOfPage\":{\"@id\":\"https:\/\/progettotouring.it\/radiotouring104\/2022\/12\/27\/una-certificazione-di-qualita-per-gli-organi-di-informazione\/\"},\"wordCount\":438,\"commentCount\":0,\"publisher\":{\"@id\":\"https:\/\/progettotouring.it\/radiotouring104\/#organization\"},\"image\":{\"@id\":\"https:\/\/progettotouring.it\/radiotouring104\/2022\/12\/27\/una-certificazione-di-qualita-per-gli-organi-di-informazione\/#primaryimage\"},\"thumbnailUrl\":\"https:\/\/progettotouring.it\/radiotouring104\/wp-content\/uploads\/sites\/6\/2022\/12\/Riunione-Corecom-con-sottosegretario-jpg.jpg\",\"keywords\":[\"Alberto Barachini\",\"Corecam Calabria\",\"Fulvio Scarpini\",\"Giornalismo\"],\"articleSection\":[\"Calabria\",\"Home\",\"News\"],\"inLanguage\":\"it-IT\",\"potentialAction\":[{\"@type\":\"CommentAction\",\"name\":\"Comment\",\"target\":[\"https:\/\/progettotouring.it\/radiotouring104\/2022\/12\/27\/una-certificazione-di-qualita-per-gli-organi-di-informazione\/#respond\"]}]},{\"@type\":\"WebPage\",\"@id\":\"https:\/\/progettotouring.it\/radiotouring104\/2022\/12\/27\/una-certificazione-di-qualita-per-gli-organi-di-informazione\/\",\"url\":\"https:\/\/progettotouring.it\/radiotouring104\/2022\/12\/27\/una-certificazione-di-qualita-per-gli-organi-di-informazione\/\",\"name\":\"Una \\\"certificazione di qualit\u00e0\\\" per gli organi di informazione\",\"isPartOf\":{\"@id\":\"https:\/\/progettotouring.it\/radiotouring104\/#website\"},\"primaryImageOfPage\":{\"@id\":\"https:\/\/progettotouring.it\/radiotouring104\/2022\/12\/27\/una-certificazione-di-qualita-per-gli-organi-di-informazione\/#primaryimage\"},\"image\":{\"@id\":\"https:\/\/progettotouring.it\/radiotouring104\/2022\/12\/27\/una-certificazione-di-qualita-per-gli-organi-di-informazione\/#primaryimage\"},\"thumbnailUrl\":\"https:\/\/progettotouring.it\/radiotouring104\/wp-content\/uploads\/sites\/6\/2022\/12\/Riunione-Corecom-con-sottosegretario-jpg.jpg\",\"datePublished\":\"2022-12-27T13:59:12+00:00\",\"description\":\"La proposta arriva direttamente da Fulvio Scarpino, Presidente del Corecom Calabria e trova l'apprezzamento del Sottosegretario Alberto Barachini\",\"breadcrumb\":{\"@id\":\"https:\/\/progettotouring.it\/radiotouring104\/2022\/12\/27\/una-certificazione-di-qualita-per-gli-organi-di-informazione\/#breadcrumb\"},\"inLanguage\":\"it-IT\",\"potentialAction\":[{\"@type\":\"ReadAction\",\"target\":[\"https:\/\/progettotouring.it\/radiotouring104\/2022\/12\/27\/una-certificazione-di-qualita-per-gli-organi-di-informazione\/\"]}]},{\"@type\":\"ImageObject\",\"inLanguage\":\"it-IT\",\"@id\":\"https:\/\/progettotouring.it\/radiotouring104\/2022\/12\/27\/una-certificazione-di-qualita-per-gli-organi-di-informazione\/#primaryimage\",\"url\":\"https:\/\/progettotouring.it\/radiotouring104\/wp-content\/uploads\/sites\/6\/2022\/12\/Riunione-Corecom-con-sottosegretario-jpg.jpg\",\"contentUrl\":\"https:\/\/progettotouring.it\/radiotouring104\/wp-content\/uploads\/sites\/6\/2022\/12\/Riunione-Corecom-con-sottosegretario-jpg.jpg\",\"width\":1024,\"height\":441},{\"@type\":\"BreadcrumbList\",\"@id\":\"https:\/\/progettotouring.it\/radiotouring104\/2022\/12\/27\/una-certificazione-di-qualita-per-gli-organi-di-informazione\/#breadcrumb\",\"itemListElement\":[{\"@type\":\"ListItem\",\"position\":1,\"name\":\"Home\",\"item\":\"https:\/\/progettotouring.it\/radiotouring104\/\"},{\"@type\":\"ListItem\",\"position\":2,\"name\":\"Una &#8220;certificazione di qualit\u00e0&#8221; per gli organi di informazione\"}]},{\"@type\":\"WebSite\",\"@id\":\"https:\/\/progettotouring.it\/radiotouring104\/#website\",\"url\":\"https:\/\/progettotouring.it\/radiotouring104\/\",\"name\":\"Radio Touring 104\",\"description\":\"La prima radio Reggina\",\"publisher\":{\"@id\":\"https:\/\/progettotouring.it\/radiotouring104\/#organization\"},\"potentialAction\":[{\"@type\":\"SearchAction\",\"target\":{\"@type\":\"EntryPoint\",\"urlTemplate\":\"https:\/\/progettotouring.it\/radiotouring104\/?s={search_term_string}\"},\"query-input\":{\"@type\":\"PropertyValueSpecification\",\"valueRequired\":true,\"valueName\":\"search_term_string\"}}],\"inLanguage\":\"it-IT\"},{\"@type\":\"Organization\",\"@id\":\"https:\/\/progettotouring.it\/radiotouring104\/#organization\",\"name\":\"Radio Touring 104\",\"url\":\"https:\/\/progettotouring.it\/radiotouring104\/\",\"logo\":{\"@type\":\"ImageObject\",\"inLanguage\":\"it-IT\",\"@id\":\"https:\/\/progettotouring.it\/radiotouring104\/#\/schema\/logo\/image\/\",\"url\":\"https:\/\/progettotouring.it\/radiotouring104\/wp-content\/uploads\/sites\/6\/2022\/02\/cropped-logo-radio-touring-104.png\",\"contentUrl\":\"https:\/\/progettotouring.it\/radiotouring104\/wp-content\/uploads\/sites\/6\/2022\/02\/cropped-logo-radio-touring-104.png\",\"width\":377,\"height\":182,\"caption\":\"Radio Touring 104\"},\"image\":{\"@id\":\"https:\/\/progettotouring.it\/radiotouring104\/#\/schema\/logo\/image\/\"}},{\"@type\":\"Person\",\"@id\":\"https:\/\/progettotouring.it\/radiotouring104\/#\/schema\/person\/8458ed437f4094f881aab8e4cc572684\",\"name\":\"Helena Pedone\",\"image\":{\"@type\":\"ImageObject\",\"inLanguage\":\"it-IT\",\"@id\":\"https:\/\/secure.gravatar.com\/avatar\/95a63adf316f90175b68113b4b895a96641be06395ffeef88fea6178b30027d9?s=96&d=mm&r=g\",\"url\":\"https:\/\/secure.gravatar.com\/avatar\/95a63adf316f90175b68113b4b895a96641be06395ffeef88fea6178b30027d9?s=96&d=mm&r=g\",\"contentUrl\":\"https:\/\/secure.gravatar.com\/avatar\/95a63adf316f90175b68113b4b895a96641be06395ffeef88fea6178b30027d9?s=96&d=mm&r=g\",\"caption\":\"Helena Pedone\"},\"url\":\"https:\/\/progettotouring.it\/radiotouring104\/author\/helena\/\"}]}<\/script>\n<!-- \/ Yoast SEO plugin. -->","yoast_head_json":{"title":"Una \"certificazione di qualit\u00e0\" per gli organi di informazione","description":"La proposta arriva direttamente da Fulvio Scarpino, Presidente del Corecom Calabria e trova l'apprezzamento del Sottosegretario Alberto Barachini","robots":{"index":"index","follow":"follow","max-snippet":"max-snippet:-1","max-image-preview":"max-image-preview:large","max-video-preview":"max-video-preview:-1"},"canonical":"https:\/\/progettotouring.it\/radiotouring104\/2022\/12\/27\/una-certificazione-di-qualita-per-gli-organi-di-informazione\/","og_locale":"it_IT","og_type":"article","og_title":"Una \"certificazione di qualit\u00e0\" per gli organi di informazione","og_description":"La proposta arriva direttamente da Fulvio Scarpino, Presidente del Corecom Calabria e trova l'apprezzamento del Sottosegretario Alberto Barachini","og_url":"https:\/\/progettotouring.it\/radiotouring104\/2022\/12\/27\/una-certificazione-di-qualita-per-gli-organi-di-informazione\/","og_site_name":"Radio Touring 104","article_published_time":"2022-12-27T13:59:12+00:00","og_image":[{"width":1024,"height":441,"url":"https:\/\/progettotouring.it\/radiotouring104\/wp-content\/uploads\/sites\/6\/2022\/12\/Riunione-Corecom-con-sottosegretario-jpg.jpg","type":"image\/jpeg"}],"author":"Helena Pedone","twitter_card":"summary_large_image","twitter_misc":{"Scritto da":"Helena Pedone","Tempo di lettura stimato":"2 minuti"},"schema":{"@context":"https:\/\/schema.org","@graph":[{"@type":"Article","@id":"https:\/\/progettotouring.it\/radiotouring104\/2022\/12\/27\/una-certificazione-di-qualita-per-gli-organi-di-informazione\/#article","isPartOf":{"@id":"https:\/\/progettotouring.it\/radiotouring104\/2022\/12\/27\/una-certificazione-di-qualita-per-gli-organi-di-informazione\/"},"author":{"name":"Helena Pedone","@id":"https:\/\/progettotouring.it\/radiotouring104\/#\/schema\/person\/8458ed437f4094f881aab8e4cc572684"},"headline":"Una &#8220;certificazione di qualit\u00e0&#8221; per gli organi di informazione","datePublished":"2022-12-27T13:59:12+00:00","mainEntityOfPage":{"@id":"https:\/\/progettotouring.it\/radiotouring104\/2022\/12\/27\/una-certificazione-di-qualita-per-gli-organi-di-informazione\/"},"wordCount":438,"commentCount":0,"publisher":{"@id":"https:\/\/progettotouring.it\/radiotouring104\/#organization"},"image":{"@id":"https:\/\/progettotouring.it\/radiotouring104\/2022\/12\/27\/una-certificazione-di-qualita-per-gli-organi-di-informazione\/#primaryimage"},"thumbnailUrl":"https:\/\/progettotouring.it\/radiotouring104\/wp-content\/uploads\/sites\/6\/2022\/12\/Riunione-Corecom-con-sottosegretario-jpg.jpg","keywords":["Alberto Barachini","Corecam Calabria","Fulvio Scarpini","Giornalismo"],"articleSection":["Calabria","Home","News"],"inLanguage":"it-IT","potentialAction":[{"@type":"CommentAction","name":"Comment","target":["https:\/\/progettotouring.it\/radiotouring104\/2022\/12\/27\/una-certificazione-di-qualita-per-gli-organi-di-informazione\/#respond"]}]},{"@type":"WebPage","@id":"https:\/\/progettotouring.it\/radiotouring104\/2022\/12\/27\/una-certificazione-di-qualita-per-gli-organi-di-informazione\/","url":"https:\/\/progettotouring.it\/radiotouring104\/2022\/12\/27\/una-certificazione-di-qualita-per-gli-organi-di-informazione\/","name":"Una \"certificazione di qualit\u00e0\" per gli organi di informazione","isPartOf":{"@id":"https:\/\/progettotouring.it\/radiotouring104\/#website"},"primaryImageOfPage":{"@id":"https:\/\/progettotouring.it\/radiotouring104\/2022\/12\/27\/una-certificazione-di-qualita-per-gli-organi-di-informazione\/#primaryimage"},"image":{"@id":"https:\/\/progettotouring.it\/radiotouring104\/2022\/12\/27\/una-certificazione-di-qualita-per-gli-organi-di-informazione\/#primaryimage"},"thumbnailUrl":"https:\/\/progettotouring.it\/radiotouring104\/wp-content\/uploads\/sites\/6\/2022\/12\/Riunione-Corecom-con-sottosegretario-jpg.jpg","datePublished":"2022-12-27T13:59:12+00:00","description":"La proposta arriva direttamente da Fulvio Scarpino, Presidente del Corecom Calabria e trova l'apprezzamento del Sottosegretario Alberto Barachini","breadcrumb":{"@id":"https:\/\/progettotouring.it\/radiotouring104\/2022\/12\/27\/una-certificazione-di-qualita-per-gli-organi-di-informazione\/#breadcrumb"},"inLanguage":"it-IT","potentialAction":[{"@type":"ReadAction","target":["https:\/\/progettotouring.it\/radiotouring104\/2022\/12\/27\/una-certificazione-di-qualita-per-gli-organi-di-informazione\/"]}]},{"@type":"ImageObject","inLanguage":"it-IT","@id":"https:\/\/progettotouring.it\/radiotouring104\/2022\/12\/27\/una-certificazione-di-qualita-per-gli-organi-di-informazione\/#primaryimage","url":"https:\/\/progettotouring.it\/radiotouring104\/wp-content\/uploads\/sites\/6\/2022\/12\/Riunione-Corecom-con-sottosegretario-jpg.jpg","contentUrl":"https:\/\/progettotouring.it\/radiotouring104\/wp-content\/uploads\/sites\/6\/2022\/12\/Riunione-Corecom-con-sottosegretario-jpg.jpg","width":1024,"height":441},{"@type":"BreadcrumbList","@id":"https:\/\/progettotouring.it\/radiotouring104\/2022\/12\/27\/una-certificazione-di-qualita-per-gli-organi-di-informazione\/#breadcrumb","itemListElement":[{"@type":"ListItem","position":1,"name":"Home","item":"https:\/\/progettotouring.it\/radiotouring104\/"},{"@type":"ListItem","position":2,"name":"Una &#8220;certificazione di qualit\u00e0&#8221; per gli organi di informazione"}]},{"@type":"WebSite","@id":"https:\/\/progettotouring.it\/radiotouring104\/#website","url":"https:\/\/progettotouring.it\/radiotouring104\/","name":"Radio Touring 104","description":"La prima radio Reggina","publisher":{"@id":"https:\/\/progettotouring.it\/radiotouring104\/#organization"},"potentialAction":[{"@type":"SearchAction","target":{"@type":"EntryPoint","urlTemplate":"https:\/\/progettotouring.it\/radiotouring104\/?s={search_term_string}"},"query-input":{"@type":"PropertyValueSpecification","valueRequired":true,"valueName":"search_term_string"}}],"inLanguage":"it-IT"},{"@type":"Organization","@id":"https:\/\/progettotouring.it\/radiotouring104\/#organization","name":"Radio Touring 104","url":"https:\/\/progettotouring.it\/radiotouring104\/","logo":{"@type":"ImageObject","inLanguage":"it-IT","@id":"https:\/\/progettotouring.it\/radiotouring104\/#\/schema\/logo\/image\/","url":"https:\/\/progettotouring.it\/radiotouring104\/wp-content\/uploads\/sites\/6\/2022\/02\/cropped-logo-radio-touring-104.png","contentUrl":"https:\/\/progettotouring.it\/radiotouring104\/wp-content\/uploads\/sites\/6\/2022\/02\/cropped-logo-radio-touring-104.png","width":377,"height":182,"caption":"Radio Touring 104"},"image":{"@id":"https:\/\/progettotouring.it\/radiotouring104\/#\/schema\/logo\/image\/"}},{"@type":"Person","@id":"https:\/\/progettotouring.it\/radiotouring104\/#\/schema\/person\/8458ed437f4094f881aab8e4cc572684","name":"Helena Pedone","image":{"@type":"ImageObject","inLanguage":"it-IT","@id":"https:\/\/secure.gravatar.com\/avatar\/95a63adf316f90175b68113b4b895a96641be06395ffeef88fea6178b30027d9?s=96&d=mm&r=g","url":"https:\/\/secure.gravatar.com\/avatar\/95a63adf316f90175b68113b4b895a96641be06395ffeef88fea6178b30027d9?s=96&d=mm&r=g","contentUrl":"https:\/\/secure.gravatar.com\/avatar\/95a63adf316f90175b68113b4b895a96641be06395ffeef88fea6178b30027d9?s=96&d=mm&r=g","caption":"Helena Pedone"},"url":"https:\/\/progettotouring.it\/radiotouring104\/author\/helena\/"}]}},"jetpack_publicize_connections":[],"jetpack_featured_media_url":"https:\/\/progettotouring.it\/radiotouring104\/wp-content\/uploads\/sites\/6\/2022\/12\/Riunione-Corecom-con-sottosegretario-jpg.jpg","jetpack_sharing_enabled":true,"_links":{"self":[{"href":"https:\/\/progettotouring.it\/radiotouring104\/wp-json\/wp\/v2\/posts\/15645","targetHints":{"allow":["GET"]}}],"collection":[{"href":"https:\/\/progettotouring.it\/radiotouring104\/wp-json\/wp\/v2\/posts"}],"about":[{"href":"https:\/\/progettotouring.it\/radiotouring104\/wp-json\/wp\/v2\/types\/post"}],"author":[{"embeddable":true,"href":"https:\/\/progettotouring.it\/radiotouring104\/wp-json\/wp\/v2\/users\/13"}],"replies":[{"embeddable":true,"href":"https:\/\/progettotouring.it\/radiotouring104\/wp-json\/wp\/v2\/comments?post=15645"}],"version-history":[{"count":2,"href":"https:\/\/progettotouring.it\/radiotouring104\/wp-json\/wp\/v2\/posts\/15645\/revisions"}],"predecessor-version":[{"id":15648,"href":"https:\/\/progettotouring.it\/radiotouring104\/wp-json\/wp\/v2\/posts\/15645\/revisions\/15648"}],"wp:featuredmedia":[{"embeddable":true,"href":"https:\/\/progettotouring.it\/radiotouring104\/wp-json\/wp\/v2\/media\/15646"}],"wp:attachment":[{"href":"https:\/\/progettotouring.it\/radiotouring104\/wp-json\/wp\/v2\/media?parent=15645"}],"wp:term":[{"taxonomy":"category","embeddable":true,"href":"https:\/\/progettotouring.it\/radiotouring104\/wp-json\/wp\/v2\/categories?post=15645"},{"taxonomy":"post_tag","embeddable":true,"href":"https:\/\/progettotouring.it\/radiotouring104\/wp-json\/wp\/v2\/tags?post=15645"}],"curies":[{"name":"wp","href":"https:\/\/api.w.org\/{rel}","templated":true}]}}