{"id":15653,"date":"2022-12-27T17:00:46","date_gmt":"2022-12-27T16:00:46","guid":{"rendered":"https:\/\/progettotouring.it\/radiotouring104\/?p=15653"},"modified":"2022-12-27T17:42:16","modified_gmt":"2022-12-27T16:42:16","slug":"vibo-valentia-mancuso-presente-ad-odissea-museum","status":"publish","type":"post","link":"https:\/\/progettotouring.it\/radiotouring104\/2022\/12\/27\/vibo-valentia-mancuso-presente-ad-odissea-museum\/","title":{"rendered":"Vibo Valentia: Mancuso presente ad Odissea Museum"},"content":{"rendered":"<p style=\"text-align: justify\"><em>\u201cL\u2019investimento in tutte le declinazioni della cultura, specie per il Mezzogiorno che continua a finire in coda alla classifica dell\u2019indagine annuale del \u2018Sole 24 Ore\u2019 sulla qualit\u00e0 della vita, \u00e8 decisivo. Salvaguardare le identit\u00e0 dei territori e le loro peculiarit\u00e0, per renderle visibili globalmente, badando, al contempo, che le risorse utilizzate garantiscano l\u2019ampliamento della partecipazione dei cittadini e la valorizzazione delle proposte del territorio, \u00e8 un dovere imprescindibile per la politica e le istituzioni pubbliche\u201d.<\/em><\/p>\n<p style=\"text-align: justify\">L\u2019ha detto il presidente del Consiglio regionale <strong>Filippo Mancuso<\/strong>, invitato a inaugurare, nel prestigioso Palazzo Gagliardi di Vibo Valentia, l\u2019\u201cOdissea Museum\u201d. La rassegna museale itinerante e permanente, dedicata ai segreti di Ulisse tra Magna Graecia e Trinacria, \u00e8 promossa dalla Rete Museale Regionale con la collaborazione dell&#8217;Amministrazione comunale di Vibo Valentia.<\/p>\n<p style=\"text-align: justify\">Il presidente Mancuso si \u00e8 complimentato con il vicesindaco della citt\u00e0 \u201cCapitale Italiana del Libro 2021\u201d Pasquale Scalamogna e l&#8217;assessore alla Cultura Antonella Tripodi che hanno portato i saluti del sindaco Maria Limardo. <em>\u201cE\u2019 un evento che<\/em> &#8211; ha aggiunto &#8211;<em> grazie al talento e al dinamismo di Sergio Basile e segnalando temi e protagonisti di risonanza mondiale della Magna Graecia, ci aiuta a valorizzare l\u2019immenso patrimonio di cultura e natura della Calabria e lo spirito di accoglienza che contraddistingue i calabresi\u201d.<\/em><\/p>\n<p style=\"text-align: justify\"><em>\u201cL&#8217;Odissea Museum propone<\/em> &#8211; ha spiegato il direttore artistico Sergio Basile &#8211;<em> in mille metri di esposizione, un percorso artistico-museale su tutti i personaggi del poema e sui luoghi pi\u00f9 significativi della Calabria, della Sicilia e non solo, descritti in <strong>oltre 60 pannelli.<\/strong> Nell\u2019opera omerica, fin dai tempi pi\u00f9 remoti, mistero e mito s\u2019intrecciano mirabilmente con i costumi, le credenze e la storia dei gloriosi popoli che abitarono il Mediterraneo che, per millenni, fu il cuore pulsante del mondo. <strong>L&#8217;Odissea<\/strong> <strong>Museum<\/strong> a Vibo Valentia ha lo scopo di rivalutare le origini pi\u00f9 nobili della Magna Graecia in chiave omerica, riscoprendone, a partire da Vibo, importante area archeologica magnogreca e porta naturale alla &#8216;Costa degli Dei&#8217;, i miti\u201d. \u00a0<\/em><\/p>\n<p style=\"text-align: justify\">Tra le opere esposte: le copie originali del Laocoonte dei Musei Vaticani di oltre due metri di altezza e tra le statue pi\u00f9 famose della storia, nonch\u00e9 modello di riferimento per gli artisti rinascimentali e per il Barocco. <em>\u201cLa loro realizzazione<\/em> &#8211; ha commentato Basile &#8211; <em>affidata all&#8217;Accademia di Belle Arti di Carrara con il contributo del docente Franco Cimino dell&#8217;Accademia di Belle Arti di Catanzaro, \u00e8 stata possibile grazie al sostegno di Edison, partner dell&#8217;Odissea Museum\u201d.<\/em><\/p>\n<p style=\"text-align: justify\">Ancora Basile:<em> \u201cTra le opere dell&#8217;evento anche prestigiosi vasi in terracotta dei maestri Rosella Costa, Claudio Panaia, Beatrice Russomanno, Roberto Paolini e Agostino Caracciolo, dedicati soprattutto al mito di Troia e alle vicende di Odisseo, due cavalli di legno e bronzo del Settecento, nonch\u00e9 un grande cavallo in acciaio (Petrus) realizzato dal maestro Nuccio Loreti. Originali i protogonei di Mimmo Carteri e l&#8217;installazione Humanitas, dedicata all&#8217;Ade e al mito di Persefone. \u00c8 presente all&#8217;Odissea Museum, in via esclusiva, anche la collezione unica del maestro Orafo Michele Affidato, dedicata all&#8217;antica oreficeria nella Magna Graecia. A Vibo Valentia si possono ammirare anche le riproduzioni dei pi\u00f9 grandi capolavori dell&#8217;arte pittorica internazionale di tutti i tempi &#8211; dedicati al mito di Ulisse e conservati nei pi\u00f9 famosi musei del mondo, dal Louvre a Palazzo Farnese &#8211; a cura dei maestri della Scuola Francese, nonch\u00e9 dei pittori calabresi Nuccio Schepis, Angelo Di Lieto, Paolo Pancari Doria, Mastrofra, Beniamino Giannini, Agostino Caracciolo e Raffaele Fama\u201d.\u00a0<\/em><\/p>\n","protected":false},"excerpt":{"rendered":"<p>\u201cL\u2019investimento in tutte le declinazioni della cultura, specie per il Mezzogiorno che continua a finire in coda alla classifica dell\u2019indagine annuale del \u2018Sole 24 Ore\u2019 sulla qualit\u00e0 della vita, \u00e8&hellip;<\/p>\n","protected":false},"author":8,"featured_media":15654,"comment_status":"open","ping_status":"open","sticky":false,"template":"","format":"standard","meta":{"_jetpack_memberships_contains_paid_content":false,"footnotes":"","jetpack_publicize_message":"","jetpack_publicize_feature_enabled":true,"jetpack_social_post_already_shared":false,"jetpack_social_options":{"image_generator_settings":{"template":"highway","default_image_id":0,"font":"","enabled":false},"version":2}},"categories":[142,921,196],"tags":[5511,3911,7767],"class_list":["post-15653","post","type-post","status-publish","format-standard","has-post-thumbnail","hentry","category-calabria","category-home","category-news","tag-magna-graecia","tag-mancuso","tag-odiessa-museum"],"yoast_head":"<!-- This site is optimized with the Yoast SEO plugin v27.2 - https:\/\/yoast.com\/product\/yoast-seo-wordpress\/ -->\n<title>Vibo Valentia: Mancuso presente ad Odissea Museum<\/title>\n<meta name=\"description\" content=\"Il presidente del Consiglio regionale Filippo Mancuso ha inaugurato nel prestigioso Palazzo Gagliardi di Vibo Valentia, l\u2019\u201cOdissea Museum\u201d\" \/>\n<meta name=\"robots\" content=\"index, follow, max-snippet:-1, max-image-preview:large, max-video-preview:-1\" \/>\n<link rel=\"canonical\" href=\"https:\/\/progettotouring.it\/radiotouring104\/2022\/12\/27\/vibo-valentia-mancuso-presente-ad-odissea-museum\/\" \/>\n<meta property=\"og:locale\" content=\"it_IT\" \/>\n<meta property=\"og:type\" content=\"article\" \/>\n<meta property=\"og:title\" content=\"Vibo Valentia: Mancuso presente ad Odissea Museum\" \/>\n<meta property=\"og:description\" content=\"Il presidente del Consiglio regionale Filippo Mancuso ha inaugurato nel prestigioso Palazzo Gagliardi di Vibo Valentia, l\u2019\u201cOdissea Museum\u201d\" \/>\n<meta property=\"og:url\" content=\"https:\/\/progettotouring.it\/radiotouring104\/2022\/12\/27\/vibo-valentia-mancuso-presente-ad-odissea-museum\/\" \/>\n<meta property=\"og:site_name\" content=\"Radio Touring 104\" \/>\n<meta property=\"article:published_time\" content=\"2022-12-27T16:00:46+00:00\" \/>\n<meta property=\"article:modified_time\" content=\"2022-12-27T16:42:16+00:00\" \/>\n<meta property=\"og:image\" content=\"https:\/\/progettotouring.it\/radiotouring104\/wp-content\/uploads\/sites\/6\/2022\/12\/mancuso-1.jpg\" \/>\n\t<meta property=\"og:image:width\" content=\"1826\" \/>\n\t<meta property=\"og:image:height\" content=\"1281\" \/>\n\t<meta property=\"og:image:type\" content=\"image\/jpeg\" \/>\n<meta name=\"author\" content=\"Filippo Francesco Idone\" \/>\n<meta name=\"twitter:card\" content=\"summary_large_image\" \/>\n<meta name=\"twitter:label1\" content=\"Scritto da\" \/>\n\t<meta name=\"twitter:data1\" content=\"Filippo Francesco Idone\" \/>\n\t<meta name=\"twitter:label2\" content=\"Tempo di lettura stimato\" \/>\n\t<meta name=\"twitter:data2\" content=\"3 minuti\" \/>\n<script type=\"application\/ld+json\" class=\"yoast-schema-graph\">{\"@context\":\"https:\/\/schema.org\",\"@graph\":[{\"@type\":\"Article\",\"@id\":\"https:\/\/progettotouring.it\/radiotouring104\/2022\/12\/27\/vibo-valentia-mancuso-presente-ad-odissea-museum\/#article\",\"isPartOf\":{\"@id\":\"https:\/\/progettotouring.it\/radiotouring104\/2022\/12\/27\/vibo-valentia-mancuso-presente-ad-odissea-museum\/\"},\"author\":{\"name\":\"Filippo Francesco Idone\",\"@id\":\"https:\/\/progettotouring.it\/radiotouring104\/#\/schema\/person\/4a82259ca52ac8702ad1a8f9e5a3120b\"},\"headline\":\"Vibo Valentia: Mancuso presente ad Odissea Museum\",\"datePublished\":\"2022-12-27T16:00:46+00:00\",\"dateModified\":\"2022-12-27T16:42:16+00:00\",\"mainEntityOfPage\":{\"@id\":\"https:\/\/progettotouring.it\/radiotouring104\/2022\/12\/27\/vibo-valentia-mancuso-presente-ad-odissea-museum\/\"},\"wordCount\":568,\"commentCount\":0,\"publisher\":{\"@id\":\"https:\/\/progettotouring.it\/radiotouring104\/#organization\"},\"image\":{\"@id\":\"https:\/\/progettotouring.it\/radiotouring104\/2022\/12\/27\/vibo-valentia-mancuso-presente-ad-odissea-museum\/#primaryimage\"},\"thumbnailUrl\":\"https:\/\/progettotouring.it\/radiotouring104\/wp-content\/uploads\/sites\/6\/2022\/12\/mancuso-1.jpg\",\"keywords\":[\"Magna Graecia\",\"mancuso\",\"odiessa museum\"],\"articleSection\":[\"Calabria\",\"Home\",\"News\"],\"inLanguage\":\"it-IT\",\"potentialAction\":[{\"@type\":\"CommentAction\",\"name\":\"Comment\",\"target\":[\"https:\/\/progettotouring.it\/radiotouring104\/2022\/12\/27\/vibo-valentia-mancuso-presente-ad-odissea-museum\/#respond\"]}]},{\"@type\":\"WebPage\",\"@id\":\"https:\/\/progettotouring.it\/radiotouring104\/2022\/12\/27\/vibo-valentia-mancuso-presente-ad-odissea-museum\/\",\"url\":\"https:\/\/progettotouring.it\/radiotouring104\/2022\/12\/27\/vibo-valentia-mancuso-presente-ad-odissea-museum\/\",\"name\":\"Vibo Valentia: Mancuso presente ad Odissea Museum\",\"isPartOf\":{\"@id\":\"https:\/\/progettotouring.it\/radiotouring104\/#website\"},\"primaryImageOfPage\":{\"@id\":\"https:\/\/progettotouring.it\/radiotouring104\/2022\/12\/27\/vibo-valentia-mancuso-presente-ad-odissea-museum\/#primaryimage\"},\"image\":{\"@id\":\"https:\/\/progettotouring.it\/radiotouring104\/2022\/12\/27\/vibo-valentia-mancuso-presente-ad-odissea-museum\/#primaryimage\"},\"thumbnailUrl\":\"https:\/\/progettotouring.it\/radiotouring104\/wp-content\/uploads\/sites\/6\/2022\/12\/mancuso-1.jpg\",\"datePublished\":\"2022-12-27T16:00:46+00:00\",\"dateModified\":\"2022-12-27T16:42:16+00:00\",\"description\":\"Il presidente del Consiglio regionale Filippo Mancuso ha inaugurato nel prestigioso Palazzo Gagliardi di Vibo Valentia, l\u2019\u201cOdissea Museum\u201d\",\"breadcrumb\":{\"@id\":\"https:\/\/progettotouring.it\/radiotouring104\/2022\/12\/27\/vibo-valentia-mancuso-presente-ad-odissea-museum\/#breadcrumb\"},\"inLanguage\":\"it-IT\",\"potentialAction\":[{\"@type\":\"ReadAction\",\"target\":[\"https:\/\/progettotouring.it\/radiotouring104\/2022\/12\/27\/vibo-valentia-mancuso-presente-ad-odissea-museum\/\"]}]},{\"@type\":\"ImageObject\",\"inLanguage\":\"it-IT\",\"@id\":\"https:\/\/progettotouring.it\/radiotouring104\/2022\/12\/27\/vibo-valentia-mancuso-presente-ad-odissea-museum\/#primaryimage\",\"url\":\"https:\/\/progettotouring.it\/radiotouring104\/wp-content\/uploads\/sites\/6\/2022\/12\/mancuso-1.jpg\",\"contentUrl\":\"https:\/\/progettotouring.it\/radiotouring104\/wp-content\/uploads\/sites\/6\/2022\/12\/mancuso-1.jpg\",\"width\":1826,\"height\":1281},{\"@type\":\"BreadcrumbList\",\"@id\":\"https:\/\/progettotouring.it\/radiotouring104\/2022\/12\/27\/vibo-valentia-mancuso-presente-ad-odissea-museum\/#breadcrumb\",\"itemListElement\":[{\"@type\":\"ListItem\",\"position\":1,\"name\":\"Home\",\"item\":\"https:\/\/progettotouring.it\/radiotouring104\/\"},{\"@type\":\"ListItem\",\"position\":2,\"name\":\"Vibo Valentia: Mancuso presente ad Odissea Museum\"}]},{\"@type\":\"WebSite\",\"@id\":\"https:\/\/progettotouring.it\/radiotouring104\/#website\",\"url\":\"https:\/\/progettotouring.it\/radiotouring104\/\",\"name\":\"Radio Touring 104\",\"description\":\"La prima radio Reggina\",\"publisher\":{\"@id\":\"https:\/\/progettotouring.it\/radiotouring104\/#organization\"},\"potentialAction\":[{\"@type\":\"SearchAction\",\"target\":{\"@type\":\"EntryPoint\",\"urlTemplate\":\"https:\/\/progettotouring.it\/radiotouring104\/?s={search_term_string}\"},\"query-input\":{\"@type\":\"PropertyValueSpecification\",\"valueRequired\":true,\"valueName\":\"search_term_string\"}}],\"inLanguage\":\"it-IT\"},{\"@type\":\"Organization\",\"@id\":\"https:\/\/progettotouring.it\/radiotouring104\/#organization\",\"name\":\"Radio Touring 104\",\"url\":\"https:\/\/progettotouring.it\/radiotouring104\/\",\"logo\":{\"@type\":\"ImageObject\",\"inLanguage\":\"it-IT\",\"@id\":\"https:\/\/progettotouring.it\/radiotouring104\/#\/schema\/logo\/image\/\",\"url\":\"https:\/\/progettotouring.it\/radiotouring104\/wp-content\/uploads\/sites\/6\/2022\/02\/cropped-logo-radio-touring-104.png\",\"contentUrl\":\"https:\/\/progettotouring.it\/radiotouring104\/wp-content\/uploads\/sites\/6\/2022\/02\/cropped-logo-radio-touring-104.png\",\"width\":377,\"height\":182,\"caption\":\"Radio Touring 104\"},\"image\":{\"@id\":\"https:\/\/progettotouring.it\/radiotouring104\/#\/schema\/logo\/image\/\"}},{\"@type\":\"Person\",\"@id\":\"https:\/\/progettotouring.it\/radiotouring104\/#\/schema\/person\/4a82259ca52ac8702ad1a8f9e5a3120b\",\"name\":\"Filippo Francesco Idone\",\"image\":{\"@type\":\"ImageObject\",\"inLanguage\":\"it-IT\",\"@id\":\"https:\/\/secure.gravatar.com\/avatar\/7268715d2366395c3dd314385670e6484117d44f5c442e61e230f7008b7b62d3?s=96&d=mm&r=g\",\"url\":\"https:\/\/secure.gravatar.com\/avatar\/7268715d2366395c3dd314385670e6484117d44f5c442e61e230f7008b7b62d3?s=96&d=mm&r=g\",\"contentUrl\":\"https:\/\/secure.gravatar.com\/avatar\/7268715d2366395c3dd314385670e6484117d44f5c442e61e230f7008b7b62d3?s=96&d=mm&r=g\",\"caption\":\"Filippo Francesco Idone\"},\"url\":\"https:\/\/progettotouring.it\/radiotouring104\/author\/filippoidone\/\"}]}<\/script>\n<!-- \/ Yoast SEO plugin. -->","yoast_head_json":{"title":"Vibo Valentia: Mancuso presente ad Odissea Museum","description":"Il presidente del Consiglio regionale Filippo Mancuso ha inaugurato nel prestigioso Palazzo Gagliardi di Vibo Valentia, l\u2019\u201cOdissea Museum\u201d","robots":{"index":"index","follow":"follow","max-snippet":"max-snippet:-1","max-image-preview":"max-image-preview:large","max-video-preview":"max-video-preview:-1"},"canonical":"https:\/\/progettotouring.it\/radiotouring104\/2022\/12\/27\/vibo-valentia-mancuso-presente-ad-odissea-museum\/","og_locale":"it_IT","og_type":"article","og_title":"Vibo Valentia: Mancuso presente ad Odissea Museum","og_description":"Il presidente del Consiglio regionale Filippo Mancuso ha inaugurato nel prestigioso Palazzo Gagliardi di Vibo Valentia, l\u2019\u201cOdissea Museum\u201d","og_url":"https:\/\/progettotouring.it\/radiotouring104\/2022\/12\/27\/vibo-valentia-mancuso-presente-ad-odissea-museum\/","og_site_name":"Radio Touring 104","article_published_time":"2022-12-27T16:00:46+00:00","article_modified_time":"2022-12-27T16:42:16+00:00","og_image":[{"width":1826,"height":1281,"url":"https:\/\/progettotouring.it\/radiotouring104\/wp-content\/uploads\/sites\/6\/2022\/12\/mancuso-1.jpg","type":"image\/jpeg"}],"author":"Filippo Francesco Idone","twitter_card":"summary_large_image","twitter_misc":{"Scritto da":"Filippo Francesco Idone","Tempo di lettura stimato":"3 minuti"},"schema":{"@context":"https:\/\/schema.org","@graph":[{"@type":"Article","@id":"https:\/\/progettotouring.it\/radiotouring104\/2022\/12\/27\/vibo-valentia-mancuso-presente-ad-odissea-museum\/#article","isPartOf":{"@id":"https:\/\/progettotouring.it\/radiotouring104\/2022\/12\/27\/vibo-valentia-mancuso-presente-ad-odissea-museum\/"},"author":{"name":"Filippo Francesco Idone","@id":"https:\/\/progettotouring.it\/radiotouring104\/#\/schema\/person\/4a82259ca52ac8702ad1a8f9e5a3120b"},"headline":"Vibo Valentia: Mancuso presente ad Odissea Museum","datePublished":"2022-12-27T16:00:46+00:00","dateModified":"2022-12-27T16:42:16+00:00","mainEntityOfPage":{"@id":"https:\/\/progettotouring.it\/radiotouring104\/2022\/12\/27\/vibo-valentia-mancuso-presente-ad-odissea-museum\/"},"wordCount":568,"commentCount":0,"publisher":{"@id":"https:\/\/progettotouring.it\/radiotouring104\/#organization"},"image":{"@id":"https:\/\/progettotouring.it\/radiotouring104\/2022\/12\/27\/vibo-valentia-mancuso-presente-ad-odissea-museum\/#primaryimage"},"thumbnailUrl":"https:\/\/progettotouring.it\/radiotouring104\/wp-content\/uploads\/sites\/6\/2022\/12\/mancuso-1.jpg","keywords":["Magna Graecia","mancuso","odiessa museum"],"articleSection":["Calabria","Home","News"],"inLanguage":"it-IT","potentialAction":[{"@type":"CommentAction","name":"Comment","target":["https:\/\/progettotouring.it\/radiotouring104\/2022\/12\/27\/vibo-valentia-mancuso-presente-ad-odissea-museum\/#respond"]}]},{"@type":"WebPage","@id":"https:\/\/progettotouring.it\/radiotouring104\/2022\/12\/27\/vibo-valentia-mancuso-presente-ad-odissea-museum\/","url":"https:\/\/progettotouring.it\/radiotouring104\/2022\/12\/27\/vibo-valentia-mancuso-presente-ad-odissea-museum\/","name":"Vibo Valentia: Mancuso presente ad Odissea Museum","isPartOf":{"@id":"https:\/\/progettotouring.it\/radiotouring104\/#website"},"primaryImageOfPage":{"@id":"https:\/\/progettotouring.it\/radiotouring104\/2022\/12\/27\/vibo-valentia-mancuso-presente-ad-odissea-museum\/#primaryimage"},"image":{"@id":"https:\/\/progettotouring.it\/radiotouring104\/2022\/12\/27\/vibo-valentia-mancuso-presente-ad-odissea-museum\/#primaryimage"},"thumbnailUrl":"https:\/\/progettotouring.it\/radiotouring104\/wp-content\/uploads\/sites\/6\/2022\/12\/mancuso-1.jpg","datePublished":"2022-12-27T16:00:46+00:00","dateModified":"2022-12-27T16:42:16+00:00","description":"Il presidente del Consiglio regionale Filippo Mancuso ha inaugurato nel prestigioso Palazzo Gagliardi di Vibo Valentia, l\u2019\u201cOdissea Museum\u201d","breadcrumb":{"@id":"https:\/\/progettotouring.it\/radiotouring104\/2022\/12\/27\/vibo-valentia-mancuso-presente-ad-odissea-museum\/#breadcrumb"},"inLanguage":"it-IT","potentialAction":[{"@type":"ReadAction","target":["https:\/\/progettotouring.it\/radiotouring104\/2022\/12\/27\/vibo-valentia-mancuso-presente-ad-odissea-museum\/"]}]},{"@type":"ImageObject","inLanguage":"it-IT","@id":"https:\/\/progettotouring.it\/radiotouring104\/2022\/12\/27\/vibo-valentia-mancuso-presente-ad-odissea-museum\/#primaryimage","url":"https:\/\/progettotouring.it\/radiotouring104\/wp-content\/uploads\/sites\/6\/2022\/12\/mancuso-1.jpg","contentUrl":"https:\/\/progettotouring.it\/radiotouring104\/wp-content\/uploads\/sites\/6\/2022\/12\/mancuso-1.jpg","width":1826,"height":1281},{"@type":"BreadcrumbList","@id":"https:\/\/progettotouring.it\/radiotouring104\/2022\/12\/27\/vibo-valentia-mancuso-presente-ad-odissea-museum\/#breadcrumb","itemListElement":[{"@type":"ListItem","position":1,"name":"Home","item":"https:\/\/progettotouring.it\/radiotouring104\/"},{"@type":"ListItem","position":2,"name":"Vibo Valentia: Mancuso presente ad Odissea Museum"}]},{"@type":"WebSite","@id":"https:\/\/progettotouring.it\/radiotouring104\/#website","url":"https:\/\/progettotouring.it\/radiotouring104\/","name":"Radio Touring 104","description":"La prima radio Reggina","publisher":{"@id":"https:\/\/progettotouring.it\/radiotouring104\/#organization"},"potentialAction":[{"@type":"SearchAction","target":{"@type":"EntryPoint","urlTemplate":"https:\/\/progettotouring.it\/radiotouring104\/?s={search_term_string}"},"query-input":{"@type":"PropertyValueSpecification","valueRequired":true,"valueName":"search_term_string"}}],"inLanguage":"it-IT"},{"@type":"Organization","@id":"https:\/\/progettotouring.it\/radiotouring104\/#organization","name":"Radio Touring 104","url":"https:\/\/progettotouring.it\/radiotouring104\/","logo":{"@type":"ImageObject","inLanguage":"it-IT","@id":"https:\/\/progettotouring.it\/radiotouring104\/#\/schema\/logo\/image\/","url":"https:\/\/progettotouring.it\/radiotouring104\/wp-content\/uploads\/sites\/6\/2022\/02\/cropped-logo-radio-touring-104.png","contentUrl":"https:\/\/progettotouring.it\/radiotouring104\/wp-content\/uploads\/sites\/6\/2022\/02\/cropped-logo-radio-touring-104.png","width":377,"height":182,"caption":"Radio Touring 104"},"image":{"@id":"https:\/\/progettotouring.it\/radiotouring104\/#\/schema\/logo\/image\/"}},{"@type":"Person","@id":"https:\/\/progettotouring.it\/radiotouring104\/#\/schema\/person\/4a82259ca52ac8702ad1a8f9e5a3120b","name":"Filippo Francesco Idone","image":{"@type":"ImageObject","inLanguage":"it-IT","@id":"https:\/\/secure.gravatar.com\/avatar\/7268715d2366395c3dd314385670e6484117d44f5c442e61e230f7008b7b62d3?s=96&d=mm&r=g","url":"https:\/\/secure.gravatar.com\/avatar\/7268715d2366395c3dd314385670e6484117d44f5c442e61e230f7008b7b62d3?s=96&d=mm&r=g","contentUrl":"https:\/\/secure.gravatar.com\/avatar\/7268715d2366395c3dd314385670e6484117d44f5c442e61e230f7008b7b62d3?s=96&d=mm&r=g","caption":"Filippo Francesco Idone"},"url":"https:\/\/progettotouring.it\/radiotouring104\/author\/filippoidone\/"}]}},"jetpack_publicize_connections":[],"jetpack_featured_media_url":"https:\/\/progettotouring.it\/radiotouring104\/wp-content\/uploads\/sites\/6\/2022\/12\/mancuso-1.jpg","jetpack_sharing_enabled":true,"_links":{"self":[{"href":"https:\/\/progettotouring.it\/radiotouring104\/wp-json\/wp\/v2\/posts\/15653","targetHints":{"allow":["GET"]}}],"collection":[{"href":"https:\/\/progettotouring.it\/radiotouring104\/wp-json\/wp\/v2\/posts"}],"about":[{"href":"https:\/\/progettotouring.it\/radiotouring104\/wp-json\/wp\/v2\/types\/post"}],"author":[{"embeddable":true,"href":"https:\/\/progettotouring.it\/radiotouring104\/wp-json\/wp\/v2\/users\/8"}],"replies":[{"embeddable":true,"href":"https:\/\/progettotouring.it\/radiotouring104\/wp-json\/wp\/v2\/comments?post=15653"}],"version-history":[{"count":1,"href":"https:\/\/progettotouring.it\/radiotouring104\/wp-json\/wp\/v2\/posts\/15653\/revisions"}],"predecessor-version":[{"id":15656,"href":"https:\/\/progettotouring.it\/radiotouring104\/wp-json\/wp\/v2\/posts\/15653\/revisions\/15656"}],"wp:featuredmedia":[{"embeddable":true,"href":"https:\/\/progettotouring.it\/radiotouring104\/wp-json\/wp\/v2\/media\/15654"}],"wp:attachment":[{"href":"https:\/\/progettotouring.it\/radiotouring104\/wp-json\/wp\/v2\/media?parent=15653"}],"wp:term":[{"taxonomy":"category","embeddable":true,"href":"https:\/\/progettotouring.it\/radiotouring104\/wp-json\/wp\/v2\/categories?post=15653"},{"taxonomy":"post_tag","embeddable":true,"href":"https:\/\/progettotouring.it\/radiotouring104\/wp-json\/wp\/v2\/tags?post=15653"}],"curies":[{"name":"wp","href":"https:\/\/api.w.org\/{rel}","templated":true}]}}