{"id":15670,"date":"2022-12-28T09:57:47","date_gmt":"2022-12-28T08:57:47","guid":{"rendered":"https:\/\/progettotouring.it\/radiotouring104\/?p=15670"},"modified":"2022-12-28T09:57:47","modified_gmt":"2022-12-28T08:57:47","slug":"riapre-raccontarti-oggi-in-scena-i-colori-di-luigia-granata","status":"publish","type":"post","link":"https:\/\/progettotouring.it\/radiotouring104\/2022\/12\/28\/riapre-raccontarti-oggi-in-scena-i-colori-di-luigia-granata\/","title":{"rendered":"Riapre \u201cRaccontArti\u201d, oggi in scena i colori di Luigia Granata"},"content":{"rendered":"<p class=\"xmprfx_MsoNormal\">Riapre le porte del magico mondo dell\u2019artigianato, dopo la pausa natalizia, \u201cRaccontArti\u201d, il Festival periodico delle arti e dei mestieri lanciato da Confartigianato ed aperto lo scorso 10 dicembre nella sede dell\u2019Ex Stac, a piazza Matteotti.<br \/>\nAnche la terza settimana di attivit\u00e0 che parte oggi, mercoled\u00ec 28 dicembre, sar\u00e0 caratterizzata da tanti eventi: laboratori, workshop, iniziative che si accompagnano alle esposizioni degli artigiani che condividono il \u201csaper fare\u201d per valorizzare storia e tradizioni delle botteghe.<br \/>\nUn luogo in cui poter ammirare i prodotti artigianali e acquistarli. La ripresa delle attivit\u00e0 di \u201cRaccontArti\u201d riserva altri interessanti e coinvolgenti appuntamenti, a partire dalle ore 17.00 con Angela Rubino e gli antichi tessitori che racconteranno la propria esperienza imprenditoriale. Saranno illustrate la storia del costume, del design e delle tecniche di tessitura e tintura delle stoffe in terra di Calabria. Alle 17.30 ospite dell\u2019ex Stac sar\u00e0\u00a0Luigia Granata. Artista dalla personalit\u00e0 vulcanica ed eclettica, pittrice, illustratrice di riviste internazionali, mosaicista ed esperta in cromoterapia si esibir\u00e0 in una Performance di Body painting. A seguire il Laboratorio a cura degli allievi della MOEMA Academy con il Make-up nella moda e nel cinema. La Granata, Fautrice del progetto \u201cDalla Carta alla Seta, l\u2019 Arte a Passeggio\u201d, dal 2013 realizza capi d\u2019abbigliamento e accessori unici e personalizzabili, dedicati prevalentemente al mondo femminile, ispirati e basati su opere d\u2019arte, completamente fatte a mano. Le sue opere sono esposte in mostre permanenti negli Stati Uniti, in Canada e in Cina, oltre che in collezioni pubbliche e private. Al mattino invece ci sar\u00e0 la terza lezione del corso di pittura dedicato a \u201cNonni e Nipoti\u201d, con i pi\u00f9 piccini pronti a realizzare le proprie opere.<\/p>\n<p class=\"xmprfx_MsoNormal\">Domani e venerd\u00ec, invece, sar\u00e0 la volta di due maestri artigiani,\u00a0<b>Attilio Benincasa e Giuliana Furrer<\/b>, che racconteranno la propria arte. Rinviati a luned\u00ec 2 gennaio l\u2019incontro con i maestri Liutai di Bisignano e l\u2019atteso concerto di Ettore Castagna.<\/p>\n<p class=\"xmprfx_MsoNormal\">Un bilancio fino ad ora positivo del festival RaccontArti che la scorsa settimana,<br \/>\nTra gli eventi maggiormente seguiti, ha visto il Workshop a cura dell\u2019artista Massimo Sirelli che ha allestito un laboratorio dei suoi ormai famosi robottini per i bambini, coinvolgendo anche i genitori alla &#8220;riscoperta del gioco\u201d.<\/p>\n<p class=\"xmprfx_MsoNormal\">\u201cIn questi mesi ho incontrato centinaia di bambini, di ragazzi e di adulti. Abbiamo costruito Robottini giocattolo in totale libert\u00e0 \u2013 ha dichiarato Sirelli -. Ho imparato cos\u00ec tante cose in ogni appuntamento, visto luoghi bellissimi e capito l\u2019importanza della parola \u201cempatia\u201d. Il riuso creativo, tra arte e rispetto dell\u2019ambiente, ci permette anche di riscoprire il valore dell\u2019essenziale, anche nei rapporti umani\u201d.<\/p>\n<p class=\"xmprfx_MsoNormal\">Gli appuntamenti della scorsa settimana sono continuati con un incontro dedicato agli amanti delle pipe con il maestro Vitaliano Posella &#8211; da San Vito sullo Ionio \u2013 che ci ha condotto tra i segreti di questa affascinante e preziosa arte, dei legni pi\u00f9 pregiati e di tutto il mondo che vi ruota intorno. Ed ancora, il racconto del maestro birraio Oreste Colicchia che ha parlato del suo progetto \u201ccalabriainbeers\u201d totalmente dedicato alla nostra citt\u00e0. Sette birre artigianali e l\u2019innovativo \u201cu picamaro\u201d che trovano identit\u00e0 nella storia e negli elementi di Catanzaro, mentre in contemporanea\u00a0 si svolgeva il live painting di Zeus OczB e Cime.<\/p>\n<p class=\"xmprfx_MsoNormal\">\nUn combinato disposto di emozione e commozione per le iniziative dedicate alla memoria dell\u2019artista Gioacchino Lamanna, hanno chiuso gli appuntamenti della seconda settimana. In onore al pittore e concittadino che con la sua arte ha reso ancora pi\u00f9 bella Catanzaro nelle sue opere e con le sue opere, \u00e8 stata apposta una targa presso la sua casa natale nel centro storico, al Pianicello, in prossimit\u00e0 della chiesa di Santa Maria del Mezzogiorno. Il percorso di omaggio alla memoria \u00e8 continuato con il commosso ricordo dei figli e degli amici, avvenuto proprio all\u2019ex Stac, tra le sue opere: il tocco sensibile e straordinario di un artista che ha saputo raccontare la citt\u00e0 nella sua autentica bellezza e umanit\u00e0.<\/p>\n<p class=\"xmprfx_MsoNormal\">Sono stati davvero in tanti a voler rendere omaggio al grande artista catanzarese Gioacchino Lamanna. \u201cAbbiamo voluto celebrare la bellezza della nostra terra attraverso l\u2019arte e per questo siamo stati orgogliosi e onorati di ospitare e godere ogni giorno dei meravigliosi quadri di Gioacchino \u2013 ha detto la direttrice artistica di Raccontarti, Giuliana Furrer -. Un grazie speciale alla moglie e ai figli e ai tanti amici che gli hanno dedicato le bellissime parole lette dalla sapiente voce di Marta Parise.<\/p>\n<p class=\"xmprfx_MsoNormal\">\n<p><b><u>Gli appuntamenti della settimana<\/u><\/b><\/p>\n<p class=\"xmprfx_MsoNormal\">\n<b><i>Mercoled\u00ec 28 dicembre<br \/>\nOre 10.30<br \/>\n<\/i><\/b>Luogo Ex Stac<br \/>\n3\u2019 lezione del Corso di Pittura \u201cNonni e Nipoti\u201d.<\/p>\n<p><b><i>Ore 17.00<\/i><\/b><br \/>\nLuogo: Ex Stac<br \/>\nGli artigiani raccontano;\u00a0 4\u00b0 workshop: la tessitura.<br \/>\nRicco pomeriggio all\u2019insegna dell\u2019arte della tessitura. L\u2019esperta Angela Rubino illustrer\u00e0 la storia del costume, del design e delle tecniche di tessitura e tintura delle stoffe in terra di Calabria.<br \/>\nAntichi Tessitori racconter\u00e0 la sua esperienza produttiva e imprenditoriale nella nostra citt\u00e0.<br \/>\nIn esposizione abiti interamente fatti a mano dalla catanzarese Stefania Frustaci, fashion designer, costumista ed esperta di Taglio Storico del Costume.<\/p>\n<p class=\"xmprfx_MsoNormal\">\n<b><i>Ore 17.30<br \/>\n<\/i><\/b>Da Cosenza:<br \/>\n&#8220;CONTAMINAZIONI&#8221;<br \/>\nArte e tessuti<br \/>\nPerformance di<br \/>\n<b>Body painting della designer Identitaria<br \/>\nLuigia Granata<br \/>\n<\/b><br \/>\nIl Make-up<br \/>\nnella Moda e nel Cinema<br \/>\nLaboratorio a cura degli allievi della<br \/>\nMOEMA Academy<\/p>\n<p><b><i>Gioved\u00ec 29 dicembre<br \/>\nOre 18:00<br \/>\n<\/i><\/b>Luogo: Ex Stac<br \/>\nGLI ARTIGIANI RACCONTANO: ARTE ORAFA E TERRITORIO.<br \/>\nIl maestro orafo Attilio Benincasa racconta la sua storia, come nasce un manufatto &#8211; dall\u2019idea alla realizzazione del progetto finale.<\/p>\n<p><b><i>Venerd\u00ec 30 dicembre<br \/>\nOre 10.30<br \/>\n<\/i><\/b>Luogo Ex Stac<br \/>\n4 lezione del Corso di pittura \u201cnonni e Nipoti\u201d.<\/p>\n<p><b><i>Ore 18.00<br \/>\nLuogo: Ex Stac<\/i><\/b><br \/>\nGLI ARTIGIANI RACCONTANO: LA CERAMICA<br \/>\nViaggio attraverso la storia e la tradizione della ceramica in Calabria con la ceramista Giuliana Furrer che racconter\u00e0 come nasce un manufatto in ceramica con dimostrazione dal vivo ed eventuale coinvolgimento dei partecipanti.<\/p>\n","protected":false},"excerpt":{"rendered":"<p>Riapre le porte del magico mondo dell\u2019artigianato, dopo la pausa natalizia, \u201cRaccontArti\u201d, il Festival periodico delle arti e dei mestieri lanciato da Confartigianato ed aperto lo scorso 10 dicembre nella&hellip;<\/p>\n","protected":false},"author":12,"featured_media":15671,"comment_status":"open","ping_status":"open","sticky":false,"template":"","format":"standard","meta":{"_jetpack_memberships_contains_paid_content":false,"footnotes":"","jetpack_publicize_message":"","jetpack_publicize_feature_enabled":true,"jetpack_social_post_already_shared":false,"jetpack_social_options":{"image_generator_settings":{"template":"highway","default_image_id":0,"font":"","enabled":false},"version":2}},"categories":[921,196,140],"tags":[7129,7776,3130,7493],"class_list":["post-15670","post","type-post","status-publish","format-standard","has-post-thumbnail","hentry","category-home","category-news","category-reggio-calabria","tag-raccontarti","tag-artista-luigia-granata","tag-confartigianato","tag-ex-stac"],"yoast_head":"<!-- This site is optimized with the Yoast SEO plugin v27.2 - https:\/\/yoast.com\/product\/yoast-seo-wordpress\/ -->\n<title>Riapre \u201cRaccontArti\u201d, oggi in scena i colori di Luigia Granata<\/title>\n<meta name=\"description\" content=\"Riapre l&#039;artigianato all&#039;Ex Stac, festiival di Confartigianato. Ai colori dell&#039;artista, seguiranno altri racconti artigiani gioved\u00ec e venerd\u00ec\" \/>\n<meta name=\"robots\" content=\"index, follow, max-snippet:-1, max-image-preview:large, max-video-preview:-1\" \/>\n<link rel=\"canonical\" href=\"https:\/\/progettotouring.it\/radiotouring104\/2022\/12\/28\/riapre-raccontarti-oggi-in-scena-i-colori-di-luigia-granata\/\" \/>\n<meta property=\"og:locale\" content=\"it_IT\" \/>\n<meta property=\"og:type\" content=\"article\" \/>\n<meta property=\"og:title\" content=\"Riapre \u201cRaccontArti\u201d, oggi in scena i colori di Luigia Granata\" \/>\n<meta property=\"og:description\" content=\"Riapre l&#039;artigianato all&#039;Ex Stac, festiival di Confartigianato. Ai colori dell&#039;artista, seguiranno altri racconti artigiani gioved\u00ec e venerd\u00ec\" \/>\n<meta property=\"og:url\" content=\"https:\/\/progettotouring.it\/radiotouring104\/2022\/12\/28\/riapre-raccontarti-oggi-in-scena-i-colori-di-luigia-granata\/\" \/>\n<meta property=\"og:site_name\" content=\"Radio Touring 104\" \/>\n<meta property=\"article:published_time\" content=\"2022-12-28T08:57:47+00:00\" \/>\n<meta property=\"og:image\" content=\"https:\/\/progettotouring.it\/radiotouring104\/wp-content\/uploads\/sites\/6\/2022\/12\/RaccontArti-Festival.jpg\" \/>\n\t<meta property=\"og:image:width\" content=\"2000\" \/>\n\t<meta property=\"og:image:height\" content=\"1500\" \/>\n\t<meta property=\"og:image:type\" content=\"image\/jpeg\" \/>\n<meta name=\"author\" content=\"Sebastiano Plutino\" \/>\n<meta name=\"twitter:card\" content=\"summary_large_image\" \/>\n<meta name=\"twitter:label1\" content=\"Scritto da\" \/>\n\t<meta name=\"twitter:data1\" content=\"Sebastiano Plutino\" \/>\n\t<meta name=\"twitter:label2\" content=\"Tempo di lettura stimato\" \/>\n\t<meta name=\"twitter:data2\" content=\"5 minuti\" \/>\n<script type=\"application\/ld+json\" class=\"yoast-schema-graph\">{\"@context\":\"https:\/\/schema.org\",\"@graph\":[{\"@type\":\"Article\",\"@id\":\"https:\/\/progettotouring.it\/radiotouring104\/2022\/12\/28\/riapre-raccontarti-oggi-in-scena-i-colori-di-luigia-granata\/#article\",\"isPartOf\":{\"@id\":\"https:\/\/progettotouring.it\/radiotouring104\/2022\/12\/28\/riapre-raccontarti-oggi-in-scena-i-colori-di-luigia-granata\/\"},\"author\":{\"name\":\"Sebastiano Plutino\",\"@id\":\"https:\/\/progettotouring.it\/radiotouring104\/#\/schema\/person\/78613917f1851f041f7483f5af1d422e\"},\"headline\":\"Riapre \u201cRaccontArti\u201d, oggi in scena i colori di Luigia Granata\",\"datePublished\":\"2022-12-28T08:57:47+00:00\",\"mainEntityOfPage\":{\"@id\":\"https:\/\/progettotouring.it\/radiotouring104\/2022\/12\/28\/riapre-raccontarti-oggi-in-scena-i-colori-di-luigia-granata\/\"},\"wordCount\":955,\"commentCount\":0,\"publisher\":{\"@id\":\"https:\/\/progettotouring.it\/radiotouring104\/#organization\"},\"image\":{\"@id\":\"https:\/\/progettotouring.it\/radiotouring104\/2022\/12\/28\/riapre-raccontarti-oggi-in-scena-i-colori-di-luigia-granata\/#primaryimage\"},\"thumbnailUrl\":\"https:\/\/progettotouring.it\/radiotouring104\/wp-content\/uploads\/sites\/6\/2022\/12\/RaccontArti-Festival.jpg\",\"keywords\":[\"\u201cRaccontARTI\u201d\",\"Artista Luigia Granata\",\"confartigianato\",\"Ex Stac\"],\"articleSection\":[\"Home\",\"News\",\"Reggio Calabria\"],\"inLanguage\":\"it-IT\",\"potentialAction\":[{\"@type\":\"CommentAction\",\"name\":\"Comment\",\"target\":[\"https:\/\/progettotouring.it\/radiotouring104\/2022\/12\/28\/riapre-raccontarti-oggi-in-scena-i-colori-di-luigia-granata\/#respond\"]}]},{\"@type\":\"WebPage\",\"@id\":\"https:\/\/progettotouring.it\/radiotouring104\/2022\/12\/28\/riapre-raccontarti-oggi-in-scena-i-colori-di-luigia-granata\/\",\"url\":\"https:\/\/progettotouring.it\/radiotouring104\/2022\/12\/28\/riapre-raccontarti-oggi-in-scena-i-colori-di-luigia-granata\/\",\"name\":\"Riapre \u201cRaccontArti\u201d, oggi in scena i colori di Luigia Granata\",\"isPartOf\":{\"@id\":\"https:\/\/progettotouring.it\/radiotouring104\/#website\"},\"primaryImageOfPage\":{\"@id\":\"https:\/\/progettotouring.it\/radiotouring104\/2022\/12\/28\/riapre-raccontarti-oggi-in-scena-i-colori-di-luigia-granata\/#primaryimage\"},\"image\":{\"@id\":\"https:\/\/progettotouring.it\/radiotouring104\/2022\/12\/28\/riapre-raccontarti-oggi-in-scena-i-colori-di-luigia-granata\/#primaryimage\"},\"thumbnailUrl\":\"https:\/\/progettotouring.it\/radiotouring104\/wp-content\/uploads\/sites\/6\/2022\/12\/RaccontArti-Festival.jpg\",\"datePublished\":\"2022-12-28T08:57:47+00:00\",\"description\":\"Riapre l'artigianato all'Ex Stac, festiival di Confartigianato. Ai colori dell'artista, seguiranno altri racconti artigiani gioved\u00ec e venerd\u00ec\",\"breadcrumb\":{\"@id\":\"https:\/\/progettotouring.it\/radiotouring104\/2022\/12\/28\/riapre-raccontarti-oggi-in-scena-i-colori-di-luigia-granata\/#breadcrumb\"},\"inLanguage\":\"it-IT\",\"potentialAction\":[{\"@type\":\"ReadAction\",\"target\":[\"https:\/\/progettotouring.it\/radiotouring104\/2022\/12\/28\/riapre-raccontarti-oggi-in-scena-i-colori-di-luigia-granata\/\"]}]},{\"@type\":\"ImageObject\",\"inLanguage\":\"it-IT\",\"@id\":\"https:\/\/progettotouring.it\/radiotouring104\/2022\/12\/28\/riapre-raccontarti-oggi-in-scena-i-colori-di-luigia-granata\/#primaryimage\",\"url\":\"https:\/\/progettotouring.it\/radiotouring104\/wp-content\/uploads\/sites\/6\/2022\/12\/RaccontArti-Festival.jpg\",\"contentUrl\":\"https:\/\/progettotouring.it\/radiotouring104\/wp-content\/uploads\/sites\/6\/2022\/12\/RaccontArti-Festival.jpg\",\"width\":2000,\"height\":1500},{\"@type\":\"BreadcrumbList\",\"@id\":\"https:\/\/progettotouring.it\/radiotouring104\/2022\/12\/28\/riapre-raccontarti-oggi-in-scena-i-colori-di-luigia-granata\/#breadcrumb\",\"itemListElement\":[{\"@type\":\"ListItem\",\"position\":1,\"name\":\"Home\",\"item\":\"https:\/\/progettotouring.it\/radiotouring104\/\"},{\"@type\":\"ListItem\",\"position\":2,\"name\":\"Riapre \u201cRaccontArti\u201d, oggi in scena i colori di Luigia Granata\"}]},{\"@type\":\"WebSite\",\"@id\":\"https:\/\/progettotouring.it\/radiotouring104\/#website\",\"url\":\"https:\/\/progettotouring.it\/radiotouring104\/\",\"name\":\"Radio Touring 104\",\"description\":\"La prima radio Reggina\",\"publisher\":{\"@id\":\"https:\/\/progettotouring.it\/radiotouring104\/#organization\"},\"potentialAction\":[{\"@type\":\"SearchAction\",\"target\":{\"@type\":\"EntryPoint\",\"urlTemplate\":\"https:\/\/progettotouring.it\/radiotouring104\/?s={search_term_string}\"},\"query-input\":{\"@type\":\"PropertyValueSpecification\",\"valueRequired\":true,\"valueName\":\"search_term_string\"}}],\"inLanguage\":\"it-IT\"},{\"@type\":\"Organization\",\"@id\":\"https:\/\/progettotouring.it\/radiotouring104\/#organization\",\"name\":\"Radio Touring 104\",\"url\":\"https:\/\/progettotouring.it\/radiotouring104\/\",\"logo\":{\"@type\":\"ImageObject\",\"inLanguage\":\"it-IT\",\"@id\":\"https:\/\/progettotouring.it\/radiotouring104\/#\/schema\/logo\/image\/\",\"url\":\"https:\/\/progettotouring.it\/radiotouring104\/wp-content\/uploads\/sites\/6\/2022\/02\/cropped-logo-radio-touring-104.png\",\"contentUrl\":\"https:\/\/progettotouring.it\/radiotouring104\/wp-content\/uploads\/sites\/6\/2022\/02\/cropped-logo-radio-touring-104.png\",\"width\":377,\"height\":182,\"caption\":\"Radio Touring 104\"},\"image\":{\"@id\":\"https:\/\/progettotouring.it\/radiotouring104\/#\/schema\/logo\/image\/\"}},{\"@type\":\"Person\",\"@id\":\"https:\/\/progettotouring.it\/radiotouring104\/#\/schema\/person\/78613917f1851f041f7483f5af1d422e\",\"name\":\"Sebastiano Plutino\",\"image\":{\"@type\":\"ImageObject\",\"inLanguage\":\"it-IT\",\"@id\":\"https:\/\/secure.gravatar.com\/avatar\/0546ffaa9b79224faf9f2a156b67a529ae861d3287c66c1d8ccfdf909bcba78d?s=96&d=mm&r=g\",\"url\":\"https:\/\/secure.gravatar.com\/avatar\/0546ffaa9b79224faf9f2a156b67a529ae861d3287c66c1d8ccfdf909bcba78d?s=96&d=mm&r=g\",\"contentUrl\":\"https:\/\/secure.gravatar.com\/avatar\/0546ffaa9b79224faf9f2a156b67a529ae861d3287c66c1d8ccfdf909bcba78d?s=96&d=mm&r=g\",\"caption\":\"Sebastiano Plutino\"},\"url\":\"https:\/\/progettotouring.it\/radiotouring104\/author\/sebastiano\/\"}]}<\/script>\n<!-- \/ Yoast SEO plugin. -->","yoast_head_json":{"title":"Riapre \u201cRaccontArti\u201d, oggi in scena i colori di Luigia Granata","description":"Riapre l'artigianato all'Ex Stac, festiival di Confartigianato. Ai colori dell'artista, seguiranno altri racconti artigiani gioved\u00ec e venerd\u00ec","robots":{"index":"index","follow":"follow","max-snippet":"max-snippet:-1","max-image-preview":"max-image-preview:large","max-video-preview":"max-video-preview:-1"},"canonical":"https:\/\/progettotouring.it\/radiotouring104\/2022\/12\/28\/riapre-raccontarti-oggi-in-scena-i-colori-di-luigia-granata\/","og_locale":"it_IT","og_type":"article","og_title":"Riapre \u201cRaccontArti\u201d, oggi in scena i colori di Luigia Granata","og_description":"Riapre l'artigianato all'Ex Stac, festiival di Confartigianato. Ai colori dell'artista, seguiranno altri racconti artigiani gioved\u00ec e venerd\u00ec","og_url":"https:\/\/progettotouring.it\/radiotouring104\/2022\/12\/28\/riapre-raccontarti-oggi-in-scena-i-colori-di-luigia-granata\/","og_site_name":"Radio Touring 104","article_published_time":"2022-12-28T08:57:47+00:00","og_image":[{"width":2000,"height":1500,"url":"https:\/\/progettotouring.it\/radiotouring104\/wp-content\/uploads\/sites\/6\/2022\/12\/RaccontArti-Festival.jpg","type":"image\/jpeg"}],"author":"Sebastiano Plutino","twitter_card":"summary_large_image","twitter_misc":{"Scritto da":"Sebastiano Plutino","Tempo di lettura stimato":"5 minuti"},"schema":{"@context":"https:\/\/schema.org","@graph":[{"@type":"Article","@id":"https:\/\/progettotouring.it\/radiotouring104\/2022\/12\/28\/riapre-raccontarti-oggi-in-scena-i-colori-di-luigia-granata\/#article","isPartOf":{"@id":"https:\/\/progettotouring.it\/radiotouring104\/2022\/12\/28\/riapre-raccontarti-oggi-in-scena-i-colori-di-luigia-granata\/"},"author":{"name":"Sebastiano Plutino","@id":"https:\/\/progettotouring.it\/radiotouring104\/#\/schema\/person\/78613917f1851f041f7483f5af1d422e"},"headline":"Riapre \u201cRaccontArti\u201d, oggi in scena i colori di Luigia Granata","datePublished":"2022-12-28T08:57:47+00:00","mainEntityOfPage":{"@id":"https:\/\/progettotouring.it\/radiotouring104\/2022\/12\/28\/riapre-raccontarti-oggi-in-scena-i-colori-di-luigia-granata\/"},"wordCount":955,"commentCount":0,"publisher":{"@id":"https:\/\/progettotouring.it\/radiotouring104\/#organization"},"image":{"@id":"https:\/\/progettotouring.it\/radiotouring104\/2022\/12\/28\/riapre-raccontarti-oggi-in-scena-i-colori-di-luigia-granata\/#primaryimage"},"thumbnailUrl":"https:\/\/progettotouring.it\/radiotouring104\/wp-content\/uploads\/sites\/6\/2022\/12\/RaccontArti-Festival.jpg","keywords":["\u201cRaccontARTI\u201d","Artista Luigia Granata","confartigianato","Ex Stac"],"articleSection":["Home","News","Reggio Calabria"],"inLanguage":"it-IT","potentialAction":[{"@type":"CommentAction","name":"Comment","target":["https:\/\/progettotouring.it\/radiotouring104\/2022\/12\/28\/riapre-raccontarti-oggi-in-scena-i-colori-di-luigia-granata\/#respond"]}]},{"@type":"WebPage","@id":"https:\/\/progettotouring.it\/radiotouring104\/2022\/12\/28\/riapre-raccontarti-oggi-in-scena-i-colori-di-luigia-granata\/","url":"https:\/\/progettotouring.it\/radiotouring104\/2022\/12\/28\/riapre-raccontarti-oggi-in-scena-i-colori-di-luigia-granata\/","name":"Riapre \u201cRaccontArti\u201d, oggi in scena i colori di Luigia Granata","isPartOf":{"@id":"https:\/\/progettotouring.it\/radiotouring104\/#website"},"primaryImageOfPage":{"@id":"https:\/\/progettotouring.it\/radiotouring104\/2022\/12\/28\/riapre-raccontarti-oggi-in-scena-i-colori-di-luigia-granata\/#primaryimage"},"image":{"@id":"https:\/\/progettotouring.it\/radiotouring104\/2022\/12\/28\/riapre-raccontarti-oggi-in-scena-i-colori-di-luigia-granata\/#primaryimage"},"thumbnailUrl":"https:\/\/progettotouring.it\/radiotouring104\/wp-content\/uploads\/sites\/6\/2022\/12\/RaccontArti-Festival.jpg","datePublished":"2022-12-28T08:57:47+00:00","description":"Riapre l'artigianato all'Ex Stac, festiival di Confartigianato. Ai colori dell'artista, seguiranno altri racconti artigiani gioved\u00ec e venerd\u00ec","breadcrumb":{"@id":"https:\/\/progettotouring.it\/radiotouring104\/2022\/12\/28\/riapre-raccontarti-oggi-in-scena-i-colori-di-luigia-granata\/#breadcrumb"},"inLanguage":"it-IT","potentialAction":[{"@type":"ReadAction","target":["https:\/\/progettotouring.it\/radiotouring104\/2022\/12\/28\/riapre-raccontarti-oggi-in-scena-i-colori-di-luigia-granata\/"]}]},{"@type":"ImageObject","inLanguage":"it-IT","@id":"https:\/\/progettotouring.it\/radiotouring104\/2022\/12\/28\/riapre-raccontarti-oggi-in-scena-i-colori-di-luigia-granata\/#primaryimage","url":"https:\/\/progettotouring.it\/radiotouring104\/wp-content\/uploads\/sites\/6\/2022\/12\/RaccontArti-Festival.jpg","contentUrl":"https:\/\/progettotouring.it\/radiotouring104\/wp-content\/uploads\/sites\/6\/2022\/12\/RaccontArti-Festival.jpg","width":2000,"height":1500},{"@type":"BreadcrumbList","@id":"https:\/\/progettotouring.it\/radiotouring104\/2022\/12\/28\/riapre-raccontarti-oggi-in-scena-i-colori-di-luigia-granata\/#breadcrumb","itemListElement":[{"@type":"ListItem","position":1,"name":"Home","item":"https:\/\/progettotouring.it\/radiotouring104\/"},{"@type":"ListItem","position":2,"name":"Riapre \u201cRaccontArti\u201d, oggi in scena i colori di Luigia Granata"}]},{"@type":"WebSite","@id":"https:\/\/progettotouring.it\/radiotouring104\/#website","url":"https:\/\/progettotouring.it\/radiotouring104\/","name":"Radio Touring 104","description":"La prima radio Reggina","publisher":{"@id":"https:\/\/progettotouring.it\/radiotouring104\/#organization"},"potentialAction":[{"@type":"SearchAction","target":{"@type":"EntryPoint","urlTemplate":"https:\/\/progettotouring.it\/radiotouring104\/?s={search_term_string}"},"query-input":{"@type":"PropertyValueSpecification","valueRequired":true,"valueName":"search_term_string"}}],"inLanguage":"it-IT"},{"@type":"Organization","@id":"https:\/\/progettotouring.it\/radiotouring104\/#organization","name":"Radio Touring 104","url":"https:\/\/progettotouring.it\/radiotouring104\/","logo":{"@type":"ImageObject","inLanguage":"it-IT","@id":"https:\/\/progettotouring.it\/radiotouring104\/#\/schema\/logo\/image\/","url":"https:\/\/progettotouring.it\/radiotouring104\/wp-content\/uploads\/sites\/6\/2022\/02\/cropped-logo-radio-touring-104.png","contentUrl":"https:\/\/progettotouring.it\/radiotouring104\/wp-content\/uploads\/sites\/6\/2022\/02\/cropped-logo-radio-touring-104.png","width":377,"height":182,"caption":"Radio Touring 104"},"image":{"@id":"https:\/\/progettotouring.it\/radiotouring104\/#\/schema\/logo\/image\/"}},{"@type":"Person","@id":"https:\/\/progettotouring.it\/radiotouring104\/#\/schema\/person\/78613917f1851f041f7483f5af1d422e","name":"Sebastiano Plutino","image":{"@type":"ImageObject","inLanguage":"it-IT","@id":"https:\/\/secure.gravatar.com\/avatar\/0546ffaa9b79224faf9f2a156b67a529ae861d3287c66c1d8ccfdf909bcba78d?s=96&d=mm&r=g","url":"https:\/\/secure.gravatar.com\/avatar\/0546ffaa9b79224faf9f2a156b67a529ae861d3287c66c1d8ccfdf909bcba78d?s=96&d=mm&r=g","contentUrl":"https:\/\/secure.gravatar.com\/avatar\/0546ffaa9b79224faf9f2a156b67a529ae861d3287c66c1d8ccfdf909bcba78d?s=96&d=mm&r=g","caption":"Sebastiano Plutino"},"url":"https:\/\/progettotouring.it\/radiotouring104\/author\/sebastiano\/"}]}},"jetpack_publicize_connections":[],"jetpack_featured_media_url":"https:\/\/progettotouring.it\/radiotouring104\/wp-content\/uploads\/sites\/6\/2022\/12\/RaccontArti-Festival.jpg","jetpack_sharing_enabled":true,"_links":{"self":[{"href":"https:\/\/progettotouring.it\/radiotouring104\/wp-json\/wp\/v2\/posts\/15670","targetHints":{"allow":["GET"]}}],"collection":[{"href":"https:\/\/progettotouring.it\/radiotouring104\/wp-json\/wp\/v2\/posts"}],"about":[{"href":"https:\/\/progettotouring.it\/radiotouring104\/wp-json\/wp\/v2\/types\/post"}],"author":[{"embeddable":true,"href":"https:\/\/progettotouring.it\/radiotouring104\/wp-json\/wp\/v2\/users\/12"}],"replies":[{"embeddable":true,"href":"https:\/\/progettotouring.it\/radiotouring104\/wp-json\/wp\/v2\/comments?post=15670"}],"version-history":[{"count":1,"href":"https:\/\/progettotouring.it\/radiotouring104\/wp-json\/wp\/v2\/posts\/15670\/revisions"}],"predecessor-version":[{"id":15672,"href":"https:\/\/progettotouring.it\/radiotouring104\/wp-json\/wp\/v2\/posts\/15670\/revisions\/15672"}],"wp:featuredmedia":[{"embeddable":true,"href":"https:\/\/progettotouring.it\/radiotouring104\/wp-json\/wp\/v2\/media\/15671"}],"wp:attachment":[{"href":"https:\/\/progettotouring.it\/radiotouring104\/wp-json\/wp\/v2\/media?parent=15670"}],"wp:term":[{"taxonomy":"category","embeddable":true,"href":"https:\/\/progettotouring.it\/radiotouring104\/wp-json\/wp\/v2\/categories?post=15670"},{"taxonomy":"post_tag","embeddable":true,"href":"https:\/\/progettotouring.it\/radiotouring104\/wp-json\/wp\/v2\/tags?post=15670"}],"curies":[{"name":"wp","href":"https:\/\/api.w.org\/{rel}","templated":true}]}}