{"id":15677,"date":"2022-12-28T10:48:02","date_gmt":"2022-12-28T09:48:02","guid":{"rendered":"https:\/\/progettotouring.it\/radiotouring104\/?p=15677"},"modified":"2022-12-28T10:48:02","modified_gmt":"2022-12-28T09:48:02","slug":"reggio-presentata-lautobiografia-fratelli-una-famiglia-italiana","status":"publish","type":"post","link":"https:\/\/progettotouring.it\/radiotouring104\/2022\/12\/28\/reggio-presentata-lautobiografia-fratelli-una-famiglia-italiana\/","title":{"rendered":"Reggio: presentata l&#8217;autobiografia &#8220;Fratelli. Una famiglia italiana&#8221;"},"content":{"rendered":"<p>La vita di Santo Versace non troverebbe slancio senza l\u2019amore. Amore che cura cicatrici aperte, d\u00e0 forza, va fiducioso incontro al futuro. Incalzata dalle domande affettuose del giornalista Giusva Branca, la presentazione a Palazzo Alvaro del suo libro \u201cFratelli. Una famiglia italiana\u201d \u00e8 stata la presentazione di una famiglia, in cui le figure femminili si sono distinte per indipendenza e entusiasmo. La madre, Franca Olandese, sar\u00e0 la fautrice del magazzino reggino \u2013 diretto alla sua scomparsa da Maria Vittoria Ramirez &#8211; e Gianni, che sin da piccolo manifestava interesse per il disegno, ricever\u00e0 qui la sua prima formazione, comprendendo le potenzialit\u00e0 di una sartoria che di l\u00ec a poco si sarebbe affacciata sulle pi\u00f9 ambite passerelle. Per diventare una lussuosa casa di moda il talento non basta &#8211; ribadisce Versace &#8211; occorre applicazione, grinta e costruzione. Sono stati questi gli imperativi che lo hanno guidato nella gestione di un\u2019azienda che negli anni \u201980 consegna a Milano il primato della moda superando Parigi; proprio a Milano matura in Gianni la passione per il teatro, dedicandosi ai costumi destinati alle coreografie della Scala. E sotto la lente dell\u2019amore tutto si illumina, anche il buio: il dolore per la morte violenta di Gianni, preceduta da quella altrettanto prematura della primogenita Tinuccia, ha trovato riscatto proprio grazie alla presenza della moglie, Francesca De Stefano, insieme alla quale nuovi progetti hanno preso forma: tiratosi fuori dal mondo della moda, ora Versace insieme a lei dirige una fondazione e una casa di produzione cinematografica, dando continuit\u00e0 a un passione trasversale per l\u2019arte che grazie al supporto di una famiglia affiatata ha potuto trovare una sontuosa espressione.<\/p>\n","protected":false},"excerpt":{"rendered":"<p>La vita di Santo Versace non troverebbe slancio senza l\u2019amore. Amore che cura cicatrici aperte, d\u00e0 forza, va fiducioso incontro al futuro. Incalzata dalle domande affettuose del giornalista Giusva Branca,&hellip;<\/p>\n","protected":false},"author":13,"featured_media":15679,"comment_status":"open","ping_status":"open","sticky":false,"template":"","format":"standard","meta":{"_jetpack_memberships_contains_paid_content":false,"footnotes":"","jetpack_publicize_message":"","jetpack_publicize_feature_enabled":true,"jetpack_social_post_already_shared":false,"jetpack_social_options":{"image_generator_settings":{"template":"highway","default_image_id":0,"font":"","enabled":false},"version":2}},"categories":[921,196,140],"tags":[7686,739,236,7687],"class_list":["post-15677","post","type-post","status-publish","format-standard","has-post-thumbnail","hentry","category-home","category-news","category-reggio-calabria","tag-fratelli-una-famiglia-italiana","tag-palazzo-alvaro","tag-reggio-calabria","tag-santo-versace"],"yoast_head":"<!-- This site is optimized with the Yoast SEO plugin v27.2 - https:\/\/yoast.com\/product\/yoast-seo-wordpress\/ -->\n<title>Reggio: presentata l&#039;autobiografia &quot;Fratelli. Una famiglia italiana&quot;<\/title>\n<meta name=\"description\" content=\"A Palazzo Alvaro, Santo Versace si \u00e8 amichevolmente raccontato tra episodi del passato e progetti futuri\" \/>\n<meta name=\"robots\" content=\"index, follow, max-snippet:-1, max-image-preview:large, max-video-preview:-1\" \/>\n<link rel=\"canonical\" href=\"https:\/\/progettotouring.it\/radiotouring104\/2022\/12\/28\/reggio-presentata-lautobiografia-fratelli-una-famiglia-italiana\/\" \/>\n<meta property=\"og:locale\" content=\"it_IT\" \/>\n<meta property=\"og:type\" content=\"article\" \/>\n<meta property=\"og:title\" content=\"Reggio: presentata l&#039;autobiografia &quot;Fratelli. Una famiglia italiana&quot;\" \/>\n<meta property=\"og:description\" content=\"A Palazzo Alvaro, Santo Versace si \u00e8 amichevolmente raccontato tra episodi del passato e progetti futuri\" \/>\n<meta property=\"og:url\" content=\"https:\/\/progettotouring.it\/radiotouring104\/2022\/12\/28\/reggio-presentata-lautobiografia-fratelli-una-famiglia-italiana\/\" \/>\n<meta property=\"og:site_name\" content=\"Radio Touring 104\" \/>\n<meta property=\"article:published_time\" content=\"2022-12-28T09:48:02+00:00\" \/>\n<meta property=\"og:image\" content=\"https:\/\/progettotouring.it\/radiotouring104\/wp-content\/uploads\/sites\/6\/2022\/12\/Versace-e-De-Stefano-1.jpg\" \/>\n\t<meta property=\"og:image:width\" content=\"355\" \/>\n\t<meta property=\"og:image:height\" content=\"271\" \/>\n\t<meta property=\"og:image:type\" content=\"image\/jpeg\" \/>\n<meta name=\"author\" content=\"Helena Pedone\" \/>\n<meta name=\"twitter:card\" content=\"summary_large_image\" \/>\n<meta name=\"twitter:label1\" content=\"Scritto da\" \/>\n\t<meta name=\"twitter:data1\" content=\"Helena Pedone\" \/>\n\t<meta name=\"twitter:label2\" content=\"Tempo di lettura stimato\" \/>\n\t<meta name=\"twitter:data2\" content=\"1 minuto\" \/>\n<script type=\"application\/ld+json\" class=\"yoast-schema-graph\">{\"@context\":\"https:\/\/schema.org\",\"@graph\":[{\"@type\":\"Article\",\"@id\":\"https:\/\/progettotouring.it\/radiotouring104\/2022\/12\/28\/reggio-presentata-lautobiografia-fratelli-una-famiglia-italiana\/#article\",\"isPartOf\":{\"@id\":\"https:\/\/progettotouring.it\/radiotouring104\/2022\/12\/28\/reggio-presentata-lautobiografia-fratelli-una-famiglia-italiana\/\"},\"author\":{\"name\":\"Helena Pedone\",\"@id\":\"https:\/\/progettotouring.it\/radiotouring104\/#\/schema\/person\/8458ed437f4094f881aab8e4cc572684\"},\"headline\":\"Reggio: presentata l&#8217;autobiografia &#8220;Fratelli. Una famiglia italiana&#8221;\",\"datePublished\":\"2022-12-28T09:48:02+00:00\",\"mainEntityOfPage\":{\"@id\":\"https:\/\/progettotouring.it\/radiotouring104\/2022\/12\/28\/reggio-presentata-lautobiografia-fratelli-una-famiglia-italiana\/\"},\"wordCount\":278,\"commentCount\":0,\"publisher\":{\"@id\":\"https:\/\/progettotouring.it\/radiotouring104\/#organization\"},\"image\":{\"@id\":\"https:\/\/progettotouring.it\/radiotouring104\/2022\/12\/28\/reggio-presentata-lautobiografia-fratelli-una-famiglia-italiana\/#primaryimage\"},\"thumbnailUrl\":\"https:\/\/progettotouring.it\/radiotouring104\/wp-content\/uploads\/sites\/6\/2022\/12\/Versace-e-De-Stefano-1.jpg\",\"keywords\":[\"Fratelli. Una famiglia italiana\",\"Palazzo Alvaro\",\"reggio calabria\",\"Santo Versace\"],\"articleSection\":[\"Home\",\"News\",\"Reggio Calabria\"],\"inLanguage\":\"it-IT\",\"potentialAction\":[{\"@type\":\"CommentAction\",\"name\":\"Comment\",\"target\":[\"https:\/\/progettotouring.it\/radiotouring104\/2022\/12\/28\/reggio-presentata-lautobiografia-fratelli-una-famiglia-italiana\/#respond\"]}]},{\"@type\":\"WebPage\",\"@id\":\"https:\/\/progettotouring.it\/radiotouring104\/2022\/12\/28\/reggio-presentata-lautobiografia-fratelli-una-famiglia-italiana\/\",\"url\":\"https:\/\/progettotouring.it\/radiotouring104\/2022\/12\/28\/reggio-presentata-lautobiografia-fratelli-una-famiglia-italiana\/\",\"name\":\"Reggio: presentata l'autobiografia \\\"Fratelli. Una famiglia italiana\\\"\",\"isPartOf\":{\"@id\":\"https:\/\/progettotouring.it\/radiotouring104\/#website\"},\"primaryImageOfPage\":{\"@id\":\"https:\/\/progettotouring.it\/radiotouring104\/2022\/12\/28\/reggio-presentata-lautobiografia-fratelli-una-famiglia-italiana\/#primaryimage\"},\"image\":{\"@id\":\"https:\/\/progettotouring.it\/radiotouring104\/2022\/12\/28\/reggio-presentata-lautobiografia-fratelli-una-famiglia-italiana\/#primaryimage\"},\"thumbnailUrl\":\"https:\/\/progettotouring.it\/radiotouring104\/wp-content\/uploads\/sites\/6\/2022\/12\/Versace-e-De-Stefano-1.jpg\",\"datePublished\":\"2022-12-28T09:48:02+00:00\",\"description\":\"A Palazzo Alvaro, Santo Versace si \u00e8 amichevolmente raccontato tra episodi del passato e progetti futuri\",\"breadcrumb\":{\"@id\":\"https:\/\/progettotouring.it\/radiotouring104\/2022\/12\/28\/reggio-presentata-lautobiografia-fratelli-una-famiglia-italiana\/#breadcrumb\"},\"inLanguage\":\"it-IT\",\"potentialAction\":[{\"@type\":\"ReadAction\",\"target\":[\"https:\/\/progettotouring.it\/radiotouring104\/2022\/12\/28\/reggio-presentata-lautobiografia-fratelli-una-famiglia-italiana\/\"]}]},{\"@type\":\"ImageObject\",\"inLanguage\":\"it-IT\",\"@id\":\"https:\/\/progettotouring.it\/radiotouring104\/2022\/12\/28\/reggio-presentata-lautobiografia-fratelli-una-famiglia-italiana\/#primaryimage\",\"url\":\"https:\/\/progettotouring.it\/radiotouring104\/wp-content\/uploads\/sites\/6\/2022\/12\/Versace-e-De-Stefano-1.jpg\",\"contentUrl\":\"https:\/\/progettotouring.it\/radiotouring104\/wp-content\/uploads\/sites\/6\/2022\/12\/Versace-e-De-Stefano-1.jpg\",\"width\":355,\"height\":271},{\"@type\":\"BreadcrumbList\",\"@id\":\"https:\/\/progettotouring.it\/radiotouring104\/2022\/12\/28\/reggio-presentata-lautobiografia-fratelli-una-famiglia-italiana\/#breadcrumb\",\"itemListElement\":[{\"@type\":\"ListItem\",\"position\":1,\"name\":\"Home\",\"item\":\"https:\/\/progettotouring.it\/radiotouring104\/\"},{\"@type\":\"ListItem\",\"position\":2,\"name\":\"Reggio: presentata l&#8217;autobiografia &#8220;Fratelli. Una famiglia italiana&#8221;\"}]},{\"@type\":\"WebSite\",\"@id\":\"https:\/\/progettotouring.it\/radiotouring104\/#website\",\"url\":\"https:\/\/progettotouring.it\/radiotouring104\/\",\"name\":\"Radio Touring 104\",\"description\":\"La prima radio Reggina\",\"publisher\":{\"@id\":\"https:\/\/progettotouring.it\/radiotouring104\/#organization\"},\"potentialAction\":[{\"@type\":\"SearchAction\",\"target\":{\"@type\":\"EntryPoint\",\"urlTemplate\":\"https:\/\/progettotouring.it\/radiotouring104\/?s={search_term_string}\"},\"query-input\":{\"@type\":\"PropertyValueSpecification\",\"valueRequired\":true,\"valueName\":\"search_term_string\"}}],\"inLanguage\":\"it-IT\"},{\"@type\":\"Organization\",\"@id\":\"https:\/\/progettotouring.it\/radiotouring104\/#organization\",\"name\":\"Radio Touring 104\",\"url\":\"https:\/\/progettotouring.it\/radiotouring104\/\",\"logo\":{\"@type\":\"ImageObject\",\"inLanguage\":\"it-IT\",\"@id\":\"https:\/\/progettotouring.it\/radiotouring104\/#\/schema\/logo\/image\/\",\"url\":\"https:\/\/progettotouring.it\/radiotouring104\/wp-content\/uploads\/sites\/6\/2022\/02\/cropped-logo-radio-touring-104.png\",\"contentUrl\":\"https:\/\/progettotouring.it\/radiotouring104\/wp-content\/uploads\/sites\/6\/2022\/02\/cropped-logo-radio-touring-104.png\",\"width\":377,\"height\":182,\"caption\":\"Radio Touring 104\"},\"image\":{\"@id\":\"https:\/\/progettotouring.it\/radiotouring104\/#\/schema\/logo\/image\/\"}},{\"@type\":\"Person\",\"@id\":\"https:\/\/progettotouring.it\/radiotouring104\/#\/schema\/person\/8458ed437f4094f881aab8e4cc572684\",\"name\":\"Helena Pedone\",\"image\":{\"@type\":\"ImageObject\",\"inLanguage\":\"it-IT\",\"@id\":\"https:\/\/secure.gravatar.com\/avatar\/95a63adf316f90175b68113b4b895a96641be06395ffeef88fea6178b30027d9?s=96&d=mm&r=g\",\"url\":\"https:\/\/secure.gravatar.com\/avatar\/95a63adf316f90175b68113b4b895a96641be06395ffeef88fea6178b30027d9?s=96&d=mm&r=g\",\"contentUrl\":\"https:\/\/secure.gravatar.com\/avatar\/95a63adf316f90175b68113b4b895a96641be06395ffeef88fea6178b30027d9?s=96&d=mm&r=g\",\"caption\":\"Helena Pedone\"},\"url\":\"https:\/\/progettotouring.it\/radiotouring104\/author\/helena\/\"}]}<\/script>\n<!-- \/ Yoast SEO plugin. -->","yoast_head_json":{"title":"Reggio: presentata l'autobiografia \"Fratelli. Una famiglia italiana\"","description":"A Palazzo Alvaro, Santo Versace si \u00e8 amichevolmente raccontato tra episodi del passato e progetti futuri","robots":{"index":"index","follow":"follow","max-snippet":"max-snippet:-1","max-image-preview":"max-image-preview:large","max-video-preview":"max-video-preview:-1"},"canonical":"https:\/\/progettotouring.it\/radiotouring104\/2022\/12\/28\/reggio-presentata-lautobiografia-fratelli-una-famiglia-italiana\/","og_locale":"it_IT","og_type":"article","og_title":"Reggio: presentata l'autobiografia \"Fratelli. Una famiglia italiana\"","og_description":"A Palazzo Alvaro, Santo Versace si \u00e8 amichevolmente raccontato tra episodi del passato e progetti futuri","og_url":"https:\/\/progettotouring.it\/radiotouring104\/2022\/12\/28\/reggio-presentata-lautobiografia-fratelli-una-famiglia-italiana\/","og_site_name":"Radio Touring 104","article_published_time":"2022-12-28T09:48:02+00:00","og_image":[{"width":355,"height":271,"url":"https:\/\/progettotouring.it\/radiotouring104\/wp-content\/uploads\/sites\/6\/2022\/12\/Versace-e-De-Stefano-1.jpg","type":"image\/jpeg"}],"author":"Helena Pedone","twitter_card":"summary_large_image","twitter_misc":{"Scritto da":"Helena Pedone","Tempo di lettura stimato":"1 minuto"},"schema":{"@context":"https:\/\/schema.org","@graph":[{"@type":"Article","@id":"https:\/\/progettotouring.it\/radiotouring104\/2022\/12\/28\/reggio-presentata-lautobiografia-fratelli-una-famiglia-italiana\/#article","isPartOf":{"@id":"https:\/\/progettotouring.it\/radiotouring104\/2022\/12\/28\/reggio-presentata-lautobiografia-fratelli-una-famiglia-italiana\/"},"author":{"name":"Helena Pedone","@id":"https:\/\/progettotouring.it\/radiotouring104\/#\/schema\/person\/8458ed437f4094f881aab8e4cc572684"},"headline":"Reggio: presentata l&#8217;autobiografia &#8220;Fratelli. Una famiglia italiana&#8221;","datePublished":"2022-12-28T09:48:02+00:00","mainEntityOfPage":{"@id":"https:\/\/progettotouring.it\/radiotouring104\/2022\/12\/28\/reggio-presentata-lautobiografia-fratelli-una-famiglia-italiana\/"},"wordCount":278,"commentCount":0,"publisher":{"@id":"https:\/\/progettotouring.it\/radiotouring104\/#organization"},"image":{"@id":"https:\/\/progettotouring.it\/radiotouring104\/2022\/12\/28\/reggio-presentata-lautobiografia-fratelli-una-famiglia-italiana\/#primaryimage"},"thumbnailUrl":"https:\/\/progettotouring.it\/radiotouring104\/wp-content\/uploads\/sites\/6\/2022\/12\/Versace-e-De-Stefano-1.jpg","keywords":["Fratelli. Una famiglia italiana","Palazzo Alvaro","reggio calabria","Santo Versace"],"articleSection":["Home","News","Reggio Calabria"],"inLanguage":"it-IT","potentialAction":[{"@type":"CommentAction","name":"Comment","target":["https:\/\/progettotouring.it\/radiotouring104\/2022\/12\/28\/reggio-presentata-lautobiografia-fratelli-una-famiglia-italiana\/#respond"]}]},{"@type":"WebPage","@id":"https:\/\/progettotouring.it\/radiotouring104\/2022\/12\/28\/reggio-presentata-lautobiografia-fratelli-una-famiglia-italiana\/","url":"https:\/\/progettotouring.it\/radiotouring104\/2022\/12\/28\/reggio-presentata-lautobiografia-fratelli-una-famiglia-italiana\/","name":"Reggio: presentata l'autobiografia \"Fratelli. Una famiglia italiana\"","isPartOf":{"@id":"https:\/\/progettotouring.it\/radiotouring104\/#website"},"primaryImageOfPage":{"@id":"https:\/\/progettotouring.it\/radiotouring104\/2022\/12\/28\/reggio-presentata-lautobiografia-fratelli-una-famiglia-italiana\/#primaryimage"},"image":{"@id":"https:\/\/progettotouring.it\/radiotouring104\/2022\/12\/28\/reggio-presentata-lautobiografia-fratelli-una-famiglia-italiana\/#primaryimage"},"thumbnailUrl":"https:\/\/progettotouring.it\/radiotouring104\/wp-content\/uploads\/sites\/6\/2022\/12\/Versace-e-De-Stefano-1.jpg","datePublished":"2022-12-28T09:48:02+00:00","description":"A Palazzo Alvaro, Santo Versace si \u00e8 amichevolmente raccontato tra episodi del passato e progetti futuri","breadcrumb":{"@id":"https:\/\/progettotouring.it\/radiotouring104\/2022\/12\/28\/reggio-presentata-lautobiografia-fratelli-una-famiglia-italiana\/#breadcrumb"},"inLanguage":"it-IT","potentialAction":[{"@type":"ReadAction","target":["https:\/\/progettotouring.it\/radiotouring104\/2022\/12\/28\/reggio-presentata-lautobiografia-fratelli-una-famiglia-italiana\/"]}]},{"@type":"ImageObject","inLanguage":"it-IT","@id":"https:\/\/progettotouring.it\/radiotouring104\/2022\/12\/28\/reggio-presentata-lautobiografia-fratelli-una-famiglia-italiana\/#primaryimage","url":"https:\/\/progettotouring.it\/radiotouring104\/wp-content\/uploads\/sites\/6\/2022\/12\/Versace-e-De-Stefano-1.jpg","contentUrl":"https:\/\/progettotouring.it\/radiotouring104\/wp-content\/uploads\/sites\/6\/2022\/12\/Versace-e-De-Stefano-1.jpg","width":355,"height":271},{"@type":"BreadcrumbList","@id":"https:\/\/progettotouring.it\/radiotouring104\/2022\/12\/28\/reggio-presentata-lautobiografia-fratelli-una-famiglia-italiana\/#breadcrumb","itemListElement":[{"@type":"ListItem","position":1,"name":"Home","item":"https:\/\/progettotouring.it\/radiotouring104\/"},{"@type":"ListItem","position":2,"name":"Reggio: presentata l&#8217;autobiografia &#8220;Fratelli. Una famiglia italiana&#8221;"}]},{"@type":"WebSite","@id":"https:\/\/progettotouring.it\/radiotouring104\/#website","url":"https:\/\/progettotouring.it\/radiotouring104\/","name":"Radio Touring 104","description":"La prima radio Reggina","publisher":{"@id":"https:\/\/progettotouring.it\/radiotouring104\/#organization"},"potentialAction":[{"@type":"SearchAction","target":{"@type":"EntryPoint","urlTemplate":"https:\/\/progettotouring.it\/radiotouring104\/?s={search_term_string}"},"query-input":{"@type":"PropertyValueSpecification","valueRequired":true,"valueName":"search_term_string"}}],"inLanguage":"it-IT"},{"@type":"Organization","@id":"https:\/\/progettotouring.it\/radiotouring104\/#organization","name":"Radio Touring 104","url":"https:\/\/progettotouring.it\/radiotouring104\/","logo":{"@type":"ImageObject","inLanguage":"it-IT","@id":"https:\/\/progettotouring.it\/radiotouring104\/#\/schema\/logo\/image\/","url":"https:\/\/progettotouring.it\/radiotouring104\/wp-content\/uploads\/sites\/6\/2022\/02\/cropped-logo-radio-touring-104.png","contentUrl":"https:\/\/progettotouring.it\/radiotouring104\/wp-content\/uploads\/sites\/6\/2022\/02\/cropped-logo-radio-touring-104.png","width":377,"height":182,"caption":"Radio Touring 104"},"image":{"@id":"https:\/\/progettotouring.it\/radiotouring104\/#\/schema\/logo\/image\/"}},{"@type":"Person","@id":"https:\/\/progettotouring.it\/radiotouring104\/#\/schema\/person\/8458ed437f4094f881aab8e4cc572684","name":"Helena Pedone","image":{"@type":"ImageObject","inLanguage":"it-IT","@id":"https:\/\/secure.gravatar.com\/avatar\/95a63adf316f90175b68113b4b895a96641be06395ffeef88fea6178b30027d9?s=96&d=mm&r=g","url":"https:\/\/secure.gravatar.com\/avatar\/95a63adf316f90175b68113b4b895a96641be06395ffeef88fea6178b30027d9?s=96&d=mm&r=g","contentUrl":"https:\/\/secure.gravatar.com\/avatar\/95a63adf316f90175b68113b4b895a96641be06395ffeef88fea6178b30027d9?s=96&d=mm&r=g","caption":"Helena Pedone"},"url":"https:\/\/progettotouring.it\/radiotouring104\/author\/helena\/"}]}},"jetpack_publicize_connections":[],"jetpack_featured_media_url":"https:\/\/progettotouring.it\/radiotouring104\/wp-content\/uploads\/sites\/6\/2022\/12\/Versace-e-De-Stefano-1.jpg","jetpack_sharing_enabled":true,"_links":{"self":[{"href":"https:\/\/progettotouring.it\/radiotouring104\/wp-json\/wp\/v2\/posts\/15677","targetHints":{"allow":["GET"]}}],"collection":[{"href":"https:\/\/progettotouring.it\/radiotouring104\/wp-json\/wp\/v2\/posts"}],"about":[{"href":"https:\/\/progettotouring.it\/radiotouring104\/wp-json\/wp\/v2\/types\/post"}],"author":[{"embeddable":true,"href":"https:\/\/progettotouring.it\/radiotouring104\/wp-json\/wp\/v2\/users\/13"}],"replies":[{"embeddable":true,"href":"https:\/\/progettotouring.it\/radiotouring104\/wp-json\/wp\/v2\/comments?post=15677"}],"version-history":[{"count":1,"href":"https:\/\/progettotouring.it\/radiotouring104\/wp-json\/wp\/v2\/posts\/15677\/revisions"}],"predecessor-version":[{"id":15680,"href":"https:\/\/progettotouring.it\/radiotouring104\/wp-json\/wp\/v2\/posts\/15677\/revisions\/15680"}],"wp:featuredmedia":[{"embeddable":true,"href":"https:\/\/progettotouring.it\/radiotouring104\/wp-json\/wp\/v2\/media\/15679"}],"wp:attachment":[{"href":"https:\/\/progettotouring.it\/radiotouring104\/wp-json\/wp\/v2\/media?parent=15677"}],"wp:term":[{"taxonomy":"category","embeddable":true,"href":"https:\/\/progettotouring.it\/radiotouring104\/wp-json\/wp\/v2\/categories?post=15677"},{"taxonomy":"post_tag","embeddable":true,"href":"https:\/\/progettotouring.it\/radiotouring104\/wp-json\/wp\/v2\/tags?post=15677"}],"curies":[{"name":"wp","href":"https:\/\/api.w.org\/{rel}","templated":true}]}}