{"id":15682,"date":"2022-12-28T11:18:59","date_gmt":"2022-12-28T10:18:59","guid":{"rendered":"https:\/\/progettotouring.it\/radiotouring104\/?p=15682"},"modified":"2022-12-28T11:35:08","modified_gmt":"2022-12-28T10:35:08","slug":"sanita-in-calabria-i-primi-medici-cubani-presto-in-servizio","status":"publish","type":"post","link":"https:\/\/progettotouring.it\/radiotouring104\/2022\/12\/28\/sanita-in-calabria-i-primi-medici-cubani-presto-in-servizio\/","title":{"rendered":"Sanit\u00e0: in Calabria i primi medici cubani, presto in servizio"},"content":{"rendered":"<p>Sono arrivati in Calabria, a Cosenza, i primi 50 medici cubani che verranno impiegati nelle strutture ospedaliere calabresi in base a quanto stabilito dalla convenzione sottoscritta nello scorso mese di agosto dal presidente della Regione Calabria e commissario ad acta per la sanit\u00e0 Roberto Occhiuto lo scorso agosto agosto all&#8217;Ambasciata della Repubblica di Cuba a Roma con la Comercializadora de Servicios Medicos Cubanos S.A. (Csmc S.A.), la societ\u00e0 dei medici cubani, per la fornitura di servizi medici e sanitari. L&#8217;intesa, che all&#8217;epoca ha scatenato non poche polemiche, consentir\u00e0 di utilizzare temporaneamente i camici bianchi del Paese caraibico, in tutto dovrebbero essere poco meno di 500 quelli coinvolti, per almeno sei mesi, ulteriormente prorogabili nelle strutture ospedaliere calabresi in forte sofferenza per carenza di medici. Una volta in grado di poter assumere servizio, i professionisti cubani che fanno parte di questo primo contingente saranno assegnati agli ospedali di Locri, Polistena, Gioia Tauro e Melito Porto Salvo. Successivamente si interverr\u00e0 nelle altre strutture della regione. &#8220;Si \u00e8 arrivati al reclutamento dei medici di Cuba &#8211; dichiar\u00f2 il presidente Occhiuto all&#8217;epoca della sigla dell&#8217;accordo &#8211; perch\u00e9 la sanit\u00e0 calabrese \u00e9 al collasso, ma il problema del reclutamento dei medici \u00e9 un problema che hanno anche tutte le altre Regioni italiane. Nessuno vuole mettere da parte i medici italiani o calabresi. Anzi, siamo pronti &#8211; aggiunse Occhiuto &#8211; ad assumerli, e a tempo indeterminato. Ma nel nostro Paese e in Calabria in particolare, in questo momento, c&#8217;\u00e8 un&#8217;oggettiva difficolt\u00e0 a reperire e ad assumere medici. La Regione ha fatto bandi e manifestazioni di interesse, e tutti sono andati deserti&#8221;.<\/p>\n<p>&#8220;Hanno cercato di fermarci, con polemiche e con intoppi burocratici, ma ce l&#8217;abbiamo fatta. Come ho detto in pi\u00f9 occasioni non ruberanno alcun posto di lavoro ai medici italiani, ma ci aiuteranno a tenere aperti reparti e ospedali. Il 2 gennaio inizieranno il corso presso l&#8217;Universit\u00e0 della Calabria e appena saranno pronti cominceranno a lavorare negli ospedali calabresi&#8221;. Cos\u00ec su Facebook il presidente della Regione Calabria e commissario ad acta per la Sanit\u00e0, Roberto Occhiuto dopo l&#8217;arrivo in Calabria dei primi 50 medici cubani reclutati in base ad un&#8217;intesa siglata con il Paese caraibico. &#8220;Continuiamo senza sosta a cercare medici italiani tramite i concorsi &#8211; aggiunge Occhiuto &#8211; ma adesso il pericolo era di dover chiudere strutture sanitarie per carenza di personale. \u00c8 nostro dovere affrontare l&#8217;emergenza con tutti gli strumenti che abbiamo a disposizione, per garantire cure e servizi ai cittadini calabresi. Non ci faremo fermare&#8221;. (ANSA).<\/p>\n","protected":false},"excerpt":{"rendered":"<p>Sono arrivati in Calabria, a Cosenza, i primi 50 medici cubani che verranno impiegati nelle strutture ospedaliere calabresi in base a quanto stabilito dalla convenzione sottoscritta nello scorso mese di&hellip;<\/p>\n","protected":false},"author":12,"featured_media":15683,"comment_status":"open","ping_status":"open","sticky":false,"template":"","format":"standard","meta":{"_jetpack_memberships_contains_paid_content":false,"footnotes":"","jetpack_publicize_message":"","jetpack_publicize_feature_enabled":true,"jetpack_social_post_already_shared":false,"jetpack_social_options":{"image_generator_settings":{"template":"highway","default_image_id":0,"font":"","enabled":false},"version":2}},"categories":[142,921,150,196],"tags":[7783,7781,7784,354,219,7782],"class_list":["post-15682","post","type-post","status-publish","format-standard","has-post-thumbnail","hentry","category-calabria","category-home","category-in-primo-piano","category-news","tag-ambasciata-della-repubblica-di-cuba-a-roma","tag-arrivo-50-medici-cubani","tag-comercializadora-de-servicios-medicos-cubanos","tag-cosenza","tag-regione-calabria","tag-sanita-in-calabria"],"yoast_head":"<!-- This site is optimized with the Yoast SEO plugin v27.2 - https:\/\/yoast.com\/product\/yoast-seo-wordpress\/ -->\n<title>Sanit\u00e0: in Calabria i primi medici cubani, presto in servizio<\/title>\n<meta name=\"description\" content=\"Arrivati in Calabria, a Cosenza, i primi 50 medici cubani che verranno impiegati nelle strutture ospedaliere calabresi\" \/>\n<meta name=\"robots\" content=\"index, follow, max-snippet:-1, max-image-preview:large, max-video-preview:-1\" \/>\n<link rel=\"canonical\" href=\"https:\/\/progettotouring.it\/radiotouring104\/2022\/12\/28\/sanita-in-calabria-i-primi-medici-cubani-presto-in-servizio\/\" \/>\n<meta property=\"og:locale\" content=\"it_IT\" \/>\n<meta property=\"og:type\" content=\"article\" \/>\n<meta property=\"og:title\" content=\"Sanit\u00e0: in Calabria i primi medici cubani, presto in servizio\" \/>\n<meta property=\"og:description\" content=\"Arrivati in Calabria, a Cosenza, i primi 50 medici cubani che verranno impiegati nelle strutture ospedaliere calabresi\" \/>\n<meta property=\"og:url\" content=\"https:\/\/progettotouring.it\/radiotouring104\/2022\/12\/28\/sanita-in-calabria-i-primi-medici-cubani-presto-in-servizio\/\" \/>\n<meta property=\"og:site_name\" content=\"Radio Touring 104\" \/>\n<meta property=\"article:published_time\" content=\"2022-12-28T10:18:59+00:00\" \/>\n<meta property=\"article:modified_time\" content=\"2022-12-28T10:35:08+00:00\" \/>\n<meta property=\"og:image\" content=\"https:\/\/progettotouring.it\/radiotouring104\/wp-content\/uploads\/sites\/6\/2022\/12\/medici-cubani-in-calabria.jpg\" \/>\n\t<meta property=\"og:image:width\" content=\"640\" \/>\n\t<meta property=\"og:image:height\" content=\"480\" \/>\n\t<meta property=\"og:image:type\" content=\"image\/jpeg\" \/>\n<meta name=\"author\" content=\"Sebastiano Plutino\" \/>\n<meta name=\"twitter:card\" content=\"summary_large_image\" \/>\n<meta name=\"twitter:label1\" content=\"Scritto da\" \/>\n\t<meta name=\"twitter:data1\" content=\"Sebastiano Plutino\" \/>\n\t<meta name=\"twitter:label2\" content=\"Tempo di lettura stimato\" \/>\n\t<meta name=\"twitter:data2\" content=\"2 minuti\" \/>\n<script type=\"application\/ld+json\" class=\"yoast-schema-graph\">{\"@context\":\"https:\/\/schema.org\",\"@graph\":[{\"@type\":\"Article\",\"@id\":\"https:\/\/progettotouring.it\/radiotouring104\/2022\/12\/28\/sanita-in-calabria-i-primi-medici-cubani-presto-in-servizio\/#article\",\"isPartOf\":{\"@id\":\"https:\/\/progettotouring.it\/radiotouring104\/2022\/12\/28\/sanita-in-calabria-i-primi-medici-cubani-presto-in-servizio\/\"},\"author\":{\"name\":\"Sebastiano Plutino\",\"@id\":\"https:\/\/progettotouring.it\/radiotouring104\/#\/schema\/person\/78613917f1851f041f7483f5af1d422e\"},\"headline\":\"Sanit\u00e0: in Calabria i primi medici cubani, presto in servizio\",\"datePublished\":\"2022-12-28T10:18:59+00:00\",\"dateModified\":\"2022-12-28T10:35:08+00:00\",\"mainEntityOfPage\":{\"@id\":\"https:\/\/progettotouring.it\/radiotouring104\/2022\/12\/28\/sanita-in-calabria-i-primi-medici-cubani-presto-in-servizio\/\"},\"wordCount\":417,\"commentCount\":0,\"publisher\":{\"@id\":\"https:\/\/progettotouring.it\/radiotouring104\/#organization\"},\"image\":{\"@id\":\"https:\/\/progettotouring.it\/radiotouring104\/2022\/12\/28\/sanita-in-calabria-i-primi-medici-cubani-presto-in-servizio\/#primaryimage\"},\"thumbnailUrl\":\"https:\/\/progettotouring.it\/radiotouring104\/wp-content\/uploads\/sites\/6\/2022\/12\/medici-cubani-in-calabria.jpg\",\"keywords\":[\"Ambasciata della Repubblica di Cuba a Roma\",\"arrivo 50 medici cubani\",\"Comercializadora de Servicios Medicos Cubanos\",\"Cosenza\",\"regione calabria\",\"Sanit\u00e0 in Calabria\"],\"articleSection\":[\"Calabria\",\"Home\",\"In primo piano\",\"News\"],\"inLanguage\":\"it-IT\",\"potentialAction\":[{\"@type\":\"CommentAction\",\"name\":\"Comment\",\"target\":[\"https:\/\/progettotouring.it\/radiotouring104\/2022\/12\/28\/sanita-in-calabria-i-primi-medici-cubani-presto-in-servizio\/#respond\"]}]},{\"@type\":\"WebPage\",\"@id\":\"https:\/\/progettotouring.it\/radiotouring104\/2022\/12\/28\/sanita-in-calabria-i-primi-medici-cubani-presto-in-servizio\/\",\"url\":\"https:\/\/progettotouring.it\/radiotouring104\/2022\/12\/28\/sanita-in-calabria-i-primi-medici-cubani-presto-in-servizio\/\",\"name\":\"Sanit\u00e0: in Calabria i primi medici cubani, presto in servizio\",\"isPartOf\":{\"@id\":\"https:\/\/progettotouring.it\/radiotouring104\/#website\"},\"primaryImageOfPage\":{\"@id\":\"https:\/\/progettotouring.it\/radiotouring104\/2022\/12\/28\/sanita-in-calabria-i-primi-medici-cubani-presto-in-servizio\/#primaryimage\"},\"image\":{\"@id\":\"https:\/\/progettotouring.it\/radiotouring104\/2022\/12\/28\/sanita-in-calabria-i-primi-medici-cubani-presto-in-servizio\/#primaryimage\"},\"thumbnailUrl\":\"https:\/\/progettotouring.it\/radiotouring104\/wp-content\/uploads\/sites\/6\/2022\/12\/medici-cubani-in-calabria.jpg\",\"datePublished\":\"2022-12-28T10:18:59+00:00\",\"dateModified\":\"2022-12-28T10:35:08+00:00\",\"description\":\"Arrivati in Calabria, a Cosenza, i primi 50 medici cubani che verranno impiegati nelle strutture ospedaliere calabresi\",\"breadcrumb\":{\"@id\":\"https:\/\/progettotouring.it\/radiotouring104\/2022\/12\/28\/sanita-in-calabria-i-primi-medici-cubani-presto-in-servizio\/#breadcrumb\"},\"inLanguage\":\"it-IT\",\"potentialAction\":[{\"@type\":\"ReadAction\",\"target\":[\"https:\/\/progettotouring.it\/radiotouring104\/2022\/12\/28\/sanita-in-calabria-i-primi-medici-cubani-presto-in-servizio\/\"]}]},{\"@type\":\"ImageObject\",\"inLanguage\":\"it-IT\",\"@id\":\"https:\/\/progettotouring.it\/radiotouring104\/2022\/12\/28\/sanita-in-calabria-i-primi-medici-cubani-presto-in-servizio\/#primaryimage\",\"url\":\"https:\/\/progettotouring.it\/radiotouring104\/wp-content\/uploads\/sites\/6\/2022\/12\/medici-cubani-in-calabria.jpg\",\"contentUrl\":\"https:\/\/progettotouring.it\/radiotouring104\/wp-content\/uploads\/sites\/6\/2022\/12\/medici-cubani-in-calabria.jpg\",\"width\":640,\"height\":480},{\"@type\":\"BreadcrumbList\",\"@id\":\"https:\/\/progettotouring.it\/radiotouring104\/2022\/12\/28\/sanita-in-calabria-i-primi-medici-cubani-presto-in-servizio\/#breadcrumb\",\"itemListElement\":[{\"@type\":\"ListItem\",\"position\":1,\"name\":\"Home\",\"item\":\"https:\/\/progettotouring.it\/radiotouring104\/\"},{\"@type\":\"ListItem\",\"position\":2,\"name\":\"Sanit\u00e0: in Calabria i primi medici cubani, presto in servizio\"}]},{\"@type\":\"WebSite\",\"@id\":\"https:\/\/progettotouring.it\/radiotouring104\/#website\",\"url\":\"https:\/\/progettotouring.it\/radiotouring104\/\",\"name\":\"Radio Touring 104\",\"description\":\"La prima radio Reggina\",\"publisher\":{\"@id\":\"https:\/\/progettotouring.it\/radiotouring104\/#organization\"},\"potentialAction\":[{\"@type\":\"SearchAction\",\"target\":{\"@type\":\"EntryPoint\",\"urlTemplate\":\"https:\/\/progettotouring.it\/radiotouring104\/?s={search_term_string}\"},\"query-input\":{\"@type\":\"PropertyValueSpecification\",\"valueRequired\":true,\"valueName\":\"search_term_string\"}}],\"inLanguage\":\"it-IT\"},{\"@type\":\"Organization\",\"@id\":\"https:\/\/progettotouring.it\/radiotouring104\/#organization\",\"name\":\"Radio Touring 104\",\"url\":\"https:\/\/progettotouring.it\/radiotouring104\/\",\"logo\":{\"@type\":\"ImageObject\",\"inLanguage\":\"it-IT\",\"@id\":\"https:\/\/progettotouring.it\/radiotouring104\/#\/schema\/logo\/image\/\",\"url\":\"https:\/\/progettotouring.it\/radiotouring104\/wp-content\/uploads\/sites\/6\/2022\/02\/cropped-logo-radio-touring-104.png\",\"contentUrl\":\"https:\/\/progettotouring.it\/radiotouring104\/wp-content\/uploads\/sites\/6\/2022\/02\/cropped-logo-radio-touring-104.png\",\"width\":377,\"height\":182,\"caption\":\"Radio Touring 104\"},\"image\":{\"@id\":\"https:\/\/progettotouring.it\/radiotouring104\/#\/schema\/logo\/image\/\"}},{\"@type\":\"Person\",\"@id\":\"https:\/\/progettotouring.it\/radiotouring104\/#\/schema\/person\/78613917f1851f041f7483f5af1d422e\",\"name\":\"Sebastiano Plutino\",\"image\":{\"@type\":\"ImageObject\",\"inLanguage\":\"it-IT\",\"@id\":\"https:\/\/secure.gravatar.com\/avatar\/0546ffaa9b79224faf9f2a156b67a529ae861d3287c66c1d8ccfdf909bcba78d?s=96&d=mm&r=g\",\"url\":\"https:\/\/secure.gravatar.com\/avatar\/0546ffaa9b79224faf9f2a156b67a529ae861d3287c66c1d8ccfdf909bcba78d?s=96&d=mm&r=g\",\"contentUrl\":\"https:\/\/secure.gravatar.com\/avatar\/0546ffaa9b79224faf9f2a156b67a529ae861d3287c66c1d8ccfdf909bcba78d?s=96&d=mm&r=g\",\"caption\":\"Sebastiano Plutino\"},\"url\":\"https:\/\/progettotouring.it\/radiotouring104\/author\/sebastiano\/\"}]}<\/script>\n<!-- \/ Yoast SEO plugin. -->","yoast_head_json":{"title":"Sanit\u00e0: in Calabria i primi medici cubani, presto in servizio","description":"Arrivati in Calabria, a Cosenza, i primi 50 medici cubani che verranno impiegati nelle strutture ospedaliere calabresi","robots":{"index":"index","follow":"follow","max-snippet":"max-snippet:-1","max-image-preview":"max-image-preview:large","max-video-preview":"max-video-preview:-1"},"canonical":"https:\/\/progettotouring.it\/radiotouring104\/2022\/12\/28\/sanita-in-calabria-i-primi-medici-cubani-presto-in-servizio\/","og_locale":"it_IT","og_type":"article","og_title":"Sanit\u00e0: in Calabria i primi medici cubani, presto in servizio","og_description":"Arrivati in Calabria, a Cosenza, i primi 50 medici cubani che verranno impiegati nelle strutture ospedaliere calabresi","og_url":"https:\/\/progettotouring.it\/radiotouring104\/2022\/12\/28\/sanita-in-calabria-i-primi-medici-cubani-presto-in-servizio\/","og_site_name":"Radio Touring 104","article_published_time":"2022-12-28T10:18:59+00:00","article_modified_time":"2022-12-28T10:35:08+00:00","og_image":[{"width":640,"height":480,"url":"https:\/\/progettotouring.it\/radiotouring104\/wp-content\/uploads\/sites\/6\/2022\/12\/medici-cubani-in-calabria.jpg","type":"image\/jpeg"}],"author":"Sebastiano Plutino","twitter_card":"summary_large_image","twitter_misc":{"Scritto da":"Sebastiano Plutino","Tempo di lettura stimato":"2 minuti"},"schema":{"@context":"https:\/\/schema.org","@graph":[{"@type":"Article","@id":"https:\/\/progettotouring.it\/radiotouring104\/2022\/12\/28\/sanita-in-calabria-i-primi-medici-cubani-presto-in-servizio\/#article","isPartOf":{"@id":"https:\/\/progettotouring.it\/radiotouring104\/2022\/12\/28\/sanita-in-calabria-i-primi-medici-cubani-presto-in-servizio\/"},"author":{"name":"Sebastiano Plutino","@id":"https:\/\/progettotouring.it\/radiotouring104\/#\/schema\/person\/78613917f1851f041f7483f5af1d422e"},"headline":"Sanit\u00e0: in Calabria i primi medici cubani, presto in servizio","datePublished":"2022-12-28T10:18:59+00:00","dateModified":"2022-12-28T10:35:08+00:00","mainEntityOfPage":{"@id":"https:\/\/progettotouring.it\/radiotouring104\/2022\/12\/28\/sanita-in-calabria-i-primi-medici-cubani-presto-in-servizio\/"},"wordCount":417,"commentCount":0,"publisher":{"@id":"https:\/\/progettotouring.it\/radiotouring104\/#organization"},"image":{"@id":"https:\/\/progettotouring.it\/radiotouring104\/2022\/12\/28\/sanita-in-calabria-i-primi-medici-cubani-presto-in-servizio\/#primaryimage"},"thumbnailUrl":"https:\/\/progettotouring.it\/radiotouring104\/wp-content\/uploads\/sites\/6\/2022\/12\/medici-cubani-in-calabria.jpg","keywords":["Ambasciata della Repubblica di Cuba a Roma","arrivo 50 medici cubani","Comercializadora de Servicios Medicos Cubanos","Cosenza","regione calabria","Sanit\u00e0 in Calabria"],"articleSection":["Calabria","Home","In primo piano","News"],"inLanguage":"it-IT","potentialAction":[{"@type":"CommentAction","name":"Comment","target":["https:\/\/progettotouring.it\/radiotouring104\/2022\/12\/28\/sanita-in-calabria-i-primi-medici-cubani-presto-in-servizio\/#respond"]}]},{"@type":"WebPage","@id":"https:\/\/progettotouring.it\/radiotouring104\/2022\/12\/28\/sanita-in-calabria-i-primi-medici-cubani-presto-in-servizio\/","url":"https:\/\/progettotouring.it\/radiotouring104\/2022\/12\/28\/sanita-in-calabria-i-primi-medici-cubani-presto-in-servizio\/","name":"Sanit\u00e0: in Calabria i primi medici cubani, presto in servizio","isPartOf":{"@id":"https:\/\/progettotouring.it\/radiotouring104\/#website"},"primaryImageOfPage":{"@id":"https:\/\/progettotouring.it\/radiotouring104\/2022\/12\/28\/sanita-in-calabria-i-primi-medici-cubani-presto-in-servizio\/#primaryimage"},"image":{"@id":"https:\/\/progettotouring.it\/radiotouring104\/2022\/12\/28\/sanita-in-calabria-i-primi-medici-cubani-presto-in-servizio\/#primaryimage"},"thumbnailUrl":"https:\/\/progettotouring.it\/radiotouring104\/wp-content\/uploads\/sites\/6\/2022\/12\/medici-cubani-in-calabria.jpg","datePublished":"2022-12-28T10:18:59+00:00","dateModified":"2022-12-28T10:35:08+00:00","description":"Arrivati in Calabria, a Cosenza, i primi 50 medici cubani che verranno impiegati nelle strutture ospedaliere calabresi","breadcrumb":{"@id":"https:\/\/progettotouring.it\/radiotouring104\/2022\/12\/28\/sanita-in-calabria-i-primi-medici-cubani-presto-in-servizio\/#breadcrumb"},"inLanguage":"it-IT","potentialAction":[{"@type":"ReadAction","target":["https:\/\/progettotouring.it\/radiotouring104\/2022\/12\/28\/sanita-in-calabria-i-primi-medici-cubani-presto-in-servizio\/"]}]},{"@type":"ImageObject","inLanguage":"it-IT","@id":"https:\/\/progettotouring.it\/radiotouring104\/2022\/12\/28\/sanita-in-calabria-i-primi-medici-cubani-presto-in-servizio\/#primaryimage","url":"https:\/\/progettotouring.it\/radiotouring104\/wp-content\/uploads\/sites\/6\/2022\/12\/medici-cubani-in-calabria.jpg","contentUrl":"https:\/\/progettotouring.it\/radiotouring104\/wp-content\/uploads\/sites\/6\/2022\/12\/medici-cubani-in-calabria.jpg","width":640,"height":480},{"@type":"BreadcrumbList","@id":"https:\/\/progettotouring.it\/radiotouring104\/2022\/12\/28\/sanita-in-calabria-i-primi-medici-cubani-presto-in-servizio\/#breadcrumb","itemListElement":[{"@type":"ListItem","position":1,"name":"Home","item":"https:\/\/progettotouring.it\/radiotouring104\/"},{"@type":"ListItem","position":2,"name":"Sanit\u00e0: in Calabria i primi medici cubani, presto in servizio"}]},{"@type":"WebSite","@id":"https:\/\/progettotouring.it\/radiotouring104\/#website","url":"https:\/\/progettotouring.it\/radiotouring104\/","name":"Radio Touring 104","description":"La prima radio Reggina","publisher":{"@id":"https:\/\/progettotouring.it\/radiotouring104\/#organization"},"potentialAction":[{"@type":"SearchAction","target":{"@type":"EntryPoint","urlTemplate":"https:\/\/progettotouring.it\/radiotouring104\/?s={search_term_string}"},"query-input":{"@type":"PropertyValueSpecification","valueRequired":true,"valueName":"search_term_string"}}],"inLanguage":"it-IT"},{"@type":"Organization","@id":"https:\/\/progettotouring.it\/radiotouring104\/#organization","name":"Radio Touring 104","url":"https:\/\/progettotouring.it\/radiotouring104\/","logo":{"@type":"ImageObject","inLanguage":"it-IT","@id":"https:\/\/progettotouring.it\/radiotouring104\/#\/schema\/logo\/image\/","url":"https:\/\/progettotouring.it\/radiotouring104\/wp-content\/uploads\/sites\/6\/2022\/02\/cropped-logo-radio-touring-104.png","contentUrl":"https:\/\/progettotouring.it\/radiotouring104\/wp-content\/uploads\/sites\/6\/2022\/02\/cropped-logo-radio-touring-104.png","width":377,"height":182,"caption":"Radio Touring 104"},"image":{"@id":"https:\/\/progettotouring.it\/radiotouring104\/#\/schema\/logo\/image\/"}},{"@type":"Person","@id":"https:\/\/progettotouring.it\/radiotouring104\/#\/schema\/person\/78613917f1851f041f7483f5af1d422e","name":"Sebastiano Plutino","image":{"@type":"ImageObject","inLanguage":"it-IT","@id":"https:\/\/secure.gravatar.com\/avatar\/0546ffaa9b79224faf9f2a156b67a529ae861d3287c66c1d8ccfdf909bcba78d?s=96&d=mm&r=g","url":"https:\/\/secure.gravatar.com\/avatar\/0546ffaa9b79224faf9f2a156b67a529ae861d3287c66c1d8ccfdf909bcba78d?s=96&d=mm&r=g","contentUrl":"https:\/\/secure.gravatar.com\/avatar\/0546ffaa9b79224faf9f2a156b67a529ae861d3287c66c1d8ccfdf909bcba78d?s=96&d=mm&r=g","caption":"Sebastiano Plutino"},"url":"https:\/\/progettotouring.it\/radiotouring104\/author\/sebastiano\/"}]}},"jetpack_publicize_connections":[],"jetpack_featured_media_url":"https:\/\/progettotouring.it\/radiotouring104\/wp-content\/uploads\/sites\/6\/2022\/12\/medici-cubani-in-calabria.jpg","jetpack_sharing_enabled":true,"_links":{"self":[{"href":"https:\/\/progettotouring.it\/radiotouring104\/wp-json\/wp\/v2\/posts\/15682","targetHints":{"allow":["GET"]}}],"collection":[{"href":"https:\/\/progettotouring.it\/radiotouring104\/wp-json\/wp\/v2\/posts"}],"about":[{"href":"https:\/\/progettotouring.it\/radiotouring104\/wp-json\/wp\/v2\/types\/post"}],"author":[{"embeddable":true,"href":"https:\/\/progettotouring.it\/radiotouring104\/wp-json\/wp\/v2\/users\/12"}],"replies":[{"embeddable":true,"href":"https:\/\/progettotouring.it\/radiotouring104\/wp-json\/wp\/v2\/comments?post=15682"}],"version-history":[{"count":2,"href":"https:\/\/progettotouring.it\/radiotouring104\/wp-json\/wp\/v2\/posts\/15682\/revisions"}],"predecessor-version":[{"id":15689,"href":"https:\/\/progettotouring.it\/radiotouring104\/wp-json\/wp\/v2\/posts\/15682\/revisions\/15689"}],"wp:featuredmedia":[{"embeddable":true,"href":"https:\/\/progettotouring.it\/radiotouring104\/wp-json\/wp\/v2\/media\/15683"}],"wp:attachment":[{"href":"https:\/\/progettotouring.it\/radiotouring104\/wp-json\/wp\/v2\/media?parent=15682"}],"wp:term":[{"taxonomy":"category","embeddable":true,"href":"https:\/\/progettotouring.it\/radiotouring104\/wp-json\/wp\/v2\/categories?post=15682"},{"taxonomy":"post_tag","embeddable":true,"href":"https:\/\/progettotouring.it\/radiotouring104\/wp-json\/wp\/v2\/tags?post=15682"}],"curies":[{"name":"wp","href":"https:\/\/api.w.org\/{rel}","templated":true}]}}