{"id":15703,"date":"2022-12-28T12:51:36","date_gmt":"2022-12-28T11:51:36","guid":{"rendered":"https:\/\/progettotouring.it\/radiotouring104\/?p=15703"},"modified":"2022-12-28T12:51:36","modified_gmt":"2022-12-28T11:51:36","slug":"attesi-in-calabria-i-medici-cubani","status":"publish","type":"post","link":"https:\/\/progettotouring.it\/radiotouring104\/2022\/12\/28\/attesi-in-calabria-i-medici-cubani\/","title":{"rendered":"Attesi in Calabria i medici cubani"},"content":{"rendered":"<p>(ANSA) &#8211; CATANZARO, 28 DIC &#8211; &#8220;Oggi li ho incontrati a Cosenza, perch\u00e9 sono ospiti della Caserma dei Bersaglieri. Appena pronti saranno destinati agli ospedali calabresi, partendo dalla provincia di Reggio Calabria. Per averli ci avremmo messo tre anni. Tra un mese potranno invece operare nei reparti ospedalieri che altrimenti avremmo dovuto chiudere&#8221;. Lo ha detto il presidente della Regione Calabria Roberto Occhiuto in riferimento all&#8217;arrivo dei medici cubani che tra un mese inizieranno ad operare negli ospedali calabresi, parlando con i giornalisti a margine di un&#8217;iniziativa alla Cittadella regionale di Catanzaro. &#8220;I medici che sono cinquanta &#8211; ha aggiunto Occhiuto &#8211; inizieranno il 2 gennaio un corso che durer\u00e0 un mese. Non ruberanno alcun posto di lavoro perch\u00e9 stiamo andando avanti con i concorsi e le procedure di reclutamento, ma aiuteranno la sanit\u00e0 calabrese a mantenere aperti gli ospedali che altrimenti avrebbero dovuto chiudere. Non \u00e8 una soluzione, per quella stiamo facendo i concorsi, ma la medicina cubana \u00e8 tra le migliori e questi medici ci aiuteranno in ospedali dove altrimenti sarebbe difficile reclutare altri medici&#8221;. &#8220;E&#8217; una soluzione di emergenza &#8211; ha detto ancora Occhiuto &#8211; in una condizione che altrimenti sarebbe difficile affrontare. Non mi curo delle critiche e delle chiacchiere. Ho la responsabilit\u00e0 di ricostruire il sistema sanitario calabrese, con tutti gli strumenti necessari. Vado avanti come un treno convinto che si tratta di strumenti necessari per assicurare la cura ai calabresi. Mille polemiche non valgono una sola vita salvata&#8221;. (ANSA).<\/p>\n","protected":false},"excerpt":{"rendered":"<p>(ANSA) &#8211; CATANZARO, 28 DIC &#8211; &#8220;Oggi li ho incontrati a Cosenza, perch\u00e9 sono ospiti della Caserma dei Bersaglieri. Appena pronti saranno destinati agli ospedali calabresi, partendo dalla provincia di&hellip;<\/p>\n","protected":false},"author":13,"featured_media":15707,"comment_status":"open","ping_status":"open","sticky":false,"template":"","format":"standard","meta":{"_jetpack_memberships_contains_paid_content":false,"footnotes":"","jetpack_publicize_message":"","jetpack_publicize_feature_enabled":true,"jetpack_social_post_already_shared":false,"jetpack_social_options":{"image_generator_settings":{"template":"highway","default_image_id":0,"font":"","enabled":false},"version":2}},"categories":[142,921,196],"tags":[586,4244,5666,5930],"class_list":["post-15703","post","type-post","status-publish","format-standard","has-post-thumbnail","hentry","category-calabria","category-home","category-news","tag-calabria","tag-medici-cubani","tag-presidente-occhiuto","tag-sanita-calabrese"],"yoast_head":"<!-- This site is optimized with the Yoast SEO plugin v27.2 - https:\/\/yoast.com\/product\/yoast-seo-wordpress\/ -->\n<title>Attesi in Calabria i medici cubani<\/title>\n<meta name=\"description\" content=\"Tra un mese, eccellenti dottori, opereranno in sostegno della sanit\u00e0 calabrese mantenendo attivi reparti a rischio chiusura\" \/>\n<meta name=\"robots\" content=\"index, follow, max-snippet:-1, max-image-preview:large, max-video-preview:-1\" \/>\n<link rel=\"canonical\" href=\"https:\/\/progettotouring.it\/radiotouring104\/2022\/12\/28\/attesi-in-calabria-i-medici-cubani\/\" \/>\n<meta property=\"og:locale\" content=\"it_IT\" \/>\n<meta property=\"og:type\" content=\"article\" \/>\n<meta property=\"og:title\" content=\"Attesi in Calabria i medici cubani\" \/>\n<meta property=\"og:description\" content=\"Tra un mese, eccellenti dottori, opereranno in sostegno della sanit\u00e0 calabrese mantenendo attivi reparti a rischio chiusura\" \/>\n<meta property=\"og:url\" content=\"https:\/\/progettotouring.it\/radiotouring104\/2022\/12\/28\/attesi-in-calabria-i-medici-cubani\/\" \/>\n<meta property=\"og:site_name\" content=\"Radio Touring 104\" \/>\n<meta property=\"article:published_time\" content=\"2022-12-28T11:51:36+00:00\" \/>\n<meta property=\"og:image\" content=\"https:\/\/progettotouring.it\/radiotouring104\/wp-content\/uploads\/sites\/6\/2022\/12\/Accordo-Occhiuto-medici-cubani.jpg\" \/>\n\t<meta property=\"og:image:width\" content=\"660\" \/>\n\t<meta property=\"og:image:height\" content=\"368\" \/>\n\t<meta property=\"og:image:type\" content=\"image\/jpeg\" \/>\n<meta name=\"author\" content=\"Helena Pedone\" \/>\n<meta name=\"twitter:card\" content=\"summary_large_image\" \/>\n<meta name=\"twitter:label1\" content=\"Scritto da\" \/>\n\t<meta name=\"twitter:data1\" content=\"Helena Pedone\" \/>\n\t<meta name=\"twitter:label2\" content=\"Tempo di lettura stimato\" \/>\n\t<meta name=\"twitter:data2\" content=\"1 minuto\" \/>\n<script type=\"application\/ld+json\" class=\"yoast-schema-graph\">{\"@context\":\"https:\/\/schema.org\",\"@graph\":[{\"@type\":\"Article\",\"@id\":\"https:\/\/progettotouring.it\/radiotouring104\/2022\/12\/28\/attesi-in-calabria-i-medici-cubani\/#article\",\"isPartOf\":{\"@id\":\"https:\/\/progettotouring.it\/radiotouring104\/2022\/12\/28\/attesi-in-calabria-i-medici-cubani\/\"},\"author\":{\"name\":\"Helena Pedone\",\"@id\":\"https:\/\/progettotouring.it\/radiotouring104\/#\/schema\/person\/8458ed437f4094f881aab8e4cc572684\"},\"headline\":\"Attesi in Calabria i medici cubani\",\"datePublished\":\"2022-12-28T11:51:36+00:00\",\"mainEntityOfPage\":{\"@id\":\"https:\/\/progettotouring.it\/radiotouring104\/2022\/12\/28\/attesi-in-calabria-i-medici-cubani\/\"},\"wordCount\":247,\"commentCount\":0,\"publisher\":{\"@id\":\"https:\/\/progettotouring.it\/radiotouring104\/#organization\"},\"image\":{\"@id\":\"https:\/\/progettotouring.it\/radiotouring104\/2022\/12\/28\/attesi-in-calabria-i-medici-cubani\/#primaryimage\"},\"thumbnailUrl\":\"https:\/\/progettotouring.it\/radiotouring104\/wp-content\/uploads\/sites\/6\/2022\/12\/Accordo-Occhiuto-medici-cubani.jpg\",\"keywords\":[\"calabria\",\"medici cubani\",\"presidente occhiuto\",\"Sanit\u00e0 calabrese\"],\"articleSection\":[\"Calabria\",\"Home\",\"News\"],\"inLanguage\":\"it-IT\",\"potentialAction\":[{\"@type\":\"CommentAction\",\"name\":\"Comment\",\"target\":[\"https:\/\/progettotouring.it\/radiotouring104\/2022\/12\/28\/attesi-in-calabria-i-medici-cubani\/#respond\"]}]},{\"@type\":\"WebPage\",\"@id\":\"https:\/\/progettotouring.it\/radiotouring104\/2022\/12\/28\/attesi-in-calabria-i-medici-cubani\/\",\"url\":\"https:\/\/progettotouring.it\/radiotouring104\/2022\/12\/28\/attesi-in-calabria-i-medici-cubani\/\",\"name\":\"Attesi in Calabria i medici cubani\",\"isPartOf\":{\"@id\":\"https:\/\/progettotouring.it\/radiotouring104\/#website\"},\"primaryImageOfPage\":{\"@id\":\"https:\/\/progettotouring.it\/radiotouring104\/2022\/12\/28\/attesi-in-calabria-i-medici-cubani\/#primaryimage\"},\"image\":{\"@id\":\"https:\/\/progettotouring.it\/radiotouring104\/2022\/12\/28\/attesi-in-calabria-i-medici-cubani\/#primaryimage\"},\"thumbnailUrl\":\"https:\/\/progettotouring.it\/radiotouring104\/wp-content\/uploads\/sites\/6\/2022\/12\/Accordo-Occhiuto-medici-cubani.jpg\",\"datePublished\":\"2022-12-28T11:51:36+00:00\",\"description\":\"Tra un mese, eccellenti dottori, opereranno in sostegno della sanit\u00e0 calabrese mantenendo attivi reparti a rischio chiusura\",\"breadcrumb\":{\"@id\":\"https:\/\/progettotouring.it\/radiotouring104\/2022\/12\/28\/attesi-in-calabria-i-medici-cubani\/#breadcrumb\"},\"inLanguage\":\"it-IT\",\"potentialAction\":[{\"@type\":\"ReadAction\",\"target\":[\"https:\/\/progettotouring.it\/radiotouring104\/2022\/12\/28\/attesi-in-calabria-i-medici-cubani\/\"]}]},{\"@type\":\"ImageObject\",\"inLanguage\":\"it-IT\",\"@id\":\"https:\/\/progettotouring.it\/radiotouring104\/2022\/12\/28\/attesi-in-calabria-i-medici-cubani\/#primaryimage\",\"url\":\"https:\/\/progettotouring.it\/radiotouring104\/wp-content\/uploads\/sites\/6\/2022\/12\/Accordo-Occhiuto-medici-cubani.jpg\",\"contentUrl\":\"https:\/\/progettotouring.it\/radiotouring104\/wp-content\/uploads\/sites\/6\/2022\/12\/Accordo-Occhiuto-medici-cubani.jpg\",\"width\":660,\"height\":368},{\"@type\":\"BreadcrumbList\",\"@id\":\"https:\/\/progettotouring.it\/radiotouring104\/2022\/12\/28\/attesi-in-calabria-i-medici-cubani\/#breadcrumb\",\"itemListElement\":[{\"@type\":\"ListItem\",\"position\":1,\"name\":\"Home\",\"item\":\"https:\/\/progettotouring.it\/radiotouring104\/\"},{\"@type\":\"ListItem\",\"position\":2,\"name\":\"Attesi in Calabria i medici cubani\"}]},{\"@type\":\"WebSite\",\"@id\":\"https:\/\/progettotouring.it\/radiotouring104\/#website\",\"url\":\"https:\/\/progettotouring.it\/radiotouring104\/\",\"name\":\"Radio Touring 104\",\"description\":\"La prima radio Reggina\",\"publisher\":{\"@id\":\"https:\/\/progettotouring.it\/radiotouring104\/#organization\"},\"potentialAction\":[{\"@type\":\"SearchAction\",\"target\":{\"@type\":\"EntryPoint\",\"urlTemplate\":\"https:\/\/progettotouring.it\/radiotouring104\/?s={search_term_string}\"},\"query-input\":{\"@type\":\"PropertyValueSpecification\",\"valueRequired\":true,\"valueName\":\"search_term_string\"}}],\"inLanguage\":\"it-IT\"},{\"@type\":\"Organization\",\"@id\":\"https:\/\/progettotouring.it\/radiotouring104\/#organization\",\"name\":\"Radio Touring 104\",\"url\":\"https:\/\/progettotouring.it\/radiotouring104\/\",\"logo\":{\"@type\":\"ImageObject\",\"inLanguage\":\"it-IT\",\"@id\":\"https:\/\/progettotouring.it\/radiotouring104\/#\/schema\/logo\/image\/\",\"url\":\"https:\/\/progettotouring.it\/radiotouring104\/wp-content\/uploads\/sites\/6\/2022\/02\/cropped-logo-radio-touring-104.png\",\"contentUrl\":\"https:\/\/progettotouring.it\/radiotouring104\/wp-content\/uploads\/sites\/6\/2022\/02\/cropped-logo-radio-touring-104.png\",\"width\":377,\"height\":182,\"caption\":\"Radio Touring 104\"},\"image\":{\"@id\":\"https:\/\/progettotouring.it\/radiotouring104\/#\/schema\/logo\/image\/\"}},{\"@type\":\"Person\",\"@id\":\"https:\/\/progettotouring.it\/radiotouring104\/#\/schema\/person\/8458ed437f4094f881aab8e4cc572684\",\"name\":\"Helena Pedone\",\"image\":{\"@type\":\"ImageObject\",\"inLanguage\":\"it-IT\",\"@id\":\"https:\/\/secure.gravatar.com\/avatar\/95a63adf316f90175b68113b4b895a96641be06395ffeef88fea6178b30027d9?s=96&d=mm&r=g\",\"url\":\"https:\/\/secure.gravatar.com\/avatar\/95a63adf316f90175b68113b4b895a96641be06395ffeef88fea6178b30027d9?s=96&d=mm&r=g\",\"contentUrl\":\"https:\/\/secure.gravatar.com\/avatar\/95a63adf316f90175b68113b4b895a96641be06395ffeef88fea6178b30027d9?s=96&d=mm&r=g\",\"caption\":\"Helena Pedone\"},\"url\":\"https:\/\/progettotouring.it\/radiotouring104\/author\/helena\/\"}]}<\/script>\n<!-- \/ Yoast SEO plugin. -->","yoast_head_json":{"title":"Attesi in Calabria i medici cubani","description":"Tra un mese, eccellenti dottori, opereranno in sostegno della sanit\u00e0 calabrese mantenendo attivi reparti a rischio chiusura","robots":{"index":"index","follow":"follow","max-snippet":"max-snippet:-1","max-image-preview":"max-image-preview:large","max-video-preview":"max-video-preview:-1"},"canonical":"https:\/\/progettotouring.it\/radiotouring104\/2022\/12\/28\/attesi-in-calabria-i-medici-cubani\/","og_locale":"it_IT","og_type":"article","og_title":"Attesi in Calabria i medici cubani","og_description":"Tra un mese, eccellenti dottori, opereranno in sostegno della sanit\u00e0 calabrese mantenendo attivi reparti a rischio chiusura","og_url":"https:\/\/progettotouring.it\/radiotouring104\/2022\/12\/28\/attesi-in-calabria-i-medici-cubani\/","og_site_name":"Radio Touring 104","article_published_time":"2022-12-28T11:51:36+00:00","og_image":[{"width":660,"height":368,"url":"https:\/\/progettotouring.it\/radiotouring104\/wp-content\/uploads\/sites\/6\/2022\/12\/Accordo-Occhiuto-medici-cubani.jpg","type":"image\/jpeg"}],"author":"Helena Pedone","twitter_card":"summary_large_image","twitter_misc":{"Scritto da":"Helena Pedone","Tempo di lettura stimato":"1 minuto"},"schema":{"@context":"https:\/\/schema.org","@graph":[{"@type":"Article","@id":"https:\/\/progettotouring.it\/radiotouring104\/2022\/12\/28\/attesi-in-calabria-i-medici-cubani\/#article","isPartOf":{"@id":"https:\/\/progettotouring.it\/radiotouring104\/2022\/12\/28\/attesi-in-calabria-i-medici-cubani\/"},"author":{"name":"Helena Pedone","@id":"https:\/\/progettotouring.it\/radiotouring104\/#\/schema\/person\/8458ed437f4094f881aab8e4cc572684"},"headline":"Attesi in Calabria i medici cubani","datePublished":"2022-12-28T11:51:36+00:00","mainEntityOfPage":{"@id":"https:\/\/progettotouring.it\/radiotouring104\/2022\/12\/28\/attesi-in-calabria-i-medici-cubani\/"},"wordCount":247,"commentCount":0,"publisher":{"@id":"https:\/\/progettotouring.it\/radiotouring104\/#organization"},"image":{"@id":"https:\/\/progettotouring.it\/radiotouring104\/2022\/12\/28\/attesi-in-calabria-i-medici-cubani\/#primaryimage"},"thumbnailUrl":"https:\/\/progettotouring.it\/radiotouring104\/wp-content\/uploads\/sites\/6\/2022\/12\/Accordo-Occhiuto-medici-cubani.jpg","keywords":["calabria","medici cubani","presidente occhiuto","Sanit\u00e0 calabrese"],"articleSection":["Calabria","Home","News"],"inLanguage":"it-IT","potentialAction":[{"@type":"CommentAction","name":"Comment","target":["https:\/\/progettotouring.it\/radiotouring104\/2022\/12\/28\/attesi-in-calabria-i-medici-cubani\/#respond"]}]},{"@type":"WebPage","@id":"https:\/\/progettotouring.it\/radiotouring104\/2022\/12\/28\/attesi-in-calabria-i-medici-cubani\/","url":"https:\/\/progettotouring.it\/radiotouring104\/2022\/12\/28\/attesi-in-calabria-i-medici-cubani\/","name":"Attesi in Calabria i medici cubani","isPartOf":{"@id":"https:\/\/progettotouring.it\/radiotouring104\/#website"},"primaryImageOfPage":{"@id":"https:\/\/progettotouring.it\/radiotouring104\/2022\/12\/28\/attesi-in-calabria-i-medici-cubani\/#primaryimage"},"image":{"@id":"https:\/\/progettotouring.it\/radiotouring104\/2022\/12\/28\/attesi-in-calabria-i-medici-cubani\/#primaryimage"},"thumbnailUrl":"https:\/\/progettotouring.it\/radiotouring104\/wp-content\/uploads\/sites\/6\/2022\/12\/Accordo-Occhiuto-medici-cubani.jpg","datePublished":"2022-12-28T11:51:36+00:00","description":"Tra un mese, eccellenti dottori, opereranno in sostegno della sanit\u00e0 calabrese mantenendo attivi reparti a rischio chiusura","breadcrumb":{"@id":"https:\/\/progettotouring.it\/radiotouring104\/2022\/12\/28\/attesi-in-calabria-i-medici-cubani\/#breadcrumb"},"inLanguage":"it-IT","potentialAction":[{"@type":"ReadAction","target":["https:\/\/progettotouring.it\/radiotouring104\/2022\/12\/28\/attesi-in-calabria-i-medici-cubani\/"]}]},{"@type":"ImageObject","inLanguage":"it-IT","@id":"https:\/\/progettotouring.it\/radiotouring104\/2022\/12\/28\/attesi-in-calabria-i-medici-cubani\/#primaryimage","url":"https:\/\/progettotouring.it\/radiotouring104\/wp-content\/uploads\/sites\/6\/2022\/12\/Accordo-Occhiuto-medici-cubani.jpg","contentUrl":"https:\/\/progettotouring.it\/radiotouring104\/wp-content\/uploads\/sites\/6\/2022\/12\/Accordo-Occhiuto-medici-cubani.jpg","width":660,"height":368},{"@type":"BreadcrumbList","@id":"https:\/\/progettotouring.it\/radiotouring104\/2022\/12\/28\/attesi-in-calabria-i-medici-cubani\/#breadcrumb","itemListElement":[{"@type":"ListItem","position":1,"name":"Home","item":"https:\/\/progettotouring.it\/radiotouring104\/"},{"@type":"ListItem","position":2,"name":"Attesi in Calabria i medici cubani"}]},{"@type":"WebSite","@id":"https:\/\/progettotouring.it\/radiotouring104\/#website","url":"https:\/\/progettotouring.it\/radiotouring104\/","name":"Radio Touring 104","description":"La prima radio Reggina","publisher":{"@id":"https:\/\/progettotouring.it\/radiotouring104\/#organization"},"potentialAction":[{"@type":"SearchAction","target":{"@type":"EntryPoint","urlTemplate":"https:\/\/progettotouring.it\/radiotouring104\/?s={search_term_string}"},"query-input":{"@type":"PropertyValueSpecification","valueRequired":true,"valueName":"search_term_string"}}],"inLanguage":"it-IT"},{"@type":"Organization","@id":"https:\/\/progettotouring.it\/radiotouring104\/#organization","name":"Radio Touring 104","url":"https:\/\/progettotouring.it\/radiotouring104\/","logo":{"@type":"ImageObject","inLanguage":"it-IT","@id":"https:\/\/progettotouring.it\/radiotouring104\/#\/schema\/logo\/image\/","url":"https:\/\/progettotouring.it\/radiotouring104\/wp-content\/uploads\/sites\/6\/2022\/02\/cropped-logo-radio-touring-104.png","contentUrl":"https:\/\/progettotouring.it\/radiotouring104\/wp-content\/uploads\/sites\/6\/2022\/02\/cropped-logo-radio-touring-104.png","width":377,"height":182,"caption":"Radio Touring 104"},"image":{"@id":"https:\/\/progettotouring.it\/radiotouring104\/#\/schema\/logo\/image\/"}},{"@type":"Person","@id":"https:\/\/progettotouring.it\/radiotouring104\/#\/schema\/person\/8458ed437f4094f881aab8e4cc572684","name":"Helena Pedone","image":{"@type":"ImageObject","inLanguage":"it-IT","@id":"https:\/\/secure.gravatar.com\/avatar\/95a63adf316f90175b68113b4b895a96641be06395ffeef88fea6178b30027d9?s=96&d=mm&r=g","url":"https:\/\/secure.gravatar.com\/avatar\/95a63adf316f90175b68113b4b895a96641be06395ffeef88fea6178b30027d9?s=96&d=mm&r=g","contentUrl":"https:\/\/secure.gravatar.com\/avatar\/95a63adf316f90175b68113b4b895a96641be06395ffeef88fea6178b30027d9?s=96&d=mm&r=g","caption":"Helena Pedone"},"url":"https:\/\/progettotouring.it\/radiotouring104\/author\/helena\/"}]}},"jetpack_publicize_connections":[],"jetpack_featured_media_url":"https:\/\/progettotouring.it\/radiotouring104\/wp-content\/uploads\/sites\/6\/2022\/12\/Accordo-Occhiuto-medici-cubani.jpg","jetpack_sharing_enabled":true,"_links":{"self":[{"href":"https:\/\/progettotouring.it\/radiotouring104\/wp-json\/wp\/v2\/posts\/15703","targetHints":{"allow":["GET"]}}],"collection":[{"href":"https:\/\/progettotouring.it\/radiotouring104\/wp-json\/wp\/v2\/posts"}],"about":[{"href":"https:\/\/progettotouring.it\/radiotouring104\/wp-json\/wp\/v2\/types\/post"}],"author":[{"embeddable":true,"href":"https:\/\/progettotouring.it\/radiotouring104\/wp-json\/wp\/v2\/users\/13"}],"replies":[{"embeddable":true,"href":"https:\/\/progettotouring.it\/radiotouring104\/wp-json\/wp\/v2\/comments?post=15703"}],"version-history":[{"count":1,"href":"https:\/\/progettotouring.it\/radiotouring104\/wp-json\/wp\/v2\/posts\/15703\/revisions"}],"predecessor-version":[{"id":15708,"href":"https:\/\/progettotouring.it\/radiotouring104\/wp-json\/wp\/v2\/posts\/15703\/revisions\/15708"}],"wp:featuredmedia":[{"embeddable":true,"href":"https:\/\/progettotouring.it\/radiotouring104\/wp-json\/wp\/v2\/media\/15707"}],"wp:attachment":[{"href":"https:\/\/progettotouring.it\/radiotouring104\/wp-json\/wp\/v2\/media?parent=15703"}],"wp:term":[{"taxonomy":"category","embeddable":true,"href":"https:\/\/progettotouring.it\/radiotouring104\/wp-json\/wp\/v2\/categories?post=15703"},{"taxonomy":"post_tag","embeddable":true,"href":"https:\/\/progettotouring.it\/radiotouring104\/wp-json\/wp\/v2\/tags?post=15703"}],"curies":[{"name":"wp","href":"https:\/\/api.w.org\/{rel}","templated":true}]}}