{"id":15709,"date":"2022-12-28T13:03:26","date_gmt":"2022-12-28T12:03:26","guid":{"rendered":"https:\/\/progettotouring.it\/radiotouring104\/?p=15709"},"modified":"2022-12-28T13:22:33","modified_gmt":"2022-12-28T12:22:33","slug":"corigliano-rossano-a-capodanno-festa-in-piazza-con-coez","status":"publish","type":"post","link":"https:\/\/progettotouring.it\/radiotouring104\/2022\/12\/28\/corigliano-rossano-a-capodanno-festa-in-piazza-con-coez\/","title":{"rendered":"Corigliano Rossano: a Capodanno festa in piazza con Coez"},"content":{"rendered":"<p>(ANSA) &#8211; CORIGLIANO ROSSANO, 28 DIC &#8211; Dopo i dischi di platino, i tour da sold-out, il nuovo album, il progetto in acustico &#8220;From The Rooftop 2&#8221;, Coez, il rapper e cantautore romano, sabato 31 gennaio 2022, arriver\u00e0 in Piazza Bernardino Le Fosse a Corigliano-Rossano per salutare il nuovo anno. &#8220;Un concerto speciale, un riassunto &#8211; \u00e8 detto in una nota del Comune &#8211; di tutto quello che finora \u00e8 stato, ha vissuto e cantato nella sua carriera. Un viaggio nella sua musica che ci immerger\u00e0 nell&#8217;emotivit\u00e0 e nella personalit\u00e0 di un artista che ha tracciato una strada inedita nel panorama musicale italiano. Con la Calabria, poi, Coez un rapporto lo ha gi\u00e0 creato, quando ha scritto &#8216;Fra le nuvole&#8217;, traccia contenuta nell&#8217;album Volare, citando un pezzo della nostra storia: il Rino Gaetano di &#8216;Mio fratello \u00e8 figlio unico&#8217;&#8221;. &#8220;Dopo due anni di pandemia e restrizioni, oltre alla grande festa di Natale con Silvia Mezzanotte, i cori gospel e gli artisti di strada in piazza Giovanni Paolo II &#8211; afferma l&#8217;assessore al Turismo, Costantino Argentino &#8211; si torna a stare insieme, la citt\u00e0 si accende e risplende e il conto alla rovescia per dare il benvenuto al 2023&#8221;. La notte di San Silvestro a Corigliano Rossano, che partir\u00e0 alle 23.30, sar\u00e0 animata anche da una serie di dj set, prima e dopo il concerto, con artisti locali. L&#8217;esibizione di Coez \u00e8 attesa per l&#8217;una. &#8220;Quando ci siamo insediati &#8211; ha detto il sindaco Flavio Stasi &#8211; abbiamo organizzato, credo, il primo Capodanno in Piazza della citt\u00e0. Se altre volte era stato organizzato in passato, non ne ho memoria. Poi \u00e8 arrivata la pandemia, e quest&#8217;anno riprendiamo quella che vogliamo far diventare una tradizione. Per qualcuno \u00e8 solo divertimento, e certamente lo \u00e8, ma per me \u00e8 anche molto altro e voglio spiegarvelo. Tutti pensano che queste occasioni siano solo le luci, sciccherie, men\u00f9 chilometrici. Io spesso l&#8217;ultimo dell&#8217;anno, e non me ne vergogno, l&#8217;ho passato mangiando un panino col kebab in una citt\u00e0 desertica. Il Capodanno in Piazza \u00e8 per tutti. Non c&#8217;\u00e8 differenza tra ricchi e poveri. Il Capodanno in Piazza significa che i nostri ragazzi che non hanno un amico fuori, che non possono permettersi di pi\u00f9, non si sentano sconfitti, perch\u00e9 non lo sono. Il &#8216;centro del mondo&#8217; si pu\u00f2 raggiungere a piedi o con le navette del Comune. Significa che tutti i ragazzi del territorio, abituati alle traversate nel deserto, possono arrivare a Corigliano-Rossano in pochi minuti ed unirsi a tutti gli altri. Questo \u00e8 l&#8217;obiettivo, lo rivendico completamente&#8221;. (ANSA).<\/p>\n","protected":false},"excerpt":{"rendered":"<p>(ANSA) &#8211; CORIGLIANO ROSSANO, 28 DIC &#8211; Dopo i dischi di platino, i tour da sold-out, il nuovo album, il progetto in acustico &#8220;From The Rooftop 2&#8221;, Coez, il rapper&hellip;<\/p>\n","protected":false},"author":13,"featured_media":15724,"comment_status":"open","ping_status":"open","sticky":false,"template":"","format":"standard","meta":{"_jetpack_memberships_contains_paid_content":false,"footnotes":"","jetpack_publicize_message":"","jetpack_publicize_feature_enabled":true,"jetpack_social_post_already_shared":false,"jetpack_social_options":{"image_generator_settings":{"template":"highway","default_image_id":0,"font":"","enabled":false},"version":2}},"categories":[142,921,196],"tags":[7795,7753,5576],"class_list":["post-15709","post","type-post","status-publish","format-standard","has-post-thumbnail","hentry","category-calabria","category-home","category-news","tag-coez","tag-concerto-di-capodanno","tag-corigliano-rossano"],"yoast_head":"<!-- This site is optimized with the Yoast SEO plugin v27.2 - https:\/\/yoast.com\/product\/yoast-seo-wordpress\/ -->\n<title>Corigliano Rossano: a Capodanno festa in piazza con Coez<\/title>\n<meta name=\"description\" content=\"Entusiasta il sindaco Flavio Stasi che trova i festeggiamenti all&#039;aperto per il nuovo anno tra i pi\u00f9 democratici\" \/>\n<meta name=\"robots\" content=\"index, follow, max-snippet:-1, max-image-preview:large, max-video-preview:-1\" \/>\n<link rel=\"canonical\" href=\"https:\/\/progettotouring.it\/radiotouring104\/2022\/12\/28\/corigliano-rossano-a-capodanno-festa-in-piazza-con-coez\/\" \/>\n<meta property=\"og:locale\" content=\"it_IT\" \/>\n<meta property=\"og:type\" content=\"article\" \/>\n<meta property=\"og:title\" content=\"Corigliano Rossano: a Capodanno festa in piazza con Coez\" \/>\n<meta property=\"og:description\" content=\"Entusiasta il sindaco Flavio Stasi che trova i festeggiamenti all&#039;aperto per il nuovo anno tra i pi\u00f9 democratici\" \/>\n<meta property=\"og:url\" content=\"https:\/\/progettotouring.it\/radiotouring104\/2022\/12\/28\/corigliano-rossano-a-capodanno-festa-in-piazza-con-coez\/\" \/>\n<meta property=\"og:site_name\" content=\"Radio Touring 104\" \/>\n<meta property=\"article:published_time\" content=\"2022-12-28T12:03:26+00:00\" \/>\n<meta property=\"article:modified_time\" content=\"2022-12-28T12:22:33+00:00\" \/>\n<meta property=\"og:image\" content=\"https:\/\/progettotouring.it\/radiotouring104\/wp-content\/uploads\/sites\/6\/2022\/12\/Coez-1.jpg\" \/>\n\t<meta property=\"og:image:width\" content=\"380\" \/>\n\t<meta property=\"og:image:height\" content=\"247\" \/>\n\t<meta property=\"og:image:type\" content=\"image\/jpeg\" \/>\n<meta name=\"author\" content=\"Helena Pedone\" \/>\n<meta name=\"twitter:card\" content=\"summary_large_image\" \/>\n<meta name=\"twitter:label1\" content=\"Scritto da\" \/>\n\t<meta name=\"twitter:data1\" content=\"Helena Pedone\" \/>\n\t<meta name=\"twitter:label2\" content=\"Tempo di lettura stimato\" \/>\n\t<meta name=\"twitter:data2\" content=\"2 minuti\" \/>\n<script type=\"application\/ld+json\" class=\"yoast-schema-graph\">{\"@context\":\"https:\/\/schema.org\",\"@graph\":[{\"@type\":\"Article\",\"@id\":\"https:\/\/progettotouring.it\/radiotouring104\/2022\/12\/28\/corigliano-rossano-a-capodanno-festa-in-piazza-con-coez\/#article\",\"isPartOf\":{\"@id\":\"https:\/\/progettotouring.it\/radiotouring104\/2022\/12\/28\/corigliano-rossano-a-capodanno-festa-in-piazza-con-coez\/\"},\"author\":{\"name\":\"Helena Pedone\",\"@id\":\"https:\/\/progettotouring.it\/radiotouring104\/#\/schema\/person\/8458ed437f4094f881aab8e4cc572684\"},\"headline\":\"Corigliano Rossano: a Capodanno festa in piazza con Coez\",\"datePublished\":\"2022-12-28T12:03:26+00:00\",\"dateModified\":\"2022-12-28T12:22:33+00:00\",\"mainEntityOfPage\":{\"@id\":\"https:\/\/progettotouring.it\/radiotouring104\/2022\/12\/28\/corigliano-rossano-a-capodanno-festa-in-piazza-con-coez\/\"},\"wordCount\":417,\"commentCount\":0,\"publisher\":{\"@id\":\"https:\/\/progettotouring.it\/radiotouring104\/#organization\"},\"image\":{\"@id\":\"https:\/\/progettotouring.it\/radiotouring104\/2022\/12\/28\/corigliano-rossano-a-capodanno-festa-in-piazza-con-coez\/#primaryimage\"},\"thumbnailUrl\":\"https:\/\/progettotouring.it\/radiotouring104\/wp-content\/uploads\/sites\/6\/2022\/12\/Coez-1.jpg\",\"keywords\":[\"Coez\",\"Concerto di Capodanno\",\"Corigliano Rossano\"],\"articleSection\":[\"Calabria\",\"Home\",\"News\"],\"inLanguage\":\"it-IT\",\"potentialAction\":[{\"@type\":\"CommentAction\",\"name\":\"Comment\",\"target\":[\"https:\/\/progettotouring.it\/radiotouring104\/2022\/12\/28\/corigliano-rossano-a-capodanno-festa-in-piazza-con-coez\/#respond\"]}]},{\"@type\":\"WebPage\",\"@id\":\"https:\/\/progettotouring.it\/radiotouring104\/2022\/12\/28\/corigliano-rossano-a-capodanno-festa-in-piazza-con-coez\/\",\"url\":\"https:\/\/progettotouring.it\/radiotouring104\/2022\/12\/28\/corigliano-rossano-a-capodanno-festa-in-piazza-con-coez\/\",\"name\":\"Corigliano Rossano: a Capodanno festa in piazza con Coez\",\"isPartOf\":{\"@id\":\"https:\/\/progettotouring.it\/radiotouring104\/#website\"},\"primaryImageOfPage\":{\"@id\":\"https:\/\/progettotouring.it\/radiotouring104\/2022\/12\/28\/corigliano-rossano-a-capodanno-festa-in-piazza-con-coez\/#primaryimage\"},\"image\":{\"@id\":\"https:\/\/progettotouring.it\/radiotouring104\/2022\/12\/28\/corigliano-rossano-a-capodanno-festa-in-piazza-con-coez\/#primaryimage\"},\"thumbnailUrl\":\"https:\/\/progettotouring.it\/radiotouring104\/wp-content\/uploads\/sites\/6\/2022\/12\/Coez-1.jpg\",\"datePublished\":\"2022-12-28T12:03:26+00:00\",\"dateModified\":\"2022-12-28T12:22:33+00:00\",\"description\":\"Entusiasta il sindaco Flavio Stasi che trova i festeggiamenti all'aperto per il nuovo anno tra i pi\u00f9 democratici\",\"breadcrumb\":{\"@id\":\"https:\/\/progettotouring.it\/radiotouring104\/2022\/12\/28\/corigliano-rossano-a-capodanno-festa-in-piazza-con-coez\/#breadcrumb\"},\"inLanguage\":\"it-IT\",\"potentialAction\":[{\"@type\":\"ReadAction\",\"target\":[\"https:\/\/progettotouring.it\/radiotouring104\/2022\/12\/28\/corigliano-rossano-a-capodanno-festa-in-piazza-con-coez\/\"]}]},{\"@type\":\"ImageObject\",\"inLanguage\":\"it-IT\",\"@id\":\"https:\/\/progettotouring.it\/radiotouring104\/2022\/12\/28\/corigliano-rossano-a-capodanno-festa-in-piazza-con-coez\/#primaryimage\",\"url\":\"https:\/\/progettotouring.it\/radiotouring104\/wp-content\/uploads\/sites\/6\/2022\/12\/Coez-1.jpg\",\"contentUrl\":\"https:\/\/progettotouring.it\/radiotouring104\/wp-content\/uploads\/sites\/6\/2022\/12\/Coez-1.jpg\",\"width\":380,\"height\":247},{\"@type\":\"BreadcrumbList\",\"@id\":\"https:\/\/progettotouring.it\/radiotouring104\/2022\/12\/28\/corigliano-rossano-a-capodanno-festa-in-piazza-con-coez\/#breadcrumb\",\"itemListElement\":[{\"@type\":\"ListItem\",\"position\":1,\"name\":\"Home\",\"item\":\"https:\/\/progettotouring.it\/radiotouring104\/\"},{\"@type\":\"ListItem\",\"position\":2,\"name\":\"Corigliano Rossano: a Capodanno festa in piazza con Coez\"}]},{\"@type\":\"WebSite\",\"@id\":\"https:\/\/progettotouring.it\/radiotouring104\/#website\",\"url\":\"https:\/\/progettotouring.it\/radiotouring104\/\",\"name\":\"Radio Touring 104\",\"description\":\"La prima radio Reggina\",\"publisher\":{\"@id\":\"https:\/\/progettotouring.it\/radiotouring104\/#organization\"},\"potentialAction\":[{\"@type\":\"SearchAction\",\"target\":{\"@type\":\"EntryPoint\",\"urlTemplate\":\"https:\/\/progettotouring.it\/radiotouring104\/?s={search_term_string}\"},\"query-input\":{\"@type\":\"PropertyValueSpecification\",\"valueRequired\":true,\"valueName\":\"search_term_string\"}}],\"inLanguage\":\"it-IT\"},{\"@type\":\"Organization\",\"@id\":\"https:\/\/progettotouring.it\/radiotouring104\/#organization\",\"name\":\"Radio Touring 104\",\"url\":\"https:\/\/progettotouring.it\/radiotouring104\/\",\"logo\":{\"@type\":\"ImageObject\",\"inLanguage\":\"it-IT\",\"@id\":\"https:\/\/progettotouring.it\/radiotouring104\/#\/schema\/logo\/image\/\",\"url\":\"https:\/\/progettotouring.it\/radiotouring104\/wp-content\/uploads\/sites\/6\/2022\/02\/cropped-logo-radio-touring-104.png\",\"contentUrl\":\"https:\/\/progettotouring.it\/radiotouring104\/wp-content\/uploads\/sites\/6\/2022\/02\/cropped-logo-radio-touring-104.png\",\"width\":377,\"height\":182,\"caption\":\"Radio Touring 104\"},\"image\":{\"@id\":\"https:\/\/progettotouring.it\/radiotouring104\/#\/schema\/logo\/image\/\"}},{\"@type\":\"Person\",\"@id\":\"https:\/\/progettotouring.it\/radiotouring104\/#\/schema\/person\/8458ed437f4094f881aab8e4cc572684\",\"name\":\"Helena Pedone\",\"image\":{\"@type\":\"ImageObject\",\"inLanguage\":\"it-IT\",\"@id\":\"https:\/\/secure.gravatar.com\/avatar\/95a63adf316f90175b68113b4b895a96641be06395ffeef88fea6178b30027d9?s=96&d=mm&r=g\",\"url\":\"https:\/\/secure.gravatar.com\/avatar\/95a63adf316f90175b68113b4b895a96641be06395ffeef88fea6178b30027d9?s=96&d=mm&r=g\",\"contentUrl\":\"https:\/\/secure.gravatar.com\/avatar\/95a63adf316f90175b68113b4b895a96641be06395ffeef88fea6178b30027d9?s=96&d=mm&r=g\",\"caption\":\"Helena Pedone\"},\"url\":\"https:\/\/progettotouring.it\/radiotouring104\/author\/helena\/\"}]}<\/script>\n<!-- \/ Yoast SEO plugin. -->","yoast_head_json":{"title":"Corigliano Rossano: a Capodanno festa in piazza con Coez","description":"Entusiasta il sindaco Flavio Stasi che trova i festeggiamenti all'aperto per il nuovo anno tra i pi\u00f9 democratici","robots":{"index":"index","follow":"follow","max-snippet":"max-snippet:-1","max-image-preview":"max-image-preview:large","max-video-preview":"max-video-preview:-1"},"canonical":"https:\/\/progettotouring.it\/radiotouring104\/2022\/12\/28\/corigliano-rossano-a-capodanno-festa-in-piazza-con-coez\/","og_locale":"it_IT","og_type":"article","og_title":"Corigliano Rossano: a Capodanno festa in piazza con Coez","og_description":"Entusiasta il sindaco Flavio Stasi che trova i festeggiamenti all'aperto per il nuovo anno tra i pi\u00f9 democratici","og_url":"https:\/\/progettotouring.it\/radiotouring104\/2022\/12\/28\/corigliano-rossano-a-capodanno-festa-in-piazza-con-coez\/","og_site_name":"Radio Touring 104","article_published_time":"2022-12-28T12:03:26+00:00","article_modified_time":"2022-12-28T12:22:33+00:00","og_image":[{"width":380,"height":247,"url":"https:\/\/progettotouring.it\/radiotouring104\/wp-content\/uploads\/sites\/6\/2022\/12\/Coez-1.jpg","type":"image\/jpeg"}],"author":"Helena Pedone","twitter_card":"summary_large_image","twitter_misc":{"Scritto da":"Helena Pedone","Tempo di lettura stimato":"2 minuti"},"schema":{"@context":"https:\/\/schema.org","@graph":[{"@type":"Article","@id":"https:\/\/progettotouring.it\/radiotouring104\/2022\/12\/28\/corigliano-rossano-a-capodanno-festa-in-piazza-con-coez\/#article","isPartOf":{"@id":"https:\/\/progettotouring.it\/radiotouring104\/2022\/12\/28\/corigliano-rossano-a-capodanno-festa-in-piazza-con-coez\/"},"author":{"name":"Helena Pedone","@id":"https:\/\/progettotouring.it\/radiotouring104\/#\/schema\/person\/8458ed437f4094f881aab8e4cc572684"},"headline":"Corigliano Rossano: a Capodanno festa in piazza con Coez","datePublished":"2022-12-28T12:03:26+00:00","dateModified":"2022-12-28T12:22:33+00:00","mainEntityOfPage":{"@id":"https:\/\/progettotouring.it\/radiotouring104\/2022\/12\/28\/corigliano-rossano-a-capodanno-festa-in-piazza-con-coez\/"},"wordCount":417,"commentCount":0,"publisher":{"@id":"https:\/\/progettotouring.it\/radiotouring104\/#organization"},"image":{"@id":"https:\/\/progettotouring.it\/radiotouring104\/2022\/12\/28\/corigliano-rossano-a-capodanno-festa-in-piazza-con-coez\/#primaryimage"},"thumbnailUrl":"https:\/\/progettotouring.it\/radiotouring104\/wp-content\/uploads\/sites\/6\/2022\/12\/Coez-1.jpg","keywords":["Coez","Concerto di Capodanno","Corigliano Rossano"],"articleSection":["Calabria","Home","News"],"inLanguage":"it-IT","potentialAction":[{"@type":"CommentAction","name":"Comment","target":["https:\/\/progettotouring.it\/radiotouring104\/2022\/12\/28\/corigliano-rossano-a-capodanno-festa-in-piazza-con-coez\/#respond"]}]},{"@type":"WebPage","@id":"https:\/\/progettotouring.it\/radiotouring104\/2022\/12\/28\/corigliano-rossano-a-capodanno-festa-in-piazza-con-coez\/","url":"https:\/\/progettotouring.it\/radiotouring104\/2022\/12\/28\/corigliano-rossano-a-capodanno-festa-in-piazza-con-coez\/","name":"Corigliano Rossano: a Capodanno festa in piazza con Coez","isPartOf":{"@id":"https:\/\/progettotouring.it\/radiotouring104\/#website"},"primaryImageOfPage":{"@id":"https:\/\/progettotouring.it\/radiotouring104\/2022\/12\/28\/corigliano-rossano-a-capodanno-festa-in-piazza-con-coez\/#primaryimage"},"image":{"@id":"https:\/\/progettotouring.it\/radiotouring104\/2022\/12\/28\/corigliano-rossano-a-capodanno-festa-in-piazza-con-coez\/#primaryimage"},"thumbnailUrl":"https:\/\/progettotouring.it\/radiotouring104\/wp-content\/uploads\/sites\/6\/2022\/12\/Coez-1.jpg","datePublished":"2022-12-28T12:03:26+00:00","dateModified":"2022-12-28T12:22:33+00:00","description":"Entusiasta il sindaco Flavio Stasi che trova i festeggiamenti all'aperto per il nuovo anno tra i pi\u00f9 democratici","breadcrumb":{"@id":"https:\/\/progettotouring.it\/radiotouring104\/2022\/12\/28\/corigliano-rossano-a-capodanno-festa-in-piazza-con-coez\/#breadcrumb"},"inLanguage":"it-IT","potentialAction":[{"@type":"ReadAction","target":["https:\/\/progettotouring.it\/radiotouring104\/2022\/12\/28\/corigliano-rossano-a-capodanno-festa-in-piazza-con-coez\/"]}]},{"@type":"ImageObject","inLanguage":"it-IT","@id":"https:\/\/progettotouring.it\/radiotouring104\/2022\/12\/28\/corigliano-rossano-a-capodanno-festa-in-piazza-con-coez\/#primaryimage","url":"https:\/\/progettotouring.it\/radiotouring104\/wp-content\/uploads\/sites\/6\/2022\/12\/Coez-1.jpg","contentUrl":"https:\/\/progettotouring.it\/radiotouring104\/wp-content\/uploads\/sites\/6\/2022\/12\/Coez-1.jpg","width":380,"height":247},{"@type":"BreadcrumbList","@id":"https:\/\/progettotouring.it\/radiotouring104\/2022\/12\/28\/corigliano-rossano-a-capodanno-festa-in-piazza-con-coez\/#breadcrumb","itemListElement":[{"@type":"ListItem","position":1,"name":"Home","item":"https:\/\/progettotouring.it\/radiotouring104\/"},{"@type":"ListItem","position":2,"name":"Corigliano Rossano: a Capodanno festa in piazza con Coez"}]},{"@type":"WebSite","@id":"https:\/\/progettotouring.it\/radiotouring104\/#website","url":"https:\/\/progettotouring.it\/radiotouring104\/","name":"Radio Touring 104","description":"La prima radio Reggina","publisher":{"@id":"https:\/\/progettotouring.it\/radiotouring104\/#organization"},"potentialAction":[{"@type":"SearchAction","target":{"@type":"EntryPoint","urlTemplate":"https:\/\/progettotouring.it\/radiotouring104\/?s={search_term_string}"},"query-input":{"@type":"PropertyValueSpecification","valueRequired":true,"valueName":"search_term_string"}}],"inLanguage":"it-IT"},{"@type":"Organization","@id":"https:\/\/progettotouring.it\/radiotouring104\/#organization","name":"Radio Touring 104","url":"https:\/\/progettotouring.it\/radiotouring104\/","logo":{"@type":"ImageObject","inLanguage":"it-IT","@id":"https:\/\/progettotouring.it\/radiotouring104\/#\/schema\/logo\/image\/","url":"https:\/\/progettotouring.it\/radiotouring104\/wp-content\/uploads\/sites\/6\/2022\/02\/cropped-logo-radio-touring-104.png","contentUrl":"https:\/\/progettotouring.it\/radiotouring104\/wp-content\/uploads\/sites\/6\/2022\/02\/cropped-logo-radio-touring-104.png","width":377,"height":182,"caption":"Radio Touring 104"},"image":{"@id":"https:\/\/progettotouring.it\/radiotouring104\/#\/schema\/logo\/image\/"}},{"@type":"Person","@id":"https:\/\/progettotouring.it\/radiotouring104\/#\/schema\/person\/8458ed437f4094f881aab8e4cc572684","name":"Helena Pedone","image":{"@type":"ImageObject","inLanguage":"it-IT","@id":"https:\/\/secure.gravatar.com\/avatar\/95a63adf316f90175b68113b4b895a96641be06395ffeef88fea6178b30027d9?s=96&d=mm&r=g","url":"https:\/\/secure.gravatar.com\/avatar\/95a63adf316f90175b68113b4b895a96641be06395ffeef88fea6178b30027d9?s=96&d=mm&r=g","contentUrl":"https:\/\/secure.gravatar.com\/avatar\/95a63adf316f90175b68113b4b895a96641be06395ffeef88fea6178b30027d9?s=96&d=mm&r=g","caption":"Helena Pedone"},"url":"https:\/\/progettotouring.it\/radiotouring104\/author\/helena\/"}]}},"jetpack_publicize_connections":[],"jetpack_featured_media_url":"https:\/\/progettotouring.it\/radiotouring104\/wp-content\/uploads\/sites\/6\/2022\/12\/Coez-1.jpg","jetpack_sharing_enabled":true,"_links":{"self":[{"href":"https:\/\/progettotouring.it\/radiotouring104\/wp-json\/wp\/v2\/posts\/15709","targetHints":{"allow":["GET"]}}],"collection":[{"href":"https:\/\/progettotouring.it\/radiotouring104\/wp-json\/wp\/v2\/posts"}],"about":[{"href":"https:\/\/progettotouring.it\/radiotouring104\/wp-json\/wp\/v2\/types\/post"}],"author":[{"embeddable":true,"href":"https:\/\/progettotouring.it\/radiotouring104\/wp-json\/wp\/v2\/users\/13"}],"replies":[{"embeddable":true,"href":"https:\/\/progettotouring.it\/radiotouring104\/wp-json\/wp\/v2\/comments?post=15709"}],"version-history":[{"count":1,"href":"https:\/\/progettotouring.it\/radiotouring104\/wp-json\/wp\/v2\/posts\/15709\/revisions"}],"predecessor-version":[{"id":15711,"href":"https:\/\/progettotouring.it\/radiotouring104\/wp-json\/wp\/v2\/posts\/15709\/revisions\/15711"}],"wp:featuredmedia":[{"embeddable":true,"href":"https:\/\/progettotouring.it\/radiotouring104\/wp-json\/wp\/v2\/media\/15724"}],"wp:attachment":[{"href":"https:\/\/progettotouring.it\/radiotouring104\/wp-json\/wp\/v2\/media?parent=15709"}],"wp:term":[{"taxonomy":"category","embeddable":true,"href":"https:\/\/progettotouring.it\/radiotouring104\/wp-json\/wp\/v2\/categories?post=15709"},{"taxonomy":"post_tag","embeddable":true,"href":"https:\/\/progettotouring.it\/radiotouring104\/wp-json\/wp\/v2\/tags?post=15709"}],"curies":[{"name":"wp","href":"https:\/\/api.w.org\/{rel}","templated":true}]}}