{"id":15731,"date":"2022-12-28T15:00:35","date_gmt":"2022-12-28T14:00:35","guid":{"rendered":"https:\/\/progettotouring.it\/radiotouring104\/?p=15731"},"modified":"2022-12-28T15:00:35","modified_gmt":"2022-12-28T14:00:35","slug":"reggio-gran-concerto-di-capodanno-al-teatro-cilea","status":"publish","type":"post","link":"https:\/\/progettotouring.it\/radiotouring104\/2022\/12\/28\/reggio-gran-concerto-di-capodanno-al-teatro-cilea\/","title":{"rendered":"Reggio: &#8220;Gran Concerto di Capodanno&#8221; al Teatro Cilea"},"content":{"rendered":"<p>\u00c9 stato presentato nella Sala Biblioteca di Palazzo Alvaro il \u201cGran Concerto di capodanno\u201d organizzato dalla Citt\u00e0 Metropolitana. Sul palco del teatro \u201cFrancesco Cilea\u201d, il primo gennaio alle ore 18:00, spazio alla grande lirica e alla musica classica con l\u2019Orchestra e il Coro \u201cCilea\u201d che, diretti dai maestri Alessandro e Bruno Tirotta, accompagneranno le soprano Marily Santoro, Aurora Tirotta ed il tenore Valerio Borgioni su musiche di Strauss, Brahms, Rossini, Verdi, Puccini e Lehar.<\/p>\n<p>Nel corso di una conferenza stampa, nella sala \u201cTrisolini\u201d di Palazzo Alvaro, il consigliere metropolitano delegato alla Cultura, Filippo Quartuccio, si \u00e8 detto \u00abparticolarmente entusiasta\u00bb per un evento, a ingresso libero, che vuole coinvolgere l\u2019intera citt\u00e0. \u00abTorna, grazie all\u2019impegno della Citt\u00e0 Metropolitana e alla collaborazione del Comune \u2013 ha detto Quartuccio \u2013 un momento di forte intensit\u00e0 culturale, realizzato dalla societ\u00e0 cooperativa Orchestra \u201cCilea\u201d e dal Coro lirico che mettono a disposizione del territorio professionisti della nostra citt\u00e0 che, nel corso di questi anni, si sono distinti per seriet\u00e0, laboriosit\u00e0 e professionalit\u00e0 conquistando palcoscenici internazionali e contribuendo a diffondere un\u2019immagine positiva del nostro comprensorio\u00bb. \u00abCertamente \u2013 ha aggiunto \u2013 \u00e8 un onore per noi donare alla citt\u00e0 uno spettacolo di spessore che segna l\u2019inizio del nuovo anno quale augurio di buon principio riflettendo sull\u2019importanza della musica lirica\u00bb.<\/p>\n<p>Per il direttore dell\u2019Orchestra \u201cFrancesco Cilea\u201d, Alessandro Tirotta, si tratta di un \u00abgradito ritorno dopo lo splendido \u201cConcerto di Capodanno del 2020\u201d, frutto dell\u2019intuizione del sindaco Giuseppe Falcomat\u00e0, che avuto un\u2019eco importantissima\u00bb. L\u2019evento, dunque, si riaffaccia sul palco del \u201cCilea\u201d dopo lo stop forzato dovuto alla pandemia: \u00abOggi ripartiamo e lo facciamo con una musica lirica ed una musica classica di caratura internazionale che ci permettono di rilanciare il nostro bellissimo teatro, invidiato da chiunque abbia avuto il piacere e l\u2019onore di conoscerlo esibendosi. Dunque, dobbiamo portare Reggio Calabria ad avere quello che si merita e la Citt\u00e0 Metropolitana, in questo senso, continua ad offrire gli input necessari a progredire\u00bb.<\/p>\n<p>Nel ringraziare l\u2019Ente e l\u2019amministrazione guidata dal sindaco facente funzioni, Carmelo Versace, per \u00abla sensibilit\u00e0 rinnovata nel dimostrare intelligenza e apertura ad un\u2019arte internazionale che mette a paragone ogni citt\u00e0\u00bb, il direttore Tirotta ha manifestato particolare felicit\u00e0 per \u00abuna ripresa culturale che mette in luce bravissimi cantanti reggini che hanno maturato esperienze internazionali importanti e prestigiose come Marily Santoro e Aurora Tirotta\u00bb. \u00abIn questo contesto \u2013 ha affermato ancora \u2013 si inserisce la maestria di Valerio Borgioni, romano d\u2019origine ed uno dei tenori pi\u00f9 in vista fra quelli della nuova generazione. Siamo contentissimi di riaverlo per un concerto che avr\u00e0 un taglio pi\u00f9 popolare\u00bb.<\/p>\n<p>\u00abVogliamo ripartire dal fascino indiscusso dei cori Verdiani e dalle pagine Pucciniane \u2013 ha concluso \u2013 per dare spazio, infine, ai noti valzer viennesi in un programma molto affascinante e capace di coinvolgere il pubblico in un pomeriggio di inizio anno da vivere con intensit\u00e0, trasporto, passione e partecipazione\u00bb.<\/p>\n<div><\/div>\n","protected":false},"excerpt":{"rendered":"<p>\u00c9 stato presentato nella Sala Biblioteca di Palazzo Alvaro il \u201cGran Concerto di capodanno\u201d organizzato dalla Citt\u00e0 Metropolitana. Sul palco del teatro \u201cFrancesco Cilea\u201d, il primo gennaio alle ore 18:00,&hellip;<\/p>\n","protected":false},"author":13,"featured_media":15733,"comment_status":"open","ping_status":"open","sticky":false,"template":"","format":"standard","meta":{"_jetpack_memberships_contains_paid_content":false,"footnotes":"","jetpack_publicize_message":"","jetpack_publicize_feature_enabled":true,"jetpack_social_post_already_shared":false,"jetpack_social_options":{"image_generator_settings":{"template":"highway","default_image_id":0,"font":"","enabled":false},"version":2}},"categories":[921,196,140],"tags":[7805,236,273],"class_list":["post-15731","post","type-post","status-publish","format-standard","has-post-thumbnail","hentry","category-home","category-news","category-reggio-calabria","tag-gran-concerto-di-capodanno","tag-reggio-calabria","tag-teatro-cilea"],"yoast_head":"<!-- This site is optimized with the Yoast SEO plugin v27.2 - https:\/\/yoast.com\/product\/yoast-seo-wordpress\/ -->\n<title>Reggio: &quot;Gran Concerto di Capodanno&quot; al Teatro Cilea<\/title>\n<meta name=\"description\" content=\"Presentato a Palazzo Alvaro il primo evento del 2023: l&#039;anno nuovo esordisce con la lirica\" \/>\n<meta name=\"robots\" content=\"index, follow, max-snippet:-1, max-image-preview:large, max-video-preview:-1\" \/>\n<link rel=\"canonical\" href=\"https:\/\/progettotouring.it\/radiotouring104\/2022\/12\/28\/reggio-gran-concerto-di-capodanno-al-teatro-cilea\/\" \/>\n<meta property=\"og:locale\" content=\"it_IT\" \/>\n<meta property=\"og:type\" content=\"article\" \/>\n<meta property=\"og:title\" content=\"Reggio: &quot;Gran Concerto di Capodanno&quot; al Teatro Cilea\" \/>\n<meta property=\"og:description\" content=\"Presentato a Palazzo Alvaro il primo evento del 2023: l&#039;anno nuovo esordisce con la lirica\" \/>\n<meta property=\"og:url\" content=\"https:\/\/progettotouring.it\/radiotouring104\/2022\/12\/28\/reggio-gran-concerto-di-capodanno-al-teatro-cilea\/\" \/>\n<meta property=\"og:site_name\" content=\"Radio Touring 104\" \/>\n<meta property=\"article:published_time\" content=\"2022-12-28T14:00:35+00:00\" \/>\n<meta property=\"og:image\" content=\"https:\/\/progettotouring.it\/radiotouring104\/wp-content\/uploads\/sites\/6\/2022\/12\/Presentazione-Concerto-Capodanno-1.jpeg\" \/>\n\t<meta property=\"og:image:width\" content=\"642\" \/>\n\t<meta property=\"og:image:height\" content=\"333\" \/>\n\t<meta property=\"og:image:type\" content=\"image\/jpeg\" \/>\n<meta name=\"author\" content=\"Helena Pedone\" \/>\n<meta name=\"twitter:card\" content=\"summary_large_image\" \/>\n<meta name=\"twitter:label1\" content=\"Scritto da\" \/>\n\t<meta name=\"twitter:data1\" content=\"Helena Pedone\" \/>\n\t<meta name=\"twitter:label2\" content=\"Tempo di lettura stimato\" \/>\n\t<meta name=\"twitter:data2\" content=\"2 minuti\" \/>\n<script type=\"application\/ld+json\" class=\"yoast-schema-graph\">{\"@context\":\"https:\/\/schema.org\",\"@graph\":[{\"@type\":\"Article\",\"@id\":\"https:\/\/progettotouring.it\/radiotouring104\/2022\/12\/28\/reggio-gran-concerto-di-capodanno-al-teatro-cilea\/#article\",\"isPartOf\":{\"@id\":\"https:\/\/progettotouring.it\/radiotouring104\/2022\/12\/28\/reggio-gran-concerto-di-capodanno-al-teatro-cilea\/\"},\"author\":{\"name\":\"Helena Pedone\",\"@id\":\"https:\/\/progettotouring.it\/radiotouring104\/#\/schema\/person\/8458ed437f4094f881aab8e4cc572684\"},\"headline\":\"Reggio: &#8220;Gran Concerto di Capodanno&#8221; al Teatro Cilea\",\"datePublished\":\"2022-12-28T14:00:35+00:00\",\"mainEntityOfPage\":{\"@id\":\"https:\/\/progettotouring.it\/radiotouring104\/2022\/12\/28\/reggio-gran-concerto-di-capodanno-al-teatro-cilea\/\"},\"wordCount\":484,\"commentCount\":0,\"publisher\":{\"@id\":\"https:\/\/progettotouring.it\/radiotouring104\/#organization\"},\"image\":{\"@id\":\"https:\/\/progettotouring.it\/radiotouring104\/2022\/12\/28\/reggio-gran-concerto-di-capodanno-al-teatro-cilea\/#primaryimage\"},\"thumbnailUrl\":\"https:\/\/progettotouring.it\/radiotouring104\/wp-content\/uploads\/sites\/6\/2022\/12\/Presentazione-Concerto-Capodanno-1.jpeg\",\"keywords\":[\"Gran Concerto di Capodanno\",\"reggio calabria\",\"Teatro Cilea\"],\"articleSection\":[\"Home\",\"News\",\"Reggio Calabria\"],\"inLanguage\":\"it-IT\",\"potentialAction\":[{\"@type\":\"CommentAction\",\"name\":\"Comment\",\"target\":[\"https:\/\/progettotouring.it\/radiotouring104\/2022\/12\/28\/reggio-gran-concerto-di-capodanno-al-teatro-cilea\/#respond\"]}]},{\"@type\":\"WebPage\",\"@id\":\"https:\/\/progettotouring.it\/radiotouring104\/2022\/12\/28\/reggio-gran-concerto-di-capodanno-al-teatro-cilea\/\",\"url\":\"https:\/\/progettotouring.it\/radiotouring104\/2022\/12\/28\/reggio-gran-concerto-di-capodanno-al-teatro-cilea\/\",\"name\":\"Reggio: \\\"Gran Concerto di Capodanno\\\" al Teatro Cilea\",\"isPartOf\":{\"@id\":\"https:\/\/progettotouring.it\/radiotouring104\/#website\"},\"primaryImageOfPage\":{\"@id\":\"https:\/\/progettotouring.it\/radiotouring104\/2022\/12\/28\/reggio-gran-concerto-di-capodanno-al-teatro-cilea\/#primaryimage\"},\"image\":{\"@id\":\"https:\/\/progettotouring.it\/radiotouring104\/2022\/12\/28\/reggio-gran-concerto-di-capodanno-al-teatro-cilea\/#primaryimage\"},\"thumbnailUrl\":\"https:\/\/progettotouring.it\/radiotouring104\/wp-content\/uploads\/sites\/6\/2022\/12\/Presentazione-Concerto-Capodanno-1.jpeg\",\"datePublished\":\"2022-12-28T14:00:35+00:00\",\"description\":\"Presentato a Palazzo Alvaro il primo evento del 2023: l'anno nuovo esordisce con la lirica\",\"breadcrumb\":{\"@id\":\"https:\/\/progettotouring.it\/radiotouring104\/2022\/12\/28\/reggio-gran-concerto-di-capodanno-al-teatro-cilea\/#breadcrumb\"},\"inLanguage\":\"it-IT\",\"potentialAction\":[{\"@type\":\"ReadAction\",\"target\":[\"https:\/\/progettotouring.it\/radiotouring104\/2022\/12\/28\/reggio-gran-concerto-di-capodanno-al-teatro-cilea\/\"]}]},{\"@type\":\"ImageObject\",\"inLanguage\":\"it-IT\",\"@id\":\"https:\/\/progettotouring.it\/radiotouring104\/2022\/12\/28\/reggio-gran-concerto-di-capodanno-al-teatro-cilea\/#primaryimage\",\"url\":\"https:\/\/progettotouring.it\/radiotouring104\/wp-content\/uploads\/sites\/6\/2022\/12\/Presentazione-Concerto-Capodanno-1.jpeg\",\"contentUrl\":\"https:\/\/progettotouring.it\/radiotouring104\/wp-content\/uploads\/sites\/6\/2022\/12\/Presentazione-Concerto-Capodanno-1.jpeg\",\"width\":642,\"height\":333},{\"@type\":\"BreadcrumbList\",\"@id\":\"https:\/\/progettotouring.it\/radiotouring104\/2022\/12\/28\/reggio-gran-concerto-di-capodanno-al-teatro-cilea\/#breadcrumb\",\"itemListElement\":[{\"@type\":\"ListItem\",\"position\":1,\"name\":\"Home\",\"item\":\"https:\/\/progettotouring.it\/radiotouring104\/\"},{\"@type\":\"ListItem\",\"position\":2,\"name\":\"Reggio: &#8220;Gran Concerto di Capodanno&#8221; al Teatro Cilea\"}]},{\"@type\":\"WebSite\",\"@id\":\"https:\/\/progettotouring.it\/radiotouring104\/#website\",\"url\":\"https:\/\/progettotouring.it\/radiotouring104\/\",\"name\":\"Radio Touring 104\",\"description\":\"La prima radio Reggina\",\"publisher\":{\"@id\":\"https:\/\/progettotouring.it\/radiotouring104\/#organization\"},\"potentialAction\":[{\"@type\":\"SearchAction\",\"target\":{\"@type\":\"EntryPoint\",\"urlTemplate\":\"https:\/\/progettotouring.it\/radiotouring104\/?s={search_term_string}\"},\"query-input\":{\"@type\":\"PropertyValueSpecification\",\"valueRequired\":true,\"valueName\":\"search_term_string\"}}],\"inLanguage\":\"it-IT\"},{\"@type\":\"Organization\",\"@id\":\"https:\/\/progettotouring.it\/radiotouring104\/#organization\",\"name\":\"Radio Touring 104\",\"url\":\"https:\/\/progettotouring.it\/radiotouring104\/\",\"logo\":{\"@type\":\"ImageObject\",\"inLanguage\":\"it-IT\",\"@id\":\"https:\/\/progettotouring.it\/radiotouring104\/#\/schema\/logo\/image\/\",\"url\":\"https:\/\/progettotouring.it\/radiotouring104\/wp-content\/uploads\/sites\/6\/2022\/02\/cropped-logo-radio-touring-104.png\",\"contentUrl\":\"https:\/\/progettotouring.it\/radiotouring104\/wp-content\/uploads\/sites\/6\/2022\/02\/cropped-logo-radio-touring-104.png\",\"width\":377,\"height\":182,\"caption\":\"Radio Touring 104\"},\"image\":{\"@id\":\"https:\/\/progettotouring.it\/radiotouring104\/#\/schema\/logo\/image\/\"}},{\"@type\":\"Person\",\"@id\":\"https:\/\/progettotouring.it\/radiotouring104\/#\/schema\/person\/8458ed437f4094f881aab8e4cc572684\",\"name\":\"Helena Pedone\",\"image\":{\"@type\":\"ImageObject\",\"inLanguage\":\"it-IT\",\"@id\":\"https:\/\/secure.gravatar.com\/avatar\/95a63adf316f90175b68113b4b895a96641be06395ffeef88fea6178b30027d9?s=96&d=mm&r=g\",\"url\":\"https:\/\/secure.gravatar.com\/avatar\/95a63adf316f90175b68113b4b895a96641be06395ffeef88fea6178b30027d9?s=96&d=mm&r=g\",\"contentUrl\":\"https:\/\/secure.gravatar.com\/avatar\/95a63adf316f90175b68113b4b895a96641be06395ffeef88fea6178b30027d9?s=96&d=mm&r=g\",\"caption\":\"Helena Pedone\"},\"url\":\"https:\/\/progettotouring.it\/radiotouring104\/author\/helena\/\"}]}<\/script>\n<!-- \/ Yoast SEO plugin. -->","yoast_head_json":{"title":"Reggio: \"Gran Concerto di Capodanno\" al Teatro Cilea","description":"Presentato a Palazzo Alvaro il primo evento del 2023: l'anno nuovo esordisce con la lirica","robots":{"index":"index","follow":"follow","max-snippet":"max-snippet:-1","max-image-preview":"max-image-preview:large","max-video-preview":"max-video-preview:-1"},"canonical":"https:\/\/progettotouring.it\/radiotouring104\/2022\/12\/28\/reggio-gran-concerto-di-capodanno-al-teatro-cilea\/","og_locale":"it_IT","og_type":"article","og_title":"Reggio: \"Gran Concerto di Capodanno\" al Teatro Cilea","og_description":"Presentato a Palazzo Alvaro il primo evento del 2023: l'anno nuovo esordisce con la lirica","og_url":"https:\/\/progettotouring.it\/radiotouring104\/2022\/12\/28\/reggio-gran-concerto-di-capodanno-al-teatro-cilea\/","og_site_name":"Radio Touring 104","article_published_time":"2022-12-28T14:00:35+00:00","og_image":[{"width":642,"height":333,"url":"https:\/\/progettotouring.it\/radiotouring104\/wp-content\/uploads\/sites\/6\/2022\/12\/Presentazione-Concerto-Capodanno-1.jpeg","type":"image\/jpeg"}],"author":"Helena Pedone","twitter_card":"summary_large_image","twitter_misc":{"Scritto da":"Helena Pedone","Tempo di lettura stimato":"2 minuti"},"schema":{"@context":"https:\/\/schema.org","@graph":[{"@type":"Article","@id":"https:\/\/progettotouring.it\/radiotouring104\/2022\/12\/28\/reggio-gran-concerto-di-capodanno-al-teatro-cilea\/#article","isPartOf":{"@id":"https:\/\/progettotouring.it\/radiotouring104\/2022\/12\/28\/reggio-gran-concerto-di-capodanno-al-teatro-cilea\/"},"author":{"name":"Helena Pedone","@id":"https:\/\/progettotouring.it\/radiotouring104\/#\/schema\/person\/8458ed437f4094f881aab8e4cc572684"},"headline":"Reggio: &#8220;Gran Concerto di Capodanno&#8221; al Teatro Cilea","datePublished":"2022-12-28T14:00:35+00:00","mainEntityOfPage":{"@id":"https:\/\/progettotouring.it\/radiotouring104\/2022\/12\/28\/reggio-gran-concerto-di-capodanno-al-teatro-cilea\/"},"wordCount":484,"commentCount":0,"publisher":{"@id":"https:\/\/progettotouring.it\/radiotouring104\/#organization"},"image":{"@id":"https:\/\/progettotouring.it\/radiotouring104\/2022\/12\/28\/reggio-gran-concerto-di-capodanno-al-teatro-cilea\/#primaryimage"},"thumbnailUrl":"https:\/\/progettotouring.it\/radiotouring104\/wp-content\/uploads\/sites\/6\/2022\/12\/Presentazione-Concerto-Capodanno-1.jpeg","keywords":["Gran Concerto di Capodanno","reggio calabria","Teatro Cilea"],"articleSection":["Home","News","Reggio Calabria"],"inLanguage":"it-IT","potentialAction":[{"@type":"CommentAction","name":"Comment","target":["https:\/\/progettotouring.it\/radiotouring104\/2022\/12\/28\/reggio-gran-concerto-di-capodanno-al-teatro-cilea\/#respond"]}]},{"@type":"WebPage","@id":"https:\/\/progettotouring.it\/radiotouring104\/2022\/12\/28\/reggio-gran-concerto-di-capodanno-al-teatro-cilea\/","url":"https:\/\/progettotouring.it\/radiotouring104\/2022\/12\/28\/reggio-gran-concerto-di-capodanno-al-teatro-cilea\/","name":"Reggio: \"Gran Concerto di Capodanno\" al Teatro Cilea","isPartOf":{"@id":"https:\/\/progettotouring.it\/radiotouring104\/#website"},"primaryImageOfPage":{"@id":"https:\/\/progettotouring.it\/radiotouring104\/2022\/12\/28\/reggio-gran-concerto-di-capodanno-al-teatro-cilea\/#primaryimage"},"image":{"@id":"https:\/\/progettotouring.it\/radiotouring104\/2022\/12\/28\/reggio-gran-concerto-di-capodanno-al-teatro-cilea\/#primaryimage"},"thumbnailUrl":"https:\/\/progettotouring.it\/radiotouring104\/wp-content\/uploads\/sites\/6\/2022\/12\/Presentazione-Concerto-Capodanno-1.jpeg","datePublished":"2022-12-28T14:00:35+00:00","description":"Presentato a Palazzo Alvaro il primo evento del 2023: l'anno nuovo esordisce con la lirica","breadcrumb":{"@id":"https:\/\/progettotouring.it\/radiotouring104\/2022\/12\/28\/reggio-gran-concerto-di-capodanno-al-teatro-cilea\/#breadcrumb"},"inLanguage":"it-IT","potentialAction":[{"@type":"ReadAction","target":["https:\/\/progettotouring.it\/radiotouring104\/2022\/12\/28\/reggio-gran-concerto-di-capodanno-al-teatro-cilea\/"]}]},{"@type":"ImageObject","inLanguage":"it-IT","@id":"https:\/\/progettotouring.it\/radiotouring104\/2022\/12\/28\/reggio-gran-concerto-di-capodanno-al-teatro-cilea\/#primaryimage","url":"https:\/\/progettotouring.it\/radiotouring104\/wp-content\/uploads\/sites\/6\/2022\/12\/Presentazione-Concerto-Capodanno-1.jpeg","contentUrl":"https:\/\/progettotouring.it\/radiotouring104\/wp-content\/uploads\/sites\/6\/2022\/12\/Presentazione-Concerto-Capodanno-1.jpeg","width":642,"height":333},{"@type":"BreadcrumbList","@id":"https:\/\/progettotouring.it\/radiotouring104\/2022\/12\/28\/reggio-gran-concerto-di-capodanno-al-teatro-cilea\/#breadcrumb","itemListElement":[{"@type":"ListItem","position":1,"name":"Home","item":"https:\/\/progettotouring.it\/radiotouring104\/"},{"@type":"ListItem","position":2,"name":"Reggio: &#8220;Gran Concerto di Capodanno&#8221; al Teatro Cilea"}]},{"@type":"WebSite","@id":"https:\/\/progettotouring.it\/radiotouring104\/#website","url":"https:\/\/progettotouring.it\/radiotouring104\/","name":"Radio Touring 104","description":"La prima radio Reggina","publisher":{"@id":"https:\/\/progettotouring.it\/radiotouring104\/#organization"},"potentialAction":[{"@type":"SearchAction","target":{"@type":"EntryPoint","urlTemplate":"https:\/\/progettotouring.it\/radiotouring104\/?s={search_term_string}"},"query-input":{"@type":"PropertyValueSpecification","valueRequired":true,"valueName":"search_term_string"}}],"inLanguage":"it-IT"},{"@type":"Organization","@id":"https:\/\/progettotouring.it\/radiotouring104\/#organization","name":"Radio Touring 104","url":"https:\/\/progettotouring.it\/radiotouring104\/","logo":{"@type":"ImageObject","inLanguage":"it-IT","@id":"https:\/\/progettotouring.it\/radiotouring104\/#\/schema\/logo\/image\/","url":"https:\/\/progettotouring.it\/radiotouring104\/wp-content\/uploads\/sites\/6\/2022\/02\/cropped-logo-radio-touring-104.png","contentUrl":"https:\/\/progettotouring.it\/radiotouring104\/wp-content\/uploads\/sites\/6\/2022\/02\/cropped-logo-radio-touring-104.png","width":377,"height":182,"caption":"Radio Touring 104"},"image":{"@id":"https:\/\/progettotouring.it\/radiotouring104\/#\/schema\/logo\/image\/"}},{"@type":"Person","@id":"https:\/\/progettotouring.it\/radiotouring104\/#\/schema\/person\/8458ed437f4094f881aab8e4cc572684","name":"Helena Pedone","image":{"@type":"ImageObject","inLanguage":"it-IT","@id":"https:\/\/secure.gravatar.com\/avatar\/95a63adf316f90175b68113b4b895a96641be06395ffeef88fea6178b30027d9?s=96&d=mm&r=g","url":"https:\/\/secure.gravatar.com\/avatar\/95a63adf316f90175b68113b4b895a96641be06395ffeef88fea6178b30027d9?s=96&d=mm&r=g","contentUrl":"https:\/\/secure.gravatar.com\/avatar\/95a63adf316f90175b68113b4b895a96641be06395ffeef88fea6178b30027d9?s=96&d=mm&r=g","caption":"Helena Pedone"},"url":"https:\/\/progettotouring.it\/radiotouring104\/author\/helena\/"}]}},"jetpack_publicize_connections":[],"jetpack_featured_media_url":"https:\/\/progettotouring.it\/radiotouring104\/wp-content\/uploads\/sites\/6\/2022\/12\/Presentazione-Concerto-Capodanno-1.jpeg","jetpack_sharing_enabled":true,"_links":{"self":[{"href":"https:\/\/progettotouring.it\/radiotouring104\/wp-json\/wp\/v2\/posts\/15731","targetHints":{"allow":["GET"]}}],"collection":[{"href":"https:\/\/progettotouring.it\/radiotouring104\/wp-json\/wp\/v2\/posts"}],"about":[{"href":"https:\/\/progettotouring.it\/radiotouring104\/wp-json\/wp\/v2\/types\/post"}],"author":[{"embeddable":true,"href":"https:\/\/progettotouring.it\/radiotouring104\/wp-json\/wp\/v2\/users\/13"}],"replies":[{"embeddable":true,"href":"https:\/\/progettotouring.it\/radiotouring104\/wp-json\/wp\/v2\/comments?post=15731"}],"version-history":[{"count":1,"href":"https:\/\/progettotouring.it\/radiotouring104\/wp-json\/wp\/v2\/posts\/15731\/revisions"}],"predecessor-version":[{"id":15734,"href":"https:\/\/progettotouring.it\/radiotouring104\/wp-json\/wp\/v2\/posts\/15731\/revisions\/15734"}],"wp:featuredmedia":[{"embeddable":true,"href":"https:\/\/progettotouring.it\/radiotouring104\/wp-json\/wp\/v2\/media\/15733"}],"wp:attachment":[{"href":"https:\/\/progettotouring.it\/radiotouring104\/wp-json\/wp\/v2\/media?parent=15731"}],"wp:term":[{"taxonomy":"category","embeddable":true,"href":"https:\/\/progettotouring.it\/radiotouring104\/wp-json\/wp\/v2\/categories?post=15731"},{"taxonomy":"post_tag","embeddable":true,"href":"https:\/\/progettotouring.it\/radiotouring104\/wp-json\/wp\/v2\/tags?post=15731"}],"curies":[{"name":"wp","href":"https:\/\/api.w.org\/{rel}","templated":true}]}}