{"id":15740,"date":"2022-12-29T09:40:14","date_gmt":"2022-12-29T08:40:14","guid":{"rendered":"https:\/\/progettotouring.it\/radiotouring104\/?p=15740"},"modified":"2022-12-29T09:40:14","modified_gmt":"2022-12-29T08:40:14","slug":"roccella-comune-conferisce-la-cittadinanza-onoraria-a-raoul-bova","status":"publish","type":"post","link":"https:\/\/progettotouring.it\/radiotouring104\/2022\/12\/29\/roccella-comune-conferisce-la-cittadinanza-onoraria-a-raoul-bova\/","title":{"rendered":"Roccella, Comune conferisce la cittadinanza onoraria a Raoul Bova"},"content":{"rendered":"<p>Nella seduta del 27 dicembre 2022, il Consiglio Comunale di Roccella Jonica ha approvato all\u2019unanimit\u00e0 il conferimento della cittadinanza onoraria a Raoul Bova, uno degli attori italiani pi\u00f9 bravi e affermati nel panorama cinematografico nazionale e internazionale, nato a Roma ma con origini calabresi da parte del padre.<\/p>\n<p>Come evidenziato durante la seduta dell\u2019assise municipale, \u201ci suoi esordi sono stati caratterizzati dal successo e dall\u2019apprezzamento della sua bellezza e della sua prestanza fisica. Doti certo importanti, ma che da sole costruiscono carriere effimere. La straordinaria carriera di Bova si \u00e8, invece, fondata su un duro lavoro di perfezionamento che ne ha affinato sempre di pi\u00f9 le innate doti di recitazione, portandolo ad essere oggi uno degli interpreti pi\u00f9 validi e apprezzati del cinema italiano e internazionale\u201d.<\/p>\n<p>Nell\u2019illustrare la proposta di conferimento del riconoscimento, il Sindaco Vittorio Zito ha rimarcato: \u201cNonostante il successo, Raoul ha sempre rappresentato pubblicamente la sua profonda umilt\u00e0 e l\u2019esercizio quotidiano dei sentimenti e dei valori su cui ha costruito il proprio percorso di crescita umana e professionale. Sentimenti e valori trasmessigli dai suoi genitori e consolidati dalla cura dei legami familiari e amicali che la fama non ha mai messo in dubbio e che, al contrario, Bova ha coltivato e difeso con forza da ogni possibile effetto negativo che un successo cos\u00ec imponente pu\u00f2 portare con s\u00e9\u201d.<\/p>\n<p>L\u2019attore, dal canto suo, non ha mai fatto mistero del suo profondo legame con Roccella. Un legame costruito dal suo indimenticato padre Pino Bova, che qui \u00e8 nato e vissuto prima di trasferirsi a Roma e che nella cittadina balneare calabrese ha portato la famiglia a trascorrere tutte le estati dell\u2019infanzia e dell\u2019adolescenza di Raoul.<\/p>\n<p>Sul legame dell\u2019artista con il comune jonico, basta ricordare un\u2019intervista di Maurizio Costanzo in occasione della quale, alla domanda: \u201cMa quando torni a Roccella Jonica che cosa provi?\u201d, Bova rispose: \u201cE\u2019 parte del mio sangue, \u00e8 la mia vita, sono i momenti migliori\u201d.\u00a0 Oppure il post pubblicato sul suo profilo social lo scorso luglio, a commento di una foto che lo ritraeva sulla spiaggia di Roccella assieme alla compagna Rocio Munoz Morales e ai figli, in cui l\u2019artista scrisse: \u201cNel luogo in cui sono cresciuto tutto ha un sapore pi\u00f9 dolce\u2026La famiglia \u00e8 la luce, il nascondiglio, la verit\u00e0\u201d. \u00a0E ancora, la sua profonda emozione quando fu ospite della trasmissione Rai \u201cCanzone Segreta\u201d durante la quale, ancora una volta, dichiar\u00f2 il suo profondo amore per la cittadina calabrese.<\/p>\n<p>\u201cRaoul Bova \u00e8 uno straordinario testimone della citt\u00e0 di Roccella e dei sentimenti che la animano\u201d, ha sottolineato il Sindaco Zito. \u201cStraordinario perch\u00e9 straordinariamente intenso ed autentico \u00e8 ci\u00f2 che egli prova per la nostra comunit\u00e0 e perch\u00e9 straordinari sono anche i palcoscenici mediatici sui quali egli non manca mai di parlare della nostra citt\u00e0, dando un contributo enorme alla costruzione e alla promozione della immagine di Roccella\u201d, ha proseguito.<\/p>\n<p>\u201cPer questi motivi &#8211; ha spiegato Zito &#8211; abbiamo ritenuto doveroso testimoniargli l\u2019affetto e la gratitudine che tutta la nostra cittadina prova nei suoi confronti, riconoscendogli la massima onorificenza prevista per chi, non essendo iscritto all\u2019anagrafe cittadina, si \u00e8 distinto per l\u2019esemplare affezione alla nostra comunit\u00e0 che ha testimoniato e testimonia con sincerit\u00e0 a tutto il Paese.<\/p>\n<p>\u201cSiamo certi &#8211; ha concluso il Primo Cittadino di Roccella &#8211; che Bova apprezzer\u00e0 questa volont\u00e0 unanime di dare contenuto ai sentimenti di affetto e gratitudine che egli ritrova ogni qual volta torna nel nostro comune. \u00a0Con lui concorderemo l\u2019organizzazione della cerimonia ufficiale di consegna della Cittadinanza onoraria che oggi il Consiglio Comunale ha deliberato\u201d.<\/p>\n<p>Dal canto suo, appena appresa la notizia, il popolare e apprezzato attore ha ringraziato il Sindaco e il Consiglio Comunale rilasciando la seguente dichiarazione: \u201cSono molto contento di questo riconoscimento. Mi ha fatto molto piacere perch\u00e9 per me Roccella rappresenta i miei ricordi, la mia educazione,\u00a0 l\u2019amore che nutro per quei posti, per la gente del luogo. Sono particolarmente felice perch\u00e9 pap\u00e0 era nato a Roccella e sono sicuro che gli far\u00e0 piacere questa cittadinanza. Sar\u00e0 in suo onore e in onore anche di mia mamma che sta lass\u00f9 assieme a lui.\u00a0 Ricevere questo riconoscimento\u00a0 sar\u00e0, quindi, un ulteriore\u00a0 motivo di gioia e soprattutto di affetto da parte di un paese che\u00a0 mi ha dato tanto e che continua a darmi tanto\u201d.<\/p>\n<p>&nbsp;<\/p>\n","protected":false},"excerpt":{"rendered":"<p>Nella seduta del 27 dicembre 2022, il Consiglio Comunale di Roccella Jonica ha approvato all\u2019unanimit\u00e0 il conferimento della cittadinanza onoraria a Raoul Bova, uno degli attori italiani pi\u00f9 bravi e&hellip;<\/p>\n","protected":false},"author":12,"featured_media":15746,"comment_status":"open","ping_status":"open","sticky":false,"template":"","format":"standard","meta":{"_jetpack_memberships_contains_paid_content":false,"footnotes":"","jetpack_publicize_message":"","jetpack_publicize_feature_enabled":true,"jetpack_social_post_already_shared":false,"jetpack_social_options":{"image_generator_settings":{"template":"highway","default_image_id":0,"font":"","enabled":false},"version":2}},"categories":[921,196,140],"tags":[7809,7808,2012,7810],"class_list":["post-15740","post","type-post","status-publish","format-standard","has-post-thumbnail","hentry","category-home","category-news","category-reggio-calabria","tag-cittadinanza-onoraria","tag-raoul-bova","tag-roccella-jonica","tag-sindaco-vittorio-zito"],"yoast_head":"<!-- This site is optimized with the Yoast SEO plugin v27.2 - https:\/\/yoast.com\/product\/yoast-seo-wordpress\/ -->\n<title>Roccella, Comune conferisce la cittadinanza onoraria a Raoul Bova<\/title>\n<meta name=\"description\" content=\"Il 27 dicembre il Consiglio Comunale di Roccella Jonica ha approvato all\u2019unanimit\u00e0 il conferimento della cittadinanza onoraria a Raoul Bova\" \/>\n<meta name=\"robots\" content=\"index, follow, max-snippet:-1, max-image-preview:large, max-video-preview:-1\" \/>\n<link rel=\"canonical\" href=\"https:\/\/progettotouring.it\/radiotouring104\/2022\/12\/29\/roccella-comune-conferisce-la-cittadinanza-onoraria-a-raoul-bova\/\" \/>\n<meta property=\"og:locale\" content=\"it_IT\" \/>\n<meta property=\"og:type\" content=\"article\" \/>\n<meta property=\"og:title\" content=\"Roccella, Comune conferisce la cittadinanza onoraria a Raoul Bova\" \/>\n<meta property=\"og:description\" content=\"Il 27 dicembre il Consiglio Comunale di Roccella Jonica ha approvato all\u2019unanimit\u00e0 il conferimento della cittadinanza onoraria a Raoul Bova\" \/>\n<meta property=\"og:url\" content=\"https:\/\/progettotouring.it\/radiotouring104\/2022\/12\/29\/roccella-comune-conferisce-la-cittadinanza-onoraria-a-raoul-bova\/\" \/>\n<meta property=\"og:site_name\" content=\"Radio Touring 104\" \/>\n<meta property=\"article:published_time\" content=\"2022-12-29T08:40:14+00:00\" \/>\n<meta property=\"og:image\" content=\"https:\/\/progettotouring.it\/radiotouring104\/wp-content\/uploads\/sites\/6\/2022\/12\/Raoul-Bova.jpg\" \/>\n\t<meta property=\"og:image:width\" content=\"2048\" \/>\n\t<meta property=\"og:image:height\" content=\"1364\" \/>\n\t<meta property=\"og:image:type\" content=\"image\/jpeg\" \/>\n<meta name=\"author\" content=\"Sebastiano Plutino\" \/>\n<meta name=\"twitter:card\" content=\"summary_large_image\" \/>\n<meta name=\"twitter:label1\" content=\"Scritto da\" \/>\n\t<meta name=\"twitter:data1\" content=\"Sebastiano Plutino\" \/>\n\t<meta name=\"twitter:label2\" content=\"Tempo di lettura stimato\" \/>\n\t<meta name=\"twitter:data2\" content=\"4 minuti\" \/>\n<script type=\"application\/ld+json\" class=\"yoast-schema-graph\">{\"@context\":\"https:\/\/schema.org\",\"@graph\":[{\"@type\":\"Article\",\"@id\":\"https:\/\/progettotouring.it\/radiotouring104\/2022\/12\/29\/roccella-comune-conferisce-la-cittadinanza-onoraria-a-raoul-bova\/#article\",\"isPartOf\":{\"@id\":\"https:\/\/progettotouring.it\/radiotouring104\/2022\/12\/29\/roccella-comune-conferisce-la-cittadinanza-onoraria-a-raoul-bova\/\"},\"author\":{\"name\":\"Sebastiano Plutino\",\"@id\":\"https:\/\/progettotouring.it\/radiotouring104\/#\/schema\/person\/78613917f1851f041f7483f5af1d422e\"},\"headline\":\"Roccella, Comune conferisce la cittadinanza onoraria a Raoul Bova\",\"datePublished\":\"2022-12-29T08:40:14+00:00\",\"mainEntityOfPage\":{\"@id\":\"https:\/\/progettotouring.it\/radiotouring104\/2022\/12\/29\/roccella-comune-conferisce-la-cittadinanza-onoraria-a-raoul-bova\/\"},\"wordCount\":726,\"commentCount\":0,\"publisher\":{\"@id\":\"https:\/\/progettotouring.it\/radiotouring104\/#organization\"},\"image\":{\"@id\":\"https:\/\/progettotouring.it\/radiotouring104\/2022\/12\/29\/roccella-comune-conferisce-la-cittadinanza-onoraria-a-raoul-bova\/#primaryimage\"},\"thumbnailUrl\":\"https:\/\/progettotouring.it\/radiotouring104\/wp-content\/uploads\/sites\/6\/2022\/12\/Raoul-Bova.jpg\",\"keywords\":[\"cittadinanza onoraria\",\"Raoul Bova\",\"roccella jonica\",\"Sindaco Vittorio Zito\"],\"articleSection\":[\"Home\",\"News\",\"Reggio Calabria\"],\"inLanguage\":\"it-IT\",\"potentialAction\":[{\"@type\":\"CommentAction\",\"name\":\"Comment\",\"target\":[\"https:\/\/progettotouring.it\/radiotouring104\/2022\/12\/29\/roccella-comune-conferisce-la-cittadinanza-onoraria-a-raoul-bova\/#respond\"]}]},{\"@type\":\"WebPage\",\"@id\":\"https:\/\/progettotouring.it\/radiotouring104\/2022\/12\/29\/roccella-comune-conferisce-la-cittadinanza-onoraria-a-raoul-bova\/\",\"url\":\"https:\/\/progettotouring.it\/radiotouring104\/2022\/12\/29\/roccella-comune-conferisce-la-cittadinanza-onoraria-a-raoul-bova\/\",\"name\":\"Roccella, Comune conferisce la cittadinanza onoraria a Raoul Bova\",\"isPartOf\":{\"@id\":\"https:\/\/progettotouring.it\/radiotouring104\/#website\"},\"primaryImageOfPage\":{\"@id\":\"https:\/\/progettotouring.it\/radiotouring104\/2022\/12\/29\/roccella-comune-conferisce-la-cittadinanza-onoraria-a-raoul-bova\/#primaryimage\"},\"image\":{\"@id\":\"https:\/\/progettotouring.it\/radiotouring104\/2022\/12\/29\/roccella-comune-conferisce-la-cittadinanza-onoraria-a-raoul-bova\/#primaryimage\"},\"thumbnailUrl\":\"https:\/\/progettotouring.it\/radiotouring104\/wp-content\/uploads\/sites\/6\/2022\/12\/Raoul-Bova.jpg\",\"datePublished\":\"2022-12-29T08:40:14+00:00\",\"description\":\"Il 27 dicembre il Consiglio Comunale di Roccella Jonica ha approvato all\u2019unanimit\u00e0 il conferimento della cittadinanza onoraria a Raoul Bova\",\"breadcrumb\":{\"@id\":\"https:\/\/progettotouring.it\/radiotouring104\/2022\/12\/29\/roccella-comune-conferisce-la-cittadinanza-onoraria-a-raoul-bova\/#breadcrumb\"},\"inLanguage\":\"it-IT\",\"potentialAction\":[{\"@type\":\"ReadAction\",\"target\":[\"https:\/\/progettotouring.it\/radiotouring104\/2022\/12\/29\/roccella-comune-conferisce-la-cittadinanza-onoraria-a-raoul-bova\/\"]}]},{\"@type\":\"ImageObject\",\"inLanguage\":\"it-IT\",\"@id\":\"https:\/\/progettotouring.it\/radiotouring104\/2022\/12\/29\/roccella-comune-conferisce-la-cittadinanza-onoraria-a-raoul-bova\/#primaryimage\",\"url\":\"https:\/\/progettotouring.it\/radiotouring104\/wp-content\/uploads\/sites\/6\/2022\/12\/Raoul-Bova.jpg\",\"contentUrl\":\"https:\/\/progettotouring.it\/radiotouring104\/wp-content\/uploads\/sites\/6\/2022\/12\/Raoul-Bova.jpg\",\"width\":2048,\"height\":1364},{\"@type\":\"BreadcrumbList\",\"@id\":\"https:\/\/progettotouring.it\/radiotouring104\/2022\/12\/29\/roccella-comune-conferisce-la-cittadinanza-onoraria-a-raoul-bova\/#breadcrumb\",\"itemListElement\":[{\"@type\":\"ListItem\",\"position\":1,\"name\":\"Home\",\"item\":\"https:\/\/progettotouring.it\/radiotouring104\/\"},{\"@type\":\"ListItem\",\"position\":2,\"name\":\"Roccella, Comune conferisce la cittadinanza onoraria a Raoul Bova\"}]},{\"@type\":\"WebSite\",\"@id\":\"https:\/\/progettotouring.it\/radiotouring104\/#website\",\"url\":\"https:\/\/progettotouring.it\/radiotouring104\/\",\"name\":\"Radio Touring 104\",\"description\":\"La prima radio Reggina\",\"publisher\":{\"@id\":\"https:\/\/progettotouring.it\/radiotouring104\/#organization\"},\"potentialAction\":[{\"@type\":\"SearchAction\",\"target\":{\"@type\":\"EntryPoint\",\"urlTemplate\":\"https:\/\/progettotouring.it\/radiotouring104\/?s={search_term_string}\"},\"query-input\":{\"@type\":\"PropertyValueSpecification\",\"valueRequired\":true,\"valueName\":\"search_term_string\"}}],\"inLanguage\":\"it-IT\"},{\"@type\":\"Organization\",\"@id\":\"https:\/\/progettotouring.it\/radiotouring104\/#organization\",\"name\":\"Radio Touring 104\",\"url\":\"https:\/\/progettotouring.it\/radiotouring104\/\",\"logo\":{\"@type\":\"ImageObject\",\"inLanguage\":\"it-IT\",\"@id\":\"https:\/\/progettotouring.it\/radiotouring104\/#\/schema\/logo\/image\/\",\"url\":\"https:\/\/progettotouring.it\/radiotouring104\/wp-content\/uploads\/sites\/6\/2022\/02\/cropped-logo-radio-touring-104.png\",\"contentUrl\":\"https:\/\/progettotouring.it\/radiotouring104\/wp-content\/uploads\/sites\/6\/2022\/02\/cropped-logo-radio-touring-104.png\",\"width\":377,\"height\":182,\"caption\":\"Radio Touring 104\"},\"image\":{\"@id\":\"https:\/\/progettotouring.it\/radiotouring104\/#\/schema\/logo\/image\/\"}},{\"@type\":\"Person\",\"@id\":\"https:\/\/progettotouring.it\/radiotouring104\/#\/schema\/person\/78613917f1851f041f7483f5af1d422e\",\"name\":\"Sebastiano Plutino\",\"image\":{\"@type\":\"ImageObject\",\"inLanguage\":\"it-IT\",\"@id\":\"https:\/\/secure.gravatar.com\/avatar\/0546ffaa9b79224faf9f2a156b67a529ae861d3287c66c1d8ccfdf909bcba78d?s=96&d=mm&r=g\",\"url\":\"https:\/\/secure.gravatar.com\/avatar\/0546ffaa9b79224faf9f2a156b67a529ae861d3287c66c1d8ccfdf909bcba78d?s=96&d=mm&r=g\",\"contentUrl\":\"https:\/\/secure.gravatar.com\/avatar\/0546ffaa9b79224faf9f2a156b67a529ae861d3287c66c1d8ccfdf909bcba78d?s=96&d=mm&r=g\",\"caption\":\"Sebastiano Plutino\"},\"url\":\"https:\/\/progettotouring.it\/radiotouring104\/author\/sebastiano\/\"}]}<\/script>\n<!-- \/ Yoast SEO plugin. -->","yoast_head_json":{"title":"Roccella, Comune conferisce la cittadinanza onoraria a Raoul Bova","description":"Il 27 dicembre il Consiglio Comunale di Roccella Jonica ha approvato all\u2019unanimit\u00e0 il conferimento della cittadinanza onoraria a Raoul Bova","robots":{"index":"index","follow":"follow","max-snippet":"max-snippet:-1","max-image-preview":"max-image-preview:large","max-video-preview":"max-video-preview:-1"},"canonical":"https:\/\/progettotouring.it\/radiotouring104\/2022\/12\/29\/roccella-comune-conferisce-la-cittadinanza-onoraria-a-raoul-bova\/","og_locale":"it_IT","og_type":"article","og_title":"Roccella, Comune conferisce la cittadinanza onoraria a Raoul Bova","og_description":"Il 27 dicembre il Consiglio Comunale di Roccella Jonica ha approvato all\u2019unanimit\u00e0 il conferimento della cittadinanza onoraria a Raoul Bova","og_url":"https:\/\/progettotouring.it\/radiotouring104\/2022\/12\/29\/roccella-comune-conferisce-la-cittadinanza-onoraria-a-raoul-bova\/","og_site_name":"Radio Touring 104","article_published_time":"2022-12-29T08:40:14+00:00","og_image":[{"width":2048,"height":1364,"url":"https:\/\/progettotouring.it\/radiotouring104\/wp-content\/uploads\/sites\/6\/2022\/12\/Raoul-Bova.jpg","type":"image\/jpeg"}],"author":"Sebastiano Plutino","twitter_card":"summary_large_image","twitter_misc":{"Scritto da":"Sebastiano Plutino","Tempo di lettura stimato":"4 minuti"},"schema":{"@context":"https:\/\/schema.org","@graph":[{"@type":"Article","@id":"https:\/\/progettotouring.it\/radiotouring104\/2022\/12\/29\/roccella-comune-conferisce-la-cittadinanza-onoraria-a-raoul-bova\/#article","isPartOf":{"@id":"https:\/\/progettotouring.it\/radiotouring104\/2022\/12\/29\/roccella-comune-conferisce-la-cittadinanza-onoraria-a-raoul-bova\/"},"author":{"name":"Sebastiano Plutino","@id":"https:\/\/progettotouring.it\/radiotouring104\/#\/schema\/person\/78613917f1851f041f7483f5af1d422e"},"headline":"Roccella, Comune conferisce la cittadinanza onoraria a Raoul Bova","datePublished":"2022-12-29T08:40:14+00:00","mainEntityOfPage":{"@id":"https:\/\/progettotouring.it\/radiotouring104\/2022\/12\/29\/roccella-comune-conferisce-la-cittadinanza-onoraria-a-raoul-bova\/"},"wordCount":726,"commentCount":0,"publisher":{"@id":"https:\/\/progettotouring.it\/radiotouring104\/#organization"},"image":{"@id":"https:\/\/progettotouring.it\/radiotouring104\/2022\/12\/29\/roccella-comune-conferisce-la-cittadinanza-onoraria-a-raoul-bova\/#primaryimage"},"thumbnailUrl":"https:\/\/progettotouring.it\/radiotouring104\/wp-content\/uploads\/sites\/6\/2022\/12\/Raoul-Bova.jpg","keywords":["cittadinanza onoraria","Raoul Bova","roccella jonica","Sindaco Vittorio Zito"],"articleSection":["Home","News","Reggio Calabria"],"inLanguage":"it-IT","potentialAction":[{"@type":"CommentAction","name":"Comment","target":["https:\/\/progettotouring.it\/radiotouring104\/2022\/12\/29\/roccella-comune-conferisce-la-cittadinanza-onoraria-a-raoul-bova\/#respond"]}]},{"@type":"WebPage","@id":"https:\/\/progettotouring.it\/radiotouring104\/2022\/12\/29\/roccella-comune-conferisce-la-cittadinanza-onoraria-a-raoul-bova\/","url":"https:\/\/progettotouring.it\/radiotouring104\/2022\/12\/29\/roccella-comune-conferisce-la-cittadinanza-onoraria-a-raoul-bova\/","name":"Roccella, Comune conferisce la cittadinanza onoraria a Raoul Bova","isPartOf":{"@id":"https:\/\/progettotouring.it\/radiotouring104\/#website"},"primaryImageOfPage":{"@id":"https:\/\/progettotouring.it\/radiotouring104\/2022\/12\/29\/roccella-comune-conferisce-la-cittadinanza-onoraria-a-raoul-bova\/#primaryimage"},"image":{"@id":"https:\/\/progettotouring.it\/radiotouring104\/2022\/12\/29\/roccella-comune-conferisce-la-cittadinanza-onoraria-a-raoul-bova\/#primaryimage"},"thumbnailUrl":"https:\/\/progettotouring.it\/radiotouring104\/wp-content\/uploads\/sites\/6\/2022\/12\/Raoul-Bova.jpg","datePublished":"2022-12-29T08:40:14+00:00","description":"Il 27 dicembre il Consiglio Comunale di Roccella Jonica ha approvato all\u2019unanimit\u00e0 il conferimento della cittadinanza onoraria a Raoul Bova","breadcrumb":{"@id":"https:\/\/progettotouring.it\/radiotouring104\/2022\/12\/29\/roccella-comune-conferisce-la-cittadinanza-onoraria-a-raoul-bova\/#breadcrumb"},"inLanguage":"it-IT","potentialAction":[{"@type":"ReadAction","target":["https:\/\/progettotouring.it\/radiotouring104\/2022\/12\/29\/roccella-comune-conferisce-la-cittadinanza-onoraria-a-raoul-bova\/"]}]},{"@type":"ImageObject","inLanguage":"it-IT","@id":"https:\/\/progettotouring.it\/radiotouring104\/2022\/12\/29\/roccella-comune-conferisce-la-cittadinanza-onoraria-a-raoul-bova\/#primaryimage","url":"https:\/\/progettotouring.it\/radiotouring104\/wp-content\/uploads\/sites\/6\/2022\/12\/Raoul-Bova.jpg","contentUrl":"https:\/\/progettotouring.it\/radiotouring104\/wp-content\/uploads\/sites\/6\/2022\/12\/Raoul-Bova.jpg","width":2048,"height":1364},{"@type":"BreadcrumbList","@id":"https:\/\/progettotouring.it\/radiotouring104\/2022\/12\/29\/roccella-comune-conferisce-la-cittadinanza-onoraria-a-raoul-bova\/#breadcrumb","itemListElement":[{"@type":"ListItem","position":1,"name":"Home","item":"https:\/\/progettotouring.it\/radiotouring104\/"},{"@type":"ListItem","position":2,"name":"Roccella, Comune conferisce la cittadinanza onoraria a Raoul Bova"}]},{"@type":"WebSite","@id":"https:\/\/progettotouring.it\/radiotouring104\/#website","url":"https:\/\/progettotouring.it\/radiotouring104\/","name":"Radio Touring 104","description":"La prima radio Reggina","publisher":{"@id":"https:\/\/progettotouring.it\/radiotouring104\/#organization"},"potentialAction":[{"@type":"SearchAction","target":{"@type":"EntryPoint","urlTemplate":"https:\/\/progettotouring.it\/radiotouring104\/?s={search_term_string}"},"query-input":{"@type":"PropertyValueSpecification","valueRequired":true,"valueName":"search_term_string"}}],"inLanguage":"it-IT"},{"@type":"Organization","@id":"https:\/\/progettotouring.it\/radiotouring104\/#organization","name":"Radio Touring 104","url":"https:\/\/progettotouring.it\/radiotouring104\/","logo":{"@type":"ImageObject","inLanguage":"it-IT","@id":"https:\/\/progettotouring.it\/radiotouring104\/#\/schema\/logo\/image\/","url":"https:\/\/progettotouring.it\/radiotouring104\/wp-content\/uploads\/sites\/6\/2022\/02\/cropped-logo-radio-touring-104.png","contentUrl":"https:\/\/progettotouring.it\/radiotouring104\/wp-content\/uploads\/sites\/6\/2022\/02\/cropped-logo-radio-touring-104.png","width":377,"height":182,"caption":"Radio Touring 104"},"image":{"@id":"https:\/\/progettotouring.it\/radiotouring104\/#\/schema\/logo\/image\/"}},{"@type":"Person","@id":"https:\/\/progettotouring.it\/radiotouring104\/#\/schema\/person\/78613917f1851f041f7483f5af1d422e","name":"Sebastiano Plutino","image":{"@type":"ImageObject","inLanguage":"it-IT","@id":"https:\/\/secure.gravatar.com\/avatar\/0546ffaa9b79224faf9f2a156b67a529ae861d3287c66c1d8ccfdf909bcba78d?s=96&d=mm&r=g","url":"https:\/\/secure.gravatar.com\/avatar\/0546ffaa9b79224faf9f2a156b67a529ae861d3287c66c1d8ccfdf909bcba78d?s=96&d=mm&r=g","contentUrl":"https:\/\/secure.gravatar.com\/avatar\/0546ffaa9b79224faf9f2a156b67a529ae861d3287c66c1d8ccfdf909bcba78d?s=96&d=mm&r=g","caption":"Sebastiano Plutino"},"url":"https:\/\/progettotouring.it\/radiotouring104\/author\/sebastiano\/"}]}},"jetpack_publicize_connections":[],"jetpack_featured_media_url":"https:\/\/progettotouring.it\/radiotouring104\/wp-content\/uploads\/sites\/6\/2022\/12\/Raoul-Bova.jpg","jetpack_sharing_enabled":true,"_links":{"self":[{"href":"https:\/\/progettotouring.it\/radiotouring104\/wp-json\/wp\/v2\/posts\/15740","targetHints":{"allow":["GET"]}}],"collection":[{"href":"https:\/\/progettotouring.it\/radiotouring104\/wp-json\/wp\/v2\/posts"}],"about":[{"href":"https:\/\/progettotouring.it\/radiotouring104\/wp-json\/wp\/v2\/types\/post"}],"author":[{"embeddable":true,"href":"https:\/\/progettotouring.it\/radiotouring104\/wp-json\/wp\/v2\/users\/12"}],"replies":[{"embeddable":true,"href":"https:\/\/progettotouring.it\/radiotouring104\/wp-json\/wp\/v2\/comments?post=15740"}],"version-history":[{"count":1,"href":"https:\/\/progettotouring.it\/radiotouring104\/wp-json\/wp\/v2\/posts\/15740\/revisions"}],"predecessor-version":[{"id":15747,"href":"https:\/\/progettotouring.it\/radiotouring104\/wp-json\/wp\/v2\/posts\/15740\/revisions\/15747"}],"wp:featuredmedia":[{"embeddable":true,"href":"https:\/\/progettotouring.it\/radiotouring104\/wp-json\/wp\/v2\/media\/15746"}],"wp:attachment":[{"href":"https:\/\/progettotouring.it\/radiotouring104\/wp-json\/wp\/v2\/media?parent=15740"}],"wp:term":[{"taxonomy":"category","embeddable":true,"href":"https:\/\/progettotouring.it\/radiotouring104\/wp-json\/wp\/v2\/categories?post=15740"},{"taxonomy":"post_tag","embeddable":true,"href":"https:\/\/progettotouring.it\/radiotouring104\/wp-json\/wp\/v2\/tags?post=15740"}],"curies":[{"name":"wp","href":"https:\/\/api.w.org\/{rel}","templated":true}]}}