{"id":15750,"date":"2022-12-29T09:53:16","date_gmt":"2022-12-29T08:53:16","guid":{"rendered":"https:\/\/progettotouring.it\/radiotouring104\/?p=15750"},"modified":"2022-12-29T09:53:16","modified_gmt":"2022-12-29T08:53:16","slug":"reggio-stanganelli-e-mariani-diretti-a-un-agire-comune","status":"publish","type":"post","link":"https:\/\/progettotouring.it\/radiotouring104\/2022\/12\/29\/reggio-stanganelli-e-mariani-diretti-a-un-agire-comune\/","title":{"rendered":"Reggio: Stanganelli e Mariani diretti a un agire comune"},"content":{"rendered":"<p>(ANSA) &#8211; REGGIO CALABRIA, 29 DIC &#8211; Il Garante della salute della Regione, Anna Maria Stanganelli, nell&#8217;ambito delle visite istituzionali nel territorio della Citt\u00e0 Metropolitana ha incontrato a Reggio il prefetto Massimo Mariani.<br \/>\n&#8220;Durante l&#8217;incontro, cordiale e proficuo &#8211; \u00e8 detto in un comunicato del Garante &#8211; si \u00e8 concordato sull&#8217;idea di collaborare progettualmente per definire azioni future atte a rafforzare la capacit\u00e0 di lavorare in rete da parte dei varilivelli istituzionali e amministrativi, al fine di garantire non soltanto uniformit\u00e0 di tutela sanitaria alla collettivit\u00e0 ma anche maggiore sicurezza al personale medico e paramedico&#8221;. &#8220;Da Nord a Sud &#8211; ha affermato Stanganelli &#8211; stiamo assistendo ad una vera e propria escalation di minacce e aggressioni ai danni di medici e, in generale, di personale sanitario e la nostra regione, purtroppo, non \u00e8 affatto esente dai numerosi casi di cronaca e dalle centinaia di segnalazioni di operatori sanitari<br \/>\npreoccupati per la loro incolumit\u00e0. Il grave fenomeno delle aggressioni verbali e fisiche nei confronti dei professionisti<br \/>\nsanitari richiede la messa in atto di opportune iniziative di prevenzione e protezione come la stipula e l&#8217;ampliamento di<br \/>\nprotocolli operativi con le forze dell&#8217;ordine, in caso di aggressione in ospedali e luoghi di cura&#8221;.<br \/>\nPer il Garante della salute della Regione &#8220;tali episodi di violenza mettono in discussione la sicurezza di medici e infermieri impegnati nelle cure, quella dell&#8217;utenza che si rivolge alle strutture sanitarie e, dunque, lo stesso diritto alla salute. Un argomento, questo, che \u00e8 stato motivo di articolate riflessioni con il prefetto Mariani che ringrazio per<br \/>\nla grande disponibilit\u00e0 e sensibilit\u00e0 dimostrata.&#8221; &#8220;Il prefetto Mariani, da parte sua &#8211; riporta ancora il comunicato &#8211; ha<br \/>\nritenuto come sempre utile e necessario prestare la massima attenzione ad iniziative di collaborazione istituzionale e di<br \/>\ncomunicazione pubblica, ancor pi\u00f9 sul fenomeno delle aggressioni agli operatori sanitari che richiederebbero attivit\u00e0 di<br \/>\ncoinvolgimento dei cittadini sul valore del diritto alla salute e del lavoro dei professionisti sanitari&#8221;. (ANSA).<\/p>\n","protected":false},"excerpt":{"rendered":"<p>(ANSA) &#8211; REGGIO CALABRIA, 29 DIC &#8211; Il Garante della salute della Regione, Anna Maria Stanganelli, nell&#8217;ambito delle visite istituzionali nel territorio della Citt\u00e0 Metropolitana ha incontrato a Reggio il&hellip;<\/p>\n","protected":false},"author":13,"featured_media":15751,"comment_status":"open","ping_status":"open","sticky":false,"template":"","format":"standard","meta":{"_jetpack_memberships_contains_paid_content":false,"footnotes":"","jetpack_publicize_message":"","jetpack_publicize_feature_enabled":true,"jetpack_social_post_already_shared":false,"jetpack_social_options":{"image_generator_settings":{"template":"highway","default_image_id":0,"font":"","enabled":false},"version":2}},"categories":[921,196,140],"tags":[6679,451,236,7811],"class_list":["post-15750","post","type-post","status-publish","format-standard","has-post-thumbnail","hentry","category-home","category-news","category-reggio-calabria","tag-anna-maria-stanganelli","tag-massimo-mariani","tag-reggio-calabria","tag-sicurezza-medici"],"yoast_head":"<!-- This site is optimized with the Yoast SEO plugin v27.2 - https:\/\/yoast.com\/product\/yoast-seo-wordpress\/ -->\n<title>Reggio: Stanganelli e Mariani diretti a un agire comune<\/title>\n<meta name=\"description\" content=\"L&#039;incontro tra il Garante della Salute e il Prefetto ha suggellato un piano di tutela per i medici pi\u00f9 esposti alle aggressioni nei luoghi di cura\" \/>\n<meta name=\"robots\" content=\"index, follow, max-snippet:-1, max-image-preview:large, max-video-preview:-1\" \/>\n<link rel=\"canonical\" href=\"https:\/\/progettotouring.it\/radiotouring104\/2022\/12\/29\/reggio-stanganelli-e-mariani-diretti-a-un-agire-comune\/\" \/>\n<meta property=\"og:locale\" content=\"it_IT\" \/>\n<meta property=\"og:type\" content=\"article\" \/>\n<meta property=\"og:title\" content=\"Reggio: Stanganelli e Mariani diretti a un agire comune\" \/>\n<meta property=\"og:description\" content=\"L&#039;incontro tra il Garante della Salute e il Prefetto ha suggellato un piano di tutela per i medici pi\u00f9 esposti alle aggressioni nei luoghi di cura\" \/>\n<meta property=\"og:url\" content=\"https:\/\/progettotouring.it\/radiotouring104\/2022\/12\/29\/reggio-stanganelli-e-mariani-diretti-a-un-agire-comune\/\" \/>\n<meta property=\"og:site_name\" content=\"Radio Touring 104\" \/>\n<meta property=\"article:published_time\" content=\"2022-12-29T08:53:16+00:00\" \/>\n<meta property=\"og:image\" content=\"https:\/\/progettotouring.it\/radiotouring104\/wp-content\/uploads\/sites\/6\/2022\/12\/Stanganelli-Mariani.jpg\" \/>\n\t<meta property=\"og:image:width\" content=\"1280\" \/>\n\t<meta property=\"og:image:height\" content=\"720\" \/>\n\t<meta property=\"og:image:type\" content=\"image\/jpeg\" \/>\n<meta name=\"author\" content=\"Helena Pedone\" \/>\n<meta name=\"twitter:card\" content=\"summary_large_image\" \/>\n<meta name=\"twitter:label1\" content=\"Scritto da\" \/>\n\t<meta name=\"twitter:data1\" content=\"Helena Pedone\" \/>\n\t<meta name=\"twitter:label2\" content=\"Tempo di lettura stimato\" \/>\n\t<meta name=\"twitter:data2\" content=\"2 minuti\" \/>\n<script type=\"application\/ld+json\" class=\"yoast-schema-graph\">{\"@context\":\"https:\/\/schema.org\",\"@graph\":[{\"@type\":\"Article\",\"@id\":\"https:\/\/progettotouring.it\/radiotouring104\/2022\/12\/29\/reggio-stanganelli-e-mariani-diretti-a-un-agire-comune\/#article\",\"isPartOf\":{\"@id\":\"https:\/\/progettotouring.it\/radiotouring104\/2022\/12\/29\/reggio-stanganelli-e-mariani-diretti-a-un-agire-comune\/\"},\"author\":{\"name\":\"Helena Pedone\",\"@id\":\"https:\/\/progettotouring.it\/radiotouring104\/#\/schema\/person\/8458ed437f4094f881aab8e4cc572684\"},\"headline\":\"Reggio: Stanganelli e Mariani diretti a un agire comune\",\"datePublished\":\"2022-12-29T08:53:16+00:00\",\"mainEntityOfPage\":{\"@id\":\"https:\/\/progettotouring.it\/radiotouring104\/2022\/12\/29\/reggio-stanganelli-e-mariani-diretti-a-un-agire-comune\/\"},\"wordCount\":326,\"commentCount\":0,\"publisher\":{\"@id\":\"https:\/\/progettotouring.it\/radiotouring104\/#organization\"},\"image\":{\"@id\":\"https:\/\/progettotouring.it\/radiotouring104\/2022\/12\/29\/reggio-stanganelli-e-mariani-diretti-a-un-agire-comune\/#primaryimage\"},\"thumbnailUrl\":\"https:\/\/progettotouring.it\/radiotouring104\/wp-content\/uploads\/sites\/6\/2022\/12\/Stanganelli-Mariani.jpg\",\"keywords\":[\"Anna Maria Stanganelli\",\"Massimo Mariani\",\"reggio calabria\",\"Sicurezza medici\"],\"articleSection\":[\"Home\",\"News\",\"Reggio Calabria\"],\"inLanguage\":\"it-IT\",\"potentialAction\":[{\"@type\":\"CommentAction\",\"name\":\"Comment\",\"target\":[\"https:\/\/progettotouring.it\/radiotouring104\/2022\/12\/29\/reggio-stanganelli-e-mariani-diretti-a-un-agire-comune\/#respond\"]}]},{\"@type\":\"WebPage\",\"@id\":\"https:\/\/progettotouring.it\/radiotouring104\/2022\/12\/29\/reggio-stanganelli-e-mariani-diretti-a-un-agire-comune\/\",\"url\":\"https:\/\/progettotouring.it\/radiotouring104\/2022\/12\/29\/reggio-stanganelli-e-mariani-diretti-a-un-agire-comune\/\",\"name\":\"Reggio: Stanganelli e Mariani diretti a un agire comune\",\"isPartOf\":{\"@id\":\"https:\/\/progettotouring.it\/radiotouring104\/#website\"},\"primaryImageOfPage\":{\"@id\":\"https:\/\/progettotouring.it\/radiotouring104\/2022\/12\/29\/reggio-stanganelli-e-mariani-diretti-a-un-agire-comune\/#primaryimage\"},\"image\":{\"@id\":\"https:\/\/progettotouring.it\/radiotouring104\/2022\/12\/29\/reggio-stanganelli-e-mariani-diretti-a-un-agire-comune\/#primaryimage\"},\"thumbnailUrl\":\"https:\/\/progettotouring.it\/radiotouring104\/wp-content\/uploads\/sites\/6\/2022\/12\/Stanganelli-Mariani.jpg\",\"datePublished\":\"2022-12-29T08:53:16+00:00\",\"description\":\"L'incontro tra il Garante della Salute e il Prefetto ha suggellato un piano di tutela per i medici pi\u00f9 esposti alle aggressioni nei luoghi di cura\",\"breadcrumb\":{\"@id\":\"https:\/\/progettotouring.it\/radiotouring104\/2022\/12\/29\/reggio-stanganelli-e-mariani-diretti-a-un-agire-comune\/#breadcrumb\"},\"inLanguage\":\"it-IT\",\"potentialAction\":[{\"@type\":\"ReadAction\",\"target\":[\"https:\/\/progettotouring.it\/radiotouring104\/2022\/12\/29\/reggio-stanganelli-e-mariani-diretti-a-un-agire-comune\/\"]}]},{\"@type\":\"ImageObject\",\"inLanguage\":\"it-IT\",\"@id\":\"https:\/\/progettotouring.it\/radiotouring104\/2022\/12\/29\/reggio-stanganelli-e-mariani-diretti-a-un-agire-comune\/#primaryimage\",\"url\":\"https:\/\/progettotouring.it\/radiotouring104\/wp-content\/uploads\/sites\/6\/2022\/12\/Stanganelli-Mariani.jpg\",\"contentUrl\":\"https:\/\/progettotouring.it\/radiotouring104\/wp-content\/uploads\/sites\/6\/2022\/12\/Stanganelli-Mariani.jpg\",\"width\":1280,\"height\":720},{\"@type\":\"BreadcrumbList\",\"@id\":\"https:\/\/progettotouring.it\/radiotouring104\/2022\/12\/29\/reggio-stanganelli-e-mariani-diretti-a-un-agire-comune\/#breadcrumb\",\"itemListElement\":[{\"@type\":\"ListItem\",\"position\":1,\"name\":\"Home\",\"item\":\"https:\/\/progettotouring.it\/radiotouring104\/\"},{\"@type\":\"ListItem\",\"position\":2,\"name\":\"Reggio: Stanganelli e Mariani diretti a un agire comune\"}]},{\"@type\":\"WebSite\",\"@id\":\"https:\/\/progettotouring.it\/radiotouring104\/#website\",\"url\":\"https:\/\/progettotouring.it\/radiotouring104\/\",\"name\":\"Radio Touring 104\",\"description\":\"La prima radio Reggina\",\"publisher\":{\"@id\":\"https:\/\/progettotouring.it\/radiotouring104\/#organization\"},\"potentialAction\":[{\"@type\":\"SearchAction\",\"target\":{\"@type\":\"EntryPoint\",\"urlTemplate\":\"https:\/\/progettotouring.it\/radiotouring104\/?s={search_term_string}\"},\"query-input\":{\"@type\":\"PropertyValueSpecification\",\"valueRequired\":true,\"valueName\":\"search_term_string\"}}],\"inLanguage\":\"it-IT\"},{\"@type\":\"Organization\",\"@id\":\"https:\/\/progettotouring.it\/radiotouring104\/#organization\",\"name\":\"Radio Touring 104\",\"url\":\"https:\/\/progettotouring.it\/radiotouring104\/\",\"logo\":{\"@type\":\"ImageObject\",\"inLanguage\":\"it-IT\",\"@id\":\"https:\/\/progettotouring.it\/radiotouring104\/#\/schema\/logo\/image\/\",\"url\":\"https:\/\/progettotouring.it\/radiotouring104\/wp-content\/uploads\/sites\/6\/2022\/02\/cropped-logo-radio-touring-104.png\",\"contentUrl\":\"https:\/\/progettotouring.it\/radiotouring104\/wp-content\/uploads\/sites\/6\/2022\/02\/cropped-logo-radio-touring-104.png\",\"width\":377,\"height\":182,\"caption\":\"Radio Touring 104\"},\"image\":{\"@id\":\"https:\/\/progettotouring.it\/radiotouring104\/#\/schema\/logo\/image\/\"}},{\"@type\":\"Person\",\"@id\":\"https:\/\/progettotouring.it\/radiotouring104\/#\/schema\/person\/8458ed437f4094f881aab8e4cc572684\",\"name\":\"Helena Pedone\",\"image\":{\"@type\":\"ImageObject\",\"inLanguage\":\"it-IT\",\"@id\":\"https:\/\/secure.gravatar.com\/avatar\/95a63adf316f90175b68113b4b895a96641be06395ffeef88fea6178b30027d9?s=96&d=mm&r=g\",\"url\":\"https:\/\/secure.gravatar.com\/avatar\/95a63adf316f90175b68113b4b895a96641be06395ffeef88fea6178b30027d9?s=96&d=mm&r=g\",\"contentUrl\":\"https:\/\/secure.gravatar.com\/avatar\/95a63adf316f90175b68113b4b895a96641be06395ffeef88fea6178b30027d9?s=96&d=mm&r=g\",\"caption\":\"Helena Pedone\"},\"url\":\"https:\/\/progettotouring.it\/radiotouring104\/author\/helena\/\"}]}<\/script>\n<!-- \/ Yoast SEO plugin. -->","yoast_head_json":{"title":"Reggio: Stanganelli e Mariani diretti a un agire comune","description":"L'incontro tra il Garante della Salute e il Prefetto ha suggellato un piano di tutela per i medici pi\u00f9 esposti alle aggressioni nei luoghi di cura","robots":{"index":"index","follow":"follow","max-snippet":"max-snippet:-1","max-image-preview":"max-image-preview:large","max-video-preview":"max-video-preview:-1"},"canonical":"https:\/\/progettotouring.it\/radiotouring104\/2022\/12\/29\/reggio-stanganelli-e-mariani-diretti-a-un-agire-comune\/","og_locale":"it_IT","og_type":"article","og_title":"Reggio: Stanganelli e Mariani diretti a un agire comune","og_description":"L'incontro tra il Garante della Salute e il Prefetto ha suggellato un piano di tutela per i medici pi\u00f9 esposti alle aggressioni nei luoghi di cura","og_url":"https:\/\/progettotouring.it\/radiotouring104\/2022\/12\/29\/reggio-stanganelli-e-mariani-diretti-a-un-agire-comune\/","og_site_name":"Radio Touring 104","article_published_time":"2022-12-29T08:53:16+00:00","og_image":[{"width":1280,"height":720,"url":"https:\/\/progettotouring.it\/radiotouring104\/wp-content\/uploads\/sites\/6\/2022\/12\/Stanganelli-Mariani.jpg","type":"image\/jpeg"}],"author":"Helena Pedone","twitter_card":"summary_large_image","twitter_misc":{"Scritto da":"Helena Pedone","Tempo di lettura stimato":"2 minuti"},"schema":{"@context":"https:\/\/schema.org","@graph":[{"@type":"Article","@id":"https:\/\/progettotouring.it\/radiotouring104\/2022\/12\/29\/reggio-stanganelli-e-mariani-diretti-a-un-agire-comune\/#article","isPartOf":{"@id":"https:\/\/progettotouring.it\/radiotouring104\/2022\/12\/29\/reggio-stanganelli-e-mariani-diretti-a-un-agire-comune\/"},"author":{"name":"Helena Pedone","@id":"https:\/\/progettotouring.it\/radiotouring104\/#\/schema\/person\/8458ed437f4094f881aab8e4cc572684"},"headline":"Reggio: Stanganelli e Mariani diretti a un agire comune","datePublished":"2022-12-29T08:53:16+00:00","mainEntityOfPage":{"@id":"https:\/\/progettotouring.it\/radiotouring104\/2022\/12\/29\/reggio-stanganelli-e-mariani-diretti-a-un-agire-comune\/"},"wordCount":326,"commentCount":0,"publisher":{"@id":"https:\/\/progettotouring.it\/radiotouring104\/#organization"},"image":{"@id":"https:\/\/progettotouring.it\/radiotouring104\/2022\/12\/29\/reggio-stanganelli-e-mariani-diretti-a-un-agire-comune\/#primaryimage"},"thumbnailUrl":"https:\/\/progettotouring.it\/radiotouring104\/wp-content\/uploads\/sites\/6\/2022\/12\/Stanganelli-Mariani.jpg","keywords":["Anna Maria Stanganelli","Massimo Mariani","reggio calabria","Sicurezza medici"],"articleSection":["Home","News","Reggio Calabria"],"inLanguage":"it-IT","potentialAction":[{"@type":"CommentAction","name":"Comment","target":["https:\/\/progettotouring.it\/radiotouring104\/2022\/12\/29\/reggio-stanganelli-e-mariani-diretti-a-un-agire-comune\/#respond"]}]},{"@type":"WebPage","@id":"https:\/\/progettotouring.it\/radiotouring104\/2022\/12\/29\/reggio-stanganelli-e-mariani-diretti-a-un-agire-comune\/","url":"https:\/\/progettotouring.it\/radiotouring104\/2022\/12\/29\/reggio-stanganelli-e-mariani-diretti-a-un-agire-comune\/","name":"Reggio: Stanganelli e Mariani diretti a un agire comune","isPartOf":{"@id":"https:\/\/progettotouring.it\/radiotouring104\/#website"},"primaryImageOfPage":{"@id":"https:\/\/progettotouring.it\/radiotouring104\/2022\/12\/29\/reggio-stanganelli-e-mariani-diretti-a-un-agire-comune\/#primaryimage"},"image":{"@id":"https:\/\/progettotouring.it\/radiotouring104\/2022\/12\/29\/reggio-stanganelli-e-mariani-diretti-a-un-agire-comune\/#primaryimage"},"thumbnailUrl":"https:\/\/progettotouring.it\/radiotouring104\/wp-content\/uploads\/sites\/6\/2022\/12\/Stanganelli-Mariani.jpg","datePublished":"2022-12-29T08:53:16+00:00","description":"L'incontro tra il Garante della Salute e il Prefetto ha suggellato un piano di tutela per i medici pi\u00f9 esposti alle aggressioni nei luoghi di cura","breadcrumb":{"@id":"https:\/\/progettotouring.it\/radiotouring104\/2022\/12\/29\/reggio-stanganelli-e-mariani-diretti-a-un-agire-comune\/#breadcrumb"},"inLanguage":"it-IT","potentialAction":[{"@type":"ReadAction","target":["https:\/\/progettotouring.it\/radiotouring104\/2022\/12\/29\/reggio-stanganelli-e-mariani-diretti-a-un-agire-comune\/"]}]},{"@type":"ImageObject","inLanguage":"it-IT","@id":"https:\/\/progettotouring.it\/radiotouring104\/2022\/12\/29\/reggio-stanganelli-e-mariani-diretti-a-un-agire-comune\/#primaryimage","url":"https:\/\/progettotouring.it\/radiotouring104\/wp-content\/uploads\/sites\/6\/2022\/12\/Stanganelli-Mariani.jpg","contentUrl":"https:\/\/progettotouring.it\/radiotouring104\/wp-content\/uploads\/sites\/6\/2022\/12\/Stanganelli-Mariani.jpg","width":1280,"height":720},{"@type":"BreadcrumbList","@id":"https:\/\/progettotouring.it\/radiotouring104\/2022\/12\/29\/reggio-stanganelli-e-mariani-diretti-a-un-agire-comune\/#breadcrumb","itemListElement":[{"@type":"ListItem","position":1,"name":"Home","item":"https:\/\/progettotouring.it\/radiotouring104\/"},{"@type":"ListItem","position":2,"name":"Reggio: Stanganelli e Mariani diretti a un agire comune"}]},{"@type":"WebSite","@id":"https:\/\/progettotouring.it\/radiotouring104\/#website","url":"https:\/\/progettotouring.it\/radiotouring104\/","name":"Radio Touring 104","description":"La prima radio Reggina","publisher":{"@id":"https:\/\/progettotouring.it\/radiotouring104\/#organization"},"potentialAction":[{"@type":"SearchAction","target":{"@type":"EntryPoint","urlTemplate":"https:\/\/progettotouring.it\/radiotouring104\/?s={search_term_string}"},"query-input":{"@type":"PropertyValueSpecification","valueRequired":true,"valueName":"search_term_string"}}],"inLanguage":"it-IT"},{"@type":"Organization","@id":"https:\/\/progettotouring.it\/radiotouring104\/#organization","name":"Radio Touring 104","url":"https:\/\/progettotouring.it\/radiotouring104\/","logo":{"@type":"ImageObject","inLanguage":"it-IT","@id":"https:\/\/progettotouring.it\/radiotouring104\/#\/schema\/logo\/image\/","url":"https:\/\/progettotouring.it\/radiotouring104\/wp-content\/uploads\/sites\/6\/2022\/02\/cropped-logo-radio-touring-104.png","contentUrl":"https:\/\/progettotouring.it\/radiotouring104\/wp-content\/uploads\/sites\/6\/2022\/02\/cropped-logo-radio-touring-104.png","width":377,"height":182,"caption":"Radio Touring 104"},"image":{"@id":"https:\/\/progettotouring.it\/radiotouring104\/#\/schema\/logo\/image\/"}},{"@type":"Person","@id":"https:\/\/progettotouring.it\/radiotouring104\/#\/schema\/person\/8458ed437f4094f881aab8e4cc572684","name":"Helena Pedone","image":{"@type":"ImageObject","inLanguage":"it-IT","@id":"https:\/\/secure.gravatar.com\/avatar\/95a63adf316f90175b68113b4b895a96641be06395ffeef88fea6178b30027d9?s=96&d=mm&r=g","url":"https:\/\/secure.gravatar.com\/avatar\/95a63adf316f90175b68113b4b895a96641be06395ffeef88fea6178b30027d9?s=96&d=mm&r=g","contentUrl":"https:\/\/secure.gravatar.com\/avatar\/95a63adf316f90175b68113b4b895a96641be06395ffeef88fea6178b30027d9?s=96&d=mm&r=g","caption":"Helena Pedone"},"url":"https:\/\/progettotouring.it\/radiotouring104\/author\/helena\/"}]}},"jetpack_publicize_connections":[],"jetpack_featured_media_url":"https:\/\/progettotouring.it\/radiotouring104\/wp-content\/uploads\/sites\/6\/2022\/12\/Stanganelli-Mariani.jpg","jetpack_sharing_enabled":true,"_links":{"self":[{"href":"https:\/\/progettotouring.it\/radiotouring104\/wp-json\/wp\/v2\/posts\/15750","targetHints":{"allow":["GET"]}}],"collection":[{"href":"https:\/\/progettotouring.it\/radiotouring104\/wp-json\/wp\/v2\/posts"}],"about":[{"href":"https:\/\/progettotouring.it\/radiotouring104\/wp-json\/wp\/v2\/types\/post"}],"author":[{"embeddable":true,"href":"https:\/\/progettotouring.it\/radiotouring104\/wp-json\/wp\/v2\/users\/13"}],"replies":[{"embeddable":true,"href":"https:\/\/progettotouring.it\/radiotouring104\/wp-json\/wp\/v2\/comments?post=15750"}],"version-history":[{"count":1,"href":"https:\/\/progettotouring.it\/radiotouring104\/wp-json\/wp\/v2\/posts\/15750\/revisions"}],"predecessor-version":[{"id":15752,"href":"https:\/\/progettotouring.it\/radiotouring104\/wp-json\/wp\/v2\/posts\/15750\/revisions\/15752"}],"wp:featuredmedia":[{"embeddable":true,"href":"https:\/\/progettotouring.it\/radiotouring104\/wp-json\/wp\/v2\/media\/15751"}],"wp:attachment":[{"href":"https:\/\/progettotouring.it\/radiotouring104\/wp-json\/wp\/v2\/media?parent=15750"}],"wp:term":[{"taxonomy":"category","embeddable":true,"href":"https:\/\/progettotouring.it\/radiotouring104\/wp-json\/wp\/v2\/categories?post=15750"},{"taxonomy":"post_tag","embeddable":true,"href":"https:\/\/progettotouring.it\/radiotouring104\/wp-json\/wp\/v2\/tags?post=15750"}],"curies":[{"name":"wp","href":"https:\/\/api.w.org\/{rel}","templated":true}]}}