{"id":15761,"date":"2022-12-29T10:54:00","date_gmt":"2022-12-29T09:54:00","guid":{"rendered":"https:\/\/progettotouring.it\/radiotouring104\/?p=15761"},"modified":"2022-12-29T10:55:50","modified_gmt":"2022-12-29T09:55:50","slug":"garante-regionale-alla-salute-incontra-il-prefetto-di-reggio","status":"publish","type":"post","link":"https:\/\/progettotouring.it\/radiotouring104\/2022\/12\/29\/garante-regionale-alla-salute-incontra-il-prefetto-di-reggio\/","title":{"rendered":"Garante Regionale alla Salute incontra il prefetto di Reggio"},"content":{"rendered":"<p>Il Garante della salute della Regione, Anna Maria Stanganelli, nell&#8217;ambito delle visite istituzionali nel territorio della Citt\u00e0 Metropolitana ha incontrato a Reggio il prefetto Massimo Mariani. &#8220;Durante l&#8217;incontro, cordiale e proficuo &#8211; \u00e8 detto in un comunicato del Garante &#8211; si \u00e8 concordato sull&#8217;idea di collaborare progettualmente per definire azioni future atte a rafforzare la capacit\u00e0 di lavorare in rete da parte dei vari livelli istituzionali e amministrativi, al fine di garantire non soltanto uniformit\u00e0 di tutela sanitaria alla collettivit\u00e0 ma anche maggiore sicurezza al personale medico e paramedico&#8221;. &#8220;Da Nord a Sud &#8211; ha affermato Stanganelli &#8211; stiamo assistendo ad una vera e propria escalation di minacce e aggressioni ai danni di medici e, in generale, di personale sanitario e la nostra regione, purtroppo, non \u00e8 affatto esente dai numerosi casi di cronaca e dalle centinaia di segnalazioni di operatori sanitari preoccupati per la loro incolumit\u00e0. Il grave fenomeno delle aggressioni verbali e fisiche nei confronti dei professionisti sanitari richiede la messa in atto di opportune iniziative di prevenzione e protezione come la stipula e l&#8217;ampliamento di protocolli operativi con le forze dell&#8217;ordine, in caso di aggressione in ospedali e luoghi di cura&#8221;. Per il Garante della salute della Regione &#8220;tali episodi di violenza mettono in discussione la sicurezza di medici e infermieri impegnati nelle cure, quella dell&#8217;utenza che si rivolge alle strutture sanitarie e, dunque, lo stesso diritto alla salute. Un argomento, questo, che \u00e8 stato motivo di articolate riflessioni con il prefetto Mariani che ringrazio per la grande disponibilit\u00e0 e sensibilit\u00e0 dimostrata.&#8221; &#8220;Il prefetto Mariani, da parte sua &#8211; riporta ancora il comunicato &#8211; ha ritenuto come sempre utile e necessario prestare la massima attenzione ad iniziative di collaborazione istituzionale e di comunicazione pubblica, ancor pi\u00f9 sul fenomeno delle aggressioni agli operatori sanitari che richiederebbero attivit\u00e0 di coinvolgimento dei cittadini sul valore del diritto alla salute e del lavoro dei professionisti sanitari&#8221;. (ANSA).<\/p>\n","protected":false},"excerpt":{"rendered":"<p>Il Garante della salute della Regione, Anna Maria Stanganelli, nell&#8217;ambito delle visite istituzionali nel territorio della Citt\u00e0 Metropolitana ha incontrato a Reggio il prefetto Massimo Mariani. &#8220;Durante l&#8217;incontro, cordiale e&hellip;<\/p>\n","protected":false},"author":12,"featured_media":13151,"comment_status":"open","ping_status":"open","sticky":false,"template":"","format":"standard","meta":{"_jetpack_memberships_contains_paid_content":false,"footnotes":"","jetpack_publicize_message":"","jetpack_publicize_feature_enabled":true,"jetpack_social_post_already_shared":false,"jetpack_social_options":{"image_generator_settings":{"template":"highway","default_image_id":0,"font":"","enabled":false},"version":2}},"categories":[921,150,196,140],"tags":[6679,7818,451,7820,7819],"class_list":["post-15761","post","type-post","status-publish","format-standard","has-post-thumbnail","hentry","category-home","category-in-primo-piano","category-news","category-reggio-calabria","tag-anna-maria-stanganelli","tag-lavoro-in-rete-dei-livelli-istituzionali","tag-massimo-mariani","tag-sicurezza-personale-medico","tag-tutela-sanitaria-alla-collettivita"],"yoast_head":"<!-- This site is optimized with the Yoast SEO plugin v27.2 - https:\/\/yoast.com\/product\/yoast-seo-wordpress\/ -->\n<title>Garante Regionale alla Salute incontra il prefetto di Reggio<\/title>\n<meta name=\"description\" content=\"Il Garante, Stanganelli, nelle visite istituzionali nel territorio della Citt\u00e0 Metropolitana ha incontrato a Reggio il Prefetto Mariani.\" \/>\n<meta name=\"robots\" content=\"index, follow, max-snippet:-1, max-image-preview:large, max-video-preview:-1\" \/>\n<link rel=\"canonical\" href=\"https:\/\/progettotouring.it\/radiotouring104\/2022\/12\/29\/garante-regionale-alla-salute-incontra-il-prefetto-di-reggio\/\" \/>\n<meta property=\"og:locale\" content=\"it_IT\" \/>\n<meta property=\"og:type\" content=\"article\" \/>\n<meta property=\"og:title\" content=\"Garante Regionale alla Salute incontra il prefetto di Reggio\" \/>\n<meta property=\"og:description\" content=\"Il Garante, Stanganelli, nelle visite istituzionali nel territorio della Citt\u00e0 Metropolitana ha incontrato a Reggio il Prefetto Mariani.\" \/>\n<meta property=\"og:url\" content=\"https:\/\/progettotouring.it\/radiotouring104\/2022\/12\/29\/garante-regionale-alla-salute-incontra-il-prefetto-di-reggio\/\" \/>\n<meta property=\"og:site_name\" content=\"Radio Touring 104\" \/>\n<meta property=\"article:published_time\" content=\"2022-12-29T09:54:00+00:00\" \/>\n<meta property=\"article:modified_time\" content=\"2022-12-29T09:55:50+00:00\" \/>\n<meta property=\"og:image\" content=\"https:\/\/progettotouring.it\/radiotouring104\/wp-content\/uploads\/sites\/6\/2022\/11\/Anna-Maria-Stanganelli.jpeg\" \/>\n\t<meta property=\"og:image:width\" content=\"951\" \/>\n\t<meta property=\"og:image:height\" content=\"723\" \/>\n\t<meta property=\"og:image:type\" content=\"image\/jpeg\" \/>\n<meta name=\"author\" content=\"Sebastiano Plutino\" \/>\n<meta name=\"twitter:card\" content=\"summary_large_image\" \/>\n<meta name=\"twitter:label1\" content=\"Scritto da\" \/>\n\t<meta name=\"twitter:data1\" content=\"Sebastiano Plutino\" \/>\n\t<meta name=\"twitter:label2\" content=\"Tempo di lettura stimato\" \/>\n\t<meta name=\"twitter:data2\" content=\"2 minuti\" \/>\n<script type=\"application\/ld+json\" class=\"yoast-schema-graph\">{\"@context\":\"https:\/\/schema.org\",\"@graph\":[{\"@type\":\"Article\",\"@id\":\"https:\/\/progettotouring.it\/radiotouring104\/2022\/12\/29\/garante-regionale-alla-salute-incontra-il-prefetto-di-reggio\/#article\",\"isPartOf\":{\"@id\":\"https:\/\/progettotouring.it\/radiotouring104\/2022\/12\/29\/garante-regionale-alla-salute-incontra-il-prefetto-di-reggio\/\"},\"author\":{\"name\":\"Sebastiano Plutino\",\"@id\":\"https:\/\/progettotouring.it\/radiotouring104\/#\/schema\/person\/78613917f1851f041f7483f5af1d422e\"},\"headline\":\"Garante Regionale alla Salute incontra il prefetto di Reggio\",\"datePublished\":\"2022-12-29T09:54:00+00:00\",\"dateModified\":\"2022-12-29T09:55:50+00:00\",\"mainEntityOfPage\":{\"@id\":\"https:\/\/progettotouring.it\/radiotouring104\/2022\/12\/29\/garante-regionale-alla-salute-incontra-il-prefetto-di-reggio\/\"},\"wordCount\":321,\"commentCount\":0,\"publisher\":{\"@id\":\"https:\/\/progettotouring.it\/radiotouring104\/#organization\"},\"image\":{\"@id\":\"https:\/\/progettotouring.it\/radiotouring104\/2022\/12\/29\/garante-regionale-alla-salute-incontra-il-prefetto-di-reggio\/#primaryimage\"},\"thumbnailUrl\":\"https:\/\/progettotouring.it\/radiotouring104\/wp-content\/uploads\/sites\/6\/2022\/11\/Anna-Maria-Stanganelli.jpeg\",\"keywords\":[\"Anna Maria Stanganelli\",\"lavoro in rete dei livelli istituzionali\",\"Massimo Mariani\",\"sicurezza personale medico\",\"tutela sanitaria alla collettivit\u00e0\"],\"articleSection\":[\"Home\",\"In primo piano\",\"News\",\"Reggio Calabria\"],\"inLanguage\":\"it-IT\",\"potentialAction\":[{\"@type\":\"CommentAction\",\"name\":\"Comment\",\"target\":[\"https:\/\/progettotouring.it\/radiotouring104\/2022\/12\/29\/garante-regionale-alla-salute-incontra-il-prefetto-di-reggio\/#respond\"]}]},{\"@type\":\"WebPage\",\"@id\":\"https:\/\/progettotouring.it\/radiotouring104\/2022\/12\/29\/garante-regionale-alla-salute-incontra-il-prefetto-di-reggio\/\",\"url\":\"https:\/\/progettotouring.it\/radiotouring104\/2022\/12\/29\/garante-regionale-alla-salute-incontra-il-prefetto-di-reggio\/\",\"name\":\"Garante Regionale alla Salute incontra il prefetto di Reggio\",\"isPartOf\":{\"@id\":\"https:\/\/progettotouring.it\/radiotouring104\/#website\"},\"primaryImageOfPage\":{\"@id\":\"https:\/\/progettotouring.it\/radiotouring104\/2022\/12\/29\/garante-regionale-alla-salute-incontra-il-prefetto-di-reggio\/#primaryimage\"},\"image\":{\"@id\":\"https:\/\/progettotouring.it\/radiotouring104\/2022\/12\/29\/garante-regionale-alla-salute-incontra-il-prefetto-di-reggio\/#primaryimage\"},\"thumbnailUrl\":\"https:\/\/progettotouring.it\/radiotouring104\/wp-content\/uploads\/sites\/6\/2022\/11\/Anna-Maria-Stanganelli.jpeg\",\"datePublished\":\"2022-12-29T09:54:00+00:00\",\"dateModified\":\"2022-12-29T09:55:50+00:00\",\"description\":\"Il Garante, Stanganelli, nelle visite istituzionali nel territorio della Citt\u00e0 Metropolitana ha incontrato a Reggio il Prefetto Mariani.\",\"breadcrumb\":{\"@id\":\"https:\/\/progettotouring.it\/radiotouring104\/2022\/12\/29\/garante-regionale-alla-salute-incontra-il-prefetto-di-reggio\/#breadcrumb\"},\"inLanguage\":\"it-IT\",\"potentialAction\":[{\"@type\":\"ReadAction\",\"target\":[\"https:\/\/progettotouring.it\/radiotouring104\/2022\/12\/29\/garante-regionale-alla-salute-incontra-il-prefetto-di-reggio\/\"]}]},{\"@type\":\"ImageObject\",\"inLanguage\":\"it-IT\",\"@id\":\"https:\/\/progettotouring.it\/radiotouring104\/2022\/12\/29\/garante-regionale-alla-salute-incontra-il-prefetto-di-reggio\/#primaryimage\",\"url\":\"https:\/\/progettotouring.it\/radiotouring104\/wp-content\/uploads\/sites\/6\/2022\/11\/Anna-Maria-Stanganelli.jpeg\",\"contentUrl\":\"https:\/\/progettotouring.it\/radiotouring104\/wp-content\/uploads\/sites\/6\/2022\/11\/Anna-Maria-Stanganelli.jpeg\",\"width\":951,\"height\":723},{\"@type\":\"BreadcrumbList\",\"@id\":\"https:\/\/progettotouring.it\/radiotouring104\/2022\/12\/29\/garante-regionale-alla-salute-incontra-il-prefetto-di-reggio\/#breadcrumb\",\"itemListElement\":[{\"@type\":\"ListItem\",\"position\":1,\"name\":\"Home\",\"item\":\"https:\/\/progettotouring.it\/radiotouring104\/\"},{\"@type\":\"ListItem\",\"position\":2,\"name\":\"Garante Regionale alla Salute incontra il prefetto di Reggio\"}]},{\"@type\":\"WebSite\",\"@id\":\"https:\/\/progettotouring.it\/radiotouring104\/#website\",\"url\":\"https:\/\/progettotouring.it\/radiotouring104\/\",\"name\":\"Radio Touring 104\",\"description\":\"La prima radio Reggina\",\"publisher\":{\"@id\":\"https:\/\/progettotouring.it\/radiotouring104\/#organization\"},\"potentialAction\":[{\"@type\":\"SearchAction\",\"target\":{\"@type\":\"EntryPoint\",\"urlTemplate\":\"https:\/\/progettotouring.it\/radiotouring104\/?s={search_term_string}\"},\"query-input\":{\"@type\":\"PropertyValueSpecification\",\"valueRequired\":true,\"valueName\":\"search_term_string\"}}],\"inLanguage\":\"it-IT\"},{\"@type\":\"Organization\",\"@id\":\"https:\/\/progettotouring.it\/radiotouring104\/#organization\",\"name\":\"Radio Touring 104\",\"url\":\"https:\/\/progettotouring.it\/radiotouring104\/\",\"logo\":{\"@type\":\"ImageObject\",\"inLanguage\":\"it-IT\",\"@id\":\"https:\/\/progettotouring.it\/radiotouring104\/#\/schema\/logo\/image\/\",\"url\":\"https:\/\/progettotouring.it\/radiotouring104\/wp-content\/uploads\/sites\/6\/2022\/02\/cropped-logo-radio-touring-104.png\",\"contentUrl\":\"https:\/\/progettotouring.it\/radiotouring104\/wp-content\/uploads\/sites\/6\/2022\/02\/cropped-logo-radio-touring-104.png\",\"width\":377,\"height\":182,\"caption\":\"Radio Touring 104\"},\"image\":{\"@id\":\"https:\/\/progettotouring.it\/radiotouring104\/#\/schema\/logo\/image\/\"}},{\"@type\":\"Person\",\"@id\":\"https:\/\/progettotouring.it\/radiotouring104\/#\/schema\/person\/78613917f1851f041f7483f5af1d422e\",\"name\":\"Sebastiano Plutino\",\"image\":{\"@type\":\"ImageObject\",\"inLanguage\":\"it-IT\",\"@id\":\"https:\/\/secure.gravatar.com\/avatar\/0546ffaa9b79224faf9f2a156b67a529ae861d3287c66c1d8ccfdf909bcba78d?s=96&d=mm&r=g\",\"url\":\"https:\/\/secure.gravatar.com\/avatar\/0546ffaa9b79224faf9f2a156b67a529ae861d3287c66c1d8ccfdf909bcba78d?s=96&d=mm&r=g\",\"contentUrl\":\"https:\/\/secure.gravatar.com\/avatar\/0546ffaa9b79224faf9f2a156b67a529ae861d3287c66c1d8ccfdf909bcba78d?s=96&d=mm&r=g\",\"caption\":\"Sebastiano Plutino\"},\"url\":\"https:\/\/progettotouring.it\/radiotouring104\/author\/sebastiano\/\"}]}<\/script>\n<!-- \/ Yoast SEO plugin. -->","yoast_head_json":{"title":"Garante Regionale alla Salute incontra il prefetto di Reggio","description":"Il Garante, Stanganelli, nelle visite istituzionali nel territorio della Citt\u00e0 Metropolitana ha incontrato a Reggio il Prefetto Mariani.","robots":{"index":"index","follow":"follow","max-snippet":"max-snippet:-1","max-image-preview":"max-image-preview:large","max-video-preview":"max-video-preview:-1"},"canonical":"https:\/\/progettotouring.it\/radiotouring104\/2022\/12\/29\/garante-regionale-alla-salute-incontra-il-prefetto-di-reggio\/","og_locale":"it_IT","og_type":"article","og_title":"Garante Regionale alla Salute incontra il prefetto di Reggio","og_description":"Il Garante, Stanganelli, nelle visite istituzionali nel territorio della Citt\u00e0 Metropolitana ha incontrato a Reggio il Prefetto Mariani.","og_url":"https:\/\/progettotouring.it\/radiotouring104\/2022\/12\/29\/garante-regionale-alla-salute-incontra-il-prefetto-di-reggio\/","og_site_name":"Radio Touring 104","article_published_time":"2022-12-29T09:54:00+00:00","article_modified_time":"2022-12-29T09:55:50+00:00","og_image":[{"width":951,"height":723,"url":"https:\/\/progettotouring.it\/radiotouring104\/wp-content\/uploads\/sites\/6\/2022\/11\/Anna-Maria-Stanganelli.jpeg","type":"image\/jpeg"}],"author":"Sebastiano Plutino","twitter_card":"summary_large_image","twitter_misc":{"Scritto da":"Sebastiano Plutino","Tempo di lettura stimato":"2 minuti"},"schema":{"@context":"https:\/\/schema.org","@graph":[{"@type":"Article","@id":"https:\/\/progettotouring.it\/radiotouring104\/2022\/12\/29\/garante-regionale-alla-salute-incontra-il-prefetto-di-reggio\/#article","isPartOf":{"@id":"https:\/\/progettotouring.it\/radiotouring104\/2022\/12\/29\/garante-regionale-alla-salute-incontra-il-prefetto-di-reggio\/"},"author":{"name":"Sebastiano Plutino","@id":"https:\/\/progettotouring.it\/radiotouring104\/#\/schema\/person\/78613917f1851f041f7483f5af1d422e"},"headline":"Garante Regionale alla Salute incontra il prefetto di Reggio","datePublished":"2022-12-29T09:54:00+00:00","dateModified":"2022-12-29T09:55:50+00:00","mainEntityOfPage":{"@id":"https:\/\/progettotouring.it\/radiotouring104\/2022\/12\/29\/garante-regionale-alla-salute-incontra-il-prefetto-di-reggio\/"},"wordCount":321,"commentCount":0,"publisher":{"@id":"https:\/\/progettotouring.it\/radiotouring104\/#organization"},"image":{"@id":"https:\/\/progettotouring.it\/radiotouring104\/2022\/12\/29\/garante-regionale-alla-salute-incontra-il-prefetto-di-reggio\/#primaryimage"},"thumbnailUrl":"https:\/\/progettotouring.it\/radiotouring104\/wp-content\/uploads\/sites\/6\/2022\/11\/Anna-Maria-Stanganelli.jpeg","keywords":["Anna Maria Stanganelli","lavoro in rete dei livelli istituzionali","Massimo Mariani","sicurezza personale medico","tutela sanitaria alla collettivit\u00e0"],"articleSection":["Home","In primo piano","News","Reggio Calabria"],"inLanguage":"it-IT","potentialAction":[{"@type":"CommentAction","name":"Comment","target":["https:\/\/progettotouring.it\/radiotouring104\/2022\/12\/29\/garante-regionale-alla-salute-incontra-il-prefetto-di-reggio\/#respond"]}]},{"@type":"WebPage","@id":"https:\/\/progettotouring.it\/radiotouring104\/2022\/12\/29\/garante-regionale-alla-salute-incontra-il-prefetto-di-reggio\/","url":"https:\/\/progettotouring.it\/radiotouring104\/2022\/12\/29\/garante-regionale-alla-salute-incontra-il-prefetto-di-reggio\/","name":"Garante Regionale alla Salute incontra il prefetto di Reggio","isPartOf":{"@id":"https:\/\/progettotouring.it\/radiotouring104\/#website"},"primaryImageOfPage":{"@id":"https:\/\/progettotouring.it\/radiotouring104\/2022\/12\/29\/garante-regionale-alla-salute-incontra-il-prefetto-di-reggio\/#primaryimage"},"image":{"@id":"https:\/\/progettotouring.it\/radiotouring104\/2022\/12\/29\/garante-regionale-alla-salute-incontra-il-prefetto-di-reggio\/#primaryimage"},"thumbnailUrl":"https:\/\/progettotouring.it\/radiotouring104\/wp-content\/uploads\/sites\/6\/2022\/11\/Anna-Maria-Stanganelli.jpeg","datePublished":"2022-12-29T09:54:00+00:00","dateModified":"2022-12-29T09:55:50+00:00","description":"Il Garante, Stanganelli, nelle visite istituzionali nel territorio della Citt\u00e0 Metropolitana ha incontrato a Reggio il Prefetto Mariani.","breadcrumb":{"@id":"https:\/\/progettotouring.it\/radiotouring104\/2022\/12\/29\/garante-regionale-alla-salute-incontra-il-prefetto-di-reggio\/#breadcrumb"},"inLanguage":"it-IT","potentialAction":[{"@type":"ReadAction","target":["https:\/\/progettotouring.it\/radiotouring104\/2022\/12\/29\/garante-regionale-alla-salute-incontra-il-prefetto-di-reggio\/"]}]},{"@type":"ImageObject","inLanguage":"it-IT","@id":"https:\/\/progettotouring.it\/radiotouring104\/2022\/12\/29\/garante-regionale-alla-salute-incontra-il-prefetto-di-reggio\/#primaryimage","url":"https:\/\/progettotouring.it\/radiotouring104\/wp-content\/uploads\/sites\/6\/2022\/11\/Anna-Maria-Stanganelli.jpeg","contentUrl":"https:\/\/progettotouring.it\/radiotouring104\/wp-content\/uploads\/sites\/6\/2022\/11\/Anna-Maria-Stanganelli.jpeg","width":951,"height":723},{"@type":"BreadcrumbList","@id":"https:\/\/progettotouring.it\/radiotouring104\/2022\/12\/29\/garante-regionale-alla-salute-incontra-il-prefetto-di-reggio\/#breadcrumb","itemListElement":[{"@type":"ListItem","position":1,"name":"Home","item":"https:\/\/progettotouring.it\/radiotouring104\/"},{"@type":"ListItem","position":2,"name":"Garante Regionale alla Salute incontra il prefetto di Reggio"}]},{"@type":"WebSite","@id":"https:\/\/progettotouring.it\/radiotouring104\/#website","url":"https:\/\/progettotouring.it\/radiotouring104\/","name":"Radio Touring 104","description":"La prima radio Reggina","publisher":{"@id":"https:\/\/progettotouring.it\/radiotouring104\/#organization"},"potentialAction":[{"@type":"SearchAction","target":{"@type":"EntryPoint","urlTemplate":"https:\/\/progettotouring.it\/radiotouring104\/?s={search_term_string}"},"query-input":{"@type":"PropertyValueSpecification","valueRequired":true,"valueName":"search_term_string"}}],"inLanguage":"it-IT"},{"@type":"Organization","@id":"https:\/\/progettotouring.it\/radiotouring104\/#organization","name":"Radio Touring 104","url":"https:\/\/progettotouring.it\/radiotouring104\/","logo":{"@type":"ImageObject","inLanguage":"it-IT","@id":"https:\/\/progettotouring.it\/radiotouring104\/#\/schema\/logo\/image\/","url":"https:\/\/progettotouring.it\/radiotouring104\/wp-content\/uploads\/sites\/6\/2022\/02\/cropped-logo-radio-touring-104.png","contentUrl":"https:\/\/progettotouring.it\/radiotouring104\/wp-content\/uploads\/sites\/6\/2022\/02\/cropped-logo-radio-touring-104.png","width":377,"height":182,"caption":"Radio Touring 104"},"image":{"@id":"https:\/\/progettotouring.it\/radiotouring104\/#\/schema\/logo\/image\/"}},{"@type":"Person","@id":"https:\/\/progettotouring.it\/radiotouring104\/#\/schema\/person\/78613917f1851f041f7483f5af1d422e","name":"Sebastiano Plutino","image":{"@type":"ImageObject","inLanguage":"it-IT","@id":"https:\/\/secure.gravatar.com\/avatar\/0546ffaa9b79224faf9f2a156b67a529ae861d3287c66c1d8ccfdf909bcba78d?s=96&d=mm&r=g","url":"https:\/\/secure.gravatar.com\/avatar\/0546ffaa9b79224faf9f2a156b67a529ae861d3287c66c1d8ccfdf909bcba78d?s=96&d=mm&r=g","contentUrl":"https:\/\/secure.gravatar.com\/avatar\/0546ffaa9b79224faf9f2a156b67a529ae861d3287c66c1d8ccfdf909bcba78d?s=96&d=mm&r=g","caption":"Sebastiano Plutino"},"url":"https:\/\/progettotouring.it\/radiotouring104\/author\/sebastiano\/"}]}},"jetpack_publicize_connections":[],"jetpack_featured_media_url":"https:\/\/progettotouring.it\/radiotouring104\/wp-content\/uploads\/sites\/6\/2022\/11\/Anna-Maria-Stanganelli.jpeg","jetpack_sharing_enabled":true,"_links":{"self":[{"href":"https:\/\/progettotouring.it\/radiotouring104\/wp-json\/wp\/v2\/posts\/15761","targetHints":{"allow":["GET"]}}],"collection":[{"href":"https:\/\/progettotouring.it\/radiotouring104\/wp-json\/wp\/v2\/posts"}],"about":[{"href":"https:\/\/progettotouring.it\/radiotouring104\/wp-json\/wp\/v2\/types\/post"}],"author":[{"embeddable":true,"href":"https:\/\/progettotouring.it\/radiotouring104\/wp-json\/wp\/v2\/users\/12"}],"replies":[{"embeddable":true,"href":"https:\/\/progettotouring.it\/radiotouring104\/wp-json\/wp\/v2\/comments?post=15761"}],"version-history":[{"count":1,"href":"https:\/\/progettotouring.it\/radiotouring104\/wp-json\/wp\/v2\/posts\/15761\/revisions"}],"predecessor-version":[{"id":15762,"href":"https:\/\/progettotouring.it\/radiotouring104\/wp-json\/wp\/v2\/posts\/15761\/revisions\/15762"}],"wp:featuredmedia":[{"embeddable":true,"href":"https:\/\/progettotouring.it\/radiotouring104\/wp-json\/wp\/v2\/media\/13151"}],"wp:attachment":[{"href":"https:\/\/progettotouring.it\/radiotouring104\/wp-json\/wp\/v2\/media?parent=15761"}],"wp:term":[{"taxonomy":"category","embeddable":true,"href":"https:\/\/progettotouring.it\/radiotouring104\/wp-json\/wp\/v2\/categories?post=15761"},{"taxonomy":"post_tag","embeddable":true,"href":"https:\/\/progettotouring.it\/radiotouring104\/wp-json\/wp\/v2\/tags?post=15761"}],"curies":[{"name":"wp","href":"https:\/\/api.w.org\/{rel}","templated":true}]}}