{"id":15776,"date":"2022-12-29T12:07:18","date_gmt":"2022-12-29T11:07:18","guid":{"rendered":"https:\/\/progettotouring.it\/radiotouring104\/?p=15776"},"modified":"2022-12-29T12:09:38","modified_gmt":"2022-12-29T11:09:38","slug":"il-tar-diffida-il-comune-sul-caos-edilizia-popolare","status":"publish","type":"post","link":"https:\/\/progettotouring.it\/radiotouring104\/2022\/12\/29\/il-tar-diffida-il-comune-sul-caos-edilizia-popolare\/","title":{"rendered":"Il TAR diffida il Comune sul caos edilizia popolare"},"content":{"rendered":"<p class=\"xmprfx_MsoNormal\">La storia si ripete e si ripeter\u00e0 fino a data da destinarsi. Non ne fanno una giusta. Questa volta \u00e8 il TAR, a bocciare sonoramente il Settore Patrimonio edilizio del Comune di Reggio Calabria nella persona del Sindaco f.f. Paolo Brunetti e dell\u2019Assessore al ramo Francesco Gangemi, il quale, mentre paralizza le procedure per l\u2019avviamento dei concorsi al Comune, ha pure il tempo di bloccare la procedura di assegnazione degli alloggi popolari con continue richieste di pareri e rinvii a tempo indeterminato. Di governare e di risolvere i problemi dei reggini per\u00f2 non ne vogliono sapere.<\/p>\n<p class=\"xmprfx_MsoNormal\">Chiedo pertanto\u00a0<b>le immediate dimissioni<\/b>\u00a0dell\u2019Assessore al Patrimonio Edilizio perch\u00e9, se Francesco Gangemi non si dimette questa volta, vuol dire che anche chi \u00e8 nato nella prima Repubblica, dove certe regole erano inflessibili, ha smarrito ogni pudore rispetto al ruolo pubblico che riveste.<\/p>\n<p class=\"xmprfx_MsoNormal\">Il totale fallimento, che prima di essere certificato dal TAR, \u00e8 chiaramente visibile dal caos totale che regna nell\u2019Assessorato Patrimonio Edilizio e non pu\u00f2 essere nascosto nemmeno dall\u2019azione dei super eroi dell\u2019ufficio propaganda che certamente si mobiliter\u00e0 in queste ore per coprire il tutto e lanciare la palla fuori campo.<\/p>\n<p class=\"xmprfx_MsoNormal\">I fatti sono incontrovertibili cos\u00ec come scritto dai Giudici del TAR che risulta chiarissimo.<\/p>\n<p class=\"xmprfx_MsoNormal\">Fra trenta giorni infatti, se il Comune non assegner\u00e0 gli alloggi, il dispositivo prevede il Commissariamento del Settore Patrimonio edilizio da parte del Prefetto che provveder\u00e0 ad assegnare gli alloggi agli aventi diritto che da anni soccombono inascoltati.<\/p>\n<p class=\"xmprfx_MsoNormal\">Un contenzioso senza fine che ha costretto i poveri cittadini reggini a rivolgersi, per avere giustizia, ai Giudici i quali, grazie a Dio, sono intervenuti con grande risolutezza e precisione con un dispositivo che certamente passer\u00e0 alla storia.<\/p>\n<p class=\"xmprfx_MsoNormal\">I commissariamenti sono sempre una sciagura perch\u00e9 certificano la sconfitta della democrazia e dei rappresentanti istituzionali eletti liberamente dal popolo sovrano. Ma in questo caso, vista la situazione incredibilmente grave che si \u00e8 generata, auspichiamo che il signor Prefetto con i suoi uffici metta la parola fine a questa tristissima storia che come sempre colpisce le fasce pi\u00f9 deboli e bisognose della popolazione.<\/p>\n<p class=\"xmprfx_MsoNormal\">Questa \u00e8 un\u2019altra delle storie infinite che dura da anni e che vede come sfortunati protagonisti i legittimi assegnatari degli alloggi e le Associazioni che dalla mattina alla sera, con incredibile determinazione, condita da altrettanta delicatezza ed educazione, cercano di stimolare l\u2019amministrazione a fare il proprio dovere. S\u00ec, a fare il proprio dovere.<\/p>\n<p class=\"xmprfx_MsoNormal\">In questi anni \u00e8 stato fatto un infinito numero di riunioni, di lettere e di sit-in, che non hanno mai sortito nulla. Ci\u00f2 perch\u00e9 dall\u2019altra parte\u00a0<i>c\u2019\u00e8,<\/i>\u00a0da ben otto anni, l\u2019armata Brancaleone Falcomat\u00e0 che non \u00e8 mai riuscita a risolvere nulla in alcun settore.<\/p>\n<p class=\"xmprfx_MsoNormal\">Il paradigma ormai \u00e8 chiarissimo ed inequivocabile visto che ovunque l\u2019amministrazione Falcomat\u00e0 mette mano\u00a0<b>non cresce pi\u00f9 l\u2019erba<\/b>. L\u2019incapacit\u00e0 politica e la relativa sciatteria dell\u2019amministrazione pi\u00f9 devastante della storia \u00e8 come un\u00a0<b><i>diserbante che uccide e desertifica tutto.<\/i><\/b>\u00a0Non si salva nessun settore che si vada ad esplorare e controllare e vi \u00e8 confusione e mala gestione ovunque dove ad essere soccombenti sono sempre i soliti cittadini soprattutto i pi\u00f9 bisognosi.<\/p>\n<p class=\"xmprfx_MsoNormal\">Domani nei preliminari del Consiglio Comunale chieder\u00f2 ufficialmente le dimissioni dell\u2019Assessore Gangemi e chieder\u00f2 al Sindaco f.f. Brunetti di assumere urgenti provvedimenti affinch\u00e9 il settore Patrimonio Edilizio sia potenziato con l\u2019avvio immediato dei tanto agognati concorsi che lo stesso assessore Gangemi ha momentaneamente congelato a tempo indeterminato.<\/p>\n","protected":false},"excerpt":{"rendered":"<p>La storia si ripete e si ripeter\u00e0 fino a data da destinarsi. Non ne fanno una giusta. Questa volta \u00e8 il TAR, a bocciare sonoramente il Settore Patrimonio edilizio del&hellip;<\/p>\n","protected":false},"author":12,"featured_media":9958,"comment_status":"open","ping_status":"open","sticky":false,"template":"","format":"standard","meta":{"_jetpack_memberships_contains_paid_content":false,"footnotes":"","jetpack_publicize_message":"","jetpack_publicize_feature_enabled":true,"jetpack_social_post_already_shared":false,"jetpack_social_options":{"image_generator_settings":{"template":"highway","default_image_id":0,"font":"","enabled":false},"version":2}},"categories":[921,196,140],"tags":[7833,2080,808,495,7832,2888],"class_list":["post-15776","post","type-post","status-publish","format-standard","has-post-thumbnail","hentry","category-home","category-news","category-reggio-calabria","tag-alloggi-popolari","tag-francesco-gangemi","tag-massimo-ripepi","tag-paolo-brunetti","tag-settore-patrimonio-edilizio-del-comune-di-reggio-calabri","tag-tar"],"yoast_head":"<!-- This site is optimized with the Yoast SEO plugin v27.2 - https:\/\/yoast.com\/product\/yoast-seo-wordpress\/ -->\n<title>Il TAR diffida il Comune sul caos edilizia popolare<\/title>\n<meta name=\"description\" content=\"Il Consigliere Ripepi critica Brunetti e l&#039;Ass. Gangemi, del quale chiede dimissioni, perch\u00e8 bloccherebbe la procedura d&#039;assegnazione alloggi\" \/>\n<meta name=\"robots\" content=\"index, follow, max-snippet:-1, max-image-preview:large, max-video-preview:-1\" \/>\n<link rel=\"canonical\" href=\"https:\/\/progettotouring.it\/radiotouring104\/2022\/12\/29\/il-tar-diffida-il-comune-sul-caos-edilizia-popolare\/\" \/>\n<meta property=\"og:locale\" content=\"it_IT\" \/>\n<meta property=\"og:type\" content=\"article\" \/>\n<meta property=\"og:title\" content=\"Il TAR diffida il Comune sul caos edilizia popolare\" \/>\n<meta property=\"og:description\" content=\"Il Consigliere Ripepi critica Brunetti e l&#039;Ass. Gangemi, del quale chiede dimissioni, perch\u00e8 bloccherebbe la procedura d&#039;assegnazione alloggi\" \/>\n<meta property=\"og:url\" content=\"https:\/\/progettotouring.it\/radiotouring104\/2022\/12\/29\/il-tar-diffida-il-comune-sul-caos-edilizia-popolare\/\" \/>\n<meta property=\"og:site_name\" content=\"Radio Touring 104\" \/>\n<meta property=\"article:published_time\" content=\"2022-12-29T11:07:18+00:00\" \/>\n<meta property=\"article:modified_time\" content=\"2022-12-29T11:09:38+00:00\" \/>\n<meta property=\"og:image\" content=\"https:\/\/progettotouring.it\/radiotouring104\/wp-content\/uploads\/sites\/6\/2022\/09\/massimo-ripepi.jpeg\" \/>\n\t<meta property=\"og:image:width\" content=\"671\" \/>\n\t<meta property=\"og:image:height\" content=\"879\" \/>\n\t<meta property=\"og:image:type\" content=\"image\/jpeg\" \/>\n<meta name=\"author\" content=\"Sebastiano Plutino\" \/>\n<meta name=\"twitter:card\" content=\"summary_large_image\" \/>\n<meta name=\"twitter:label1\" content=\"Scritto da\" \/>\n\t<meta name=\"twitter:data1\" content=\"Sebastiano Plutino\" \/>\n\t<meta name=\"twitter:label2\" content=\"Tempo di lettura stimato\" \/>\n\t<meta name=\"twitter:data2\" content=\"3 minuti\" \/>\n<script type=\"application\/ld+json\" class=\"yoast-schema-graph\">{\"@context\":\"https:\/\/schema.org\",\"@graph\":[{\"@type\":\"Article\",\"@id\":\"https:\/\/progettotouring.it\/radiotouring104\/2022\/12\/29\/il-tar-diffida-il-comune-sul-caos-edilizia-popolare\/#article\",\"isPartOf\":{\"@id\":\"https:\/\/progettotouring.it\/radiotouring104\/2022\/12\/29\/il-tar-diffida-il-comune-sul-caos-edilizia-popolare\/\"},\"author\":{\"name\":\"Sebastiano Plutino\",\"@id\":\"https:\/\/progettotouring.it\/radiotouring104\/#\/schema\/person\/78613917f1851f041f7483f5af1d422e\"},\"headline\":\"Il TAR diffida il Comune sul caos edilizia popolare\",\"datePublished\":\"2022-12-29T11:07:18+00:00\",\"dateModified\":\"2022-12-29T11:09:38+00:00\",\"mainEntityOfPage\":{\"@id\":\"https:\/\/progettotouring.it\/radiotouring104\/2022\/12\/29\/il-tar-diffida-il-comune-sul-caos-edilizia-popolare\/\"},\"wordCount\":575,\"commentCount\":0,\"publisher\":{\"@id\":\"https:\/\/progettotouring.it\/radiotouring104\/#organization\"},\"image\":{\"@id\":\"https:\/\/progettotouring.it\/radiotouring104\/2022\/12\/29\/il-tar-diffida-il-comune-sul-caos-edilizia-popolare\/#primaryimage\"},\"thumbnailUrl\":\"https:\/\/progettotouring.it\/radiotouring104\/wp-content\/uploads\/sites\/6\/2022\/09\/massimo-ripepi.jpeg\",\"keywords\":[\"alloggi popolari\",\"Francesco Gangemi\",\"Massimo Ripepi\",\"Paolo Brunetti\",\"Settore Patrimonio edilizio del Comune di Reggio Calabri\",\"TAR\"],\"articleSection\":[\"Home\",\"News\",\"Reggio Calabria\"],\"inLanguage\":\"it-IT\",\"potentialAction\":[{\"@type\":\"CommentAction\",\"name\":\"Comment\",\"target\":[\"https:\/\/progettotouring.it\/radiotouring104\/2022\/12\/29\/il-tar-diffida-il-comune-sul-caos-edilizia-popolare\/#respond\"]}]},{\"@type\":\"WebPage\",\"@id\":\"https:\/\/progettotouring.it\/radiotouring104\/2022\/12\/29\/il-tar-diffida-il-comune-sul-caos-edilizia-popolare\/\",\"url\":\"https:\/\/progettotouring.it\/radiotouring104\/2022\/12\/29\/il-tar-diffida-il-comune-sul-caos-edilizia-popolare\/\",\"name\":\"Il TAR diffida il Comune sul caos edilizia popolare\",\"isPartOf\":{\"@id\":\"https:\/\/progettotouring.it\/radiotouring104\/#website\"},\"primaryImageOfPage\":{\"@id\":\"https:\/\/progettotouring.it\/radiotouring104\/2022\/12\/29\/il-tar-diffida-il-comune-sul-caos-edilizia-popolare\/#primaryimage\"},\"image\":{\"@id\":\"https:\/\/progettotouring.it\/radiotouring104\/2022\/12\/29\/il-tar-diffida-il-comune-sul-caos-edilizia-popolare\/#primaryimage\"},\"thumbnailUrl\":\"https:\/\/progettotouring.it\/radiotouring104\/wp-content\/uploads\/sites\/6\/2022\/09\/massimo-ripepi.jpeg\",\"datePublished\":\"2022-12-29T11:07:18+00:00\",\"dateModified\":\"2022-12-29T11:09:38+00:00\",\"description\":\"Il Consigliere Ripepi critica Brunetti e l'Ass. Gangemi, del quale chiede dimissioni, perch\u00e8 bloccherebbe la procedura d'assegnazione alloggi\",\"breadcrumb\":{\"@id\":\"https:\/\/progettotouring.it\/radiotouring104\/2022\/12\/29\/il-tar-diffida-il-comune-sul-caos-edilizia-popolare\/#breadcrumb\"},\"inLanguage\":\"it-IT\",\"potentialAction\":[{\"@type\":\"ReadAction\",\"target\":[\"https:\/\/progettotouring.it\/radiotouring104\/2022\/12\/29\/il-tar-diffida-il-comune-sul-caos-edilizia-popolare\/\"]}]},{\"@type\":\"ImageObject\",\"inLanguage\":\"it-IT\",\"@id\":\"https:\/\/progettotouring.it\/radiotouring104\/2022\/12\/29\/il-tar-diffida-il-comune-sul-caos-edilizia-popolare\/#primaryimage\",\"url\":\"https:\/\/progettotouring.it\/radiotouring104\/wp-content\/uploads\/sites\/6\/2022\/09\/massimo-ripepi.jpeg\",\"contentUrl\":\"https:\/\/progettotouring.it\/radiotouring104\/wp-content\/uploads\/sites\/6\/2022\/09\/massimo-ripepi.jpeg\",\"width\":671,\"height\":879},{\"@type\":\"BreadcrumbList\",\"@id\":\"https:\/\/progettotouring.it\/radiotouring104\/2022\/12\/29\/il-tar-diffida-il-comune-sul-caos-edilizia-popolare\/#breadcrumb\",\"itemListElement\":[{\"@type\":\"ListItem\",\"position\":1,\"name\":\"Home\",\"item\":\"https:\/\/progettotouring.it\/radiotouring104\/\"},{\"@type\":\"ListItem\",\"position\":2,\"name\":\"Il TAR diffida il Comune sul caos edilizia popolare\"}]},{\"@type\":\"WebSite\",\"@id\":\"https:\/\/progettotouring.it\/radiotouring104\/#website\",\"url\":\"https:\/\/progettotouring.it\/radiotouring104\/\",\"name\":\"Radio Touring 104\",\"description\":\"La prima radio Reggina\",\"publisher\":{\"@id\":\"https:\/\/progettotouring.it\/radiotouring104\/#organization\"},\"potentialAction\":[{\"@type\":\"SearchAction\",\"target\":{\"@type\":\"EntryPoint\",\"urlTemplate\":\"https:\/\/progettotouring.it\/radiotouring104\/?s={search_term_string}\"},\"query-input\":{\"@type\":\"PropertyValueSpecification\",\"valueRequired\":true,\"valueName\":\"search_term_string\"}}],\"inLanguage\":\"it-IT\"},{\"@type\":\"Organization\",\"@id\":\"https:\/\/progettotouring.it\/radiotouring104\/#organization\",\"name\":\"Radio Touring 104\",\"url\":\"https:\/\/progettotouring.it\/radiotouring104\/\",\"logo\":{\"@type\":\"ImageObject\",\"inLanguage\":\"it-IT\",\"@id\":\"https:\/\/progettotouring.it\/radiotouring104\/#\/schema\/logo\/image\/\",\"url\":\"https:\/\/progettotouring.it\/radiotouring104\/wp-content\/uploads\/sites\/6\/2022\/02\/cropped-logo-radio-touring-104.png\",\"contentUrl\":\"https:\/\/progettotouring.it\/radiotouring104\/wp-content\/uploads\/sites\/6\/2022\/02\/cropped-logo-radio-touring-104.png\",\"width\":377,\"height\":182,\"caption\":\"Radio Touring 104\"},\"image\":{\"@id\":\"https:\/\/progettotouring.it\/radiotouring104\/#\/schema\/logo\/image\/\"}},{\"@type\":\"Person\",\"@id\":\"https:\/\/progettotouring.it\/radiotouring104\/#\/schema\/person\/78613917f1851f041f7483f5af1d422e\",\"name\":\"Sebastiano Plutino\",\"image\":{\"@type\":\"ImageObject\",\"inLanguage\":\"it-IT\",\"@id\":\"https:\/\/secure.gravatar.com\/avatar\/0546ffaa9b79224faf9f2a156b67a529ae861d3287c66c1d8ccfdf909bcba78d?s=96&d=mm&r=g\",\"url\":\"https:\/\/secure.gravatar.com\/avatar\/0546ffaa9b79224faf9f2a156b67a529ae861d3287c66c1d8ccfdf909bcba78d?s=96&d=mm&r=g\",\"contentUrl\":\"https:\/\/secure.gravatar.com\/avatar\/0546ffaa9b79224faf9f2a156b67a529ae861d3287c66c1d8ccfdf909bcba78d?s=96&d=mm&r=g\",\"caption\":\"Sebastiano Plutino\"},\"url\":\"https:\/\/progettotouring.it\/radiotouring104\/author\/sebastiano\/\"}]}<\/script>\n<!-- \/ Yoast SEO plugin. -->","yoast_head_json":{"title":"Il TAR diffida il Comune sul caos edilizia popolare","description":"Il Consigliere Ripepi critica Brunetti e l'Ass. Gangemi, del quale chiede dimissioni, perch\u00e8 bloccherebbe la procedura d'assegnazione alloggi","robots":{"index":"index","follow":"follow","max-snippet":"max-snippet:-1","max-image-preview":"max-image-preview:large","max-video-preview":"max-video-preview:-1"},"canonical":"https:\/\/progettotouring.it\/radiotouring104\/2022\/12\/29\/il-tar-diffida-il-comune-sul-caos-edilizia-popolare\/","og_locale":"it_IT","og_type":"article","og_title":"Il TAR diffida il Comune sul caos edilizia popolare","og_description":"Il Consigliere Ripepi critica Brunetti e l'Ass. Gangemi, del quale chiede dimissioni, perch\u00e8 bloccherebbe la procedura d'assegnazione alloggi","og_url":"https:\/\/progettotouring.it\/radiotouring104\/2022\/12\/29\/il-tar-diffida-il-comune-sul-caos-edilizia-popolare\/","og_site_name":"Radio Touring 104","article_published_time":"2022-12-29T11:07:18+00:00","article_modified_time":"2022-12-29T11:09:38+00:00","og_image":[{"width":671,"height":879,"url":"https:\/\/progettotouring.it\/radiotouring104\/wp-content\/uploads\/sites\/6\/2022\/09\/massimo-ripepi.jpeg","type":"image\/jpeg"}],"author":"Sebastiano Plutino","twitter_card":"summary_large_image","twitter_misc":{"Scritto da":"Sebastiano Plutino","Tempo di lettura stimato":"3 minuti"},"schema":{"@context":"https:\/\/schema.org","@graph":[{"@type":"Article","@id":"https:\/\/progettotouring.it\/radiotouring104\/2022\/12\/29\/il-tar-diffida-il-comune-sul-caos-edilizia-popolare\/#article","isPartOf":{"@id":"https:\/\/progettotouring.it\/radiotouring104\/2022\/12\/29\/il-tar-diffida-il-comune-sul-caos-edilizia-popolare\/"},"author":{"name":"Sebastiano Plutino","@id":"https:\/\/progettotouring.it\/radiotouring104\/#\/schema\/person\/78613917f1851f041f7483f5af1d422e"},"headline":"Il TAR diffida il Comune sul caos edilizia popolare","datePublished":"2022-12-29T11:07:18+00:00","dateModified":"2022-12-29T11:09:38+00:00","mainEntityOfPage":{"@id":"https:\/\/progettotouring.it\/radiotouring104\/2022\/12\/29\/il-tar-diffida-il-comune-sul-caos-edilizia-popolare\/"},"wordCount":575,"commentCount":0,"publisher":{"@id":"https:\/\/progettotouring.it\/radiotouring104\/#organization"},"image":{"@id":"https:\/\/progettotouring.it\/radiotouring104\/2022\/12\/29\/il-tar-diffida-il-comune-sul-caos-edilizia-popolare\/#primaryimage"},"thumbnailUrl":"https:\/\/progettotouring.it\/radiotouring104\/wp-content\/uploads\/sites\/6\/2022\/09\/massimo-ripepi.jpeg","keywords":["alloggi popolari","Francesco Gangemi","Massimo Ripepi","Paolo Brunetti","Settore Patrimonio edilizio del Comune di Reggio Calabri","TAR"],"articleSection":["Home","News","Reggio Calabria"],"inLanguage":"it-IT","potentialAction":[{"@type":"CommentAction","name":"Comment","target":["https:\/\/progettotouring.it\/radiotouring104\/2022\/12\/29\/il-tar-diffida-il-comune-sul-caos-edilizia-popolare\/#respond"]}]},{"@type":"WebPage","@id":"https:\/\/progettotouring.it\/radiotouring104\/2022\/12\/29\/il-tar-diffida-il-comune-sul-caos-edilizia-popolare\/","url":"https:\/\/progettotouring.it\/radiotouring104\/2022\/12\/29\/il-tar-diffida-il-comune-sul-caos-edilizia-popolare\/","name":"Il TAR diffida il Comune sul caos edilizia popolare","isPartOf":{"@id":"https:\/\/progettotouring.it\/radiotouring104\/#website"},"primaryImageOfPage":{"@id":"https:\/\/progettotouring.it\/radiotouring104\/2022\/12\/29\/il-tar-diffida-il-comune-sul-caos-edilizia-popolare\/#primaryimage"},"image":{"@id":"https:\/\/progettotouring.it\/radiotouring104\/2022\/12\/29\/il-tar-diffida-il-comune-sul-caos-edilizia-popolare\/#primaryimage"},"thumbnailUrl":"https:\/\/progettotouring.it\/radiotouring104\/wp-content\/uploads\/sites\/6\/2022\/09\/massimo-ripepi.jpeg","datePublished":"2022-12-29T11:07:18+00:00","dateModified":"2022-12-29T11:09:38+00:00","description":"Il Consigliere Ripepi critica Brunetti e l'Ass. Gangemi, del quale chiede dimissioni, perch\u00e8 bloccherebbe la procedura d'assegnazione alloggi","breadcrumb":{"@id":"https:\/\/progettotouring.it\/radiotouring104\/2022\/12\/29\/il-tar-diffida-il-comune-sul-caos-edilizia-popolare\/#breadcrumb"},"inLanguage":"it-IT","potentialAction":[{"@type":"ReadAction","target":["https:\/\/progettotouring.it\/radiotouring104\/2022\/12\/29\/il-tar-diffida-il-comune-sul-caos-edilizia-popolare\/"]}]},{"@type":"ImageObject","inLanguage":"it-IT","@id":"https:\/\/progettotouring.it\/radiotouring104\/2022\/12\/29\/il-tar-diffida-il-comune-sul-caos-edilizia-popolare\/#primaryimage","url":"https:\/\/progettotouring.it\/radiotouring104\/wp-content\/uploads\/sites\/6\/2022\/09\/massimo-ripepi.jpeg","contentUrl":"https:\/\/progettotouring.it\/radiotouring104\/wp-content\/uploads\/sites\/6\/2022\/09\/massimo-ripepi.jpeg","width":671,"height":879},{"@type":"BreadcrumbList","@id":"https:\/\/progettotouring.it\/radiotouring104\/2022\/12\/29\/il-tar-diffida-il-comune-sul-caos-edilizia-popolare\/#breadcrumb","itemListElement":[{"@type":"ListItem","position":1,"name":"Home","item":"https:\/\/progettotouring.it\/radiotouring104\/"},{"@type":"ListItem","position":2,"name":"Il TAR diffida il Comune sul caos edilizia popolare"}]},{"@type":"WebSite","@id":"https:\/\/progettotouring.it\/radiotouring104\/#website","url":"https:\/\/progettotouring.it\/radiotouring104\/","name":"Radio Touring 104","description":"La prima radio Reggina","publisher":{"@id":"https:\/\/progettotouring.it\/radiotouring104\/#organization"},"potentialAction":[{"@type":"SearchAction","target":{"@type":"EntryPoint","urlTemplate":"https:\/\/progettotouring.it\/radiotouring104\/?s={search_term_string}"},"query-input":{"@type":"PropertyValueSpecification","valueRequired":true,"valueName":"search_term_string"}}],"inLanguage":"it-IT"},{"@type":"Organization","@id":"https:\/\/progettotouring.it\/radiotouring104\/#organization","name":"Radio Touring 104","url":"https:\/\/progettotouring.it\/radiotouring104\/","logo":{"@type":"ImageObject","inLanguage":"it-IT","@id":"https:\/\/progettotouring.it\/radiotouring104\/#\/schema\/logo\/image\/","url":"https:\/\/progettotouring.it\/radiotouring104\/wp-content\/uploads\/sites\/6\/2022\/02\/cropped-logo-radio-touring-104.png","contentUrl":"https:\/\/progettotouring.it\/radiotouring104\/wp-content\/uploads\/sites\/6\/2022\/02\/cropped-logo-radio-touring-104.png","width":377,"height":182,"caption":"Radio Touring 104"},"image":{"@id":"https:\/\/progettotouring.it\/radiotouring104\/#\/schema\/logo\/image\/"}},{"@type":"Person","@id":"https:\/\/progettotouring.it\/radiotouring104\/#\/schema\/person\/78613917f1851f041f7483f5af1d422e","name":"Sebastiano Plutino","image":{"@type":"ImageObject","inLanguage":"it-IT","@id":"https:\/\/secure.gravatar.com\/avatar\/0546ffaa9b79224faf9f2a156b67a529ae861d3287c66c1d8ccfdf909bcba78d?s=96&d=mm&r=g","url":"https:\/\/secure.gravatar.com\/avatar\/0546ffaa9b79224faf9f2a156b67a529ae861d3287c66c1d8ccfdf909bcba78d?s=96&d=mm&r=g","contentUrl":"https:\/\/secure.gravatar.com\/avatar\/0546ffaa9b79224faf9f2a156b67a529ae861d3287c66c1d8ccfdf909bcba78d?s=96&d=mm&r=g","caption":"Sebastiano Plutino"},"url":"https:\/\/progettotouring.it\/radiotouring104\/author\/sebastiano\/"}]}},"jetpack_publicize_connections":[],"jetpack_featured_media_url":"https:\/\/progettotouring.it\/radiotouring104\/wp-content\/uploads\/sites\/6\/2022\/09\/massimo-ripepi.jpeg","jetpack_sharing_enabled":true,"_links":{"self":[{"href":"https:\/\/progettotouring.it\/radiotouring104\/wp-json\/wp\/v2\/posts\/15776","targetHints":{"allow":["GET"]}}],"collection":[{"href":"https:\/\/progettotouring.it\/radiotouring104\/wp-json\/wp\/v2\/posts"}],"about":[{"href":"https:\/\/progettotouring.it\/radiotouring104\/wp-json\/wp\/v2\/types\/post"}],"author":[{"embeddable":true,"href":"https:\/\/progettotouring.it\/radiotouring104\/wp-json\/wp\/v2\/users\/12"}],"replies":[{"embeddable":true,"href":"https:\/\/progettotouring.it\/radiotouring104\/wp-json\/wp\/v2\/comments?post=15776"}],"version-history":[{"count":1,"href":"https:\/\/progettotouring.it\/radiotouring104\/wp-json\/wp\/v2\/posts\/15776\/revisions"}],"predecessor-version":[{"id":15778,"href":"https:\/\/progettotouring.it\/radiotouring104\/wp-json\/wp\/v2\/posts\/15776\/revisions\/15778"}],"wp:featuredmedia":[{"embeddable":true,"href":"https:\/\/progettotouring.it\/radiotouring104\/wp-json\/wp\/v2\/media\/9958"}],"wp:attachment":[{"href":"https:\/\/progettotouring.it\/radiotouring104\/wp-json\/wp\/v2\/media?parent=15776"}],"wp:term":[{"taxonomy":"category","embeddable":true,"href":"https:\/\/progettotouring.it\/radiotouring104\/wp-json\/wp\/v2\/categories?post=15776"},{"taxonomy":"post_tag","embeddable":true,"href":"https:\/\/progettotouring.it\/radiotouring104\/wp-json\/wp\/v2\/tags?post=15776"}],"curies":[{"name":"wp","href":"https:\/\/api.w.org\/{rel}","templated":true}]}}