{"id":15809,"date":"2022-12-29T13:49:28","date_gmt":"2022-12-29T12:49:28","guid":{"rendered":"https:\/\/progettotouring.it\/radiotouring104\/?p=15809"},"modified":"2022-12-29T15:22:09","modified_gmt":"2022-12-29T14:22:09","slug":"lorigine-dellolio-dalla-storia-alla-mitologia-ai-tempi-doggi","status":"publish","type":"post","link":"https:\/\/progettotouring.it\/radiotouring104\/2022\/12\/29\/lorigine-dellolio-dalla-storia-alla-mitologia-ai-tempi-doggi\/","title":{"rendered":"L&#8217;origine dell&#8217;olio: dalla storia alla mitologia ai tempi d&#8217;oggi"},"content":{"rendered":"<p style=\"text-align: justify\">L&#8217;origine dell&#8217;olio d&#8217;oliva ha radici profonde che attraversano il tempo e le latitudini del mondo. Prezioso alleato per la salute, \u00e8 sempre stato alla base dell&#8217;alimentazione e al fianco anche delle donne nella cosmesi, ottimo ingrediente usato ancora oggi dalle migliori industrie del settore. I primi cenni storici sull&#8217;olio e gli ulivi si possono collocare gi\u00e0 nelle prime civilt\u00e0, ma sar\u00e0 solo nella Bibbia che l&#8217;olio verr\u00e0 citato per la prima volta, quando la colomba torn\u00f2 da No\u00e8 con un ramo di ulivo nel becco per annunciare che la terra era vicina.<\/p>\n<p style=\"text-align: justify\">Secondo la mitologia, poi, Atena, figlia di Zeus, per aggiudicarsi la protezione della capitale dell\u2019Ellade, piant\u00f2 il primo ulivo, albero che per millenni avrebbe dato un succo meraviglioso che gli uomini avrebbero potuto usare per la preparazione dei cibi, per la cura del corpo, per la guarigione delle ferite e delle malattie e quale fonte di luce per le abitazioni. Simbolo di sacralit\u00e0 e di pace, l\u2019ulivo ha accompagnato la storia dell\u2019uomo fin dagli albori della civilt\u00e0 per arrivare ai nostri giorni. Restando nell&#8217;antica Grecia, Solone, poeta, legislatore e arconte, fu famoso per aver promosso l\u2019olivicoltura ponendola sotto la protezione di Zeus. Nella norma da lui emanata e valida per tutta l\u2019Attica, veniva vietato l\u2019abbattimento di ulivi. In caso di estrema necessit\u00e0 e per la costruzione di aree votive, il numero di alberi da abbattere non doveva superare le due unit\u00e0 all\u2019anno. L\u2019olio ricavato dai frutti dell\u2019uliveto che aveva fatto piantare faceva parte dei premi riservati ai vincitori delle piccole e grandi Panatenee a Atene.<\/p>\n<p style=\"text-align: justify\"><strong>L\u2019olio di oliva<\/strong> ebbe un ruolo importante anche nello sport: i giovani atleti che frequentavano le palestre, i ginnasi ed i bagni, numerosi in tutte le citt\u00e0, venivano massaggiati con olio. Anche i romani si facevano notare in particolari occasioni quali feste e giochi, facendo donazioni di olio per mettersi in mostra. Queste donazioni furono intraprese a Roma da Giulio Cesare e Nerone fino agli ultimi imperatori. Conseguenza di tutto ci\u00f2 fu un aumento considerevole del traffico di olio, che port\u00f2 a incette ufficiali di olio d\u2019oliva da parte dello stato. In paesi come la Palestina, Siria e Creta, luoghi di origine delle pi\u00f9 antiche civilt\u00e0, si svilupp\u00f2 la prima olivicoltura. I re David e Salomone dettero eccezionale importanza agli ulivi nell\u2019economia di Israele. Lungo la fascia costiera, tra Egitto e Palestina, vivevano i Filistei che produssero olio per l\u2019illuminazione e i balsami che erano esportati anche nelle terre del Nilo.<\/p>\n<p style=\"text-align: justify\">Non lontano da <strong>Tel Aviv<\/strong>, fu scoperto un enorme impianto per la lavorazione delle olive con quasi 100 presse e macine progettate dai Filistei. In questa centrale venivano macerate le olive mediante pietre tondeggianti, mentre sulle due laterali, venivano accatastati fiscoli riempiti di pasta oleosa e, successivamente pressati da travi-torchio incastrate nella parete. Qui pare si sia diffuso l\u2019olivo proveniente dalla vicina area armena e ne \u00e8 gi\u00e0 documentata la coltivazione a Creta in et\u00e0 minoica.<br \/>\nL\u2019ulivo si diffuse ben presto nel <strong>Mediterraneo<\/strong>, da oriente ad occidente attraverso pi\u00f9 fasi. All&#8217;inizio l\u2019ulivo da Creta si propag\u00f2 in <strong>Siria, Palestina, Israele,<\/strong> mentre nella seconda inizi\u00f2 la diffusione in tutta la Grecia e nelle sue isole. Nei due successivi millenni sono i Fenici, con le loro navi veloci a far da tramite tra i popoli rivieraschi, diffondendo conoscenza, coltura e usi alimentari, fino a raggiungere le coste della Sicilia e della Spagna.<\/p>\n<p style=\"text-align: justify\">Anche le colonie greche contribuirono alla diffusione dell\u2019ulivo, quando cominciarono ad espandersi nel Mediterraneo e a fondare avamposti in Sicilia nell\u2019Africa settentrionale e nella Francia del sud. I <strong>Romani<\/strong> impararono ad usare l<strong>\u2019olio d\u2019oliva<\/strong> come unguento e cominciarono a fabbricare balsami ed oli profumati. Con questi prodotti si curavano ferite sanguinanti, si alleviava il prurito, si lenivano le punture delle ortiche, si dava sollievo nelle ustioni e nelle lacerazioni della pelle e si facevano i massaggi contro il mal di testa. Fonte <a href=\"http:\/\/anapoo.it\/\" target=\"_blank\" rel=\"noopener noreferrer\">anapoo.it<\/a><\/p>\n","protected":false},"excerpt":{"rendered":"<p>L&#8217;origine dell&#8217;olio d&#8217;oliva ha radici profonde che attraversano il tempo e le latitudini del mondo. Prezioso alleato per la salute, \u00e8 sempre stato alla base dell&#8217;alimentazione e al fianco anche&hellip;<\/p>\n","protected":false},"author":8,"featured_media":15810,"comment_status":"open","ping_status":"open","sticky":false,"template":"","format":"standard","meta":{"_jetpack_memberships_contains_paid_content":false,"footnotes":"","jetpack_publicize_message":"","jetpack_publicize_feature_enabled":true,"jetpack_social_post_already_shared":false,"jetpack_social_options":{"image_generator_settings":{"template":"highway","default_image_id":0,"font":"","enabled":false},"version":2}},"categories":[142,921,196],"tags":[7868,1949,7867,7866,7865],"class_list":["post-15809","post","type-post","status-publish","format-standard","has-post-thumbnail","hentry","category-calabria","category-home","category-news","tag-israele","tag-olio-doliva","tag-palestina","tag-siria","tag-tel-aviv"],"yoast_head":"<!-- This site is optimized with the Yoast SEO plugin v27.2 - https:\/\/yoast.com\/product\/yoast-seo-wordpress\/ -->\n<title>L&#039;origine dell&#039;olio: dalla storia alla mitologia ai tempi d&#039;oggi<\/title>\n<meta name=\"description\" content=\"Riviviamo la storia dell&#039;origine dell&#039;olio d&#039;oliva iniziando dalla mitologia raggiungendo passo passo i tempi moderni\" \/>\n<meta name=\"robots\" content=\"index, follow, max-snippet:-1, max-image-preview:large, max-video-preview:-1\" \/>\n<link rel=\"canonical\" href=\"https:\/\/progettotouring.it\/radiotouring104\/2022\/12\/29\/lorigine-dellolio-dalla-storia-alla-mitologia-ai-tempi-doggi\/\" \/>\n<meta property=\"og:locale\" content=\"it_IT\" \/>\n<meta property=\"og:type\" content=\"article\" \/>\n<meta property=\"og:title\" content=\"L&#039;origine dell&#039;olio: dalla storia alla mitologia ai tempi d&#039;oggi\" \/>\n<meta property=\"og:description\" content=\"Riviviamo la storia dell&#039;origine dell&#039;olio d&#039;oliva iniziando dalla mitologia raggiungendo passo passo i tempi moderni\" \/>\n<meta property=\"og:url\" content=\"https:\/\/progettotouring.it\/radiotouring104\/2022\/12\/29\/lorigine-dellolio-dalla-storia-alla-mitologia-ai-tempi-doggi\/\" \/>\n<meta property=\"og:site_name\" content=\"Radio Touring 104\" \/>\n<meta property=\"article:published_time\" content=\"2022-12-29T12:49:28+00:00\" \/>\n<meta property=\"article:modified_time\" content=\"2022-12-29T14:22:09+00:00\" \/>\n<meta property=\"og:image\" content=\"https:\/\/progettotouring.it\/radiotouring104\/wp-content\/uploads\/sites\/6\/2022\/12\/romani-olio-doliva.jpeg\" \/>\n\t<meta property=\"og:image:width\" content=\"1200\" \/>\n\t<meta property=\"og:image:height\" content=\"600\" \/>\n\t<meta property=\"og:image:type\" content=\"image\/jpeg\" \/>\n<meta name=\"author\" content=\"Filippo Francesco Idone\" \/>\n<meta name=\"twitter:card\" content=\"summary_large_image\" \/>\n<meta name=\"twitter:label1\" content=\"Scritto da\" \/>\n\t<meta name=\"twitter:data1\" content=\"Filippo Francesco Idone\" \/>\n\t<meta name=\"twitter:label2\" content=\"Tempo di lettura stimato\" \/>\n\t<meta name=\"twitter:data2\" content=\"3 minuti\" \/>\n<script type=\"application\/ld+json\" class=\"yoast-schema-graph\">{\"@context\":\"https:\/\/schema.org\",\"@graph\":[{\"@type\":\"Article\",\"@id\":\"https:\/\/progettotouring.it\/radiotouring104\/2022\/12\/29\/lorigine-dellolio-dalla-storia-alla-mitologia-ai-tempi-doggi\/#article\",\"isPartOf\":{\"@id\":\"https:\/\/progettotouring.it\/radiotouring104\/2022\/12\/29\/lorigine-dellolio-dalla-storia-alla-mitologia-ai-tempi-doggi\/\"},\"author\":{\"name\":\"Filippo Francesco Idone\",\"@id\":\"https:\/\/progettotouring.it\/radiotouring104\/#\/schema\/person\/4a82259ca52ac8702ad1a8f9e5a3120b\"},\"headline\":\"L&#8217;origine dell&#8217;olio: dalla storia alla mitologia ai tempi d&#8217;oggi\",\"datePublished\":\"2022-12-29T12:49:28+00:00\",\"dateModified\":\"2022-12-29T14:22:09+00:00\",\"mainEntityOfPage\":{\"@id\":\"https:\/\/progettotouring.it\/radiotouring104\/2022\/12\/29\/lorigine-dellolio-dalla-storia-alla-mitologia-ai-tempi-doggi\/\"},\"wordCount\":668,\"commentCount\":0,\"publisher\":{\"@id\":\"https:\/\/progettotouring.it\/radiotouring104\/#organization\"},\"image\":{\"@id\":\"https:\/\/progettotouring.it\/radiotouring104\/2022\/12\/29\/lorigine-dellolio-dalla-storia-alla-mitologia-ai-tempi-doggi\/#primaryimage\"},\"thumbnailUrl\":\"https:\/\/progettotouring.it\/radiotouring104\/wp-content\/uploads\/sites\/6\/2022\/12\/romani-olio-doliva.jpeg\",\"keywords\":[\"Israele\",\"olio d'oliva\",\"Palestina\",\"Siria\",\"Tel Aviv\"],\"articleSection\":[\"Calabria\",\"Home\",\"News\"],\"inLanguage\":\"it-IT\",\"potentialAction\":[{\"@type\":\"CommentAction\",\"name\":\"Comment\",\"target\":[\"https:\/\/progettotouring.it\/radiotouring104\/2022\/12\/29\/lorigine-dellolio-dalla-storia-alla-mitologia-ai-tempi-doggi\/#respond\"]}]},{\"@type\":\"WebPage\",\"@id\":\"https:\/\/progettotouring.it\/radiotouring104\/2022\/12\/29\/lorigine-dellolio-dalla-storia-alla-mitologia-ai-tempi-doggi\/\",\"url\":\"https:\/\/progettotouring.it\/radiotouring104\/2022\/12\/29\/lorigine-dellolio-dalla-storia-alla-mitologia-ai-tempi-doggi\/\",\"name\":\"L'origine dell'olio: dalla storia alla mitologia ai tempi d'oggi\",\"isPartOf\":{\"@id\":\"https:\/\/progettotouring.it\/radiotouring104\/#website\"},\"primaryImageOfPage\":{\"@id\":\"https:\/\/progettotouring.it\/radiotouring104\/2022\/12\/29\/lorigine-dellolio-dalla-storia-alla-mitologia-ai-tempi-doggi\/#primaryimage\"},\"image\":{\"@id\":\"https:\/\/progettotouring.it\/radiotouring104\/2022\/12\/29\/lorigine-dellolio-dalla-storia-alla-mitologia-ai-tempi-doggi\/#primaryimage\"},\"thumbnailUrl\":\"https:\/\/progettotouring.it\/radiotouring104\/wp-content\/uploads\/sites\/6\/2022\/12\/romani-olio-doliva.jpeg\",\"datePublished\":\"2022-12-29T12:49:28+00:00\",\"dateModified\":\"2022-12-29T14:22:09+00:00\",\"description\":\"Riviviamo la storia dell'origine dell'olio d'oliva iniziando dalla mitologia raggiungendo passo passo i tempi moderni\",\"breadcrumb\":{\"@id\":\"https:\/\/progettotouring.it\/radiotouring104\/2022\/12\/29\/lorigine-dellolio-dalla-storia-alla-mitologia-ai-tempi-doggi\/#breadcrumb\"},\"inLanguage\":\"it-IT\",\"potentialAction\":[{\"@type\":\"ReadAction\",\"target\":[\"https:\/\/progettotouring.it\/radiotouring104\/2022\/12\/29\/lorigine-dellolio-dalla-storia-alla-mitologia-ai-tempi-doggi\/\"]}]},{\"@type\":\"ImageObject\",\"inLanguage\":\"it-IT\",\"@id\":\"https:\/\/progettotouring.it\/radiotouring104\/2022\/12\/29\/lorigine-dellolio-dalla-storia-alla-mitologia-ai-tempi-doggi\/#primaryimage\",\"url\":\"https:\/\/progettotouring.it\/radiotouring104\/wp-content\/uploads\/sites\/6\/2022\/12\/romani-olio-doliva.jpeg\",\"contentUrl\":\"https:\/\/progettotouring.it\/radiotouring104\/wp-content\/uploads\/sites\/6\/2022\/12\/romani-olio-doliva.jpeg\",\"width\":1200,\"height\":600},{\"@type\":\"BreadcrumbList\",\"@id\":\"https:\/\/progettotouring.it\/radiotouring104\/2022\/12\/29\/lorigine-dellolio-dalla-storia-alla-mitologia-ai-tempi-doggi\/#breadcrumb\",\"itemListElement\":[{\"@type\":\"ListItem\",\"position\":1,\"name\":\"Home\",\"item\":\"https:\/\/progettotouring.it\/radiotouring104\/\"},{\"@type\":\"ListItem\",\"position\":2,\"name\":\"L&#8217;origine dell&#8217;olio: dalla storia alla mitologia ai tempi d&#8217;oggi\"}]},{\"@type\":\"WebSite\",\"@id\":\"https:\/\/progettotouring.it\/radiotouring104\/#website\",\"url\":\"https:\/\/progettotouring.it\/radiotouring104\/\",\"name\":\"Radio Touring 104\",\"description\":\"La prima radio Reggina\",\"publisher\":{\"@id\":\"https:\/\/progettotouring.it\/radiotouring104\/#organization\"},\"potentialAction\":[{\"@type\":\"SearchAction\",\"target\":{\"@type\":\"EntryPoint\",\"urlTemplate\":\"https:\/\/progettotouring.it\/radiotouring104\/?s={search_term_string}\"},\"query-input\":{\"@type\":\"PropertyValueSpecification\",\"valueRequired\":true,\"valueName\":\"search_term_string\"}}],\"inLanguage\":\"it-IT\"},{\"@type\":\"Organization\",\"@id\":\"https:\/\/progettotouring.it\/radiotouring104\/#organization\",\"name\":\"Radio Touring 104\",\"url\":\"https:\/\/progettotouring.it\/radiotouring104\/\",\"logo\":{\"@type\":\"ImageObject\",\"inLanguage\":\"it-IT\",\"@id\":\"https:\/\/progettotouring.it\/radiotouring104\/#\/schema\/logo\/image\/\",\"url\":\"https:\/\/progettotouring.it\/radiotouring104\/wp-content\/uploads\/sites\/6\/2022\/02\/cropped-logo-radio-touring-104.png\",\"contentUrl\":\"https:\/\/progettotouring.it\/radiotouring104\/wp-content\/uploads\/sites\/6\/2022\/02\/cropped-logo-radio-touring-104.png\",\"width\":377,\"height\":182,\"caption\":\"Radio Touring 104\"},\"image\":{\"@id\":\"https:\/\/progettotouring.it\/radiotouring104\/#\/schema\/logo\/image\/\"}},{\"@type\":\"Person\",\"@id\":\"https:\/\/progettotouring.it\/radiotouring104\/#\/schema\/person\/4a82259ca52ac8702ad1a8f9e5a3120b\",\"name\":\"Filippo Francesco Idone\",\"image\":{\"@type\":\"ImageObject\",\"inLanguage\":\"it-IT\",\"@id\":\"https:\/\/secure.gravatar.com\/avatar\/7268715d2366395c3dd314385670e6484117d44f5c442e61e230f7008b7b62d3?s=96&d=mm&r=g\",\"url\":\"https:\/\/secure.gravatar.com\/avatar\/7268715d2366395c3dd314385670e6484117d44f5c442e61e230f7008b7b62d3?s=96&d=mm&r=g\",\"contentUrl\":\"https:\/\/secure.gravatar.com\/avatar\/7268715d2366395c3dd314385670e6484117d44f5c442e61e230f7008b7b62d3?s=96&d=mm&r=g\",\"caption\":\"Filippo Francesco Idone\"},\"url\":\"https:\/\/progettotouring.it\/radiotouring104\/author\/filippoidone\/\"}]}<\/script>\n<!-- \/ Yoast SEO plugin. -->","yoast_head_json":{"title":"L'origine dell'olio: dalla storia alla mitologia ai tempi d'oggi","description":"Riviviamo la storia dell'origine dell'olio d'oliva iniziando dalla mitologia raggiungendo passo passo i tempi moderni","robots":{"index":"index","follow":"follow","max-snippet":"max-snippet:-1","max-image-preview":"max-image-preview:large","max-video-preview":"max-video-preview:-1"},"canonical":"https:\/\/progettotouring.it\/radiotouring104\/2022\/12\/29\/lorigine-dellolio-dalla-storia-alla-mitologia-ai-tempi-doggi\/","og_locale":"it_IT","og_type":"article","og_title":"L'origine dell'olio: dalla storia alla mitologia ai tempi d'oggi","og_description":"Riviviamo la storia dell'origine dell'olio d'oliva iniziando dalla mitologia raggiungendo passo passo i tempi moderni","og_url":"https:\/\/progettotouring.it\/radiotouring104\/2022\/12\/29\/lorigine-dellolio-dalla-storia-alla-mitologia-ai-tempi-doggi\/","og_site_name":"Radio Touring 104","article_published_time":"2022-12-29T12:49:28+00:00","article_modified_time":"2022-12-29T14:22:09+00:00","og_image":[{"width":1200,"height":600,"url":"https:\/\/progettotouring.it\/radiotouring104\/wp-content\/uploads\/sites\/6\/2022\/12\/romani-olio-doliva.jpeg","type":"image\/jpeg"}],"author":"Filippo Francesco Idone","twitter_card":"summary_large_image","twitter_misc":{"Scritto da":"Filippo Francesco Idone","Tempo di lettura stimato":"3 minuti"},"schema":{"@context":"https:\/\/schema.org","@graph":[{"@type":"Article","@id":"https:\/\/progettotouring.it\/radiotouring104\/2022\/12\/29\/lorigine-dellolio-dalla-storia-alla-mitologia-ai-tempi-doggi\/#article","isPartOf":{"@id":"https:\/\/progettotouring.it\/radiotouring104\/2022\/12\/29\/lorigine-dellolio-dalla-storia-alla-mitologia-ai-tempi-doggi\/"},"author":{"name":"Filippo Francesco Idone","@id":"https:\/\/progettotouring.it\/radiotouring104\/#\/schema\/person\/4a82259ca52ac8702ad1a8f9e5a3120b"},"headline":"L&#8217;origine dell&#8217;olio: dalla storia alla mitologia ai tempi d&#8217;oggi","datePublished":"2022-12-29T12:49:28+00:00","dateModified":"2022-12-29T14:22:09+00:00","mainEntityOfPage":{"@id":"https:\/\/progettotouring.it\/radiotouring104\/2022\/12\/29\/lorigine-dellolio-dalla-storia-alla-mitologia-ai-tempi-doggi\/"},"wordCount":668,"commentCount":0,"publisher":{"@id":"https:\/\/progettotouring.it\/radiotouring104\/#organization"},"image":{"@id":"https:\/\/progettotouring.it\/radiotouring104\/2022\/12\/29\/lorigine-dellolio-dalla-storia-alla-mitologia-ai-tempi-doggi\/#primaryimage"},"thumbnailUrl":"https:\/\/progettotouring.it\/radiotouring104\/wp-content\/uploads\/sites\/6\/2022\/12\/romani-olio-doliva.jpeg","keywords":["Israele","olio d'oliva","Palestina","Siria","Tel Aviv"],"articleSection":["Calabria","Home","News"],"inLanguage":"it-IT","potentialAction":[{"@type":"CommentAction","name":"Comment","target":["https:\/\/progettotouring.it\/radiotouring104\/2022\/12\/29\/lorigine-dellolio-dalla-storia-alla-mitologia-ai-tempi-doggi\/#respond"]}]},{"@type":"WebPage","@id":"https:\/\/progettotouring.it\/radiotouring104\/2022\/12\/29\/lorigine-dellolio-dalla-storia-alla-mitologia-ai-tempi-doggi\/","url":"https:\/\/progettotouring.it\/radiotouring104\/2022\/12\/29\/lorigine-dellolio-dalla-storia-alla-mitologia-ai-tempi-doggi\/","name":"L'origine dell'olio: dalla storia alla mitologia ai tempi d'oggi","isPartOf":{"@id":"https:\/\/progettotouring.it\/radiotouring104\/#website"},"primaryImageOfPage":{"@id":"https:\/\/progettotouring.it\/radiotouring104\/2022\/12\/29\/lorigine-dellolio-dalla-storia-alla-mitologia-ai-tempi-doggi\/#primaryimage"},"image":{"@id":"https:\/\/progettotouring.it\/radiotouring104\/2022\/12\/29\/lorigine-dellolio-dalla-storia-alla-mitologia-ai-tempi-doggi\/#primaryimage"},"thumbnailUrl":"https:\/\/progettotouring.it\/radiotouring104\/wp-content\/uploads\/sites\/6\/2022\/12\/romani-olio-doliva.jpeg","datePublished":"2022-12-29T12:49:28+00:00","dateModified":"2022-12-29T14:22:09+00:00","description":"Riviviamo la storia dell'origine dell'olio d'oliva iniziando dalla mitologia raggiungendo passo passo i tempi moderni","breadcrumb":{"@id":"https:\/\/progettotouring.it\/radiotouring104\/2022\/12\/29\/lorigine-dellolio-dalla-storia-alla-mitologia-ai-tempi-doggi\/#breadcrumb"},"inLanguage":"it-IT","potentialAction":[{"@type":"ReadAction","target":["https:\/\/progettotouring.it\/radiotouring104\/2022\/12\/29\/lorigine-dellolio-dalla-storia-alla-mitologia-ai-tempi-doggi\/"]}]},{"@type":"ImageObject","inLanguage":"it-IT","@id":"https:\/\/progettotouring.it\/radiotouring104\/2022\/12\/29\/lorigine-dellolio-dalla-storia-alla-mitologia-ai-tempi-doggi\/#primaryimage","url":"https:\/\/progettotouring.it\/radiotouring104\/wp-content\/uploads\/sites\/6\/2022\/12\/romani-olio-doliva.jpeg","contentUrl":"https:\/\/progettotouring.it\/radiotouring104\/wp-content\/uploads\/sites\/6\/2022\/12\/romani-olio-doliva.jpeg","width":1200,"height":600},{"@type":"BreadcrumbList","@id":"https:\/\/progettotouring.it\/radiotouring104\/2022\/12\/29\/lorigine-dellolio-dalla-storia-alla-mitologia-ai-tempi-doggi\/#breadcrumb","itemListElement":[{"@type":"ListItem","position":1,"name":"Home","item":"https:\/\/progettotouring.it\/radiotouring104\/"},{"@type":"ListItem","position":2,"name":"L&#8217;origine dell&#8217;olio: dalla storia alla mitologia ai tempi d&#8217;oggi"}]},{"@type":"WebSite","@id":"https:\/\/progettotouring.it\/radiotouring104\/#website","url":"https:\/\/progettotouring.it\/radiotouring104\/","name":"Radio Touring 104","description":"La prima radio Reggina","publisher":{"@id":"https:\/\/progettotouring.it\/radiotouring104\/#organization"},"potentialAction":[{"@type":"SearchAction","target":{"@type":"EntryPoint","urlTemplate":"https:\/\/progettotouring.it\/radiotouring104\/?s={search_term_string}"},"query-input":{"@type":"PropertyValueSpecification","valueRequired":true,"valueName":"search_term_string"}}],"inLanguage":"it-IT"},{"@type":"Organization","@id":"https:\/\/progettotouring.it\/radiotouring104\/#organization","name":"Radio Touring 104","url":"https:\/\/progettotouring.it\/radiotouring104\/","logo":{"@type":"ImageObject","inLanguage":"it-IT","@id":"https:\/\/progettotouring.it\/radiotouring104\/#\/schema\/logo\/image\/","url":"https:\/\/progettotouring.it\/radiotouring104\/wp-content\/uploads\/sites\/6\/2022\/02\/cropped-logo-radio-touring-104.png","contentUrl":"https:\/\/progettotouring.it\/radiotouring104\/wp-content\/uploads\/sites\/6\/2022\/02\/cropped-logo-radio-touring-104.png","width":377,"height":182,"caption":"Radio Touring 104"},"image":{"@id":"https:\/\/progettotouring.it\/radiotouring104\/#\/schema\/logo\/image\/"}},{"@type":"Person","@id":"https:\/\/progettotouring.it\/radiotouring104\/#\/schema\/person\/4a82259ca52ac8702ad1a8f9e5a3120b","name":"Filippo Francesco Idone","image":{"@type":"ImageObject","inLanguage":"it-IT","@id":"https:\/\/secure.gravatar.com\/avatar\/7268715d2366395c3dd314385670e6484117d44f5c442e61e230f7008b7b62d3?s=96&d=mm&r=g","url":"https:\/\/secure.gravatar.com\/avatar\/7268715d2366395c3dd314385670e6484117d44f5c442e61e230f7008b7b62d3?s=96&d=mm&r=g","contentUrl":"https:\/\/secure.gravatar.com\/avatar\/7268715d2366395c3dd314385670e6484117d44f5c442e61e230f7008b7b62d3?s=96&d=mm&r=g","caption":"Filippo Francesco Idone"},"url":"https:\/\/progettotouring.it\/radiotouring104\/author\/filippoidone\/"}]}},"jetpack_publicize_connections":[],"jetpack_featured_media_url":"https:\/\/progettotouring.it\/radiotouring104\/wp-content\/uploads\/sites\/6\/2022\/12\/romani-olio-doliva.jpeg","jetpack_sharing_enabled":true,"_links":{"self":[{"href":"https:\/\/progettotouring.it\/radiotouring104\/wp-json\/wp\/v2\/posts\/15809","targetHints":{"allow":["GET"]}}],"collection":[{"href":"https:\/\/progettotouring.it\/radiotouring104\/wp-json\/wp\/v2\/posts"}],"about":[{"href":"https:\/\/progettotouring.it\/radiotouring104\/wp-json\/wp\/v2\/types\/post"}],"author":[{"embeddable":true,"href":"https:\/\/progettotouring.it\/radiotouring104\/wp-json\/wp\/v2\/users\/8"}],"replies":[{"embeddable":true,"href":"https:\/\/progettotouring.it\/radiotouring104\/wp-json\/wp\/v2\/comments?post=15809"}],"version-history":[{"count":1,"href":"https:\/\/progettotouring.it\/radiotouring104\/wp-json\/wp\/v2\/posts\/15809\/revisions"}],"predecessor-version":[{"id":15811,"href":"https:\/\/progettotouring.it\/radiotouring104\/wp-json\/wp\/v2\/posts\/15809\/revisions\/15811"}],"wp:featuredmedia":[{"embeddable":true,"href":"https:\/\/progettotouring.it\/radiotouring104\/wp-json\/wp\/v2\/media\/15810"}],"wp:attachment":[{"href":"https:\/\/progettotouring.it\/radiotouring104\/wp-json\/wp\/v2\/media?parent=15809"}],"wp:term":[{"taxonomy":"category","embeddable":true,"href":"https:\/\/progettotouring.it\/radiotouring104\/wp-json\/wp\/v2\/categories?post=15809"},{"taxonomy":"post_tag","embeddable":true,"href":"https:\/\/progettotouring.it\/radiotouring104\/wp-json\/wp\/v2\/tags?post=15809"}],"curies":[{"name":"wp","href":"https:\/\/api.w.org\/{rel}","templated":true}]}}