{"id":15836,"date":"2022-12-30T10:28:12","date_gmt":"2022-12-30T09:28:12","guid":{"rendered":"https:\/\/progettotouring.it\/radiotouring104\/?p=15836"},"modified":"2022-12-30T10:43:06","modified_gmt":"2022-12-30T09:43:06","slug":"reggio-presentato-documentario-promosso-da-csv-dei-due-mari","status":"publish","type":"post","link":"https:\/\/progettotouring.it\/radiotouring104\/2022\/12\/30\/reggio-presentato-documentario-promosso-da-csv-dei-due-mari\/","title":{"rendered":"Reggio, presentato documentario promosso da &#8220;Csv dei Due Mari&#8221;"},"content":{"rendered":"<p>\u00abLa pienezza della nostra vita piuttosto che il tempo da riempire e da occupare, questo il senso del volontariato che in questo documentario e nel vostro agire quotidiano testimoniate. Ci\u00f2 costituisce per noi tutti una ricchezza. Grazie per la generosit\u00e0 con la quale avete contribuito a questo documentario e per l\u2019amore per vita di cui siete portatori e portatrici\u00bb.<\/p>\n<p>Il presidente del Centro Servizi per il Volontariato dei Due Mari di Reggio Calabria, Giuseppe Bognoni, ha concluso cos\u00ec l\u2019incontro culminato nella proiezione in anteprima assoluta del documentario prodotto da Med Media e intitolato \u201cL\u2019umanit\u00e0 dei luoghi. Storie di volontariato dall\u2019Aspromonte al mare\u201d. La proiezione ha avuto luogo nell\u2019aula Ludovico Quaroni del dipartimento di Architettura e Territorio dell\u2019universit\u00e0 Mediterranea di Reggio Calabria.<\/p>\n<p>\u00abCon la vostra opera, dimostrate con i fatti come il volontariato non sia reazione a un\u2019emergenza ma frutto di una scelta a sua volta espressione di ci\u00f2 in cui credete e di ci\u00f2 che proponete al territorio per il conseguimento di benessere e cambiamento\u00bb, ha proseguito ancora il presidente Giuseppe Bognoni.<\/p>\n<p>&nbsp;<\/p>\n<p>Presente anche Lucia Anita Nucera, assessora all\u2019Istruzione, alle Politiche educative e alla Cooperazione per la promozione dei Diritti Umani del comune di Reggio Calabria.<\/p>\n<p>\u00abSiamo molto grati per la vostra opera sul nostro territorio. Voi, associazioni di volontariato, arrivate dove le istituzioni non arrivano, raggiungendo anche le famiglie. Con voi la nostra citt\u00e0, specie nella fase difficile che stiamo attraversando, \u00e8 molto meno sola\u00bb.<\/p>\n<p>&nbsp;<\/p>\n<p>Un momento di incontro con le delegazioni delle 29 realt\u00e0 di volontariato che hanno contribuito al progetto. La loro testimonianza \u00e8 stata raccolta direttamente nei luoghi in cui la loro azione si radica e si sviluppa, dando forma a quel luogo medesimo. Un\u2019occasione in cui riscostruire il percorso avviato nel 2019 e poi rallentato ma non fermato dalla pandemia, e per tracciare i passi successivi.<\/p>\n<p>&nbsp;<\/p>\n<p>\u00abAvremmo voluto presentare questo lavoro gi\u00e0 nel 2020 &#8211; ha spiegato Maria Grazia Manti, referente area Promozione e Orientamento al Volontariato e Animazione territoriale del CSV dei Due Mari di Reggio Calabria &#8211; ma la pandemia ha imposto dei cambiamenti alla nostra tabella di marcia che comunque non si \u00e8 mai fermata. Anzi, durante il cammino abbiamo trasformato in risorsa il tempo dilatato, coinvolgendo anche associazioni incontrate sui luoghi delle testimonianze. Il nostro ha voluto essere un racconto corale in cui a parlare fossero le storie dei luoghi che a scrivere sono proprio il volontariato e le persone che lo praticano. Una chiave di lettura e di osservazione che offriamo alla nostra comunit\u00e0. Siamo convinti che la missione istituzionale che i Centri di Servizio hanno sul territorio, ossia quella di promuovere il volontariato, in realt\u00e0 si debba declinare anche e soprattutto attraverso azioni che mettano in luce i legami e le interdipendenze che esistono tra i luoghi e chi li abita prendendosene cura. Non era importante che il prodotto fosse accattivante ma che le voci fossero autentiche e le testimonianze di vita vissuta. Siamo grati a tutte le persone coinvolte per averlo reso possibile\u00bb, ha spiegato ancora Maria Grazia Manti.<\/p>\n<p>&nbsp;<\/p>\n<p>Un aspetto essenziale sottolineato anche da Claudio Idone, a nome di tutta la troupe di Med Media autrice del documentario. \u00ab\u00c8 stata per noi un\u2019esperienza davvero bellissima conoscervi, ascoltarvi e documentare le vostre attivit\u00e0. Abbiamo avuto contezza di quanto di genuino e positivo si muova nei nostri territori, anche senza che ci\u00f2 si veda, il vostro \u00e8 un agire quasi invisibile che sin dall\u2019inizio ci ha fatto pensare all\u2019operosit\u00e0 delle formiche. Nel nostro lavoro si pu\u00f2 decidere di predisporre dei set che facciano funzionare meglio il racconto, di optare per la narrazione tipica del docufilm che con la fiction sostiene e da forza espressiva a ci\u00f2 che si vuole rappresentare. La vostra vitalit\u00e0 e spontaneit\u00e0 non lo ha reso affatto necessario. \u00c8 bastato osservarvi nel vostro solito operare, seguire il vostro agire con le telecamere e raccogliere, stimolati dalla nostra curiosit\u00e0, le vostre voci e le vostre testimonianze. E questo \u00e8 l\u2019approccio filmico che ci appassiona di pi\u00f9\u00bb.<\/p>\n<p>&nbsp;<\/p>\n<p>Spazio in conclusione alle prospettive per l\u2019anno che sta per iniziare e che guarda con fiducia anche a questo lavoro in quanto occasione futura di ulteriori incontri.<\/p>\n<p>\u00abAl momento compiamo la scelta di non pubblicare il lavoro ma di custodirlo. Ci proponiamo \u2013 ha dichiarato il direttore del Csv reggino dei Due Mari, Giuseppe Pericone &#8211; di diffonderlo attraverso appositi incontri in cui accompagnare la proiezione con riflessioni e confronti. La visione alla quale aspirare dopo questa esperienza, che vorremmo fosse anche di chi guarda il documentario, sar\u00e0 non solo quella di agire sui territori ma anche di farlo progettando insieme la stessa azione. Crediamo che la dimensione da creare e alimentare debba essere quella di un welfare culturale di comunit\u00e0 laddove per cultura si intenda un approccio ampio e variegato al concetto di benessere. Le risposte che il volontariato pu\u00f2 dare ai bisogni della comunit\u00e0, infatti, devono ispirarsi alla cultura nella sua ampia concezione di fermento, coinvolgimento, energie. Il tutto volto a creare condizioni in cui ogni altro intervento specifico, pure necessario per aiutare e supportare, non resti isolato ma risponda ad una visione corale e condivisa\u00bb.<\/p>\n","protected":false},"excerpt":{"rendered":"<p>\u00abLa pienezza della nostra vita piuttosto che il tempo da riempire e da occupare, questo il senso del volontariato che in questo documentario e nel vostro agire quotidiano testimoniate. Ci\u00f2&hellip;<\/p>\n","protected":false},"author":12,"featured_media":15837,"comment_status":"open","ping_status":"open","sticky":false,"template":"","format":"standard","meta":{"_jetpack_memberships_contains_paid_content":false,"footnotes":"","jetpack_publicize_message":"","jetpack_publicize_feature_enabled":true,"jetpack_social_post_already_shared":false,"jetpack_social_options":{"image_generator_settings":{"template":"highway","default_image_id":0,"font":"","enabled":false},"version":2}},"categories":[921,196,140],"tags":[7881,7758,7884,7760,7883,7882],"class_list":["post-15836","post","type-post","status-publish","format-standard","has-post-thumbnail","hentry","category-home","category-news","category-reggio-calabria","tag-csv-dei-due-mari","tag-lumanita-dei-luoghi-storie-di-volontariato-dallaspromonte-al-mare","tag-claudio-idone","tag-dipartimento-di-architettura-e-territorio-delluniversita-mediterranea-di-reggio-calabria","tag-giuseppe-bognoni","tag-med-media"],"yoast_head":"<!-- This site is optimized with the Yoast SEO plugin v27.2 - https:\/\/yoast.com\/product\/yoast-seo-wordpress\/ -->\n<title>Reggio, presentato documentario promosso da &quot;Csv dei Due Mari&quot;<\/title>\n<meta name=\"description\" content=\"Il racconto, promosso dal Csv dei Due Mari e realizzato da Med Media, sar\u00e0 al centro di future iniziative per promuovere un welfare culturale\" \/>\n<meta name=\"robots\" content=\"index, follow, max-snippet:-1, max-image-preview:large, max-video-preview:-1\" \/>\n<link rel=\"canonical\" href=\"https:\/\/progettotouring.it\/radiotouring104\/2022\/12\/30\/reggio-presentato-documentario-promosso-da-csv-dei-due-mari\/\" \/>\n<meta property=\"og:locale\" content=\"it_IT\" \/>\n<meta property=\"og:type\" content=\"article\" \/>\n<meta property=\"og:title\" content=\"Reggio, presentato documentario promosso da &quot;Csv dei Due Mari&quot;\" \/>\n<meta property=\"og:description\" content=\"Il racconto, promosso dal Csv dei Due Mari e realizzato da Med Media, sar\u00e0 al centro di future iniziative per promuovere un welfare culturale\" \/>\n<meta property=\"og:url\" content=\"https:\/\/progettotouring.it\/radiotouring104\/2022\/12\/30\/reggio-presentato-documentario-promosso-da-csv-dei-due-mari\/\" \/>\n<meta property=\"og:site_name\" content=\"Radio Touring 104\" \/>\n<meta property=\"article:published_time\" content=\"2022-12-30T09:28:12+00:00\" \/>\n<meta property=\"article:modified_time\" content=\"2022-12-30T09:43:06+00:00\" \/>\n<meta property=\"og:image\" content=\"https:\/\/progettotouring.it\/radiotouring104\/wp-content\/uploads\/sites\/6\/2022\/12\/Due-Mari-1-scaled.jpg\" \/>\n\t<meta property=\"og:image:width\" content=\"2560\" \/>\n\t<meta property=\"og:image:height\" content=\"1473\" \/>\n\t<meta property=\"og:image:type\" content=\"image\/jpeg\" \/>\n<meta name=\"author\" content=\"Sebastiano Plutino\" \/>\n<meta name=\"twitter:card\" content=\"summary_large_image\" \/>\n<meta name=\"twitter:label1\" content=\"Scritto da\" \/>\n\t<meta name=\"twitter:data1\" content=\"Sebastiano Plutino\" \/>\n\t<meta name=\"twitter:label2\" content=\"Tempo di lettura stimato\" \/>\n\t<meta name=\"twitter:data2\" content=\"4 minuti\" \/>\n<script type=\"application\/ld+json\" class=\"yoast-schema-graph\">{\"@context\":\"https:\/\/schema.org\",\"@graph\":[{\"@type\":\"Article\",\"@id\":\"https:\/\/progettotouring.it\/radiotouring104\/2022\/12\/30\/reggio-presentato-documentario-promosso-da-csv-dei-due-mari\/#article\",\"isPartOf\":{\"@id\":\"https:\/\/progettotouring.it\/radiotouring104\/2022\/12\/30\/reggio-presentato-documentario-promosso-da-csv-dei-due-mari\/\"},\"author\":{\"name\":\"Sebastiano Plutino\",\"@id\":\"https:\/\/progettotouring.it\/radiotouring104\/#\/schema\/person\/78613917f1851f041f7483f5af1d422e\"},\"headline\":\"Reggio, presentato documentario promosso da &#8220;Csv dei Due Mari&#8221;\",\"datePublished\":\"2022-12-30T09:28:12+00:00\",\"dateModified\":\"2022-12-30T09:43:06+00:00\",\"mainEntityOfPage\":{\"@id\":\"https:\/\/progettotouring.it\/radiotouring104\/2022\/12\/30\/reggio-presentato-documentario-promosso-da-csv-dei-due-mari\/\"},\"wordCount\":864,\"commentCount\":0,\"publisher\":{\"@id\":\"https:\/\/progettotouring.it\/radiotouring104\/#organization\"},\"image\":{\"@id\":\"https:\/\/progettotouring.it\/radiotouring104\/2022\/12\/30\/reggio-presentato-documentario-promosso-da-csv-dei-due-mari\/#primaryimage\"},\"thumbnailUrl\":\"https:\/\/progettotouring.it\/radiotouring104\/wp-content\/uploads\/sites\/6\/2022\/12\/Due-Mari-1-scaled.jpg\",\"keywords\":[\"\\\"Csv dei Due Mari\\\"\",\"\u201cL\u2019umanit\u00e0 dei luoghi. Storie di volontariato dall\u2019Aspromonte al mare\u201d.\",\"Claudio Idone\",\"dipartimento di Architettura e Territorio dell\u2019Universit\u00e0 Mediterranea di Reggio Calabria.\",\"Giuseppe Bognoni\",\"Med Media\"],\"articleSection\":[\"Home\",\"News\",\"Reggio Calabria\"],\"inLanguage\":\"it-IT\",\"potentialAction\":[{\"@type\":\"CommentAction\",\"name\":\"Comment\",\"target\":[\"https:\/\/progettotouring.it\/radiotouring104\/2022\/12\/30\/reggio-presentato-documentario-promosso-da-csv-dei-due-mari\/#respond\"]}]},{\"@type\":\"WebPage\",\"@id\":\"https:\/\/progettotouring.it\/radiotouring104\/2022\/12\/30\/reggio-presentato-documentario-promosso-da-csv-dei-due-mari\/\",\"url\":\"https:\/\/progettotouring.it\/radiotouring104\/2022\/12\/30\/reggio-presentato-documentario-promosso-da-csv-dei-due-mari\/\",\"name\":\"Reggio, presentato documentario promosso da \\\"Csv dei Due Mari\\\"\",\"isPartOf\":{\"@id\":\"https:\/\/progettotouring.it\/radiotouring104\/#website\"},\"primaryImageOfPage\":{\"@id\":\"https:\/\/progettotouring.it\/radiotouring104\/2022\/12\/30\/reggio-presentato-documentario-promosso-da-csv-dei-due-mari\/#primaryimage\"},\"image\":{\"@id\":\"https:\/\/progettotouring.it\/radiotouring104\/2022\/12\/30\/reggio-presentato-documentario-promosso-da-csv-dei-due-mari\/#primaryimage\"},\"thumbnailUrl\":\"https:\/\/progettotouring.it\/radiotouring104\/wp-content\/uploads\/sites\/6\/2022\/12\/Due-Mari-1-scaled.jpg\",\"datePublished\":\"2022-12-30T09:28:12+00:00\",\"dateModified\":\"2022-12-30T09:43:06+00:00\",\"description\":\"Il racconto, promosso dal Csv dei Due Mari e realizzato da Med Media, sar\u00e0 al centro di future iniziative per promuovere un welfare culturale\",\"breadcrumb\":{\"@id\":\"https:\/\/progettotouring.it\/radiotouring104\/2022\/12\/30\/reggio-presentato-documentario-promosso-da-csv-dei-due-mari\/#breadcrumb\"},\"inLanguage\":\"it-IT\",\"potentialAction\":[{\"@type\":\"ReadAction\",\"target\":[\"https:\/\/progettotouring.it\/radiotouring104\/2022\/12\/30\/reggio-presentato-documentario-promosso-da-csv-dei-due-mari\/\"]}]},{\"@type\":\"ImageObject\",\"inLanguage\":\"it-IT\",\"@id\":\"https:\/\/progettotouring.it\/radiotouring104\/2022\/12\/30\/reggio-presentato-documentario-promosso-da-csv-dei-due-mari\/#primaryimage\",\"url\":\"https:\/\/progettotouring.it\/radiotouring104\/wp-content\/uploads\/sites\/6\/2022\/12\/Due-Mari-1-scaled.jpg\",\"contentUrl\":\"https:\/\/progettotouring.it\/radiotouring104\/wp-content\/uploads\/sites\/6\/2022\/12\/Due-Mari-1-scaled.jpg\",\"width\":2560,\"height\":1473},{\"@type\":\"BreadcrumbList\",\"@id\":\"https:\/\/progettotouring.it\/radiotouring104\/2022\/12\/30\/reggio-presentato-documentario-promosso-da-csv-dei-due-mari\/#breadcrumb\",\"itemListElement\":[{\"@type\":\"ListItem\",\"position\":1,\"name\":\"Home\",\"item\":\"https:\/\/progettotouring.it\/radiotouring104\/\"},{\"@type\":\"ListItem\",\"position\":2,\"name\":\"Reggio, presentato documentario promosso da &#8220;Csv dei Due Mari&#8221;\"}]},{\"@type\":\"WebSite\",\"@id\":\"https:\/\/progettotouring.it\/radiotouring104\/#website\",\"url\":\"https:\/\/progettotouring.it\/radiotouring104\/\",\"name\":\"Radio Touring 104\",\"description\":\"La prima radio Reggina\",\"publisher\":{\"@id\":\"https:\/\/progettotouring.it\/radiotouring104\/#organization\"},\"potentialAction\":[{\"@type\":\"SearchAction\",\"target\":{\"@type\":\"EntryPoint\",\"urlTemplate\":\"https:\/\/progettotouring.it\/radiotouring104\/?s={search_term_string}\"},\"query-input\":{\"@type\":\"PropertyValueSpecification\",\"valueRequired\":true,\"valueName\":\"search_term_string\"}}],\"inLanguage\":\"it-IT\"},{\"@type\":\"Organization\",\"@id\":\"https:\/\/progettotouring.it\/radiotouring104\/#organization\",\"name\":\"Radio Touring 104\",\"url\":\"https:\/\/progettotouring.it\/radiotouring104\/\",\"logo\":{\"@type\":\"ImageObject\",\"inLanguage\":\"it-IT\",\"@id\":\"https:\/\/progettotouring.it\/radiotouring104\/#\/schema\/logo\/image\/\",\"url\":\"https:\/\/progettotouring.it\/radiotouring104\/wp-content\/uploads\/sites\/6\/2022\/02\/cropped-logo-radio-touring-104.png\",\"contentUrl\":\"https:\/\/progettotouring.it\/radiotouring104\/wp-content\/uploads\/sites\/6\/2022\/02\/cropped-logo-radio-touring-104.png\",\"width\":377,\"height\":182,\"caption\":\"Radio Touring 104\"},\"image\":{\"@id\":\"https:\/\/progettotouring.it\/radiotouring104\/#\/schema\/logo\/image\/\"}},{\"@type\":\"Person\",\"@id\":\"https:\/\/progettotouring.it\/radiotouring104\/#\/schema\/person\/78613917f1851f041f7483f5af1d422e\",\"name\":\"Sebastiano Plutino\",\"image\":{\"@type\":\"ImageObject\",\"inLanguage\":\"it-IT\",\"@id\":\"https:\/\/secure.gravatar.com\/avatar\/0546ffaa9b79224faf9f2a156b67a529ae861d3287c66c1d8ccfdf909bcba78d?s=96&d=mm&r=g\",\"url\":\"https:\/\/secure.gravatar.com\/avatar\/0546ffaa9b79224faf9f2a156b67a529ae861d3287c66c1d8ccfdf909bcba78d?s=96&d=mm&r=g\",\"contentUrl\":\"https:\/\/secure.gravatar.com\/avatar\/0546ffaa9b79224faf9f2a156b67a529ae861d3287c66c1d8ccfdf909bcba78d?s=96&d=mm&r=g\",\"caption\":\"Sebastiano Plutino\"},\"url\":\"https:\/\/progettotouring.it\/radiotouring104\/author\/sebastiano\/\"}]}<\/script>\n<!-- \/ Yoast SEO plugin. -->","yoast_head_json":{"title":"Reggio, presentato documentario promosso da \"Csv dei Due Mari\"","description":"Il racconto, promosso dal Csv dei Due Mari e realizzato da Med Media, sar\u00e0 al centro di future iniziative per promuovere un welfare culturale","robots":{"index":"index","follow":"follow","max-snippet":"max-snippet:-1","max-image-preview":"max-image-preview:large","max-video-preview":"max-video-preview:-1"},"canonical":"https:\/\/progettotouring.it\/radiotouring104\/2022\/12\/30\/reggio-presentato-documentario-promosso-da-csv-dei-due-mari\/","og_locale":"it_IT","og_type":"article","og_title":"Reggio, presentato documentario promosso da \"Csv dei Due Mari\"","og_description":"Il racconto, promosso dal Csv dei Due Mari e realizzato da Med Media, sar\u00e0 al centro di future iniziative per promuovere un welfare culturale","og_url":"https:\/\/progettotouring.it\/radiotouring104\/2022\/12\/30\/reggio-presentato-documentario-promosso-da-csv-dei-due-mari\/","og_site_name":"Radio Touring 104","article_published_time":"2022-12-30T09:28:12+00:00","article_modified_time":"2022-12-30T09:43:06+00:00","og_image":[{"width":2560,"height":1473,"url":"https:\/\/progettotouring.it\/radiotouring104\/wp-content\/uploads\/sites\/6\/2022\/12\/Due-Mari-1-scaled.jpg","type":"image\/jpeg"}],"author":"Sebastiano Plutino","twitter_card":"summary_large_image","twitter_misc":{"Scritto da":"Sebastiano Plutino","Tempo di lettura stimato":"4 minuti"},"schema":{"@context":"https:\/\/schema.org","@graph":[{"@type":"Article","@id":"https:\/\/progettotouring.it\/radiotouring104\/2022\/12\/30\/reggio-presentato-documentario-promosso-da-csv-dei-due-mari\/#article","isPartOf":{"@id":"https:\/\/progettotouring.it\/radiotouring104\/2022\/12\/30\/reggio-presentato-documentario-promosso-da-csv-dei-due-mari\/"},"author":{"name":"Sebastiano Plutino","@id":"https:\/\/progettotouring.it\/radiotouring104\/#\/schema\/person\/78613917f1851f041f7483f5af1d422e"},"headline":"Reggio, presentato documentario promosso da &#8220;Csv dei Due Mari&#8221;","datePublished":"2022-12-30T09:28:12+00:00","dateModified":"2022-12-30T09:43:06+00:00","mainEntityOfPage":{"@id":"https:\/\/progettotouring.it\/radiotouring104\/2022\/12\/30\/reggio-presentato-documentario-promosso-da-csv-dei-due-mari\/"},"wordCount":864,"commentCount":0,"publisher":{"@id":"https:\/\/progettotouring.it\/radiotouring104\/#organization"},"image":{"@id":"https:\/\/progettotouring.it\/radiotouring104\/2022\/12\/30\/reggio-presentato-documentario-promosso-da-csv-dei-due-mari\/#primaryimage"},"thumbnailUrl":"https:\/\/progettotouring.it\/radiotouring104\/wp-content\/uploads\/sites\/6\/2022\/12\/Due-Mari-1-scaled.jpg","keywords":["\"Csv dei Due Mari\"","\u201cL\u2019umanit\u00e0 dei luoghi. Storie di volontariato dall\u2019Aspromonte al mare\u201d.","Claudio Idone","dipartimento di Architettura e Territorio dell\u2019Universit\u00e0 Mediterranea di Reggio Calabria.","Giuseppe Bognoni","Med Media"],"articleSection":["Home","News","Reggio Calabria"],"inLanguage":"it-IT","potentialAction":[{"@type":"CommentAction","name":"Comment","target":["https:\/\/progettotouring.it\/radiotouring104\/2022\/12\/30\/reggio-presentato-documentario-promosso-da-csv-dei-due-mari\/#respond"]}]},{"@type":"WebPage","@id":"https:\/\/progettotouring.it\/radiotouring104\/2022\/12\/30\/reggio-presentato-documentario-promosso-da-csv-dei-due-mari\/","url":"https:\/\/progettotouring.it\/radiotouring104\/2022\/12\/30\/reggio-presentato-documentario-promosso-da-csv-dei-due-mari\/","name":"Reggio, presentato documentario promosso da \"Csv dei Due Mari\"","isPartOf":{"@id":"https:\/\/progettotouring.it\/radiotouring104\/#website"},"primaryImageOfPage":{"@id":"https:\/\/progettotouring.it\/radiotouring104\/2022\/12\/30\/reggio-presentato-documentario-promosso-da-csv-dei-due-mari\/#primaryimage"},"image":{"@id":"https:\/\/progettotouring.it\/radiotouring104\/2022\/12\/30\/reggio-presentato-documentario-promosso-da-csv-dei-due-mari\/#primaryimage"},"thumbnailUrl":"https:\/\/progettotouring.it\/radiotouring104\/wp-content\/uploads\/sites\/6\/2022\/12\/Due-Mari-1-scaled.jpg","datePublished":"2022-12-30T09:28:12+00:00","dateModified":"2022-12-30T09:43:06+00:00","description":"Il racconto, promosso dal Csv dei Due Mari e realizzato da Med Media, sar\u00e0 al centro di future iniziative per promuovere un welfare culturale","breadcrumb":{"@id":"https:\/\/progettotouring.it\/radiotouring104\/2022\/12\/30\/reggio-presentato-documentario-promosso-da-csv-dei-due-mari\/#breadcrumb"},"inLanguage":"it-IT","potentialAction":[{"@type":"ReadAction","target":["https:\/\/progettotouring.it\/radiotouring104\/2022\/12\/30\/reggio-presentato-documentario-promosso-da-csv-dei-due-mari\/"]}]},{"@type":"ImageObject","inLanguage":"it-IT","@id":"https:\/\/progettotouring.it\/radiotouring104\/2022\/12\/30\/reggio-presentato-documentario-promosso-da-csv-dei-due-mari\/#primaryimage","url":"https:\/\/progettotouring.it\/radiotouring104\/wp-content\/uploads\/sites\/6\/2022\/12\/Due-Mari-1-scaled.jpg","contentUrl":"https:\/\/progettotouring.it\/radiotouring104\/wp-content\/uploads\/sites\/6\/2022\/12\/Due-Mari-1-scaled.jpg","width":2560,"height":1473},{"@type":"BreadcrumbList","@id":"https:\/\/progettotouring.it\/radiotouring104\/2022\/12\/30\/reggio-presentato-documentario-promosso-da-csv-dei-due-mari\/#breadcrumb","itemListElement":[{"@type":"ListItem","position":1,"name":"Home","item":"https:\/\/progettotouring.it\/radiotouring104\/"},{"@type":"ListItem","position":2,"name":"Reggio, presentato documentario promosso da &#8220;Csv dei Due Mari&#8221;"}]},{"@type":"WebSite","@id":"https:\/\/progettotouring.it\/radiotouring104\/#website","url":"https:\/\/progettotouring.it\/radiotouring104\/","name":"Radio Touring 104","description":"La prima radio Reggina","publisher":{"@id":"https:\/\/progettotouring.it\/radiotouring104\/#organization"},"potentialAction":[{"@type":"SearchAction","target":{"@type":"EntryPoint","urlTemplate":"https:\/\/progettotouring.it\/radiotouring104\/?s={search_term_string}"},"query-input":{"@type":"PropertyValueSpecification","valueRequired":true,"valueName":"search_term_string"}}],"inLanguage":"it-IT"},{"@type":"Organization","@id":"https:\/\/progettotouring.it\/radiotouring104\/#organization","name":"Radio Touring 104","url":"https:\/\/progettotouring.it\/radiotouring104\/","logo":{"@type":"ImageObject","inLanguage":"it-IT","@id":"https:\/\/progettotouring.it\/radiotouring104\/#\/schema\/logo\/image\/","url":"https:\/\/progettotouring.it\/radiotouring104\/wp-content\/uploads\/sites\/6\/2022\/02\/cropped-logo-radio-touring-104.png","contentUrl":"https:\/\/progettotouring.it\/radiotouring104\/wp-content\/uploads\/sites\/6\/2022\/02\/cropped-logo-radio-touring-104.png","width":377,"height":182,"caption":"Radio Touring 104"},"image":{"@id":"https:\/\/progettotouring.it\/radiotouring104\/#\/schema\/logo\/image\/"}},{"@type":"Person","@id":"https:\/\/progettotouring.it\/radiotouring104\/#\/schema\/person\/78613917f1851f041f7483f5af1d422e","name":"Sebastiano Plutino","image":{"@type":"ImageObject","inLanguage":"it-IT","@id":"https:\/\/secure.gravatar.com\/avatar\/0546ffaa9b79224faf9f2a156b67a529ae861d3287c66c1d8ccfdf909bcba78d?s=96&d=mm&r=g","url":"https:\/\/secure.gravatar.com\/avatar\/0546ffaa9b79224faf9f2a156b67a529ae861d3287c66c1d8ccfdf909bcba78d?s=96&d=mm&r=g","contentUrl":"https:\/\/secure.gravatar.com\/avatar\/0546ffaa9b79224faf9f2a156b67a529ae861d3287c66c1d8ccfdf909bcba78d?s=96&d=mm&r=g","caption":"Sebastiano Plutino"},"url":"https:\/\/progettotouring.it\/radiotouring104\/author\/sebastiano\/"}]}},"jetpack_publicize_connections":[],"jetpack_featured_media_url":"https:\/\/progettotouring.it\/radiotouring104\/wp-content\/uploads\/sites\/6\/2022\/12\/Due-Mari-1-scaled.jpg","jetpack_sharing_enabled":true,"_links":{"self":[{"href":"https:\/\/progettotouring.it\/radiotouring104\/wp-json\/wp\/v2\/posts\/15836","targetHints":{"allow":["GET"]}}],"collection":[{"href":"https:\/\/progettotouring.it\/radiotouring104\/wp-json\/wp\/v2\/posts"}],"about":[{"href":"https:\/\/progettotouring.it\/radiotouring104\/wp-json\/wp\/v2\/types\/post"}],"author":[{"embeddable":true,"href":"https:\/\/progettotouring.it\/radiotouring104\/wp-json\/wp\/v2\/users\/12"}],"replies":[{"embeddable":true,"href":"https:\/\/progettotouring.it\/radiotouring104\/wp-json\/wp\/v2\/comments?post=15836"}],"version-history":[{"count":2,"href":"https:\/\/progettotouring.it\/radiotouring104\/wp-json\/wp\/v2\/posts\/15836\/revisions"}],"predecessor-version":[{"id":15841,"href":"https:\/\/progettotouring.it\/radiotouring104\/wp-json\/wp\/v2\/posts\/15836\/revisions\/15841"}],"wp:featuredmedia":[{"embeddable":true,"href":"https:\/\/progettotouring.it\/radiotouring104\/wp-json\/wp\/v2\/media\/15837"}],"wp:attachment":[{"href":"https:\/\/progettotouring.it\/radiotouring104\/wp-json\/wp\/v2\/media?parent=15836"}],"wp:term":[{"taxonomy":"category","embeddable":true,"href":"https:\/\/progettotouring.it\/radiotouring104\/wp-json\/wp\/v2\/categories?post=15836"},{"taxonomy":"post_tag","embeddable":true,"href":"https:\/\/progettotouring.it\/radiotouring104\/wp-json\/wp\/v2\/tags?post=15836"}],"curies":[{"name":"wp","href":"https:\/\/api.w.org\/{rel}","templated":true}]}}