{"id":15839,"date":"2022-12-30T10:39:44","date_gmt":"2022-12-30T09:39:44","guid":{"rendered":"https:\/\/progettotouring.it\/radiotouring104\/?p=15839"},"modified":"2022-12-30T10:41:11","modified_gmt":"2022-12-30T09:41:11","slug":"gestione-marca-il-bilancio-a-giorni-dalla-scadenza-convenzione","status":"publish","type":"post","link":"https:\/\/progettotouring.it\/radiotouring104\/2022\/12\/30\/gestione-marca-il-bilancio-a-giorni-dalla-scadenza-convenzione\/","title":{"rendered":"Gestione Marca, il bilancio a giorni dalla scadenza convenzione"},"content":{"rendered":"<p class=\"xmprfx_MsoNormal\">Una conferenza stampa voluta per fare il punto, e senza polemiche, a pochi giorni dallo scadere della convenzione che dal 2015 ad oggi ha permesso alla struttura museale di propriet\u00e0 della Provincia di Catanzaro di assicurare continuit\u00e0 alla programmazione culturale del Marca, e un importante apporto tecnico-scientifico.<\/p>\n<p class=\"xmprfx_MsoNormal\">Al silenzio dell\u2019Ente intermedio, guidato dal presidente Mario Amedeo Mormile, in merito al futuro della convenzione e, quindi, della riuscita sinergia gestionale tra pubblico e privato che ha prodotto ottimi risultati negli ultimi sette anni e mezzo, il direttore artistico del Museo Marca, Rocco Guglielmo risponde con i numeri e i traguardi raggiunti, illustrati nel corso della conferenza stampa che si \u00e8 tenuta questa mattina nel chiostro del Museo.<\/p>\n<p class=\"xmprfx_MsoNormal\">La Fondazione Guglielmo \u2013 che ha continuato a proiettare a livello internazionale il nome del Museo, contribuendo a farlo diventare sinonimo di qualit\u00e0 e competenza \u2013 nell\u2019ambito della gestione del Marca ha al suo attivo:\u00a052 mostre 20 eventi espositivi, altrettanti eventi culturali, 120 presentazioni di libri, 40 rappresentazioni teatrali, 3 residenze di artisti ed oltre 30 laboratori in favore delle scuole oltre a numerose visite guidate avviate nel rispetto di un protocollo firmato a maggio del 2015.<\/p>\n<p class=\"xmprfx_MsoNormal\">Lo racconta il direttore artistico Guglielmo cercando di rispondere anche all\u2019interrogativo che resta nell\u2019aria: cosa\u00a0ne sar\u00e0 del Museo di Arte contemporanea di Catanzaro, orgoglio del panorama museale dell\u2019intera regione e fiore all\u2019occhiello dell\u2019Amministrazione provinciale di Catanzaro? Guglielmo ripercorre le tappe che hanno caratterizzato la proficua collaborazione tra l\u2019Amministrazione provinciale di Catanzaro e la Fondazione Rocco Guglielmo \u2013 che ha portato ottimi risultati in termini di visibilit\u00e0 e qualit\u00e0 culturale \u2013 al 2 aprile 2015, rivolgendo prima di tutto il proprio ringraziamento al presidente pro tempore, Enzo Bruno, che con grande determinazione ha voluto avviare l\u2019intesa finalizzata ad attivit\u00e0 di supporto alla gestione e alla valorizzazione del patrimonio culturale del Museo Marca.<\/p>\n<p>Nel corso degli anni, in seguito al rinnovo della convenzione a scadenza il 31 dicembre prossimo, il direttore artistico Rocco Guglielmo \u00e8 riuscito a mantenere alta l\u2019attenzione sul Marca e il suo percorso culturale proiettando ancora in avanti il livello qualitativo e i successi nel campo culturale gi\u00e0 ottenuti dal nostro museo di arte contemporanea.<\/p>\n<p>C\u2019\u00e8 da ricordare che la gestione dei musei provinciali \u00e8 ricompresa nelle competenze cosiddette \u201cresiduali\u201d che secondo la legge Delrio continuano ad essere esercitate dalle Province in attesa che la Regione, con propria norma, individuai l\u2019ambito ottimale per la gestione delle stesse. Le spese per far fronte alla gestione ordinaria dei musei continuano ad essere anticipate dalla Provincia e rimborsate dalla Regione a seguito di idoneo rendiconto: ma nel corso degli anni le ristrette possibilit\u00e0 economiche dell\u2019Ente intermedio &#8211; messo in ginocchio dalle legge 56\/14 e dalla Finanziaria del 2015 \u2013 si sono ulteriormente assottigliate.<\/p>\n<p>La Fondazione Guglielmo ha permesso alla Provincia di Catanzaro di mantenere il percorso culturale del Marca, sperimentando la riuscita di un ambito di collaborazione pubblico-privata per alcuni versi inedito con l\u2019unico scopo di perseguire la mission della promozione culturale.<\/p>\n<p class=\"xmprfx_MsoNormal\">\u201cQuello che tracciamo al termine di quasi 8 anni di gestione del Museo &#8211; ha aggiunto\u00a0<b>Rocco Guglielmo<\/b>\u00a0&#8211; \u00e8 un bilancio sicuramente positivo. Il Museo \u00e8 stato frequentato dai pi\u00f9 grandi curatori italiani e da artisti internazionali e locali. Un lavoro enorme portato avanti dalla Fondazione ma anche all\u2019associazione<a href=\"http:\/\/di.co\/\" target=\"_blank\" rel=\"noopener noreferrer\">\u00a0Di.Co\u00a0<\/a>che, negli anni, ha collaborato nella gestione del Museo nell\u2019organizzazione delle attivit\u00e0 culturali, aprendo in particolare gli spazi alla visita delle scuole, organizzando riusciti e partecipati laboratori\u201d.<\/p>\n<p class=\"xmprfx_MsoNormal\">Alla conferenza stampa erano presenti, infatti, anche la presidente dell\u2019associazione culturale\u00a0<b><a href=\"http:\/\/di.co\/\" target=\"_blank\" rel=\"noopener noreferrer\">Di.Co<\/a>., Rossella Talotta<\/b>, la vicepresidente\u00a0<b>Federica Longo<\/b>,\u00a0<b>Luigia Bruno e Silvia Pujia\u00a0<\/b>che hanno ringraziato il notaio Guglielmo, ricordando importanti progetti avviati grazie a bandi regionali vinti e finanziati, come quelli relativi ai percorsi museali per i diversamente abili. Ed in particolare come attraverso le proprie attivit\u00e0 laboratoriali, che prima non esistevano, il Marca sia stato aperto agli studenti che hanno potuto avere un approccio nuovo e attivo all\u2019arte contemporanea.<\/p>\n<p class=\"xmprfx_MsoNormal\">\u201cNon c\u2019\u00e8 nessuna polemica nei confronti della Provincia rimasta in silenzio nonostante le diverse sollecitazioni &#8211; ha aggiunto\u00a0<b>Rocco Guglielmo<\/b>\u00a0&#8211; ma solo delusione. Personalmente credo che, per ogni cosa, ci sia un inizio e ci sia una fine. Non contesto la sostanza perch\u00e9 la Provincia, come Ente proprietario della struttura, pu\u00f2 anche decidere di gestire autonomamente il museo. Quello che contesto \u00e8 la forma, che come logico nel mio mestiere diventa sostanza. Anche nel senso che come Fondazione, non abbiamo mai ricevuto risposte alle email ed alle pec inviate. Nei 7 anni e mezzo di durata della convenzione con la Fondazione &#8211; ha spiegato\u00a0<b>ancora\u00a0<\/b>&#8211; l\u2019Amministrazione provinciale ha solo messo a disposizione le somme necessarie per la gestione dell\u2019immobile. Per tutto il resto, mi riferisco all\u2019organizzazione degli eventi e non solo, la Provincia non ha mai partecipato finanziariamente\u201d.<\/p>\n<p class=\"xmprfx_MsoNormal\">Mentre l\u2019Ente intermedio ha gi\u00e0 affidato il servizio di vigilanza e di accoglienza ad una associazione diversa dalla<a href=\"http:\/\/di.co\/\" target=\"_blank\" rel=\"noopener noreferrer\">\u00a0Di.co<\/a>, cosa sar\u00e0 della programmazione dell\u2019attivit\u00e0 museale per il 2023, anche in seguito al silenzio caduto sul rinnovo della convenzione ancora non ci sono notizie. Certo \u00e8 che la Fondazione Guglielmo continuer\u00e0 il proprio percorso operativo e progettuale per promuovere l\u2019arte da Catanzaro nel resto del paese: la mostra Art Rizoma organizzata a Gerace \u00e8 tra i Best of 2022 assegnati da Artribune.<\/p>\n","protected":false},"excerpt":{"rendered":"<p>Una conferenza stampa voluta per fare il punto, e senza polemiche, a pochi giorni dallo scadere della convenzione che dal 2015 ad oggi ha permesso alla struttura museale di propriet\u00e0&hellip;<\/p>\n","protected":false},"author":12,"featured_media":15608,"comment_status":"open","ping_status":"open","sticky":false,"template":"","format":"standard","meta":{"_jetpack_memberships_contains_paid_content":false,"footnotes":"","jetpack_publicize_message":"","jetpack_publicize_feature_enabled":true,"jetpack_social_post_already_shared":false,"jetpack_social_options":{"image_generator_settings":{"template":"highway","default_image_id":0,"font":"","enabled":false},"version":2}},"categories":[921,196,140],"tags":[7742,7741,7885,7886],"class_list":["post-15839","post","type-post","status-publish","format-standard","has-post-thumbnail","hentry","category-home","category-news","category-reggio-calabria","tag-museo-marca","tag-presidente-mario-amedeo-mormile","tag-provincia-di-catanzaro","tag-rocco-guglielmo"],"yoast_head":"<!-- This site is optimized with the Yoast SEO plugin v27.2 - https:\/\/yoast.com\/product\/yoast-seo-wordpress\/ -->\n<title>Gestione Marca, il bilancio a giorni dalla scadenza convenzione<\/title>\n<meta name=\"description\" content=\"Il direttore artistico Rocco Guglielmo traccia il punto, a pochi giorni dalla scadenza della convenzione con la Provincia di Catanzaro\" \/>\n<meta name=\"robots\" content=\"index, follow, max-snippet:-1, max-image-preview:large, max-video-preview:-1\" \/>\n<link rel=\"canonical\" href=\"https:\/\/progettotouring.it\/radiotouring104\/2022\/12\/30\/gestione-marca-il-bilancio-a-giorni-dalla-scadenza-convenzione\/\" \/>\n<meta property=\"og:locale\" content=\"it_IT\" \/>\n<meta property=\"og:type\" content=\"article\" \/>\n<meta property=\"og:title\" content=\"Gestione Marca, il bilancio a giorni dalla scadenza convenzione\" \/>\n<meta property=\"og:description\" content=\"Il direttore artistico Rocco Guglielmo traccia il punto, a pochi giorni dalla scadenza della convenzione con la Provincia di Catanzaro\" \/>\n<meta property=\"og:url\" content=\"https:\/\/progettotouring.it\/radiotouring104\/2022\/12\/30\/gestione-marca-il-bilancio-a-giorni-dalla-scadenza-convenzione\/\" \/>\n<meta property=\"og:site_name\" content=\"Radio Touring 104\" \/>\n<meta property=\"article:published_time\" content=\"2022-12-30T09:39:44+00:00\" \/>\n<meta property=\"article:modified_time\" content=\"2022-12-30T09:41:11+00:00\" \/>\n<meta property=\"og:image\" content=\"https:\/\/progettotouring.it\/radiotouring104\/wp-content\/uploads\/sites\/6\/2022\/12\/fondazione-rocco-guglielmo.jpg\" \/>\n\t<meta property=\"og:image:width\" content=\"688\" \/>\n\t<meta property=\"og:image:height\" content=\"1008\" \/>\n\t<meta property=\"og:image:type\" content=\"image\/jpeg\" \/>\n<meta name=\"author\" content=\"Sebastiano Plutino\" \/>\n<meta name=\"twitter:card\" content=\"summary_large_image\" \/>\n<meta name=\"twitter:label1\" content=\"Scritto da\" \/>\n\t<meta name=\"twitter:data1\" content=\"Sebastiano Plutino\" \/>\n\t<meta name=\"twitter:label2\" content=\"Tempo di lettura stimato\" \/>\n\t<meta name=\"twitter:data2\" content=\"4 minuti\" \/>\n<script type=\"application\/ld+json\" class=\"yoast-schema-graph\">{\"@context\":\"https:\/\/schema.org\",\"@graph\":[{\"@type\":\"Article\",\"@id\":\"https:\/\/progettotouring.it\/radiotouring104\/2022\/12\/30\/gestione-marca-il-bilancio-a-giorni-dalla-scadenza-convenzione\/#article\",\"isPartOf\":{\"@id\":\"https:\/\/progettotouring.it\/radiotouring104\/2022\/12\/30\/gestione-marca-il-bilancio-a-giorni-dalla-scadenza-convenzione\/\"},\"author\":{\"name\":\"Sebastiano Plutino\",\"@id\":\"https:\/\/progettotouring.it\/radiotouring104\/#\/schema\/person\/78613917f1851f041f7483f5af1d422e\"},\"headline\":\"Gestione Marca, il bilancio a giorni dalla scadenza convenzione\",\"datePublished\":\"2022-12-30T09:39:44+00:00\",\"dateModified\":\"2022-12-30T09:41:11+00:00\",\"mainEntityOfPage\":{\"@id\":\"https:\/\/progettotouring.it\/radiotouring104\/2022\/12\/30\/gestione-marca-il-bilancio-a-giorni-dalla-scadenza-convenzione\/\"},\"wordCount\":880,\"commentCount\":0,\"publisher\":{\"@id\":\"https:\/\/progettotouring.it\/radiotouring104\/#organization\"},\"image\":{\"@id\":\"https:\/\/progettotouring.it\/radiotouring104\/2022\/12\/30\/gestione-marca-il-bilancio-a-giorni-dalla-scadenza-convenzione\/#primaryimage\"},\"thumbnailUrl\":\"https:\/\/progettotouring.it\/radiotouring104\/wp-content\/uploads\/sites\/6\/2022\/12\/fondazione-rocco-guglielmo.jpg\",\"keywords\":[\"Museo Marca\",\"presidente Mario Amedeo Mormile\",\"Provincia di Catanzaro\",\"Rocco Guglielmo\"],\"articleSection\":[\"Home\",\"News\",\"Reggio Calabria\"],\"inLanguage\":\"it-IT\",\"potentialAction\":[{\"@type\":\"CommentAction\",\"name\":\"Comment\",\"target\":[\"https:\/\/progettotouring.it\/radiotouring104\/2022\/12\/30\/gestione-marca-il-bilancio-a-giorni-dalla-scadenza-convenzione\/#respond\"]}]},{\"@type\":\"WebPage\",\"@id\":\"https:\/\/progettotouring.it\/radiotouring104\/2022\/12\/30\/gestione-marca-il-bilancio-a-giorni-dalla-scadenza-convenzione\/\",\"url\":\"https:\/\/progettotouring.it\/radiotouring104\/2022\/12\/30\/gestione-marca-il-bilancio-a-giorni-dalla-scadenza-convenzione\/\",\"name\":\"Gestione Marca, il bilancio a giorni dalla scadenza convenzione\",\"isPartOf\":{\"@id\":\"https:\/\/progettotouring.it\/radiotouring104\/#website\"},\"primaryImageOfPage\":{\"@id\":\"https:\/\/progettotouring.it\/radiotouring104\/2022\/12\/30\/gestione-marca-il-bilancio-a-giorni-dalla-scadenza-convenzione\/#primaryimage\"},\"image\":{\"@id\":\"https:\/\/progettotouring.it\/radiotouring104\/2022\/12\/30\/gestione-marca-il-bilancio-a-giorni-dalla-scadenza-convenzione\/#primaryimage\"},\"thumbnailUrl\":\"https:\/\/progettotouring.it\/radiotouring104\/wp-content\/uploads\/sites\/6\/2022\/12\/fondazione-rocco-guglielmo.jpg\",\"datePublished\":\"2022-12-30T09:39:44+00:00\",\"dateModified\":\"2022-12-30T09:41:11+00:00\",\"description\":\"Il direttore artistico Rocco Guglielmo traccia il punto, a pochi giorni dalla scadenza della convenzione con la Provincia di Catanzaro\",\"breadcrumb\":{\"@id\":\"https:\/\/progettotouring.it\/radiotouring104\/2022\/12\/30\/gestione-marca-il-bilancio-a-giorni-dalla-scadenza-convenzione\/#breadcrumb\"},\"inLanguage\":\"it-IT\",\"potentialAction\":[{\"@type\":\"ReadAction\",\"target\":[\"https:\/\/progettotouring.it\/radiotouring104\/2022\/12\/30\/gestione-marca-il-bilancio-a-giorni-dalla-scadenza-convenzione\/\"]}]},{\"@type\":\"ImageObject\",\"inLanguage\":\"it-IT\",\"@id\":\"https:\/\/progettotouring.it\/radiotouring104\/2022\/12\/30\/gestione-marca-il-bilancio-a-giorni-dalla-scadenza-convenzione\/#primaryimage\",\"url\":\"https:\/\/progettotouring.it\/radiotouring104\/wp-content\/uploads\/sites\/6\/2022\/12\/fondazione-rocco-guglielmo.jpg\",\"contentUrl\":\"https:\/\/progettotouring.it\/radiotouring104\/wp-content\/uploads\/sites\/6\/2022\/12\/fondazione-rocco-guglielmo.jpg\",\"width\":688,\"height\":1008},{\"@type\":\"BreadcrumbList\",\"@id\":\"https:\/\/progettotouring.it\/radiotouring104\/2022\/12\/30\/gestione-marca-il-bilancio-a-giorni-dalla-scadenza-convenzione\/#breadcrumb\",\"itemListElement\":[{\"@type\":\"ListItem\",\"position\":1,\"name\":\"Home\",\"item\":\"https:\/\/progettotouring.it\/radiotouring104\/\"},{\"@type\":\"ListItem\",\"position\":2,\"name\":\"Gestione Marca, il bilancio a giorni dalla scadenza convenzione\"}]},{\"@type\":\"WebSite\",\"@id\":\"https:\/\/progettotouring.it\/radiotouring104\/#website\",\"url\":\"https:\/\/progettotouring.it\/radiotouring104\/\",\"name\":\"Radio Touring 104\",\"description\":\"La prima radio Reggina\",\"publisher\":{\"@id\":\"https:\/\/progettotouring.it\/radiotouring104\/#organization\"},\"potentialAction\":[{\"@type\":\"SearchAction\",\"target\":{\"@type\":\"EntryPoint\",\"urlTemplate\":\"https:\/\/progettotouring.it\/radiotouring104\/?s={search_term_string}\"},\"query-input\":{\"@type\":\"PropertyValueSpecification\",\"valueRequired\":true,\"valueName\":\"search_term_string\"}}],\"inLanguage\":\"it-IT\"},{\"@type\":\"Organization\",\"@id\":\"https:\/\/progettotouring.it\/radiotouring104\/#organization\",\"name\":\"Radio Touring 104\",\"url\":\"https:\/\/progettotouring.it\/radiotouring104\/\",\"logo\":{\"@type\":\"ImageObject\",\"inLanguage\":\"it-IT\",\"@id\":\"https:\/\/progettotouring.it\/radiotouring104\/#\/schema\/logo\/image\/\",\"url\":\"https:\/\/progettotouring.it\/radiotouring104\/wp-content\/uploads\/sites\/6\/2022\/02\/cropped-logo-radio-touring-104.png\",\"contentUrl\":\"https:\/\/progettotouring.it\/radiotouring104\/wp-content\/uploads\/sites\/6\/2022\/02\/cropped-logo-radio-touring-104.png\",\"width\":377,\"height\":182,\"caption\":\"Radio Touring 104\"},\"image\":{\"@id\":\"https:\/\/progettotouring.it\/radiotouring104\/#\/schema\/logo\/image\/\"}},{\"@type\":\"Person\",\"@id\":\"https:\/\/progettotouring.it\/radiotouring104\/#\/schema\/person\/78613917f1851f041f7483f5af1d422e\",\"name\":\"Sebastiano Plutino\",\"image\":{\"@type\":\"ImageObject\",\"inLanguage\":\"it-IT\",\"@id\":\"https:\/\/secure.gravatar.com\/avatar\/0546ffaa9b79224faf9f2a156b67a529ae861d3287c66c1d8ccfdf909bcba78d?s=96&d=mm&r=g\",\"url\":\"https:\/\/secure.gravatar.com\/avatar\/0546ffaa9b79224faf9f2a156b67a529ae861d3287c66c1d8ccfdf909bcba78d?s=96&d=mm&r=g\",\"contentUrl\":\"https:\/\/secure.gravatar.com\/avatar\/0546ffaa9b79224faf9f2a156b67a529ae861d3287c66c1d8ccfdf909bcba78d?s=96&d=mm&r=g\",\"caption\":\"Sebastiano Plutino\"},\"url\":\"https:\/\/progettotouring.it\/radiotouring104\/author\/sebastiano\/\"}]}<\/script>\n<!-- \/ Yoast SEO plugin. -->","yoast_head_json":{"title":"Gestione Marca, il bilancio a giorni dalla scadenza convenzione","description":"Il direttore artistico Rocco Guglielmo traccia il punto, a pochi giorni dalla scadenza della convenzione con la Provincia di Catanzaro","robots":{"index":"index","follow":"follow","max-snippet":"max-snippet:-1","max-image-preview":"max-image-preview:large","max-video-preview":"max-video-preview:-1"},"canonical":"https:\/\/progettotouring.it\/radiotouring104\/2022\/12\/30\/gestione-marca-il-bilancio-a-giorni-dalla-scadenza-convenzione\/","og_locale":"it_IT","og_type":"article","og_title":"Gestione Marca, il bilancio a giorni dalla scadenza convenzione","og_description":"Il direttore artistico Rocco Guglielmo traccia il punto, a pochi giorni dalla scadenza della convenzione con la Provincia di Catanzaro","og_url":"https:\/\/progettotouring.it\/radiotouring104\/2022\/12\/30\/gestione-marca-il-bilancio-a-giorni-dalla-scadenza-convenzione\/","og_site_name":"Radio Touring 104","article_published_time":"2022-12-30T09:39:44+00:00","article_modified_time":"2022-12-30T09:41:11+00:00","og_image":[{"width":688,"height":1008,"url":"https:\/\/progettotouring.it\/radiotouring104\/wp-content\/uploads\/sites\/6\/2022\/12\/fondazione-rocco-guglielmo.jpg","type":"image\/jpeg"}],"author":"Sebastiano Plutino","twitter_card":"summary_large_image","twitter_misc":{"Scritto da":"Sebastiano Plutino","Tempo di lettura stimato":"4 minuti"},"schema":{"@context":"https:\/\/schema.org","@graph":[{"@type":"Article","@id":"https:\/\/progettotouring.it\/radiotouring104\/2022\/12\/30\/gestione-marca-il-bilancio-a-giorni-dalla-scadenza-convenzione\/#article","isPartOf":{"@id":"https:\/\/progettotouring.it\/radiotouring104\/2022\/12\/30\/gestione-marca-il-bilancio-a-giorni-dalla-scadenza-convenzione\/"},"author":{"name":"Sebastiano Plutino","@id":"https:\/\/progettotouring.it\/radiotouring104\/#\/schema\/person\/78613917f1851f041f7483f5af1d422e"},"headline":"Gestione Marca, il bilancio a giorni dalla scadenza convenzione","datePublished":"2022-12-30T09:39:44+00:00","dateModified":"2022-12-30T09:41:11+00:00","mainEntityOfPage":{"@id":"https:\/\/progettotouring.it\/radiotouring104\/2022\/12\/30\/gestione-marca-il-bilancio-a-giorni-dalla-scadenza-convenzione\/"},"wordCount":880,"commentCount":0,"publisher":{"@id":"https:\/\/progettotouring.it\/radiotouring104\/#organization"},"image":{"@id":"https:\/\/progettotouring.it\/radiotouring104\/2022\/12\/30\/gestione-marca-il-bilancio-a-giorni-dalla-scadenza-convenzione\/#primaryimage"},"thumbnailUrl":"https:\/\/progettotouring.it\/radiotouring104\/wp-content\/uploads\/sites\/6\/2022\/12\/fondazione-rocco-guglielmo.jpg","keywords":["Museo Marca","presidente Mario Amedeo Mormile","Provincia di Catanzaro","Rocco Guglielmo"],"articleSection":["Home","News","Reggio Calabria"],"inLanguage":"it-IT","potentialAction":[{"@type":"CommentAction","name":"Comment","target":["https:\/\/progettotouring.it\/radiotouring104\/2022\/12\/30\/gestione-marca-il-bilancio-a-giorni-dalla-scadenza-convenzione\/#respond"]}]},{"@type":"WebPage","@id":"https:\/\/progettotouring.it\/radiotouring104\/2022\/12\/30\/gestione-marca-il-bilancio-a-giorni-dalla-scadenza-convenzione\/","url":"https:\/\/progettotouring.it\/radiotouring104\/2022\/12\/30\/gestione-marca-il-bilancio-a-giorni-dalla-scadenza-convenzione\/","name":"Gestione Marca, il bilancio a giorni dalla scadenza convenzione","isPartOf":{"@id":"https:\/\/progettotouring.it\/radiotouring104\/#website"},"primaryImageOfPage":{"@id":"https:\/\/progettotouring.it\/radiotouring104\/2022\/12\/30\/gestione-marca-il-bilancio-a-giorni-dalla-scadenza-convenzione\/#primaryimage"},"image":{"@id":"https:\/\/progettotouring.it\/radiotouring104\/2022\/12\/30\/gestione-marca-il-bilancio-a-giorni-dalla-scadenza-convenzione\/#primaryimage"},"thumbnailUrl":"https:\/\/progettotouring.it\/radiotouring104\/wp-content\/uploads\/sites\/6\/2022\/12\/fondazione-rocco-guglielmo.jpg","datePublished":"2022-12-30T09:39:44+00:00","dateModified":"2022-12-30T09:41:11+00:00","description":"Il direttore artistico Rocco Guglielmo traccia il punto, a pochi giorni dalla scadenza della convenzione con la Provincia di Catanzaro","breadcrumb":{"@id":"https:\/\/progettotouring.it\/radiotouring104\/2022\/12\/30\/gestione-marca-il-bilancio-a-giorni-dalla-scadenza-convenzione\/#breadcrumb"},"inLanguage":"it-IT","potentialAction":[{"@type":"ReadAction","target":["https:\/\/progettotouring.it\/radiotouring104\/2022\/12\/30\/gestione-marca-il-bilancio-a-giorni-dalla-scadenza-convenzione\/"]}]},{"@type":"ImageObject","inLanguage":"it-IT","@id":"https:\/\/progettotouring.it\/radiotouring104\/2022\/12\/30\/gestione-marca-il-bilancio-a-giorni-dalla-scadenza-convenzione\/#primaryimage","url":"https:\/\/progettotouring.it\/radiotouring104\/wp-content\/uploads\/sites\/6\/2022\/12\/fondazione-rocco-guglielmo.jpg","contentUrl":"https:\/\/progettotouring.it\/radiotouring104\/wp-content\/uploads\/sites\/6\/2022\/12\/fondazione-rocco-guglielmo.jpg","width":688,"height":1008},{"@type":"BreadcrumbList","@id":"https:\/\/progettotouring.it\/radiotouring104\/2022\/12\/30\/gestione-marca-il-bilancio-a-giorni-dalla-scadenza-convenzione\/#breadcrumb","itemListElement":[{"@type":"ListItem","position":1,"name":"Home","item":"https:\/\/progettotouring.it\/radiotouring104\/"},{"@type":"ListItem","position":2,"name":"Gestione Marca, il bilancio a giorni dalla scadenza convenzione"}]},{"@type":"WebSite","@id":"https:\/\/progettotouring.it\/radiotouring104\/#website","url":"https:\/\/progettotouring.it\/radiotouring104\/","name":"Radio Touring 104","description":"La prima radio Reggina","publisher":{"@id":"https:\/\/progettotouring.it\/radiotouring104\/#organization"},"potentialAction":[{"@type":"SearchAction","target":{"@type":"EntryPoint","urlTemplate":"https:\/\/progettotouring.it\/radiotouring104\/?s={search_term_string}"},"query-input":{"@type":"PropertyValueSpecification","valueRequired":true,"valueName":"search_term_string"}}],"inLanguage":"it-IT"},{"@type":"Organization","@id":"https:\/\/progettotouring.it\/radiotouring104\/#organization","name":"Radio Touring 104","url":"https:\/\/progettotouring.it\/radiotouring104\/","logo":{"@type":"ImageObject","inLanguage":"it-IT","@id":"https:\/\/progettotouring.it\/radiotouring104\/#\/schema\/logo\/image\/","url":"https:\/\/progettotouring.it\/radiotouring104\/wp-content\/uploads\/sites\/6\/2022\/02\/cropped-logo-radio-touring-104.png","contentUrl":"https:\/\/progettotouring.it\/radiotouring104\/wp-content\/uploads\/sites\/6\/2022\/02\/cropped-logo-radio-touring-104.png","width":377,"height":182,"caption":"Radio Touring 104"},"image":{"@id":"https:\/\/progettotouring.it\/radiotouring104\/#\/schema\/logo\/image\/"}},{"@type":"Person","@id":"https:\/\/progettotouring.it\/radiotouring104\/#\/schema\/person\/78613917f1851f041f7483f5af1d422e","name":"Sebastiano Plutino","image":{"@type":"ImageObject","inLanguage":"it-IT","@id":"https:\/\/secure.gravatar.com\/avatar\/0546ffaa9b79224faf9f2a156b67a529ae861d3287c66c1d8ccfdf909bcba78d?s=96&d=mm&r=g","url":"https:\/\/secure.gravatar.com\/avatar\/0546ffaa9b79224faf9f2a156b67a529ae861d3287c66c1d8ccfdf909bcba78d?s=96&d=mm&r=g","contentUrl":"https:\/\/secure.gravatar.com\/avatar\/0546ffaa9b79224faf9f2a156b67a529ae861d3287c66c1d8ccfdf909bcba78d?s=96&d=mm&r=g","caption":"Sebastiano Plutino"},"url":"https:\/\/progettotouring.it\/radiotouring104\/author\/sebastiano\/"}]}},"jetpack_publicize_connections":[],"jetpack_featured_media_url":"https:\/\/progettotouring.it\/radiotouring104\/wp-content\/uploads\/sites\/6\/2022\/12\/fondazione-rocco-guglielmo.jpg","jetpack_sharing_enabled":true,"_links":{"self":[{"href":"https:\/\/progettotouring.it\/radiotouring104\/wp-json\/wp\/v2\/posts\/15839","targetHints":{"allow":["GET"]}}],"collection":[{"href":"https:\/\/progettotouring.it\/radiotouring104\/wp-json\/wp\/v2\/posts"}],"about":[{"href":"https:\/\/progettotouring.it\/radiotouring104\/wp-json\/wp\/v2\/types\/post"}],"author":[{"embeddable":true,"href":"https:\/\/progettotouring.it\/radiotouring104\/wp-json\/wp\/v2\/users\/12"}],"replies":[{"embeddable":true,"href":"https:\/\/progettotouring.it\/radiotouring104\/wp-json\/wp\/v2\/comments?post=15839"}],"version-history":[{"count":1,"href":"https:\/\/progettotouring.it\/radiotouring104\/wp-json\/wp\/v2\/posts\/15839\/revisions"}],"predecessor-version":[{"id":15840,"href":"https:\/\/progettotouring.it\/radiotouring104\/wp-json\/wp\/v2\/posts\/15839\/revisions\/15840"}],"wp:featuredmedia":[{"embeddable":true,"href":"https:\/\/progettotouring.it\/radiotouring104\/wp-json\/wp\/v2\/media\/15608"}],"wp:attachment":[{"href":"https:\/\/progettotouring.it\/radiotouring104\/wp-json\/wp\/v2\/media?parent=15839"}],"wp:term":[{"taxonomy":"category","embeddable":true,"href":"https:\/\/progettotouring.it\/radiotouring104\/wp-json\/wp\/v2\/categories?post=15839"},{"taxonomy":"post_tag","embeddable":true,"href":"https:\/\/progettotouring.it\/radiotouring104\/wp-json\/wp\/v2\/tags?post=15839"}],"curies":[{"name":"wp","href":"https:\/\/api.w.org\/{rel}","templated":true}]}}