{"id":15847,"date":"2022-12-30T11:16:09","date_gmt":"2022-12-30T10:16:09","guid":{"rendered":"https:\/\/progettotouring.it\/radiotouring104\/?p=15847"},"modified":"2022-12-30T11:16:41","modified_gmt":"2022-12-30T10:16:41","slug":"i-provvedimenti-di-fine-anno-dellateneo-reggino","status":"publish","type":"post","link":"https:\/\/progettotouring.it\/radiotouring104\/2022\/12\/30\/i-provvedimenti-di-fine-anno-dellateneo-reggino\/","title":{"rendered":"I provvedimenti di fine anno dell&#8217;Ateneo reggino"},"content":{"rendered":"<p class=\"xmprfx_MsoNormal xmprfx_FluidPluginCopy\"><span class=\"xmprfx_ContentPasted1\">\u00c8 stato\u00a0<b class=\"xmprfx_ContentPasted1\">approvato all\u2019unanimit\u00e0 dagli organi di Governo di Ateneo,<\/b>\u00a0nelle sedute di fine anno,<b class=\"xmprfx_ContentPasted1\">\u00a0il bilancio previsionale 2023 ed il pluriennale 2023-2025<\/b>. Un bilancio solido ed equilibrato, che consente di adottare una\u00a0<b class=\"xmprfx_ContentPasted1\">programmazione di interventi sul fronte del diritto allo studio e dei servizi agli studenti<\/b>, dell\u2019<b class=\"xmprfx_ContentPasted1\">integrazione<\/b>\u00a0del\u00a0<b class=\"xmprfx_ContentPasted1\">fabbisogno di personale docente e tecnico-amministrativo<\/b>, della\u00a0<b class=\"xmprfx_ContentPasted1\">gestione delle infrastrutture tecniche<\/b>\u00a0e della\u00a0<b class=\"xmprfx_ContentPasted1\">implementazione e manutenzione del patrimonio immobiliare<\/b>, nonch\u00e9 del\u00a0<b class=\"xmprfx_ContentPasted1\">supporto alla ricerca e alla terza missione<\/b>. Il tutto in un contesto finanziario complicato, soprattutto per le ingenti risorse finanziarie aggiuntive occorrenti per gli aumenti dei costi di energia elettrica.\u00a0\u00a0<\/span><\/p>\n<p class=\"xmprfx_MsoNormal xmprfx_FluidPluginCopy\"><span class=\"xmprfx_ContentPasted1\">Unitamente all\u2019approvazione del bilancio previsionale, un altro passaggio importante \u00e8 stato determinato dall\u2019<b class=\"xmprfx_ContentPasted1\">approvazione<\/b>\u00a0del\u00a0<b class=\"xmprfx_ContentPasted1\">Piano di razionalizzazione delle societ\u00e0 partecipate<\/b>, un atto che rende trasparenti le partecipazioni della Mediterranea al governo delle attivit\u00e0 di enti terzi, soprattutto in tema di ricerca e trasferimento tecnologico.\u00a0\u00a0<\/span><\/p>\n<p class=\"xmprfx_MsoNormal xmprfx_FluidPluginCopy\"><span class=\"xmprfx_ContentPasted1\">Dal punto di vista dell\u2019<b class=\"xmprfx_ContentPasted1\">offerta\u00a0<\/b><b class=\"xmprfx_ContentPasted1\">formativa<\/b>, sono state assunte importanti determinazioni in ordine al potenziamento della stessa attraverso l\u2019<b class=\"xmprfx_ContentPasted1\">attivazione<\/b>\u00a0<b class=\"xmprfx_ContentPasted1\">di due nuovi corsi di studio magistrali<\/b>.<br class=\"xmprfx_ContentPasted1\" \/><\/span><\/p>\n<p class=\"xmprfx_MsoNormal xmprfx_FluidPluginCopy\"><span class=\"xmprfx_ContentPasted1\">Si tratta del corso di studio magistrale in \u201c<b class=\"xmprfx_ContentPasted1\">Progettazione pedagogica e gestione dei servizi educativi per i minori<\/b>\u00a0(classe LM-50) e del corso di studio magistrale in \u201c<b class=\"xmprfx_ContentPasted1\">Design per le culture mediterranee<\/b>\u201d, in classe LM-12. I due Corsi di Laurea sono naturale prosecuzione di corsi di laurea triennali di successo, gi\u00e0 attivi da alcuni anni.\u00a0<\/span><\/p>\n<p class=\"xmprfx_MsoNormal xmprfx_FluidPluginCopy\"><span class=\"xmprfx_ContentPasted1\">Nel corso delle ultime sedute sono stati altres\u00ec approvati numerosi regolamenti interni, nell\u2019ottica di un percorso di modernizzazione ed efficientamento delle strutture dell\u2019Ateneo.\u00a0<\/span><\/p>\n<p class=\"xmprfx_MsoNormal xmprfx_FluidPluginCopy\"><span class=\"xmprfx_ContentPasted1\">Gli ultimi giorni del corrente 2022 sono stati inoltre l\u2019occasione per portare a compimento delle\u00a0<b class=\"xmprfx_ContentPasted1\">significative azioni amministrative-gestionali<\/b>\u00a0avviate negli ultimi mesi, che avranno un importante impatto sulle attivit\u00e0 didattiche e di ricerca, nonch\u00e9 sui servizi rivolti agli studenti.\u00a0<\/span><\/p>\n<p class=\"xmprfx_MsoNormal xmprfx_FluidPluginCopy\"><b><span class=\"xmprfx_ContentPasted1\">Sono stati erogati gli acconti delle borse di studio destinati agli studenti meritevoli e in possesso dei requisiti previsti dalle disposizioni vigenti.\u00a0<\/span><\/b><span class=\"xmprfx_ContentPasted1\">Con l\u2019auspicio di un sempre maggiore sostegno da parte della Regione Calabria per l\u2019estensione dei benefici ad una maggiore platea di idonei.\u00a0<\/span><\/p>\n<p class=\"xmprfx_MsoNormal xmprfx_FluidPluginCopy\"><span class=\"xmprfx_ContentPasted1\">Relativamente al Personale, occorre mettere in evidenza anzitutto il\u00a0<b class=\"xmprfx_ContentPasted1\">completamento delle procedure di \u201cstabilizzazione\u201d\u00a0<\/b>di tutto il precariato interessato, sino ad esaurimento delle graduatorie relative, per un totale di 11 unit\u00e0. Sono state altres\u00ec\u00a0<b class=\"xmprfx_ContentPasted1\">completate le procedure concorsuali<\/b>\u00a0relative alla copertura di 10 posti di ricercatore a tempo determinato di tipo B, di 20 professori associati e 3 professori ordinari. Complessivamente, si tratta di 44 nuove posizioni, che andranno a coprire vacanze di organico e ad integrare il patrimonio di risorse umane della Mediterranea, sin dal 30 dicembre 2022.\u00a0<\/span><\/p>\n<p class=\"xmprfx_MsoNormal xmprfx_FluidPluginCopy\"><span class=\"xmprfx_ContentPasted1\">Infine, in tema di dematerializzazione specificatamente rivolta all\u2019<b class=\"xmprfx_ContentPasted1\">implementazione<\/b>\u00a0<b class=\"xmprfx_ContentPasted1\">dei servizi agli studenti<\/b>, dal 2 gennaio 2023 sar\u00e0 adottata\u00a0<b class=\"xmprfx_ContentPasted1\">una nuova piattaforma informatica per la gestione delle carriere degli studenti, in linea e coerenza con la stragrande maggioranza degli Atenei italiani.\u00a0<\/b>Ci\u00f2 consentir\u00e0 agli studenti di avere maggiori e pi\u00f9 funzionali servizi relativi al loro percorso formativo, ed alle strutture gestionali\u00a0\u00a0\u00a0di essere pi\u00f9 efficaci ed efficienti nell\u2019erogazione dei servizi relativi.\u00a0\u00a0<\/span><\/p>\n","protected":false},"excerpt":{"rendered":"<p>\u00c8 stato\u00a0approvato all\u2019unanimit\u00e0 dagli organi di Governo di Ateneo,\u00a0nelle sedute di fine anno,\u00a0il bilancio previsionale 2023 ed il pluriennale 2023-2025. Un bilancio solido ed equilibrato, che consente di adottare una\u00a0programmazione&hellip;<\/p>\n","protected":false},"author":12,"featured_media":15848,"comment_status":"open","ping_status":"open","sticky":false,"template":"","format":"standard","meta":{"_jetpack_memberships_contains_paid_content":false,"footnotes":"","jetpack_publicize_message":"","jetpack_publicize_feature_enabled":true,"jetpack_social_post_already_shared":false,"jetpack_social_options":{"image_generator_settings":{"template":"highway","default_image_id":0,"font":"","enabled":false},"version":2}},"categories":[142,921,150,196],"tags":[7894,7892,7893],"class_list":["post-15847","post","type-post","status-publish","format-standard","has-post-thumbnail","hentry","category-calabria","category-home","category-in-primo-piano","category-news","tag-bilancio-pluriennale-2023-2025","tag-governo-di-ateneo","tag-il-bilancio-previsionale-2023-ed-il-pluriennale-2023-2025"],"yoast_head":"<!-- This site is optimized with the Yoast SEO plugin v27.2 - https:\/\/yoast.com\/product\/yoast-seo-wordpress\/ -->\n<title>I provvedimenti di fine anno dell&#039;Ateneo reggino<\/title>\n<meta name=\"description\" content=\"\u00c8 stato\u00a0approvato all\u2019unanimit\u00e0 dagli organi di Governo di Ateneo il bilancio previsionale 2023 ed il pluriennale 2023-2025\" \/>\n<meta name=\"robots\" content=\"index, follow, max-snippet:-1, max-image-preview:large, max-video-preview:-1\" \/>\n<link rel=\"canonical\" href=\"https:\/\/progettotouring.it\/radiotouring104\/2022\/12\/30\/i-provvedimenti-di-fine-anno-dellateneo-reggino\/\" \/>\n<meta property=\"og:locale\" content=\"it_IT\" \/>\n<meta property=\"og:type\" content=\"article\" \/>\n<meta property=\"og:title\" content=\"I provvedimenti di fine anno dell&#039;Ateneo reggino\" \/>\n<meta property=\"og:description\" content=\"\u00c8 stato\u00a0approvato all\u2019unanimit\u00e0 dagli organi di Governo di Ateneo il bilancio previsionale 2023 ed il pluriennale 2023-2025\" \/>\n<meta property=\"og:url\" content=\"https:\/\/progettotouring.it\/radiotouring104\/2022\/12\/30\/i-provvedimenti-di-fine-anno-dellateneo-reggino\/\" \/>\n<meta property=\"og:site_name\" content=\"Radio Touring 104\" \/>\n<meta property=\"article:published_time\" content=\"2022-12-30T10:16:09+00:00\" \/>\n<meta property=\"article:modified_time\" content=\"2022-12-30T10:16:41+00:00\" \/>\n<meta property=\"og:image\" content=\"https:\/\/progettotouring.it\/radiotouring104\/wp-content\/uploads\/sites\/6\/2022\/12\/UniRC_Cittadella-Universitaria.jpg\" \/>\n\t<meta property=\"og:image:width\" content=\"1215\" \/>\n\t<meta property=\"og:image:height\" content=\"957\" \/>\n\t<meta property=\"og:image:type\" content=\"image\/jpeg\" \/>\n<meta name=\"author\" content=\"Sebastiano Plutino\" \/>\n<meta name=\"twitter:card\" content=\"summary_large_image\" \/>\n<meta name=\"twitter:label1\" content=\"Scritto da\" \/>\n\t<meta name=\"twitter:data1\" content=\"Sebastiano Plutino\" \/>\n\t<meta name=\"twitter:label2\" content=\"Tempo di lettura stimato\" \/>\n\t<meta name=\"twitter:data2\" content=\"2 minuti\" \/>\n<script type=\"application\/ld+json\" class=\"yoast-schema-graph\">{\"@context\":\"https:\/\/schema.org\",\"@graph\":[{\"@type\":\"Article\",\"@id\":\"https:\/\/progettotouring.it\/radiotouring104\/2022\/12\/30\/i-provvedimenti-di-fine-anno-dellateneo-reggino\/#article\",\"isPartOf\":{\"@id\":\"https:\/\/progettotouring.it\/radiotouring104\/2022\/12\/30\/i-provvedimenti-di-fine-anno-dellateneo-reggino\/\"},\"author\":{\"name\":\"Sebastiano Plutino\",\"@id\":\"https:\/\/progettotouring.it\/radiotouring104\/#\/schema\/person\/78613917f1851f041f7483f5af1d422e\"},\"headline\":\"I provvedimenti di fine anno dell&#8217;Ateneo reggino\",\"datePublished\":\"2022-12-30T10:16:09+00:00\",\"dateModified\":\"2022-12-30T10:16:41+00:00\",\"mainEntityOfPage\":{\"@id\":\"https:\/\/progettotouring.it\/radiotouring104\/2022\/12\/30\/i-provvedimenti-di-fine-anno-dellateneo-reggino\/\"},\"wordCount\":497,\"commentCount\":0,\"publisher\":{\"@id\":\"https:\/\/progettotouring.it\/radiotouring104\/#organization\"},\"image\":{\"@id\":\"https:\/\/progettotouring.it\/radiotouring104\/2022\/12\/30\/i-provvedimenti-di-fine-anno-dellateneo-reggino\/#primaryimage\"},\"thumbnailUrl\":\"https:\/\/progettotouring.it\/radiotouring104\/wp-content\/uploads\/sites\/6\/2022\/12\/UniRC_Cittadella-Universitaria.jpg\",\"keywords\":[\"bilancio pluriennale 2023-2025\",\"Governo di Ateneo\",\"il bilancio previsionale 2023 ed il pluriennale 2023-2025\"],\"articleSection\":[\"Calabria\",\"Home\",\"In primo piano\",\"News\"],\"inLanguage\":\"it-IT\",\"potentialAction\":[{\"@type\":\"CommentAction\",\"name\":\"Comment\",\"target\":[\"https:\/\/progettotouring.it\/radiotouring104\/2022\/12\/30\/i-provvedimenti-di-fine-anno-dellateneo-reggino\/#respond\"]}]},{\"@type\":\"WebPage\",\"@id\":\"https:\/\/progettotouring.it\/radiotouring104\/2022\/12\/30\/i-provvedimenti-di-fine-anno-dellateneo-reggino\/\",\"url\":\"https:\/\/progettotouring.it\/radiotouring104\/2022\/12\/30\/i-provvedimenti-di-fine-anno-dellateneo-reggino\/\",\"name\":\"I provvedimenti di fine anno dell'Ateneo reggino\",\"isPartOf\":{\"@id\":\"https:\/\/progettotouring.it\/radiotouring104\/#website\"},\"primaryImageOfPage\":{\"@id\":\"https:\/\/progettotouring.it\/radiotouring104\/2022\/12\/30\/i-provvedimenti-di-fine-anno-dellateneo-reggino\/#primaryimage\"},\"image\":{\"@id\":\"https:\/\/progettotouring.it\/radiotouring104\/2022\/12\/30\/i-provvedimenti-di-fine-anno-dellateneo-reggino\/#primaryimage\"},\"thumbnailUrl\":\"https:\/\/progettotouring.it\/radiotouring104\/wp-content\/uploads\/sites\/6\/2022\/12\/UniRC_Cittadella-Universitaria.jpg\",\"datePublished\":\"2022-12-30T10:16:09+00:00\",\"dateModified\":\"2022-12-30T10:16:41+00:00\",\"description\":\"\u00c8 stato\u00a0approvato all\u2019unanimit\u00e0 dagli organi di Governo di Ateneo il bilancio previsionale 2023 ed il pluriennale 2023-2025\",\"breadcrumb\":{\"@id\":\"https:\/\/progettotouring.it\/radiotouring104\/2022\/12\/30\/i-provvedimenti-di-fine-anno-dellateneo-reggino\/#breadcrumb\"},\"inLanguage\":\"it-IT\",\"potentialAction\":[{\"@type\":\"ReadAction\",\"target\":[\"https:\/\/progettotouring.it\/radiotouring104\/2022\/12\/30\/i-provvedimenti-di-fine-anno-dellateneo-reggino\/\"]}]},{\"@type\":\"ImageObject\",\"inLanguage\":\"it-IT\",\"@id\":\"https:\/\/progettotouring.it\/radiotouring104\/2022\/12\/30\/i-provvedimenti-di-fine-anno-dellateneo-reggino\/#primaryimage\",\"url\":\"https:\/\/progettotouring.it\/radiotouring104\/wp-content\/uploads\/sites\/6\/2022\/12\/UniRC_Cittadella-Universitaria.jpg\",\"contentUrl\":\"https:\/\/progettotouring.it\/radiotouring104\/wp-content\/uploads\/sites\/6\/2022\/12\/UniRC_Cittadella-Universitaria.jpg\",\"width\":1215,\"height\":957},{\"@type\":\"BreadcrumbList\",\"@id\":\"https:\/\/progettotouring.it\/radiotouring104\/2022\/12\/30\/i-provvedimenti-di-fine-anno-dellateneo-reggino\/#breadcrumb\",\"itemListElement\":[{\"@type\":\"ListItem\",\"position\":1,\"name\":\"Home\",\"item\":\"https:\/\/progettotouring.it\/radiotouring104\/\"},{\"@type\":\"ListItem\",\"position\":2,\"name\":\"I provvedimenti di fine anno dell&#8217;Ateneo reggino\"}]},{\"@type\":\"WebSite\",\"@id\":\"https:\/\/progettotouring.it\/radiotouring104\/#website\",\"url\":\"https:\/\/progettotouring.it\/radiotouring104\/\",\"name\":\"Radio Touring 104\",\"description\":\"La prima radio Reggina\",\"publisher\":{\"@id\":\"https:\/\/progettotouring.it\/radiotouring104\/#organization\"},\"potentialAction\":[{\"@type\":\"SearchAction\",\"target\":{\"@type\":\"EntryPoint\",\"urlTemplate\":\"https:\/\/progettotouring.it\/radiotouring104\/?s={search_term_string}\"},\"query-input\":{\"@type\":\"PropertyValueSpecification\",\"valueRequired\":true,\"valueName\":\"search_term_string\"}}],\"inLanguage\":\"it-IT\"},{\"@type\":\"Organization\",\"@id\":\"https:\/\/progettotouring.it\/radiotouring104\/#organization\",\"name\":\"Radio Touring 104\",\"url\":\"https:\/\/progettotouring.it\/radiotouring104\/\",\"logo\":{\"@type\":\"ImageObject\",\"inLanguage\":\"it-IT\",\"@id\":\"https:\/\/progettotouring.it\/radiotouring104\/#\/schema\/logo\/image\/\",\"url\":\"https:\/\/progettotouring.it\/radiotouring104\/wp-content\/uploads\/sites\/6\/2022\/02\/cropped-logo-radio-touring-104.png\",\"contentUrl\":\"https:\/\/progettotouring.it\/radiotouring104\/wp-content\/uploads\/sites\/6\/2022\/02\/cropped-logo-radio-touring-104.png\",\"width\":377,\"height\":182,\"caption\":\"Radio Touring 104\"},\"image\":{\"@id\":\"https:\/\/progettotouring.it\/radiotouring104\/#\/schema\/logo\/image\/\"}},{\"@type\":\"Person\",\"@id\":\"https:\/\/progettotouring.it\/radiotouring104\/#\/schema\/person\/78613917f1851f041f7483f5af1d422e\",\"name\":\"Sebastiano Plutino\",\"image\":{\"@type\":\"ImageObject\",\"inLanguage\":\"it-IT\",\"@id\":\"https:\/\/secure.gravatar.com\/avatar\/0546ffaa9b79224faf9f2a156b67a529ae861d3287c66c1d8ccfdf909bcba78d?s=96&d=mm&r=g\",\"url\":\"https:\/\/secure.gravatar.com\/avatar\/0546ffaa9b79224faf9f2a156b67a529ae861d3287c66c1d8ccfdf909bcba78d?s=96&d=mm&r=g\",\"contentUrl\":\"https:\/\/secure.gravatar.com\/avatar\/0546ffaa9b79224faf9f2a156b67a529ae861d3287c66c1d8ccfdf909bcba78d?s=96&d=mm&r=g\",\"caption\":\"Sebastiano Plutino\"},\"url\":\"https:\/\/progettotouring.it\/radiotouring104\/author\/sebastiano\/\"}]}<\/script>\n<!-- \/ Yoast SEO plugin. -->","yoast_head_json":{"title":"I provvedimenti di fine anno dell'Ateneo reggino","description":"\u00c8 stato\u00a0approvato all\u2019unanimit\u00e0 dagli organi di Governo di Ateneo il bilancio previsionale 2023 ed il pluriennale 2023-2025","robots":{"index":"index","follow":"follow","max-snippet":"max-snippet:-1","max-image-preview":"max-image-preview:large","max-video-preview":"max-video-preview:-1"},"canonical":"https:\/\/progettotouring.it\/radiotouring104\/2022\/12\/30\/i-provvedimenti-di-fine-anno-dellateneo-reggino\/","og_locale":"it_IT","og_type":"article","og_title":"I provvedimenti di fine anno dell'Ateneo reggino","og_description":"\u00c8 stato\u00a0approvato all\u2019unanimit\u00e0 dagli organi di Governo di Ateneo il bilancio previsionale 2023 ed il pluriennale 2023-2025","og_url":"https:\/\/progettotouring.it\/radiotouring104\/2022\/12\/30\/i-provvedimenti-di-fine-anno-dellateneo-reggino\/","og_site_name":"Radio Touring 104","article_published_time":"2022-12-30T10:16:09+00:00","article_modified_time":"2022-12-30T10:16:41+00:00","og_image":[{"width":1215,"height":957,"url":"https:\/\/progettotouring.it\/radiotouring104\/wp-content\/uploads\/sites\/6\/2022\/12\/UniRC_Cittadella-Universitaria.jpg","type":"image\/jpeg"}],"author":"Sebastiano Plutino","twitter_card":"summary_large_image","twitter_misc":{"Scritto da":"Sebastiano Plutino","Tempo di lettura stimato":"2 minuti"},"schema":{"@context":"https:\/\/schema.org","@graph":[{"@type":"Article","@id":"https:\/\/progettotouring.it\/radiotouring104\/2022\/12\/30\/i-provvedimenti-di-fine-anno-dellateneo-reggino\/#article","isPartOf":{"@id":"https:\/\/progettotouring.it\/radiotouring104\/2022\/12\/30\/i-provvedimenti-di-fine-anno-dellateneo-reggino\/"},"author":{"name":"Sebastiano Plutino","@id":"https:\/\/progettotouring.it\/radiotouring104\/#\/schema\/person\/78613917f1851f041f7483f5af1d422e"},"headline":"I provvedimenti di fine anno dell&#8217;Ateneo reggino","datePublished":"2022-12-30T10:16:09+00:00","dateModified":"2022-12-30T10:16:41+00:00","mainEntityOfPage":{"@id":"https:\/\/progettotouring.it\/radiotouring104\/2022\/12\/30\/i-provvedimenti-di-fine-anno-dellateneo-reggino\/"},"wordCount":497,"commentCount":0,"publisher":{"@id":"https:\/\/progettotouring.it\/radiotouring104\/#organization"},"image":{"@id":"https:\/\/progettotouring.it\/radiotouring104\/2022\/12\/30\/i-provvedimenti-di-fine-anno-dellateneo-reggino\/#primaryimage"},"thumbnailUrl":"https:\/\/progettotouring.it\/radiotouring104\/wp-content\/uploads\/sites\/6\/2022\/12\/UniRC_Cittadella-Universitaria.jpg","keywords":["bilancio pluriennale 2023-2025","Governo di Ateneo","il bilancio previsionale 2023 ed il pluriennale 2023-2025"],"articleSection":["Calabria","Home","In primo piano","News"],"inLanguage":"it-IT","potentialAction":[{"@type":"CommentAction","name":"Comment","target":["https:\/\/progettotouring.it\/radiotouring104\/2022\/12\/30\/i-provvedimenti-di-fine-anno-dellateneo-reggino\/#respond"]}]},{"@type":"WebPage","@id":"https:\/\/progettotouring.it\/radiotouring104\/2022\/12\/30\/i-provvedimenti-di-fine-anno-dellateneo-reggino\/","url":"https:\/\/progettotouring.it\/radiotouring104\/2022\/12\/30\/i-provvedimenti-di-fine-anno-dellateneo-reggino\/","name":"I provvedimenti di fine anno dell'Ateneo reggino","isPartOf":{"@id":"https:\/\/progettotouring.it\/radiotouring104\/#website"},"primaryImageOfPage":{"@id":"https:\/\/progettotouring.it\/radiotouring104\/2022\/12\/30\/i-provvedimenti-di-fine-anno-dellateneo-reggino\/#primaryimage"},"image":{"@id":"https:\/\/progettotouring.it\/radiotouring104\/2022\/12\/30\/i-provvedimenti-di-fine-anno-dellateneo-reggino\/#primaryimage"},"thumbnailUrl":"https:\/\/progettotouring.it\/radiotouring104\/wp-content\/uploads\/sites\/6\/2022\/12\/UniRC_Cittadella-Universitaria.jpg","datePublished":"2022-12-30T10:16:09+00:00","dateModified":"2022-12-30T10:16:41+00:00","description":"\u00c8 stato\u00a0approvato all\u2019unanimit\u00e0 dagli organi di Governo di Ateneo il bilancio previsionale 2023 ed il pluriennale 2023-2025","breadcrumb":{"@id":"https:\/\/progettotouring.it\/radiotouring104\/2022\/12\/30\/i-provvedimenti-di-fine-anno-dellateneo-reggino\/#breadcrumb"},"inLanguage":"it-IT","potentialAction":[{"@type":"ReadAction","target":["https:\/\/progettotouring.it\/radiotouring104\/2022\/12\/30\/i-provvedimenti-di-fine-anno-dellateneo-reggino\/"]}]},{"@type":"ImageObject","inLanguage":"it-IT","@id":"https:\/\/progettotouring.it\/radiotouring104\/2022\/12\/30\/i-provvedimenti-di-fine-anno-dellateneo-reggino\/#primaryimage","url":"https:\/\/progettotouring.it\/radiotouring104\/wp-content\/uploads\/sites\/6\/2022\/12\/UniRC_Cittadella-Universitaria.jpg","contentUrl":"https:\/\/progettotouring.it\/radiotouring104\/wp-content\/uploads\/sites\/6\/2022\/12\/UniRC_Cittadella-Universitaria.jpg","width":1215,"height":957},{"@type":"BreadcrumbList","@id":"https:\/\/progettotouring.it\/radiotouring104\/2022\/12\/30\/i-provvedimenti-di-fine-anno-dellateneo-reggino\/#breadcrumb","itemListElement":[{"@type":"ListItem","position":1,"name":"Home","item":"https:\/\/progettotouring.it\/radiotouring104\/"},{"@type":"ListItem","position":2,"name":"I provvedimenti di fine anno dell&#8217;Ateneo reggino"}]},{"@type":"WebSite","@id":"https:\/\/progettotouring.it\/radiotouring104\/#website","url":"https:\/\/progettotouring.it\/radiotouring104\/","name":"Radio Touring 104","description":"La prima radio Reggina","publisher":{"@id":"https:\/\/progettotouring.it\/radiotouring104\/#organization"},"potentialAction":[{"@type":"SearchAction","target":{"@type":"EntryPoint","urlTemplate":"https:\/\/progettotouring.it\/radiotouring104\/?s={search_term_string}"},"query-input":{"@type":"PropertyValueSpecification","valueRequired":true,"valueName":"search_term_string"}}],"inLanguage":"it-IT"},{"@type":"Organization","@id":"https:\/\/progettotouring.it\/radiotouring104\/#organization","name":"Radio Touring 104","url":"https:\/\/progettotouring.it\/radiotouring104\/","logo":{"@type":"ImageObject","inLanguage":"it-IT","@id":"https:\/\/progettotouring.it\/radiotouring104\/#\/schema\/logo\/image\/","url":"https:\/\/progettotouring.it\/radiotouring104\/wp-content\/uploads\/sites\/6\/2022\/02\/cropped-logo-radio-touring-104.png","contentUrl":"https:\/\/progettotouring.it\/radiotouring104\/wp-content\/uploads\/sites\/6\/2022\/02\/cropped-logo-radio-touring-104.png","width":377,"height":182,"caption":"Radio Touring 104"},"image":{"@id":"https:\/\/progettotouring.it\/radiotouring104\/#\/schema\/logo\/image\/"}},{"@type":"Person","@id":"https:\/\/progettotouring.it\/radiotouring104\/#\/schema\/person\/78613917f1851f041f7483f5af1d422e","name":"Sebastiano Plutino","image":{"@type":"ImageObject","inLanguage":"it-IT","@id":"https:\/\/secure.gravatar.com\/avatar\/0546ffaa9b79224faf9f2a156b67a529ae861d3287c66c1d8ccfdf909bcba78d?s=96&d=mm&r=g","url":"https:\/\/secure.gravatar.com\/avatar\/0546ffaa9b79224faf9f2a156b67a529ae861d3287c66c1d8ccfdf909bcba78d?s=96&d=mm&r=g","contentUrl":"https:\/\/secure.gravatar.com\/avatar\/0546ffaa9b79224faf9f2a156b67a529ae861d3287c66c1d8ccfdf909bcba78d?s=96&d=mm&r=g","caption":"Sebastiano Plutino"},"url":"https:\/\/progettotouring.it\/radiotouring104\/author\/sebastiano\/"}]}},"jetpack_publicize_connections":[],"jetpack_featured_media_url":"https:\/\/progettotouring.it\/radiotouring104\/wp-content\/uploads\/sites\/6\/2022\/12\/UniRC_Cittadella-Universitaria.jpg","jetpack_sharing_enabled":true,"_links":{"self":[{"href":"https:\/\/progettotouring.it\/radiotouring104\/wp-json\/wp\/v2\/posts\/15847","targetHints":{"allow":["GET"]}}],"collection":[{"href":"https:\/\/progettotouring.it\/radiotouring104\/wp-json\/wp\/v2\/posts"}],"about":[{"href":"https:\/\/progettotouring.it\/radiotouring104\/wp-json\/wp\/v2\/types\/post"}],"author":[{"embeddable":true,"href":"https:\/\/progettotouring.it\/radiotouring104\/wp-json\/wp\/v2\/users\/12"}],"replies":[{"embeddable":true,"href":"https:\/\/progettotouring.it\/radiotouring104\/wp-json\/wp\/v2\/comments?post=15847"}],"version-history":[{"count":1,"href":"https:\/\/progettotouring.it\/radiotouring104\/wp-json\/wp\/v2\/posts\/15847\/revisions"}],"predecessor-version":[{"id":15849,"href":"https:\/\/progettotouring.it\/radiotouring104\/wp-json\/wp\/v2\/posts\/15847\/revisions\/15849"}],"wp:featuredmedia":[{"embeddable":true,"href":"https:\/\/progettotouring.it\/radiotouring104\/wp-json\/wp\/v2\/media\/15848"}],"wp:attachment":[{"href":"https:\/\/progettotouring.it\/radiotouring104\/wp-json\/wp\/v2\/media?parent=15847"}],"wp:term":[{"taxonomy":"category","embeddable":true,"href":"https:\/\/progettotouring.it\/radiotouring104\/wp-json\/wp\/v2\/categories?post=15847"},{"taxonomy":"post_tag","embeddable":true,"href":"https:\/\/progettotouring.it\/radiotouring104\/wp-json\/wp\/v2\/tags?post=15847"}],"curies":[{"name":"wp","href":"https:\/\/api.w.org\/{rel}","templated":true}]}}