{"id":15863,"date":"2022-12-30T12:50:28","date_gmt":"2022-12-30T11:50:28","guid":{"rendered":"https:\/\/progettotouring.it\/radiotouring104\/?p=15863"},"modified":"2022-12-30T12:50:28","modified_gmt":"2022-12-30T11:50:28","slug":"cinquefrondi-chiede-cambio-rotta-al-governo-su-reti-ciclabili","status":"publish","type":"post","link":"https:\/\/progettotouring.it\/radiotouring104\/2022\/12\/30\/cinquefrondi-chiede-cambio-rotta-al-governo-su-reti-ciclabili\/","title":{"rendered":"Cinquefrondi chiede cambio rotta al Governo su reti ciclabili"},"content":{"rendered":"<p class=\"xmprfx_MsoNormal\">Il Consiglio Comunale di Cinquefrondi, alla luce del percorso intrapreso dall\u2019attuale governo che, con la Legge di Bilancio 2023 intende azzerare il \u201c<i>Fondo per lo sviluppo delle reti ciclabili urbane<\/i>\u201d istituito dall\u2019art. 1 comma 47 della legge 1260\/2019 e, conseguentemente, definanziare i 94 milioni di euro gi\u00e0 previsti per gli anni 2023 e 2024, considerato che:<\/p>\n<p class=\"xmprfx_gmail-MsoListParagraphCxSpFirst\">&#8211;\u00a0\u00a0\u00a0\u00a0\u00a0\u00a0\u00a0\u00a0\u00a0\u00a0Il \u201cPiano Generale della Mobilit\u00e0 Ciclistica 2022- 2024\u201d, approvato con decreto del Ministro delle infrastrutture e della mobilit\u00e0 sostenibili del 23 agosto 2022, ha definito per la prima volta nella storia italiana la strategia, gli obiettivi e le azioni per promuovere lo sviluppo della mobilit\u00e0 ciclistica nelle aree urbane e metropolitane, quale politica nazionale della mobilit\u00e0 e dei trasporti, alla cui attuazione erano destinate le risorse ora eliminate.<\/p>\n<p class=\"xmprfx_gmail-MsoListParagraphCxSpMiddle\">&#8211;\u00a0\u00a0\u00a0\u00a0\u00a0\u00a0\u00a0\u00a0\u00a0\u00a0I target da raggiungere entro il 2024, di aumento del 20% della quota modale di spostamenti in bicicletta e di incremento della estensione delle infrastrutture ciclabili, possono essere conseguiti solo con l\u2019indispensabile concorso anche finanziario dello Stato.<\/p>\n<p class=\"xmprfx_gmail-MsoListParagraphCxSpMiddle\">&#8211;\u00a0\u00a0\u00a0\u00a0\u00a0\u00a0\u00a0\u00a0\u00a0\u00a0Gli strumenti di pianificazione della mobilit\u00e0 delle Citt\u00e0 Metropolitane e dei Comuni si pongono target significativi sulla ciclabilit\u00e0 che necessitano, fondamentalmente, del concorso finanziario dello Stato, al quale la Legge 2\/2018 attribuisce la competenza.<\/p>\n<p class=\"xmprfx_gmail-MsoListParagraphCxSpMiddle\">&#8211;\u00a0\u00a0\u00a0\u00a0\u00a0\u00a0\u00a0\u00a0\u00a0\u00a0Dal dossier \u201c<i>Non \u00e8 un paese per bici<\/i>\u201d, pubblicato poco tempo fa da Clean Cities, FIAB, Kyoto Club e Legambiente, emerge un notevole gap di ciclabilit\u00e0 tra le citt\u00e0 italiane e le leader in Europa, per colmare il quale sarebbe necessario quadruplicare i chilometri di percorsi ciclabili, per una spesa complessiva di 3,2 miliardi di euro da qui al 2030, attraverso un piano straordinario di promozione della ciclabilit\u00e0 urbana cui destinare 500 milioni l\u2019anno.<\/p>\n<p class=\"xmprfx_gmail-MsoListParagraphCxSpMiddle\">&#8211;\u00a0\u00a0\u00a0\u00a0\u00a0\u00a0\u00a0\u00a0\u00a0\u00a0Gli ultimi eclatanti episodi di violenza stradale e uccisione di ciclisti (sono gi\u00e0 106 le persone in bicicletta investite e morte sulle strade italiane quest\u2019anno) rendono se possibile ancora pi\u00f9 evidente la grave situazione di insicurezza stradale per l\u2019utenza ciclistica e pedonale e urgente la messa in campo di un piano di interventi per ridisegnare le strade e introdurre in modo diffuso e continuo percorsi ciclabili e dispositivi di moderazione del traffico e della velocit\u00e0 in ambito urbano.<\/p>\n<p class=\"xmprfx_gmail-MsoListParagraphCxSpMiddle\">&#8211;\u00a0\u00a0\u00a0\u00a0\u00a0\u00a0\u00a0\u00a0\u00a0\u00a0Che per quanto sopra esposto si ritiene doveroso agire a tutela dei cittadini e dei Comuni del territorio metropolitano per chiedere al Governo e al Parlamento l\u2019immediato ripristino del Fondo in questione stante anche l\u2019interesse nazionale e internazionale che la tematica ricopre.<\/p>\n<p class=\"xmprfx_gmail-MsoListParagraphCxSpLast\">&#8211;\u00a0\u00a0\u00a0\u00a0\u00a0\u00a0\u00a0\u00a0\u00a0\u00a0Considerati inoltre che sempre pi\u00f9 cittadini ricorrono a questa modalit\u00e0 di trasporto e che il ruolo delle istituzioni \u00e8 cruciale per innescare processi virtuosi di cambiamento.<\/p>\n<p class=\"xmprfx_MsoNormal\">Si chiede che tale mozione sia approvata, cos\u00ec come hanno fatto e stanno facendo i comuni da Nord a Sud senza distinzione, in modo che possa essere insieme a tutte le altre approvate, richiesta forte e comune per ripristinare, e se possibile anche aumentare il finanziamento del \u201cFondo per lo sviluppo delle reti ciclabili urbane\u201d o, in ogni caso, stanziare apposite risorse con sviluppo pluriennale a partire dal 2023, per sostenere interventi e progetti dei Comuni o per ampliare e mettere in sicurezza le reti di ciclovie urbane.<\/p>\n","protected":false},"excerpt":{"rendered":"<p>Il Consiglio Comunale di Cinquefrondi, alla luce del percorso intrapreso dall\u2019attuale governo che, con la Legge di Bilancio 2023 intende azzerare il \u201cFondo per lo sviluppo delle reti ciclabili urbane\u201d&hellip;<\/p>\n","protected":false},"author":12,"featured_media":6744,"comment_status":"open","ping_status":"open","sticky":false,"template":"","format":"standard","meta":{"_jetpack_memberships_contains_paid_content":false,"footnotes":"","jetpack_publicize_message":"","jetpack_publicize_feature_enabled":true,"jetpack_social_post_already_shared":false,"jetpack_social_options":{"image_generator_settings":{"template":"highway","default_image_id":0,"font":"","enabled":false},"version":2}},"categories":[921,196,140],"tags":[7903,222,7901,7902],"class_list":["post-15863","post","type-post","status-publish","format-standard","has-post-thumbnail","hentry","category-home","category-news","category-reggio-calabria","tag-fondo-per-lo-sviluppo-delle-reti-ciclabili-urbane","tag-cinquefrondi","tag-reti-ciclabili","tag-richiesta-cambio-politiche"],"yoast_head":"<!-- This site is optimized with the Yoast SEO plugin v27.2 - https:\/\/yoast.com\/product\/yoast-seo-wordpress\/ -->\n<title>Cinquefrondi chiede cambio rotta al Governo su reti ciclabili<\/title>\n<meta name=\"description\" content=\"Il Comune di Cinquefrondi chiede al Governo, che intende azzerare il \u201cFondo per lo sviluppo delle reti ciclabili urbane, di aumentarlo\" \/>\n<meta name=\"robots\" content=\"index, follow, max-snippet:-1, max-image-preview:large, max-video-preview:-1\" \/>\n<link rel=\"canonical\" href=\"https:\/\/progettotouring.it\/radiotouring104\/2022\/12\/30\/cinquefrondi-chiede-cambio-rotta-al-governo-su-reti-ciclabili\/\" \/>\n<meta property=\"og:locale\" content=\"it_IT\" \/>\n<meta property=\"og:type\" content=\"article\" \/>\n<meta property=\"og:title\" content=\"Cinquefrondi chiede cambio rotta al Governo su reti ciclabili\" \/>\n<meta property=\"og:description\" content=\"Il Comune di Cinquefrondi chiede al Governo, che intende azzerare il \u201cFondo per lo sviluppo delle reti ciclabili urbane, di aumentarlo\" \/>\n<meta property=\"og:url\" content=\"https:\/\/progettotouring.it\/radiotouring104\/2022\/12\/30\/cinquefrondi-chiede-cambio-rotta-al-governo-su-reti-ciclabili\/\" \/>\n<meta property=\"og:site_name\" content=\"Radio Touring 104\" \/>\n<meta property=\"article:published_time\" content=\"2022-12-30T11:50:28+00:00\" \/>\n<meta property=\"og:image\" content=\"https:\/\/progettotouring.it\/radiotouring104\/wp-content\/uploads\/sites\/6\/2022\/06\/Michele-conia.jpg\" \/>\n\t<meta property=\"og:image:width\" content=\"828\" \/>\n\t<meta property=\"og:image:height\" content=\"457\" \/>\n\t<meta property=\"og:image:type\" content=\"image\/jpeg\" \/>\n<meta name=\"author\" content=\"Sebastiano Plutino\" \/>\n<meta name=\"twitter:card\" content=\"summary_large_image\" \/>\n<meta name=\"twitter:label1\" content=\"Scritto da\" \/>\n\t<meta name=\"twitter:data1\" content=\"Sebastiano Plutino\" \/>\n\t<meta name=\"twitter:label2\" content=\"Tempo di lettura stimato\" \/>\n\t<meta name=\"twitter:data2\" content=\"2 minuti\" \/>\n<script type=\"application\/ld+json\" class=\"yoast-schema-graph\">{\"@context\":\"https:\/\/schema.org\",\"@graph\":[{\"@type\":\"Article\",\"@id\":\"https:\/\/progettotouring.it\/radiotouring104\/2022\/12\/30\/cinquefrondi-chiede-cambio-rotta-al-governo-su-reti-ciclabili\/#article\",\"isPartOf\":{\"@id\":\"https:\/\/progettotouring.it\/radiotouring104\/2022\/12\/30\/cinquefrondi-chiede-cambio-rotta-al-governo-su-reti-ciclabili\/\"},\"author\":{\"name\":\"Sebastiano Plutino\",\"@id\":\"https:\/\/progettotouring.it\/radiotouring104\/#\/schema\/person\/78613917f1851f041f7483f5af1d422e\"},\"headline\":\"Cinquefrondi chiede cambio rotta al Governo su reti ciclabili\",\"datePublished\":\"2022-12-30T11:50:28+00:00\",\"mainEntityOfPage\":{\"@id\":\"https:\/\/progettotouring.it\/radiotouring104\/2022\/12\/30\/cinquefrondi-chiede-cambio-rotta-al-governo-su-reti-ciclabili\/\"},\"wordCount\":507,\"commentCount\":0,\"publisher\":{\"@id\":\"https:\/\/progettotouring.it\/radiotouring104\/#organization\"},\"image\":{\"@id\":\"https:\/\/progettotouring.it\/radiotouring104\/2022\/12\/30\/cinquefrondi-chiede-cambio-rotta-al-governo-su-reti-ciclabili\/#primaryimage\"},\"thumbnailUrl\":\"https:\/\/progettotouring.it\/radiotouring104\/wp-content\/uploads\/sites\/6\/2022\/06\/Michele-conia.jpg\",\"keywords\":[\"\u201cFondo per lo sviluppo delle reti ciclabili urbane\u201d\",\"cinquefrondi\",\"reti ciclabili\",\"richiesta cambio politiche\"],\"articleSection\":[\"Home\",\"News\",\"Reggio Calabria\"],\"inLanguage\":\"it-IT\",\"potentialAction\":[{\"@type\":\"CommentAction\",\"name\":\"Comment\",\"target\":[\"https:\/\/progettotouring.it\/radiotouring104\/2022\/12\/30\/cinquefrondi-chiede-cambio-rotta-al-governo-su-reti-ciclabili\/#respond\"]}]},{\"@type\":\"WebPage\",\"@id\":\"https:\/\/progettotouring.it\/radiotouring104\/2022\/12\/30\/cinquefrondi-chiede-cambio-rotta-al-governo-su-reti-ciclabili\/\",\"url\":\"https:\/\/progettotouring.it\/radiotouring104\/2022\/12\/30\/cinquefrondi-chiede-cambio-rotta-al-governo-su-reti-ciclabili\/\",\"name\":\"Cinquefrondi chiede cambio rotta al Governo su reti ciclabili\",\"isPartOf\":{\"@id\":\"https:\/\/progettotouring.it\/radiotouring104\/#website\"},\"primaryImageOfPage\":{\"@id\":\"https:\/\/progettotouring.it\/radiotouring104\/2022\/12\/30\/cinquefrondi-chiede-cambio-rotta-al-governo-su-reti-ciclabili\/#primaryimage\"},\"image\":{\"@id\":\"https:\/\/progettotouring.it\/radiotouring104\/2022\/12\/30\/cinquefrondi-chiede-cambio-rotta-al-governo-su-reti-ciclabili\/#primaryimage\"},\"thumbnailUrl\":\"https:\/\/progettotouring.it\/radiotouring104\/wp-content\/uploads\/sites\/6\/2022\/06\/Michele-conia.jpg\",\"datePublished\":\"2022-12-30T11:50:28+00:00\",\"description\":\"Il Comune di Cinquefrondi chiede al Governo, che intende azzerare il \u201cFondo per lo sviluppo delle reti ciclabili urbane, di aumentarlo\",\"breadcrumb\":{\"@id\":\"https:\/\/progettotouring.it\/radiotouring104\/2022\/12\/30\/cinquefrondi-chiede-cambio-rotta-al-governo-su-reti-ciclabili\/#breadcrumb\"},\"inLanguage\":\"it-IT\",\"potentialAction\":[{\"@type\":\"ReadAction\",\"target\":[\"https:\/\/progettotouring.it\/radiotouring104\/2022\/12\/30\/cinquefrondi-chiede-cambio-rotta-al-governo-su-reti-ciclabili\/\"]}]},{\"@type\":\"ImageObject\",\"inLanguage\":\"it-IT\",\"@id\":\"https:\/\/progettotouring.it\/radiotouring104\/2022\/12\/30\/cinquefrondi-chiede-cambio-rotta-al-governo-su-reti-ciclabili\/#primaryimage\",\"url\":\"https:\/\/progettotouring.it\/radiotouring104\/wp-content\/uploads\/sites\/6\/2022\/06\/Michele-conia.jpg\",\"contentUrl\":\"https:\/\/progettotouring.it\/radiotouring104\/wp-content\/uploads\/sites\/6\/2022\/06\/Michele-conia.jpg\",\"width\":828,\"height\":457},{\"@type\":\"BreadcrumbList\",\"@id\":\"https:\/\/progettotouring.it\/radiotouring104\/2022\/12\/30\/cinquefrondi-chiede-cambio-rotta-al-governo-su-reti-ciclabili\/#breadcrumb\",\"itemListElement\":[{\"@type\":\"ListItem\",\"position\":1,\"name\":\"Home\",\"item\":\"https:\/\/progettotouring.it\/radiotouring104\/\"},{\"@type\":\"ListItem\",\"position\":2,\"name\":\"Cinquefrondi chiede cambio rotta al Governo su reti ciclabili\"}]},{\"@type\":\"WebSite\",\"@id\":\"https:\/\/progettotouring.it\/radiotouring104\/#website\",\"url\":\"https:\/\/progettotouring.it\/radiotouring104\/\",\"name\":\"Radio Touring 104\",\"description\":\"La prima radio Reggina\",\"publisher\":{\"@id\":\"https:\/\/progettotouring.it\/radiotouring104\/#organization\"},\"potentialAction\":[{\"@type\":\"SearchAction\",\"target\":{\"@type\":\"EntryPoint\",\"urlTemplate\":\"https:\/\/progettotouring.it\/radiotouring104\/?s={search_term_string}\"},\"query-input\":{\"@type\":\"PropertyValueSpecification\",\"valueRequired\":true,\"valueName\":\"search_term_string\"}}],\"inLanguage\":\"it-IT\"},{\"@type\":\"Organization\",\"@id\":\"https:\/\/progettotouring.it\/radiotouring104\/#organization\",\"name\":\"Radio Touring 104\",\"url\":\"https:\/\/progettotouring.it\/radiotouring104\/\",\"logo\":{\"@type\":\"ImageObject\",\"inLanguage\":\"it-IT\",\"@id\":\"https:\/\/progettotouring.it\/radiotouring104\/#\/schema\/logo\/image\/\",\"url\":\"https:\/\/progettotouring.it\/radiotouring104\/wp-content\/uploads\/sites\/6\/2022\/02\/cropped-logo-radio-touring-104.png\",\"contentUrl\":\"https:\/\/progettotouring.it\/radiotouring104\/wp-content\/uploads\/sites\/6\/2022\/02\/cropped-logo-radio-touring-104.png\",\"width\":377,\"height\":182,\"caption\":\"Radio Touring 104\"},\"image\":{\"@id\":\"https:\/\/progettotouring.it\/radiotouring104\/#\/schema\/logo\/image\/\"}},{\"@type\":\"Person\",\"@id\":\"https:\/\/progettotouring.it\/radiotouring104\/#\/schema\/person\/78613917f1851f041f7483f5af1d422e\",\"name\":\"Sebastiano Plutino\",\"image\":{\"@type\":\"ImageObject\",\"inLanguage\":\"it-IT\",\"@id\":\"https:\/\/secure.gravatar.com\/avatar\/0546ffaa9b79224faf9f2a156b67a529ae861d3287c66c1d8ccfdf909bcba78d?s=96&d=mm&r=g\",\"url\":\"https:\/\/secure.gravatar.com\/avatar\/0546ffaa9b79224faf9f2a156b67a529ae861d3287c66c1d8ccfdf909bcba78d?s=96&d=mm&r=g\",\"contentUrl\":\"https:\/\/secure.gravatar.com\/avatar\/0546ffaa9b79224faf9f2a156b67a529ae861d3287c66c1d8ccfdf909bcba78d?s=96&d=mm&r=g\",\"caption\":\"Sebastiano Plutino\"},\"url\":\"https:\/\/progettotouring.it\/radiotouring104\/author\/sebastiano\/\"}]}<\/script>\n<!-- \/ Yoast SEO plugin. -->","yoast_head_json":{"title":"Cinquefrondi chiede cambio rotta al Governo su reti ciclabili","description":"Il Comune di Cinquefrondi chiede al Governo, che intende azzerare il \u201cFondo per lo sviluppo delle reti ciclabili urbane, di aumentarlo","robots":{"index":"index","follow":"follow","max-snippet":"max-snippet:-1","max-image-preview":"max-image-preview:large","max-video-preview":"max-video-preview:-1"},"canonical":"https:\/\/progettotouring.it\/radiotouring104\/2022\/12\/30\/cinquefrondi-chiede-cambio-rotta-al-governo-su-reti-ciclabili\/","og_locale":"it_IT","og_type":"article","og_title":"Cinquefrondi chiede cambio rotta al Governo su reti ciclabili","og_description":"Il Comune di Cinquefrondi chiede al Governo, che intende azzerare il \u201cFondo per lo sviluppo delle reti ciclabili urbane, di aumentarlo","og_url":"https:\/\/progettotouring.it\/radiotouring104\/2022\/12\/30\/cinquefrondi-chiede-cambio-rotta-al-governo-su-reti-ciclabili\/","og_site_name":"Radio Touring 104","article_published_time":"2022-12-30T11:50:28+00:00","og_image":[{"width":828,"height":457,"url":"https:\/\/progettotouring.it\/radiotouring104\/wp-content\/uploads\/sites\/6\/2022\/06\/Michele-conia.jpg","type":"image\/jpeg"}],"author":"Sebastiano Plutino","twitter_card":"summary_large_image","twitter_misc":{"Scritto da":"Sebastiano Plutino","Tempo di lettura stimato":"2 minuti"},"schema":{"@context":"https:\/\/schema.org","@graph":[{"@type":"Article","@id":"https:\/\/progettotouring.it\/radiotouring104\/2022\/12\/30\/cinquefrondi-chiede-cambio-rotta-al-governo-su-reti-ciclabili\/#article","isPartOf":{"@id":"https:\/\/progettotouring.it\/radiotouring104\/2022\/12\/30\/cinquefrondi-chiede-cambio-rotta-al-governo-su-reti-ciclabili\/"},"author":{"name":"Sebastiano Plutino","@id":"https:\/\/progettotouring.it\/radiotouring104\/#\/schema\/person\/78613917f1851f041f7483f5af1d422e"},"headline":"Cinquefrondi chiede cambio rotta al Governo su reti ciclabili","datePublished":"2022-12-30T11:50:28+00:00","mainEntityOfPage":{"@id":"https:\/\/progettotouring.it\/radiotouring104\/2022\/12\/30\/cinquefrondi-chiede-cambio-rotta-al-governo-su-reti-ciclabili\/"},"wordCount":507,"commentCount":0,"publisher":{"@id":"https:\/\/progettotouring.it\/radiotouring104\/#organization"},"image":{"@id":"https:\/\/progettotouring.it\/radiotouring104\/2022\/12\/30\/cinquefrondi-chiede-cambio-rotta-al-governo-su-reti-ciclabili\/#primaryimage"},"thumbnailUrl":"https:\/\/progettotouring.it\/radiotouring104\/wp-content\/uploads\/sites\/6\/2022\/06\/Michele-conia.jpg","keywords":["\u201cFondo per lo sviluppo delle reti ciclabili urbane\u201d","cinquefrondi","reti ciclabili","richiesta cambio politiche"],"articleSection":["Home","News","Reggio Calabria"],"inLanguage":"it-IT","potentialAction":[{"@type":"CommentAction","name":"Comment","target":["https:\/\/progettotouring.it\/radiotouring104\/2022\/12\/30\/cinquefrondi-chiede-cambio-rotta-al-governo-su-reti-ciclabili\/#respond"]}]},{"@type":"WebPage","@id":"https:\/\/progettotouring.it\/radiotouring104\/2022\/12\/30\/cinquefrondi-chiede-cambio-rotta-al-governo-su-reti-ciclabili\/","url":"https:\/\/progettotouring.it\/radiotouring104\/2022\/12\/30\/cinquefrondi-chiede-cambio-rotta-al-governo-su-reti-ciclabili\/","name":"Cinquefrondi chiede cambio rotta al Governo su reti ciclabili","isPartOf":{"@id":"https:\/\/progettotouring.it\/radiotouring104\/#website"},"primaryImageOfPage":{"@id":"https:\/\/progettotouring.it\/radiotouring104\/2022\/12\/30\/cinquefrondi-chiede-cambio-rotta-al-governo-su-reti-ciclabili\/#primaryimage"},"image":{"@id":"https:\/\/progettotouring.it\/radiotouring104\/2022\/12\/30\/cinquefrondi-chiede-cambio-rotta-al-governo-su-reti-ciclabili\/#primaryimage"},"thumbnailUrl":"https:\/\/progettotouring.it\/radiotouring104\/wp-content\/uploads\/sites\/6\/2022\/06\/Michele-conia.jpg","datePublished":"2022-12-30T11:50:28+00:00","description":"Il Comune di Cinquefrondi chiede al Governo, che intende azzerare il \u201cFondo per lo sviluppo delle reti ciclabili urbane, di aumentarlo","breadcrumb":{"@id":"https:\/\/progettotouring.it\/radiotouring104\/2022\/12\/30\/cinquefrondi-chiede-cambio-rotta-al-governo-su-reti-ciclabili\/#breadcrumb"},"inLanguage":"it-IT","potentialAction":[{"@type":"ReadAction","target":["https:\/\/progettotouring.it\/radiotouring104\/2022\/12\/30\/cinquefrondi-chiede-cambio-rotta-al-governo-su-reti-ciclabili\/"]}]},{"@type":"ImageObject","inLanguage":"it-IT","@id":"https:\/\/progettotouring.it\/radiotouring104\/2022\/12\/30\/cinquefrondi-chiede-cambio-rotta-al-governo-su-reti-ciclabili\/#primaryimage","url":"https:\/\/progettotouring.it\/radiotouring104\/wp-content\/uploads\/sites\/6\/2022\/06\/Michele-conia.jpg","contentUrl":"https:\/\/progettotouring.it\/radiotouring104\/wp-content\/uploads\/sites\/6\/2022\/06\/Michele-conia.jpg","width":828,"height":457},{"@type":"BreadcrumbList","@id":"https:\/\/progettotouring.it\/radiotouring104\/2022\/12\/30\/cinquefrondi-chiede-cambio-rotta-al-governo-su-reti-ciclabili\/#breadcrumb","itemListElement":[{"@type":"ListItem","position":1,"name":"Home","item":"https:\/\/progettotouring.it\/radiotouring104\/"},{"@type":"ListItem","position":2,"name":"Cinquefrondi chiede cambio rotta al Governo su reti ciclabili"}]},{"@type":"WebSite","@id":"https:\/\/progettotouring.it\/radiotouring104\/#website","url":"https:\/\/progettotouring.it\/radiotouring104\/","name":"Radio Touring 104","description":"La prima radio Reggina","publisher":{"@id":"https:\/\/progettotouring.it\/radiotouring104\/#organization"},"potentialAction":[{"@type":"SearchAction","target":{"@type":"EntryPoint","urlTemplate":"https:\/\/progettotouring.it\/radiotouring104\/?s={search_term_string}"},"query-input":{"@type":"PropertyValueSpecification","valueRequired":true,"valueName":"search_term_string"}}],"inLanguage":"it-IT"},{"@type":"Organization","@id":"https:\/\/progettotouring.it\/radiotouring104\/#organization","name":"Radio Touring 104","url":"https:\/\/progettotouring.it\/radiotouring104\/","logo":{"@type":"ImageObject","inLanguage":"it-IT","@id":"https:\/\/progettotouring.it\/radiotouring104\/#\/schema\/logo\/image\/","url":"https:\/\/progettotouring.it\/radiotouring104\/wp-content\/uploads\/sites\/6\/2022\/02\/cropped-logo-radio-touring-104.png","contentUrl":"https:\/\/progettotouring.it\/radiotouring104\/wp-content\/uploads\/sites\/6\/2022\/02\/cropped-logo-radio-touring-104.png","width":377,"height":182,"caption":"Radio Touring 104"},"image":{"@id":"https:\/\/progettotouring.it\/radiotouring104\/#\/schema\/logo\/image\/"}},{"@type":"Person","@id":"https:\/\/progettotouring.it\/radiotouring104\/#\/schema\/person\/78613917f1851f041f7483f5af1d422e","name":"Sebastiano Plutino","image":{"@type":"ImageObject","inLanguage":"it-IT","@id":"https:\/\/secure.gravatar.com\/avatar\/0546ffaa9b79224faf9f2a156b67a529ae861d3287c66c1d8ccfdf909bcba78d?s=96&d=mm&r=g","url":"https:\/\/secure.gravatar.com\/avatar\/0546ffaa9b79224faf9f2a156b67a529ae861d3287c66c1d8ccfdf909bcba78d?s=96&d=mm&r=g","contentUrl":"https:\/\/secure.gravatar.com\/avatar\/0546ffaa9b79224faf9f2a156b67a529ae861d3287c66c1d8ccfdf909bcba78d?s=96&d=mm&r=g","caption":"Sebastiano Plutino"},"url":"https:\/\/progettotouring.it\/radiotouring104\/author\/sebastiano\/"}]}},"jetpack_publicize_connections":[],"jetpack_featured_media_url":"https:\/\/progettotouring.it\/radiotouring104\/wp-content\/uploads\/sites\/6\/2022\/06\/Michele-conia.jpg","jetpack_sharing_enabled":true,"_links":{"self":[{"href":"https:\/\/progettotouring.it\/radiotouring104\/wp-json\/wp\/v2\/posts\/15863","targetHints":{"allow":["GET"]}}],"collection":[{"href":"https:\/\/progettotouring.it\/radiotouring104\/wp-json\/wp\/v2\/posts"}],"about":[{"href":"https:\/\/progettotouring.it\/radiotouring104\/wp-json\/wp\/v2\/types\/post"}],"author":[{"embeddable":true,"href":"https:\/\/progettotouring.it\/radiotouring104\/wp-json\/wp\/v2\/users\/12"}],"replies":[{"embeddable":true,"href":"https:\/\/progettotouring.it\/radiotouring104\/wp-json\/wp\/v2\/comments?post=15863"}],"version-history":[{"count":1,"href":"https:\/\/progettotouring.it\/radiotouring104\/wp-json\/wp\/v2\/posts\/15863\/revisions"}],"predecessor-version":[{"id":15865,"href":"https:\/\/progettotouring.it\/radiotouring104\/wp-json\/wp\/v2\/posts\/15863\/revisions\/15865"}],"wp:featuredmedia":[{"embeddable":true,"href":"https:\/\/progettotouring.it\/radiotouring104\/wp-json\/wp\/v2\/media\/6744"}],"wp:attachment":[{"href":"https:\/\/progettotouring.it\/radiotouring104\/wp-json\/wp\/v2\/media?parent=15863"}],"wp:term":[{"taxonomy":"category","embeddable":true,"href":"https:\/\/progettotouring.it\/radiotouring104\/wp-json\/wp\/v2\/categories?post=15863"},{"taxonomy":"post_tag","embeddable":true,"href":"https:\/\/progettotouring.it\/radiotouring104\/wp-json\/wp\/v2\/tags?post=15863"}],"curies":[{"name":"wp","href":"https:\/\/api.w.org\/{rel}","templated":true}]}}