{"id":15866,"date":"2022-12-30T12:58:54","date_gmt":"2022-12-30T11:58:54","guid":{"rendered":"https:\/\/progettotouring.it\/radiotouring104\/?p=15866"},"modified":"2022-12-30T12:58:54","modified_gmt":"2022-12-30T11:58:54","slug":"le-muse-premia-creativita-di-iacopino","status":"publish","type":"post","link":"https:\/\/progettotouring.it\/radiotouring104\/2022\/12\/30\/le-muse-premia-creativita-di-iacopino\/","title":{"rendered":"Le Muse premia creativit\u00e0 di Iacopino"},"content":{"rendered":"<p>&nbsp;<\/p>\n<p>L\u2019associazione culturale Le Muse \u201cLaboratorio delle Arti e delle Lettere\u201d di Reggio Calabria ha dedicato gli appuntamenti del mese di dicembre al mondo del Natale con particolare attenzione alla tematica del presepe e della sacra famiglia.<\/p>\n<p>Nascono cos\u00ec ha ricordato il presidente Muse prof. Giuseppe Livoti gli appuntamenti che ci hanno visto nelle scorse settimane trattare il tema della Nativit\u00e0 con Mons. Pasqualino Catanese partendo da una tela di fine settecento proveniente dalla quadreria della referente Muse Dimore Storiche Marinella Malgeri, la conoscenza dei presepi storici tra Basilicata e Campania ed ora la tradizione del presepe con creativi che operano nel nostro territorio calabrese. Nei giorni scorsi, cos\u00ec, i soci sono stati in visita al grande presepe che viene realizzato e potenziato di anno in anno dalla prof.ssa Anna Iacopino.<\/p>\n<p>L\u2019opera dalle dimensioni molto grandi, ricorda Livoti si basa fondamentalmente su una suddivisione in tre grandi livelli, dove emerge in una sequenza ritmata il cosiddetto \u201cdiversorio\u201d, ovvero hostarie, locande, mercati, animali, tanti, figure e tanti pastorelli, e poi ancora carretti, bancarelle, sedie, tavolini, e suggestive vedute di interni.<\/p>\n<p>Dunque una convivenza del \u201cMistero\u201d posto al centro della grande composizione e del \u201cDiversorio\u201d, parte sacra e profana della S.S. Nativit\u00e0&#8217; seguendo i dettami della tradizione napoletana. Il mercato cos\u00ec come nel presepe napoletano del &#8216;700 \u00e8 presente anche in questa realizzazione con le varie attivit\u00e0 lavorative che rappresentano come in un&#8217;istantanea i principali commerci che si svolgono lungo tutto l&#8217;anno. Quindi \u00e8 possibile interpretare arti e mestieri come personificazioni dei mesi seguendo questo schema: gennaio con il macellaio o salumiere, febbraio con il \u00a0venditore di ricotta e formaggio, marzo con il \u00a0pollivendolo, aprile con il venditore di uova, maggio con la donna che vende ciliegie,\u00a0 giugno con il \u00a0panettiere, luglio con il venditore di pomodori, agosto con il venditore di cocomeri, settembre con il contadino o seminatore, ottobre con il vinaio, novembre con il venditore di castagne, dicembre con il pescivendolo. Un presepe che non ricorda la Palestina ma la nostra Calabria per la presenza di montagne e rivoli d\u2019acqua che alludono al nostro Aspromonte. La prof.ssa Anna Iacopino ha raccontato ai presenti l\u2019amore e la passione per la costruzione presepistica, soprattutto come attitudine alla creazione e composizione, prendendo ispirazione dalla cultura napoletana. I tantissimi pezzi, cos\u00ec di produzione napoletana hanno in comune il fatto di essere meccanizzati e dunque nella successione scenografica, creano davvero un intenso momento di vita animata e vera, proprio nel momento della nascita del bambino. Tradizione approfondita dalla Iacopino sin dall\u2019infanzia dove colla, farina e carta erano l\u2019elemento base per costruire la scenografia naturale, il paesaggio che oggi con il passare del tempo viene rianimato da statuine che identificano non solo antichi mestieri. Una passione, dice la Iacopino, cresciuta nel tempo che \u00e8 non solo, rispetto del passato ma, diventa un vero e proprio processo di costruzione che dovrebbe essere tramandato in ogni famiglia, segno tangibile di come nella creativit\u00e0 si possano comunicare valori veri ed autentici, soprattutto nel periodo storico che stiamo vivendo. A fine visita il presidente Livoti a nome de Le Muse ha consegnato una targa all\u2019artista evidenziando come Anna Iacopino \u201c\u2026rivivifica di anno in anno con le sue realizzazioni una storia sacra millenaria\u201d.<\/p>\n<p>&nbsp;<\/p>\n","protected":false},"excerpt":{"rendered":"<p>&nbsp; L\u2019associazione culturale Le Muse \u201cLaboratorio delle Arti e delle Lettere\u201d di Reggio Calabria ha dedicato gli appuntamenti del mese di dicembre al mondo del Natale con particolare attenzione alla&hellip;<\/p>\n","protected":false},"author":12,"featured_media":15868,"comment_status":"open","ping_status":"open","sticky":false,"template":"","format":"standard","meta":{"_jetpack_memberships_contains_paid_content":false,"footnotes":"","jetpack_publicize_message":"","jetpack_publicize_feature_enabled":true,"jetpack_social_post_already_shared":false,"jetpack_social_options":{"image_generator_settings":{"template":"highway","default_image_id":0,"font":"","enabled":false},"version":2}},"categories":[921,196,140],"tags":[7904,5706,4986],"class_list":["post-15866","post","type-post","status-publish","format-standard","has-post-thumbnail","hentry","category-home","category-news","category-reggio-calabria","tag-anna-iacopino","tag-giuseppe-livoti","tag-le-muse-laboratorio-delle-arti-e-delle-lettere"],"yoast_head":"<!-- This site is optimized with the Yoast SEO plugin v27.2 - https:\/\/yoast.com\/product\/yoast-seo-wordpress\/ -->\n<title>Le Muse premia creativit\u00e0 prepesistica di Iacopino<\/title>\n<meta name=\"description\" content=\"L\u2019associazione culturale Le Muse ha dedicato gli appuntamenti del mese di dicembre alla tematica del presepe e della sacra famiglia.\" \/>\n<meta name=\"robots\" content=\"index, follow, max-snippet:-1, max-image-preview:large, max-video-preview:-1\" \/>\n<link rel=\"canonical\" href=\"https:\/\/progettotouring.it\/radiotouring104\/2022\/12\/30\/le-muse-premia-creativita-di-iacopino\/\" \/>\n<meta property=\"og:locale\" content=\"it_IT\" \/>\n<meta property=\"og:type\" content=\"article\" \/>\n<meta property=\"og:title\" content=\"Le Muse premia creativit\u00e0 prepesistica di Iacopino\" \/>\n<meta property=\"og:description\" content=\"L\u2019associazione culturale Le Muse ha dedicato gli appuntamenti del mese di dicembre alla tematica del presepe e della sacra famiglia.\" \/>\n<meta property=\"og:url\" content=\"https:\/\/progettotouring.it\/radiotouring104\/2022\/12\/30\/le-muse-premia-creativita-di-iacopino\/\" \/>\n<meta property=\"og:site_name\" content=\"Radio Touring 104\" \/>\n<meta property=\"article:published_time\" content=\"2022-12-30T11:58:54+00:00\" \/>\n<meta property=\"og:image\" content=\"https:\/\/progettotouring.it\/radiotouring104\/wp-content\/uploads\/sites\/6\/2022\/12\/le-muse-anna-iacopino.png\" \/>\n\t<meta property=\"og:image:width\" content=\"318\" \/>\n\t<meta property=\"og:image:height\" content=\"237\" \/>\n\t<meta property=\"og:image:type\" content=\"image\/png\" \/>\n<meta name=\"author\" content=\"Sebastiano Plutino\" \/>\n<meta name=\"twitter:card\" content=\"summary_large_image\" \/>\n<meta name=\"twitter:label1\" content=\"Scritto da\" \/>\n\t<meta name=\"twitter:data1\" content=\"Sebastiano Plutino\" \/>\n\t<meta name=\"twitter:label2\" content=\"Tempo di lettura stimato\" \/>\n\t<meta name=\"twitter:data2\" content=\"3 minuti\" \/>\n<script type=\"application\/ld+json\" class=\"yoast-schema-graph\">{\"@context\":\"https:\/\/schema.org\",\"@graph\":[{\"@type\":\"Article\",\"@id\":\"https:\/\/progettotouring.it\/radiotouring104\/2022\/12\/30\/le-muse-premia-creativita-di-iacopino\/#article\",\"isPartOf\":{\"@id\":\"https:\/\/progettotouring.it\/radiotouring104\/2022\/12\/30\/le-muse-premia-creativita-di-iacopino\/\"},\"author\":{\"name\":\"Sebastiano Plutino\",\"@id\":\"https:\/\/progettotouring.it\/radiotouring104\/#\/schema\/person\/78613917f1851f041f7483f5af1d422e\"},\"headline\":\"Le Muse premia creativit\u00e0 di Iacopino\",\"datePublished\":\"2022-12-30T11:58:54+00:00\",\"mainEntityOfPage\":{\"@id\":\"https:\/\/progettotouring.it\/radiotouring104\/2022\/12\/30\/le-muse-premia-creativita-di-iacopino\/\"},\"wordCount\":547,\"commentCount\":0,\"publisher\":{\"@id\":\"https:\/\/progettotouring.it\/radiotouring104\/#organization\"},\"image\":{\"@id\":\"https:\/\/progettotouring.it\/radiotouring104\/2022\/12\/30\/le-muse-premia-creativita-di-iacopino\/#primaryimage\"},\"thumbnailUrl\":\"https:\/\/progettotouring.it\/radiotouring104\/wp-content\/uploads\/sites\/6\/2022\/12\/le-muse-anna-iacopino.png\",\"keywords\":[\"Anna Iacopino\",\"Giuseppe Livoti\",\"Le Muse \u2013 Laboratorio delle Arti e delle Lettere\"],\"articleSection\":[\"Home\",\"News\",\"Reggio Calabria\"],\"inLanguage\":\"it-IT\",\"potentialAction\":[{\"@type\":\"CommentAction\",\"name\":\"Comment\",\"target\":[\"https:\/\/progettotouring.it\/radiotouring104\/2022\/12\/30\/le-muse-premia-creativita-di-iacopino\/#respond\"]}]},{\"@type\":\"WebPage\",\"@id\":\"https:\/\/progettotouring.it\/radiotouring104\/2022\/12\/30\/le-muse-premia-creativita-di-iacopino\/\",\"url\":\"https:\/\/progettotouring.it\/radiotouring104\/2022\/12\/30\/le-muse-premia-creativita-di-iacopino\/\",\"name\":\"Le Muse premia creativit\u00e0 prepesistica di Iacopino\",\"isPartOf\":{\"@id\":\"https:\/\/progettotouring.it\/radiotouring104\/#website\"},\"primaryImageOfPage\":{\"@id\":\"https:\/\/progettotouring.it\/radiotouring104\/2022\/12\/30\/le-muse-premia-creativita-di-iacopino\/#primaryimage\"},\"image\":{\"@id\":\"https:\/\/progettotouring.it\/radiotouring104\/2022\/12\/30\/le-muse-premia-creativita-di-iacopino\/#primaryimage\"},\"thumbnailUrl\":\"https:\/\/progettotouring.it\/radiotouring104\/wp-content\/uploads\/sites\/6\/2022\/12\/le-muse-anna-iacopino.png\",\"datePublished\":\"2022-12-30T11:58:54+00:00\",\"description\":\"L\u2019associazione culturale Le Muse ha dedicato gli appuntamenti del mese di dicembre alla tematica del presepe e della sacra famiglia.\",\"breadcrumb\":{\"@id\":\"https:\/\/progettotouring.it\/radiotouring104\/2022\/12\/30\/le-muse-premia-creativita-di-iacopino\/#breadcrumb\"},\"inLanguage\":\"it-IT\",\"potentialAction\":[{\"@type\":\"ReadAction\",\"target\":[\"https:\/\/progettotouring.it\/radiotouring104\/2022\/12\/30\/le-muse-premia-creativita-di-iacopino\/\"]}]},{\"@type\":\"ImageObject\",\"inLanguage\":\"it-IT\",\"@id\":\"https:\/\/progettotouring.it\/radiotouring104\/2022\/12\/30\/le-muse-premia-creativita-di-iacopino\/#primaryimage\",\"url\":\"https:\/\/progettotouring.it\/radiotouring104\/wp-content\/uploads\/sites\/6\/2022\/12\/le-muse-anna-iacopino.png\",\"contentUrl\":\"https:\/\/progettotouring.it\/radiotouring104\/wp-content\/uploads\/sites\/6\/2022\/12\/le-muse-anna-iacopino.png\",\"width\":318,\"height\":237},{\"@type\":\"BreadcrumbList\",\"@id\":\"https:\/\/progettotouring.it\/radiotouring104\/2022\/12\/30\/le-muse-premia-creativita-di-iacopino\/#breadcrumb\",\"itemListElement\":[{\"@type\":\"ListItem\",\"position\":1,\"name\":\"Home\",\"item\":\"https:\/\/progettotouring.it\/radiotouring104\/\"},{\"@type\":\"ListItem\",\"position\":2,\"name\":\"Le Muse premia creativit\u00e0 di Iacopino\"}]},{\"@type\":\"WebSite\",\"@id\":\"https:\/\/progettotouring.it\/radiotouring104\/#website\",\"url\":\"https:\/\/progettotouring.it\/radiotouring104\/\",\"name\":\"Radio Touring 104\",\"description\":\"La prima radio Reggina\",\"publisher\":{\"@id\":\"https:\/\/progettotouring.it\/radiotouring104\/#organization\"},\"potentialAction\":[{\"@type\":\"SearchAction\",\"target\":{\"@type\":\"EntryPoint\",\"urlTemplate\":\"https:\/\/progettotouring.it\/radiotouring104\/?s={search_term_string}\"},\"query-input\":{\"@type\":\"PropertyValueSpecification\",\"valueRequired\":true,\"valueName\":\"search_term_string\"}}],\"inLanguage\":\"it-IT\"},{\"@type\":\"Organization\",\"@id\":\"https:\/\/progettotouring.it\/radiotouring104\/#organization\",\"name\":\"Radio Touring 104\",\"url\":\"https:\/\/progettotouring.it\/radiotouring104\/\",\"logo\":{\"@type\":\"ImageObject\",\"inLanguage\":\"it-IT\",\"@id\":\"https:\/\/progettotouring.it\/radiotouring104\/#\/schema\/logo\/image\/\",\"url\":\"https:\/\/progettotouring.it\/radiotouring104\/wp-content\/uploads\/sites\/6\/2022\/02\/cropped-logo-radio-touring-104.png\",\"contentUrl\":\"https:\/\/progettotouring.it\/radiotouring104\/wp-content\/uploads\/sites\/6\/2022\/02\/cropped-logo-radio-touring-104.png\",\"width\":377,\"height\":182,\"caption\":\"Radio Touring 104\"},\"image\":{\"@id\":\"https:\/\/progettotouring.it\/radiotouring104\/#\/schema\/logo\/image\/\"}},{\"@type\":\"Person\",\"@id\":\"https:\/\/progettotouring.it\/radiotouring104\/#\/schema\/person\/78613917f1851f041f7483f5af1d422e\",\"name\":\"Sebastiano Plutino\",\"image\":{\"@type\":\"ImageObject\",\"inLanguage\":\"it-IT\",\"@id\":\"https:\/\/secure.gravatar.com\/avatar\/0546ffaa9b79224faf9f2a156b67a529ae861d3287c66c1d8ccfdf909bcba78d?s=96&d=mm&r=g\",\"url\":\"https:\/\/secure.gravatar.com\/avatar\/0546ffaa9b79224faf9f2a156b67a529ae861d3287c66c1d8ccfdf909bcba78d?s=96&d=mm&r=g\",\"contentUrl\":\"https:\/\/secure.gravatar.com\/avatar\/0546ffaa9b79224faf9f2a156b67a529ae861d3287c66c1d8ccfdf909bcba78d?s=96&d=mm&r=g\",\"caption\":\"Sebastiano Plutino\"},\"url\":\"https:\/\/progettotouring.it\/radiotouring104\/author\/sebastiano\/\"}]}<\/script>\n<!-- \/ Yoast SEO plugin. -->","yoast_head_json":{"title":"Le Muse premia creativit\u00e0 prepesistica di Iacopino","description":"L\u2019associazione culturale Le Muse ha dedicato gli appuntamenti del mese di dicembre alla tematica del presepe e della sacra famiglia.","robots":{"index":"index","follow":"follow","max-snippet":"max-snippet:-1","max-image-preview":"max-image-preview:large","max-video-preview":"max-video-preview:-1"},"canonical":"https:\/\/progettotouring.it\/radiotouring104\/2022\/12\/30\/le-muse-premia-creativita-di-iacopino\/","og_locale":"it_IT","og_type":"article","og_title":"Le Muse premia creativit\u00e0 prepesistica di Iacopino","og_description":"L\u2019associazione culturale Le Muse ha dedicato gli appuntamenti del mese di dicembre alla tematica del presepe e della sacra famiglia.","og_url":"https:\/\/progettotouring.it\/radiotouring104\/2022\/12\/30\/le-muse-premia-creativita-di-iacopino\/","og_site_name":"Radio Touring 104","article_published_time":"2022-12-30T11:58:54+00:00","og_image":[{"width":318,"height":237,"url":"https:\/\/progettotouring.it\/radiotouring104\/wp-content\/uploads\/sites\/6\/2022\/12\/le-muse-anna-iacopino.png","type":"image\/png"}],"author":"Sebastiano Plutino","twitter_card":"summary_large_image","twitter_misc":{"Scritto da":"Sebastiano Plutino","Tempo di lettura stimato":"3 minuti"},"schema":{"@context":"https:\/\/schema.org","@graph":[{"@type":"Article","@id":"https:\/\/progettotouring.it\/radiotouring104\/2022\/12\/30\/le-muse-premia-creativita-di-iacopino\/#article","isPartOf":{"@id":"https:\/\/progettotouring.it\/radiotouring104\/2022\/12\/30\/le-muse-premia-creativita-di-iacopino\/"},"author":{"name":"Sebastiano Plutino","@id":"https:\/\/progettotouring.it\/radiotouring104\/#\/schema\/person\/78613917f1851f041f7483f5af1d422e"},"headline":"Le Muse premia creativit\u00e0 di Iacopino","datePublished":"2022-12-30T11:58:54+00:00","mainEntityOfPage":{"@id":"https:\/\/progettotouring.it\/radiotouring104\/2022\/12\/30\/le-muse-premia-creativita-di-iacopino\/"},"wordCount":547,"commentCount":0,"publisher":{"@id":"https:\/\/progettotouring.it\/radiotouring104\/#organization"},"image":{"@id":"https:\/\/progettotouring.it\/radiotouring104\/2022\/12\/30\/le-muse-premia-creativita-di-iacopino\/#primaryimage"},"thumbnailUrl":"https:\/\/progettotouring.it\/radiotouring104\/wp-content\/uploads\/sites\/6\/2022\/12\/le-muse-anna-iacopino.png","keywords":["Anna Iacopino","Giuseppe Livoti","Le Muse \u2013 Laboratorio delle Arti e delle Lettere"],"articleSection":["Home","News","Reggio Calabria"],"inLanguage":"it-IT","potentialAction":[{"@type":"CommentAction","name":"Comment","target":["https:\/\/progettotouring.it\/radiotouring104\/2022\/12\/30\/le-muse-premia-creativita-di-iacopino\/#respond"]}]},{"@type":"WebPage","@id":"https:\/\/progettotouring.it\/radiotouring104\/2022\/12\/30\/le-muse-premia-creativita-di-iacopino\/","url":"https:\/\/progettotouring.it\/radiotouring104\/2022\/12\/30\/le-muse-premia-creativita-di-iacopino\/","name":"Le Muse premia creativit\u00e0 prepesistica di Iacopino","isPartOf":{"@id":"https:\/\/progettotouring.it\/radiotouring104\/#website"},"primaryImageOfPage":{"@id":"https:\/\/progettotouring.it\/radiotouring104\/2022\/12\/30\/le-muse-premia-creativita-di-iacopino\/#primaryimage"},"image":{"@id":"https:\/\/progettotouring.it\/radiotouring104\/2022\/12\/30\/le-muse-premia-creativita-di-iacopino\/#primaryimage"},"thumbnailUrl":"https:\/\/progettotouring.it\/radiotouring104\/wp-content\/uploads\/sites\/6\/2022\/12\/le-muse-anna-iacopino.png","datePublished":"2022-12-30T11:58:54+00:00","description":"L\u2019associazione culturale Le Muse ha dedicato gli appuntamenti del mese di dicembre alla tematica del presepe e della sacra famiglia.","breadcrumb":{"@id":"https:\/\/progettotouring.it\/radiotouring104\/2022\/12\/30\/le-muse-premia-creativita-di-iacopino\/#breadcrumb"},"inLanguage":"it-IT","potentialAction":[{"@type":"ReadAction","target":["https:\/\/progettotouring.it\/radiotouring104\/2022\/12\/30\/le-muse-premia-creativita-di-iacopino\/"]}]},{"@type":"ImageObject","inLanguage":"it-IT","@id":"https:\/\/progettotouring.it\/radiotouring104\/2022\/12\/30\/le-muse-premia-creativita-di-iacopino\/#primaryimage","url":"https:\/\/progettotouring.it\/radiotouring104\/wp-content\/uploads\/sites\/6\/2022\/12\/le-muse-anna-iacopino.png","contentUrl":"https:\/\/progettotouring.it\/radiotouring104\/wp-content\/uploads\/sites\/6\/2022\/12\/le-muse-anna-iacopino.png","width":318,"height":237},{"@type":"BreadcrumbList","@id":"https:\/\/progettotouring.it\/radiotouring104\/2022\/12\/30\/le-muse-premia-creativita-di-iacopino\/#breadcrumb","itemListElement":[{"@type":"ListItem","position":1,"name":"Home","item":"https:\/\/progettotouring.it\/radiotouring104\/"},{"@type":"ListItem","position":2,"name":"Le Muse premia creativit\u00e0 di Iacopino"}]},{"@type":"WebSite","@id":"https:\/\/progettotouring.it\/radiotouring104\/#website","url":"https:\/\/progettotouring.it\/radiotouring104\/","name":"Radio Touring 104","description":"La prima radio Reggina","publisher":{"@id":"https:\/\/progettotouring.it\/radiotouring104\/#organization"},"potentialAction":[{"@type":"SearchAction","target":{"@type":"EntryPoint","urlTemplate":"https:\/\/progettotouring.it\/radiotouring104\/?s={search_term_string}"},"query-input":{"@type":"PropertyValueSpecification","valueRequired":true,"valueName":"search_term_string"}}],"inLanguage":"it-IT"},{"@type":"Organization","@id":"https:\/\/progettotouring.it\/radiotouring104\/#organization","name":"Radio Touring 104","url":"https:\/\/progettotouring.it\/radiotouring104\/","logo":{"@type":"ImageObject","inLanguage":"it-IT","@id":"https:\/\/progettotouring.it\/radiotouring104\/#\/schema\/logo\/image\/","url":"https:\/\/progettotouring.it\/radiotouring104\/wp-content\/uploads\/sites\/6\/2022\/02\/cropped-logo-radio-touring-104.png","contentUrl":"https:\/\/progettotouring.it\/radiotouring104\/wp-content\/uploads\/sites\/6\/2022\/02\/cropped-logo-radio-touring-104.png","width":377,"height":182,"caption":"Radio Touring 104"},"image":{"@id":"https:\/\/progettotouring.it\/radiotouring104\/#\/schema\/logo\/image\/"}},{"@type":"Person","@id":"https:\/\/progettotouring.it\/radiotouring104\/#\/schema\/person\/78613917f1851f041f7483f5af1d422e","name":"Sebastiano Plutino","image":{"@type":"ImageObject","inLanguage":"it-IT","@id":"https:\/\/secure.gravatar.com\/avatar\/0546ffaa9b79224faf9f2a156b67a529ae861d3287c66c1d8ccfdf909bcba78d?s=96&d=mm&r=g","url":"https:\/\/secure.gravatar.com\/avatar\/0546ffaa9b79224faf9f2a156b67a529ae861d3287c66c1d8ccfdf909bcba78d?s=96&d=mm&r=g","contentUrl":"https:\/\/secure.gravatar.com\/avatar\/0546ffaa9b79224faf9f2a156b67a529ae861d3287c66c1d8ccfdf909bcba78d?s=96&d=mm&r=g","caption":"Sebastiano Plutino"},"url":"https:\/\/progettotouring.it\/radiotouring104\/author\/sebastiano\/"}]}},"jetpack_publicize_connections":[],"jetpack_featured_media_url":"https:\/\/progettotouring.it\/radiotouring104\/wp-content\/uploads\/sites\/6\/2022\/12\/le-muse-anna-iacopino.png","jetpack_sharing_enabled":true,"_links":{"self":[{"href":"https:\/\/progettotouring.it\/radiotouring104\/wp-json\/wp\/v2\/posts\/15866","targetHints":{"allow":["GET"]}}],"collection":[{"href":"https:\/\/progettotouring.it\/radiotouring104\/wp-json\/wp\/v2\/posts"}],"about":[{"href":"https:\/\/progettotouring.it\/radiotouring104\/wp-json\/wp\/v2\/types\/post"}],"author":[{"embeddable":true,"href":"https:\/\/progettotouring.it\/radiotouring104\/wp-json\/wp\/v2\/users\/12"}],"replies":[{"embeddable":true,"href":"https:\/\/progettotouring.it\/radiotouring104\/wp-json\/wp\/v2\/comments?post=15866"}],"version-history":[{"count":1,"href":"https:\/\/progettotouring.it\/radiotouring104\/wp-json\/wp\/v2\/posts\/15866\/revisions"}],"predecessor-version":[{"id":15869,"href":"https:\/\/progettotouring.it\/radiotouring104\/wp-json\/wp\/v2\/posts\/15866\/revisions\/15869"}],"wp:featuredmedia":[{"embeddable":true,"href":"https:\/\/progettotouring.it\/radiotouring104\/wp-json\/wp\/v2\/media\/15868"}],"wp:attachment":[{"href":"https:\/\/progettotouring.it\/radiotouring104\/wp-json\/wp\/v2\/media?parent=15866"}],"wp:term":[{"taxonomy":"category","embeddable":true,"href":"https:\/\/progettotouring.it\/radiotouring104\/wp-json\/wp\/v2\/categories?post=15866"},{"taxonomy":"post_tag","embeddable":true,"href":"https:\/\/progettotouring.it\/radiotouring104\/wp-json\/wp\/v2\/tags?post=15866"}],"curies":[{"name":"wp","href":"https:\/\/api.w.org\/{rel}","templated":true}]}}