{"id":15879,"date":"2022-12-30T13:49:51","date_gmt":"2022-12-30T12:49:51","guid":{"rendered":"https:\/\/progettotouring.it\/radiotouring104\/?p=15879"},"modified":"2022-12-30T18:54:25","modified_gmt":"2022-12-30T17:54:25","slug":"reggio-calabria-grave-carenza-di-uomini-tra-i-vigili-del-fuoco","status":"publish","type":"post","link":"https:\/\/progettotouring.it\/radiotouring104\/2022\/12\/30\/reggio-calabria-grave-carenza-di-uomini-tra-i-vigili-del-fuoco\/","title":{"rendered":"Reggio Calabria: grave carenza di uomini tra i Vigili del Fuoco"},"content":{"rendered":"<p style=\"text-align: justify\">Pi\u00f9 volte abbiamo cercato di sensibilizzare governi e amministrazioni locali, ma il problema degli organici esiste e persiste da tempo e non \u00e8 mai stato risolto. I <strong>Vigili del Fuoco<\/strong> ci mettono passione, amore, competenza e tutto l\u2019impegno possibile per mandare avanti \u201cla baracca\u201d, ma tutto questo non basta pi\u00f9, perch\u00e9 a rimetterci non solo i cittadini, privati della loro sicurezza, ma anche gli stessi operatori costretti a lavorare ogni giorno sotto organico. A denunciarlo \u00e8 <strong>Giuseppe Fraschini<\/strong>, Segretario Provinciale della <strong>UILPA dei Vigili del Fuoco<\/strong> di <strong>Reggio Calabria.<\/strong><\/p>\n<p style=\"text-align: justify\">Solo la provincia reggina \u2013 prosegue Fraschini &#8211; conta 97 Comuni, una superfice di 3200 chilometri quadrati e una popolazione superiore ai 500.000 abitanti; I <strong>Vigili del Fuoco<\/strong> operativi in servizio giornalmente sono poco meno di 60 unit\u00e0. Un numero irrisorio se si pensa alla popolazione da servire. Inutile tornare a parlare degli standard Europei previsti (1 VVF ogni 1200 abitanti), perch\u00e9 solo nella provincia reggina il rapporto \u00e8 di 1 Vigile del Fuoco ogni 11.000 abitanti.<\/p>\n<p style=\"text-align: justify\">Ci\u00f2 denota non solo l\u2019insanabile carenza di organico, ma anche l\u2019incancrenirsi di una situazione e di un modus operandi messo in atto dalla politica in generale, poco attenta alle esigenze del <strong>Corpo Nazionale<\/strong> e incurante della sicurezza pubblica. Assunzioni centellinate \u2013 continua Fraschini &#8211; a fronte di pensionamenti di massa &#8211; tra il 2023 e il 2024 solo al Comando di Reggio Calabria andranno in pensione circa 80 unit\u00e0 operative sulle circa 450 attualmente in servizio. Un numero altissimo se si pensa che le unit\u00e0 quotidianamente in servizio sono poco meno di 60. Il quadro della situazione \u00e8 chiaro e non \u00e8 pi\u00f9 sostenibile; non \u00e8 pi\u00f9 tollerabile \u2013 tuona <strong>Fraschini<\/strong> \u2013 che le sedi periferiche vengano declassate riducendo il numero del personale operativo. I <strong>Vigili del Fuoco<\/strong> che operano in prima linea devono affrontare situazioni sempre pi\u00f9 pericolose, non solo per l\u2019alea che il lavoro comporta, ma anche a causa del peggioramento delle condizioni lavorative, della scarsa sicurezza e dell\u2019aumento dello stress correlato.<\/p>\n<p style=\"text-align: justify\">L\u2019appello va a tutte le classi politiche perch\u00e9 la sicurezza non ha colore, la sicurezza \u00e8 un servizio essenziale e come tale va gestito. Le assunzioni devono essere sbloccate e non centellinate con il contagocce e il turnover deve essere bilanciato. La misura \u00e8 colma e adesso \u00e8 tempo di rimediare e bisogna farlo in fretta. La <strong>UILPA<\/strong> dei <strong>Vigili del Fuoco<\/strong> sia a livello locale che nazionale \u2013 conclude Fraschini &#8211; non mancher\u00e0 di mettere in campo tutte quelle prerogative sindacali necessarie alla tutela dei lavoratori di categoria e utili a correggere tutti quegli errori reiteratamente perpetrati attraverso la politica del risparmio, sia da parte della nostra amministrazione, che dai governi che si sono succeduti nel corso dell\u2019ultimo decennio.<\/p>\n","protected":false},"excerpt":{"rendered":"<p>Pi\u00f9 volte abbiamo cercato di sensibilizzare governi e amministrazioni locali, ma il problema degli organici esiste e persiste da tempo e non \u00e8 mai stato risolto. I Vigili del Fuoco&hellip;<\/p>\n","protected":false},"author":8,"featured_media":15880,"comment_status":"open","ping_status":"open","sticky":false,"template":"","format":"standard","meta":{"_jetpack_memberships_contains_paid_content":false,"footnotes":"","jetpack_publicize_message":"","jetpack_publicize_feature_enabled":true,"jetpack_social_post_already_shared":false,"jetpack_social_options":{"image_generator_settings":{"template":"highway","default_image_id":0,"font":"","enabled":false},"version":2}},"categories":[921,196,140],"tags":[7910,7911,236,677],"class_list":["post-15879","post","type-post","status-publish","format-standard","has-post-thumbnail","hentry","category-home","category-news","category-reggio-calabria","tag-corpo-nazionale","tag-giuseppe-fraschini","tag-reggio-calabria","tag-vigili-del-fuoco"],"yoast_head":"<!-- This site is optimized with the Yoast SEO plugin v27.2 - https:\/\/yoast.com\/product\/yoast-seo-wordpress\/ -->\n<title>Reggio Calabria: grave carenza di uomini tra i Vigili del Fuoco<\/title>\n<meta name=\"description\" content=\"Fraschini Segretario Provinciale della UILPA dei Vigili del Fuoco denuncia la carenza di uomini all&#039;interno dell&#039;organico di Reggio Calabria\" \/>\n<meta name=\"robots\" content=\"index, follow, max-snippet:-1, max-image-preview:large, max-video-preview:-1\" \/>\n<link rel=\"canonical\" href=\"https:\/\/progettotouring.it\/radiotouring104\/2022\/12\/30\/reggio-calabria-grave-carenza-di-uomini-tra-i-vigili-del-fuoco\/\" \/>\n<meta property=\"og:locale\" content=\"it_IT\" \/>\n<meta property=\"og:type\" content=\"article\" \/>\n<meta property=\"og:title\" content=\"Reggio Calabria: grave carenza di uomini tra i Vigili del Fuoco\" \/>\n<meta property=\"og:description\" content=\"Fraschini Segretario Provinciale della UILPA dei Vigili del Fuoco denuncia la carenza di uomini all&#039;interno dell&#039;organico di Reggio Calabria\" \/>\n<meta property=\"og:url\" content=\"https:\/\/progettotouring.it\/radiotouring104\/2022\/12\/30\/reggio-calabria-grave-carenza-di-uomini-tra-i-vigili-del-fuoco\/\" \/>\n<meta property=\"og:site_name\" content=\"Radio Touring 104\" \/>\n<meta property=\"article:published_time\" content=\"2022-12-30T12:49:51+00:00\" \/>\n<meta property=\"article:modified_time\" content=\"2022-12-30T17:54:25+00:00\" \/>\n<meta property=\"og:image\" content=\"https:\/\/progettotouring.it\/radiotouring104\/wp-content\/uploads\/sites\/6\/2022\/12\/Incendio.jpg\" \/>\n\t<meta property=\"og:image:width\" content=\"575\" \/>\n\t<meta property=\"og:image:height\" content=\"457\" \/>\n\t<meta property=\"og:image:type\" content=\"image\/jpeg\" \/>\n<meta name=\"author\" content=\"Filippo Francesco Idone\" \/>\n<meta name=\"twitter:card\" content=\"summary_large_image\" \/>\n<meta name=\"twitter:label1\" content=\"Scritto da\" \/>\n\t<meta name=\"twitter:data1\" content=\"Filippo Francesco Idone\" \/>\n\t<meta name=\"twitter:label2\" content=\"Tempo di lettura stimato\" \/>\n\t<meta name=\"twitter:data2\" content=\"2 minuti\" \/>\n<script type=\"application\/ld+json\" class=\"yoast-schema-graph\">{\"@context\":\"https:\/\/schema.org\",\"@graph\":[{\"@type\":\"Article\",\"@id\":\"https:\/\/progettotouring.it\/radiotouring104\/2022\/12\/30\/reggio-calabria-grave-carenza-di-uomini-tra-i-vigili-del-fuoco\/#article\",\"isPartOf\":{\"@id\":\"https:\/\/progettotouring.it\/radiotouring104\/2022\/12\/30\/reggio-calabria-grave-carenza-di-uomini-tra-i-vigili-del-fuoco\/\"},\"author\":{\"name\":\"Filippo Francesco Idone\",\"@id\":\"https:\/\/progettotouring.it\/radiotouring104\/#\/schema\/person\/4a82259ca52ac8702ad1a8f9e5a3120b\"},\"headline\":\"Reggio Calabria: grave carenza di uomini tra i Vigili del Fuoco\",\"datePublished\":\"2022-12-30T12:49:51+00:00\",\"dateModified\":\"2022-12-30T17:54:25+00:00\",\"mainEntityOfPage\":{\"@id\":\"https:\/\/progettotouring.it\/radiotouring104\/2022\/12\/30\/reggio-calabria-grave-carenza-di-uomini-tra-i-vigili-del-fuoco\/\"},\"wordCount\":441,\"commentCount\":0,\"publisher\":{\"@id\":\"https:\/\/progettotouring.it\/radiotouring104\/#organization\"},\"image\":{\"@id\":\"https:\/\/progettotouring.it\/radiotouring104\/2022\/12\/30\/reggio-calabria-grave-carenza-di-uomini-tra-i-vigili-del-fuoco\/#primaryimage\"},\"thumbnailUrl\":\"https:\/\/progettotouring.it\/radiotouring104\/wp-content\/uploads\/sites\/6\/2022\/12\/Incendio.jpg\",\"keywords\":[\"Corpo Nazionale\",\"Giuseppe Fraschini\",\"reggio calabria\",\"Vigili del fuoco\"],\"articleSection\":[\"Home\",\"News\",\"Reggio Calabria\"],\"inLanguage\":\"it-IT\",\"potentialAction\":[{\"@type\":\"CommentAction\",\"name\":\"Comment\",\"target\":[\"https:\/\/progettotouring.it\/radiotouring104\/2022\/12\/30\/reggio-calabria-grave-carenza-di-uomini-tra-i-vigili-del-fuoco\/#respond\"]}]},{\"@type\":\"WebPage\",\"@id\":\"https:\/\/progettotouring.it\/radiotouring104\/2022\/12\/30\/reggio-calabria-grave-carenza-di-uomini-tra-i-vigili-del-fuoco\/\",\"url\":\"https:\/\/progettotouring.it\/radiotouring104\/2022\/12\/30\/reggio-calabria-grave-carenza-di-uomini-tra-i-vigili-del-fuoco\/\",\"name\":\"Reggio Calabria: grave carenza di uomini tra i Vigili del Fuoco\",\"isPartOf\":{\"@id\":\"https:\/\/progettotouring.it\/radiotouring104\/#website\"},\"primaryImageOfPage\":{\"@id\":\"https:\/\/progettotouring.it\/radiotouring104\/2022\/12\/30\/reggio-calabria-grave-carenza-di-uomini-tra-i-vigili-del-fuoco\/#primaryimage\"},\"image\":{\"@id\":\"https:\/\/progettotouring.it\/radiotouring104\/2022\/12\/30\/reggio-calabria-grave-carenza-di-uomini-tra-i-vigili-del-fuoco\/#primaryimage\"},\"thumbnailUrl\":\"https:\/\/progettotouring.it\/radiotouring104\/wp-content\/uploads\/sites\/6\/2022\/12\/Incendio.jpg\",\"datePublished\":\"2022-12-30T12:49:51+00:00\",\"dateModified\":\"2022-12-30T17:54:25+00:00\",\"description\":\"Fraschini Segretario Provinciale della UILPA dei Vigili del Fuoco denuncia la carenza di uomini all'interno dell'organico di Reggio Calabria\",\"breadcrumb\":{\"@id\":\"https:\/\/progettotouring.it\/radiotouring104\/2022\/12\/30\/reggio-calabria-grave-carenza-di-uomini-tra-i-vigili-del-fuoco\/#breadcrumb\"},\"inLanguage\":\"it-IT\",\"potentialAction\":[{\"@type\":\"ReadAction\",\"target\":[\"https:\/\/progettotouring.it\/radiotouring104\/2022\/12\/30\/reggio-calabria-grave-carenza-di-uomini-tra-i-vigili-del-fuoco\/\"]}]},{\"@type\":\"ImageObject\",\"inLanguage\":\"it-IT\",\"@id\":\"https:\/\/progettotouring.it\/radiotouring104\/2022\/12\/30\/reggio-calabria-grave-carenza-di-uomini-tra-i-vigili-del-fuoco\/#primaryimage\",\"url\":\"https:\/\/progettotouring.it\/radiotouring104\/wp-content\/uploads\/sites\/6\/2022\/12\/Incendio.jpg\",\"contentUrl\":\"https:\/\/progettotouring.it\/radiotouring104\/wp-content\/uploads\/sites\/6\/2022\/12\/Incendio.jpg\",\"width\":575,\"height\":457},{\"@type\":\"BreadcrumbList\",\"@id\":\"https:\/\/progettotouring.it\/radiotouring104\/2022\/12\/30\/reggio-calabria-grave-carenza-di-uomini-tra-i-vigili-del-fuoco\/#breadcrumb\",\"itemListElement\":[{\"@type\":\"ListItem\",\"position\":1,\"name\":\"Home\",\"item\":\"https:\/\/progettotouring.it\/radiotouring104\/\"},{\"@type\":\"ListItem\",\"position\":2,\"name\":\"Reggio Calabria: grave carenza di uomini tra i Vigili del Fuoco\"}]},{\"@type\":\"WebSite\",\"@id\":\"https:\/\/progettotouring.it\/radiotouring104\/#website\",\"url\":\"https:\/\/progettotouring.it\/radiotouring104\/\",\"name\":\"Radio Touring 104\",\"description\":\"La prima radio Reggina\",\"publisher\":{\"@id\":\"https:\/\/progettotouring.it\/radiotouring104\/#organization\"},\"potentialAction\":[{\"@type\":\"SearchAction\",\"target\":{\"@type\":\"EntryPoint\",\"urlTemplate\":\"https:\/\/progettotouring.it\/radiotouring104\/?s={search_term_string}\"},\"query-input\":{\"@type\":\"PropertyValueSpecification\",\"valueRequired\":true,\"valueName\":\"search_term_string\"}}],\"inLanguage\":\"it-IT\"},{\"@type\":\"Organization\",\"@id\":\"https:\/\/progettotouring.it\/radiotouring104\/#organization\",\"name\":\"Radio Touring 104\",\"url\":\"https:\/\/progettotouring.it\/radiotouring104\/\",\"logo\":{\"@type\":\"ImageObject\",\"inLanguage\":\"it-IT\",\"@id\":\"https:\/\/progettotouring.it\/radiotouring104\/#\/schema\/logo\/image\/\",\"url\":\"https:\/\/progettotouring.it\/radiotouring104\/wp-content\/uploads\/sites\/6\/2022\/02\/cropped-logo-radio-touring-104.png\",\"contentUrl\":\"https:\/\/progettotouring.it\/radiotouring104\/wp-content\/uploads\/sites\/6\/2022\/02\/cropped-logo-radio-touring-104.png\",\"width\":377,\"height\":182,\"caption\":\"Radio Touring 104\"},\"image\":{\"@id\":\"https:\/\/progettotouring.it\/radiotouring104\/#\/schema\/logo\/image\/\"}},{\"@type\":\"Person\",\"@id\":\"https:\/\/progettotouring.it\/radiotouring104\/#\/schema\/person\/4a82259ca52ac8702ad1a8f9e5a3120b\",\"name\":\"Filippo Francesco Idone\",\"image\":{\"@type\":\"ImageObject\",\"inLanguage\":\"it-IT\",\"@id\":\"https:\/\/secure.gravatar.com\/avatar\/7268715d2366395c3dd314385670e6484117d44f5c442e61e230f7008b7b62d3?s=96&d=mm&r=g\",\"url\":\"https:\/\/secure.gravatar.com\/avatar\/7268715d2366395c3dd314385670e6484117d44f5c442e61e230f7008b7b62d3?s=96&d=mm&r=g\",\"contentUrl\":\"https:\/\/secure.gravatar.com\/avatar\/7268715d2366395c3dd314385670e6484117d44f5c442e61e230f7008b7b62d3?s=96&d=mm&r=g\",\"caption\":\"Filippo Francesco Idone\"},\"url\":\"https:\/\/progettotouring.it\/radiotouring104\/author\/filippoidone\/\"}]}<\/script>\n<!-- \/ Yoast SEO plugin. -->","yoast_head_json":{"title":"Reggio Calabria: grave carenza di uomini tra i Vigili del Fuoco","description":"Fraschini Segretario Provinciale della UILPA dei Vigili del Fuoco denuncia la carenza di uomini all'interno dell'organico di Reggio Calabria","robots":{"index":"index","follow":"follow","max-snippet":"max-snippet:-1","max-image-preview":"max-image-preview:large","max-video-preview":"max-video-preview:-1"},"canonical":"https:\/\/progettotouring.it\/radiotouring104\/2022\/12\/30\/reggio-calabria-grave-carenza-di-uomini-tra-i-vigili-del-fuoco\/","og_locale":"it_IT","og_type":"article","og_title":"Reggio Calabria: grave carenza di uomini tra i Vigili del Fuoco","og_description":"Fraschini Segretario Provinciale della UILPA dei Vigili del Fuoco denuncia la carenza di uomini all'interno dell'organico di Reggio Calabria","og_url":"https:\/\/progettotouring.it\/radiotouring104\/2022\/12\/30\/reggio-calabria-grave-carenza-di-uomini-tra-i-vigili-del-fuoco\/","og_site_name":"Radio Touring 104","article_published_time":"2022-12-30T12:49:51+00:00","article_modified_time":"2022-12-30T17:54:25+00:00","og_image":[{"width":575,"height":457,"url":"https:\/\/progettotouring.it\/radiotouring104\/wp-content\/uploads\/sites\/6\/2022\/12\/Incendio.jpg","type":"image\/jpeg"}],"author":"Filippo Francesco Idone","twitter_card":"summary_large_image","twitter_misc":{"Scritto da":"Filippo Francesco Idone","Tempo di lettura stimato":"2 minuti"},"schema":{"@context":"https:\/\/schema.org","@graph":[{"@type":"Article","@id":"https:\/\/progettotouring.it\/radiotouring104\/2022\/12\/30\/reggio-calabria-grave-carenza-di-uomini-tra-i-vigili-del-fuoco\/#article","isPartOf":{"@id":"https:\/\/progettotouring.it\/radiotouring104\/2022\/12\/30\/reggio-calabria-grave-carenza-di-uomini-tra-i-vigili-del-fuoco\/"},"author":{"name":"Filippo Francesco Idone","@id":"https:\/\/progettotouring.it\/radiotouring104\/#\/schema\/person\/4a82259ca52ac8702ad1a8f9e5a3120b"},"headline":"Reggio Calabria: grave carenza di uomini tra i Vigili del Fuoco","datePublished":"2022-12-30T12:49:51+00:00","dateModified":"2022-12-30T17:54:25+00:00","mainEntityOfPage":{"@id":"https:\/\/progettotouring.it\/radiotouring104\/2022\/12\/30\/reggio-calabria-grave-carenza-di-uomini-tra-i-vigili-del-fuoco\/"},"wordCount":441,"commentCount":0,"publisher":{"@id":"https:\/\/progettotouring.it\/radiotouring104\/#organization"},"image":{"@id":"https:\/\/progettotouring.it\/radiotouring104\/2022\/12\/30\/reggio-calabria-grave-carenza-di-uomini-tra-i-vigili-del-fuoco\/#primaryimage"},"thumbnailUrl":"https:\/\/progettotouring.it\/radiotouring104\/wp-content\/uploads\/sites\/6\/2022\/12\/Incendio.jpg","keywords":["Corpo Nazionale","Giuseppe Fraschini","reggio calabria","Vigili del fuoco"],"articleSection":["Home","News","Reggio Calabria"],"inLanguage":"it-IT","potentialAction":[{"@type":"CommentAction","name":"Comment","target":["https:\/\/progettotouring.it\/radiotouring104\/2022\/12\/30\/reggio-calabria-grave-carenza-di-uomini-tra-i-vigili-del-fuoco\/#respond"]}]},{"@type":"WebPage","@id":"https:\/\/progettotouring.it\/radiotouring104\/2022\/12\/30\/reggio-calabria-grave-carenza-di-uomini-tra-i-vigili-del-fuoco\/","url":"https:\/\/progettotouring.it\/radiotouring104\/2022\/12\/30\/reggio-calabria-grave-carenza-di-uomini-tra-i-vigili-del-fuoco\/","name":"Reggio Calabria: grave carenza di uomini tra i Vigili del Fuoco","isPartOf":{"@id":"https:\/\/progettotouring.it\/radiotouring104\/#website"},"primaryImageOfPage":{"@id":"https:\/\/progettotouring.it\/radiotouring104\/2022\/12\/30\/reggio-calabria-grave-carenza-di-uomini-tra-i-vigili-del-fuoco\/#primaryimage"},"image":{"@id":"https:\/\/progettotouring.it\/radiotouring104\/2022\/12\/30\/reggio-calabria-grave-carenza-di-uomini-tra-i-vigili-del-fuoco\/#primaryimage"},"thumbnailUrl":"https:\/\/progettotouring.it\/radiotouring104\/wp-content\/uploads\/sites\/6\/2022\/12\/Incendio.jpg","datePublished":"2022-12-30T12:49:51+00:00","dateModified":"2022-12-30T17:54:25+00:00","description":"Fraschini Segretario Provinciale della UILPA dei Vigili del Fuoco denuncia la carenza di uomini all'interno dell'organico di Reggio Calabria","breadcrumb":{"@id":"https:\/\/progettotouring.it\/radiotouring104\/2022\/12\/30\/reggio-calabria-grave-carenza-di-uomini-tra-i-vigili-del-fuoco\/#breadcrumb"},"inLanguage":"it-IT","potentialAction":[{"@type":"ReadAction","target":["https:\/\/progettotouring.it\/radiotouring104\/2022\/12\/30\/reggio-calabria-grave-carenza-di-uomini-tra-i-vigili-del-fuoco\/"]}]},{"@type":"ImageObject","inLanguage":"it-IT","@id":"https:\/\/progettotouring.it\/radiotouring104\/2022\/12\/30\/reggio-calabria-grave-carenza-di-uomini-tra-i-vigili-del-fuoco\/#primaryimage","url":"https:\/\/progettotouring.it\/radiotouring104\/wp-content\/uploads\/sites\/6\/2022\/12\/Incendio.jpg","contentUrl":"https:\/\/progettotouring.it\/radiotouring104\/wp-content\/uploads\/sites\/6\/2022\/12\/Incendio.jpg","width":575,"height":457},{"@type":"BreadcrumbList","@id":"https:\/\/progettotouring.it\/radiotouring104\/2022\/12\/30\/reggio-calabria-grave-carenza-di-uomini-tra-i-vigili-del-fuoco\/#breadcrumb","itemListElement":[{"@type":"ListItem","position":1,"name":"Home","item":"https:\/\/progettotouring.it\/radiotouring104\/"},{"@type":"ListItem","position":2,"name":"Reggio Calabria: grave carenza di uomini tra i Vigili del Fuoco"}]},{"@type":"WebSite","@id":"https:\/\/progettotouring.it\/radiotouring104\/#website","url":"https:\/\/progettotouring.it\/radiotouring104\/","name":"Radio Touring 104","description":"La prima radio Reggina","publisher":{"@id":"https:\/\/progettotouring.it\/radiotouring104\/#organization"},"potentialAction":[{"@type":"SearchAction","target":{"@type":"EntryPoint","urlTemplate":"https:\/\/progettotouring.it\/radiotouring104\/?s={search_term_string}"},"query-input":{"@type":"PropertyValueSpecification","valueRequired":true,"valueName":"search_term_string"}}],"inLanguage":"it-IT"},{"@type":"Organization","@id":"https:\/\/progettotouring.it\/radiotouring104\/#organization","name":"Radio Touring 104","url":"https:\/\/progettotouring.it\/radiotouring104\/","logo":{"@type":"ImageObject","inLanguage":"it-IT","@id":"https:\/\/progettotouring.it\/radiotouring104\/#\/schema\/logo\/image\/","url":"https:\/\/progettotouring.it\/radiotouring104\/wp-content\/uploads\/sites\/6\/2022\/02\/cropped-logo-radio-touring-104.png","contentUrl":"https:\/\/progettotouring.it\/radiotouring104\/wp-content\/uploads\/sites\/6\/2022\/02\/cropped-logo-radio-touring-104.png","width":377,"height":182,"caption":"Radio Touring 104"},"image":{"@id":"https:\/\/progettotouring.it\/radiotouring104\/#\/schema\/logo\/image\/"}},{"@type":"Person","@id":"https:\/\/progettotouring.it\/radiotouring104\/#\/schema\/person\/4a82259ca52ac8702ad1a8f9e5a3120b","name":"Filippo Francesco Idone","image":{"@type":"ImageObject","inLanguage":"it-IT","@id":"https:\/\/secure.gravatar.com\/avatar\/7268715d2366395c3dd314385670e6484117d44f5c442e61e230f7008b7b62d3?s=96&d=mm&r=g","url":"https:\/\/secure.gravatar.com\/avatar\/7268715d2366395c3dd314385670e6484117d44f5c442e61e230f7008b7b62d3?s=96&d=mm&r=g","contentUrl":"https:\/\/secure.gravatar.com\/avatar\/7268715d2366395c3dd314385670e6484117d44f5c442e61e230f7008b7b62d3?s=96&d=mm&r=g","caption":"Filippo Francesco Idone"},"url":"https:\/\/progettotouring.it\/radiotouring104\/author\/filippoidone\/"}]}},"jetpack_publicize_connections":[],"jetpack_featured_media_url":"https:\/\/progettotouring.it\/radiotouring104\/wp-content\/uploads\/sites\/6\/2022\/12\/Incendio.jpg","jetpack_sharing_enabled":true,"_links":{"self":[{"href":"https:\/\/progettotouring.it\/radiotouring104\/wp-json\/wp\/v2\/posts\/15879","targetHints":{"allow":["GET"]}}],"collection":[{"href":"https:\/\/progettotouring.it\/radiotouring104\/wp-json\/wp\/v2\/posts"}],"about":[{"href":"https:\/\/progettotouring.it\/radiotouring104\/wp-json\/wp\/v2\/types\/post"}],"author":[{"embeddable":true,"href":"https:\/\/progettotouring.it\/radiotouring104\/wp-json\/wp\/v2\/users\/8"}],"replies":[{"embeddable":true,"href":"https:\/\/progettotouring.it\/radiotouring104\/wp-json\/wp\/v2\/comments?post=15879"}],"version-history":[{"count":1,"href":"https:\/\/progettotouring.it\/radiotouring104\/wp-json\/wp\/v2\/posts\/15879\/revisions"}],"predecessor-version":[{"id":15881,"href":"https:\/\/progettotouring.it\/radiotouring104\/wp-json\/wp\/v2\/posts\/15879\/revisions\/15881"}],"wp:featuredmedia":[{"embeddable":true,"href":"https:\/\/progettotouring.it\/radiotouring104\/wp-json\/wp\/v2\/media\/15880"}],"wp:attachment":[{"href":"https:\/\/progettotouring.it\/radiotouring104\/wp-json\/wp\/v2\/media?parent=15879"}],"wp:term":[{"taxonomy":"category","embeddable":true,"href":"https:\/\/progettotouring.it\/radiotouring104\/wp-json\/wp\/v2\/categories?post=15879"},{"taxonomy":"post_tag","embeddable":true,"href":"https:\/\/progettotouring.it\/radiotouring104\/wp-json\/wp\/v2\/tags?post=15879"}],"curies":[{"name":"wp","href":"https:\/\/api.w.org\/{rel}","templated":true}]}}