{"id":15887,"date":"2022-12-30T15:43:21","date_gmt":"2022-12-30T14:43:21","guid":{"rendered":"https:\/\/progettotouring.it\/radiotouring104\/?p=15887"},"modified":"2022-12-30T19:09:41","modified_gmt":"2022-12-30T18:09:41","slug":"camera-di-commercio-cosenza-le-analisi-di-algieri-nellanno-del-210-anniversario","status":"publish","type":"post","link":"https:\/\/progettotouring.it\/radiotouring104\/2022\/12\/30\/camera-di-commercio-cosenza-le-analisi-di-algieri-nellanno-del-210-anniversario\/","title":{"rendered":"Camera di Commercio Cosenza: le analisi di Algieri nell&#8217;anno del 210\u00b0 anniversario"},"content":{"rendered":"<p class=\"xmprfx_MsoNormal\" style=\"text-align: justify\"><strong>La Camera di Commercio di Cosenza<\/strong> ha celebrato quest\u2019anno il suo <strong>210<\/strong>\u00b0 <strong>anniversario.<\/strong> Oltre due secoli di storia durante i quali l\u2019Istituzione ha sempre interpretato il suo ruolo di corpo intermedio nell\u2019interesse del territorio promuovendo, facilitando e accompagnando i cambiamenti imposti dall\u2019evolversi dei tempi.\u00a0 Quello che sta per concludersi \u00e8 stato, quindi, un anno di particolare importanza per l\u2019ente che ha dedicato numerose attivit\u00e0 alla celebrazione di questo anniversario.<\/p>\n<p class=\"xmprfx_MsoNormal\" style=\"text-align: justify\">Prima fra tutte, il recupero degli emblemi che rappresentano la sua identit\u00e0 storica. Un processo non semplice n\u00e9 scontato che ha visto il coinvolgimento di pi\u00f9 attori: gli uffici, gli organi camerali (Giunta e Consiglio), la societ\u00e0 in house del sistema camerale, <strong>SiCamera<\/strong>, specializzata in studi e ricerche in ambito di propriet\u00e0 industriale, marchi e loghi e, in modo decisivo, <strong>l\u2019Ufficio<\/strong> del <strong>Cerimoniale<\/strong> di Stato e per le Onorificenze Settore Araldica Pubblica della Presidenza del Consiglio dei Ministri. Grazie a loro, nel mese di aprile 2022, nel corso del primo Consiglio camerale tenutosi per l\u2019occasione in forma aperta, il Prefetto di Cosenza, Vittoria Ciaramella, ha consegnato ufficialmente al Presidente Klaus Algieri lo Stemma e il Gonfalone raffiguranti l\u2019emblema storico della Camera, concessi con Decreto del Presidente della Repubblica del 22 aprile 2021, a firma dell\u2019allora Presidente del Consiglio, Mario Draghi, e dal Presidente della Repubblica, Sergio Mattarella.<\/p>\n<p class=\"xmprfx_MsoNormal\" style=\"text-align: justify\">Di grande importanza anche l\u2019emissione del francobollo dedicato <strong>all\u2019Ente<\/strong>, primo caso in Italia. Il<strong> Ministero dello Sviluppo<\/strong> Economico (oggi Ministero delle Imprese e del Made in Italy), infatti, ha emesso il 5 ottobre 2022 il francobollo appartenente alla serie tematica \u201cle Eccellenze del sistema produttivo ed economico\u201d dedicato alla Camera di Commercio di Cosenza, nel 210\u00b0 anniversario della sua istituzione. Il francobollo stampato dall\u2019Istituto Poligrafico e Zecca dello Stato \u00e8 stato presentato il giorno stesso a Roma &#8211; con annullo filatelico a cura del desk di Poste Italiane &#8211; nella Sala Longhi di Unioncamere, in Piazza Sallustio, e trasmesso in contemporanea web anche nella Camera di Commercio di <strong>Cosenza<\/strong>. La cerimonia di annullo del francobollo \u00e8 stata replicata poi nel corso dell\u2019evento \u201c<strong>Porte aperte alle imprese<\/strong>\u201d, evento di chiusura delle celebrazioni, svoltosi il 16 dicembre nella Sala Petraglia della Camera di Commercio. Per l\u2019occasione, Poste Italiane ha prodotto un secondo annullo, quale ulteriore sigillo dell\u2019emissione. Un evento che la Camera ha voluto simbolicamente dedicare alle imprese, quali forze trainanti del tessuto economico e sociale del territorio, e che si \u00e8 articolato in diverse fasi, oltre a quella dell\u2019annullo: la riproduzione del video con le foto storiche delle imprese che hanno partecipato al contest fotografico \u201c210 anni in una foto\u201d; la presentazione del libro \u201c<strong>La Camera di Commercio di Cosenza<\/strong>: una presenza significativa nella storia economica e culturale della Calabria settentrionale dall\u2019Unit\u00e0 d\u2019Italia al Covid 19\u201d di Antonello Savaglio; inaugurazione della stanza dedicata ad accogliere le foto dei Presidenti e le riproduzioni dei riconoscimenti ottenuti dalla Camera negli ultimi anni.<\/p>\n<p class=\"xmprfx_MsoNormal\" style=\"text-align: justify\">Un intero anno dedicato alle celebrazioni, nelle quali l\u2019ente ha coinvolto ampiamente le imprese del territorio, confermando la sua vocazione. Cos\u00ec \u00e8 stato, ad esempio, per la prima edizione in presenza del Parlamento delle imprese di Cosenza (dopo le restrizioni imposte dalla pandemia), che ha ospitato l\u2019intervento del <strong>Segretario Generale CISL,<\/strong> Luigi Sbarra, continuando ad accorciare le distanze tra gli attori economici e le istituzioni.\u00a0 Anche per la seconda edizione dell\u2019anno, infatti, tenutasi il 10 novembre, le imprese hanno avuto modo di fare proposte e formulare domande ad un esponente di spicco del mondo istituzionale italiano, il Presidente del CONI, Giovanni Malag\u00f2, in un dibattito sul tema \u201cLo sport come volano di sviluppo e strumento di riqualificazione dei territori\u201d. Un confronto vivace che ha confermato la capacit\u00e0 dell\u2019ente di portare a Cosenza personalit\u00e0 importanti del panorama nazionale, stimolando l\u2019intervento alle sedute del \u201cParlamento\u201d di Ministri, Viceministri e nomi come Giuliano Amato, ex Presidente del Consiglio e oggi vicepresidente della Corte Costituzionale, Angelo Buscema, Presidente della Corte dei Conti, Giovanni Mammone, Primo Presidente della Corte di Cassazione, Sabino Cassese, Giudice emerito della Corte Costituzionale, Carlo Sangalli e Ivan Lo Bello, Presidenti di Unioncamere, Tiziano Treu, Presidente del CNEL, Giuseppe De Rita, Presidente del CENSIS.<\/p>\n<p class=\"xmprfx_MsoNormal\" style=\"text-align: justify\">Rientra nel fitto calendario 2022 anche la presentazione di due importanti pubblicazioni direttamente nella sede del CNEL, a Roma, il 21 febbraio 2022: il libro \u201cUna societ\u00e0 di persone? I corpi intermedi nella democrazia di oggi e di domani\u201d a cura di Bassanini, Treu, Vittadini, e il rapporto CENSIS \u201cDestinazione Cosenza\u201d. Il 210\u00b0 anniversario ha reso quest\u2019anno ancora pi\u00f9 significativa anche la IV edizione del Premio Imprese Storiche. \u00c8 il coraggio di continuare che rende storica un\u2019impresa. Questo il filo conduttore del \u201cPremio imprese storiche\u201d istituito nel 2016 dalla Camera di Commercio di Cosenza e che conta oramai circa 100 imprese insignite del prestigioso titolo. Le imprese premiate hanno storie, attivit\u00e0 e dimensioni differenti ma posseggono un comune denominatore: una storia lunga decenni. Un traguardo importante che \u00e8 motivo di orgoglio anche per il territorio in cui operano e che la Camera di Commercio di Cosenza ha ritenuto di dover onorare e festeggiare. Imprese Storiche della Camera di commercio di Cosenza non \u00e8 solo un premio alle imprese con una lunga storia alle spalle e al lavoro di una vita ma anche un modo per valorizzare un territorio spesso dimenticato dalle istituzioni e che fatica ad esprimere la sua identit\u00e0. Un\u2019identit\u00e0 fatta di cultura, patrimonio naturalistico, storia e capacit\u00e0 imprenditoriali con enormi potenzialit\u00e0 di sviluppo. Il Premio costituisce, quindi, una delle leve pi\u00f9 importanti della politica economica adottata dall\u2019amministrazione camerale impegnata a valorizzare il territorio e a sostenere con mezzi diversificati e integrati i nostri operatori economici. Le imprese sono la linfa vitale dell\u2019economia della nostra terra e sono al centro del nostro modo di amministrare la cosa pubblica, del nostro #ModelloCameraCosenza.<\/p>\n<p class=\"xmprfx_MsoNormal\" style=\"text-align: justify\">Le celebrazioni sono poi proseguite volgendo lo sguardo al futuro con l\u2019evento dedicato all\u2019internazionalizzazione \u201cMade in Italy, quale futuro? Esportare le eccellenze del territorio tra digitalizzazione e nuove sfide globali\u201d e la valorizzazione del Made in Cosenza e delle eccellenze calabresi \u00e8 stato il fulcro anche dell\u2019evento \u201cSapori di Cosenza: una tipicit\u00e0 internazionale\u201d con il quale la Camera di Commercio ha portato nel cuore della capitale il patrimonio enogastronomico di Cosenza. Una serata interamente dedicata alla promozione e valorizzazione del nostro patrimonio organizzata in una delle pi\u00f9 suggestive terrazze romane e alla quale hanno preso parte con entusiasmo alcune tra le personalit\u00e0 istituzionali pi\u00f9 importanti. L\u2019obiettivo \u00e8 stato quello di presentare una Calabria diversa. Una terra di bellezza che abbiamo voluto raccontare attraverso le sue imprese e i prodotti del loro lavoro, tradizioni a volte lunghe secoli che, grazie all\u2019impegno e alla tenacia dei nostri imprenditori, continuano ancora oggi a sorprendere i sensi rimandando alle nostre vere vocazioni. Un patrimonio dal valore immenso che vogliamo rilanciare, anche grazie all\u2019aiuto dei tanti calabresi che ricoprono ruoli di rilievo e che sono pronti a dare una mano al territorio.<\/p>\n<p class=\"xmprfx_MsoNormal\" style=\"text-align: justify\">Non sono mancate, poi, numerose iniziative di divulgazione e formazione aperte al tutto il territorio e alle altre istituzioni come, ad esempio, l\u2019approfondimento sul tema \u201c<em>Mezzi e strumenti di prevenzione delle infiltrazioni criminali. Il PNRR e il ruolo delle Prefetture\u201d,<\/em> con il Presidente di Sezione TAR Salerno, Nicola Durante; una giornata di lavori dedicata ai Piani di fabbisogno del personale a ai nuovi percorsi di valorizzazione dello stesso; con l\u2019intervento del Prof. Renato Ruffini, del Vice-Segretario Generale Unioncamere, Alberto Caporale, e del Magistrato Alessandro Vaccarella; il focus sulle procedure di reclutamento del personale nel pubblico impiego, con il Consigliere Corte dei Conti, Giampiero Pizziconi.<\/p>\n<p class=\"xmprfx_MsoNormal\" style=\"text-align: justify\">L\u2019anno che sta per concludersi \u00e8 stato anche il primo, dopo un lungo periodo di blocco delle assunzioni, in cui la Camera di Commercio ha potuto finalmente reclutare 6 nuove risorse umane.\u00a0 Si tratta di profili altamente innovativi che rispondono alle esigenze evolutive della domanda di servizi da parte delle imprese e che sono state selezionate secondo un uovo piano di fabbisogni e modalit\u00e0 di reclutamento innovative, valsi alla Camera di Commercio il Premio \u201cValore Pubblico: la PA che funziona\u201d promosso dalla SDA Bocconi &#8211; School of Management e dal Gruppo GEDI (editore di Repubblica), con il patrocinio del Ministro per la Pubblica Amministrazione, del Dipartimento della funzione Pubblica, di ANCI e UPI \u2013 Unione Province d\u2019Italia.<\/p>\n<p class=\"xmprfx_MsoNormal\" style=\"text-align: justify\">Anche grazie all\u2019innesto di queste nuove professionalit\u00e0, l\u2019ente ha continuato a dedicarsi con responsabilit\u00e0 alle attivit\u00e0 istituzionali gi\u00e0 consolidate. Dal sostegno diretto alle imprese del territorio tramite l\u2019erogazione di contributi, con liquidazioni settimanali, per un totale di circa 2 milioni di euro ed effetti sull\u2019economia locale stimati in 4 milioni euro; alla rapidit\u00e0 di risposta nei servizi agli utenti, con il 99,7% delle oltre 31.000 pratiche pervenute al Registro Imprese evase entro 5 giorni, 15.000 richieste allo sportello e il pagamento dei fornitori con un anticipo medio di 20 giorni rispetto alle date di scadenza delle fatture.<\/p>\n<p class=\"xmprfx_MsoNormal\" style=\"text-align: justify\"><em>\u201cIl 2022 \u00e8 stato un anno particolarmente impegnativo per l\u2019ente camerale ma denso di risultati e di soddisfazioni<\/em> \u2013 afferma il Presidente <strong>Klaus Algieri<\/strong> \u2013.\u00a0 <em>Un anno in cui lo sguardo al passato ha rafforzato in noi la consapevolezza del ruolo che il territorio riconosce a questa istituzione e delle responsabilit\u00e0 che ci\u00f2 comporta. Ed \u00e8 con questa consapevolezza che ci apprestiamo ad affrontare il nuovo anno impegnandoci ad adottare nuovi standard<\/em> (che chiameremo #NuoviStandardCameraCosenza) <em>per concentrare ancora di pi\u00f9 l\u2019attenzione sulle imprese e che dovranno permeare l\u2019intera organizzazione, parte politica inclusa, nel suo modo di agire quotidiano. \u00c8 una <strong>Carta degli Impegni<\/strong> <strong>verso le Imprese<\/strong>, poich\u00e9 le Imprese gi\u00e0 hanno adempiuto il proprio impegno verso la Camera corrispondendo il diritto annuo. A tutte loro, ai loro collaboratori e alle loro famiglie, il mio personale augurio di Buon Anno!\u201d<\/em><\/p>\n","protected":false},"excerpt":{"rendered":"<p>La Camera di Commercio di Cosenza ha celebrato quest\u2019anno il suo 210\u00b0 anniversario. Oltre due secoli di storia durante i quali l\u2019Istituzione ha sempre interpretato il suo ruolo di corpo&hellip;<\/p>\n","protected":false},"author":8,"featured_media":0,"comment_status":"open","ping_status":"open","sticky":false,"template":"","format":"standard","meta":{"_jetpack_memberships_contains_paid_content":false,"footnotes":"","jetpack_publicize_message":"","jetpack_publicize_feature_enabled":true,"jetpack_social_post_already_shared":false,"jetpack_social_options":{"image_generator_settings":{"template":"highway","default_image_id":0,"font":"","enabled":false},"version":2}},"categories":[142,921,196],"tags":[7916,7915,6090],"class_list":["post-15887","post","type-post","status-publish","format-standard","hentry","category-calabria","category-home","category-news","tag-210-anniversario","tag-algieri","tag-camera-di-commercio-cosenza"],"yoast_head":"<!-- This site is optimized with the Yoast SEO plugin v27.2 - https:\/\/yoast.com\/product\/yoast-seo-wordpress\/ -->\n<title>Camera Commercio Cosenza: le analisi di Algieri per il 210\u00b0 anno<\/title>\n<meta name=\"description\" content=\"Il presidente Algieri ha analizzato le attivit\u00e0 svolte durante il 210\u00b0 anniversario della Camera di Commercio di Cosenza\" \/>\n<meta name=\"robots\" content=\"index, follow, max-snippet:-1, max-image-preview:large, max-video-preview:-1\" \/>\n<link rel=\"canonical\" href=\"https:\/\/progettotouring.it\/radiotouring104\/2022\/12\/30\/camera-di-commercio-cosenza-le-analisi-di-algieri-nellanno-del-210-anniversario\/\" \/>\n<meta property=\"og:locale\" content=\"it_IT\" \/>\n<meta property=\"og:type\" content=\"article\" \/>\n<meta property=\"og:title\" content=\"Camera Commercio Cosenza: le analisi di Algieri per il 210\u00b0 anno\" \/>\n<meta property=\"og:description\" content=\"Il presidente Algieri ha analizzato le attivit\u00e0 svolte durante il 210\u00b0 anniversario della Camera di Commercio di Cosenza\" \/>\n<meta property=\"og:url\" content=\"https:\/\/progettotouring.it\/radiotouring104\/2022\/12\/30\/camera-di-commercio-cosenza-le-analisi-di-algieri-nellanno-del-210-anniversario\/\" \/>\n<meta property=\"og:site_name\" content=\"Radio Touring 104\" \/>\n<meta property=\"article:published_time\" content=\"2022-12-30T14:43:21+00:00\" \/>\n<meta property=\"article:modified_time\" content=\"2022-12-30T18:09:41+00:00\" \/>\n<meta name=\"author\" content=\"Filippo Francesco Idone\" \/>\n<meta name=\"twitter:card\" content=\"summary_large_image\" \/>\n<meta name=\"twitter:label1\" content=\"Scritto da\" \/>\n\t<meta name=\"twitter:data1\" content=\"Filippo Francesco Idone\" \/>\n\t<meta name=\"twitter:label2\" content=\"Tempo di lettura stimato\" \/>\n\t<meta name=\"twitter:data2\" content=\"8 minuti\" \/>\n<script type=\"application\/ld+json\" class=\"yoast-schema-graph\">{\"@context\":\"https:\/\/schema.org\",\"@graph\":[{\"@type\":\"Article\",\"@id\":\"https:\/\/progettotouring.it\/radiotouring104\/2022\/12\/30\/camera-di-commercio-cosenza-le-analisi-di-algieri-nellanno-del-210-anniversario\/#article\",\"isPartOf\":{\"@id\":\"https:\/\/progettotouring.it\/radiotouring104\/2022\/12\/30\/camera-di-commercio-cosenza-le-analisi-di-algieri-nellanno-del-210-anniversario\/\"},\"author\":{\"name\":\"Filippo Francesco Idone\",\"@id\":\"https:\/\/progettotouring.it\/radiotouring104\/#\/schema\/person\/4a82259ca52ac8702ad1a8f9e5a3120b\"},\"headline\":\"Camera di Commercio Cosenza: le analisi di Algieri nell&#8217;anno del 210\u00b0 anniversario\",\"datePublished\":\"2022-12-30T14:43:21+00:00\",\"dateModified\":\"2022-12-30T18:09:41+00:00\",\"mainEntityOfPage\":{\"@id\":\"https:\/\/progettotouring.it\/radiotouring104\/2022\/12\/30\/camera-di-commercio-cosenza-le-analisi-di-algieri-nellanno-del-210-anniversario\/\"},\"wordCount\":1607,\"commentCount\":0,\"publisher\":{\"@id\":\"https:\/\/progettotouring.it\/radiotouring104\/#organization\"},\"keywords\":[\"210\u00b0 anniversario\",\"Algieri\",\"camera di commercio cosenza\"],\"articleSection\":[\"Calabria\",\"Home\",\"News\"],\"inLanguage\":\"it-IT\",\"potentialAction\":[{\"@type\":\"CommentAction\",\"name\":\"Comment\",\"target\":[\"https:\/\/progettotouring.it\/radiotouring104\/2022\/12\/30\/camera-di-commercio-cosenza-le-analisi-di-algieri-nellanno-del-210-anniversario\/#respond\"]}]},{\"@type\":\"WebPage\",\"@id\":\"https:\/\/progettotouring.it\/radiotouring104\/2022\/12\/30\/camera-di-commercio-cosenza-le-analisi-di-algieri-nellanno-del-210-anniversario\/\",\"url\":\"https:\/\/progettotouring.it\/radiotouring104\/2022\/12\/30\/camera-di-commercio-cosenza-le-analisi-di-algieri-nellanno-del-210-anniversario\/\",\"name\":\"Camera Commercio Cosenza: le analisi di Algieri per il 210\u00b0 anno\",\"isPartOf\":{\"@id\":\"https:\/\/progettotouring.it\/radiotouring104\/#website\"},\"datePublished\":\"2022-12-30T14:43:21+00:00\",\"dateModified\":\"2022-12-30T18:09:41+00:00\",\"description\":\"Il presidente Algieri ha analizzato le attivit\u00e0 svolte durante il 210\u00b0 anniversario della Camera di Commercio di Cosenza\",\"breadcrumb\":{\"@id\":\"https:\/\/progettotouring.it\/radiotouring104\/2022\/12\/30\/camera-di-commercio-cosenza-le-analisi-di-algieri-nellanno-del-210-anniversario\/#breadcrumb\"},\"inLanguage\":\"it-IT\",\"potentialAction\":[{\"@type\":\"ReadAction\",\"target\":[\"https:\/\/progettotouring.it\/radiotouring104\/2022\/12\/30\/camera-di-commercio-cosenza-le-analisi-di-algieri-nellanno-del-210-anniversario\/\"]}]},{\"@type\":\"BreadcrumbList\",\"@id\":\"https:\/\/progettotouring.it\/radiotouring104\/2022\/12\/30\/camera-di-commercio-cosenza-le-analisi-di-algieri-nellanno-del-210-anniversario\/#breadcrumb\",\"itemListElement\":[{\"@type\":\"ListItem\",\"position\":1,\"name\":\"Home\",\"item\":\"https:\/\/progettotouring.it\/radiotouring104\/\"},{\"@type\":\"ListItem\",\"position\":2,\"name\":\"Camera di Commercio Cosenza: le analisi di Algieri nell&#8217;anno del 210\u00b0 anniversario\"}]},{\"@type\":\"WebSite\",\"@id\":\"https:\/\/progettotouring.it\/radiotouring104\/#website\",\"url\":\"https:\/\/progettotouring.it\/radiotouring104\/\",\"name\":\"Radio Touring 104\",\"description\":\"La prima radio Reggina\",\"publisher\":{\"@id\":\"https:\/\/progettotouring.it\/radiotouring104\/#organization\"},\"potentialAction\":[{\"@type\":\"SearchAction\",\"target\":{\"@type\":\"EntryPoint\",\"urlTemplate\":\"https:\/\/progettotouring.it\/radiotouring104\/?s={search_term_string}\"},\"query-input\":{\"@type\":\"PropertyValueSpecification\",\"valueRequired\":true,\"valueName\":\"search_term_string\"}}],\"inLanguage\":\"it-IT\"},{\"@type\":\"Organization\",\"@id\":\"https:\/\/progettotouring.it\/radiotouring104\/#organization\",\"name\":\"Radio Touring 104\",\"url\":\"https:\/\/progettotouring.it\/radiotouring104\/\",\"logo\":{\"@type\":\"ImageObject\",\"inLanguage\":\"it-IT\",\"@id\":\"https:\/\/progettotouring.it\/radiotouring104\/#\/schema\/logo\/image\/\",\"url\":\"https:\/\/progettotouring.it\/radiotouring104\/wp-content\/uploads\/sites\/6\/2022\/02\/cropped-logo-radio-touring-104.png\",\"contentUrl\":\"https:\/\/progettotouring.it\/radiotouring104\/wp-content\/uploads\/sites\/6\/2022\/02\/cropped-logo-radio-touring-104.png\",\"width\":377,\"height\":182,\"caption\":\"Radio Touring 104\"},\"image\":{\"@id\":\"https:\/\/progettotouring.it\/radiotouring104\/#\/schema\/logo\/image\/\"}},{\"@type\":\"Person\",\"@id\":\"https:\/\/progettotouring.it\/radiotouring104\/#\/schema\/person\/4a82259ca52ac8702ad1a8f9e5a3120b\",\"name\":\"Filippo Francesco Idone\",\"image\":{\"@type\":\"ImageObject\",\"inLanguage\":\"it-IT\",\"@id\":\"https:\/\/secure.gravatar.com\/avatar\/7268715d2366395c3dd314385670e6484117d44f5c442e61e230f7008b7b62d3?s=96&d=mm&r=g\",\"url\":\"https:\/\/secure.gravatar.com\/avatar\/7268715d2366395c3dd314385670e6484117d44f5c442e61e230f7008b7b62d3?s=96&d=mm&r=g\",\"contentUrl\":\"https:\/\/secure.gravatar.com\/avatar\/7268715d2366395c3dd314385670e6484117d44f5c442e61e230f7008b7b62d3?s=96&d=mm&r=g\",\"caption\":\"Filippo Francesco Idone\"},\"url\":\"https:\/\/progettotouring.it\/radiotouring104\/author\/filippoidone\/\"}]}<\/script>\n<!-- \/ Yoast SEO plugin. -->","yoast_head_json":{"title":"Camera Commercio Cosenza: le analisi di Algieri per il 210\u00b0 anno","description":"Il presidente Algieri ha analizzato le attivit\u00e0 svolte durante il 210\u00b0 anniversario della Camera di Commercio di Cosenza","robots":{"index":"index","follow":"follow","max-snippet":"max-snippet:-1","max-image-preview":"max-image-preview:large","max-video-preview":"max-video-preview:-1"},"canonical":"https:\/\/progettotouring.it\/radiotouring104\/2022\/12\/30\/camera-di-commercio-cosenza-le-analisi-di-algieri-nellanno-del-210-anniversario\/","og_locale":"it_IT","og_type":"article","og_title":"Camera Commercio Cosenza: le analisi di Algieri per il 210\u00b0 anno","og_description":"Il presidente Algieri ha analizzato le attivit\u00e0 svolte durante il 210\u00b0 anniversario della Camera di Commercio di Cosenza","og_url":"https:\/\/progettotouring.it\/radiotouring104\/2022\/12\/30\/camera-di-commercio-cosenza-le-analisi-di-algieri-nellanno-del-210-anniversario\/","og_site_name":"Radio Touring 104","article_published_time":"2022-12-30T14:43:21+00:00","article_modified_time":"2022-12-30T18:09:41+00:00","author":"Filippo Francesco Idone","twitter_card":"summary_large_image","twitter_misc":{"Scritto da":"Filippo Francesco Idone","Tempo di lettura stimato":"8 minuti"},"schema":{"@context":"https:\/\/schema.org","@graph":[{"@type":"Article","@id":"https:\/\/progettotouring.it\/radiotouring104\/2022\/12\/30\/camera-di-commercio-cosenza-le-analisi-di-algieri-nellanno-del-210-anniversario\/#article","isPartOf":{"@id":"https:\/\/progettotouring.it\/radiotouring104\/2022\/12\/30\/camera-di-commercio-cosenza-le-analisi-di-algieri-nellanno-del-210-anniversario\/"},"author":{"name":"Filippo Francesco Idone","@id":"https:\/\/progettotouring.it\/radiotouring104\/#\/schema\/person\/4a82259ca52ac8702ad1a8f9e5a3120b"},"headline":"Camera di Commercio Cosenza: le analisi di Algieri nell&#8217;anno del 210\u00b0 anniversario","datePublished":"2022-12-30T14:43:21+00:00","dateModified":"2022-12-30T18:09:41+00:00","mainEntityOfPage":{"@id":"https:\/\/progettotouring.it\/radiotouring104\/2022\/12\/30\/camera-di-commercio-cosenza-le-analisi-di-algieri-nellanno-del-210-anniversario\/"},"wordCount":1607,"commentCount":0,"publisher":{"@id":"https:\/\/progettotouring.it\/radiotouring104\/#organization"},"keywords":["210\u00b0 anniversario","Algieri","camera di commercio cosenza"],"articleSection":["Calabria","Home","News"],"inLanguage":"it-IT","potentialAction":[{"@type":"CommentAction","name":"Comment","target":["https:\/\/progettotouring.it\/radiotouring104\/2022\/12\/30\/camera-di-commercio-cosenza-le-analisi-di-algieri-nellanno-del-210-anniversario\/#respond"]}]},{"@type":"WebPage","@id":"https:\/\/progettotouring.it\/radiotouring104\/2022\/12\/30\/camera-di-commercio-cosenza-le-analisi-di-algieri-nellanno-del-210-anniversario\/","url":"https:\/\/progettotouring.it\/radiotouring104\/2022\/12\/30\/camera-di-commercio-cosenza-le-analisi-di-algieri-nellanno-del-210-anniversario\/","name":"Camera Commercio Cosenza: le analisi di Algieri per il 210\u00b0 anno","isPartOf":{"@id":"https:\/\/progettotouring.it\/radiotouring104\/#website"},"datePublished":"2022-12-30T14:43:21+00:00","dateModified":"2022-12-30T18:09:41+00:00","description":"Il presidente Algieri ha analizzato le attivit\u00e0 svolte durante il 210\u00b0 anniversario della Camera di Commercio di Cosenza","breadcrumb":{"@id":"https:\/\/progettotouring.it\/radiotouring104\/2022\/12\/30\/camera-di-commercio-cosenza-le-analisi-di-algieri-nellanno-del-210-anniversario\/#breadcrumb"},"inLanguage":"it-IT","potentialAction":[{"@type":"ReadAction","target":["https:\/\/progettotouring.it\/radiotouring104\/2022\/12\/30\/camera-di-commercio-cosenza-le-analisi-di-algieri-nellanno-del-210-anniversario\/"]}]},{"@type":"BreadcrumbList","@id":"https:\/\/progettotouring.it\/radiotouring104\/2022\/12\/30\/camera-di-commercio-cosenza-le-analisi-di-algieri-nellanno-del-210-anniversario\/#breadcrumb","itemListElement":[{"@type":"ListItem","position":1,"name":"Home","item":"https:\/\/progettotouring.it\/radiotouring104\/"},{"@type":"ListItem","position":2,"name":"Camera di Commercio Cosenza: le analisi di Algieri nell&#8217;anno del 210\u00b0 anniversario"}]},{"@type":"WebSite","@id":"https:\/\/progettotouring.it\/radiotouring104\/#website","url":"https:\/\/progettotouring.it\/radiotouring104\/","name":"Radio Touring 104","description":"La prima radio Reggina","publisher":{"@id":"https:\/\/progettotouring.it\/radiotouring104\/#organization"},"potentialAction":[{"@type":"SearchAction","target":{"@type":"EntryPoint","urlTemplate":"https:\/\/progettotouring.it\/radiotouring104\/?s={search_term_string}"},"query-input":{"@type":"PropertyValueSpecification","valueRequired":true,"valueName":"search_term_string"}}],"inLanguage":"it-IT"},{"@type":"Organization","@id":"https:\/\/progettotouring.it\/radiotouring104\/#organization","name":"Radio Touring 104","url":"https:\/\/progettotouring.it\/radiotouring104\/","logo":{"@type":"ImageObject","inLanguage":"it-IT","@id":"https:\/\/progettotouring.it\/radiotouring104\/#\/schema\/logo\/image\/","url":"https:\/\/progettotouring.it\/radiotouring104\/wp-content\/uploads\/sites\/6\/2022\/02\/cropped-logo-radio-touring-104.png","contentUrl":"https:\/\/progettotouring.it\/radiotouring104\/wp-content\/uploads\/sites\/6\/2022\/02\/cropped-logo-radio-touring-104.png","width":377,"height":182,"caption":"Radio Touring 104"},"image":{"@id":"https:\/\/progettotouring.it\/radiotouring104\/#\/schema\/logo\/image\/"}},{"@type":"Person","@id":"https:\/\/progettotouring.it\/radiotouring104\/#\/schema\/person\/4a82259ca52ac8702ad1a8f9e5a3120b","name":"Filippo Francesco Idone","image":{"@type":"ImageObject","inLanguage":"it-IT","@id":"https:\/\/secure.gravatar.com\/avatar\/7268715d2366395c3dd314385670e6484117d44f5c442e61e230f7008b7b62d3?s=96&d=mm&r=g","url":"https:\/\/secure.gravatar.com\/avatar\/7268715d2366395c3dd314385670e6484117d44f5c442e61e230f7008b7b62d3?s=96&d=mm&r=g","contentUrl":"https:\/\/secure.gravatar.com\/avatar\/7268715d2366395c3dd314385670e6484117d44f5c442e61e230f7008b7b62d3?s=96&d=mm&r=g","caption":"Filippo Francesco Idone"},"url":"https:\/\/progettotouring.it\/radiotouring104\/author\/filippoidone\/"}]}},"jetpack_publicize_connections":[],"jetpack_featured_media_url":"","jetpack_sharing_enabled":true,"_links":{"self":[{"href":"https:\/\/progettotouring.it\/radiotouring104\/wp-json\/wp\/v2\/posts\/15887","targetHints":{"allow":["GET"]}}],"collection":[{"href":"https:\/\/progettotouring.it\/radiotouring104\/wp-json\/wp\/v2\/posts"}],"about":[{"href":"https:\/\/progettotouring.it\/radiotouring104\/wp-json\/wp\/v2\/types\/post"}],"author":[{"embeddable":true,"href":"https:\/\/progettotouring.it\/radiotouring104\/wp-json\/wp\/v2\/users\/8"}],"replies":[{"embeddable":true,"href":"https:\/\/progettotouring.it\/radiotouring104\/wp-json\/wp\/v2\/comments?post=15887"}],"version-history":[{"count":1,"href":"https:\/\/progettotouring.it\/radiotouring104\/wp-json\/wp\/v2\/posts\/15887\/revisions"}],"predecessor-version":[{"id":15889,"href":"https:\/\/progettotouring.it\/radiotouring104\/wp-json\/wp\/v2\/posts\/15887\/revisions\/15889"}],"wp:attachment":[{"href":"https:\/\/progettotouring.it\/radiotouring104\/wp-json\/wp\/v2\/media?parent=15887"}],"wp:term":[{"taxonomy":"category","embeddable":true,"href":"https:\/\/progettotouring.it\/radiotouring104\/wp-json\/wp\/v2\/categories?post=15887"},{"taxonomy":"post_tag","embeddable":true,"href":"https:\/\/progettotouring.it\/radiotouring104\/wp-json\/wp\/v2\/tags?post=15887"}],"curies":[{"name":"wp","href":"https:\/\/api.w.org\/{rel}","templated":true}]}}