{"id":15895,"date":"2022-12-30T17:49:04","date_gmt":"2022-12-30T16:49:04","guid":{"rendered":"https:\/\/progettotouring.it\/radiotouring104\/?p=15895"},"modified":"2022-12-30T19:24:34","modified_gmt":"2022-12-30T18:24:34","slug":"reggio-calabria-approvati-i-punti-del-programma-in-arrivo-21-milioni-di-euro","status":"publish","type":"post","link":"https:\/\/progettotouring.it\/radiotouring104\/2022\/12\/30\/reggio-calabria-approvati-i-punti-del-programma-in-arrivo-21-milioni-di-euro\/","title":{"rendered":"Reggio Calabria: approvati i punti del programma. In arrivo 21 milioni di euro"},"content":{"rendered":"<div style=\"text-align: justify\">Arrivano i primi 21 milioni dei 118 previsti dal primo bando del <strong>Pnrr sui Piani urbani integrati e destinati alla Citt\u00e0 Metropolitana per la Rigenerazione urbana<\/strong>. Il Consiglio Metropolitano, infatti, ha approvato 5 interventi specifici, con il sindaco facente funzioni, <strong>Carmelo Versace<\/strong>, che si \u00e8 detto \u00abparticolarmente felice per un lavoro che inizia a dare i suoi frutti\u00bb. Nel corso del dibattito in aula, infatti, Versace ha ricordato \u00able attivit\u00e0 della cabina di regia che ha visto il coinvolgimento dei 97 Comuni metropolitani\u00bb. Nel dettaglio, 12 milioni saranno dedicati ad un intervento integrato per la Mobilit\u00e0 del Comune di Reggio Calabria, altri 5 milioni saranno riservati alla rifunzionalizzazione ecosostenibile di immobili esistenti e destinati ai servizi metropolitani, il Settore Innovazione sar\u00e0 al centro di due misure per la Piattaforma di monitoraggio, controllo e gestione di flussi dati pari a 2 milioni ed un altro milione e mezzo per la Piattaforma digitale del Welfare, mentre un milione interesser\u00e0 un piano per il settore Pianificazione.<\/p>\n<p>&#8220;<em>Oggi<\/em> \u2013 ha detto Versace \u2013 <em>veniamo ripagati per la scelta di indire la riunione plenaria dei sindaci dei 97 Comuni che, insieme, hanno scelto sul destino delle proprie comunit\u00e0&#8221;.<\/em> Nel merito, il consigliere <strong>Giuseppe Sera<\/strong> ha sottolineato &#8220;<em>il\u00a0rispetto degli obiettivi raggiunti<\/em>\u00bb ed ha espresso un plauso per &#8220;<em>le buone prassi politico-amministrative, come la cabina di regia, diventate esempio nazionale<\/em>\u00bb. Sera ha, quindi, evidenziato <em>&#8220;il metodo di condivisione, concertazione e sinergia istituzionale fra l\u2019Ente sovraordinato e quelli che hanno un territorio specifico da tutelare&#8221;<\/em>. Soddisfazione \u00e8 stata espressa anche dal consigliere <strong>Giuseppe Giordano<\/strong>: <em>&#8220;La Citt\u00e0 Metropolitana \u00e8 stata virtuosa nel coordinare le diverse istanze guardando ogni traiettoria possibile utile a sviluppare sinergie ed energie che derivano da un\u2019attivit\u00e0 di programmazione e pianificazione che porteranno al prossimo Piano strategico metropolitano&#8221;.<\/em><\/p>\n<p>L\u2019aula \u201c<strong>Repaci<\/strong>\u201d, nella seduta odierna, si \u00e8 confrontata anche su importanti interventi per i settori della Viabilit\u00e0 e delle Politiche sociali. In particolare, \u00e8 stata votata favorevolmente una variazione in entrata al Bilancio di Previsione 2022-2024, per 3,3 milioni di euro derivanti da fondi dei \u201cPatti per il Sud\u201d che rischiavano di andare persi per inadempienze di alcuni Comuni che non potevano scrivere le obbligazioni giuridicamente vincolanti entro 31 dicembre. La Citt\u00e0 Metropolitana, quindi, ha recuperato le somme destinandole a misure di messa in sicurezza di strade lungo le varie dorsali Tirrenica, Centro e Jonica come il tatto della rotatoria di Cinquefrondi, nei pressi di un\u2019area commerciale e teatro di svariati incidenti, la rotatoria di Lumbrichi o le direttrici mare-monti lungo la tratta <strong>Bova-Sant\u2019Eufemia d\u2019Aspromonte.<\/strong><\/div>\n<div><\/div>\n<div style=\"text-align: justify\"><em>&#8220;L\u2019obiettivo<\/em> \u2013 ha spiegato il sindaco facente funzioni Versace \u2013 <em>\u00e8 quello di aumentare il coefficiente di sicurezza attraverso il rifacimento del manto stradale, delle gabbionate, della pulizia delle cunette, del ripristino delle segnaletiche orizzontali e verticali&#8221;.<\/em> Sul punto, il consigliere delegato ai Patti per il Sud, Giuseppe Sera, ha sottolineato<em> &#8220;il repentino e puntuale intervento della <strong>Citt\u00e0 Metropolitana<\/strong> volto a scongiurare la perdita di risorse indispensabili per i territori&#8221;.<\/em> Per questo motivo, Sera ha ringraziato i settori e, in particolare, gli staff dei dirigenti Pietro Foti e Lorenzo Benestare per &#8220;<em>essersi dimostrati pronti a reinvestire le somme&#8221;.<\/em><\/p>\n<p>Via libera, poi, a 5 milioni di euro da destinare a lavori di rifacimento e messa in sicurezza dei segmenti stradali lungo la SP 1 Dir. tra i Comuni di Taurianova-Molochio-Terranova Sappo Minulio e Varapodio, partendo dal tratto prospiciente l\u2019Ospedale di Oppido Mamertina. Il disco verde \u00e8 arrivato anche per un\u2019altra variazione in entrata al Bilancio pluriennale, pari ad oltre 4 milioni di euro, da riservare al rinnovo del parco rotabile automobilistico utilizzato per lo svolgimento dei servizi di trasporto pubblico locale. Il Consiglio Metropolitano, successivamente, ha approvato l\u2019ingresso operativo di Castore all\u2019interno di Palazzo Alvaro. Alla societ\u00e0 \u201cin house\u201d, infatti, sono stati affidati i servizi di pulizie degli immobili della Citt\u00e0 Metropolitana. Sul punto, il sindaco facente funzioni <strong>Carmelo Versace<\/strong> ha espresso &#8220;<em>un grosso in bocca al lupo per questo percorso, gi\u00e0 iniziato da un punto di vista formale, che dal primo gennaio diventer\u00e0 sostanziale&#8221;<\/em>.<\/p>\n<p>Infine, spazio alle Politiche sociali con l\u2019approvazione di sei importanti interventi per i quali \u00e8 stata necessaria una variazione di bilancio per 720 mila euro. In particolare, dopo la relazione del consigliere delegato al <strong>Welfare<\/strong>, <strong>Domenico<\/strong> <strong>Mantegna<\/strong>, sono stati accolti favorevolmente nuovi avvisi pubblici per l\u2019erogazione di sussidi a sostegno delle persone non vedenti, non udenti e\/o sordocieche per 120 mila euro (divisi su due diversi bandi), con disturbo dello spettro autistico per 120 mila euro, rivolti agli enti ecclesiastici civilmente riconosciuti per la selezioni di progetti di utilit\u00e0 sociale da realizzare sul territorio della <strong>Citt\u00e0 Metropolitana<\/strong> per 40 mila euro, per selezionare proposte in partenariato con Enti del Terzo settore per 180 mila euro ed un avviso destinato ai Comuni rivolto a programmi di utilit\u00e0 sociali per 260 mila euro. Un plauso \u00e8 arrivato dal consigliere Sera che ha ringraziato il delegato Mantegna ed il settore per &#8220;<em>averci consentito di votare questa delibera&#8221;. &#8220;Qualsiasi euro speso per andare incontro alle persone speciali del territorio<\/em> \u2013 ha aggiunto Sera &#8211; <em>va accolto con grande entusiasmo&#8221;.<\/em><\/div>\n","protected":false},"excerpt":{"rendered":"<p>Arrivano i primi 21 milioni dei 118 previsti dal primo bando del Pnrr sui Piani urbani integrati e destinati alla Citt\u00e0 Metropolitana per la Rigenerazione urbana. Il Consiglio Metropolitano, infatti,&hellip;<\/p>\n","protected":false},"author":8,"featured_media":15896,"comment_status":"open","ping_status":"open","sticky":false,"template":"","format":"standard","meta":{"_jetpack_memberships_contains_paid_content":false,"footnotes":"","jetpack_publicize_message":"","jetpack_publicize_feature_enabled":true,"jetpack_social_post_already_shared":false,"jetpack_social_options":{"image_generator_settings":{"template":"highway","default_image_id":0,"font":"","enabled":false},"version":2}},"categories":[921,196,195,140],"tags":[7920,743,2284,1763,3985,3424],"class_list":["post-15895","post","type-post","status-publish","format-standard","has-post-thumbnail","hentry","category-home","category-news","category-politica","category-reggio-calabria","tag-bova-santeufemia-daspromonte","tag-citta-metropolitana","tag-domenico-mantegna","tag-giuseppe-giordano","tag-giuseppe-sera","tag-welfare"],"yoast_head":"<!-- This site is optimized with the Yoast SEO plugin v27.2 - https:\/\/yoast.com\/product\/yoast-seo-wordpress\/ -->\n<title>Approvati i punti del programma. In arrivo 21 milioni di euro<\/title>\n<meta name=\"description\" content=\"L&#039;Aula Repaci di Palazzo Alvaro ha approvato tutti i punti previsti dall&#039;ordine del giorno. La soddisfazione del sindaco f.f. Versace\" \/>\n<meta name=\"robots\" content=\"index, follow, max-snippet:-1, max-image-preview:large, max-video-preview:-1\" \/>\n<link rel=\"canonical\" href=\"https:\/\/progettotouring.it\/radiotouring104\/2022\/12\/30\/reggio-calabria-approvati-i-punti-del-programma-in-arrivo-21-milioni-di-euro\/\" \/>\n<meta property=\"og:locale\" content=\"it_IT\" \/>\n<meta property=\"og:type\" content=\"article\" \/>\n<meta property=\"og:title\" content=\"Approvati i punti del programma. In arrivo 21 milioni di euro\" \/>\n<meta property=\"og:description\" content=\"L&#039;Aula Repaci di Palazzo Alvaro ha approvato tutti i punti previsti dall&#039;ordine del giorno. La soddisfazione del sindaco f.f. Versace\" \/>\n<meta property=\"og:url\" content=\"https:\/\/progettotouring.it\/radiotouring104\/2022\/12\/30\/reggio-calabria-approvati-i-punti-del-programma-in-arrivo-21-milioni-di-euro\/\" \/>\n<meta property=\"og:site_name\" content=\"Radio Touring 104\" \/>\n<meta property=\"article:published_time\" content=\"2022-12-30T16:49:04+00:00\" \/>\n<meta property=\"article:modified_time\" content=\"2022-12-30T18:24:34+00:00\" \/>\n<meta property=\"og:image\" content=\"https:\/\/progettotouring.it\/radiotouring104\/wp-content\/uploads\/sites\/6\/2022\/12\/versace-5.jpeg\" \/>\n\t<meta property=\"og:image:width\" content=\"1600\" \/>\n\t<meta property=\"og:image:height\" content=\"1414\" \/>\n\t<meta property=\"og:image:type\" content=\"image\/jpeg\" \/>\n<meta name=\"author\" content=\"Filippo Francesco Idone\" \/>\n<meta name=\"twitter:card\" content=\"summary_large_image\" \/>\n<meta name=\"twitter:label1\" content=\"Scritto da\" \/>\n\t<meta name=\"twitter:data1\" content=\"Filippo Francesco Idone\" \/>\n\t<meta name=\"twitter:label2\" content=\"Tempo di lettura stimato\" \/>\n\t<meta name=\"twitter:data2\" content=\"4 minuti\" \/>\n<script type=\"application\/ld+json\" class=\"yoast-schema-graph\">{\"@context\":\"https:\/\/schema.org\",\"@graph\":[{\"@type\":\"Article\",\"@id\":\"https:\/\/progettotouring.it\/radiotouring104\/2022\/12\/30\/reggio-calabria-approvati-i-punti-del-programma-in-arrivo-21-milioni-di-euro\/#article\",\"isPartOf\":{\"@id\":\"https:\/\/progettotouring.it\/radiotouring104\/2022\/12\/30\/reggio-calabria-approvati-i-punti-del-programma-in-arrivo-21-milioni-di-euro\/\"},\"author\":{\"name\":\"Filippo Francesco Idone\",\"@id\":\"https:\/\/progettotouring.it\/radiotouring104\/#\/schema\/person\/4a82259ca52ac8702ad1a8f9e5a3120b\"},\"headline\":\"Reggio Calabria: approvati i punti del programma. In arrivo 21 milioni di euro\",\"datePublished\":\"2022-12-30T16:49:04+00:00\",\"dateModified\":\"2022-12-30T18:24:34+00:00\",\"mainEntityOfPage\":{\"@id\":\"https:\/\/progettotouring.it\/radiotouring104\/2022\/12\/30\/reggio-calabria-approvati-i-punti-del-programma-in-arrivo-21-milioni-di-euro\/\"},\"wordCount\":830,\"commentCount\":0,\"publisher\":{\"@id\":\"https:\/\/progettotouring.it\/radiotouring104\/#organization\"},\"image\":{\"@id\":\"https:\/\/progettotouring.it\/radiotouring104\/2022\/12\/30\/reggio-calabria-approvati-i-punti-del-programma-in-arrivo-21-milioni-di-euro\/#primaryimage\"},\"thumbnailUrl\":\"https:\/\/progettotouring.it\/radiotouring104\/wp-content\/uploads\/sites\/6\/2022\/12\/versace-5.jpeg\",\"keywords\":[\"Bova-Sant\u2019Eufemia d\u2019Aspromonte\",\"Citt\u00e0 metropolitana\",\"Domenico Mantegna\",\"Giuseppe Giordano\",\"Giuseppe Sera\",\"Welfare\"],\"articleSection\":[\"Home\",\"News\",\"Politica\",\"Reggio Calabria\"],\"inLanguage\":\"it-IT\",\"potentialAction\":[{\"@type\":\"CommentAction\",\"name\":\"Comment\",\"target\":[\"https:\/\/progettotouring.it\/radiotouring104\/2022\/12\/30\/reggio-calabria-approvati-i-punti-del-programma-in-arrivo-21-milioni-di-euro\/#respond\"]}]},{\"@type\":\"WebPage\",\"@id\":\"https:\/\/progettotouring.it\/radiotouring104\/2022\/12\/30\/reggio-calabria-approvati-i-punti-del-programma-in-arrivo-21-milioni-di-euro\/\",\"url\":\"https:\/\/progettotouring.it\/radiotouring104\/2022\/12\/30\/reggio-calabria-approvati-i-punti-del-programma-in-arrivo-21-milioni-di-euro\/\",\"name\":\"Approvati i punti del programma. In arrivo 21 milioni di euro\",\"isPartOf\":{\"@id\":\"https:\/\/progettotouring.it\/radiotouring104\/#website\"},\"primaryImageOfPage\":{\"@id\":\"https:\/\/progettotouring.it\/radiotouring104\/2022\/12\/30\/reggio-calabria-approvati-i-punti-del-programma-in-arrivo-21-milioni-di-euro\/#primaryimage\"},\"image\":{\"@id\":\"https:\/\/progettotouring.it\/radiotouring104\/2022\/12\/30\/reggio-calabria-approvati-i-punti-del-programma-in-arrivo-21-milioni-di-euro\/#primaryimage\"},\"thumbnailUrl\":\"https:\/\/progettotouring.it\/radiotouring104\/wp-content\/uploads\/sites\/6\/2022\/12\/versace-5.jpeg\",\"datePublished\":\"2022-12-30T16:49:04+00:00\",\"dateModified\":\"2022-12-30T18:24:34+00:00\",\"description\":\"L'Aula Repaci di Palazzo Alvaro ha approvato tutti i punti previsti dall'ordine del giorno. La soddisfazione del sindaco f.f. Versace\",\"breadcrumb\":{\"@id\":\"https:\/\/progettotouring.it\/radiotouring104\/2022\/12\/30\/reggio-calabria-approvati-i-punti-del-programma-in-arrivo-21-milioni-di-euro\/#breadcrumb\"},\"inLanguage\":\"it-IT\",\"potentialAction\":[{\"@type\":\"ReadAction\",\"target\":[\"https:\/\/progettotouring.it\/radiotouring104\/2022\/12\/30\/reggio-calabria-approvati-i-punti-del-programma-in-arrivo-21-milioni-di-euro\/\"]}]},{\"@type\":\"ImageObject\",\"inLanguage\":\"it-IT\",\"@id\":\"https:\/\/progettotouring.it\/radiotouring104\/2022\/12\/30\/reggio-calabria-approvati-i-punti-del-programma-in-arrivo-21-milioni-di-euro\/#primaryimage\",\"url\":\"https:\/\/progettotouring.it\/radiotouring104\/wp-content\/uploads\/sites\/6\/2022\/12\/versace-5.jpeg\",\"contentUrl\":\"https:\/\/progettotouring.it\/radiotouring104\/wp-content\/uploads\/sites\/6\/2022\/12\/versace-5.jpeg\",\"width\":1600,\"height\":1414},{\"@type\":\"BreadcrumbList\",\"@id\":\"https:\/\/progettotouring.it\/radiotouring104\/2022\/12\/30\/reggio-calabria-approvati-i-punti-del-programma-in-arrivo-21-milioni-di-euro\/#breadcrumb\",\"itemListElement\":[{\"@type\":\"ListItem\",\"position\":1,\"name\":\"Home\",\"item\":\"https:\/\/progettotouring.it\/radiotouring104\/\"},{\"@type\":\"ListItem\",\"position\":2,\"name\":\"Reggio Calabria: approvati i punti del programma. In arrivo 21 milioni di euro\"}]},{\"@type\":\"WebSite\",\"@id\":\"https:\/\/progettotouring.it\/radiotouring104\/#website\",\"url\":\"https:\/\/progettotouring.it\/radiotouring104\/\",\"name\":\"Radio Touring 104\",\"description\":\"La prima radio Reggina\",\"publisher\":{\"@id\":\"https:\/\/progettotouring.it\/radiotouring104\/#organization\"},\"potentialAction\":[{\"@type\":\"SearchAction\",\"target\":{\"@type\":\"EntryPoint\",\"urlTemplate\":\"https:\/\/progettotouring.it\/radiotouring104\/?s={search_term_string}\"},\"query-input\":{\"@type\":\"PropertyValueSpecification\",\"valueRequired\":true,\"valueName\":\"search_term_string\"}}],\"inLanguage\":\"it-IT\"},{\"@type\":\"Organization\",\"@id\":\"https:\/\/progettotouring.it\/radiotouring104\/#organization\",\"name\":\"Radio Touring 104\",\"url\":\"https:\/\/progettotouring.it\/radiotouring104\/\",\"logo\":{\"@type\":\"ImageObject\",\"inLanguage\":\"it-IT\",\"@id\":\"https:\/\/progettotouring.it\/radiotouring104\/#\/schema\/logo\/image\/\",\"url\":\"https:\/\/progettotouring.it\/radiotouring104\/wp-content\/uploads\/sites\/6\/2022\/02\/cropped-logo-radio-touring-104.png\",\"contentUrl\":\"https:\/\/progettotouring.it\/radiotouring104\/wp-content\/uploads\/sites\/6\/2022\/02\/cropped-logo-radio-touring-104.png\",\"width\":377,\"height\":182,\"caption\":\"Radio Touring 104\"},\"image\":{\"@id\":\"https:\/\/progettotouring.it\/radiotouring104\/#\/schema\/logo\/image\/\"}},{\"@type\":\"Person\",\"@id\":\"https:\/\/progettotouring.it\/radiotouring104\/#\/schema\/person\/4a82259ca52ac8702ad1a8f9e5a3120b\",\"name\":\"Filippo Francesco Idone\",\"image\":{\"@type\":\"ImageObject\",\"inLanguage\":\"it-IT\",\"@id\":\"https:\/\/secure.gravatar.com\/avatar\/7268715d2366395c3dd314385670e6484117d44f5c442e61e230f7008b7b62d3?s=96&d=mm&r=g\",\"url\":\"https:\/\/secure.gravatar.com\/avatar\/7268715d2366395c3dd314385670e6484117d44f5c442e61e230f7008b7b62d3?s=96&d=mm&r=g\",\"contentUrl\":\"https:\/\/secure.gravatar.com\/avatar\/7268715d2366395c3dd314385670e6484117d44f5c442e61e230f7008b7b62d3?s=96&d=mm&r=g\",\"caption\":\"Filippo Francesco Idone\"},\"url\":\"https:\/\/progettotouring.it\/radiotouring104\/author\/filippoidone\/\"}]}<\/script>\n<!-- \/ Yoast SEO plugin. -->","yoast_head_json":{"title":"Approvati i punti del programma. In arrivo 21 milioni di euro","description":"L'Aula Repaci di Palazzo Alvaro ha approvato tutti i punti previsti dall'ordine del giorno. La soddisfazione del sindaco f.f. Versace","robots":{"index":"index","follow":"follow","max-snippet":"max-snippet:-1","max-image-preview":"max-image-preview:large","max-video-preview":"max-video-preview:-1"},"canonical":"https:\/\/progettotouring.it\/radiotouring104\/2022\/12\/30\/reggio-calabria-approvati-i-punti-del-programma-in-arrivo-21-milioni-di-euro\/","og_locale":"it_IT","og_type":"article","og_title":"Approvati i punti del programma. In arrivo 21 milioni di euro","og_description":"L'Aula Repaci di Palazzo Alvaro ha approvato tutti i punti previsti dall'ordine del giorno. La soddisfazione del sindaco f.f. Versace","og_url":"https:\/\/progettotouring.it\/radiotouring104\/2022\/12\/30\/reggio-calabria-approvati-i-punti-del-programma-in-arrivo-21-milioni-di-euro\/","og_site_name":"Radio Touring 104","article_published_time":"2022-12-30T16:49:04+00:00","article_modified_time":"2022-12-30T18:24:34+00:00","og_image":[{"width":1600,"height":1414,"url":"https:\/\/progettotouring.it\/radiotouring104\/wp-content\/uploads\/sites\/6\/2022\/12\/versace-5.jpeg","type":"image\/jpeg"}],"author":"Filippo Francesco Idone","twitter_card":"summary_large_image","twitter_misc":{"Scritto da":"Filippo Francesco Idone","Tempo di lettura stimato":"4 minuti"},"schema":{"@context":"https:\/\/schema.org","@graph":[{"@type":"Article","@id":"https:\/\/progettotouring.it\/radiotouring104\/2022\/12\/30\/reggio-calabria-approvati-i-punti-del-programma-in-arrivo-21-milioni-di-euro\/#article","isPartOf":{"@id":"https:\/\/progettotouring.it\/radiotouring104\/2022\/12\/30\/reggio-calabria-approvati-i-punti-del-programma-in-arrivo-21-milioni-di-euro\/"},"author":{"name":"Filippo Francesco Idone","@id":"https:\/\/progettotouring.it\/radiotouring104\/#\/schema\/person\/4a82259ca52ac8702ad1a8f9e5a3120b"},"headline":"Reggio Calabria: approvati i punti del programma. In arrivo 21 milioni di euro","datePublished":"2022-12-30T16:49:04+00:00","dateModified":"2022-12-30T18:24:34+00:00","mainEntityOfPage":{"@id":"https:\/\/progettotouring.it\/radiotouring104\/2022\/12\/30\/reggio-calabria-approvati-i-punti-del-programma-in-arrivo-21-milioni-di-euro\/"},"wordCount":830,"commentCount":0,"publisher":{"@id":"https:\/\/progettotouring.it\/radiotouring104\/#organization"},"image":{"@id":"https:\/\/progettotouring.it\/radiotouring104\/2022\/12\/30\/reggio-calabria-approvati-i-punti-del-programma-in-arrivo-21-milioni-di-euro\/#primaryimage"},"thumbnailUrl":"https:\/\/progettotouring.it\/radiotouring104\/wp-content\/uploads\/sites\/6\/2022\/12\/versace-5.jpeg","keywords":["Bova-Sant\u2019Eufemia d\u2019Aspromonte","Citt\u00e0 metropolitana","Domenico Mantegna","Giuseppe Giordano","Giuseppe Sera","Welfare"],"articleSection":["Home","News","Politica","Reggio Calabria"],"inLanguage":"it-IT","potentialAction":[{"@type":"CommentAction","name":"Comment","target":["https:\/\/progettotouring.it\/radiotouring104\/2022\/12\/30\/reggio-calabria-approvati-i-punti-del-programma-in-arrivo-21-milioni-di-euro\/#respond"]}]},{"@type":"WebPage","@id":"https:\/\/progettotouring.it\/radiotouring104\/2022\/12\/30\/reggio-calabria-approvati-i-punti-del-programma-in-arrivo-21-milioni-di-euro\/","url":"https:\/\/progettotouring.it\/radiotouring104\/2022\/12\/30\/reggio-calabria-approvati-i-punti-del-programma-in-arrivo-21-milioni-di-euro\/","name":"Approvati i punti del programma. In arrivo 21 milioni di euro","isPartOf":{"@id":"https:\/\/progettotouring.it\/radiotouring104\/#website"},"primaryImageOfPage":{"@id":"https:\/\/progettotouring.it\/radiotouring104\/2022\/12\/30\/reggio-calabria-approvati-i-punti-del-programma-in-arrivo-21-milioni-di-euro\/#primaryimage"},"image":{"@id":"https:\/\/progettotouring.it\/radiotouring104\/2022\/12\/30\/reggio-calabria-approvati-i-punti-del-programma-in-arrivo-21-milioni-di-euro\/#primaryimage"},"thumbnailUrl":"https:\/\/progettotouring.it\/radiotouring104\/wp-content\/uploads\/sites\/6\/2022\/12\/versace-5.jpeg","datePublished":"2022-12-30T16:49:04+00:00","dateModified":"2022-12-30T18:24:34+00:00","description":"L'Aula Repaci di Palazzo Alvaro ha approvato tutti i punti previsti dall'ordine del giorno. La soddisfazione del sindaco f.f. Versace","breadcrumb":{"@id":"https:\/\/progettotouring.it\/radiotouring104\/2022\/12\/30\/reggio-calabria-approvati-i-punti-del-programma-in-arrivo-21-milioni-di-euro\/#breadcrumb"},"inLanguage":"it-IT","potentialAction":[{"@type":"ReadAction","target":["https:\/\/progettotouring.it\/radiotouring104\/2022\/12\/30\/reggio-calabria-approvati-i-punti-del-programma-in-arrivo-21-milioni-di-euro\/"]}]},{"@type":"ImageObject","inLanguage":"it-IT","@id":"https:\/\/progettotouring.it\/radiotouring104\/2022\/12\/30\/reggio-calabria-approvati-i-punti-del-programma-in-arrivo-21-milioni-di-euro\/#primaryimage","url":"https:\/\/progettotouring.it\/radiotouring104\/wp-content\/uploads\/sites\/6\/2022\/12\/versace-5.jpeg","contentUrl":"https:\/\/progettotouring.it\/radiotouring104\/wp-content\/uploads\/sites\/6\/2022\/12\/versace-5.jpeg","width":1600,"height":1414},{"@type":"BreadcrumbList","@id":"https:\/\/progettotouring.it\/radiotouring104\/2022\/12\/30\/reggio-calabria-approvati-i-punti-del-programma-in-arrivo-21-milioni-di-euro\/#breadcrumb","itemListElement":[{"@type":"ListItem","position":1,"name":"Home","item":"https:\/\/progettotouring.it\/radiotouring104\/"},{"@type":"ListItem","position":2,"name":"Reggio Calabria: approvati i punti del programma. In arrivo 21 milioni di euro"}]},{"@type":"WebSite","@id":"https:\/\/progettotouring.it\/radiotouring104\/#website","url":"https:\/\/progettotouring.it\/radiotouring104\/","name":"Radio Touring 104","description":"La prima radio Reggina","publisher":{"@id":"https:\/\/progettotouring.it\/radiotouring104\/#organization"},"potentialAction":[{"@type":"SearchAction","target":{"@type":"EntryPoint","urlTemplate":"https:\/\/progettotouring.it\/radiotouring104\/?s={search_term_string}"},"query-input":{"@type":"PropertyValueSpecification","valueRequired":true,"valueName":"search_term_string"}}],"inLanguage":"it-IT"},{"@type":"Organization","@id":"https:\/\/progettotouring.it\/radiotouring104\/#organization","name":"Radio Touring 104","url":"https:\/\/progettotouring.it\/radiotouring104\/","logo":{"@type":"ImageObject","inLanguage":"it-IT","@id":"https:\/\/progettotouring.it\/radiotouring104\/#\/schema\/logo\/image\/","url":"https:\/\/progettotouring.it\/radiotouring104\/wp-content\/uploads\/sites\/6\/2022\/02\/cropped-logo-radio-touring-104.png","contentUrl":"https:\/\/progettotouring.it\/radiotouring104\/wp-content\/uploads\/sites\/6\/2022\/02\/cropped-logo-radio-touring-104.png","width":377,"height":182,"caption":"Radio Touring 104"},"image":{"@id":"https:\/\/progettotouring.it\/radiotouring104\/#\/schema\/logo\/image\/"}},{"@type":"Person","@id":"https:\/\/progettotouring.it\/radiotouring104\/#\/schema\/person\/4a82259ca52ac8702ad1a8f9e5a3120b","name":"Filippo Francesco Idone","image":{"@type":"ImageObject","inLanguage":"it-IT","@id":"https:\/\/secure.gravatar.com\/avatar\/7268715d2366395c3dd314385670e6484117d44f5c442e61e230f7008b7b62d3?s=96&d=mm&r=g","url":"https:\/\/secure.gravatar.com\/avatar\/7268715d2366395c3dd314385670e6484117d44f5c442e61e230f7008b7b62d3?s=96&d=mm&r=g","contentUrl":"https:\/\/secure.gravatar.com\/avatar\/7268715d2366395c3dd314385670e6484117d44f5c442e61e230f7008b7b62d3?s=96&d=mm&r=g","caption":"Filippo Francesco Idone"},"url":"https:\/\/progettotouring.it\/radiotouring104\/author\/filippoidone\/"}]}},"jetpack_publicize_connections":[],"jetpack_featured_media_url":"https:\/\/progettotouring.it\/radiotouring104\/wp-content\/uploads\/sites\/6\/2022\/12\/versace-5.jpeg","jetpack_sharing_enabled":true,"_links":{"self":[{"href":"https:\/\/progettotouring.it\/radiotouring104\/wp-json\/wp\/v2\/posts\/15895","targetHints":{"allow":["GET"]}}],"collection":[{"href":"https:\/\/progettotouring.it\/radiotouring104\/wp-json\/wp\/v2\/posts"}],"about":[{"href":"https:\/\/progettotouring.it\/radiotouring104\/wp-json\/wp\/v2\/types\/post"}],"author":[{"embeddable":true,"href":"https:\/\/progettotouring.it\/radiotouring104\/wp-json\/wp\/v2\/users\/8"}],"replies":[{"embeddable":true,"href":"https:\/\/progettotouring.it\/radiotouring104\/wp-json\/wp\/v2\/comments?post=15895"}],"version-history":[{"count":1,"href":"https:\/\/progettotouring.it\/radiotouring104\/wp-json\/wp\/v2\/posts\/15895\/revisions"}],"predecessor-version":[{"id":15897,"href":"https:\/\/progettotouring.it\/radiotouring104\/wp-json\/wp\/v2\/posts\/15895\/revisions\/15897"}],"wp:featuredmedia":[{"embeddable":true,"href":"https:\/\/progettotouring.it\/radiotouring104\/wp-json\/wp\/v2\/media\/15896"}],"wp:attachment":[{"href":"https:\/\/progettotouring.it\/radiotouring104\/wp-json\/wp\/v2\/media?parent=15895"}],"wp:term":[{"taxonomy":"category","embeddable":true,"href":"https:\/\/progettotouring.it\/radiotouring104\/wp-json\/wp\/v2\/categories?post=15895"},{"taxonomy":"post_tag","embeddable":true,"href":"https:\/\/progettotouring.it\/radiotouring104\/wp-json\/wp\/v2\/tags?post=15895"}],"curies":[{"name":"wp","href":"https:\/\/api.w.org\/{rel}","templated":true}]}}