{"id":15898,"date":"2022-12-30T18:34:56","date_gmt":"2022-12-30T17:34:56","guid":{"rendered":"https:\/\/progettotouring.it\/radiotouring104\/?p=15898"},"modified":"2022-12-30T19:28:42","modified_gmt":"2022-12-30T18:28:42","slug":"reggio-calabria-minasi-si-congratula-col-diies","status":"publish","type":"post","link":"https:\/\/progettotouring.it\/radiotouring104\/2022\/12\/30\/reggio-calabria-minasi-si-congratula-col-diies\/","title":{"rendered":"Reggio Calabria: Minasi si congratula col Diies"},"content":{"rendered":"<p class=\"xmprfx_MsoNormal\" style=\"text-align: justify\"><em>&#8220;Voglio rivolgere al <strong>Dipartimento di Ingegneria dell&#8217;Informazione,<\/strong> delle Infrastrutture e dell&#8217;<strong>Energia Sostenibile dell\u2019Universit\u00e0 Mediterranea<\/strong> le mie pi\u00f9 sincere congratulazioni per il riconoscimento di \u201c<strong>Dipartimento d\u2019eccellenza\u201d attribuito dal Ministero.<\/strong><span class=\"xmprfx_gmail-Apple-converted-space\">\u00a0<\/span>Un traguardo prestigioso raggiunto grazie alla competenza, alla preparazione e alla professionalit\u00e0 dei docenti e ricercatori che da anni operano a Reggio Calabria con dedizione, regalando lustro alla loro Universit\u00e0, ma anche all\u2019intera citt\u00e0.<span class=\"xmprfx_gmail-Apple-converted-space\"> \u00a0<\/span>Dopo le tristi vicende che nei mesi scorsi avevano interessato proprio l\u2019Ateneo, tutto questo non era cos\u00ec scontato, dunque sento anche di voler manifestare loro, in qualit\u00e0 di rappresentante politica reggina, la mia gratitudine, per l\u2019ottimo ritorno in termini di immagine che sono cos\u00ec riusciti a dare a tutta la comunit\u00e0&#8221;.<span class=\"xmprfx_gmail-Apple-converted-space\">\u00a0<\/span>\u00a0\u00a0\u00a0<\/em><\/p>\n<p class=\"xmprfx_MsoNormal\" style=\"text-align: justify\">La Senatrice <strong>Tilde Minasi<\/strong> esprime con queste parole il suo compiacimento per il recente successo conseguito dal Dipartimento Diies dell\u2019Universit\u00e0 reggina, unico tra i Dipartimenti di ingegneria di Calabria e Sicilia ad aver conseguito questo importantissimo risultato, dopo una selezione tra ben 350 candidature basata sugli esiti della Valutazione della Qualit\u00e0 della Ricerca (VQR).<span class=\"xmprfx_gmail-Apple-converted-space\">\u00a0<\/span><\/p>\n<p class=\"xmprfx_MsoNormal\" style=\"text-align: justify\"><em>&#8220;E\u2019 la conferma del fatto<\/em> \u2013 continua la Senatrice \u2013 <em>che anche in <strong>Calabria<\/strong> possiamo vantare vere eccellenze nel campo scientifico e della ricerca e di come sia possibile, anche qui da noi, garantire agli studenti un\u2019offerta formativa di altissima qualit\u00e0. <\/em><em>Lo sapevamo gi\u00e0, ma ora, con il riconoscimento formale anche da parte del Ministero, questa eccellenza viene certificata nero su bianco e porter\u00e0 anche nuovi finanziamenti. Con la conseguenza<\/em> \u2013 e l\u2019auspicio \u2013<em> che sar\u00e0 possibile crescere ulteriormente e attrarre e trattenere sul territorio, per la loro formazione, sempre pi\u00f9 ragazzi, evitando la triste emorragia di cervelli a cui siamo purtroppo abituati e rendendo sempre pi\u00f9 la Mediterranea punto di riferimento anche per studenti di fuori <strong>Regione<\/strong>.<span class=\"xmprfx_gmail-Apple-converted-space\">\u00a0<\/span><\/em><em>Voglio quindi congratularmi \u2013<\/em> conclude Minasi \u2013 <em>con il Rettore<strong> Giuseppe Zimbalatti<\/strong> e soprattutto con il Presidente del Dipartimento, <strong>Tommaso Isernia,<\/strong> e i docenti e ricercatori che hanno reso grande il <strong>Diies<\/strong>.<span class=\"xmprfx_gmail-Apple-converted-space\">\u00a0<\/span>E\u2019 la dimostrazione che la qualit\u00e0, l\u2019impegno e il merito ripagano.<span class=\"xmprfx_gmail-Apple-converted-space\"> \u00a0<\/span>Dunque ancora bravi e buon lavoro!&#8221;<\/em><\/p>\n","protected":false},"excerpt":{"rendered":"<p>&#8220;Voglio rivolgere al Dipartimento di Ingegneria dell&#8217;Informazione, delle Infrastrutture e dell&#8217;Energia Sostenibile dell\u2019Universit\u00e0 Mediterranea le mie pi\u00f9 sincere congratulazioni per il riconoscimento di \u201cDipartimento d\u2019eccellenza\u201d attribuito dal Ministero.\u00a0Un traguardo prestigioso&hellip;<\/p>\n","protected":false},"author":8,"featured_media":10212,"comment_status":"open","ping_status":"open","sticky":false,"template":"","format":"standard","meta":{"_jetpack_memberships_contains_paid_content":false,"footnotes":"","jetpack_publicize_message":"","jetpack_publicize_feature_enabled":true,"jetpack_social_post_already_shared":false,"jetpack_social_options":{"image_generator_settings":{"template":"highway","default_image_id":0,"font":"","enabled":false},"version":2}},"categories":[921,196,140],"tags":[7921,7922,1412],"class_list":["post-15898","post","type-post","status-publish","format-standard","has-post-thumbnail","hentry","category-home","category-news","category-reggio-calabria","tag-dipartimento-di-ingegneria-dellinformazione","tag-energia-sostenibile-delluniversita-mediterranea","tag-tilde-minasi"],"yoast_head":"<!-- This site is optimized with the Yoast SEO plugin v27.2 - https:\/\/yoast.com\/product\/yoast-seo-wordpress\/ -->\n<title>Reggio Calabria: Minasi si congratula col Diies<\/title>\n<meta name=\"description\" content=\"Prestigioso riconoscimento all&#039;Universit\u00e0 Mediterranea di Reggio Calabria. La senatrice Minasi si congratula con il Dipartimento Diies\" \/>\n<meta name=\"robots\" content=\"index, follow, max-snippet:-1, max-image-preview:large, max-video-preview:-1\" \/>\n<link rel=\"canonical\" href=\"https:\/\/progettotouring.it\/radiotouring104\/2022\/12\/30\/reggio-calabria-minasi-si-congratula-col-diies\/\" \/>\n<meta property=\"og:locale\" content=\"it_IT\" \/>\n<meta property=\"og:type\" content=\"article\" \/>\n<meta property=\"og:title\" content=\"Reggio Calabria: Minasi si congratula col Diies\" \/>\n<meta property=\"og:description\" content=\"Prestigioso riconoscimento all&#039;Universit\u00e0 Mediterranea di Reggio Calabria. La senatrice Minasi si congratula con il Dipartimento Diies\" \/>\n<meta property=\"og:url\" content=\"https:\/\/progettotouring.it\/radiotouring104\/2022\/12\/30\/reggio-calabria-minasi-si-congratula-col-diies\/\" \/>\n<meta property=\"og:site_name\" content=\"Radio Touring 104\" \/>\n<meta property=\"article:published_time\" content=\"2022-12-30T17:34:56+00:00\" \/>\n<meta property=\"article:modified_time\" content=\"2022-12-30T18:28:42+00:00\" \/>\n<meta property=\"og:image\" content=\"https:\/\/progettotouring.it\/radiotouring104\/wp-content\/uploads\/sites\/6\/2022\/10\/tilde-minasi.jpg\" \/>\n\t<meta property=\"og:image:width\" content=\"932\" \/>\n\t<meta property=\"og:image:height\" content=\"716\" \/>\n\t<meta property=\"og:image:type\" content=\"image\/jpeg\" \/>\n<meta name=\"author\" content=\"Filippo Francesco Idone\" \/>\n<meta name=\"twitter:card\" content=\"summary_large_image\" \/>\n<meta name=\"twitter:label1\" content=\"Scritto da\" \/>\n\t<meta name=\"twitter:data1\" content=\"Filippo Francesco Idone\" \/>\n\t<meta name=\"twitter:label2\" content=\"Tempo di lettura stimato\" \/>\n\t<meta name=\"twitter:data2\" content=\"2 minuti\" \/>\n<script type=\"application\/ld+json\" class=\"yoast-schema-graph\">{\"@context\":\"https:\/\/schema.org\",\"@graph\":[{\"@type\":\"Article\",\"@id\":\"https:\/\/progettotouring.it\/radiotouring104\/2022\/12\/30\/reggio-calabria-minasi-si-congratula-col-diies\/#article\",\"isPartOf\":{\"@id\":\"https:\/\/progettotouring.it\/radiotouring104\/2022\/12\/30\/reggio-calabria-minasi-si-congratula-col-diies\/\"},\"author\":{\"name\":\"Filippo Francesco Idone\",\"@id\":\"https:\/\/progettotouring.it\/radiotouring104\/#\/schema\/person\/4a82259ca52ac8702ad1a8f9e5a3120b\"},\"headline\":\"Reggio Calabria: Minasi si congratula col Diies\",\"datePublished\":\"2022-12-30T17:34:56+00:00\",\"dateModified\":\"2022-12-30T18:28:42+00:00\",\"mainEntityOfPage\":{\"@id\":\"https:\/\/progettotouring.it\/radiotouring104\/2022\/12\/30\/reggio-calabria-minasi-si-congratula-col-diies\/\"},\"wordCount\":343,\"commentCount\":0,\"publisher\":{\"@id\":\"https:\/\/progettotouring.it\/radiotouring104\/#organization\"},\"image\":{\"@id\":\"https:\/\/progettotouring.it\/radiotouring104\/2022\/12\/30\/reggio-calabria-minasi-si-congratula-col-diies\/#primaryimage\"},\"thumbnailUrl\":\"https:\/\/progettotouring.it\/radiotouring104\/wp-content\/uploads\/sites\/6\/2022\/10\/tilde-minasi.jpg\",\"keywords\":[\"Dipartimento di Ingegneria dell'Informazione\",\"Energia Sostenibile dell\u2019Universit\u00e0 Mediterranea\",\"Tilde Minasi\"],\"articleSection\":[\"Home\",\"News\",\"Reggio Calabria\"],\"inLanguage\":\"it-IT\",\"potentialAction\":[{\"@type\":\"CommentAction\",\"name\":\"Comment\",\"target\":[\"https:\/\/progettotouring.it\/radiotouring104\/2022\/12\/30\/reggio-calabria-minasi-si-congratula-col-diies\/#respond\"]}]},{\"@type\":\"WebPage\",\"@id\":\"https:\/\/progettotouring.it\/radiotouring104\/2022\/12\/30\/reggio-calabria-minasi-si-congratula-col-diies\/\",\"url\":\"https:\/\/progettotouring.it\/radiotouring104\/2022\/12\/30\/reggio-calabria-minasi-si-congratula-col-diies\/\",\"name\":\"Reggio Calabria: Minasi si congratula col Diies\",\"isPartOf\":{\"@id\":\"https:\/\/progettotouring.it\/radiotouring104\/#website\"},\"primaryImageOfPage\":{\"@id\":\"https:\/\/progettotouring.it\/radiotouring104\/2022\/12\/30\/reggio-calabria-minasi-si-congratula-col-diies\/#primaryimage\"},\"image\":{\"@id\":\"https:\/\/progettotouring.it\/radiotouring104\/2022\/12\/30\/reggio-calabria-minasi-si-congratula-col-diies\/#primaryimage\"},\"thumbnailUrl\":\"https:\/\/progettotouring.it\/radiotouring104\/wp-content\/uploads\/sites\/6\/2022\/10\/tilde-minasi.jpg\",\"datePublished\":\"2022-12-30T17:34:56+00:00\",\"dateModified\":\"2022-12-30T18:28:42+00:00\",\"description\":\"Prestigioso riconoscimento all'Universit\u00e0 Mediterranea di Reggio Calabria. La senatrice Minasi si congratula con il Dipartimento Diies\",\"breadcrumb\":{\"@id\":\"https:\/\/progettotouring.it\/radiotouring104\/2022\/12\/30\/reggio-calabria-minasi-si-congratula-col-diies\/#breadcrumb\"},\"inLanguage\":\"it-IT\",\"potentialAction\":[{\"@type\":\"ReadAction\",\"target\":[\"https:\/\/progettotouring.it\/radiotouring104\/2022\/12\/30\/reggio-calabria-minasi-si-congratula-col-diies\/\"]}]},{\"@type\":\"ImageObject\",\"inLanguage\":\"it-IT\",\"@id\":\"https:\/\/progettotouring.it\/radiotouring104\/2022\/12\/30\/reggio-calabria-minasi-si-congratula-col-diies\/#primaryimage\",\"url\":\"https:\/\/progettotouring.it\/radiotouring104\/wp-content\/uploads\/sites\/6\/2022\/10\/tilde-minasi.jpg\",\"contentUrl\":\"https:\/\/progettotouring.it\/radiotouring104\/wp-content\/uploads\/sites\/6\/2022\/10\/tilde-minasi.jpg\",\"width\":932,\"height\":716},{\"@type\":\"BreadcrumbList\",\"@id\":\"https:\/\/progettotouring.it\/radiotouring104\/2022\/12\/30\/reggio-calabria-minasi-si-congratula-col-diies\/#breadcrumb\",\"itemListElement\":[{\"@type\":\"ListItem\",\"position\":1,\"name\":\"Home\",\"item\":\"https:\/\/progettotouring.it\/radiotouring104\/\"},{\"@type\":\"ListItem\",\"position\":2,\"name\":\"Reggio Calabria: Minasi si congratula col Diies\"}]},{\"@type\":\"WebSite\",\"@id\":\"https:\/\/progettotouring.it\/radiotouring104\/#website\",\"url\":\"https:\/\/progettotouring.it\/radiotouring104\/\",\"name\":\"Radio Touring 104\",\"description\":\"La prima radio Reggina\",\"publisher\":{\"@id\":\"https:\/\/progettotouring.it\/radiotouring104\/#organization\"},\"potentialAction\":[{\"@type\":\"SearchAction\",\"target\":{\"@type\":\"EntryPoint\",\"urlTemplate\":\"https:\/\/progettotouring.it\/radiotouring104\/?s={search_term_string}\"},\"query-input\":{\"@type\":\"PropertyValueSpecification\",\"valueRequired\":true,\"valueName\":\"search_term_string\"}}],\"inLanguage\":\"it-IT\"},{\"@type\":\"Organization\",\"@id\":\"https:\/\/progettotouring.it\/radiotouring104\/#organization\",\"name\":\"Radio Touring 104\",\"url\":\"https:\/\/progettotouring.it\/radiotouring104\/\",\"logo\":{\"@type\":\"ImageObject\",\"inLanguage\":\"it-IT\",\"@id\":\"https:\/\/progettotouring.it\/radiotouring104\/#\/schema\/logo\/image\/\",\"url\":\"https:\/\/progettotouring.it\/radiotouring104\/wp-content\/uploads\/sites\/6\/2022\/02\/cropped-logo-radio-touring-104.png\",\"contentUrl\":\"https:\/\/progettotouring.it\/radiotouring104\/wp-content\/uploads\/sites\/6\/2022\/02\/cropped-logo-radio-touring-104.png\",\"width\":377,\"height\":182,\"caption\":\"Radio Touring 104\"},\"image\":{\"@id\":\"https:\/\/progettotouring.it\/radiotouring104\/#\/schema\/logo\/image\/\"}},{\"@type\":\"Person\",\"@id\":\"https:\/\/progettotouring.it\/radiotouring104\/#\/schema\/person\/4a82259ca52ac8702ad1a8f9e5a3120b\",\"name\":\"Filippo Francesco Idone\",\"image\":{\"@type\":\"ImageObject\",\"inLanguage\":\"it-IT\",\"@id\":\"https:\/\/secure.gravatar.com\/avatar\/7268715d2366395c3dd314385670e6484117d44f5c442e61e230f7008b7b62d3?s=96&d=mm&r=g\",\"url\":\"https:\/\/secure.gravatar.com\/avatar\/7268715d2366395c3dd314385670e6484117d44f5c442e61e230f7008b7b62d3?s=96&d=mm&r=g\",\"contentUrl\":\"https:\/\/secure.gravatar.com\/avatar\/7268715d2366395c3dd314385670e6484117d44f5c442e61e230f7008b7b62d3?s=96&d=mm&r=g\",\"caption\":\"Filippo Francesco Idone\"},\"url\":\"https:\/\/progettotouring.it\/radiotouring104\/author\/filippoidone\/\"}]}<\/script>\n<!-- \/ Yoast SEO plugin. -->","yoast_head_json":{"title":"Reggio Calabria: Minasi si congratula col Diies","description":"Prestigioso riconoscimento all'Universit\u00e0 Mediterranea di Reggio Calabria. La senatrice Minasi si congratula con il Dipartimento Diies","robots":{"index":"index","follow":"follow","max-snippet":"max-snippet:-1","max-image-preview":"max-image-preview:large","max-video-preview":"max-video-preview:-1"},"canonical":"https:\/\/progettotouring.it\/radiotouring104\/2022\/12\/30\/reggio-calabria-minasi-si-congratula-col-diies\/","og_locale":"it_IT","og_type":"article","og_title":"Reggio Calabria: Minasi si congratula col Diies","og_description":"Prestigioso riconoscimento all'Universit\u00e0 Mediterranea di Reggio Calabria. La senatrice Minasi si congratula con il Dipartimento Diies","og_url":"https:\/\/progettotouring.it\/radiotouring104\/2022\/12\/30\/reggio-calabria-minasi-si-congratula-col-diies\/","og_site_name":"Radio Touring 104","article_published_time":"2022-12-30T17:34:56+00:00","article_modified_time":"2022-12-30T18:28:42+00:00","og_image":[{"width":932,"height":716,"url":"https:\/\/progettotouring.it\/radiotouring104\/wp-content\/uploads\/sites\/6\/2022\/10\/tilde-minasi.jpg","type":"image\/jpeg"}],"author":"Filippo Francesco Idone","twitter_card":"summary_large_image","twitter_misc":{"Scritto da":"Filippo Francesco Idone","Tempo di lettura stimato":"2 minuti"},"schema":{"@context":"https:\/\/schema.org","@graph":[{"@type":"Article","@id":"https:\/\/progettotouring.it\/radiotouring104\/2022\/12\/30\/reggio-calabria-minasi-si-congratula-col-diies\/#article","isPartOf":{"@id":"https:\/\/progettotouring.it\/radiotouring104\/2022\/12\/30\/reggio-calabria-minasi-si-congratula-col-diies\/"},"author":{"name":"Filippo Francesco Idone","@id":"https:\/\/progettotouring.it\/radiotouring104\/#\/schema\/person\/4a82259ca52ac8702ad1a8f9e5a3120b"},"headline":"Reggio Calabria: Minasi si congratula col Diies","datePublished":"2022-12-30T17:34:56+00:00","dateModified":"2022-12-30T18:28:42+00:00","mainEntityOfPage":{"@id":"https:\/\/progettotouring.it\/radiotouring104\/2022\/12\/30\/reggio-calabria-minasi-si-congratula-col-diies\/"},"wordCount":343,"commentCount":0,"publisher":{"@id":"https:\/\/progettotouring.it\/radiotouring104\/#organization"},"image":{"@id":"https:\/\/progettotouring.it\/radiotouring104\/2022\/12\/30\/reggio-calabria-minasi-si-congratula-col-diies\/#primaryimage"},"thumbnailUrl":"https:\/\/progettotouring.it\/radiotouring104\/wp-content\/uploads\/sites\/6\/2022\/10\/tilde-minasi.jpg","keywords":["Dipartimento di Ingegneria dell'Informazione","Energia Sostenibile dell\u2019Universit\u00e0 Mediterranea","Tilde Minasi"],"articleSection":["Home","News","Reggio Calabria"],"inLanguage":"it-IT","potentialAction":[{"@type":"CommentAction","name":"Comment","target":["https:\/\/progettotouring.it\/radiotouring104\/2022\/12\/30\/reggio-calabria-minasi-si-congratula-col-diies\/#respond"]}]},{"@type":"WebPage","@id":"https:\/\/progettotouring.it\/radiotouring104\/2022\/12\/30\/reggio-calabria-minasi-si-congratula-col-diies\/","url":"https:\/\/progettotouring.it\/radiotouring104\/2022\/12\/30\/reggio-calabria-minasi-si-congratula-col-diies\/","name":"Reggio Calabria: Minasi si congratula col Diies","isPartOf":{"@id":"https:\/\/progettotouring.it\/radiotouring104\/#website"},"primaryImageOfPage":{"@id":"https:\/\/progettotouring.it\/radiotouring104\/2022\/12\/30\/reggio-calabria-minasi-si-congratula-col-diies\/#primaryimage"},"image":{"@id":"https:\/\/progettotouring.it\/radiotouring104\/2022\/12\/30\/reggio-calabria-minasi-si-congratula-col-diies\/#primaryimage"},"thumbnailUrl":"https:\/\/progettotouring.it\/radiotouring104\/wp-content\/uploads\/sites\/6\/2022\/10\/tilde-minasi.jpg","datePublished":"2022-12-30T17:34:56+00:00","dateModified":"2022-12-30T18:28:42+00:00","description":"Prestigioso riconoscimento all'Universit\u00e0 Mediterranea di Reggio Calabria. La senatrice Minasi si congratula con il Dipartimento Diies","breadcrumb":{"@id":"https:\/\/progettotouring.it\/radiotouring104\/2022\/12\/30\/reggio-calabria-minasi-si-congratula-col-diies\/#breadcrumb"},"inLanguage":"it-IT","potentialAction":[{"@type":"ReadAction","target":["https:\/\/progettotouring.it\/radiotouring104\/2022\/12\/30\/reggio-calabria-minasi-si-congratula-col-diies\/"]}]},{"@type":"ImageObject","inLanguage":"it-IT","@id":"https:\/\/progettotouring.it\/radiotouring104\/2022\/12\/30\/reggio-calabria-minasi-si-congratula-col-diies\/#primaryimage","url":"https:\/\/progettotouring.it\/radiotouring104\/wp-content\/uploads\/sites\/6\/2022\/10\/tilde-minasi.jpg","contentUrl":"https:\/\/progettotouring.it\/radiotouring104\/wp-content\/uploads\/sites\/6\/2022\/10\/tilde-minasi.jpg","width":932,"height":716},{"@type":"BreadcrumbList","@id":"https:\/\/progettotouring.it\/radiotouring104\/2022\/12\/30\/reggio-calabria-minasi-si-congratula-col-diies\/#breadcrumb","itemListElement":[{"@type":"ListItem","position":1,"name":"Home","item":"https:\/\/progettotouring.it\/radiotouring104\/"},{"@type":"ListItem","position":2,"name":"Reggio Calabria: Minasi si congratula col Diies"}]},{"@type":"WebSite","@id":"https:\/\/progettotouring.it\/radiotouring104\/#website","url":"https:\/\/progettotouring.it\/radiotouring104\/","name":"Radio Touring 104","description":"La prima radio Reggina","publisher":{"@id":"https:\/\/progettotouring.it\/radiotouring104\/#organization"},"potentialAction":[{"@type":"SearchAction","target":{"@type":"EntryPoint","urlTemplate":"https:\/\/progettotouring.it\/radiotouring104\/?s={search_term_string}"},"query-input":{"@type":"PropertyValueSpecification","valueRequired":true,"valueName":"search_term_string"}}],"inLanguage":"it-IT"},{"@type":"Organization","@id":"https:\/\/progettotouring.it\/radiotouring104\/#organization","name":"Radio Touring 104","url":"https:\/\/progettotouring.it\/radiotouring104\/","logo":{"@type":"ImageObject","inLanguage":"it-IT","@id":"https:\/\/progettotouring.it\/radiotouring104\/#\/schema\/logo\/image\/","url":"https:\/\/progettotouring.it\/radiotouring104\/wp-content\/uploads\/sites\/6\/2022\/02\/cropped-logo-radio-touring-104.png","contentUrl":"https:\/\/progettotouring.it\/radiotouring104\/wp-content\/uploads\/sites\/6\/2022\/02\/cropped-logo-radio-touring-104.png","width":377,"height":182,"caption":"Radio Touring 104"},"image":{"@id":"https:\/\/progettotouring.it\/radiotouring104\/#\/schema\/logo\/image\/"}},{"@type":"Person","@id":"https:\/\/progettotouring.it\/radiotouring104\/#\/schema\/person\/4a82259ca52ac8702ad1a8f9e5a3120b","name":"Filippo Francesco Idone","image":{"@type":"ImageObject","inLanguage":"it-IT","@id":"https:\/\/secure.gravatar.com\/avatar\/7268715d2366395c3dd314385670e6484117d44f5c442e61e230f7008b7b62d3?s=96&d=mm&r=g","url":"https:\/\/secure.gravatar.com\/avatar\/7268715d2366395c3dd314385670e6484117d44f5c442e61e230f7008b7b62d3?s=96&d=mm&r=g","contentUrl":"https:\/\/secure.gravatar.com\/avatar\/7268715d2366395c3dd314385670e6484117d44f5c442e61e230f7008b7b62d3?s=96&d=mm&r=g","caption":"Filippo Francesco Idone"},"url":"https:\/\/progettotouring.it\/radiotouring104\/author\/filippoidone\/"}]}},"jetpack_publicize_connections":[],"jetpack_featured_media_url":"https:\/\/progettotouring.it\/radiotouring104\/wp-content\/uploads\/sites\/6\/2022\/10\/tilde-minasi.jpg","jetpack_sharing_enabled":true,"_links":{"self":[{"href":"https:\/\/progettotouring.it\/radiotouring104\/wp-json\/wp\/v2\/posts\/15898","targetHints":{"allow":["GET"]}}],"collection":[{"href":"https:\/\/progettotouring.it\/radiotouring104\/wp-json\/wp\/v2\/posts"}],"about":[{"href":"https:\/\/progettotouring.it\/radiotouring104\/wp-json\/wp\/v2\/types\/post"}],"author":[{"embeddable":true,"href":"https:\/\/progettotouring.it\/radiotouring104\/wp-json\/wp\/v2\/users\/8"}],"replies":[{"embeddable":true,"href":"https:\/\/progettotouring.it\/radiotouring104\/wp-json\/wp\/v2\/comments?post=15898"}],"version-history":[{"count":1,"href":"https:\/\/progettotouring.it\/radiotouring104\/wp-json\/wp\/v2\/posts\/15898\/revisions"}],"predecessor-version":[{"id":15899,"href":"https:\/\/progettotouring.it\/radiotouring104\/wp-json\/wp\/v2\/posts\/15898\/revisions\/15899"}],"wp:featuredmedia":[{"embeddable":true,"href":"https:\/\/progettotouring.it\/radiotouring104\/wp-json\/wp\/v2\/media\/10212"}],"wp:attachment":[{"href":"https:\/\/progettotouring.it\/radiotouring104\/wp-json\/wp\/v2\/media?parent=15898"}],"wp:term":[{"taxonomy":"category","embeddable":true,"href":"https:\/\/progettotouring.it\/radiotouring104\/wp-json\/wp\/v2\/categories?post=15898"},{"taxonomy":"post_tag","embeddable":true,"href":"https:\/\/progettotouring.it\/radiotouring104\/wp-json\/wp\/v2\/tags?post=15898"}],"curies":[{"name":"wp","href":"https:\/\/api.w.org\/{rel}","templated":true}]}}