{"id":15900,"date":"2022-12-30T18:48:55","date_gmt":"2022-12-30T17:48:55","guid":{"rendered":"https:\/\/progettotouring.it\/radiotouring104\/?p=15900"},"modified":"2022-12-30T19:34:08","modified_gmt":"2022-12-30T18:34:08","slug":"trofeo-coni-cala-il-sipario-sulledizione-2022","status":"publish","type":"post","link":"https:\/\/progettotouring.it\/radiotouring104\/2022\/12\/30\/trofeo-coni-cala-il-sipario-sulledizione-2022\/","title":{"rendered":"Trofeo CONI: cala il sipario sull&#8217;edizione 2022"},"content":{"rendered":"<p style=\"text-align: justify\">Un momento indimenticabile, il <strong>CONI<\/strong> <strong>Calabria<\/strong> cala il sipario sul 2022 con una vera e propria celebrazione dello sport calabrese. La <strong>Cerimonia delle Benemerenze Sportive<\/strong> rappresenta, da sempre, uno dei momenti pi\u00f9 alti della stagione sportiva e, quella andata in scena ieri sera al &#8220;<strong>Cilea<\/strong>&#8221; di <strong>Reggio<\/strong> <strong>Calabria<\/strong> \u00e8 stata ancor pi\u00f9 significativa perch\u00e9 insieme c&#8217;erano la storia, le benemerenze, e il futuro, la rappresentativa del <strong>Trofeo CONI 2022,<\/strong> dello sport calabrese.<\/p>\n<p style=\"text-align: justify\">Il presidente <strong>Maurizio Condipodero<\/strong>, visibilmente emozionato, ha detto<em>: &#8220;Non nego che per tutto il tempo che ho passato sul palco del <strong>Cilea<\/strong> ho avuto gli occhi lucidi e il cuore che batteva fortissimo perch\u00e9\u00a0l&#8217;abbiamo voluta fortemente, ci abbiamo creduto tanto e abbiamo provato a dare il massimo perch\u00e9, per il mondo sportivo calabrese, questa serata significava tantissimo.&#8221;<\/em><\/p>\n<p style=\"text-align: justify\">La serata, condotta da Alessandra Giulivo, ha regalato anche alcune bellissime esibizioni della<strong> Royal Dance Calabria<\/strong>, della <strong>Virtus Reggio e della Reggio Ritmica<\/strong> accompagnate dalla meravigliosa voce di Cecilia Puccinelli che ha incantato una platea stracolma, allietata anche dalla comicit\u00e0 di Pasquale Capr\u00ec. Quella di ieri sera \u00e8 stata, da un lato, la degna chiusura di un anno in cui il CONI \u00e8 tornato protagonista sul territorio regionale con tantissimi progetti e altrettante iniziative, e dall&#8217;altro, uno stimolo a fare sempre di pi\u00f9 e sempre meglio.<\/p>\n","protected":false},"excerpt":{"rendered":"<p>Un momento indimenticabile, il CONI Calabria cala il sipario sul 2022 con una vera e propria celebrazione dello sport calabrese. La Cerimonia delle Benemerenze Sportive rappresenta, da sempre, uno dei&hellip;<\/p>\n","protected":false},"author":8,"featured_media":15902,"comment_status":"open","ping_status":"open","sticky":false,"template":"","format":"standard","meta":{"_jetpack_memberships_contains_paid_content":false,"footnotes":"","jetpack_publicize_message":"","jetpack_publicize_feature_enabled":true,"jetpack_social_post_already_shared":false,"jetpack_social_options":{"image_generator_settings":{"template":"highway","default_image_id":0,"font":"","enabled":false},"version":2}},"categories":[142,196,140,144],"tags":[7924,7923,7926,7925],"class_list":["post-15900","post","type-post","status-publish","format-standard","has-post-thumbnail","hentry","category-calabria","category-news","category-reggio-calabria","category-sport","tag-reggio-ritmica","tag-royal-dance-calabria","tag-trofeo-coni-2022","tag-virtus-reggio"],"yoast_head":"<!-- This site is optimized with the Yoast SEO plugin v27.2 - https:\/\/yoast.com\/product\/yoast-seo-wordpress\/ -->\n<title>Trofeo CONI: cala il sipario sull&#039;edizione 2022<\/title>\n<meta name=\"description\" content=\"Al Teatro Cilea \u00e8 andato in scena il Trofeo Coni 2022. Grande commozione per il presidente Maurizio Condipodero\" \/>\n<meta name=\"robots\" content=\"index, follow, max-snippet:-1, max-image-preview:large, max-video-preview:-1\" \/>\n<link rel=\"canonical\" href=\"https:\/\/progettotouring.it\/radiotouring104\/2022\/12\/30\/trofeo-coni-cala-il-sipario-sulledizione-2022\/\" \/>\n<meta property=\"og:locale\" content=\"it_IT\" \/>\n<meta property=\"og:type\" content=\"article\" \/>\n<meta property=\"og:title\" content=\"Trofeo CONI: cala il sipario sull&#039;edizione 2022\" \/>\n<meta property=\"og:description\" content=\"Al Teatro Cilea \u00e8 andato in scena il Trofeo Coni 2022. Grande commozione per il presidente Maurizio Condipodero\" \/>\n<meta property=\"og:url\" content=\"https:\/\/progettotouring.it\/radiotouring104\/2022\/12\/30\/trofeo-coni-cala-il-sipario-sulledizione-2022\/\" \/>\n<meta property=\"og:site_name\" content=\"Radio Touring 104\" \/>\n<meta property=\"article:published_time\" content=\"2022-12-30T17:48:55+00:00\" \/>\n<meta property=\"article:modified_time\" content=\"2022-12-30T18:34:08+00:00\" \/>\n<meta property=\"og:image\" content=\"https:\/\/progettotouring.it\/radiotouring104\/wp-content\/uploads\/sites\/6\/2022\/12\/coni-calabria.png\" \/>\n\t<meta property=\"og:image:width\" content=\"1020\" \/>\n\t<meta property=\"og:image:height\" content=\"707\" \/>\n\t<meta property=\"og:image:type\" content=\"image\/png\" \/>\n<meta name=\"author\" content=\"Filippo Francesco Idone\" \/>\n<meta name=\"twitter:card\" content=\"summary_large_image\" \/>\n<meta name=\"twitter:label1\" content=\"Scritto da\" \/>\n\t<meta name=\"twitter:data1\" content=\"Filippo Francesco Idone\" \/>\n\t<meta name=\"twitter:label2\" content=\"Tempo di lettura stimato\" \/>\n\t<meta name=\"twitter:data2\" content=\"1 minuto\" \/>\n<script type=\"application\/ld+json\" class=\"yoast-schema-graph\">{\"@context\":\"https:\/\/schema.org\",\"@graph\":[{\"@type\":\"Article\",\"@id\":\"https:\/\/progettotouring.it\/radiotouring104\/2022\/12\/30\/trofeo-coni-cala-il-sipario-sulledizione-2022\/#article\",\"isPartOf\":{\"@id\":\"https:\/\/progettotouring.it\/radiotouring104\/2022\/12\/30\/trofeo-coni-cala-il-sipario-sulledizione-2022\/\"},\"author\":{\"name\":\"Filippo Francesco Idone\",\"@id\":\"https:\/\/progettotouring.it\/radiotouring104\/#\/schema\/person\/4a82259ca52ac8702ad1a8f9e5a3120b\"},\"headline\":\"Trofeo CONI: cala il sipario sull&#8217;edizione 2022\",\"datePublished\":\"2022-12-30T17:48:55+00:00\",\"dateModified\":\"2022-12-30T18:34:08+00:00\",\"mainEntityOfPage\":{\"@id\":\"https:\/\/progettotouring.it\/radiotouring104\/2022\/12\/30\/trofeo-coni-cala-il-sipario-sulledizione-2022\/\"},\"wordCount\":217,\"commentCount\":0,\"publisher\":{\"@id\":\"https:\/\/progettotouring.it\/radiotouring104\/#organization\"},\"image\":{\"@id\":\"https:\/\/progettotouring.it\/radiotouring104\/2022\/12\/30\/trofeo-coni-cala-il-sipario-sulledizione-2022\/#primaryimage\"},\"thumbnailUrl\":\"https:\/\/progettotouring.it\/radiotouring104\/wp-content\/uploads\/sites\/6\/2022\/12\/coni-calabria.png\",\"keywords\":[\"Reggio Ritmica\",\"Royal Dance Calabria\",\"Trofeo CONI 2022\",\"Virtus Reggio\"],\"articleSection\":[\"Calabria\",\"News\",\"Reggio Calabria\",\"Sport\"],\"inLanguage\":\"it-IT\",\"potentialAction\":[{\"@type\":\"CommentAction\",\"name\":\"Comment\",\"target\":[\"https:\/\/progettotouring.it\/radiotouring104\/2022\/12\/30\/trofeo-coni-cala-il-sipario-sulledizione-2022\/#respond\"]}]},{\"@type\":\"WebPage\",\"@id\":\"https:\/\/progettotouring.it\/radiotouring104\/2022\/12\/30\/trofeo-coni-cala-il-sipario-sulledizione-2022\/\",\"url\":\"https:\/\/progettotouring.it\/radiotouring104\/2022\/12\/30\/trofeo-coni-cala-il-sipario-sulledizione-2022\/\",\"name\":\"Trofeo CONI: cala il sipario sull'edizione 2022\",\"isPartOf\":{\"@id\":\"https:\/\/progettotouring.it\/radiotouring104\/#website\"},\"primaryImageOfPage\":{\"@id\":\"https:\/\/progettotouring.it\/radiotouring104\/2022\/12\/30\/trofeo-coni-cala-il-sipario-sulledizione-2022\/#primaryimage\"},\"image\":{\"@id\":\"https:\/\/progettotouring.it\/radiotouring104\/2022\/12\/30\/trofeo-coni-cala-il-sipario-sulledizione-2022\/#primaryimage\"},\"thumbnailUrl\":\"https:\/\/progettotouring.it\/radiotouring104\/wp-content\/uploads\/sites\/6\/2022\/12\/coni-calabria.png\",\"datePublished\":\"2022-12-30T17:48:55+00:00\",\"dateModified\":\"2022-12-30T18:34:08+00:00\",\"description\":\"Al Teatro Cilea \u00e8 andato in scena il Trofeo Coni 2022. Grande commozione per il presidente Maurizio Condipodero\",\"breadcrumb\":{\"@id\":\"https:\/\/progettotouring.it\/radiotouring104\/2022\/12\/30\/trofeo-coni-cala-il-sipario-sulledizione-2022\/#breadcrumb\"},\"inLanguage\":\"it-IT\",\"potentialAction\":[{\"@type\":\"ReadAction\",\"target\":[\"https:\/\/progettotouring.it\/radiotouring104\/2022\/12\/30\/trofeo-coni-cala-il-sipario-sulledizione-2022\/\"]}]},{\"@type\":\"ImageObject\",\"inLanguage\":\"it-IT\",\"@id\":\"https:\/\/progettotouring.it\/radiotouring104\/2022\/12\/30\/trofeo-coni-cala-il-sipario-sulledizione-2022\/#primaryimage\",\"url\":\"https:\/\/progettotouring.it\/radiotouring104\/wp-content\/uploads\/sites\/6\/2022\/12\/coni-calabria.png\",\"contentUrl\":\"https:\/\/progettotouring.it\/radiotouring104\/wp-content\/uploads\/sites\/6\/2022\/12\/coni-calabria.png\",\"width\":1020,\"height\":707},{\"@type\":\"BreadcrumbList\",\"@id\":\"https:\/\/progettotouring.it\/radiotouring104\/2022\/12\/30\/trofeo-coni-cala-il-sipario-sulledizione-2022\/#breadcrumb\",\"itemListElement\":[{\"@type\":\"ListItem\",\"position\":1,\"name\":\"Home\",\"item\":\"https:\/\/progettotouring.it\/radiotouring104\/\"},{\"@type\":\"ListItem\",\"position\":2,\"name\":\"Trofeo CONI: cala il sipario sull&#8217;edizione 2022\"}]},{\"@type\":\"WebSite\",\"@id\":\"https:\/\/progettotouring.it\/radiotouring104\/#website\",\"url\":\"https:\/\/progettotouring.it\/radiotouring104\/\",\"name\":\"Radio Touring 104\",\"description\":\"La prima radio Reggina\",\"publisher\":{\"@id\":\"https:\/\/progettotouring.it\/radiotouring104\/#organization\"},\"potentialAction\":[{\"@type\":\"SearchAction\",\"target\":{\"@type\":\"EntryPoint\",\"urlTemplate\":\"https:\/\/progettotouring.it\/radiotouring104\/?s={search_term_string}\"},\"query-input\":{\"@type\":\"PropertyValueSpecification\",\"valueRequired\":true,\"valueName\":\"search_term_string\"}}],\"inLanguage\":\"it-IT\"},{\"@type\":\"Organization\",\"@id\":\"https:\/\/progettotouring.it\/radiotouring104\/#organization\",\"name\":\"Radio Touring 104\",\"url\":\"https:\/\/progettotouring.it\/radiotouring104\/\",\"logo\":{\"@type\":\"ImageObject\",\"inLanguage\":\"it-IT\",\"@id\":\"https:\/\/progettotouring.it\/radiotouring104\/#\/schema\/logo\/image\/\",\"url\":\"https:\/\/progettotouring.it\/radiotouring104\/wp-content\/uploads\/sites\/6\/2022\/02\/cropped-logo-radio-touring-104.png\",\"contentUrl\":\"https:\/\/progettotouring.it\/radiotouring104\/wp-content\/uploads\/sites\/6\/2022\/02\/cropped-logo-radio-touring-104.png\",\"width\":377,\"height\":182,\"caption\":\"Radio Touring 104\"},\"image\":{\"@id\":\"https:\/\/progettotouring.it\/radiotouring104\/#\/schema\/logo\/image\/\"}},{\"@type\":\"Person\",\"@id\":\"https:\/\/progettotouring.it\/radiotouring104\/#\/schema\/person\/4a82259ca52ac8702ad1a8f9e5a3120b\",\"name\":\"Filippo Francesco Idone\",\"image\":{\"@type\":\"ImageObject\",\"inLanguage\":\"it-IT\",\"@id\":\"https:\/\/secure.gravatar.com\/avatar\/7268715d2366395c3dd314385670e6484117d44f5c442e61e230f7008b7b62d3?s=96&d=mm&r=g\",\"url\":\"https:\/\/secure.gravatar.com\/avatar\/7268715d2366395c3dd314385670e6484117d44f5c442e61e230f7008b7b62d3?s=96&d=mm&r=g\",\"contentUrl\":\"https:\/\/secure.gravatar.com\/avatar\/7268715d2366395c3dd314385670e6484117d44f5c442e61e230f7008b7b62d3?s=96&d=mm&r=g\",\"caption\":\"Filippo Francesco Idone\"},\"url\":\"https:\/\/progettotouring.it\/radiotouring104\/author\/filippoidone\/\"}]}<\/script>\n<!-- \/ Yoast SEO plugin. -->","yoast_head_json":{"title":"Trofeo CONI: cala il sipario sull'edizione 2022","description":"Al Teatro Cilea \u00e8 andato in scena il Trofeo Coni 2022. Grande commozione per il presidente Maurizio Condipodero","robots":{"index":"index","follow":"follow","max-snippet":"max-snippet:-1","max-image-preview":"max-image-preview:large","max-video-preview":"max-video-preview:-1"},"canonical":"https:\/\/progettotouring.it\/radiotouring104\/2022\/12\/30\/trofeo-coni-cala-il-sipario-sulledizione-2022\/","og_locale":"it_IT","og_type":"article","og_title":"Trofeo CONI: cala il sipario sull'edizione 2022","og_description":"Al Teatro Cilea \u00e8 andato in scena il Trofeo Coni 2022. Grande commozione per il presidente Maurizio Condipodero","og_url":"https:\/\/progettotouring.it\/radiotouring104\/2022\/12\/30\/trofeo-coni-cala-il-sipario-sulledizione-2022\/","og_site_name":"Radio Touring 104","article_published_time":"2022-12-30T17:48:55+00:00","article_modified_time":"2022-12-30T18:34:08+00:00","og_image":[{"width":1020,"height":707,"url":"https:\/\/progettotouring.it\/radiotouring104\/wp-content\/uploads\/sites\/6\/2022\/12\/coni-calabria.png","type":"image\/png"}],"author":"Filippo Francesco Idone","twitter_card":"summary_large_image","twitter_misc":{"Scritto da":"Filippo Francesco Idone","Tempo di lettura stimato":"1 minuto"},"schema":{"@context":"https:\/\/schema.org","@graph":[{"@type":"Article","@id":"https:\/\/progettotouring.it\/radiotouring104\/2022\/12\/30\/trofeo-coni-cala-il-sipario-sulledizione-2022\/#article","isPartOf":{"@id":"https:\/\/progettotouring.it\/radiotouring104\/2022\/12\/30\/trofeo-coni-cala-il-sipario-sulledizione-2022\/"},"author":{"name":"Filippo Francesco Idone","@id":"https:\/\/progettotouring.it\/radiotouring104\/#\/schema\/person\/4a82259ca52ac8702ad1a8f9e5a3120b"},"headline":"Trofeo CONI: cala il sipario sull&#8217;edizione 2022","datePublished":"2022-12-30T17:48:55+00:00","dateModified":"2022-12-30T18:34:08+00:00","mainEntityOfPage":{"@id":"https:\/\/progettotouring.it\/radiotouring104\/2022\/12\/30\/trofeo-coni-cala-il-sipario-sulledizione-2022\/"},"wordCount":217,"commentCount":0,"publisher":{"@id":"https:\/\/progettotouring.it\/radiotouring104\/#organization"},"image":{"@id":"https:\/\/progettotouring.it\/radiotouring104\/2022\/12\/30\/trofeo-coni-cala-il-sipario-sulledizione-2022\/#primaryimage"},"thumbnailUrl":"https:\/\/progettotouring.it\/radiotouring104\/wp-content\/uploads\/sites\/6\/2022\/12\/coni-calabria.png","keywords":["Reggio Ritmica","Royal Dance Calabria","Trofeo CONI 2022","Virtus Reggio"],"articleSection":["Calabria","News","Reggio Calabria","Sport"],"inLanguage":"it-IT","potentialAction":[{"@type":"CommentAction","name":"Comment","target":["https:\/\/progettotouring.it\/radiotouring104\/2022\/12\/30\/trofeo-coni-cala-il-sipario-sulledizione-2022\/#respond"]}]},{"@type":"WebPage","@id":"https:\/\/progettotouring.it\/radiotouring104\/2022\/12\/30\/trofeo-coni-cala-il-sipario-sulledizione-2022\/","url":"https:\/\/progettotouring.it\/radiotouring104\/2022\/12\/30\/trofeo-coni-cala-il-sipario-sulledizione-2022\/","name":"Trofeo CONI: cala il sipario sull'edizione 2022","isPartOf":{"@id":"https:\/\/progettotouring.it\/radiotouring104\/#website"},"primaryImageOfPage":{"@id":"https:\/\/progettotouring.it\/radiotouring104\/2022\/12\/30\/trofeo-coni-cala-il-sipario-sulledizione-2022\/#primaryimage"},"image":{"@id":"https:\/\/progettotouring.it\/radiotouring104\/2022\/12\/30\/trofeo-coni-cala-il-sipario-sulledizione-2022\/#primaryimage"},"thumbnailUrl":"https:\/\/progettotouring.it\/radiotouring104\/wp-content\/uploads\/sites\/6\/2022\/12\/coni-calabria.png","datePublished":"2022-12-30T17:48:55+00:00","dateModified":"2022-12-30T18:34:08+00:00","description":"Al Teatro Cilea \u00e8 andato in scena il Trofeo Coni 2022. Grande commozione per il presidente Maurizio Condipodero","breadcrumb":{"@id":"https:\/\/progettotouring.it\/radiotouring104\/2022\/12\/30\/trofeo-coni-cala-il-sipario-sulledizione-2022\/#breadcrumb"},"inLanguage":"it-IT","potentialAction":[{"@type":"ReadAction","target":["https:\/\/progettotouring.it\/radiotouring104\/2022\/12\/30\/trofeo-coni-cala-il-sipario-sulledizione-2022\/"]}]},{"@type":"ImageObject","inLanguage":"it-IT","@id":"https:\/\/progettotouring.it\/radiotouring104\/2022\/12\/30\/trofeo-coni-cala-il-sipario-sulledizione-2022\/#primaryimage","url":"https:\/\/progettotouring.it\/radiotouring104\/wp-content\/uploads\/sites\/6\/2022\/12\/coni-calabria.png","contentUrl":"https:\/\/progettotouring.it\/radiotouring104\/wp-content\/uploads\/sites\/6\/2022\/12\/coni-calabria.png","width":1020,"height":707},{"@type":"BreadcrumbList","@id":"https:\/\/progettotouring.it\/radiotouring104\/2022\/12\/30\/trofeo-coni-cala-il-sipario-sulledizione-2022\/#breadcrumb","itemListElement":[{"@type":"ListItem","position":1,"name":"Home","item":"https:\/\/progettotouring.it\/radiotouring104\/"},{"@type":"ListItem","position":2,"name":"Trofeo CONI: cala il sipario sull&#8217;edizione 2022"}]},{"@type":"WebSite","@id":"https:\/\/progettotouring.it\/radiotouring104\/#website","url":"https:\/\/progettotouring.it\/radiotouring104\/","name":"Radio Touring 104","description":"La prima radio Reggina","publisher":{"@id":"https:\/\/progettotouring.it\/radiotouring104\/#organization"},"potentialAction":[{"@type":"SearchAction","target":{"@type":"EntryPoint","urlTemplate":"https:\/\/progettotouring.it\/radiotouring104\/?s={search_term_string}"},"query-input":{"@type":"PropertyValueSpecification","valueRequired":true,"valueName":"search_term_string"}}],"inLanguage":"it-IT"},{"@type":"Organization","@id":"https:\/\/progettotouring.it\/radiotouring104\/#organization","name":"Radio Touring 104","url":"https:\/\/progettotouring.it\/radiotouring104\/","logo":{"@type":"ImageObject","inLanguage":"it-IT","@id":"https:\/\/progettotouring.it\/radiotouring104\/#\/schema\/logo\/image\/","url":"https:\/\/progettotouring.it\/radiotouring104\/wp-content\/uploads\/sites\/6\/2022\/02\/cropped-logo-radio-touring-104.png","contentUrl":"https:\/\/progettotouring.it\/radiotouring104\/wp-content\/uploads\/sites\/6\/2022\/02\/cropped-logo-radio-touring-104.png","width":377,"height":182,"caption":"Radio Touring 104"},"image":{"@id":"https:\/\/progettotouring.it\/radiotouring104\/#\/schema\/logo\/image\/"}},{"@type":"Person","@id":"https:\/\/progettotouring.it\/radiotouring104\/#\/schema\/person\/4a82259ca52ac8702ad1a8f9e5a3120b","name":"Filippo Francesco Idone","image":{"@type":"ImageObject","inLanguage":"it-IT","@id":"https:\/\/secure.gravatar.com\/avatar\/7268715d2366395c3dd314385670e6484117d44f5c442e61e230f7008b7b62d3?s=96&d=mm&r=g","url":"https:\/\/secure.gravatar.com\/avatar\/7268715d2366395c3dd314385670e6484117d44f5c442e61e230f7008b7b62d3?s=96&d=mm&r=g","contentUrl":"https:\/\/secure.gravatar.com\/avatar\/7268715d2366395c3dd314385670e6484117d44f5c442e61e230f7008b7b62d3?s=96&d=mm&r=g","caption":"Filippo Francesco Idone"},"url":"https:\/\/progettotouring.it\/radiotouring104\/author\/filippoidone\/"}]}},"jetpack_publicize_connections":[],"jetpack_featured_media_url":"https:\/\/progettotouring.it\/radiotouring104\/wp-content\/uploads\/sites\/6\/2022\/12\/coni-calabria.png","jetpack_sharing_enabled":true,"_links":{"self":[{"href":"https:\/\/progettotouring.it\/radiotouring104\/wp-json\/wp\/v2\/posts\/15900","targetHints":{"allow":["GET"]}}],"collection":[{"href":"https:\/\/progettotouring.it\/radiotouring104\/wp-json\/wp\/v2\/posts"}],"about":[{"href":"https:\/\/progettotouring.it\/radiotouring104\/wp-json\/wp\/v2\/types\/post"}],"author":[{"embeddable":true,"href":"https:\/\/progettotouring.it\/radiotouring104\/wp-json\/wp\/v2\/users\/8"}],"replies":[{"embeddable":true,"href":"https:\/\/progettotouring.it\/radiotouring104\/wp-json\/wp\/v2\/comments?post=15900"}],"version-history":[{"count":1,"href":"https:\/\/progettotouring.it\/radiotouring104\/wp-json\/wp\/v2\/posts\/15900\/revisions"}],"predecessor-version":[{"id":15903,"href":"https:\/\/progettotouring.it\/radiotouring104\/wp-json\/wp\/v2\/posts\/15900\/revisions\/15903"}],"wp:featuredmedia":[{"embeddable":true,"href":"https:\/\/progettotouring.it\/radiotouring104\/wp-json\/wp\/v2\/media\/15902"}],"wp:attachment":[{"href":"https:\/\/progettotouring.it\/radiotouring104\/wp-json\/wp\/v2\/media?parent=15900"}],"wp:term":[{"taxonomy":"category","embeddable":true,"href":"https:\/\/progettotouring.it\/radiotouring104\/wp-json\/wp\/v2\/categories?post=15900"},{"taxonomy":"post_tag","embeddable":true,"href":"https:\/\/progettotouring.it\/radiotouring104\/wp-json\/wp\/v2\/tags?post=15900"}],"curies":[{"name":"wp","href":"https:\/\/api.w.org\/{rel}","templated":true}]}}