{"id":15925,"date":"2022-12-31T12:22:50","date_gmt":"2022-12-31T11:22:50","guid":{"rendered":"https:\/\/progettotouring.it\/radiotouring104\/?p=15925"},"modified":"2022-12-31T16:25:59","modified_gmt":"2022-12-31T15:25:59","slug":"confartigianato-giudizio-positivo-per-le-imprese","status":"publish","type":"post","link":"https:\/\/progettotouring.it\/radiotouring104\/2022\/12\/31\/confartigianato-giudizio-positivo-per-le-imprese\/","title":{"rendered":"Confartigianato: giudizio positivo per le imprese"},"content":{"rendered":"<p class=\"xmprfx_MsoNormal\" style=\"text-align: justify\">Confartigianato esprime un giudizio complessivamente positivo sulla manovra di <strong>Bilancio<\/strong> <strong>2023<\/strong>, anche se ci sono importanti nodi irrisolti, soprattutto in tema di bonus edilizia, oneri energia e apprendistato. <em>\u201cApprezziamo gli impegni assunti dal <strong>Governo<\/strong> <strong>nazionale<\/strong> attraverso la legge di bilancio, a partire dalle risposte avanzate all\u2019emergenza energetica, che oggi rappresenta una delle principali problematiche per le nostre piccole imprese. Confermati il credito d\u2019imposta per gli investimenti al sud \u00e8 la decontribuzione sulle assunzioni, provvedimenti sui quali l\u2019organizzazione \u00e8 intervenuta direttamente sul Governo. Riteniamo convincenti anche linee di intervento di pi\u00f9 ampio respiro che incrociano le aspettative pi\u00f9 volte ribadite da Confartigianato\u201d.<\/em> E\u2019 quanto affermano il presidente e\u00a0<b>il segretario regionale di Confartigianato Imprese Calabria, Roberto Matragrano e Silvano Barbalace<\/b>, che fanno eco alle dichiarazioni del Presidente nazionale Marco Granelli.<\/p>\n<p class=\"xmprfx_MsoNormal\" style=\"text-align: justify\"><em>\u201cCome sollecitato da Confartigianato, la manovra approvata \u00e8 orientata a gettare le basi della tanto attesa riforma fiscale, a semplificare la vita delle imprese e a salvaguardare concretamente il sistema manifatturiero made in <strong>Italy<\/strong>, favorendo anche la creazione di lavoro<\/em> \u2013 affermano ancora -. <em>Costruita in tempi record, in un quadro di compatibilit\u00e0 con le misure del <strong>Pnrr<\/strong> e i conti della finanza pubblica, si pone in continuit\u00e0 con i provvedimenti gi\u00e0 assunti dal precedente Esecutivo e concentra le risorse sulla priorit\u00e0 assoluta di ridurre l\u2019impatto dei rincari dell\u2019energia su imprese e famiglie\u201d.<\/em><\/p>\n<p class=\"xmprfx_MsoNormal\" style=\"text-align: justify\">Confartigianato Calabria fa presente per\u00f2 che<em> \u201cmancano all\u2019appello misure sulle quali sollecita azioni rapide e risolutive: lo sblocco dei crediti fiscali incagliati delle aziende che hanno utilizzato i bonus edilizia, il taglio degli oneri generali di sistema nelle bollette di luce e gas delle imprese con potenza superiore a <strong>16,5 kW,<\/strong> la decontribuzione triennale per le assunzioni di apprendisti\u201d. <\/em>In particolare, per Confartigianato, la strada pi\u00f9 semplice ed efficace che rilancia da tempo \u00e8 quella di affidare ad un compratore di ultima istanza come Cassa Depositi e Prestiti l\u2019acquisto dei crediti fiscali incagliati. Quanto ai costi dell\u2019energia, Confartigianato chiede di eliminare definitivamente gli oneri generali di sistema dalle bollette elettriche delle imprese manifatturiere con potenza sopra i 16,5 kW. <strong><em>\u201cNon \u00e8 pensabile<\/em> <\/strong>\u2013 osservano Matragrano e Barbalace &#8211;<em> infatti, chiedere ad un imprenditore passato dai 7mila euro mensili di costi energetici del 2021 ai 14mila euro mensili del 2022 di sborsare, dal prossimo anno, anche 2mila euro al mese per gli oneri generali del sistema elettrico\u201d. &#8220;<\/em><em>Chiediamo, infin<\/em>e \u2013 conclude la nota &#8211; <em>che venga ripristinata la decontribuzione totale, per i primi tre anni, del contratto di apprendistato applicato dalle imprese artigiane e dalle aziende fino a 9 dipendenti\u201d.<\/em><\/p>\n","protected":false},"excerpt":{"rendered":"<p>Confartigianato esprime un giudizio complessivamente positivo sulla manovra di Bilancio 2023, anche se ci sono importanti nodi irrisolti, soprattutto in tema di bonus edilizia, oneri energia e apprendistato. \u201cApprezziamo gli&hellip;<\/p>\n","protected":false},"author":8,"featured_media":15926,"comment_status":"open","ping_status":"open","sticky":false,"template":"","format":"standard","meta":{"_jetpack_memberships_contains_paid_content":false,"footnotes":"","jetpack_publicize_message":"","jetpack_publicize_feature_enabled":true,"jetpack_social_post_already_shared":false,"jetpack_social_options":{"image_generator_settings":{"template":"highway","default_image_id":0,"font":"","enabled":false},"version":2}},"categories":[142,921,196],"tags":[3130],"class_list":["post-15925","post","type-post","status-publish","format-standard","has-post-thumbnail","hentry","category-calabria","category-home","category-news","tag-confartigianato"],"yoast_head":"<!-- This site is optimized with the Yoast SEO plugin v27.2 - https:\/\/yoast.com\/product\/yoast-seo-wordpress\/ -->\n<title>Confartigianato: giudizio positivo per le imprese<\/title>\n<meta name=\"description\" content=\"Nella manovra di bilancio \u00e8 stato espresso un giudizio positivo da parte di Confartigianato Imprese Calabria sul tema dell&#039;edilizia\" \/>\n<meta name=\"robots\" content=\"index, follow, max-snippet:-1, max-image-preview:large, max-video-preview:-1\" \/>\n<link rel=\"canonical\" href=\"https:\/\/progettotouring.it\/radiotouring104\/2022\/12\/31\/confartigianato-giudizio-positivo-per-le-imprese\/\" \/>\n<meta property=\"og:locale\" content=\"it_IT\" \/>\n<meta property=\"og:type\" content=\"article\" \/>\n<meta property=\"og:title\" content=\"Confartigianato: giudizio positivo per le imprese\" \/>\n<meta property=\"og:description\" content=\"Nella manovra di bilancio \u00e8 stato espresso un giudizio positivo da parte di Confartigianato Imprese Calabria sul tema dell&#039;edilizia\" \/>\n<meta property=\"og:url\" content=\"https:\/\/progettotouring.it\/radiotouring104\/2022\/12\/31\/confartigianato-giudizio-positivo-per-le-imprese\/\" \/>\n<meta property=\"og:site_name\" content=\"Radio Touring 104\" \/>\n<meta property=\"article:published_time\" content=\"2022-12-31T11:22:50+00:00\" \/>\n<meta property=\"article:modified_time\" content=\"2022-12-31T15:25:59+00:00\" \/>\n<meta property=\"og:image\" content=\"https:\/\/progettotouring.it\/radiotouring104\/wp-content\/uploads\/sites\/6\/2022\/12\/confartigianato.png\" \/>\n\t<meta property=\"og:image:width\" content=\"700\" \/>\n\t<meta property=\"og:image:height\" content=\"300\" \/>\n\t<meta property=\"og:image:type\" content=\"image\/png\" \/>\n<meta name=\"author\" content=\"Filippo Francesco Idone\" \/>\n<meta name=\"twitter:card\" content=\"summary_large_image\" \/>\n<meta name=\"twitter:label1\" content=\"Scritto da\" \/>\n\t<meta name=\"twitter:data1\" content=\"Filippo Francesco Idone\" \/>\n\t<meta name=\"twitter:label2\" content=\"Tempo di lettura stimato\" \/>\n\t<meta name=\"twitter:data2\" content=\"2 minuti\" \/>\n<script type=\"application\/ld+json\" class=\"yoast-schema-graph\">{\"@context\":\"https:\/\/schema.org\",\"@graph\":[{\"@type\":\"Article\",\"@id\":\"https:\/\/progettotouring.it\/radiotouring104\/2022\/12\/31\/confartigianato-giudizio-positivo-per-le-imprese\/#article\",\"isPartOf\":{\"@id\":\"https:\/\/progettotouring.it\/radiotouring104\/2022\/12\/31\/confartigianato-giudizio-positivo-per-le-imprese\/\"},\"author\":{\"name\":\"Filippo Francesco Idone\",\"@id\":\"https:\/\/progettotouring.it\/radiotouring104\/#\/schema\/person\/4a82259ca52ac8702ad1a8f9e5a3120b\"},\"headline\":\"Confartigianato: giudizio positivo per le imprese\",\"datePublished\":\"2022-12-31T11:22:50+00:00\",\"dateModified\":\"2022-12-31T15:25:59+00:00\",\"mainEntityOfPage\":{\"@id\":\"https:\/\/progettotouring.it\/radiotouring104\/2022\/12\/31\/confartigianato-giudizio-positivo-per-le-imprese\/\"},\"wordCount\":421,\"commentCount\":0,\"publisher\":{\"@id\":\"https:\/\/progettotouring.it\/radiotouring104\/#organization\"},\"image\":{\"@id\":\"https:\/\/progettotouring.it\/radiotouring104\/2022\/12\/31\/confartigianato-giudizio-positivo-per-le-imprese\/#primaryimage\"},\"thumbnailUrl\":\"https:\/\/progettotouring.it\/radiotouring104\/wp-content\/uploads\/sites\/6\/2022\/12\/confartigianato.png\",\"keywords\":[\"confartigianato\"],\"articleSection\":[\"Calabria\",\"Home\",\"News\"],\"inLanguage\":\"it-IT\",\"potentialAction\":[{\"@type\":\"CommentAction\",\"name\":\"Comment\",\"target\":[\"https:\/\/progettotouring.it\/radiotouring104\/2022\/12\/31\/confartigianato-giudizio-positivo-per-le-imprese\/#respond\"]}]},{\"@type\":\"WebPage\",\"@id\":\"https:\/\/progettotouring.it\/radiotouring104\/2022\/12\/31\/confartigianato-giudizio-positivo-per-le-imprese\/\",\"url\":\"https:\/\/progettotouring.it\/radiotouring104\/2022\/12\/31\/confartigianato-giudizio-positivo-per-le-imprese\/\",\"name\":\"Confartigianato: giudizio positivo per le imprese\",\"isPartOf\":{\"@id\":\"https:\/\/progettotouring.it\/radiotouring104\/#website\"},\"primaryImageOfPage\":{\"@id\":\"https:\/\/progettotouring.it\/radiotouring104\/2022\/12\/31\/confartigianato-giudizio-positivo-per-le-imprese\/#primaryimage\"},\"image\":{\"@id\":\"https:\/\/progettotouring.it\/radiotouring104\/2022\/12\/31\/confartigianato-giudizio-positivo-per-le-imprese\/#primaryimage\"},\"thumbnailUrl\":\"https:\/\/progettotouring.it\/radiotouring104\/wp-content\/uploads\/sites\/6\/2022\/12\/confartigianato.png\",\"datePublished\":\"2022-12-31T11:22:50+00:00\",\"dateModified\":\"2022-12-31T15:25:59+00:00\",\"description\":\"Nella manovra di bilancio \u00e8 stato espresso un giudizio positivo da parte di Confartigianato Imprese Calabria sul tema dell'edilizia\",\"breadcrumb\":{\"@id\":\"https:\/\/progettotouring.it\/radiotouring104\/2022\/12\/31\/confartigianato-giudizio-positivo-per-le-imprese\/#breadcrumb\"},\"inLanguage\":\"it-IT\",\"potentialAction\":[{\"@type\":\"ReadAction\",\"target\":[\"https:\/\/progettotouring.it\/radiotouring104\/2022\/12\/31\/confartigianato-giudizio-positivo-per-le-imprese\/\"]}]},{\"@type\":\"ImageObject\",\"inLanguage\":\"it-IT\",\"@id\":\"https:\/\/progettotouring.it\/radiotouring104\/2022\/12\/31\/confartigianato-giudizio-positivo-per-le-imprese\/#primaryimage\",\"url\":\"https:\/\/progettotouring.it\/radiotouring104\/wp-content\/uploads\/sites\/6\/2022\/12\/confartigianato.png\",\"contentUrl\":\"https:\/\/progettotouring.it\/radiotouring104\/wp-content\/uploads\/sites\/6\/2022\/12\/confartigianato.png\",\"width\":700,\"height\":300},{\"@type\":\"BreadcrumbList\",\"@id\":\"https:\/\/progettotouring.it\/radiotouring104\/2022\/12\/31\/confartigianato-giudizio-positivo-per-le-imprese\/#breadcrumb\",\"itemListElement\":[{\"@type\":\"ListItem\",\"position\":1,\"name\":\"Home\",\"item\":\"https:\/\/progettotouring.it\/radiotouring104\/\"},{\"@type\":\"ListItem\",\"position\":2,\"name\":\"Confartigianato: giudizio positivo per le imprese\"}]},{\"@type\":\"WebSite\",\"@id\":\"https:\/\/progettotouring.it\/radiotouring104\/#website\",\"url\":\"https:\/\/progettotouring.it\/radiotouring104\/\",\"name\":\"Radio Touring 104\",\"description\":\"La prima radio Reggina\",\"publisher\":{\"@id\":\"https:\/\/progettotouring.it\/radiotouring104\/#organization\"},\"potentialAction\":[{\"@type\":\"SearchAction\",\"target\":{\"@type\":\"EntryPoint\",\"urlTemplate\":\"https:\/\/progettotouring.it\/radiotouring104\/?s={search_term_string}\"},\"query-input\":{\"@type\":\"PropertyValueSpecification\",\"valueRequired\":true,\"valueName\":\"search_term_string\"}}],\"inLanguage\":\"it-IT\"},{\"@type\":\"Organization\",\"@id\":\"https:\/\/progettotouring.it\/radiotouring104\/#organization\",\"name\":\"Radio Touring 104\",\"url\":\"https:\/\/progettotouring.it\/radiotouring104\/\",\"logo\":{\"@type\":\"ImageObject\",\"inLanguage\":\"it-IT\",\"@id\":\"https:\/\/progettotouring.it\/radiotouring104\/#\/schema\/logo\/image\/\",\"url\":\"https:\/\/progettotouring.it\/radiotouring104\/wp-content\/uploads\/sites\/6\/2022\/02\/cropped-logo-radio-touring-104.png\",\"contentUrl\":\"https:\/\/progettotouring.it\/radiotouring104\/wp-content\/uploads\/sites\/6\/2022\/02\/cropped-logo-radio-touring-104.png\",\"width\":377,\"height\":182,\"caption\":\"Radio Touring 104\"},\"image\":{\"@id\":\"https:\/\/progettotouring.it\/radiotouring104\/#\/schema\/logo\/image\/\"}},{\"@type\":\"Person\",\"@id\":\"https:\/\/progettotouring.it\/radiotouring104\/#\/schema\/person\/4a82259ca52ac8702ad1a8f9e5a3120b\",\"name\":\"Filippo Francesco Idone\",\"image\":{\"@type\":\"ImageObject\",\"inLanguage\":\"it-IT\",\"@id\":\"https:\/\/secure.gravatar.com\/avatar\/7268715d2366395c3dd314385670e6484117d44f5c442e61e230f7008b7b62d3?s=96&d=mm&r=g\",\"url\":\"https:\/\/secure.gravatar.com\/avatar\/7268715d2366395c3dd314385670e6484117d44f5c442e61e230f7008b7b62d3?s=96&d=mm&r=g\",\"contentUrl\":\"https:\/\/secure.gravatar.com\/avatar\/7268715d2366395c3dd314385670e6484117d44f5c442e61e230f7008b7b62d3?s=96&d=mm&r=g\",\"caption\":\"Filippo Francesco Idone\"},\"url\":\"https:\/\/progettotouring.it\/radiotouring104\/author\/filippoidone\/\"}]}<\/script>\n<!-- \/ Yoast SEO plugin. -->","yoast_head_json":{"title":"Confartigianato: giudizio positivo per le imprese","description":"Nella manovra di bilancio \u00e8 stato espresso un giudizio positivo da parte di Confartigianato Imprese Calabria sul tema dell'edilizia","robots":{"index":"index","follow":"follow","max-snippet":"max-snippet:-1","max-image-preview":"max-image-preview:large","max-video-preview":"max-video-preview:-1"},"canonical":"https:\/\/progettotouring.it\/radiotouring104\/2022\/12\/31\/confartigianato-giudizio-positivo-per-le-imprese\/","og_locale":"it_IT","og_type":"article","og_title":"Confartigianato: giudizio positivo per le imprese","og_description":"Nella manovra di bilancio \u00e8 stato espresso un giudizio positivo da parte di Confartigianato Imprese Calabria sul tema dell'edilizia","og_url":"https:\/\/progettotouring.it\/radiotouring104\/2022\/12\/31\/confartigianato-giudizio-positivo-per-le-imprese\/","og_site_name":"Radio Touring 104","article_published_time":"2022-12-31T11:22:50+00:00","article_modified_time":"2022-12-31T15:25:59+00:00","og_image":[{"width":700,"height":300,"url":"https:\/\/progettotouring.it\/radiotouring104\/wp-content\/uploads\/sites\/6\/2022\/12\/confartigianato.png","type":"image\/png"}],"author":"Filippo Francesco Idone","twitter_card":"summary_large_image","twitter_misc":{"Scritto da":"Filippo Francesco Idone","Tempo di lettura stimato":"2 minuti"},"schema":{"@context":"https:\/\/schema.org","@graph":[{"@type":"Article","@id":"https:\/\/progettotouring.it\/radiotouring104\/2022\/12\/31\/confartigianato-giudizio-positivo-per-le-imprese\/#article","isPartOf":{"@id":"https:\/\/progettotouring.it\/radiotouring104\/2022\/12\/31\/confartigianato-giudizio-positivo-per-le-imprese\/"},"author":{"name":"Filippo Francesco Idone","@id":"https:\/\/progettotouring.it\/radiotouring104\/#\/schema\/person\/4a82259ca52ac8702ad1a8f9e5a3120b"},"headline":"Confartigianato: giudizio positivo per le imprese","datePublished":"2022-12-31T11:22:50+00:00","dateModified":"2022-12-31T15:25:59+00:00","mainEntityOfPage":{"@id":"https:\/\/progettotouring.it\/radiotouring104\/2022\/12\/31\/confartigianato-giudizio-positivo-per-le-imprese\/"},"wordCount":421,"commentCount":0,"publisher":{"@id":"https:\/\/progettotouring.it\/radiotouring104\/#organization"},"image":{"@id":"https:\/\/progettotouring.it\/radiotouring104\/2022\/12\/31\/confartigianato-giudizio-positivo-per-le-imprese\/#primaryimage"},"thumbnailUrl":"https:\/\/progettotouring.it\/radiotouring104\/wp-content\/uploads\/sites\/6\/2022\/12\/confartigianato.png","keywords":["confartigianato"],"articleSection":["Calabria","Home","News"],"inLanguage":"it-IT","potentialAction":[{"@type":"CommentAction","name":"Comment","target":["https:\/\/progettotouring.it\/radiotouring104\/2022\/12\/31\/confartigianato-giudizio-positivo-per-le-imprese\/#respond"]}]},{"@type":"WebPage","@id":"https:\/\/progettotouring.it\/radiotouring104\/2022\/12\/31\/confartigianato-giudizio-positivo-per-le-imprese\/","url":"https:\/\/progettotouring.it\/radiotouring104\/2022\/12\/31\/confartigianato-giudizio-positivo-per-le-imprese\/","name":"Confartigianato: giudizio positivo per le imprese","isPartOf":{"@id":"https:\/\/progettotouring.it\/radiotouring104\/#website"},"primaryImageOfPage":{"@id":"https:\/\/progettotouring.it\/radiotouring104\/2022\/12\/31\/confartigianato-giudizio-positivo-per-le-imprese\/#primaryimage"},"image":{"@id":"https:\/\/progettotouring.it\/radiotouring104\/2022\/12\/31\/confartigianato-giudizio-positivo-per-le-imprese\/#primaryimage"},"thumbnailUrl":"https:\/\/progettotouring.it\/radiotouring104\/wp-content\/uploads\/sites\/6\/2022\/12\/confartigianato.png","datePublished":"2022-12-31T11:22:50+00:00","dateModified":"2022-12-31T15:25:59+00:00","description":"Nella manovra di bilancio \u00e8 stato espresso un giudizio positivo da parte di Confartigianato Imprese Calabria sul tema dell'edilizia","breadcrumb":{"@id":"https:\/\/progettotouring.it\/radiotouring104\/2022\/12\/31\/confartigianato-giudizio-positivo-per-le-imprese\/#breadcrumb"},"inLanguage":"it-IT","potentialAction":[{"@type":"ReadAction","target":["https:\/\/progettotouring.it\/radiotouring104\/2022\/12\/31\/confartigianato-giudizio-positivo-per-le-imprese\/"]}]},{"@type":"ImageObject","inLanguage":"it-IT","@id":"https:\/\/progettotouring.it\/radiotouring104\/2022\/12\/31\/confartigianato-giudizio-positivo-per-le-imprese\/#primaryimage","url":"https:\/\/progettotouring.it\/radiotouring104\/wp-content\/uploads\/sites\/6\/2022\/12\/confartigianato.png","contentUrl":"https:\/\/progettotouring.it\/radiotouring104\/wp-content\/uploads\/sites\/6\/2022\/12\/confartigianato.png","width":700,"height":300},{"@type":"BreadcrumbList","@id":"https:\/\/progettotouring.it\/radiotouring104\/2022\/12\/31\/confartigianato-giudizio-positivo-per-le-imprese\/#breadcrumb","itemListElement":[{"@type":"ListItem","position":1,"name":"Home","item":"https:\/\/progettotouring.it\/radiotouring104\/"},{"@type":"ListItem","position":2,"name":"Confartigianato: giudizio positivo per le imprese"}]},{"@type":"WebSite","@id":"https:\/\/progettotouring.it\/radiotouring104\/#website","url":"https:\/\/progettotouring.it\/radiotouring104\/","name":"Radio Touring 104","description":"La prima radio Reggina","publisher":{"@id":"https:\/\/progettotouring.it\/radiotouring104\/#organization"},"potentialAction":[{"@type":"SearchAction","target":{"@type":"EntryPoint","urlTemplate":"https:\/\/progettotouring.it\/radiotouring104\/?s={search_term_string}"},"query-input":{"@type":"PropertyValueSpecification","valueRequired":true,"valueName":"search_term_string"}}],"inLanguage":"it-IT"},{"@type":"Organization","@id":"https:\/\/progettotouring.it\/radiotouring104\/#organization","name":"Radio Touring 104","url":"https:\/\/progettotouring.it\/radiotouring104\/","logo":{"@type":"ImageObject","inLanguage":"it-IT","@id":"https:\/\/progettotouring.it\/radiotouring104\/#\/schema\/logo\/image\/","url":"https:\/\/progettotouring.it\/radiotouring104\/wp-content\/uploads\/sites\/6\/2022\/02\/cropped-logo-radio-touring-104.png","contentUrl":"https:\/\/progettotouring.it\/radiotouring104\/wp-content\/uploads\/sites\/6\/2022\/02\/cropped-logo-radio-touring-104.png","width":377,"height":182,"caption":"Radio Touring 104"},"image":{"@id":"https:\/\/progettotouring.it\/radiotouring104\/#\/schema\/logo\/image\/"}},{"@type":"Person","@id":"https:\/\/progettotouring.it\/radiotouring104\/#\/schema\/person\/4a82259ca52ac8702ad1a8f9e5a3120b","name":"Filippo Francesco Idone","image":{"@type":"ImageObject","inLanguage":"it-IT","@id":"https:\/\/secure.gravatar.com\/avatar\/7268715d2366395c3dd314385670e6484117d44f5c442e61e230f7008b7b62d3?s=96&d=mm&r=g","url":"https:\/\/secure.gravatar.com\/avatar\/7268715d2366395c3dd314385670e6484117d44f5c442e61e230f7008b7b62d3?s=96&d=mm&r=g","contentUrl":"https:\/\/secure.gravatar.com\/avatar\/7268715d2366395c3dd314385670e6484117d44f5c442e61e230f7008b7b62d3?s=96&d=mm&r=g","caption":"Filippo Francesco Idone"},"url":"https:\/\/progettotouring.it\/radiotouring104\/author\/filippoidone\/"}]}},"jetpack_publicize_connections":[],"jetpack_featured_media_url":"https:\/\/progettotouring.it\/radiotouring104\/wp-content\/uploads\/sites\/6\/2022\/12\/confartigianato.png","jetpack_sharing_enabled":true,"_links":{"self":[{"href":"https:\/\/progettotouring.it\/radiotouring104\/wp-json\/wp\/v2\/posts\/15925","targetHints":{"allow":["GET"]}}],"collection":[{"href":"https:\/\/progettotouring.it\/radiotouring104\/wp-json\/wp\/v2\/posts"}],"about":[{"href":"https:\/\/progettotouring.it\/radiotouring104\/wp-json\/wp\/v2\/types\/post"}],"author":[{"embeddable":true,"href":"https:\/\/progettotouring.it\/radiotouring104\/wp-json\/wp\/v2\/users\/8"}],"replies":[{"embeddable":true,"href":"https:\/\/progettotouring.it\/radiotouring104\/wp-json\/wp\/v2\/comments?post=15925"}],"version-history":[{"count":1,"href":"https:\/\/progettotouring.it\/radiotouring104\/wp-json\/wp\/v2\/posts\/15925\/revisions"}],"predecessor-version":[{"id":15927,"href":"https:\/\/progettotouring.it\/radiotouring104\/wp-json\/wp\/v2\/posts\/15925\/revisions\/15927"}],"wp:featuredmedia":[{"embeddable":true,"href":"https:\/\/progettotouring.it\/radiotouring104\/wp-json\/wp\/v2\/media\/15926"}],"wp:attachment":[{"href":"https:\/\/progettotouring.it\/radiotouring104\/wp-json\/wp\/v2\/media?parent=15925"}],"wp:term":[{"taxonomy":"category","embeddable":true,"href":"https:\/\/progettotouring.it\/radiotouring104\/wp-json\/wp\/v2\/categories?post=15925"},{"taxonomy":"post_tag","embeddable":true,"href":"https:\/\/progettotouring.it\/radiotouring104\/wp-json\/wp\/v2\/tags?post=15925"}],"curies":[{"name":"wp","href":"https:\/\/api.w.org\/{rel}","templated":true}]}}