{"id":15930,"date":"2022-12-31T12:48:57","date_gmt":"2022-12-31T11:48:57","guid":{"rendered":"https:\/\/progettotouring.it\/radiotouring104\/?p=15930"},"modified":"2022-12-31T16:32:16","modified_gmt":"2022-12-31T15:32:16","slug":"villa-san-giovanni-cannizzaro-solidale-con-siclari","status":"publish","type":"post","link":"https:\/\/progettotouring.it\/radiotouring104\/2022\/12\/31\/villa-san-giovanni-cannizzaro-solidale-con-siclari\/","title":{"rendered":"Villa San Giovanni: Cannizzaro solidale con Siclari"},"content":{"rendered":"<p style=\"text-align: justify\"><em>\u201cGesto da codardi, ancor di pi\u00f9 se ai danni di una persona pacata, seria e perbene come <strong>Daniele Siclari,<\/strong> professionista stimato ed esponente politico rispettoso con tutti. Sono dispiaciuto che anche lui sia finito nel mirino di vigliaccate simili, come centinaia di altri amministratori locali. Ma al contempo sono certo non si lascer\u00e0 nemmeno lontanamente scalfire. E sa bene che tutta Forza Italia \u00e8 con lui.\u201d <\/em>A dirlo \u00e8 l\u2019Onorevole<strong> Francesco Cannizzaro,<\/strong> in veste di Deputato e soprattutto di Coordinatore provinciale di <strong>Forza Italia,<\/strong> che esprime la sua solidariet\u00e0 anche in forma pubblica, dopo aver gi\u00e0 sentito telefonicamente l\u2019esponente villese del suo Partito, destinatario nelle scorse ore di un pacco anonimo con all\u2019interno alcuni bossoli di arma da fuoco.<\/p>\n<p style=\"text-align: justify\"><em>\u201cOgni volta che mi trovo a commentare episodi del genere lo faccio pensando e sperando che sia l\u2019ultimo. <strong>Invece, purtroppo, ne arriva sempre qualche altro ad interferire<\/strong> sulla vita personale e politica di amministratori ed istituzioni. La vita pubblica espone a rischi del genere, che so quanto possano fare male. Ma \u00e8 proprio da questi episodi che invece bisogna trovare ancora pi\u00f9 stimoli per andare avanti e lavorare bene. Oltre ad essere un coordinatore cittadino meticoloso ed un commercialista apprezzato da tutti \u2013 <\/em>conclude il parlamentare reggino<em> &#8211; <strong>Daniele<\/strong> \u00e8 un uomo con la U maiuscola, che ha gi\u00e0 voltato pagina ed \u00e8 pronto a nuove sfide, consapevole di avere al suo fianco l\u2019intera Comunit\u00e0 di <strong>Villa San Giovanni,<\/strong> a prescindere dai colori politici.\u201d<\/em><\/p>\n","protected":false},"excerpt":{"rendered":"<p>\u201cGesto da codardi, ancor di pi\u00f9 se ai danni di una persona pacata, seria e perbene come Daniele Siclari, professionista stimato ed esponente politico rispettoso con tutti. Sono dispiaciuto che&hellip;<\/p>\n","protected":false},"author":8,"featured_media":9153,"comment_status":"open","ping_status":"open","sticky":false,"template":"","format":"standard","meta":{"_jetpack_memberships_contains_paid_content":false,"footnotes":"","jetpack_publicize_message":"","jetpack_publicize_feature_enabled":true,"jetpack_social_post_already_shared":false,"jetpack_social_options":{"image_generator_settings":{"template":"highway","default_image_id":0,"font":"","enabled":false},"version":2}},"categories":[921,196,195,140],"tags":[4341,1514,2776,364],"class_list":["post-15930","post","type-post","status-publish","format-standard","has-post-thumbnail","hentry","category-home","category-news","category-politica","category-reggio-calabria","tag-daniele-siclari","tag-forza-italia","tag-francesco-cannizzaro","tag-villa-san-giovanni"],"yoast_head":"<!-- This site is optimized with the Yoast SEO plugin v27.2 - https:\/\/yoast.com\/product\/yoast-seo-wordpress\/ -->\n<title>Villa San Giovanni: Cannizzaro solidale con Siclari<\/title>\n<meta name=\"description\" content=\"L\u2019Onorevole Francesco Cannizzaro esprime la sua solidariet\u00e0 in forma pubblica nei confronti di Daniele Siclari\" \/>\n<meta name=\"robots\" content=\"index, follow, max-snippet:-1, max-image-preview:large, max-video-preview:-1\" \/>\n<link rel=\"canonical\" href=\"https:\/\/progettotouring.it\/radiotouring104\/2022\/12\/31\/villa-san-giovanni-cannizzaro-solidale-con-siclari\/\" \/>\n<meta property=\"og:locale\" content=\"it_IT\" \/>\n<meta property=\"og:type\" content=\"article\" \/>\n<meta property=\"og:title\" content=\"Villa San Giovanni: Cannizzaro solidale con Siclari\" \/>\n<meta property=\"og:description\" content=\"L\u2019Onorevole Francesco Cannizzaro esprime la sua solidariet\u00e0 in forma pubblica nei confronti di Daniele Siclari\" \/>\n<meta property=\"og:url\" content=\"https:\/\/progettotouring.it\/radiotouring104\/2022\/12\/31\/villa-san-giovanni-cannizzaro-solidale-con-siclari\/\" \/>\n<meta property=\"og:site_name\" content=\"Radio Touring 104\" \/>\n<meta property=\"article:published_time\" content=\"2022-12-31T11:48:57+00:00\" \/>\n<meta property=\"article:modified_time\" content=\"2022-12-31T15:32:16+00:00\" \/>\n<meta property=\"og:image\" content=\"https:\/\/progettotouring.it\/radiotouring104\/wp-content\/uploads\/sites\/6\/2022\/08\/francesco-cannizzaro.jpg\" \/>\n\t<meta property=\"og:image:width\" content=\"1920\" \/>\n\t<meta property=\"og:image:height\" content=\"1080\" \/>\n\t<meta property=\"og:image:type\" content=\"image\/jpeg\" \/>\n<meta name=\"author\" content=\"Filippo Francesco Idone\" \/>\n<meta name=\"twitter:card\" content=\"summary_large_image\" \/>\n<meta name=\"twitter:label1\" content=\"Scritto da\" \/>\n\t<meta name=\"twitter:data1\" content=\"Filippo Francesco Idone\" \/>\n\t<meta name=\"twitter:label2\" content=\"Tempo di lettura stimato\" \/>\n\t<meta name=\"twitter:data2\" content=\"1 minuto\" \/>\n<script type=\"application\/ld+json\" class=\"yoast-schema-graph\">{\"@context\":\"https:\/\/schema.org\",\"@graph\":[{\"@type\":\"Article\",\"@id\":\"https:\/\/progettotouring.it\/radiotouring104\/2022\/12\/31\/villa-san-giovanni-cannizzaro-solidale-con-siclari\/#article\",\"isPartOf\":{\"@id\":\"https:\/\/progettotouring.it\/radiotouring104\/2022\/12\/31\/villa-san-giovanni-cannizzaro-solidale-con-siclari\/\"},\"author\":{\"name\":\"Filippo Francesco Idone\",\"@id\":\"https:\/\/progettotouring.it\/radiotouring104\/#\/schema\/person\/4a82259ca52ac8702ad1a8f9e5a3120b\"},\"headline\":\"Villa San Giovanni: Cannizzaro solidale con Siclari\",\"datePublished\":\"2022-12-31T11:48:57+00:00\",\"dateModified\":\"2022-12-31T15:32:16+00:00\",\"mainEntityOfPage\":{\"@id\":\"https:\/\/progettotouring.it\/radiotouring104\/2022\/12\/31\/villa-san-giovanni-cannizzaro-solidale-con-siclari\/\"},\"wordCount\":249,\"commentCount\":0,\"publisher\":{\"@id\":\"https:\/\/progettotouring.it\/radiotouring104\/#organization\"},\"image\":{\"@id\":\"https:\/\/progettotouring.it\/radiotouring104\/2022\/12\/31\/villa-san-giovanni-cannizzaro-solidale-con-siclari\/#primaryimage\"},\"thumbnailUrl\":\"https:\/\/progettotouring.it\/radiotouring104\/wp-content\/uploads\/sites\/6\/2022\/08\/francesco-cannizzaro.jpg\",\"keywords\":[\"Daniele Siclari\",\"forza italia\",\"francesco cannizzaro\",\"villa san giovanni\"],\"articleSection\":[\"Home\",\"News\",\"Politica\",\"Reggio Calabria\"],\"inLanguage\":\"it-IT\",\"potentialAction\":[{\"@type\":\"CommentAction\",\"name\":\"Comment\",\"target\":[\"https:\/\/progettotouring.it\/radiotouring104\/2022\/12\/31\/villa-san-giovanni-cannizzaro-solidale-con-siclari\/#respond\"]}]},{\"@type\":\"WebPage\",\"@id\":\"https:\/\/progettotouring.it\/radiotouring104\/2022\/12\/31\/villa-san-giovanni-cannizzaro-solidale-con-siclari\/\",\"url\":\"https:\/\/progettotouring.it\/radiotouring104\/2022\/12\/31\/villa-san-giovanni-cannizzaro-solidale-con-siclari\/\",\"name\":\"Villa San Giovanni: Cannizzaro solidale con Siclari\",\"isPartOf\":{\"@id\":\"https:\/\/progettotouring.it\/radiotouring104\/#website\"},\"primaryImageOfPage\":{\"@id\":\"https:\/\/progettotouring.it\/radiotouring104\/2022\/12\/31\/villa-san-giovanni-cannizzaro-solidale-con-siclari\/#primaryimage\"},\"image\":{\"@id\":\"https:\/\/progettotouring.it\/radiotouring104\/2022\/12\/31\/villa-san-giovanni-cannizzaro-solidale-con-siclari\/#primaryimage\"},\"thumbnailUrl\":\"https:\/\/progettotouring.it\/radiotouring104\/wp-content\/uploads\/sites\/6\/2022\/08\/francesco-cannizzaro.jpg\",\"datePublished\":\"2022-12-31T11:48:57+00:00\",\"dateModified\":\"2022-12-31T15:32:16+00:00\",\"description\":\"L\u2019Onorevole Francesco Cannizzaro esprime la sua solidariet\u00e0 in forma pubblica nei confronti di Daniele Siclari\",\"breadcrumb\":{\"@id\":\"https:\/\/progettotouring.it\/radiotouring104\/2022\/12\/31\/villa-san-giovanni-cannizzaro-solidale-con-siclari\/#breadcrumb\"},\"inLanguage\":\"it-IT\",\"potentialAction\":[{\"@type\":\"ReadAction\",\"target\":[\"https:\/\/progettotouring.it\/radiotouring104\/2022\/12\/31\/villa-san-giovanni-cannizzaro-solidale-con-siclari\/\"]}]},{\"@type\":\"ImageObject\",\"inLanguage\":\"it-IT\",\"@id\":\"https:\/\/progettotouring.it\/radiotouring104\/2022\/12\/31\/villa-san-giovanni-cannizzaro-solidale-con-siclari\/#primaryimage\",\"url\":\"https:\/\/progettotouring.it\/radiotouring104\/wp-content\/uploads\/sites\/6\/2022\/08\/francesco-cannizzaro.jpg\",\"contentUrl\":\"https:\/\/progettotouring.it\/radiotouring104\/wp-content\/uploads\/sites\/6\/2022\/08\/francesco-cannizzaro.jpg\",\"width\":1920,\"height\":1080},{\"@type\":\"BreadcrumbList\",\"@id\":\"https:\/\/progettotouring.it\/radiotouring104\/2022\/12\/31\/villa-san-giovanni-cannizzaro-solidale-con-siclari\/#breadcrumb\",\"itemListElement\":[{\"@type\":\"ListItem\",\"position\":1,\"name\":\"Home\",\"item\":\"https:\/\/progettotouring.it\/radiotouring104\/\"},{\"@type\":\"ListItem\",\"position\":2,\"name\":\"Villa San Giovanni: Cannizzaro solidale con Siclari\"}]},{\"@type\":\"WebSite\",\"@id\":\"https:\/\/progettotouring.it\/radiotouring104\/#website\",\"url\":\"https:\/\/progettotouring.it\/radiotouring104\/\",\"name\":\"Radio Touring 104\",\"description\":\"La prima radio Reggina\",\"publisher\":{\"@id\":\"https:\/\/progettotouring.it\/radiotouring104\/#organization\"},\"potentialAction\":[{\"@type\":\"SearchAction\",\"target\":{\"@type\":\"EntryPoint\",\"urlTemplate\":\"https:\/\/progettotouring.it\/radiotouring104\/?s={search_term_string}\"},\"query-input\":{\"@type\":\"PropertyValueSpecification\",\"valueRequired\":true,\"valueName\":\"search_term_string\"}}],\"inLanguage\":\"it-IT\"},{\"@type\":\"Organization\",\"@id\":\"https:\/\/progettotouring.it\/radiotouring104\/#organization\",\"name\":\"Radio Touring 104\",\"url\":\"https:\/\/progettotouring.it\/radiotouring104\/\",\"logo\":{\"@type\":\"ImageObject\",\"inLanguage\":\"it-IT\",\"@id\":\"https:\/\/progettotouring.it\/radiotouring104\/#\/schema\/logo\/image\/\",\"url\":\"https:\/\/progettotouring.it\/radiotouring104\/wp-content\/uploads\/sites\/6\/2022\/02\/cropped-logo-radio-touring-104.png\",\"contentUrl\":\"https:\/\/progettotouring.it\/radiotouring104\/wp-content\/uploads\/sites\/6\/2022\/02\/cropped-logo-radio-touring-104.png\",\"width\":377,\"height\":182,\"caption\":\"Radio Touring 104\"},\"image\":{\"@id\":\"https:\/\/progettotouring.it\/radiotouring104\/#\/schema\/logo\/image\/\"}},{\"@type\":\"Person\",\"@id\":\"https:\/\/progettotouring.it\/radiotouring104\/#\/schema\/person\/4a82259ca52ac8702ad1a8f9e5a3120b\",\"name\":\"Filippo Francesco Idone\",\"image\":{\"@type\":\"ImageObject\",\"inLanguage\":\"it-IT\",\"@id\":\"https:\/\/secure.gravatar.com\/avatar\/7268715d2366395c3dd314385670e6484117d44f5c442e61e230f7008b7b62d3?s=96&d=mm&r=g\",\"url\":\"https:\/\/secure.gravatar.com\/avatar\/7268715d2366395c3dd314385670e6484117d44f5c442e61e230f7008b7b62d3?s=96&d=mm&r=g\",\"contentUrl\":\"https:\/\/secure.gravatar.com\/avatar\/7268715d2366395c3dd314385670e6484117d44f5c442e61e230f7008b7b62d3?s=96&d=mm&r=g\",\"caption\":\"Filippo Francesco Idone\"},\"url\":\"https:\/\/progettotouring.it\/radiotouring104\/author\/filippoidone\/\"}]}<\/script>\n<!-- \/ Yoast SEO plugin. -->","yoast_head_json":{"title":"Villa San Giovanni: Cannizzaro solidale con Siclari","description":"L\u2019Onorevole Francesco Cannizzaro esprime la sua solidariet\u00e0 in forma pubblica nei confronti di Daniele Siclari","robots":{"index":"index","follow":"follow","max-snippet":"max-snippet:-1","max-image-preview":"max-image-preview:large","max-video-preview":"max-video-preview:-1"},"canonical":"https:\/\/progettotouring.it\/radiotouring104\/2022\/12\/31\/villa-san-giovanni-cannizzaro-solidale-con-siclari\/","og_locale":"it_IT","og_type":"article","og_title":"Villa San Giovanni: Cannizzaro solidale con Siclari","og_description":"L\u2019Onorevole Francesco Cannizzaro esprime la sua solidariet\u00e0 in forma pubblica nei confronti di Daniele Siclari","og_url":"https:\/\/progettotouring.it\/radiotouring104\/2022\/12\/31\/villa-san-giovanni-cannizzaro-solidale-con-siclari\/","og_site_name":"Radio Touring 104","article_published_time":"2022-12-31T11:48:57+00:00","article_modified_time":"2022-12-31T15:32:16+00:00","og_image":[{"width":1920,"height":1080,"url":"https:\/\/progettotouring.it\/radiotouring104\/wp-content\/uploads\/sites\/6\/2022\/08\/francesco-cannizzaro.jpg","type":"image\/jpeg"}],"author":"Filippo Francesco Idone","twitter_card":"summary_large_image","twitter_misc":{"Scritto da":"Filippo Francesco Idone","Tempo di lettura stimato":"1 minuto"},"schema":{"@context":"https:\/\/schema.org","@graph":[{"@type":"Article","@id":"https:\/\/progettotouring.it\/radiotouring104\/2022\/12\/31\/villa-san-giovanni-cannizzaro-solidale-con-siclari\/#article","isPartOf":{"@id":"https:\/\/progettotouring.it\/radiotouring104\/2022\/12\/31\/villa-san-giovanni-cannizzaro-solidale-con-siclari\/"},"author":{"name":"Filippo Francesco Idone","@id":"https:\/\/progettotouring.it\/radiotouring104\/#\/schema\/person\/4a82259ca52ac8702ad1a8f9e5a3120b"},"headline":"Villa San Giovanni: Cannizzaro solidale con Siclari","datePublished":"2022-12-31T11:48:57+00:00","dateModified":"2022-12-31T15:32:16+00:00","mainEntityOfPage":{"@id":"https:\/\/progettotouring.it\/radiotouring104\/2022\/12\/31\/villa-san-giovanni-cannizzaro-solidale-con-siclari\/"},"wordCount":249,"commentCount":0,"publisher":{"@id":"https:\/\/progettotouring.it\/radiotouring104\/#organization"},"image":{"@id":"https:\/\/progettotouring.it\/radiotouring104\/2022\/12\/31\/villa-san-giovanni-cannizzaro-solidale-con-siclari\/#primaryimage"},"thumbnailUrl":"https:\/\/progettotouring.it\/radiotouring104\/wp-content\/uploads\/sites\/6\/2022\/08\/francesco-cannizzaro.jpg","keywords":["Daniele Siclari","forza italia","francesco cannizzaro","villa san giovanni"],"articleSection":["Home","News","Politica","Reggio Calabria"],"inLanguage":"it-IT","potentialAction":[{"@type":"CommentAction","name":"Comment","target":["https:\/\/progettotouring.it\/radiotouring104\/2022\/12\/31\/villa-san-giovanni-cannizzaro-solidale-con-siclari\/#respond"]}]},{"@type":"WebPage","@id":"https:\/\/progettotouring.it\/radiotouring104\/2022\/12\/31\/villa-san-giovanni-cannizzaro-solidale-con-siclari\/","url":"https:\/\/progettotouring.it\/radiotouring104\/2022\/12\/31\/villa-san-giovanni-cannizzaro-solidale-con-siclari\/","name":"Villa San Giovanni: Cannizzaro solidale con Siclari","isPartOf":{"@id":"https:\/\/progettotouring.it\/radiotouring104\/#website"},"primaryImageOfPage":{"@id":"https:\/\/progettotouring.it\/radiotouring104\/2022\/12\/31\/villa-san-giovanni-cannizzaro-solidale-con-siclari\/#primaryimage"},"image":{"@id":"https:\/\/progettotouring.it\/radiotouring104\/2022\/12\/31\/villa-san-giovanni-cannizzaro-solidale-con-siclari\/#primaryimage"},"thumbnailUrl":"https:\/\/progettotouring.it\/radiotouring104\/wp-content\/uploads\/sites\/6\/2022\/08\/francesco-cannizzaro.jpg","datePublished":"2022-12-31T11:48:57+00:00","dateModified":"2022-12-31T15:32:16+00:00","description":"L\u2019Onorevole Francesco Cannizzaro esprime la sua solidariet\u00e0 in forma pubblica nei confronti di Daniele Siclari","breadcrumb":{"@id":"https:\/\/progettotouring.it\/radiotouring104\/2022\/12\/31\/villa-san-giovanni-cannizzaro-solidale-con-siclari\/#breadcrumb"},"inLanguage":"it-IT","potentialAction":[{"@type":"ReadAction","target":["https:\/\/progettotouring.it\/radiotouring104\/2022\/12\/31\/villa-san-giovanni-cannizzaro-solidale-con-siclari\/"]}]},{"@type":"ImageObject","inLanguage":"it-IT","@id":"https:\/\/progettotouring.it\/radiotouring104\/2022\/12\/31\/villa-san-giovanni-cannizzaro-solidale-con-siclari\/#primaryimage","url":"https:\/\/progettotouring.it\/radiotouring104\/wp-content\/uploads\/sites\/6\/2022\/08\/francesco-cannizzaro.jpg","contentUrl":"https:\/\/progettotouring.it\/radiotouring104\/wp-content\/uploads\/sites\/6\/2022\/08\/francesco-cannizzaro.jpg","width":1920,"height":1080},{"@type":"BreadcrumbList","@id":"https:\/\/progettotouring.it\/radiotouring104\/2022\/12\/31\/villa-san-giovanni-cannizzaro-solidale-con-siclari\/#breadcrumb","itemListElement":[{"@type":"ListItem","position":1,"name":"Home","item":"https:\/\/progettotouring.it\/radiotouring104\/"},{"@type":"ListItem","position":2,"name":"Villa San Giovanni: Cannizzaro solidale con Siclari"}]},{"@type":"WebSite","@id":"https:\/\/progettotouring.it\/radiotouring104\/#website","url":"https:\/\/progettotouring.it\/radiotouring104\/","name":"Radio Touring 104","description":"La prima radio Reggina","publisher":{"@id":"https:\/\/progettotouring.it\/radiotouring104\/#organization"},"potentialAction":[{"@type":"SearchAction","target":{"@type":"EntryPoint","urlTemplate":"https:\/\/progettotouring.it\/radiotouring104\/?s={search_term_string}"},"query-input":{"@type":"PropertyValueSpecification","valueRequired":true,"valueName":"search_term_string"}}],"inLanguage":"it-IT"},{"@type":"Organization","@id":"https:\/\/progettotouring.it\/radiotouring104\/#organization","name":"Radio Touring 104","url":"https:\/\/progettotouring.it\/radiotouring104\/","logo":{"@type":"ImageObject","inLanguage":"it-IT","@id":"https:\/\/progettotouring.it\/radiotouring104\/#\/schema\/logo\/image\/","url":"https:\/\/progettotouring.it\/radiotouring104\/wp-content\/uploads\/sites\/6\/2022\/02\/cropped-logo-radio-touring-104.png","contentUrl":"https:\/\/progettotouring.it\/radiotouring104\/wp-content\/uploads\/sites\/6\/2022\/02\/cropped-logo-radio-touring-104.png","width":377,"height":182,"caption":"Radio Touring 104"},"image":{"@id":"https:\/\/progettotouring.it\/radiotouring104\/#\/schema\/logo\/image\/"}},{"@type":"Person","@id":"https:\/\/progettotouring.it\/radiotouring104\/#\/schema\/person\/4a82259ca52ac8702ad1a8f9e5a3120b","name":"Filippo Francesco Idone","image":{"@type":"ImageObject","inLanguage":"it-IT","@id":"https:\/\/secure.gravatar.com\/avatar\/7268715d2366395c3dd314385670e6484117d44f5c442e61e230f7008b7b62d3?s=96&d=mm&r=g","url":"https:\/\/secure.gravatar.com\/avatar\/7268715d2366395c3dd314385670e6484117d44f5c442e61e230f7008b7b62d3?s=96&d=mm&r=g","contentUrl":"https:\/\/secure.gravatar.com\/avatar\/7268715d2366395c3dd314385670e6484117d44f5c442e61e230f7008b7b62d3?s=96&d=mm&r=g","caption":"Filippo Francesco Idone"},"url":"https:\/\/progettotouring.it\/radiotouring104\/author\/filippoidone\/"}]}},"jetpack_publicize_connections":[],"jetpack_featured_media_url":"https:\/\/progettotouring.it\/radiotouring104\/wp-content\/uploads\/sites\/6\/2022\/08\/francesco-cannizzaro.jpg","jetpack_sharing_enabled":true,"_links":{"self":[{"href":"https:\/\/progettotouring.it\/radiotouring104\/wp-json\/wp\/v2\/posts\/15930","targetHints":{"allow":["GET"]}}],"collection":[{"href":"https:\/\/progettotouring.it\/radiotouring104\/wp-json\/wp\/v2\/posts"}],"about":[{"href":"https:\/\/progettotouring.it\/radiotouring104\/wp-json\/wp\/v2\/types\/post"}],"author":[{"embeddable":true,"href":"https:\/\/progettotouring.it\/radiotouring104\/wp-json\/wp\/v2\/users\/8"}],"replies":[{"embeddable":true,"href":"https:\/\/progettotouring.it\/radiotouring104\/wp-json\/wp\/v2\/comments?post=15930"}],"version-history":[{"count":1,"href":"https:\/\/progettotouring.it\/radiotouring104\/wp-json\/wp\/v2\/posts\/15930\/revisions"}],"predecessor-version":[{"id":15931,"href":"https:\/\/progettotouring.it\/radiotouring104\/wp-json\/wp\/v2\/posts\/15930\/revisions\/15931"}],"wp:featuredmedia":[{"embeddable":true,"href":"https:\/\/progettotouring.it\/radiotouring104\/wp-json\/wp\/v2\/media\/9153"}],"wp:attachment":[{"href":"https:\/\/progettotouring.it\/radiotouring104\/wp-json\/wp\/v2\/media?parent=15930"}],"wp:term":[{"taxonomy":"category","embeddable":true,"href":"https:\/\/progettotouring.it\/radiotouring104\/wp-json\/wp\/v2\/categories?post=15930"},{"taxonomy":"post_tag","embeddable":true,"href":"https:\/\/progettotouring.it\/radiotouring104\/wp-json\/wp\/v2\/tags?post=15930"}],"curies":[{"name":"wp","href":"https:\/\/api.w.org\/{rel}","templated":true}]}}