{"id":15932,"date":"2022-12-31T13:42:36","date_gmt":"2022-12-31T12:42:36","guid":{"rendered":"https:\/\/progettotouring.it\/radiotouring104\/?p=15932"},"modified":"2022-12-31T16:35:44","modified_gmt":"2022-12-31T15:35:44","slug":"coldiretti-calabria-consegnata-una-statuetta-a-mons-attilio-nostro","status":"publish","type":"post","link":"https:\/\/progettotouring.it\/radiotouring104\/2022\/12\/31\/coldiretti-calabria-consegnata-una-statuetta-a-mons-attilio-nostro\/","title":{"rendered":"Coldiretti Calabria: consegnata una statuetta a Mons.\u00a0Attilio\u00a0Nostro"},"content":{"rendered":"<p style=\"text-align: justify\">Delegazioni della <strong>Coldiretti Calabria<\/strong> e della Confartigianato guidate dall\u2019assistente ecclesiastico don Fabio De Santis hanno consegnato a\u00a0<b>mons.\u00a0Attilio\u00a0<em>Nostro<\/em><\/b> vescovo di Mileto-Nicotera-Tropea e a\u00a0<b>mons.<\/b>\u00a0<b>Leonardo Bonanno<\/b>\u00a0vescovo emerito e attuale\u00a0 amministratore apostolico di San Marco Argentano-Scalea la statuina\u00a0\u00a0per presepe 2022 che rappresenta la \u201cflorovivaista\u201d. \u00c8 stata scelta una figura simbolo delle imprese impegnate nella cura e nella tutela della biodiversit\u00e0, della bellezza del creato e dei luoghi; un messaggio, in linea con la \u201cLaudato S\u00ec\u201d di Papa Francesco sulla a necessit\u00e0 di prendersi cura della natura, delle persone e del futuro delle nuove generazioni. La statuina \u00e8 anche simbolo dell\u2019artigianato artistico.\u00a0Questi momenti sono stati l\u2019occasione per riflettere insieme sul modo di occuparsi della comunit\u00e0 e dell\u2019ambiente, presentando agricoltori e artigiani come protagonisti di un modello di economia integrale e di sostenibilit\u00e0 sociale. La florovivaista \u00e8 stata individuata come simbolo della sostenibilit\u00e0 espressa da agricoltura e artigianato che sono ben radicati nei territori di appartenenza dove intrattengono rapporti e relazioni di scambio cruciali per il benessere delle comunit\u00e0 locali. L\u2019iniziativa portata avanti in tutte le diocesi \u00e8 promossa sotto l\u2019egida del Manifesto di Assisi da Fondazione Symbola, Confartigianato e Coldiretti e vuole portare un importante contributo alla diffusione della forza, straordinariamente attuale, di questa narrazione gentile. Il Presepe \u00e8 infatti la rappresentazione della nascita di Ges\u00f9 e il racconto della vita di tutti i giorni e della multiforme dimensione del Creato attraverso i suoi personaggi.<\/p>\n","protected":false},"excerpt":{"rendered":"<p>Delegazioni della Coldiretti Calabria e della Confartigianato guidate dall\u2019assistente ecclesiastico don Fabio De Santis hanno consegnato a\u00a0mons.\u00a0Attilio\u00a0Nostro vescovo di Mileto-Nicotera-Tropea e a\u00a0mons.\u00a0Leonardo Bonanno\u00a0vescovo emerito e attuale\u00a0 amministratore apostolico di San&hellip;<\/p>\n","protected":false},"author":8,"featured_media":15933,"comment_status":"open","ping_status":"open","sticky":false,"template":"","format":"standard","meta":{"_jetpack_memberships_contains_paid_content":false,"footnotes":"","jetpack_publicize_message":"","jetpack_publicize_feature_enabled":true,"jetpack_social_post_already_shared":false,"jetpack_social_options":{"image_generator_settings":{"template":"highway","default_image_id":0,"font":"","enabled":false},"version":2}},"categories":[145,921,196],"tags":[7933,554,7935,7934],"class_list":["post-15932","post","type-post","status-publish","format-standard","has-post-thumbnail","hentry","category-cultura","category-home","category-news","tag-attilio-nostro","tag-coldiretti","tag-presepe","tag-statuetta"],"yoast_head":"<!-- This site is optimized with the Yoast SEO plugin v27.2 - https:\/\/yoast.com\/product\/yoast-seo-wordpress\/ -->\n<title>Coldiretti Calabria: consegnata una statuetta a Mons.\u00a0Attilio\u00a0Nostro<\/title>\n<meta name=\"description\" content=\"La delegazione della Coldiretti Calabria e della Confartigianato la statuina\u00a0per il presepe 2022 a Mons.\u00a0Attilio\u00a0Nostro\" \/>\n<meta name=\"robots\" content=\"index, follow, max-snippet:-1, max-image-preview:large, max-video-preview:-1\" \/>\n<link rel=\"canonical\" href=\"https:\/\/progettotouring.it\/radiotouring104\/2022\/12\/31\/coldiretti-calabria-consegnata-una-statuetta-a-mons-attilio-nostro\/\" \/>\n<meta property=\"og:locale\" content=\"it_IT\" \/>\n<meta property=\"og:type\" content=\"article\" \/>\n<meta property=\"og:title\" content=\"Coldiretti Calabria: consegnata una statuetta a Mons.\u00a0Attilio\u00a0Nostro\" \/>\n<meta property=\"og:description\" content=\"La delegazione della Coldiretti Calabria e della Confartigianato la statuina\u00a0per il presepe 2022 a Mons.\u00a0Attilio\u00a0Nostro\" \/>\n<meta property=\"og:url\" content=\"https:\/\/progettotouring.it\/radiotouring104\/2022\/12\/31\/coldiretti-calabria-consegnata-una-statuetta-a-mons-attilio-nostro\/\" \/>\n<meta property=\"og:site_name\" content=\"Radio Touring 104\" \/>\n<meta property=\"article:published_time\" content=\"2022-12-31T12:42:36+00:00\" \/>\n<meta property=\"article:modified_time\" content=\"2022-12-31T15:35:44+00:00\" \/>\n<meta property=\"og:image\" content=\"https:\/\/progettotouring.it\/radiotouring104\/wp-content\/uploads\/sites\/6\/2022\/12\/La-Consegna-a-mons.-Attilio-Nostro.jpg\" \/>\n\t<meta property=\"og:image:width\" content=\"1453\" \/>\n\t<meta property=\"og:image:height\" content=\"955\" \/>\n\t<meta property=\"og:image:type\" content=\"image\/jpeg\" \/>\n<meta name=\"author\" content=\"Filippo Francesco Idone\" \/>\n<meta name=\"twitter:card\" content=\"summary_large_image\" \/>\n<meta name=\"twitter:label1\" content=\"Scritto da\" \/>\n\t<meta name=\"twitter:data1\" content=\"Filippo Francesco Idone\" \/>\n\t<meta name=\"twitter:label2\" content=\"Tempo di lettura stimato\" \/>\n\t<meta name=\"twitter:data2\" content=\"1 minuto\" \/>\n<script type=\"application\/ld+json\" class=\"yoast-schema-graph\">{\"@context\":\"https:\/\/schema.org\",\"@graph\":[{\"@type\":\"Article\",\"@id\":\"https:\/\/progettotouring.it\/radiotouring104\/2022\/12\/31\/coldiretti-calabria-consegnata-una-statuetta-a-mons-attilio-nostro\/#article\",\"isPartOf\":{\"@id\":\"https:\/\/progettotouring.it\/radiotouring104\/2022\/12\/31\/coldiretti-calabria-consegnata-una-statuetta-a-mons-attilio-nostro\/\"},\"author\":{\"name\":\"Filippo Francesco Idone\",\"@id\":\"https:\/\/progettotouring.it\/radiotouring104\/#\/schema\/person\/4a82259ca52ac8702ad1a8f9e5a3120b\"},\"headline\":\"Coldiretti Calabria: consegnata una statuetta a Mons.\u00a0Attilio\u00a0Nostro\",\"datePublished\":\"2022-12-31T12:42:36+00:00\",\"dateModified\":\"2022-12-31T15:35:44+00:00\",\"mainEntityOfPage\":{\"@id\":\"https:\/\/progettotouring.it\/radiotouring104\/2022\/12\/31\/coldiretti-calabria-consegnata-una-statuetta-a-mons-attilio-nostro\/\"},\"wordCount\":247,\"commentCount\":0,\"publisher\":{\"@id\":\"https:\/\/progettotouring.it\/radiotouring104\/#organization\"},\"image\":{\"@id\":\"https:\/\/progettotouring.it\/radiotouring104\/2022\/12\/31\/coldiretti-calabria-consegnata-una-statuetta-a-mons-attilio-nostro\/#primaryimage\"},\"thumbnailUrl\":\"https:\/\/progettotouring.it\/radiotouring104\/wp-content\/uploads\/sites\/6\/2022\/12\/La-Consegna-a-mons.-Attilio-Nostro.jpg\",\"keywords\":[\"attilio nostro\",\"Coldiretti\",\"presepe\",\"statuetta\"],\"articleSection\":[\"Cultura\",\"Home\",\"News\"],\"inLanguage\":\"it-IT\",\"potentialAction\":[{\"@type\":\"CommentAction\",\"name\":\"Comment\",\"target\":[\"https:\/\/progettotouring.it\/radiotouring104\/2022\/12\/31\/coldiretti-calabria-consegnata-una-statuetta-a-mons-attilio-nostro\/#respond\"]}]},{\"@type\":\"WebPage\",\"@id\":\"https:\/\/progettotouring.it\/radiotouring104\/2022\/12\/31\/coldiretti-calabria-consegnata-una-statuetta-a-mons-attilio-nostro\/\",\"url\":\"https:\/\/progettotouring.it\/radiotouring104\/2022\/12\/31\/coldiretti-calabria-consegnata-una-statuetta-a-mons-attilio-nostro\/\",\"name\":\"Coldiretti Calabria: consegnata una statuetta a Mons.\u00a0Attilio\u00a0Nostro\",\"isPartOf\":{\"@id\":\"https:\/\/progettotouring.it\/radiotouring104\/#website\"},\"primaryImageOfPage\":{\"@id\":\"https:\/\/progettotouring.it\/radiotouring104\/2022\/12\/31\/coldiretti-calabria-consegnata-una-statuetta-a-mons-attilio-nostro\/#primaryimage\"},\"image\":{\"@id\":\"https:\/\/progettotouring.it\/radiotouring104\/2022\/12\/31\/coldiretti-calabria-consegnata-una-statuetta-a-mons-attilio-nostro\/#primaryimage\"},\"thumbnailUrl\":\"https:\/\/progettotouring.it\/radiotouring104\/wp-content\/uploads\/sites\/6\/2022\/12\/La-Consegna-a-mons.-Attilio-Nostro.jpg\",\"datePublished\":\"2022-12-31T12:42:36+00:00\",\"dateModified\":\"2022-12-31T15:35:44+00:00\",\"description\":\"La delegazione della Coldiretti Calabria e della Confartigianato la statuina\u00a0per il presepe 2022 a Mons.\u00a0Attilio\u00a0Nostro\",\"breadcrumb\":{\"@id\":\"https:\/\/progettotouring.it\/radiotouring104\/2022\/12\/31\/coldiretti-calabria-consegnata-una-statuetta-a-mons-attilio-nostro\/#breadcrumb\"},\"inLanguage\":\"it-IT\",\"potentialAction\":[{\"@type\":\"ReadAction\",\"target\":[\"https:\/\/progettotouring.it\/radiotouring104\/2022\/12\/31\/coldiretti-calabria-consegnata-una-statuetta-a-mons-attilio-nostro\/\"]}]},{\"@type\":\"ImageObject\",\"inLanguage\":\"it-IT\",\"@id\":\"https:\/\/progettotouring.it\/radiotouring104\/2022\/12\/31\/coldiretti-calabria-consegnata-una-statuetta-a-mons-attilio-nostro\/#primaryimage\",\"url\":\"https:\/\/progettotouring.it\/radiotouring104\/wp-content\/uploads\/sites\/6\/2022\/12\/La-Consegna-a-mons.-Attilio-Nostro.jpg\",\"contentUrl\":\"https:\/\/progettotouring.it\/radiotouring104\/wp-content\/uploads\/sites\/6\/2022\/12\/La-Consegna-a-mons.-Attilio-Nostro.jpg\",\"width\":1453,\"height\":955},{\"@type\":\"BreadcrumbList\",\"@id\":\"https:\/\/progettotouring.it\/radiotouring104\/2022\/12\/31\/coldiretti-calabria-consegnata-una-statuetta-a-mons-attilio-nostro\/#breadcrumb\",\"itemListElement\":[{\"@type\":\"ListItem\",\"position\":1,\"name\":\"Home\",\"item\":\"https:\/\/progettotouring.it\/radiotouring104\/\"},{\"@type\":\"ListItem\",\"position\":2,\"name\":\"Coldiretti Calabria: consegnata una statuetta a Mons.\u00a0Attilio\u00a0Nostro\"}]},{\"@type\":\"WebSite\",\"@id\":\"https:\/\/progettotouring.it\/radiotouring104\/#website\",\"url\":\"https:\/\/progettotouring.it\/radiotouring104\/\",\"name\":\"Radio Touring 104\",\"description\":\"La prima radio Reggina\",\"publisher\":{\"@id\":\"https:\/\/progettotouring.it\/radiotouring104\/#organization\"},\"potentialAction\":[{\"@type\":\"SearchAction\",\"target\":{\"@type\":\"EntryPoint\",\"urlTemplate\":\"https:\/\/progettotouring.it\/radiotouring104\/?s={search_term_string}\"},\"query-input\":{\"@type\":\"PropertyValueSpecification\",\"valueRequired\":true,\"valueName\":\"search_term_string\"}}],\"inLanguage\":\"it-IT\"},{\"@type\":\"Organization\",\"@id\":\"https:\/\/progettotouring.it\/radiotouring104\/#organization\",\"name\":\"Radio Touring 104\",\"url\":\"https:\/\/progettotouring.it\/radiotouring104\/\",\"logo\":{\"@type\":\"ImageObject\",\"inLanguage\":\"it-IT\",\"@id\":\"https:\/\/progettotouring.it\/radiotouring104\/#\/schema\/logo\/image\/\",\"url\":\"https:\/\/progettotouring.it\/radiotouring104\/wp-content\/uploads\/sites\/6\/2022\/02\/cropped-logo-radio-touring-104.png\",\"contentUrl\":\"https:\/\/progettotouring.it\/radiotouring104\/wp-content\/uploads\/sites\/6\/2022\/02\/cropped-logo-radio-touring-104.png\",\"width\":377,\"height\":182,\"caption\":\"Radio Touring 104\"},\"image\":{\"@id\":\"https:\/\/progettotouring.it\/radiotouring104\/#\/schema\/logo\/image\/\"}},{\"@type\":\"Person\",\"@id\":\"https:\/\/progettotouring.it\/radiotouring104\/#\/schema\/person\/4a82259ca52ac8702ad1a8f9e5a3120b\",\"name\":\"Filippo Francesco Idone\",\"image\":{\"@type\":\"ImageObject\",\"inLanguage\":\"it-IT\",\"@id\":\"https:\/\/secure.gravatar.com\/avatar\/7268715d2366395c3dd314385670e6484117d44f5c442e61e230f7008b7b62d3?s=96&d=mm&r=g\",\"url\":\"https:\/\/secure.gravatar.com\/avatar\/7268715d2366395c3dd314385670e6484117d44f5c442e61e230f7008b7b62d3?s=96&d=mm&r=g\",\"contentUrl\":\"https:\/\/secure.gravatar.com\/avatar\/7268715d2366395c3dd314385670e6484117d44f5c442e61e230f7008b7b62d3?s=96&d=mm&r=g\",\"caption\":\"Filippo Francesco Idone\"},\"url\":\"https:\/\/progettotouring.it\/radiotouring104\/author\/filippoidone\/\"}]}<\/script>\n<!-- \/ Yoast SEO plugin. -->","yoast_head_json":{"title":"Coldiretti Calabria: consegnata una statuetta a Mons.\u00a0Attilio\u00a0Nostro","description":"La delegazione della Coldiretti Calabria e della Confartigianato la statuina\u00a0per il presepe 2022 a Mons.\u00a0Attilio\u00a0Nostro","robots":{"index":"index","follow":"follow","max-snippet":"max-snippet:-1","max-image-preview":"max-image-preview:large","max-video-preview":"max-video-preview:-1"},"canonical":"https:\/\/progettotouring.it\/radiotouring104\/2022\/12\/31\/coldiretti-calabria-consegnata-una-statuetta-a-mons-attilio-nostro\/","og_locale":"it_IT","og_type":"article","og_title":"Coldiretti Calabria: consegnata una statuetta a Mons.\u00a0Attilio\u00a0Nostro","og_description":"La delegazione della Coldiretti Calabria e della Confartigianato la statuina\u00a0per il presepe 2022 a Mons.\u00a0Attilio\u00a0Nostro","og_url":"https:\/\/progettotouring.it\/radiotouring104\/2022\/12\/31\/coldiretti-calabria-consegnata-una-statuetta-a-mons-attilio-nostro\/","og_site_name":"Radio Touring 104","article_published_time":"2022-12-31T12:42:36+00:00","article_modified_time":"2022-12-31T15:35:44+00:00","og_image":[{"width":1453,"height":955,"url":"https:\/\/progettotouring.it\/radiotouring104\/wp-content\/uploads\/sites\/6\/2022\/12\/La-Consegna-a-mons.-Attilio-Nostro.jpg","type":"image\/jpeg"}],"author":"Filippo Francesco Idone","twitter_card":"summary_large_image","twitter_misc":{"Scritto da":"Filippo Francesco Idone","Tempo di lettura stimato":"1 minuto"},"schema":{"@context":"https:\/\/schema.org","@graph":[{"@type":"Article","@id":"https:\/\/progettotouring.it\/radiotouring104\/2022\/12\/31\/coldiretti-calabria-consegnata-una-statuetta-a-mons-attilio-nostro\/#article","isPartOf":{"@id":"https:\/\/progettotouring.it\/radiotouring104\/2022\/12\/31\/coldiretti-calabria-consegnata-una-statuetta-a-mons-attilio-nostro\/"},"author":{"name":"Filippo Francesco Idone","@id":"https:\/\/progettotouring.it\/radiotouring104\/#\/schema\/person\/4a82259ca52ac8702ad1a8f9e5a3120b"},"headline":"Coldiretti Calabria: consegnata una statuetta a Mons.\u00a0Attilio\u00a0Nostro","datePublished":"2022-12-31T12:42:36+00:00","dateModified":"2022-12-31T15:35:44+00:00","mainEntityOfPage":{"@id":"https:\/\/progettotouring.it\/radiotouring104\/2022\/12\/31\/coldiretti-calabria-consegnata-una-statuetta-a-mons-attilio-nostro\/"},"wordCount":247,"commentCount":0,"publisher":{"@id":"https:\/\/progettotouring.it\/radiotouring104\/#organization"},"image":{"@id":"https:\/\/progettotouring.it\/radiotouring104\/2022\/12\/31\/coldiretti-calabria-consegnata-una-statuetta-a-mons-attilio-nostro\/#primaryimage"},"thumbnailUrl":"https:\/\/progettotouring.it\/radiotouring104\/wp-content\/uploads\/sites\/6\/2022\/12\/La-Consegna-a-mons.-Attilio-Nostro.jpg","keywords":["attilio nostro","Coldiretti","presepe","statuetta"],"articleSection":["Cultura","Home","News"],"inLanguage":"it-IT","potentialAction":[{"@type":"CommentAction","name":"Comment","target":["https:\/\/progettotouring.it\/radiotouring104\/2022\/12\/31\/coldiretti-calabria-consegnata-una-statuetta-a-mons-attilio-nostro\/#respond"]}]},{"@type":"WebPage","@id":"https:\/\/progettotouring.it\/radiotouring104\/2022\/12\/31\/coldiretti-calabria-consegnata-una-statuetta-a-mons-attilio-nostro\/","url":"https:\/\/progettotouring.it\/radiotouring104\/2022\/12\/31\/coldiretti-calabria-consegnata-una-statuetta-a-mons-attilio-nostro\/","name":"Coldiretti Calabria: consegnata una statuetta a Mons.\u00a0Attilio\u00a0Nostro","isPartOf":{"@id":"https:\/\/progettotouring.it\/radiotouring104\/#website"},"primaryImageOfPage":{"@id":"https:\/\/progettotouring.it\/radiotouring104\/2022\/12\/31\/coldiretti-calabria-consegnata-una-statuetta-a-mons-attilio-nostro\/#primaryimage"},"image":{"@id":"https:\/\/progettotouring.it\/radiotouring104\/2022\/12\/31\/coldiretti-calabria-consegnata-una-statuetta-a-mons-attilio-nostro\/#primaryimage"},"thumbnailUrl":"https:\/\/progettotouring.it\/radiotouring104\/wp-content\/uploads\/sites\/6\/2022\/12\/La-Consegna-a-mons.-Attilio-Nostro.jpg","datePublished":"2022-12-31T12:42:36+00:00","dateModified":"2022-12-31T15:35:44+00:00","description":"La delegazione della Coldiretti Calabria e della Confartigianato la statuina\u00a0per il presepe 2022 a Mons.\u00a0Attilio\u00a0Nostro","breadcrumb":{"@id":"https:\/\/progettotouring.it\/radiotouring104\/2022\/12\/31\/coldiretti-calabria-consegnata-una-statuetta-a-mons-attilio-nostro\/#breadcrumb"},"inLanguage":"it-IT","potentialAction":[{"@type":"ReadAction","target":["https:\/\/progettotouring.it\/radiotouring104\/2022\/12\/31\/coldiretti-calabria-consegnata-una-statuetta-a-mons-attilio-nostro\/"]}]},{"@type":"ImageObject","inLanguage":"it-IT","@id":"https:\/\/progettotouring.it\/radiotouring104\/2022\/12\/31\/coldiretti-calabria-consegnata-una-statuetta-a-mons-attilio-nostro\/#primaryimage","url":"https:\/\/progettotouring.it\/radiotouring104\/wp-content\/uploads\/sites\/6\/2022\/12\/La-Consegna-a-mons.-Attilio-Nostro.jpg","contentUrl":"https:\/\/progettotouring.it\/radiotouring104\/wp-content\/uploads\/sites\/6\/2022\/12\/La-Consegna-a-mons.-Attilio-Nostro.jpg","width":1453,"height":955},{"@type":"BreadcrumbList","@id":"https:\/\/progettotouring.it\/radiotouring104\/2022\/12\/31\/coldiretti-calabria-consegnata-una-statuetta-a-mons-attilio-nostro\/#breadcrumb","itemListElement":[{"@type":"ListItem","position":1,"name":"Home","item":"https:\/\/progettotouring.it\/radiotouring104\/"},{"@type":"ListItem","position":2,"name":"Coldiretti Calabria: consegnata una statuetta a Mons.\u00a0Attilio\u00a0Nostro"}]},{"@type":"WebSite","@id":"https:\/\/progettotouring.it\/radiotouring104\/#website","url":"https:\/\/progettotouring.it\/radiotouring104\/","name":"Radio Touring 104","description":"La prima radio Reggina","publisher":{"@id":"https:\/\/progettotouring.it\/radiotouring104\/#organization"},"potentialAction":[{"@type":"SearchAction","target":{"@type":"EntryPoint","urlTemplate":"https:\/\/progettotouring.it\/radiotouring104\/?s={search_term_string}"},"query-input":{"@type":"PropertyValueSpecification","valueRequired":true,"valueName":"search_term_string"}}],"inLanguage":"it-IT"},{"@type":"Organization","@id":"https:\/\/progettotouring.it\/radiotouring104\/#organization","name":"Radio Touring 104","url":"https:\/\/progettotouring.it\/radiotouring104\/","logo":{"@type":"ImageObject","inLanguage":"it-IT","@id":"https:\/\/progettotouring.it\/radiotouring104\/#\/schema\/logo\/image\/","url":"https:\/\/progettotouring.it\/radiotouring104\/wp-content\/uploads\/sites\/6\/2022\/02\/cropped-logo-radio-touring-104.png","contentUrl":"https:\/\/progettotouring.it\/radiotouring104\/wp-content\/uploads\/sites\/6\/2022\/02\/cropped-logo-radio-touring-104.png","width":377,"height":182,"caption":"Radio Touring 104"},"image":{"@id":"https:\/\/progettotouring.it\/radiotouring104\/#\/schema\/logo\/image\/"}},{"@type":"Person","@id":"https:\/\/progettotouring.it\/radiotouring104\/#\/schema\/person\/4a82259ca52ac8702ad1a8f9e5a3120b","name":"Filippo Francesco Idone","image":{"@type":"ImageObject","inLanguage":"it-IT","@id":"https:\/\/secure.gravatar.com\/avatar\/7268715d2366395c3dd314385670e6484117d44f5c442e61e230f7008b7b62d3?s=96&d=mm&r=g","url":"https:\/\/secure.gravatar.com\/avatar\/7268715d2366395c3dd314385670e6484117d44f5c442e61e230f7008b7b62d3?s=96&d=mm&r=g","contentUrl":"https:\/\/secure.gravatar.com\/avatar\/7268715d2366395c3dd314385670e6484117d44f5c442e61e230f7008b7b62d3?s=96&d=mm&r=g","caption":"Filippo Francesco Idone"},"url":"https:\/\/progettotouring.it\/radiotouring104\/author\/filippoidone\/"}]}},"jetpack_publicize_connections":[],"jetpack_featured_media_url":"https:\/\/progettotouring.it\/radiotouring104\/wp-content\/uploads\/sites\/6\/2022\/12\/La-Consegna-a-mons.-Attilio-Nostro.jpg","jetpack_sharing_enabled":true,"_links":{"self":[{"href":"https:\/\/progettotouring.it\/radiotouring104\/wp-json\/wp\/v2\/posts\/15932","targetHints":{"allow":["GET"]}}],"collection":[{"href":"https:\/\/progettotouring.it\/radiotouring104\/wp-json\/wp\/v2\/posts"}],"about":[{"href":"https:\/\/progettotouring.it\/radiotouring104\/wp-json\/wp\/v2\/types\/post"}],"author":[{"embeddable":true,"href":"https:\/\/progettotouring.it\/radiotouring104\/wp-json\/wp\/v2\/users\/8"}],"replies":[{"embeddable":true,"href":"https:\/\/progettotouring.it\/radiotouring104\/wp-json\/wp\/v2\/comments?post=15932"}],"version-history":[{"count":1,"href":"https:\/\/progettotouring.it\/radiotouring104\/wp-json\/wp\/v2\/posts\/15932\/revisions"}],"predecessor-version":[{"id":15934,"href":"https:\/\/progettotouring.it\/radiotouring104\/wp-json\/wp\/v2\/posts\/15932\/revisions\/15934"}],"wp:featuredmedia":[{"embeddable":true,"href":"https:\/\/progettotouring.it\/radiotouring104\/wp-json\/wp\/v2\/media\/15933"}],"wp:attachment":[{"href":"https:\/\/progettotouring.it\/radiotouring104\/wp-json\/wp\/v2\/media?parent=15932"}],"wp:term":[{"taxonomy":"category","embeddable":true,"href":"https:\/\/progettotouring.it\/radiotouring104\/wp-json\/wp\/v2\/categories?post=15932"},{"taxonomy":"post_tag","embeddable":true,"href":"https:\/\/progettotouring.it\/radiotouring104\/wp-json\/wp\/v2\/tags?post=15932"}],"curies":[{"name":"wp","href":"https:\/\/api.w.org\/{rel}","templated":true}]}}