{"id":15935,"date":"2022-12-31T13:45:58","date_gmt":"2022-12-31T12:45:58","guid":{"rendered":"https:\/\/progettotouring.it\/radiotouring104\/?p=15935"},"modified":"2022-12-31T16:41:44","modified_gmt":"2022-12-31T15:41:44","slug":"villa-san-giovanni-de-marco-sostiene-siclari","status":"publish","type":"post","link":"https:\/\/progettotouring.it\/radiotouring104\/2022\/12\/31\/villa-san-giovanni-de-marco-sostiene-siclari\/","title":{"rendered":"Villa San Giovanni: De Marco sostiene Siclari"},"content":{"rendered":"<p style=\"text-align: justify\"><em><strong>\u201cDaniele Siclari<\/strong> ha le spalle larghe e la tranquillit\u00e0 di chi sa di non aver mai fatto male a nessuno. Come se non bastasse, sa benissimo che al suo fianco c\u2019\u00e8 il Coordinamento provinciale di <strong>Forza Italia,<\/strong> ci siamo tutti noi del Gruppo azzurro <strong>villese<\/strong>, c\u2019\u00e8 tutta la nostra Comunit\u00e0. Perch\u00e9 Daniele sa farsi apprezzare a prescindere dagli schieramenti politici, per la persona che \u00e8. Siamo con lui, ora pi\u00f9 di prima!\u201d. <\/em>Lo afferma in una nota stampa il Vice Coordinatore Vicario di <strong>Forza Italia Villa San Giovanni,<\/strong> Domenico De Marco, esprimendo tutta la compattezza del Direttivo azzurro e della Comunit\u00e0 <strong>villese<\/strong> attorno al Coordinatore comunale, <strong>Daniele Siclari,<\/strong> divenuto bersaglio di una vile intimidazione. <em>\u201cUn episodio ignobile, che si racconta da s\u00e9, non ha bisogno di ulteriori commenti. <strong>Ci\u00f2 che ci preme far emergere come gruppo comunale \u00e8 che l\u2019attivit\u00e0 di Daniele Siclari,<\/strong> e quindi quella di ognuno di noi, non \u00e8 minimamente condizionabile. L\u2019attivit\u00e0 che stiamo svolgendo come persone e come partito \u00e8 stata, \u00e8 e sar\u00e0 sempre improntata all\u2019interesse della collettivit\u00e0 e continueremo a fare il nostro lavoro, a testa alta, con determinazione, senza abbassare la guardia.\u201d.<\/em><\/p>\n","protected":false},"excerpt":{"rendered":"<p>\u201cDaniele Siclari ha le spalle larghe e la tranquillit\u00e0 di chi sa di non aver mai fatto male a nessuno. Come se non bastasse, sa benissimo che al suo fianco&hellip;<\/p>\n","protected":false},"author":8,"featured_media":15936,"comment_status":"open","ping_status":"open","sticky":false,"template":"","format":"standard","meta":{"_jetpack_memberships_contains_paid_content":false,"footnotes":"","jetpack_publicize_message":"","jetpack_publicize_feature_enabled":true,"jetpack_social_post_already_shared":false,"jetpack_social_options":{"image_generator_settings":{"template":"highway","default_image_id":0,"font":"","enabled":false},"version":2}},"categories":[921,196,195,140],"tags":[7936,7937,364],"class_list":["post-15935","post","type-post","status-publish","format-standard","has-post-thumbnail","hentry","category-home","category-news","category-politica","category-reggio-calabria","tag-de-marco","tag-siclari","tag-villa-san-giovanni"],"yoast_head":"<!-- This site is optimized with the Yoast SEO plugin v27.2 - https:\/\/yoast.com\/product\/yoast-seo-wordpress\/ -->\n<title>Villa San Giovanni: De Marco sostiene Siclari<\/title>\n<meta name=\"description\" content=\"Il Vice Coordinatore Vicario di Forza Italia Villa San Giovanni, Domenico De Marco, solidale dopo l&#039;intimidazione a Siclari\" \/>\n<meta name=\"robots\" content=\"index, follow, max-snippet:-1, max-image-preview:large, max-video-preview:-1\" \/>\n<link rel=\"canonical\" href=\"https:\/\/progettotouring.it\/radiotouring104\/2022\/12\/31\/villa-san-giovanni-de-marco-sostiene-siclari\/\" \/>\n<meta property=\"og:locale\" content=\"it_IT\" \/>\n<meta property=\"og:type\" content=\"article\" \/>\n<meta property=\"og:title\" content=\"Villa San Giovanni: De Marco sostiene Siclari\" \/>\n<meta property=\"og:description\" content=\"Il Vice Coordinatore Vicario di Forza Italia Villa San Giovanni, Domenico De Marco, solidale dopo l&#039;intimidazione a Siclari\" \/>\n<meta property=\"og:url\" content=\"https:\/\/progettotouring.it\/radiotouring104\/2022\/12\/31\/villa-san-giovanni-de-marco-sostiene-siclari\/\" \/>\n<meta property=\"og:site_name\" content=\"Radio Touring 104\" \/>\n<meta property=\"article:published_time\" content=\"2022-12-31T12:45:58+00:00\" \/>\n<meta property=\"article:modified_time\" content=\"2022-12-31T15:41:44+00:00\" \/>\n<meta property=\"og:image\" content=\"https:\/\/progettotouring.it\/radiotouring104\/wp-content\/uploads\/sites\/6\/2022\/12\/silclari.jpg\" \/>\n\t<meta property=\"og:image:width\" content=\"1033\" \/>\n\t<meta property=\"og:image:height\" content=\"897\" \/>\n\t<meta property=\"og:image:type\" content=\"image\/jpeg\" \/>\n<meta name=\"author\" content=\"Filippo Francesco Idone\" \/>\n<meta name=\"twitter:card\" content=\"summary_large_image\" \/>\n<meta name=\"twitter:label1\" content=\"Scritto da\" \/>\n\t<meta name=\"twitter:data1\" content=\"Filippo Francesco Idone\" \/>\n\t<meta name=\"twitter:label2\" content=\"Tempo di lettura stimato\" \/>\n\t<meta name=\"twitter:data2\" content=\"1 minuto\" \/>\n<script type=\"application\/ld+json\" class=\"yoast-schema-graph\">{\"@context\":\"https:\/\/schema.org\",\"@graph\":[{\"@type\":\"Article\",\"@id\":\"https:\/\/progettotouring.it\/radiotouring104\/2022\/12\/31\/villa-san-giovanni-de-marco-sostiene-siclari\/#article\",\"isPartOf\":{\"@id\":\"https:\/\/progettotouring.it\/radiotouring104\/2022\/12\/31\/villa-san-giovanni-de-marco-sostiene-siclari\/\"},\"author\":{\"name\":\"Filippo Francesco Idone\",\"@id\":\"https:\/\/progettotouring.it\/radiotouring104\/#\/schema\/person\/4a82259ca52ac8702ad1a8f9e5a3120b\"},\"headline\":\"Villa San Giovanni: De Marco sostiene Siclari\",\"datePublished\":\"2022-12-31T12:45:58+00:00\",\"dateModified\":\"2022-12-31T15:41:44+00:00\",\"mainEntityOfPage\":{\"@id\":\"https:\/\/progettotouring.it\/radiotouring104\/2022\/12\/31\/villa-san-giovanni-de-marco-sostiene-siclari\/\"},\"wordCount\":194,\"commentCount\":0,\"publisher\":{\"@id\":\"https:\/\/progettotouring.it\/radiotouring104\/#organization\"},\"image\":{\"@id\":\"https:\/\/progettotouring.it\/radiotouring104\/2022\/12\/31\/villa-san-giovanni-de-marco-sostiene-siclari\/#primaryimage\"},\"thumbnailUrl\":\"https:\/\/progettotouring.it\/radiotouring104\/wp-content\/uploads\/sites\/6\/2022\/12\/silclari.jpg\",\"keywords\":[\"de marco\",\"siclari\",\"villa san giovanni\"],\"articleSection\":[\"Home\",\"News\",\"Politica\",\"Reggio Calabria\"],\"inLanguage\":\"it-IT\",\"potentialAction\":[{\"@type\":\"CommentAction\",\"name\":\"Comment\",\"target\":[\"https:\/\/progettotouring.it\/radiotouring104\/2022\/12\/31\/villa-san-giovanni-de-marco-sostiene-siclari\/#respond\"]}]},{\"@type\":\"WebPage\",\"@id\":\"https:\/\/progettotouring.it\/radiotouring104\/2022\/12\/31\/villa-san-giovanni-de-marco-sostiene-siclari\/\",\"url\":\"https:\/\/progettotouring.it\/radiotouring104\/2022\/12\/31\/villa-san-giovanni-de-marco-sostiene-siclari\/\",\"name\":\"Villa San Giovanni: De Marco sostiene Siclari\",\"isPartOf\":{\"@id\":\"https:\/\/progettotouring.it\/radiotouring104\/#website\"},\"primaryImageOfPage\":{\"@id\":\"https:\/\/progettotouring.it\/radiotouring104\/2022\/12\/31\/villa-san-giovanni-de-marco-sostiene-siclari\/#primaryimage\"},\"image\":{\"@id\":\"https:\/\/progettotouring.it\/radiotouring104\/2022\/12\/31\/villa-san-giovanni-de-marco-sostiene-siclari\/#primaryimage\"},\"thumbnailUrl\":\"https:\/\/progettotouring.it\/radiotouring104\/wp-content\/uploads\/sites\/6\/2022\/12\/silclari.jpg\",\"datePublished\":\"2022-12-31T12:45:58+00:00\",\"dateModified\":\"2022-12-31T15:41:44+00:00\",\"description\":\"Il Vice Coordinatore Vicario di Forza Italia Villa San Giovanni, Domenico De Marco, solidale dopo l'intimidazione a Siclari\",\"breadcrumb\":{\"@id\":\"https:\/\/progettotouring.it\/radiotouring104\/2022\/12\/31\/villa-san-giovanni-de-marco-sostiene-siclari\/#breadcrumb\"},\"inLanguage\":\"it-IT\",\"potentialAction\":[{\"@type\":\"ReadAction\",\"target\":[\"https:\/\/progettotouring.it\/radiotouring104\/2022\/12\/31\/villa-san-giovanni-de-marco-sostiene-siclari\/\"]}]},{\"@type\":\"ImageObject\",\"inLanguage\":\"it-IT\",\"@id\":\"https:\/\/progettotouring.it\/radiotouring104\/2022\/12\/31\/villa-san-giovanni-de-marco-sostiene-siclari\/#primaryimage\",\"url\":\"https:\/\/progettotouring.it\/radiotouring104\/wp-content\/uploads\/sites\/6\/2022\/12\/silclari.jpg\",\"contentUrl\":\"https:\/\/progettotouring.it\/radiotouring104\/wp-content\/uploads\/sites\/6\/2022\/12\/silclari.jpg\",\"width\":1033,\"height\":897},{\"@type\":\"BreadcrumbList\",\"@id\":\"https:\/\/progettotouring.it\/radiotouring104\/2022\/12\/31\/villa-san-giovanni-de-marco-sostiene-siclari\/#breadcrumb\",\"itemListElement\":[{\"@type\":\"ListItem\",\"position\":1,\"name\":\"Home\",\"item\":\"https:\/\/progettotouring.it\/radiotouring104\/\"},{\"@type\":\"ListItem\",\"position\":2,\"name\":\"Villa San Giovanni: De Marco sostiene Siclari\"}]},{\"@type\":\"WebSite\",\"@id\":\"https:\/\/progettotouring.it\/radiotouring104\/#website\",\"url\":\"https:\/\/progettotouring.it\/radiotouring104\/\",\"name\":\"Radio Touring 104\",\"description\":\"La prima radio Reggina\",\"publisher\":{\"@id\":\"https:\/\/progettotouring.it\/radiotouring104\/#organization\"},\"potentialAction\":[{\"@type\":\"SearchAction\",\"target\":{\"@type\":\"EntryPoint\",\"urlTemplate\":\"https:\/\/progettotouring.it\/radiotouring104\/?s={search_term_string}\"},\"query-input\":{\"@type\":\"PropertyValueSpecification\",\"valueRequired\":true,\"valueName\":\"search_term_string\"}}],\"inLanguage\":\"it-IT\"},{\"@type\":\"Organization\",\"@id\":\"https:\/\/progettotouring.it\/radiotouring104\/#organization\",\"name\":\"Radio Touring 104\",\"url\":\"https:\/\/progettotouring.it\/radiotouring104\/\",\"logo\":{\"@type\":\"ImageObject\",\"inLanguage\":\"it-IT\",\"@id\":\"https:\/\/progettotouring.it\/radiotouring104\/#\/schema\/logo\/image\/\",\"url\":\"https:\/\/progettotouring.it\/radiotouring104\/wp-content\/uploads\/sites\/6\/2022\/02\/cropped-logo-radio-touring-104.png\",\"contentUrl\":\"https:\/\/progettotouring.it\/radiotouring104\/wp-content\/uploads\/sites\/6\/2022\/02\/cropped-logo-radio-touring-104.png\",\"width\":377,\"height\":182,\"caption\":\"Radio Touring 104\"},\"image\":{\"@id\":\"https:\/\/progettotouring.it\/radiotouring104\/#\/schema\/logo\/image\/\"}},{\"@type\":\"Person\",\"@id\":\"https:\/\/progettotouring.it\/radiotouring104\/#\/schema\/person\/4a82259ca52ac8702ad1a8f9e5a3120b\",\"name\":\"Filippo Francesco Idone\",\"image\":{\"@type\":\"ImageObject\",\"inLanguage\":\"it-IT\",\"@id\":\"https:\/\/secure.gravatar.com\/avatar\/7268715d2366395c3dd314385670e6484117d44f5c442e61e230f7008b7b62d3?s=96&d=mm&r=g\",\"url\":\"https:\/\/secure.gravatar.com\/avatar\/7268715d2366395c3dd314385670e6484117d44f5c442e61e230f7008b7b62d3?s=96&d=mm&r=g\",\"contentUrl\":\"https:\/\/secure.gravatar.com\/avatar\/7268715d2366395c3dd314385670e6484117d44f5c442e61e230f7008b7b62d3?s=96&d=mm&r=g\",\"caption\":\"Filippo Francesco Idone\"},\"url\":\"https:\/\/progettotouring.it\/radiotouring104\/author\/filippoidone\/\"}]}<\/script>\n<!-- \/ Yoast SEO plugin. -->","yoast_head_json":{"title":"Villa San Giovanni: De Marco sostiene Siclari","description":"Il Vice Coordinatore Vicario di Forza Italia Villa San Giovanni, Domenico De Marco, solidale dopo l'intimidazione a Siclari","robots":{"index":"index","follow":"follow","max-snippet":"max-snippet:-1","max-image-preview":"max-image-preview:large","max-video-preview":"max-video-preview:-1"},"canonical":"https:\/\/progettotouring.it\/radiotouring104\/2022\/12\/31\/villa-san-giovanni-de-marco-sostiene-siclari\/","og_locale":"it_IT","og_type":"article","og_title":"Villa San Giovanni: De Marco sostiene Siclari","og_description":"Il Vice Coordinatore Vicario di Forza Italia Villa San Giovanni, Domenico De Marco, solidale dopo l'intimidazione a Siclari","og_url":"https:\/\/progettotouring.it\/radiotouring104\/2022\/12\/31\/villa-san-giovanni-de-marco-sostiene-siclari\/","og_site_name":"Radio Touring 104","article_published_time":"2022-12-31T12:45:58+00:00","article_modified_time":"2022-12-31T15:41:44+00:00","og_image":[{"width":1033,"height":897,"url":"https:\/\/progettotouring.it\/radiotouring104\/wp-content\/uploads\/sites\/6\/2022\/12\/silclari.jpg","type":"image\/jpeg"}],"author":"Filippo Francesco Idone","twitter_card":"summary_large_image","twitter_misc":{"Scritto da":"Filippo Francesco Idone","Tempo di lettura stimato":"1 minuto"},"schema":{"@context":"https:\/\/schema.org","@graph":[{"@type":"Article","@id":"https:\/\/progettotouring.it\/radiotouring104\/2022\/12\/31\/villa-san-giovanni-de-marco-sostiene-siclari\/#article","isPartOf":{"@id":"https:\/\/progettotouring.it\/radiotouring104\/2022\/12\/31\/villa-san-giovanni-de-marco-sostiene-siclari\/"},"author":{"name":"Filippo Francesco Idone","@id":"https:\/\/progettotouring.it\/radiotouring104\/#\/schema\/person\/4a82259ca52ac8702ad1a8f9e5a3120b"},"headline":"Villa San Giovanni: De Marco sostiene Siclari","datePublished":"2022-12-31T12:45:58+00:00","dateModified":"2022-12-31T15:41:44+00:00","mainEntityOfPage":{"@id":"https:\/\/progettotouring.it\/radiotouring104\/2022\/12\/31\/villa-san-giovanni-de-marco-sostiene-siclari\/"},"wordCount":194,"commentCount":0,"publisher":{"@id":"https:\/\/progettotouring.it\/radiotouring104\/#organization"},"image":{"@id":"https:\/\/progettotouring.it\/radiotouring104\/2022\/12\/31\/villa-san-giovanni-de-marco-sostiene-siclari\/#primaryimage"},"thumbnailUrl":"https:\/\/progettotouring.it\/radiotouring104\/wp-content\/uploads\/sites\/6\/2022\/12\/silclari.jpg","keywords":["de marco","siclari","villa san giovanni"],"articleSection":["Home","News","Politica","Reggio Calabria"],"inLanguage":"it-IT","potentialAction":[{"@type":"CommentAction","name":"Comment","target":["https:\/\/progettotouring.it\/radiotouring104\/2022\/12\/31\/villa-san-giovanni-de-marco-sostiene-siclari\/#respond"]}]},{"@type":"WebPage","@id":"https:\/\/progettotouring.it\/radiotouring104\/2022\/12\/31\/villa-san-giovanni-de-marco-sostiene-siclari\/","url":"https:\/\/progettotouring.it\/radiotouring104\/2022\/12\/31\/villa-san-giovanni-de-marco-sostiene-siclari\/","name":"Villa San Giovanni: De Marco sostiene Siclari","isPartOf":{"@id":"https:\/\/progettotouring.it\/radiotouring104\/#website"},"primaryImageOfPage":{"@id":"https:\/\/progettotouring.it\/radiotouring104\/2022\/12\/31\/villa-san-giovanni-de-marco-sostiene-siclari\/#primaryimage"},"image":{"@id":"https:\/\/progettotouring.it\/radiotouring104\/2022\/12\/31\/villa-san-giovanni-de-marco-sostiene-siclari\/#primaryimage"},"thumbnailUrl":"https:\/\/progettotouring.it\/radiotouring104\/wp-content\/uploads\/sites\/6\/2022\/12\/silclari.jpg","datePublished":"2022-12-31T12:45:58+00:00","dateModified":"2022-12-31T15:41:44+00:00","description":"Il Vice Coordinatore Vicario di Forza Italia Villa San Giovanni, Domenico De Marco, solidale dopo l'intimidazione a Siclari","breadcrumb":{"@id":"https:\/\/progettotouring.it\/radiotouring104\/2022\/12\/31\/villa-san-giovanni-de-marco-sostiene-siclari\/#breadcrumb"},"inLanguage":"it-IT","potentialAction":[{"@type":"ReadAction","target":["https:\/\/progettotouring.it\/radiotouring104\/2022\/12\/31\/villa-san-giovanni-de-marco-sostiene-siclari\/"]}]},{"@type":"ImageObject","inLanguage":"it-IT","@id":"https:\/\/progettotouring.it\/radiotouring104\/2022\/12\/31\/villa-san-giovanni-de-marco-sostiene-siclari\/#primaryimage","url":"https:\/\/progettotouring.it\/radiotouring104\/wp-content\/uploads\/sites\/6\/2022\/12\/silclari.jpg","contentUrl":"https:\/\/progettotouring.it\/radiotouring104\/wp-content\/uploads\/sites\/6\/2022\/12\/silclari.jpg","width":1033,"height":897},{"@type":"BreadcrumbList","@id":"https:\/\/progettotouring.it\/radiotouring104\/2022\/12\/31\/villa-san-giovanni-de-marco-sostiene-siclari\/#breadcrumb","itemListElement":[{"@type":"ListItem","position":1,"name":"Home","item":"https:\/\/progettotouring.it\/radiotouring104\/"},{"@type":"ListItem","position":2,"name":"Villa San Giovanni: De Marco sostiene Siclari"}]},{"@type":"WebSite","@id":"https:\/\/progettotouring.it\/radiotouring104\/#website","url":"https:\/\/progettotouring.it\/radiotouring104\/","name":"Radio Touring 104","description":"La prima radio Reggina","publisher":{"@id":"https:\/\/progettotouring.it\/radiotouring104\/#organization"},"potentialAction":[{"@type":"SearchAction","target":{"@type":"EntryPoint","urlTemplate":"https:\/\/progettotouring.it\/radiotouring104\/?s={search_term_string}"},"query-input":{"@type":"PropertyValueSpecification","valueRequired":true,"valueName":"search_term_string"}}],"inLanguage":"it-IT"},{"@type":"Organization","@id":"https:\/\/progettotouring.it\/radiotouring104\/#organization","name":"Radio Touring 104","url":"https:\/\/progettotouring.it\/radiotouring104\/","logo":{"@type":"ImageObject","inLanguage":"it-IT","@id":"https:\/\/progettotouring.it\/radiotouring104\/#\/schema\/logo\/image\/","url":"https:\/\/progettotouring.it\/radiotouring104\/wp-content\/uploads\/sites\/6\/2022\/02\/cropped-logo-radio-touring-104.png","contentUrl":"https:\/\/progettotouring.it\/radiotouring104\/wp-content\/uploads\/sites\/6\/2022\/02\/cropped-logo-radio-touring-104.png","width":377,"height":182,"caption":"Radio Touring 104"},"image":{"@id":"https:\/\/progettotouring.it\/radiotouring104\/#\/schema\/logo\/image\/"}},{"@type":"Person","@id":"https:\/\/progettotouring.it\/radiotouring104\/#\/schema\/person\/4a82259ca52ac8702ad1a8f9e5a3120b","name":"Filippo Francesco Idone","image":{"@type":"ImageObject","inLanguage":"it-IT","@id":"https:\/\/secure.gravatar.com\/avatar\/7268715d2366395c3dd314385670e6484117d44f5c442e61e230f7008b7b62d3?s=96&d=mm&r=g","url":"https:\/\/secure.gravatar.com\/avatar\/7268715d2366395c3dd314385670e6484117d44f5c442e61e230f7008b7b62d3?s=96&d=mm&r=g","contentUrl":"https:\/\/secure.gravatar.com\/avatar\/7268715d2366395c3dd314385670e6484117d44f5c442e61e230f7008b7b62d3?s=96&d=mm&r=g","caption":"Filippo Francesco Idone"},"url":"https:\/\/progettotouring.it\/radiotouring104\/author\/filippoidone\/"}]}},"jetpack_publicize_connections":[],"jetpack_featured_media_url":"https:\/\/progettotouring.it\/radiotouring104\/wp-content\/uploads\/sites\/6\/2022\/12\/silclari.jpg","jetpack_sharing_enabled":true,"_links":{"self":[{"href":"https:\/\/progettotouring.it\/radiotouring104\/wp-json\/wp\/v2\/posts\/15935","targetHints":{"allow":["GET"]}}],"collection":[{"href":"https:\/\/progettotouring.it\/radiotouring104\/wp-json\/wp\/v2\/posts"}],"about":[{"href":"https:\/\/progettotouring.it\/radiotouring104\/wp-json\/wp\/v2\/types\/post"}],"author":[{"embeddable":true,"href":"https:\/\/progettotouring.it\/radiotouring104\/wp-json\/wp\/v2\/users\/8"}],"replies":[{"embeddable":true,"href":"https:\/\/progettotouring.it\/radiotouring104\/wp-json\/wp\/v2\/comments?post=15935"}],"version-history":[{"count":1,"href":"https:\/\/progettotouring.it\/radiotouring104\/wp-json\/wp\/v2\/posts\/15935\/revisions"}],"predecessor-version":[{"id":15937,"href":"https:\/\/progettotouring.it\/radiotouring104\/wp-json\/wp\/v2\/posts\/15935\/revisions\/15937"}],"wp:featuredmedia":[{"embeddable":true,"href":"https:\/\/progettotouring.it\/radiotouring104\/wp-json\/wp\/v2\/media\/15936"}],"wp:attachment":[{"href":"https:\/\/progettotouring.it\/radiotouring104\/wp-json\/wp\/v2\/media?parent=15935"}],"wp:term":[{"taxonomy":"category","embeddable":true,"href":"https:\/\/progettotouring.it\/radiotouring104\/wp-json\/wp\/v2\/categories?post=15935"},{"taxonomy":"post_tag","embeddable":true,"href":"https:\/\/progettotouring.it\/radiotouring104\/wp-json\/wp\/v2\/tags?post=15935"}],"curies":[{"name":"wp","href":"https:\/\/api.w.org\/{rel}","templated":true}]}}