{"id":16266,"date":"2023-01-09T09:50:40","date_gmt":"2023-01-09T08:50:40","guid":{"rendered":"https:\/\/progettotouring.it\/radiotouring104\/?p=16266"},"modified":"2023-01-09T09:58:26","modified_gmt":"2023-01-09T08:58:26","slug":"cordoglio-di-mancuso-e-di-marziale-per-la-scomparsa-di-valentina","status":"publish","type":"post","link":"https:\/\/progettotouring.it\/radiotouring104\/2023\/01\/09\/cordoglio-di-mancuso-e-di-marziale-per-la-scomparsa-di-valentina\/","title":{"rendered":"Cordoglio di Mancuso e di Marziale per la scomparsa di Valentina"},"content":{"rendered":"<p>\u201cEsprimo alla famiglia di Valentina la mia pi\u00f9 sincera vicinanza\u201d: \u00e8 quanto dichiara Antonio Marziale, Garante per l\u2019Infanzia e l\u2019Adolescenza della Regione Calabria, in relazione alla morte della bimba di 10 anni a Bagnara Calabra in seguito ad un incidente stradale.<\/p>\n<p>\u201cQuando muore un bambino \u2013 prosegue Marziale \u2013 la terra \u00e8 pi\u00f9 povera, perch\u00e9 i bambini sono la ricchezza assoluta, sono il bene pi\u00f9 prezioso e rappresentano la speranza di giorni migliori. Quando smette di battere un cuore cos\u00ec piccolo la comunit\u00e0 d\u2019intorno \u00e8 assalita da un senso di vuoto e smarrimento ed io spero che i genitori possano trovare la forza di reagire a cos\u00ec immane dolore sentendoci emotivamente tutti accanto\u201d.<\/p>\n<p>Il Garante riporta anche i sentimenti del Presidente del Consiglio Regionale, Filippo Mancuso: \u201cChe mi ha incaricato di rivolgere anche a nome proprio e dei consiglieri le condoglianze alla famiglia ed alla comunit\u00e0 della bambina\u201d.<\/p>\n<p>&nbsp;<\/p>\n","protected":false},"excerpt":{"rendered":"<p>\u201cEsprimo alla famiglia di Valentina la mia pi\u00f9 sincera vicinanza\u201d: \u00e8 quanto dichiara Antonio Marziale, Garante per l\u2019Infanzia e l\u2019Adolescenza della Regione Calabria, in relazione alla morte della bimba di&hellip;<\/p>\n","protected":false},"author":12,"featured_media":16019,"comment_status":"open","ping_status":"open","sticky":false,"template":"","format":"standard","meta":{"_jetpack_memberships_contains_paid_content":false,"footnotes":"","jetpack_publicize_message":"","jetpack_publicize_feature_enabled":true,"jetpack_social_post_already_shared":false,"jetpack_social_options":{"image_generator_settings":{"template":"highway","default_image_id":0,"font":"","enabled":false},"version":2}},"categories":[921,196,140],"tags":[5345,8124,594,8125],"class_list":["post-16266","post","type-post","status-publish","format-standard","has-post-thumbnail","hentry","category-home","category-news","category-reggio-calabria","tag-antonio-marziale","tag-cordoglio-alla-famiglia","tag-filippo-mancuso","tag-tragico-incidente-stradale"],"yoast_head":"<!-- This site is optimized with the Yoast SEO plugin v27.2 - https:\/\/yoast.com\/product\/yoast-seo-wordpress\/ -->\n<title>Cordoglio di Mancuso e di Marziale per la scomparsa di Valentina<\/title>\n<meta name=\"description\" content=\"Il cordoglio del Presidente Mancuso e del Garante Marziale per la scomparsa di Valentina, in un tragico incidente stradale.\" \/>\n<meta name=\"robots\" content=\"index, follow, max-snippet:-1, max-image-preview:large, max-video-preview:-1\" \/>\n<link rel=\"canonical\" href=\"https:\/\/progettotouring.it\/radiotouring104\/2023\/01\/09\/cordoglio-di-mancuso-e-di-marziale-per-la-scomparsa-di-valentina\/\" \/>\n<meta property=\"og:locale\" content=\"it_IT\" \/>\n<meta property=\"og:type\" content=\"article\" \/>\n<meta property=\"og:title\" content=\"Cordoglio di Mancuso e di Marziale per la scomparsa di Valentina\" \/>\n<meta property=\"og:description\" content=\"Il cordoglio del Presidente Mancuso e del Garante Marziale per la scomparsa di Valentina, in un tragico incidente stradale.\" \/>\n<meta property=\"og:url\" content=\"https:\/\/progettotouring.it\/radiotouring104\/2023\/01\/09\/cordoglio-di-mancuso-e-di-marziale-per-la-scomparsa-di-valentina\/\" \/>\n<meta property=\"og:site_name\" content=\"Radio Touring 104\" \/>\n<meta property=\"article:published_time\" content=\"2023-01-09T08:50:40+00:00\" \/>\n<meta property=\"article:modified_time\" content=\"2023-01-09T08:58:26+00:00\" \/>\n<meta property=\"og:image\" content=\"https:\/\/progettotouring.it\/radiotouring104\/wp-content\/uploads\/sites\/6\/2023\/01\/Antonio-Marziale.jpg\" \/>\n\t<meta property=\"og:image:width\" content=\"818\" \/>\n\t<meta property=\"og:image:height\" content=\"818\" \/>\n\t<meta property=\"og:image:type\" content=\"image\/jpeg\" \/>\n<meta name=\"author\" content=\"Sebastiano Plutino\" \/>\n<meta name=\"twitter:card\" content=\"summary_large_image\" \/>\n<meta name=\"twitter:label1\" content=\"Scritto da\" \/>\n\t<meta name=\"twitter:data1\" content=\"Sebastiano Plutino\" \/>\n\t<meta name=\"twitter:label2\" content=\"Tempo di lettura stimato\" \/>\n\t<meta name=\"twitter:data2\" content=\"1 minuto\" \/>\n<script type=\"application\/ld+json\" class=\"yoast-schema-graph\">{\"@context\":\"https:\/\/schema.org\",\"@graph\":[{\"@type\":\"Article\",\"@id\":\"https:\/\/progettotouring.it\/radiotouring104\/2023\/01\/09\/cordoglio-di-mancuso-e-di-marziale-per-la-scomparsa-di-valentina\/#article\",\"isPartOf\":{\"@id\":\"https:\/\/progettotouring.it\/radiotouring104\/2023\/01\/09\/cordoglio-di-mancuso-e-di-marziale-per-la-scomparsa-di-valentina\/\"},\"author\":{\"name\":\"Sebastiano Plutino\",\"@id\":\"https:\/\/progettotouring.it\/radiotouring104\/#\/schema\/person\/78613917f1851f041f7483f5af1d422e\"},\"headline\":\"Cordoglio di Mancuso e di Marziale per la scomparsa di Valentina\",\"datePublished\":\"2023-01-09T08:50:40+00:00\",\"dateModified\":\"2023-01-09T08:58:26+00:00\",\"mainEntityOfPage\":{\"@id\":\"https:\/\/progettotouring.it\/radiotouring104\/2023\/01\/09\/cordoglio-di-mancuso-e-di-marziale-per-la-scomparsa-di-valentina\/\"},\"wordCount\":157,\"commentCount\":0,\"publisher\":{\"@id\":\"https:\/\/progettotouring.it\/radiotouring104\/#organization\"},\"image\":{\"@id\":\"https:\/\/progettotouring.it\/radiotouring104\/2023\/01\/09\/cordoglio-di-mancuso-e-di-marziale-per-la-scomparsa-di-valentina\/#primaryimage\"},\"thumbnailUrl\":\"https:\/\/progettotouring.it\/radiotouring104\/wp-content\/uploads\/sites\/6\/2023\/01\/Antonio-Marziale.jpg\",\"keywords\":[\"Antonio Marziale\",\"cordoglio alla famiglia\",\"Filippo Mancuso\",\"tragico incidente stradale\"],\"articleSection\":[\"Home\",\"News\",\"Reggio Calabria\"],\"inLanguage\":\"it-IT\",\"potentialAction\":[{\"@type\":\"CommentAction\",\"name\":\"Comment\",\"target\":[\"https:\/\/progettotouring.it\/radiotouring104\/2023\/01\/09\/cordoglio-di-mancuso-e-di-marziale-per-la-scomparsa-di-valentina\/#respond\"]}]},{\"@type\":\"WebPage\",\"@id\":\"https:\/\/progettotouring.it\/radiotouring104\/2023\/01\/09\/cordoglio-di-mancuso-e-di-marziale-per-la-scomparsa-di-valentina\/\",\"url\":\"https:\/\/progettotouring.it\/radiotouring104\/2023\/01\/09\/cordoglio-di-mancuso-e-di-marziale-per-la-scomparsa-di-valentina\/\",\"name\":\"Cordoglio di Mancuso e di Marziale per la scomparsa di Valentina\",\"isPartOf\":{\"@id\":\"https:\/\/progettotouring.it\/radiotouring104\/#website\"},\"primaryImageOfPage\":{\"@id\":\"https:\/\/progettotouring.it\/radiotouring104\/2023\/01\/09\/cordoglio-di-mancuso-e-di-marziale-per-la-scomparsa-di-valentina\/#primaryimage\"},\"image\":{\"@id\":\"https:\/\/progettotouring.it\/radiotouring104\/2023\/01\/09\/cordoglio-di-mancuso-e-di-marziale-per-la-scomparsa-di-valentina\/#primaryimage\"},\"thumbnailUrl\":\"https:\/\/progettotouring.it\/radiotouring104\/wp-content\/uploads\/sites\/6\/2023\/01\/Antonio-Marziale.jpg\",\"datePublished\":\"2023-01-09T08:50:40+00:00\",\"dateModified\":\"2023-01-09T08:58:26+00:00\",\"description\":\"Il cordoglio del Presidente Mancuso e del Garante Marziale per la scomparsa di Valentina, in un tragico incidente stradale.\",\"breadcrumb\":{\"@id\":\"https:\/\/progettotouring.it\/radiotouring104\/2023\/01\/09\/cordoglio-di-mancuso-e-di-marziale-per-la-scomparsa-di-valentina\/#breadcrumb\"},\"inLanguage\":\"it-IT\",\"potentialAction\":[{\"@type\":\"ReadAction\",\"target\":[\"https:\/\/progettotouring.it\/radiotouring104\/2023\/01\/09\/cordoglio-di-mancuso-e-di-marziale-per-la-scomparsa-di-valentina\/\"]}]},{\"@type\":\"ImageObject\",\"inLanguage\":\"it-IT\",\"@id\":\"https:\/\/progettotouring.it\/radiotouring104\/2023\/01\/09\/cordoglio-di-mancuso-e-di-marziale-per-la-scomparsa-di-valentina\/#primaryimage\",\"url\":\"https:\/\/progettotouring.it\/radiotouring104\/wp-content\/uploads\/sites\/6\/2023\/01\/Antonio-Marziale.jpg\",\"contentUrl\":\"https:\/\/progettotouring.it\/radiotouring104\/wp-content\/uploads\/sites\/6\/2023\/01\/Antonio-Marziale.jpg\",\"width\":818,\"height\":818},{\"@type\":\"BreadcrumbList\",\"@id\":\"https:\/\/progettotouring.it\/radiotouring104\/2023\/01\/09\/cordoglio-di-mancuso-e-di-marziale-per-la-scomparsa-di-valentina\/#breadcrumb\",\"itemListElement\":[{\"@type\":\"ListItem\",\"position\":1,\"name\":\"Home\",\"item\":\"https:\/\/progettotouring.it\/radiotouring104\/\"},{\"@type\":\"ListItem\",\"position\":2,\"name\":\"Cordoglio di Mancuso e di Marziale per la scomparsa di Valentina\"}]},{\"@type\":\"WebSite\",\"@id\":\"https:\/\/progettotouring.it\/radiotouring104\/#website\",\"url\":\"https:\/\/progettotouring.it\/radiotouring104\/\",\"name\":\"Radio Touring 104\",\"description\":\"La prima radio Reggina\",\"publisher\":{\"@id\":\"https:\/\/progettotouring.it\/radiotouring104\/#organization\"},\"potentialAction\":[{\"@type\":\"SearchAction\",\"target\":{\"@type\":\"EntryPoint\",\"urlTemplate\":\"https:\/\/progettotouring.it\/radiotouring104\/?s={search_term_string}\"},\"query-input\":{\"@type\":\"PropertyValueSpecification\",\"valueRequired\":true,\"valueName\":\"search_term_string\"}}],\"inLanguage\":\"it-IT\"},{\"@type\":\"Organization\",\"@id\":\"https:\/\/progettotouring.it\/radiotouring104\/#organization\",\"name\":\"Radio Touring 104\",\"url\":\"https:\/\/progettotouring.it\/radiotouring104\/\",\"logo\":{\"@type\":\"ImageObject\",\"inLanguage\":\"it-IT\",\"@id\":\"https:\/\/progettotouring.it\/radiotouring104\/#\/schema\/logo\/image\/\",\"url\":\"https:\/\/progettotouring.it\/radiotouring104\/wp-content\/uploads\/sites\/6\/2022\/02\/cropped-logo-radio-touring-104.png\",\"contentUrl\":\"https:\/\/progettotouring.it\/radiotouring104\/wp-content\/uploads\/sites\/6\/2022\/02\/cropped-logo-radio-touring-104.png\",\"width\":377,\"height\":182,\"caption\":\"Radio Touring 104\"},\"image\":{\"@id\":\"https:\/\/progettotouring.it\/radiotouring104\/#\/schema\/logo\/image\/\"}},{\"@type\":\"Person\",\"@id\":\"https:\/\/progettotouring.it\/radiotouring104\/#\/schema\/person\/78613917f1851f041f7483f5af1d422e\",\"name\":\"Sebastiano Plutino\",\"image\":{\"@type\":\"ImageObject\",\"inLanguage\":\"it-IT\",\"@id\":\"https:\/\/secure.gravatar.com\/avatar\/0546ffaa9b79224faf9f2a156b67a529ae861d3287c66c1d8ccfdf909bcba78d?s=96&d=mm&r=g\",\"url\":\"https:\/\/secure.gravatar.com\/avatar\/0546ffaa9b79224faf9f2a156b67a529ae861d3287c66c1d8ccfdf909bcba78d?s=96&d=mm&r=g\",\"contentUrl\":\"https:\/\/secure.gravatar.com\/avatar\/0546ffaa9b79224faf9f2a156b67a529ae861d3287c66c1d8ccfdf909bcba78d?s=96&d=mm&r=g\",\"caption\":\"Sebastiano Plutino\"},\"url\":\"https:\/\/progettotouring.it\/radiotouring104\/author\/sebastiano\/\"}]}<\/script>\n<!-- \/ Yoast SEO plugin. -->","yoast_head_json":{"title":"Cordoglio di Mancuso e di Marziale per la scomparsa di Valentina","description":"Il cordoglio del Presidente Mancuso e del Garante Marziale per la scomparsa di Valentina, in un tragico incidente stradale.","robots":{"index":"index","follow":"follow","max-snippet":"max-snippet:-1","max-image-preview":"max-image-preview:large","max-video-preview":"max-video-preview:-1"},"canonical":"https:\/\/progettotouring.it\/radiotouring104\/2023\/01\/09\/cordoglio-di-mancuso-e-di-marziale-per-la-scomparsa-di-valentina\/","og_locale":"it_IT","og_type":"article","og_title":"Cordoglio di Mancuso e di Marziale per la scomparsa di Valentina","og_description":"Il cordoglio del Presidente Mancuso e del Garante Marziale per la scomparsa di Valentina, in un tragico incidente stradale.","og_url":"https:\/\/progettotouring.it\/radiotouring104\/2023\/01\/09\/cordoglio-di-mancuso-e-di-marziale-per-la-scomparsa-di-valentina\/","og_site_name":"Radio Touring 104","article_published_time":"2023-01-09T08:50:40+00:00","article_modified_time":"2023-01-09T08:58:26+00:00","og_image":[{"width":818,"height":818,"url":"https:\/\/progettotouring.it\/radiotouring104\/wp-content\/uploads\/sites\/6\/2023\/01\/Antonio-Marziale.jpg","type":"image\/jpeg"}],"author":"Sebastiano Plutino","twitter_card":"summary_large_image","twitter_misc":{"Scritto da":"Sebastiano Plutino","Tempo di lettura stimato":"1 minuto"},"schema":{"@context":"https:\/\/schema.org","@graph":[{"@type":"Article","@id":"https:\/\/progettotouring.it\/radiotouring104\/2023\/01\/09\/cordoglio-di-mancuso-e-di-marziale-per-la-scomparsa-di-valentina\/#article","isPartOf":{"@id":"https:\/\/progettotouring.it\/radiotouring104\/2023\/01\/09\/cordoglio-di-mancuso-e-di-marziale-per-la-scomparsa-di-valentina\/"},"author":{"name":"Sebastiano Plutino","@id":"https:\/\/progettotouring.it\/radiotouring104\/#\/schema\/person\/78613917f1851f041f7483f5af1d422e"},"headline":"Cordoglio di Mancuso e di Marziale per la scomparsa di Valentina","datePublished":"2023-01-09T08:50:40+00:00","dateModified":"2023-01-09T08:58:26+00:00","mainEntityOfPage":{"@id":"https:\/\/progettotouring.it\/radiotouring104\/2023\/01\/09\/cordoglio-di-mancuso-e-di-marziale-per-la-scomparsa-di-valentina\/"},"wordCount":157,"commentCount":0,"publisher":{"@id":"https:\/\/progettotouring.it\/radiotouring104\/#organization"},"image":{"@id":"https:\/\/progettotouring.it\/radiotouring104\/2023\/01\/09\/cordoglio-di-mancuso-e-di-marziale-per-la-scomparsa-di-valentina\/#primaryimage"},"thumbnailUrl":"https:\/\/progettotouring.it\/radiotouring104\/wp-content\/uploads\/sites\/6\/2023\/01\/Antonio-Marziale.jpg","keywords":["Antonio Marziale","cordoglio alla famiglia","Filippo Mancuso","tragico incidente stradale"],"articleSection":["Home","News","Reggio Calabria"],"inLanguage":"it-IT","potentialAction":[{"@type":"CommentAction","name":"Comment","target":["https:\/\/progettotouring.it\/radiotouring104\/2023\/01\/09\/cordoglio-di-mancuso-e-di-marziale-per-la-scomparsa-di-valentina\/#respond"]}]},{"@type":"WebPage","@id":"https:\/\/progettotouring.it\/radiotouring104\/2023\/01\/09\/cordoglio-di-mancuso-e-di-marziale-per-la-scomparsa-di-valentina\/","url":"https:\/\/progettotouring.it\/radiotouring104\/2023\/01\/09\/cordoglio-di-mancuso-e-di-marziale-per-la-scomparsa-di-valentina\/","name":"Cordoglio di Mancuso e di Marziale per la scomparsa di Valentina","isPartOf":{"@id":"https:\/\/progettotouring.it\/radiotouring104\/#website"},"primaryImageOfPage":{"@id":"https:\/\/progettotouring.it\/radiotouring104\/2023\/01\/09\/cordoglio-di-mancuso-e-di-marziale-per-la-scomparsa-di-valentina\/#primaryimage"},"image":{"@id":"https:\/\/progettotouring.it\/radiotouring104\/2023\/01\/09\/cordoglio-di-mancuso-e-di-marziale-per-la-scomparsa-di-valentina\/#primaryimage"},"thumbnailUrl":"https:\/\/progettotouring.it\/radiotouring104\/wp-content\/uploads\/sites\/6\/2023\/01\/Antonio-Marziale.jpg","datePublished":"2023-01-09T08:50:40+00:00","dateModified":"2023-01-09T08:58:26+00:00","description":"Il cordoglio del Presidente Mancuso e del Garante Marziale per la scomparsa di Valentina, in un tragico incidente stradale.","breadcrumb":{"@id":"https:\/\/progettotouring.it\/radiotouring104\/2023\/01\/09\/cordoglio-di-mancuso-e-di-marziale-per-la-scomparsa-di-valentina\/#breadcrumb"},"inLanguage":"it-IT","potentialAction":[{"@type":"ReadAction","target":["https:\/\/progettotouring.it\/radiotouring104\/2023\/01\/09\/cordoglio-di-mancuso-e-di-marziale-per-la-scomparsa-di-valentina\/"]}]},{"@type":"ImageObject","inLanguage":"it-IT","@id":"https:\/\/progettotouring.it\/radiotouring104\/2023\/01\/09\/cordoglio-di-mancuso-e-di-marziale-per-la-scomparsa-di-valentina\/#primaryimage","url":"https:\/\/progettotouring.it\/radiotouring104\/wp-content\/uploads\/sites\/6\/2023\/01\/Antonio-Marziale.jpg","contentUrl":"https:\/\/progettotouring.it\/radiotouring104\/wp-content\/uploads\/sites\/6\/2023\/01\/Antonio-Marziale.jpg","width":818,"height":818},{"@type":"BreadcrumbList","@id":"https:\/\/progettotouring.it\/radiotouring104\/2023\/01\/09\/cordoglio-di-mancuso-e-di-marziale-per-la-scomparsa-di-valentina\/#breadcrumb","itemListElement":[{"@type":"ListItem","position":1,"name":"Home","item":"https:\/\/progettotouring.it\/radiotouring104\/"},{"@type":"ListItem","position":2,"name":"Cordoglio di Mancuso e di Marziale per la scomparsa di Valentina"}]},{"@type":"WebSite","@id":"https:\/\/progettotouring.it\/radiotouring104\/#website","url":"https:\/\/progettotouring.it\/radiotouring104\/","name":"Radio Touring 104","description":"La prima radio Reggina","publisher":{"@id":"https:\/\/progettotouring.it\/radiotouring104\/#organization"},"potentialAction":[{"@type":"SearchAction","target":{"@type":"EntryPoint","urlTemplate":"https:\/\/progettotouring.it\/radiotouring104\/?s={search_term_string}"},"query-input":{"@type":"PropertyValueSpecification","valueRequired":true,"valueName":"search_term_string"}}],"inLanguage":"it-IT"},{"@type":"Organization","@id":"https:\/\/progettotouring.it\/radiotouring104\/#organization","name":"Radio Touring 104","url":"https:\/\/progettotouring.it\/radiotouring104\/","logo":{"@type":"ImageObject","inLanguage":"it-IT","@id":"https:\/\/progettotouring.it\/radiotouring104\/#\/schema\/logo\/image\/","url":"https:\/\/progettotouring.it\/radiotouring104\/wp-content\/uploads\/sites\/6\/2022\/02\/cropped-logo-radio-touring-104.png","contentUrl":"https:\/\/progettotouring.it\/radiotouring104\/wp-content\/uploads\/sites\/6\/2022\/02\/cropped-logo-radio-touring-104.png","width":377,"height":182,"caption":"Radio Touring 104"},"image":{"@id":"https:\/\/progettotouring.it\/radiotouring104\/#\/schema\/logo\/image\/"}},{"@type":"Person","@id":"https:\/\/progettotouring.it\/radiotouring104\/#\/schema\/person\/78613917f1851f041f7483f5af1d422e","name":"Sebastiano Plutino","image":{"@type":"ImageObject","inLanguage":"it-IT","@id":"https:\/\/secure.gravatar.com\/avatar\/0546ffaa9b79224faf9f2a156b67a529ae861d3287c66c1d8ccfdf909bcba78d?s=96&d=mm&r=g","url":"https:\/\/secure.gravatar.com\/avatar\/0546ffaa9b79224faf9f2a156b67a529ae861d3287c66c1d8ccfdf909bcba78d?s=96&d=mm&r=g","contentUrl":"https:\/\/secure.gravatar.com\/avatar\/0546ffaa9b79224faf9f2a156b67a529ae861d3287c66c1d8ccfdf909bcba78d?s=96&d=mm&r=g","caption":"Sebastiano Plutino"},"url":"https:\/\/progettotouring.it\/radiotouring104\/author\/sebastiano\/"}]}},"jetpack_publicize_connections":[],"jetpack_featured_media_url":"https:\/\/progettotouring.it\/radiotouring104\/wp-content\/uploads\/sites\/6\/2023\/01\/Antonio-Marziale.jpg","jetpack_sharing_enabled":true,"_links":{"self":[{"href":"https:\/\/progettotouring.it\/radiotouring104\/wp-json\/wp\/v2\/posts\/16266","targetHints":{"allow":["GET"]}}],"collection":[{"href":"https:\/\/progettotouring.it\/radiotouring104\/wp-json\/wp\/v2\/posts"}],"about":[{"href":"https:\/\/progettotouring.it\/radiotouring104\/wp-json\/wp\/v2\/types\/post"}],"author":[{"embeddable":true,"href":"https:\/\/progettotouring.it\/radiotouring104\/wp-json\/wp\/v2\/users\/12"}],"replies":[{"embeddable":true,"href":"https:\/\/progettotouring.it\/radiotouring104\/wp-json\/wp\/v2\/comments?post=16266"}],"version-history":[{"count":1,"href":"https:\/\/progettotouring.it\/radiotouring104\/wp-json\/wp\/v2\/posts\/16266\/revisions"}],"predecessor-version":[{"id":16267,"href":"https:\/\/progettotouring.it\/radiotouring104\/wp-json\/wp\/v2\/posts\/16266\/revisions\/16267"}],"wp:featuredmedia":[{"embeddable":true,"href":"https:\/\/progettotouring.it\/radiotouring104\/wp-json\/wp\/v2\/media\/16019"}],"wp:attachment":[{"href":"https:\/\/progettotouring.it\/radiotouring104\/wp-json\/wp\/v2\/media?parent=16266"}],"wp:term":[{"taxonomy":"category","embeddable":true,"href":"https:\/\/progettotouring.it\/radiotouring104\/wp-json\/wp\/v2\/categories?post=16266"},{"taxonomy":"post_tag","embeddable":true,"href":"https:\/\/progettotouring.it\/radiotouring104\/wp-json\/wp\/v2\/tags?post=16266"}],"curies":[{"name":"wp","href":"https:\/\/api.w.org\/{rel}","templated":true}]}}